{"id":4394,"date":"2020-03-08T19:24:34","date_gmt":"2020-03-08T18:24:34","guid":{"rendered":"https:\/\/bruxelles-pantheres.be\/?p=4394"},"modified":"2020-03-08T19:28:55","modified_gmt":"2020-03-08T18:28:55","slug":"contre-le-racisme-detat-et-les-violences-policieres-2","status":"publish","type":"post","link":"https:\/\/bruxelles-pantheres.be\/?p=4394","title":{"rendered":"Contre le racisme d\u2019\u00c9tat et les violences polici\u00e8res"},"content":{"rendered":"<figure id=\"attachment_3201\" aria-describedby=\"caption-attachment-3201\" style=\"width: 668px\" class=\"wp-caption aligncenter\"><a href=\"https:\/\/bruxelles-pantheres.be\/wp-content\/uploads\/2017\/03\/16649376_1189303187831722_832618022421858463_n.jpg\"><img decoding=\"async\" class=\"size-full wp-image-3201\" src=\"https:\/\/bruxelles-pantheres.be\/wp-content\/uploads\/2017\/03\/16649376_1189303187831722_832618022421858463_n.jpg\" alt=\"\" width=\"678\" height=\"960\" srcset=\"https:\/\/bruxelles-pantheres.be\/wp-content\/uploads\/2017\/03\/16649376_1189303187831722_832618022421858463_n.jpg 678w, https:\/\/bruxelles-pantheres.be\/wp-content\/uploads\/2017\/03\/16649376_1189303187831722_832618022421858463_n-212x300.jpg 212w\" sizes=\"(max-width: 678px) 100vw, 678px\" \/><\/a><figcaption id=\"caption-attachment-3201\" class=\"wp-caption-text\">Contribution de Manu Scordia pour Bruxelles Panth\u00e8res<br \/>http:\/\/manu-scordia.blogspot.com\/<\/figcaption><\/figure>\n<h4 id=\"seo_h1_tag\" class=\"_5gmx\" style=\"text-align: center;\" data-testid=\"event-permalink-event-name\">Rassemblement &#8211; Contre le racisme d\u2019\u00c9tat et les violences polici\u00e8res<\/h4>\n<h4><strong>Dimanche 15 mars 2020 de 11:00 \u00e0 13:00 <\/strong><\/h4>\n<h4><strong>Avenue de Stalingrad, 1000 Bruxelles, Belgique<\/strong><\/h4>\n<h4><strong>( Au niveau du M\u00e9gaphone )<\/strong><\/h4>\n<p>Dans un contexte o\u00f9 les violences polici\u00e8res, d\u2019abord principalement exerc\u00e9es dans les quartiers populaires, s\u2019\u00e9tendent de plus en plus \u00e0 toute la soci\u00e9t\u00e9,Dans un contexte o\u00f9 le racisme progresse,Islamophobie, N\u00e9grophobie, Racisme de la part de la police, chasse aux migrant\u00b7e\u00b7s, traque des sans-papiers, r\u00e9pression des mouvements populaires, fichage g\u00e9n\u00e9ralis\u00e9&#8230; Il est plus qu\u2019urgent de s\u2019organiser et de d\u00e9noncer les logiques racistes et s\u00e9curitaires.Nous amazighs, noir.e.s, arabes, musulman.e.s, migrant.e.s des quartiers populaires de Bruxelles appelons \u00e0 un rassemblement pour d\u00e9noncer la recrudescence des violences polici\u00e8res dont nous sommes victimes au quotidien. Parce qu&rsquo;\u00e0 travers le monde, nous sommes de plus en plus la cible d&rsquo;une r\u00e9pression qui s&rsquo;abat \u00e0 l&rsquo;aveugle sur toutes les voix dissidentes, nous appelons, dans le cadre de cette journ\u00e9e internationale contre les violences polici\u00e8res, toutes les personnes, groupes, vis\u00e9.e.s par la r\u00e9pression, du Sud, comme du Nord, \u00e0 rejoindre le rassemblement pour dire STOP A LA REPRESSION ! <!--more--><\/p>\n<p>&nbsp;<\/p>\n<p>(NL- ENG below)<\/p>\n<p>Nous amazighs, noir.e.s, arabes, musulman.e.s, migrant.e.s des quartiers populaires de Bruxelles appelons \u00e0 48h de mobilisation pour d\u00e9noncer la recrudescence des violences polici\u00e8res dont nous sommes victimes au quotidien.Depuis des g\u00e9n\u00e9rations nous h\u00e9ritons de cette violence coloniale qui se mat\u00e9rialise par : le bouclage des quartiers, les contr\u00f4les au faci\u00e8s, les fouilles au corps, les courses-poursuites, tout cela amenant \u00e0 la cr\u00e9ation d\u2019une politique polici\u00e8re mortif\u00e8re. Car disons le clairement, le plan Canal destin\u00e9 au confinement des quartiers populaires tout comme le plan Medusa destin\u00e9 \u00e0 la traque des migrants sont des dispositifs qui permettent \u00e0 cette politique mortif\u00e8re d\u2019exister.Rappelons nous la mort de Mawda, petite fille kurde \u00e2g\u00e9e de 2 ans, d\u00e9c\u00e9d\u00e9e des suites d\u2019un tir policier. Comment expliquer aux parents de cette petite fille que l\u2019auteur de ce tir \u00e0 balle r\u00e9elle risque de ne jamais \u00eatre consid\u00e9r\u00e9 comme un assassin ?Aujourd\u2019hui les migran.e.s tout comme les jeunes de l\u2019immigration sont plac\u00e9.e.s dans des situations de survie inhumaine. Elles, ils luttent pour le droit \u00e0 une vie digne. Une lutte dont l\u2019enjeu principal consiste \u00e0 faire reconna\u00eetre leur droit \u00e0 \u00eatre consid\u00e9r\u00e9 avant tout comme des \u00eatres humains. Une lutte d\u2019o\u00f9 en r\u00e9alit\u00e9 ne jaillit que des r\u00e9cits de vies marqu\u00e9s par la mort de soeurs, de fr\u00e8res, de femmes, de maris. Rappelez-vous des noms des vies vol\u00e9es de : Mawda Shawri, Mehdi Bouda, Semira Adamu, Zineb Redouane, Soulaimane, Dieu-merci Kanda, Marielle Franco, Ziyed et Bouna, Amine Bentounsi, Adama Traor\u00e9.Port\u00e9s par leurs esprits, nous descendants de Abdelkrim El Khattabi, Patrice Lumumba, Omar El Mokhtar, et fier de lutter aux c\u00f4t\u00e9s de collectif comme Urgence notre Police Assassine ou Black Lives Matter, appelons \u00e0 une mobilisation massive autour du festival contre les violences polici\u00e8res qui sera organis\u00e9 les 14 et 15 mars. Conf\u00e9rences, projections, et concerts sont pr\u00e9vus au programme. A cette occasion nous appelons \u00e9galement \u00e0 un rassemblement pour exiger r\u00e9paration et qu\u2019enfin justice soit rendue \u00e0 toutes les victimes de violences polici\u00e8res.Conscients qu\u2019il est temps pour nous de s\u2019organiser, nous sommes d\u00e9cid\u00e9s \u00e0 faire de ces 48h le moment de cr\u00e9ation d\u2019un comit\u00e9 contre les violences polici\u00e8res pour en finir avec le racisme d\u2019Etat et ses reconfigurations s\u00e9curitaires.<\/p>\n<p>Premiers signataires:<\/p>\n<p>Nouvelle voie anticoloniale<br \/>\nBruxelles Pantheres<br \/>\nComit\u00e9 V\u00e9rit\u00e9 et Justice Mawda<br \/>\nComit\u00e9 des parents contre les violences polici\u00e8res \u00e0 Molenbeek<br \/>\nCampagne Stop R\u00e9pression<\/p>\n<p><a href=\"https:\/\/www.facebook.com\/events\/145674739835708\/?active_tab=discussion\">https:\/\/www.facebook.com\/events\/145674739835708\/?active_tab=discussion<\/a><br \/>\n&#8212;&#8212;&#8212;&#8212;&#8212;&#8212;&#8212;&#8212;&#8212;&#8212;&#8212;&#8212;&#8212;&#8212;&#8212;&#8212;&#8212;&#8212;&#8212;&#8212;&#8212;&#8212;&#8212;&#8212;&#8212;&#8212;-<\/p>\n<p>Mobilisatie tegen politiegeweld<\/p>\n<p>Wij Amazighs, zwarten, Arabieren, moslims, migranten uit arbeidersbuurten van Brussel vragen 48 uur mobilisatie om de heropleving van politiegeweld waarvan wij dagelijks het slachtoffer zijn, aan de kaak te stellen.Generaties lang hebben we dit koloniale geweld ge\u00ebrfd, dat wordt gematerialiseerd door: sluitingen van wijken, controles van gelaatsuitrusting, opsporingsonderzoeken, achtervolgingen, die allemaal leiden tot het opstellen van een dodelijk politiebeleid. Want laten we het duidelijk zeggen, het kanaalplan bedoeld voor het opsluiten van arbeidersbuurten, evenals het Medusa-plan bedoeld voor het opsporen van migranten, zijn apparaten die dit dodelijke beleid mogelijk maken.Laten we ons de dood herinneren van Mawda, een 2-jarig Koerdisch meisje, dat stierf aan een schietpartij door de politie. Hoe leg je de ouders van dit kleine meisje uit dat de dader van dit levende vuur nooit als een moordenaar kan worden beschouwd?Tegenwoordig worden zowel migranten- als immigrantenjongeren in onmenselijke situaties geplaatst. Ze vechten voor het recht op een waardig leven. De belangrijkste uitdaging is om het recht te hebben om eerst en vooral als erkend menselijk wezen te worden beschouwd. Een strijd die in werkelijkheid alleen voortkomt uit levensverhalen gekenmerkt door de dood van zussen, broers, vrouwen, echtgenoten. Denk aan de namen van de gestolen levens van: Mawda Shawri, Mehdi Bouda, Semira Adamu, Zineb Redouane, Soulaimane, Dieu-merci Kanda, Marielle Franco, Ziyed et Bouna, Amine Bentounsi, Adama Traor\u00e9.Gedragen door hun gedachten, afstammelingen van Abdelkrim El Khattabi, Patrice Lumumba, Omar El Mokhtar, en trots om samen met groepen zoals Urgence notre Police Assassine of Black Lives Matter te vechten, roepen op tot een massale mobilisatie rond het festival tegen politiegeweld wordt georganiseerd op 14 en 15 maart. Conferenties, vertoningen en concerten zijn gepland. Bij deze gelegenheid pleiten wij ook voor een bijeenkomst om herstel te eisen en dat alle slachtoffers van politiegeweld recht moeten worden gedaan.Omdat we ons ervan bewust zijn dat het tijd is om ons te organiseren, hebben we besloten om deze 48 uur het moment te maken van de oprichting van een comit\u00e9 tegen politiegeweld om een \u200b\u200beinde te maken aan het racisme van de staat en de herconfiguraties van de veiligheid.<\/p>\n<p>Eerste ondertekenaars :<br \/>\nNouvelle voie anticoloniale<br \/>\nBruxelles Pantheres<br \/>\nComit\u00e9 V\u00e9rit\u00e9 et Justice Mawda<br \/>\nComit\u00e9 des parents contre les violences polici\u00e8res \u00e0 Molenbeek<br \/>\nCampagne Stop R\u00e9pression<\/p>\n<p><a href=\"https:\/\/www.facebook.com\/events\/145674739835708\/?active_tab=discussion\">https:\/\/www.facebook.com\/events\/145674739835708\/?active_tab=discussion<\/a><br \/>\n&#8212;&#8212;&#8212;&#8212;&#8212;&#8212;&#8212;&#8212;&#8212;&#8212;&#8212;&#8212;&#8212;&#8212;&#8212;&#8212;&#8212;&#8212;&#8212;&#8212;&#8212;&#8212;&#8212;&#8212;&#8212;&#8212;<\/p>\n<p>Mobilization against police violence<\/p>\n<p>We, Amazigh, Black, Arab, Muslim and Migrant people from the working-class districts of Brussels call for a 48h-long mobilization to denounce the escalation of police violence that we are victims of on a daily basis.Through generations, we have inherited this colonial violence that materializes itself in so many ways: cordon operations, profiling, body search, car chase&#8230; all of this leading to the creation of deadly policies. In fact, let\u2019s say it clearly, the Canal plan, which aims to confine the working-class districts as well as the Medusa plan destined to lead to the manhunt of migrants, are devices that allow these deadly politics to exist.Let\u2019s recall the death of Mawda, a little Kurdish girl of 2 years old, killed by the shots of a police gunfire. How can we explain to her parents that the author of that shooting may never be considered an assassin?Today migrants as well as all the youths of immigration are placed in situations of unhuman survival. They all fight for a right to a more decent life. A fight whose most important goal consists in seeing recognized their right to be \u2013 first of all &#8211; a human being. A fight from which flow out accounts of lives marked by the death of sisters, brothers, women, husbands. Don\u2019t forget the names of the lives stolen: Mawda Shawri, Mehdi Bouda, Semira Adamu, Zineb Redouane, Soulaimane, Die-merci Kanda, Marielle Franco, Ziyed and Bouna, Amine Bentounsi, Adama Traor\u00e9.Supported by their memory, we, descendants of Abdelkrim El Khattabi, Patrice Lumumba, Omar El Mokhtar, and proud to fight next to collectives such as Urgence notre Police Assasine or Black Lives Matter, let\u2019s call for a massive mobilization around this festival against police violence which will be organized for the 14th and 15th March, 2020. Conferences, projections and concerts are expected in the program. In this occasion we also call for a gathering to demand reparations and so that justice can finally be brought to all the victims of police violence.Aware that it is time to organize, we have decided to make those 48h the moment to create a committee against police violence to finally end State racism and its reconfigurations for safety.<\/p>\n<p>First signatories:<\/p>\n<p>Nouvelle Voie Anticoloniale<br \/>\nBruxelle Panthers<br \/>\nComit\u00e9 V\u00e9rit\u00e9 et Justice Mawda<br \/>\nComit\u00e9 des parents contre les violences polici\u00e8res \u00e0 Molenbeek<br \/>\nCampagne Stop R\u00e9pression<\/p>\n<p><a href=\"https:\/\/www.facebook.com\/events\/145674739835708\/?active_tab=discussion\">https:\/\/www.facebook.com\/events\/145674739835708\/?active_tab=discussion<\/a><\/p>\n","protected":false},"excerpt":{"rendered":"<p>Rassemblement &#8211; Contre le racisme d\u2019\u00c9tat et les violences polici\u00e8res Dimanche 15 mars 2020 de 11:00 \u00e0 13:00 Avenue de Stalingrad, 1000 Bruxelles, Belgique ( Au niveau du M\u00e9gaphone ) Dans un contexte o\u00f9 les violences polici\u00e8res, d\u2019abord principalement exerc\u00e9es dans les quartiers populaires, s\u2019\u00e9tendent de plus en plus \u00e0 toute la soci\u00e9t\u00e9,Dans un contexte &#8230; <a title=\"Contre le racisme d\u2019\u00c9tat et les violences polici\u00e8res\" class=\"read-more\" href=\"https:\/\/bruxelles-pantheres.be\/?p=4394\" aria-label=\"En savoir plus sur Contre le racisme d\u2019\u00c9tat et les violences polici\u00e8res\">Lire la suite<\/a><\/p>\n","protected":false},"author":1,"featured_media":4395,"comment_status":"open","ping_status":"open","sticky":false,"template":"","format":"standard","meta":{"footnotes":""},"categories":[36,4,7,8,18,28,37,39,5],"tags":[],"class_list":["post-4394","post","type-post","status-publish","format-standard","has-post-thumbnail","hentry","category-europe","category-islamophobie","category-negrophobie","category-prisons","category-resistance-bruxelles","category-racismes","category-romophobie","category-sans-papier","category-violence-policiere"],"_links":{"self":[{"href":"https:\/\/bruxelles-pantheres.be\/index.php?rest_route=\/wp\/v2\/posts\/4394","targetHints":{"allow":["GET"]}}],"collection":[{"href":"https:\/\/bruxelles-pantheres.be\/index.php?rest_route=\/wp\/v2\/posts"}],"about":[{"href":"https:\/\/bruxelles-pantheres.be\/index.php?rest_route=\/wp\/v2\/types\/post"}],"author":[{"embeddable":true,"href":"https:\/\/bruxelles-pantheres.be\/index.php?rest_route=\/wp\/v2\/users\/1"}],"replies":[{"embeddable":true,"href":"https:\/\/bruxelles-pantheres.be\/index.php?rest_route=%2Fwp%2Fv2%2Fcomments&post=4394"}],"version-history":[{"count":6,"href":"https:\/\/bruxelles-pantheres.be\/index.php?rest_route=\/wp\/v2\/posts\/4394\/revisions"}],"predecessor-version":[{"id":4401,"href":"https:\/\/bruxelles-pantheres.be\/index.php?rest_route=\/wp\/v2\/posts\/4394\/revisions\/4401"}],"wp:featuredmedia":[{"embeddable":true,"href":"https:\/\/bruxelles-pantheres.be\/index.php?rest_route=\/wp\/v2\/media\/4395"}],"wp:attachment":[{"href":"https:\/\/bruxelles-pantheres.be\/index.php?rest_route=%2Fwp%2Fv2%2Fmedia&parent=4394"}],"wp:term":[{"taxonomy":"category","embeddable":true,"href":"https:\/\/bruxelles-pantheres.be\/index.php?rest_route=%2Fwp%2Fv2%2Fcategories&post=4394"},{"taxonomy":"post_tag","embeddable":true,"href":"https:\/\/bruxelles-pantheres.be\/index.php?rest_route=%2Fwp%2Fv2%2Ftags&post=4394"}],"curies":[{"name":"wp","href":"https:\/\/api.w.org\/{rel}","templated":true}]}}