{"id":440,"date":"2013-04-13T04:45:25","date_gmt":"2013-04-13T03:45:25","guid":{"rendered":"https:\/\/bruxelles-pantheres.be\/?p=440"},"modified":"2013-11-10T04:46:37","modified_gmt":"2013-11-10T03:46:37","slug":"la-solidarite-en-theorie-cest-bien-en-pratique-cest-mieux","status":"publish","type":"post","link":"https:\/\/bruxelles-pantheres.be\/?p=440","title":{"rendered":"LA SOLIDARIT\u00c9 ? EN TH\u00c9ORIE C\u2019EST BIEN. EN PRATIQUE C\u2019EST MIEUX !"},"content":{"rendered":"<div>\n<p>Communiqu\u00e9 _ 12\/4\/2013<\/p>\n<p><a href=\"http:\/\/www.egalite.be\/wp-content\/uploads\/2013\/04\/541953_243093285822538_1359155279_n.jpg\"><img decoding=\"async\" alt=\"541953_243093285822538_1359155279_n\" src=\"http:\/\/www.egalite.be\/wp-content\/uploads\/2013\/04\/541953_243093285822538_1359155279_n.jpg\" width=\"403\" height=\"403\" \/><\/a><\/p>\n<p><strong>LA SOLIDARIT\u00c9 ?<\/strong><\/p>\n<p><strong>EN TH\u00c9ORIE C\u2019EST BIEN. EN PRATIQUE C\u2019EST MIEUX !<\/strong><\/p>\n<p>Ce samedi 23 avril, un \u00e9v\u00e9nement organis\u00e9 par une organisation de jeunesse du MOC entend d\u00e9noncer la r\u00e9pression de l\u2019activisme politique et remettre des Burqa Awards \u00e0 des personnalit\u00e9s jug\u00e9es racistes.<!--more--><\/p>\n<p>A la tribune, un Grec, un Anglais, un Indon\u00e9sien et un Fran\u00e7ais. Aucun Belge. Ceux qui, en Belgique, ont subi et subissent encore la r\u00e9pression politique, mais aussi le racisme, ne manquent pourtant pas. Et singuli\u00e8rement parmi eux, certains qui ont pay\u00e9 ch\u00e8rement leur participation \u00e0 la Burqa Pride, une manifestation qui devait justement se poursuivre par\u2026 une remise de Burqa Awards.<\/p>\n<p>Quart d\u2019X, qui a \u00e9t\u00e9 invit\u00e9 \u00e0 participer \u00e0 cette remise de prix, avait insist\u00e9 aupr\u00e8s des organisateurs pour que ces Burqa Awards soient resitu\u00e9s dans le contexte de la Burqa Pride et de l\u2019hyst\u00e9rie raciste \u00e0 laquelle elle avait donn\u00e9 lieu. Mais surtout pour que les individus qui vivent personnellement la r\u00e9pression, et d\u2019autant plus la r\u00e9pression raciste, soient directement impliqu\u00e9s dans l\u2019\u00e9v\u00e9nement.<\/p>\n<p>\u2022 Souhail Chichah a \u00e9t\u00e9 exclu de l\u2019ULB o\u00f9 il \u00e9tait assistant et chercheur pour sa participation \u00e0 la Burqa Pride, qui, rappelons-le, visait \u00e0 d\u00e9noncer les positions racistes de Caroline Fourest lors d\u2019un d\u00e9bat organis\u00e9 \u00e0 l\u2019ULB, mais aussi parce qu\u2019il d\u00e9non\u00e7ait sans langue de bois la politique coloniale d\u2019Isra\u00ebl.<\/p>\n<p>\u2022 Luk Vervaet a \u00e9t\u00e9 exclu de son travail de professeur dans les prisons pour des \u00ab\u00a0raisons de s\u00e9curit\u00e9\u00a0\u00bb, apr\u00e8s que la s\u00fbret\u00e9 de l\u2019Etat ait transmis un rapport \u00e0 la Direction g\u00e9n\u00e9rale des Etablissements p\u00e9nitentiaires signalant son appartenance au parti Egalit\u00e9, ses contacts avec Nordine Sa\u00efdi et Dyab Abou Jahjah et ses visites aux terroristes pr\u00e9sum\u00e9s, incarc\u00e9r\u00e9s dans nos prisons.<\/p>\n<p>\u2022 Barbara Van Dyck a \u00e9t\u00e9 exclue de la KUL pour avoir particip\u00e9 \u00e0 une action non violente de d\u00e9sob\u00e9issance civile men\u00e9e contre un champ d\u2019essai de pommes de terre OGM.<\/p>\n<p>\u2022 Hanan Taouil a perdu son travail en tant que garde d\u2019enfants \u00e0 domicile au sein de Kind en Gezin (l\u2019Office national de l\u2019enfance du c\u00f4t\u00e9 n\u00e9erlandophone), suite \u00e0 une interview du Chef de la s\u00fbret\u00e9 nationale \u00e0 la t\u00e9l\u00e9vision qui avait accus\u00e9 son mari, imam \u00e0 Anvers et pr\u00e9sident du conseil musulman \u00e9lu (Algemene Raad van de Moslims van Belgi\u00eb), d\u2019\u00eatre \u00ab\u00a0un extr\u00e9miste\u00a0\u00bb.<\/p>\n<p>\u2022 Nordine Sa\u00efdi, qui a lui aussi particip\u00e9 \u00e0 la Burqa Pride, est aujourd\u2019hui poursuivi par la m\u00eame Caroline Fourest pour avoir relay\u00e9 une video sur facebook, d\u00e9non\u00e7ant les liens entre les th\u00e8ses de Fourest et l\u2019islamophobie criminelle de Breivik.<\/p>\n<p>La liste est longue et on ne peut citer, ici, tous ceux qui se voient attaqu\u00e9s voire exclus de leur travail, priv\u00e9s ainsi de revenus et tu\u00e9s socialement dans l\u2019indiff\u00e9rence g\u00e9n\u00e9rale. Quand il ne s\u2019agit pas de silence coupable, comme c\u2019est le cas dans le cadre de cet \u00e9v\u00e9nement pourtant cens\u00e9 soutenir ceux qui ont des opinions politiques et qui les d\u00e9fendent, la dimension raciste \u00e9tant bien souvent li\u00e9e \u00e0 la r\u00e9pression.<\/p>\n<p>Aucun n\u2019est appel\u00e9 \u00e0 s\u2019exprimer. Aucun n\u2019est m\u00eame cit\u00e9 dans la pr\u00e9sentation de l\u2019\u00e9v\u00e9nement. Pour Quart d\u2019X, ce silence n\u2019est rien d\u2019autre que la participation manifeste \u00e0 l\u2019ostracisation et \u00e0 la censure dont ces personnes sont victimes. Si on veut vraiment lutter contre la r\u00e9pression politique et le racisme, il est pourtant essentiel que ceux qui en subissent les cons\u00e9quences personnellement soient reconnus et soutenus. Parce que leur cas est embl\u00e9matique et repr\u00e9sente bien plus que leur simple personne.<\/p>\n<p>Quel sens peut avoir la remise de Burqa Awards par des institutions et organisations comme les jeunes FGTB ULB, la JOC ou m\u00eame Quart d\u2019X ? Et \u00e0 quel titre pourraient-elles remettre ces prix ? Quelle que soient leurs actions en mati\u00e8re de lutte antiraciste, elles sont prot\u00e9g\u00e9es par nature puisqu\u2019elles sont des institutions, justement. La coh\u00e9rence, pour nous, c\u2019est mettre en \u00e9vidence les victimes du syst\u00e8me d\u00e9nonc\u00e9. Parce que ce sont des individus bien r\u00e9els qui payent pour leurs prises de positions politiques et que c\u2019est bien ce contre quoi on se bat. Quart d\u2019X ne participera pas \u00e0 leur \u00e9ni\u00e8me exclusion. Encore moins \u00e0 la r\u00e9cup\u00e9ration de leur combat.<\/p>\n<p>Mais il est encore temps de rectifier le tir et de donner la parole \u00e0 ceux qui sont r\u00e9prim\u00e9s. Nous appelons la JOC \u00e0 prendre ses responsabilit\u00e9s et \u00e0 manifester sa solidarit\u00e9 r\u00e9elle. A d\u00e9faut, nous organiserons une conf\u00e9rence prochainement pour leur donner la parole. Et fournir l\u2019occasion, \u00e0 tous ceux qui s\u2019int\u00e9ressent vraiment \u00e0 la r\u00e9pression politique en Belgique, de comprendre comment elle s\u2019exprime et les enjeux r\u00e9els en termes de solidarit\u00e9 effective.<\/p>\n<p>Contact :<\/p>\n<p><a href=\"mailto:collectifantiracismes@gmail.com\" target=\"_blank\">collectifantiracismes@gmail.<wbr \/>com<\/a><\/p>\n<\/div>\n","protected":false},"excerpt":{"rendered":"<p>Communiqu\u00e9 _ 12\/4\/2013 LA SOLIDARIT\u00c9 ? EN TH\u00c9ORIE C\u2019EST BIEN. EN PRATIQUE C\u2019EST MIEUX ! Ce samedi 23 avril, un \u00e9v\u00e9nement organis\u00e9 par une organisation de jeunesse du MOC entend d\u00e9noncer la r\u00e9pression de l\u2019activisme politique et remettre des Burqa Awards \u00e0 des personnalit\u00e9s jug\u00e9es racistes.<\/p>\n","protected":false},"author":1,"featured_media":256,"comment_status":"open","ping_status":"open","sticky":false,"template":"","format":"standard","meta":{"footnotes":""},"categories":[18,28],"tags":[],"class_list":["post-440","post","type-post","status-publish","format-standard","has-post-thumbnail","hentry","category-resistance-bruxelles","category-racismes"],"_links":{"self":[{"href":"https:\/\/bruxelles-pantheres.be\/index.php?rest_route=\/wp\/v2\/posts\/440","targetHints":{"allow":["GET"]}}],"collection":[{"href":"https:\/\/bruxelles-pantheres.be\/index.php?rest_route=\/wp\/v2\/posts"}],"about":[{"href":"https:\/\/bruxelles-pantheres.be\/index.php?rest_route=\/wp\/v2\/types\/post"}],"author":[{"embeddable":true,"href":"https:\/\/bruxelles-pantheres.be\/index.php?rest_route=\/wp\/v2\/users\/1"}],"replies":[{"embeddable":true,"href":"https:\/\/bruxelles-pantheres.be\/index.php?rest_route=%2Fwp%2Fv2%2Fcomments&post=440"}],"version-history":[{"count":1,"href":"https:\/\/bruxelles-pantheres.be\/index.php?rest_route=\/wp\/v2\/posts\/440\/revisions"}],"predecessor-version":[{"id":441,"href":"https:\/\/bruxelles-pantheres.be\/index.php?rest_route=\/wp\/v2\/posts\/440\/revisions\/441"}],"wp:featuredmedia":[{"embeddable":true,"href":"https:\/\/bruxelles-pantheres.be\/index.php?rest_route=\/wp\/v2\/media\/256"}],"wp:attachment":[{"href":"https:\/\/bruxelles-pantheres.be\/index.php?rest_route=%2Fwp%2Fv2%2Fmedia&parent=440"}],"wp:term":[{"taxonomy":"category","embeddable":true,"href":"https:\/\/bruxelles-pantheres.be\/index.php?rest_route=%2Fwp%2Fv2%2Fcategories&post=440"},{"taxonomy":"post_tag","embeddable":true,"href":"https:\/\/bruxelles-pantheres.be\/index.php?rest_route=%2Fwp%2Fv2%2Ftags&post=440"}],"curies":[{"name":"wp","href":"https:\/\/api.w.org\/{rel}","templated":true}]}}