{"id":4411,"date":"2020-04-19T21:52:59","date_gmt":"2020-04-19T20:52:59","guid":{"rendered":"https:\/\/bruxelles-pantheres.be\/?p=4411"},"modified":"2020-04-19T22:09:22","modified_gmt":"2020-04-19T21:09:22","slug":"4411","status":"publish","type":"post","link":"https:\/\/bruxelles-pantheres.be\/?p=4411","title":{"rendered":"Adil, le martyr de l\u2019innocence ! Un deuil convoit\u00e9 par la violence"},"content":{"rendered":"<p style=\"text-align: left;\">En Son nom, l\u2019Exalt\u00e9<\/p>\n<p style=\"text-align: left;\">Adil, le martyr de l\u2019innocence ! Un deuil convoit\u00e9 par la violence<\/p>\n<p style=\"text-align: left;\">Au vu de l\u2019ampleur des \u00e9v\u00e9nements depuis ladite \u2018course-poursuite\u2019 qui a co\u00fbt\u00e9 vendredi soir la vie \u00e0 Adil (+2020),le martyr de l\u2019innocence, que Dieu lui accorde Sa mis\u00e9ricorde, et que son \u00e2me puisse reposer en paix, Amen ; le respect de la douloureuse tristesse de la famille, qui a lanc\u00e9 un appel au calme, afin qu\u2019elle puisse faire son deuil dans la dignit\u00e9, reste primordial. C\u2019est avec peine que je pr\u00e9sente mes sinc\u00e8res condol\u00e9ances aux proches.<!--more--><\/p>\n<p style=\"text-align: left;\">Malheureusement, on ne peut que d\u00e9plorer toute l\u2019ind\u00e9cence et l\u2019irresponsabilit\u00e9 de quelques indignes propos, en ces moments douloureux et in\u00e9dits. Sans d\u00e9douaner quiconque, il est temps de se poser les bonnes questions de responsabilit\u00e9 majeure. Certaines personnes semblent surfer sur le sensationnel dans des termes inqui\u00e9tants \u00e0 l\u2019\u00e9gard d\u2019une jeunesse endeuill\u00e9e, venue dans l\u2019intention de marcher dignement en la m\u00e9moire de Adil, paix \u00e0 son \u00e2me, comme \u2018d\u2019une jeunesse qui aurait encore envie d\u2019en d\u00e9coudre avec les forces de l\u2019ordre\u2019. Pourtant, cet effroyable drame de la perte d\u2019un ami, en plein \u00e2ge de la fraicheur de l\u2019innocence, ne peut convoquer que de la qui\u00e9tude, de la mesure, et c\u2019est dans cette intention que les amis du d\u00e9funt se sont regroup\u00e9s. En circonstance att\u00e9nuante, il faut une disposition att\u00e9nuante. En p\u00e9riode de confinement, des rassemblements sont tenus ici et l\u00e0, pour dire la consid\u00e9ration et la reconnaissance \u00e0 l\u2019\u00e9gard du personnel de sant\u00e9, tout en maintenant la distanciation physique n\u00e9cessaire. Nul n\u2019entravera cet instant de r\u00e9confort dans l\u2019union, ni le consid\u00e8rera inappropri\u00e9. On aurait pu investir ces circonstances en opportunit\u00e9, permettant aux services de l\u2019ordre d\u2019accompagner cet appel au rassemblement, malgr\u00e9 l\u2019interdiction de se regrouper en vertu des mesures de confinement, qui doit \u00eatre pris dans son cadre contextuel. Enfreindre cette interdiction n\u2019a pas lieu d\u2019\u00eatre, tant que la distanciation physique est respect\u00e9e, et que tout est cadrer avec les \u00e9ducateurs de rue, les gardiens de la paix, les acteurs sociaux et les agents de quartiers, tout en maintenant un dispositif policier en alerte. Cette marche aurait pu \u00eatre celle de l\u2019expression du deuil dans la dignit\u00e9. Quel g\u00e2chis, quand une maladresse semblerait catalyser de la violence ?<\/p>\n<p style=\"text-align: left;\">J\u2019ose esp\u00e9rer une enqu\u00eate \u2018totalement ind\u00e9pendante par rapport aux circonstances du drame puisque cette enqu\u00eate sera coordonn\u00e9e par le Parquet\u2019. Dans certains pays, en toute partialit\u00e9 au propos caricatural et islamophobe, consid\u00e9rant l\u2019islam intrins\u00e8quement criminog\u00e8ne, des peines les plus lourdes, sur la base du faci\u00e8s sont dict\u00e9es, car la pr\u00e9somption de culpabilit\u00e9 suffit \u00e0 certains pour justifier de frapper, imposant ainsi la peine de mort \u00e0 un citoyen, sans m\u00eame lui donner le droit de se d\u00e9fendre. Chez nous, il n\u2019est pas question de cr\u00e9diter les mythes fondateurs de toute logique r\u00e9pressive, jugeant des intentions de citoyens \u2018Une centaine de casseurs qui n&rsquo;avaient pour ambition que d&rsquo;en d\u00e9coudre avec la police et aucune volont\u00e9 de recueillement par rapport \u00e0 la victime se sont en effet r\u00e9unis\u2019. Ce simplisme caricatural lance le discr\u00e9dit, et cat\u00e9gorise le jeune. Toute subjective \u00e9vidence est inqui\u00e9tante \u2018Ils sont venus pour casser&#8230; faire des violences et c\u2019\u00e9tait tr\u00e8s clairement leur motivation\u2019. La g\u00e9n\u00e9ralisation reviendrait \u00e0 nier aux jeunes leur aptitude \u00e0 se recueillir, et leur confisquerait ainsi le deuil.<\/p>\n<p style=\"text-align: left;\">Dans une soci\u00e9t\u00e9 sens\u00e9e, l\u2019ordre s\u2019\u00e9rige en amont et non pas en aval, sinon l\u2019on risquerait de d\u00e9douaner toute d\u00e9rive violente. Je souligne l\u2019importance de l\u2019Article 8.3, du code de la route, qui pr\u00e9cise qu\u2019on ne peut \u2018ni g\u00eaner ni mettre en danger un usager\u2019. La r\u00e8gle est valable dans les deux sens, tant pour un citoyen que pour un repr\u00e9sentant de l\u2019ordre. Au moment du drame, il aurait \u00e9t\u00e9 opportun, sage et noble d\u2019anticiper et tendre la main \u00e0 la jeunesse anderlechtoise, qui aurait pu faire preuve d\u2019incivilit\u00e9 d\u00e8s vendredi soir, si elle \u00e9tait intrins\u00e8quement violente. Elle a choisi de faire preuve de retenue dans le deuil. A juste titre, \u2018La situation li\u00e9e au confinement est d\u00e9j\u00e0 suffisamment pesante pour ne pas rajouter de difficult\u00e9s\u2019, il aurait \u00e9t\u00e9 digne, de f\u00e9d\u00e9rer les forces vives tant des services de l\u2019ordre, que des acteurs sociaux et des jeunes, pour canaliser l\u2019\u00e9motion et vivre le deuil dans la dignit\u00e9, en hommage \u00e0 Adil, paix sur son \u00e2me. Cela aurait facilit\u00e9 l\u2019accompagnement de la douleur dans la mesure, sans d\u00e9charge \u00e9motive des jeunes. Si l\u2019appel au rassemblement circulant depuis vendredi sur les r\u00e9seaux sociaux, a d\u00e9bouch\u00e9 sur des \u00e9meutes, il n\u2019\u00e9tait pas un appel \u00e0 des \u00e9meutes, et il aurait donc \u00e9t\u00e9 plus opportun d\u2019envisager plusieurs hypoth\u00e8ses pour contenir un possible d\u00e9bordement. Alors, pourquoi cette marche s\u2019est transform\u00e9e en th\u00e9\u00e2tre de violence ? On ne peut stigmatiser les jeunes venus se recueillir, surtout quand il s\u2019av\u00e8re que certains opportunistes violents, arriv\u00e9s d\u2019ailleurs, n\u2019\u00e9tant pas en lien avec Adil, paix \u00e0 son \u00e2me, sont arr\u00eat\u00e9s. De simples passants ou habitants du coin sont interpell\u00e9s, ainsi l\u2019opprobre ne peut \u00eatre jet\u00e9 sur tous.<\/p>\n<p style=\"text-align: left;\">Cependant, l\u2019ind\u00e9cence atteint son paroxysme quand la clairvoyance semble \u00eatre aveugl\u00e9e par un paternalisme n\u00e9o-colonialiste. Tout propos stigmatisant, de quelque citoyen que ce soit, culturellement d\u2019une autre origine ou religion, est pathog\u00e8ne, \u00e0 la mani\u00e8re de \u2018Il s&rsquo;agit de jeunes gens qui ne peuvent pas fonctionner selon nos normes et valeurs\u2019. Nous sommes tous belges, issus d\u2019une immigration de longue date, et aucune norme ni valeur ne pourrait \u00eatre les n\u00f4tres face aux leurs. L\u2019histoire nous a montrer que l\u2019\u00e9lectoralisme fauteur de troubles, surfe sur un drame pour semer le chaos, et endeuiller le projet soci\u00e9tal que nous esp\u00e9rons construire ensemble. L\u2019indigne amn\u00e9sie n\u00e9gationniste de la m\u00e9moire de ce pays, voudrait-elle mettre en cause une des forces vives de notre soci\u00e9t\u00e9, la jeunesse issue de l\u2019immigration aux valeurs porteuses de sens et de normes ? A la mani\u00e8re de mon maitre spirituel, l\u2019imam Sadek Charaf (+1993), saintet\u00e9 sur son \u00e2me, je pr\u00e9cise que \u2018La jeunesse est le flambeau de l\u2019esp\u00e9rance et la force de la d\u00e9termination\u2019. La diversit\u00e9 est un d\u00e9fi culturel, cultuel et ethnique, que ne peut relever aucun opportuniste. Tout populisme est superficiel, simpliste et s\u00e8me l\u2019humiliation. La vie n\u2019a pas la m\u00eame saveur, selon le c\u00f4t\u00e9 de la rive o\u00f9 l\u2019on se situe, surtout quand du haut d\u2019une chaire, l\u2019on supposerait \u00e0 des jeunes un conflit de loyaut\u00e9. L\u2019\u00e9gocentrisme se nourrit de la domination sur autrui, pr\u00e9tendant d\u00e9tenir un syst\u00e8me qui serait le seul porteur de sens. Cette ignoble posture de d\u00e9mentielle vision \u00e9rig\u00e9e en croisade id\u00e9ologique, attise un charbon ardent.<\/p>\n<p style=\"text-align: left;\">L\u2019incertitude du confinement amplifie la tension, et augmente l\u2019anxi\u00e9t\u00e9. Toute \u2018\u00e9vang\u00e9lisation\u2019 ind\u00e9cente qui banaliserait la violente \u2018r\u00e9pression institutionnelle\u2019, ne renforce nullement le lien social dans la cit\u00e9. Ainsi, stigmatiser un citoyen serait de l\u2019euphorie d\u00e9magogique, exclusiviste et essentialiste. Notre jeunesse fait partie de ces abim\u00e9s de la vie de qui certains parlent comme des assist\u00e9s, sans se pr\u00e9occuper r\u00e9ellement de leur \u00e9preuve m\u00e9taphysique.<br \/>\nMis en lien avec la violence de la mort, en pleine fleure de l\u2019\u00e2ge, elle ressentait le besoin de marcher pour se recueillir. H\u00e9las, l\u2019incomp\u00e9tence illustre n\u2019aide pas \u00e0 donner du sens, quand des propos insens\u00e9s risquent de r\u00e9conforter les th\u00e8ses fachos, racistes et islamophobes, qui pullulent sur les r\u00e9seaux sociaux \u2018ces jeunes arabes sont insouciants car ils sont surtout dangereusement mal \u00e9lev\u00e9s, &#8230; ce sont que des braqueurs, dealeurs, violeurs, &#8230;\u2019. Osons esp\u00e9rer que les pouvoirs publics mettent tout en \u0153uvre pour \u00e9radiquer ce racisme antis\u00e9mite islamophobe, qui s\u00e9vit tant sur Internet que sur la voie publique o\u00f9, des citoyens aux \u00e9lans fascisants, saccagent la dignit\u00e9 de certaines femmes car elles portent un foulard. La pr\u00e9sence polici\u00e8re lourdement arm\u00e9 a \u00e9t\u00e9 ressentie par certains jeunes, comme une attitude ostentatoire qui ne veut pas laisser place \u00e0 la s\u00e9r\u00e9nit\u00e9, ou un guet-apens tendu \u00e0 une jeunesse en deuil.<\/p>\n<p style=\"text-align: left;\">Adil, paix \u00e0 son \u00e2me, \u00e9tait en droit de paniquer, car l\u2019appr\u00e9hension du m\u00e9pris est l\u2019\u00e9pouvante qui scande le quotidien de beaucoup de jeunes. D\u2019aucun dira qu\u2019il n\u2019avait qu\u2019\u00e0 s\u2019arr\u00eater, sinon, c\u2019est qu\u2019il avait des choses \u00e0 cacher. Evident, diront d\u2019autres, parce qu\u2019il a tent\u00e9 de fuir la police, l\u2019accusant de coupable pour sa couleur de peau, sa religion et ses origines ethniques. D\u2019autres encore diront qu\u2019il s\u2019agirait d\u2019une bavure polici\u00e8re. Sans vouloir trouver de pr\u00e9texte justifiant l\u2019incivilit\u00e9 de quiconque, mais est ce que l\u2019utilit\u00e9 d\u2019un contr\u00f4le est mesur\u00e9e sous tous les angles, pour \u00e9viter tout risque probable d\u2019un accident, n\u2019impose-t-elle pas la sagesse \u00e9loignant ainsi \u00e0 la tension toute son ardeur ? A l\u2019air du num\u00e9rique, l\u2019on peut poursuivre quiconque \u00e0 distance, via camera ou drone, \u00e9vitant ainsi toute situation de risque, et interpeller alors l\u2019acteur d\u2019une incivilit\u00e9 chez lui. Il va de soi que les forces de l\u2019ordre qui, en ces temps de crise sanitaire, n\u2019ont pas la t\u00e2che facile, et font un travail stressant. M\u00eame si certains, au sentiment d\u2019omnipotence dans l\u2019uniforme, d\u00e9rapent par attitude raciste, facho, islamophobe, n\u00e9o-nazi, votent extr\u00eame-droite, font du profilage ethnique et se prennent pour les justiciers de la cit\u00e9 contre les arabes, les roms, les sans-papiers, les africains sub sahariens, les femmes voil\u00e9es ; heureusement qu\u2019\u00e9norm\u00e9ment d\u2019autres policiers sont de bonne civilit\u00e9, justes et rigoureux dans leur travail accompli dans le respect et avec humanit\u00e9. Ainsi, peu importe de savoir si Adil, paix \u00e0 son \u00e2me, aurait voulu fuir pour \u00e9viter de payer une amende, ou par peur, ou par appr\u00e9hension d\u2019\u00eatre amen\u00e9 au commissariat. Le bon sens est de savoir que la mort ne se justifie jamais face \u00e0 une quelconque \u2018incivilit\u00e9\u2019. Nul n\u2019est \u00e0 l\u2019abri du stress des gyrophares annon\u00e7ant un contr\u00f4le. Sous la panique, celui qui est appel\u00e9 \u00e0 s\u2019arr\u00eater, risque par instinct de protection, de perdre le contr\u00f4le. Quel serait alors le bien-fond\u00e9 d\u2019une poursuite polici\u00e8re qui risque de mener \u00e0 un incident ? Quel serait le but d\u2019un d\u00e9ploiement policier lourdement charg\u00e9 face au rassemblement pacifique souhait\u00e9 par des jeunes ? Quelle est la p\u00e9dagogie des forces de l\u2019ordre ? Ses priorit\u00e9s sont-elles de responsabiliser ou de violenter ? Aucune d\u00e9rive violente ne peut faire objet d\u2019une impunit\u00e9 dans notre pays. Toute action disproportionn\u00e9e serait un abus de pouvoir. De m\u00eame, toute attitude d\u2019agression sur des biens ou des citoyens, priv\u00e9s ou publics devra \u00eatre assum\u00e9e par n\u2019importe quel auteur que ce soit.<\/p>\n<p style=\"text-align: left;\">La violence urbaine n\u2019est pas seulement une faille d\u2019ordre structurel, mais aussi \u00e9thique. Il ne suffit pas d\u2019intervenir sur le champ social, sans permettre \u00e0 la jeunesse de se r\u00e9approprier la revalorisation de son histoire, sa m\u00e9moire, sa tradition, sa religion et sa culture non pas exotique mais \u00e9thique. Le mal \u00eatre de notre jeunesse r\u00e9v\u00e8le une m\u00e9fiance face au syst\u00e8me en crise de rep\u00e8re, de valeur, et qui semble trahir leur confiance. Concentr\u00e9e dans un ghetto, une certaine jeunesse subit un d\u00e9ni de droit constant, et exclue du pouvoir d\u2019achat par la discrimination \u00e0 l\u2019embauche, elle n\u2019entrevoit aucun horizon digne. La marche \u00e9tait un cri d\u2019esp\u00e9rance, aspirant \u00e0 restaur\u00e9e une dignit\u00e9 perdue. La violence juv\u00e9nile est la cons\u00e9quence de l\u2019\u00e9chec de certaines politiques \u00e9ducatives. La logique s\u00e9curitaire effrite l\u2019espoir d\u2019une \u2018jeunesse projet qui annonce\u2019 au d\u00e9triment d\u2019une \u2018jeunesse reflet qui d\u00e9nonce\u2019, tel disait Roger Garaudy (+2012), que Dieu lui fasse mis\u00e9ricorde. L\u2019id\u00e9ologie d\u00e9magogique d\u2019une certaine droite pench\u00e9e vers l\u2019extr\u00eame, aux \u00e9lans racistes ; et d\u2019une certaine gauchiste \u00e0 la politique d\u2019assistanat, paternaliste et infantilisante, communautarise la violence, culpabilisant ainsi des innocents sur fond de discours \u2018religieux\u2019, jugeant leurs intentions, alors qu\u2019ils venaient se recueillir. Je souligne, \u00e0 la mani\u00e8re du Pr\u00e9sident de la Ligue des Imams de Belgique, cheikh Mohamed Tojgani, que Dieu le pr\u00e9serve, \u2018il est tr\u00e8s regrettable de voir des affrontements entre certains jeunes et le corps de police. &#8230; S&rsquo;il y a eu une bavure, c&rsquo;est avec la force de la loi qu&rsquo;il faut r\u00e9pondre non<br \/>\npas avec la violence. &#8230; Reprenez vos esprits, r\u00e9veillez-vous et entraidez-vous \u00e0 la qui\u00e9tude et \u00e0 la paix sociale.<br \/>\nPr\u00e9servez le tissu social qui nous lie, &#8230; C&rsquo;est le seul moyen de garantir l&rsquo;unit\u00e9 du pays et une coh\u00e9sion sociale\u2019.<br \/>\nVoil\u00e0 un appel \u00e0 la responsabilit\u00e9 constructive et citoyenne. Que les d\u00e9magogues en tirent des le\u00e7ons, car leurs indignes propos ont pouss\u00e9 les jeunes d\u2019Anderlecht \u00e0 vivre leur deuil dans de la frustration, du d\u00e9sarroi et de la trag\u00e9die. Il est temps d\u2019\u00e9laborer des analyses objectives sur les situations sociales, de dresser des strat\u00e9gies de concr\u00e9tisation de projets, et d\u2019entendre les attentes des jeunes. J\u2019ose esp\u00e9rer des dynamiques sociales qui permettent aux jeunes de canaliser leur \u00e9nergie, mettant un terme \u00e0 toute forme d\u2019humiliation, de marginalisation et de victimisation. La valorisation du sport, de l\u2019expression culturelle, artistique, historique, cultuelle, voil\u00e0 le r\u00e9el vecteur d\u2019\u00e9nergie qui permet \u00e0 notre jeunesse de se r\u00e9approprier la confiance, de renforcer la paix int\u00e9rieure, et d\u2019acqu\u00e9rir un regard positif d\u2019elle-m\u00eame. Voici l\u2019acc\u00e8s \u00e0 une citoyennet\u00e9 spirituelle, qui soit engag\u00e9e, responsable, \u00e9thique et en qu\u00eate de sens.<\/p>\n<p style=\"text-align: left;\">Enfin, loin des conclusions h\u00e2tives, nos pouvoirs publics peuvent-ils m\u00e9diter le r\u00e9el en vue d\u2019une solution louable ? Cet atroce \u00e9v\u00e8nement doit \u00e9veiller un r\u00e9alignement sur l\u2019essentiel, et ouvrir de nouvelles perspectives citoyennes dignes, au service d\u2019une jeunesse fragilis\u00e9e. La stigmatisante provocation par des propos de rejet, ne fait qu\u2019attiser la haine et le sentiment d\u2019exclusion. Les jeunes r\u00e9volt\u00e9s sont insouciants peut \u00eatre des retomb\u00e9es de cette violence urbaine, dans laquelle certains auraient tout int\u00e9r\u00eat \u00e0 les confiner, pour les cat\u00e9goriser de casseurs et d\u2019\u00e9meutiers.<br \/>\nToute logique r\u00e9pressive donne le sentiment de g\u00e9rer la situation. Face au sentiment de risque de tout caract\u00e8re discriminatoire de quelque dispositif r\u00e9pressif que ce soit, il nous faut trouver des supports dans une perspective constructive et f\u00e9conde. Ce ne sera possible que par le biais d\u2019une action polici\u00e8re r\u00e9form\u00e9e et humanis\u00e9e, d\u2019une police de proximit\u00e9, qui soit initi\u00e9e \u00e0 la communication non-violence et \u00e0 la maitrise de ses \u00e9motions, et qui lutte contre toute forme de d\u00e9rive. Cela exclut toute r\u00e9pression institutionnalis\u00e9e qui engendre du chaos, ou \u00e9radique la logique du tout s\u00e9curitaire, \u00e0 la mani\u00e8re du minable \u2018plan canal\u2019, qui renforce la ghetto\u00efsation d\u2019une jeunesse cat\u00e9goris\u00e9e de \u2018d\u00e9linquante\u2019 et de \u2018radicale\u2019, et qui rajoute de la m\u00e9fiance et gonfle l\u2019exclusion de nombreux jeunes<br \/>\n\u2018musulmans\u2019 bruxellois. Toute approche socio-s\u00e9curitaire qui engendre de l\u2019assistanat r\u00e9pressif, criminalise des citoyens et d\u00e9shumanise leur dignit\u00e9. La souffrance, la culpabilit\u00e9, l\u2019\u00e9moi, tout cela ne fera pas revenir Adil, paix \u00e0 son \u00e2me, car tel l\u2019enseigne le Coran : \u2018A Dieu nous appartenons, et c\u2019est vers Lui que se fera notre retour \u2019, (sourate II-156). Le fait que Adil, paix \u00e0 son \u00e2me, ne se soit pas arr\u00eat\u00e9, pour quelque cause que ce soit, cela n\u2019excuse en rien l\u2019attitude irresponsable qui provoqua l\u2019accident en le percutant, ou en l\u2019amenant \u00e0 percuter un v\u00e9hicule.<br \/>\nL\u2019enqu\u00eate, j\u2019ose esp\u00e9rer, objective et impartiale, d\u00e9montrera la v\u00e9rit\u00e9, insh\u00e2 All\u00e2h. Dieu, le Juge Absolu, rend justice ; et si ne ce n\u2019est ici-bas, ce sera dans l\u2019au-del\u00e0, Amen !<\/p>\n<p style=\"text-align: left;\">Bruxelles, le 19 cha\u2019bane 1441 &#8211; le 12 avril 2020<br \/>\nYacob MAHI<br \/>\nTh\u00e9ologien \u2013 Islamologue,<br \/>\nDr en Histoire et Sciences des Religions<\/p>\n","protected":false},"excerpt":{"rendered":"<p>En Son nom, l\u2019Exalt\u00e9 Adil, le martyr de l\u2019innocence ! Un deuil convoit\u00e9 par la violence Au vu de l\u2019ampleur des \u00e9v\u00e9nements depuis ladite \u2018course-poursuite\u2019 qui a co\u00fbt\u00e9 vendredi soir la vie \u00e0 Adil (+2020),le martyr de l\u2019innocence, que Dieu lui accorde Sa mis\u00e9ricorde, et que son \u00e2me puisse reposer en paix, Amen ; le &#8230; <a title=\"Adil, le martyr de l\u2019innocence ! Un deuil convoit\u00e9 par la violence\" class=\"read-more\" href=\"https:\/\/bruxelles-pantheres.be\/?p=4411\" aria-label=\"En savoir plus sur Adil, le martyr de l\u2019innocence ! Un deuil convoit\u00e9 par la violence\">Lire la suite<\/a><\/p>\n","protected":false},"author":1,"featured_media":3201,"comment_status":"open","ping_status":"open","sticky":false,"template":"","format":"standard","meta":{"footnotes":""},"categories":[24,36,4,18,28,37,39,5],"tags":[420,419,61],"class_list":["post-4411","post","type-post","status-publish","format-standard","has-post-thumbnail","hentry","category-belgique-maroc","category-europe","category-islamophobie","category-resistance-bruxelles","category-racismes","category-romophobie","category-sans-papier","category-violence-policiere","tag-adil","tag-anderlecht","tag-yacob-mahi"],"_links":{"self":[{"href":"https:\/\/bruxelles-pantheres.be\/index.php?rest_route=\/wp\/v2\/posts\/4411","targetHints":{"allow":["GET"]}}],"collection":[{"href":"https:\/\/bruxelles-pantheres.be\/index.php?rest_route=\/wp\/v2\/posts"}],"about":[{"href":"https:\/\/bruxelles-pantheres.be\/index.php?rest_route=\/wp\/v2\/types\/post"}],"author":[{"embeddable":true,"href":"https:\/\/bruxelles-pantheres.be\/index.php?rest_route=\/wp\/v2\/users\/1"}],"replies":[{"embeddable":true,"href":"https:\/\/bruxelles-pantheres.be\/index.php?rest_route=%2Fwp%2Fv2%2Fcomments&post=4411"}],"version-history":[{"count":4,"href":"https:\/\/bruxelles-pantheres.be\/index.php?rest_route=\/wp\/v2\/posts\/4411\/revisions"}],"predecessor-version":[{"id":4415,"href":"https:\/\/bruxelles-pantheres.be\/index.php?rest_route=\/wp\/v2\/posts\/4411\/revisions\/4415"}],"wp:featuredmedia":[{"embeddable":true,"href":"https:\/\/bruxelles-pantheres.be\/index.php?rest_route=\/wp\/v2\/media\/3201"}],"wp:attachment":[{"href":"https:\/\/bruxelles-pantheres.be\/index.php?rest_route=%2Fwp%2Fv2%2Fmedia&parent=4411"}],"wp:term":[{"taxonomy":"category","embeddable":true,"href":"https:\/\/bruxelles-pantheres.be\/index.php?rest_route=%2Fwp%2Fv2%2Fcategories&post=4411"},{"taxonomy":"post_tag","embeddable":true,"href":"https:\/\/bruxelles-pantheres.be\/index.php?rest_route=%2Fwp%2Fv2%2Ftags&post=4411"}],"curies":[{"name":"wp","href":"https:\/\/api.w.org\/{rel}","templated":true}]}}