{"id":442,"date":"2013-04-11T04:47:12","date_gmt":"2013-04-11T03:47:12","guid":{"rendered":"https:\/\/bruxelles-pantheres.be\/?p=442"},"modified":"2013-11-10T04:49:54","modified_gmt":"2013-11-10T03:49:54","slug":"la-psychopathologie-suite-a-emprisonnements-et-tortures","status":"publish","type":"post","link":"https:\/\/bruxelles-pantheres.be\/?p=442","title":{"rendered":"La psychopathologie suite \u00e0 emprisonnements et tortures"},"content":{"rendered":"<div>\n<div>La psychopathologie suite \u00e0 emprisonnements et tortures<\/div>\n<p>samedi 23 f\u00e9vrier 2008 \u2013 Samah Jabr<\/p>\n<div>\n<div>\n<dl>\n<dt><img decoding=\"async\" alt=\"JPEG - 26.8\u00a0ko\" src=\"http:\/\/www.info-palestine.eu\/IMG\/jpg\/Morshid_Grai_1.jpg\" width=\"400\" height=\"269\" \/><\/dt>\n<dd>Depuis le d\u00e9but de l\u2019occupation isra\u00e9lienne en 1967, plus de 650 000 Palestiniens<br \/>\nont \u00e9t\u00e9 d\u00e9tenus par Isra\u00ebl. (illustration\u00a0: Morshid Grai)<\/dd>\n<\/dl>\n<p><strong> <i>\u00ab\u00a0La pi\u00e8ce \u00e9tait tr\u00e8s petite, je ne pouvais me d\u00e9placer. Mes articulations \u00e9taient tout irrit\u00e9es. Mes intestins me faisaient mal comme s\u2019ils se d\u00e9chiraient\u00a0; sans savoir comment, j\u2019avais l\u2019impression que tout dans mon corps \u00e9tait devenu artificiel\u00a0; mes visc\u00e8res n\u2019\u00e9taient pas les miens.\u00a0\u00bb<!--more--><\/i> <\/strong><\/p>\n<p>Depuis le d\u00e9but de l\u2019occupation isra\u00e9lienne des territoires palestiniens en 1967, plus de 650 000 Palestiniens ont \u00e9t\u00e9 d\u00e9tenus par Isra\u00ebl. C\u2019est-\u00e0-dire environ 20\u00a0% de la population palestinienne des territoires occup\u00e9s, et 40\u00a0% de la population masculine puisque la majorit\u00e9 des d\u00e9tenus sont des hommes. Dans mon travail au secteur m\u00e9dico-psychiatrique, en Cisjordanie, j\u2019ai pu observer que pour un bon nombre de nos malades, la premi\u00e8re phase de maladie mentale se manifestait lors de leur d\u00e9tention ou juste \u00e0 leur lib\u00e9ration. L\u2019\u00e9bauche qui suit traite du cas particulier d\u2019un homme de 46 ans qui a d\u00e9velopp\u00e9 une psychose \u00e0 sa 5\u00e8me d\u00e9tention. Je vais d\u2019abord relater l\u2019histoire de ce malade particulier puis apporter un \u00e9clairage sur ce cas avec un examen plus pouss\u00e9 des effets de la torture en g\u00e9n\u00e9ral.<\/p>\n<p><strong>Sa famille, son histoire personnelle et sa personnalit\u00e9 avant la maladie<\/strong><\/p>\n<p>Le malade, Jamal, est le troisi\u00e8me de onze enfants, trois gar\u00e7ons et huit filles. Son fr\u00e8re a\u00een\u00e9 a \u00e9t\u00e9 tu\u00e9. Son p\u00e8re est d\u00e9c\u00e9d\u00e9. Jamal vit avec sa m\u00e8re, son \u00e9pouse, \u00e2g\u00e9e de 37 ans, et ses enfants\u00a0: deux gar\u00e7ons et six filles qui ont entre 18 et 25 ans. Il n\u2019y a pas de maladie mentale dans l\u2019histoire de la famille. Le malade a re\u00e7u un enseignement du niveau secondaire. Il s\u2019est mari\u00e9 \u00e0 19 ans, travaillait en tant que salari\u00e9 mais est actuellement sans emploi. Jamal est signal\u00e9 comme ayant \u00e9t\u00e9 pr\u00e9c\u00e9demment quelqu\u2019un de tenace, de r\u00e9serv\u00e9, perfectionniste, un homme id\u00e9aliste.<\/p>\n<p><strong>L\u2019examen psychiatrique initial<\/strong><\/p>\n<p>Le malade est venu seul \u00e0 l\u2019entretien. Il semble tr\u00e8s organis\u00e9, sur des bouts de papier il a not\u00e9 les noms et les doses des m\u00e9dicaments qu\u2019il prend. Il appara\u00eet tr\u00e8s r\u00e9serv\u00e9, inquiet et montre une attitude tr\u00e8s polie. Jamal affirme qu\u2019il va \u00ab\u00a0bien\u00a0\u00bb\u00a0: son seul probl\u00e8me est le ch\u00f4mage, et aussi un manque de concentration. Il d\u00e9ment avoir des hallucinations depuis sa sortie de prison. Cependant, il croit que des \u00ab\u00a0collaborateurs\u00a0\u00bb sont apr\u00e8s lui et pourraient obtenir des informations sur lui et sa famille. Il le sait \u00e0 cause de d\u00e9clics qu\u2019il entend parfois dans le t\u00e9l\u00e9phone et de gestes des voisins quand ceux-ci viennent lui rendre visite. Il semble tr\u00e8s d\u00e9sorient\u00e9 quand il parle de cela et se plaint que son \u00e9pouse et ses enfants, des <i>\u00ab\u00a0na\u00effs\u00a0\u00bb<\/i>, veuillent parler \u00e0 des \u00e9trangers. Le malade est \u00e9veill\u00e9, il sait se rep\u00e9rer par rapport au temps, aux lieux et aux personnes, et il montre une concentration et une m\u00e9moire satisfaisantes. Dans les paragraphes qui suivent, son histoire va se d\u00e9rouler au fil de la discussion, il parle surtout de ses exp\u00e9riences de d\u00e9tenu. Alors qu\u2019il s\u2019exprime, souvent il fond en larmes. Parfois, son \u00e9pouse intervient et donne sa version des faits.<\/p>\n<p><strong>Ant\u00e9c\u00e9dents de la maladie<\/strong><\/p>\n<p>Jamal est un ancien prisonnier politique. Il a \u00e9t\u00e9 enferm\u00e9, sans accusation ni jugement, 5 fois. La premi\u00e8re fois, il avait 14 ans, en 1975, apr\u00e8s la mort de son fr\u00e8re a\u00een\u00e9\u00a0; son fr\u00e8re n\u2019\u00e9tait m\u00eame pas militant mais il a \u00e9t\u00e9 tu\u00e9 \u00ab\u00a0par hasard\u00a0\u00bb, alors que, sur le chemin de son \u00e9cole, il croisait une manifestation. <i>\u00ab\u00a0Mon fr\u00e8re a \u00e9t\u00e9 bless\u00e9 par les soldats et moi j\u2019ai \u00e9t\u00e9 arr\u00eat\u00e9. En prison, j\u2019ai appris que mon fr\u00e8re \u00e9tait mort. Je suis rest\u00e9 six mois en prison. Au d\u00e9but, j\u2019\u00e9tais tr\u00e8s triste et c\u2019\u00e9tait tr\u00e8s dur. Quand je suis sorti, j\u2019ai senti que j\u2019avais beaucoup vieilli. En 1981, j\u2019ai \u00e9t\u00e9 fait prisonnier \u00e0 nouveau, je ne sais toujours pas pourquoi. Cette fois-l\u00e0, je suis rest\u00e9 six mois sous interrogatoire. En prison, j\u2019ai d\u00e9cid\u00e9 de me marier aussit\u00f4t que je sortirai, je voulais une vie normale. Je me suis mari\u00e9 quelques mois apr\u00e8s ma lib\u00e9ration. Dans l\u2019ann\u00e9e qui a suivi, j\u2019ai eu mon premier enfant. En 1987, je suis arr\u00eat\u00e9 une fois encore\u00a0; mon \u00e9pouse \u00e9tait enceinte, elle a accouch\u00e9 pendant ma d\u00e9tention. En 1990, j\u2019avais des charges financi\u00e8res assez \u00e9lev\u00e9es et des dettes, ma quatri\u00e8me d\u00e9tention a mis ma famille dans une situation difficile. A chaque fois, ma d\u00e9tention a dur\u00e9 six mois, et \u00e0 chaque fois, j\u2019ai \u00e9t\u00e9 soumis \u00e0 interrogatoire et subi des tortures physiques et psychologiques.\u00a0\u00bb<\/i><\/p>\n<p>D\u2019apr\u00e8s l\u2019\u00e9pouse de Jamal, il \u00e9tait <i>\u00ab\u00a0normal\u00a0\u00bb<\/i> quand il sortait de prison, mais il ne parle jamais de ce qu\u2019il a support\u00e9. Mais en 2003, il a \u00e9t\u00e9 arr\u00eat\u00e9 \u00e0 nouveau, et cette fois pour 11 mois\u00a0; quand il revient, il a chang\u00e9. Son \u00e9pouse raconte\u00a0: <i>\u00ab\u00a0A sa sortie de prison, on m\u2019a dit qu\u2019il \u00e9tait devenu \u00ab\u00a0fou\u00a0\u00bb lors de ses trois derniers mois de d\u00e9tention. Au d\u00e9but, je ne le croyais pas, mais maintenant je m\u2019inqui\u00e8te beaucoup pour lui. Il est tr\u00e8s m\u00e9fiant, il doute de tout le monde\u00a0: de moi, des enfants, des voisins, de tout le monde. Il interpr\u00e8te tout de travers. Si un voisin nous rend visite, il le prend pour un espion. Il refuse de manger ce que les gens nous apportent. Il a bris\u00e9 les t\u00e9l\u00e9phones portables, et les antennes, car il croit que nous nous prot\u00e9gerons mieux contre les d\u00e9lateurs\u00a0\u00bb<\/i>. Son \u00e9pouse croit aussi qu\u2019il entend des voix. Elle ne l\u2019a jamais vu parler tout seul mais il est souvent tr\u00e8s concentr\u00e9 et inquiet, comme s\u2019il \u00e9coutait quelque chose ou quelqu\u2019un. <i>\u00ab\u00a0Il dort peu et quand il dort, il crie et parle de torture. Il ne dort plus avec moi, il est devenu impuissant. Il mange aussi tr\u00e8s peu et pr\u00e9pare sa nourriture lui-m\u00eame. Je suis vraiment tr\u00e8s inqui\u00e8te \u00e0 son sujet. Il est toujours fatigu\u00e9, souvent triste, il reste toute la journ\u00e9e en pyjama. Il ne travaille plus du tout.\u00a0\u00bb<\/i> La cinqui\u00e8me d\u00e9tention semble avoir provoqu\u00e9 un changement important dans la vie de Jamal. Qu\u2019est-ce qui n\u2019a pas \u00e9t\u00e9 cette fois\u00a0?<\/p>\n<p>A chacune de ses d\u00e9tentions il a \u00e9t\u00e9 tortur\u00e9 mais la derni\u00e8re fois, il l\u2019a \u00e9t\u00e9 bien plus violemment. <i>\u00ab\u00a0Ils ont voulu m\u2019obliger \u00e0 avouer des choses que je n\u2019avais pas commises. Mes mains et mes pieds \u00e9taient ligot\u00e9s. Ils me frappaient m\u00e9chamment. Ils m\u2019injuriaient avec les mots les plus obsc\u00e8nes touchant \u00e0 ma religion, \u00e0 mon \u00e9pouse et \u00e0 ma m\u00e8re. Ils me mena\u00e7aient en permanence de nuire \u00e0 ma famille. Mon visage \u00e9tait recouvert d\u2019un sac mouill\u00e9 avec de l\u2019eau d\u2019\u00e9coulement. Pendant des nuits et des jours, j\u2019ai \u00e9t\u00e9 suspendu, parfois la t\u00eate en bas et parfois sur une chaise retourn\u00e9e, dans ce qu\u2019ils appellent \u00ab\u00a0la position de la grenouille\u00a0\u00bb. C\u2019\u00e9tait extr\u00eamement douloureux. C\u2019\u00e9tait comme si mes membres se d\u00e9chiraient. Puis, il y a eu les douches, tr\u00e8s chaudes, puis tr\u00e8s froides, et l\u2019enfermement dans une petite pi\u00e8ce qu\u2019ils appellent le \u00ab\u00a0placard\u00a0\u00bb, ou parfois dans un autre endroit encore plus petit, dans le sol, appel\u00e9 le \u00ab\u00a0cercueil\u00a0\u00bb. Il y avait aussi une troisi\u00e8me pi\u00e8ce, remplie de collaborateurs, qui s\u2019appelle la \u00ab\u00a0salle de la honte\u00a0\u00bb car certains d\u2019entre eux y ont commis des violences sexuelles. Souvent, mon estomac hurlait \u00e0 la faim et je vomissais beaucoup, en particulier quand ils m\u2019\u00e9tiraient les jambes et les bras ensemble. Souvent aussi, je faisais pipi sous moi.\u00a0\u00bb<\/i><\/p>\n<p>&nbsp;<\/p>\n<p><i>\u00ab\u00a0Quand j\u2019\u00e9tais incarc\u00e9r\u00e9 dans un silence total et dans le noir complet, je perdais tout sens du temps\u00a0; je ne pouvais plus compter les jours. Le silence \u00e9tait souvent rompu par des cris, des gens qu\u2019on torturait, ou par des vocif\u00e9rations de gardes ou des chants braill\u00e9s en h\u00e9breu. L\u00e0, j\u2019ai senti que tout mon corps n\u2019\u00e9tait plus que douleur. La pi\u00e8ce \u00e9tait tr\u00e8s petite, je ne pouvais me d\u00e9placer. Mes articulations \u00e9taient tout irrit\u00e9es. Mes intestins me faisaient mal comme s\u2019ils se d\u00e9chiraient\u00a0; sans savoir comment, j\u2019avais l\u2019impression que tout dans mon corps \u00e9tait devenu artificiel\u00a0; mes visc\u00e8res n\u2019\u00e9taient pas les miens. C\u2019est alors que j\u2019ai commenc\u00e9 \u00e0 entendre des voix, et aussi \u00e0 voir des visages de personnes qui \u00e9taient \u00e0 l\u2019ext\u00e9rieur de la prison\u00a0; je pensais qu\u2019ils venaient \u00e0 la prison pour fournir des informations sur moi. J\u2019\u00e9tais tr\u00e8s effray\u00e9 et tr\u00e8s en col\u00e8re. Je me suis mis \u00e0 hurler apr\u00e8s eux, j\u2019ai beaucoup cri\u00e9, jusqu\u2019\u00e0 ce que les gardes s\u2019en prennent \u00e0 moi et me brutalisent parce que je criais.\u00a0\u00bb<\/i><\/p>\n<p><strong>Traitement<\/strong><\/p>\n<p>Quand Jamal a quitt\u00e9 la prison, il a \u00e9t\u00e9 identifi\u00e9 comme un cas de \u00ab\u00a0schizophr\u00e9nie\u00a0\u00bb. Apr\u00e8s lui avoir prescrit des antipsychotiques particuliers pendant six mois, il a montr\u00e9 une am\u00e9lioration partielle sans aucune hallucination. Cependant, il n\u2019y avait aucun changement significatif dans son \u00e9tat d\u2019esprit. Trois semaines apr\u00e8s qu\u2019il ait insist\u00e9 sur l\u2019am\u00e9lioration de son \u00e9tat de sant\u00e9, il a cess\u00e9 de prendre ses m\u00e9dicaments. Il est devenu hostile \u00e0 sa famille et aux voisins qui venaient \u00ab\u00a0prendre de ses nouvelles\u00a0\u00bb. Il a donc fallu reprendre les prescriptions d\u2019antipsychotiques et d\u2019antid\u00e9presseurs, associ\u00e9s \u00e0 une psychoth\u00e9rapie de soutien pour traiter les sympt\u00f4mes r\u00e9siduels d\u2019angoisse, de d\u00e9pression, de cauchemars et d\u2019absence de r\u00e9action \u00e9motionnelle, et aider Jamal \u00e0 retrouver son identit\u00e9 et \u00e0 int\u00e9grer ses souvenirs douloureux.<\/p>\n<dl>\n<dt><img decoding=\"async\" alt=\"JPEG - 12.4\u00a0ko\" src=\"http:\/\/www.info-palestine.eu\/IMG\/jpg\/Mains_350.jpg\" width=\"350\" height=\"246\" \/><\/dt>\n<dd>La torture peut p\u00e9n\u00e9trer et d\u00e9truire la conviction des sujets<br \/>\n\u00e0 \u00eatre autonomes en tant qu\u2019\u00eatres humains.<\/dd>\n<\/dl>\n<p><strong>Tortures et psychopathologie<\/strong><\/p>\n<p>L\u2019expos\u00e9 ci-dessus traite d\u2019un cas de d\u00e9but tardif de psychose affective, avec une id\u00e9ation d\u00e9lirante parano\u00efaque et les sympt\u00f4mes d\u2019une d\u00e9pression majeure. C\u2019est une maladie que nous rencontrons souvent chez les anciens prisonniers politiques qui furent soumis \u00e0 des tortures physiques et psychologiques. Kaplan et Sadock (2003) indiquent que <i>\u00ab\u00a0la torture se distingue des autres formes de traumas car elle est inflig\u00e9e par des humains et d\u00e9lib\u00e9r\u00e9e\u00a0\u00bb<\/i>. Les recherches de Kaplan et Sadock ont r\u00e9v\u00e9l\u00e9 une fr\u00e9quence de 36\u00a0% d\u2019ESPT (\u00e9tat de stress post-traumatique) chez les survivants \u00e0 la torture, ainsi qu\u2019un taux \u00e9lev\u00e9 de d\u00e9pression et d\u2019angoisse. Comme autres maladies psychologiques communes, il y a la somatisation, les sympt\u00f4mes obsessionnels compulsifs, l\u2019hostilit\u00e9, la phobie, l\u2019id\u00e9ation parano\u00efaque et des \u00e9pisodes psychotiques.<\/p>\n<p>La torture a pour but d\u2019accro\u00eetre la suggestibilit\u00e9 de la personne tortur\u00e9e, d\u2019alt\u00e9rer son jugement et sa capacit\u00e9 \u00e0 s\u2019opposer par des arguments logiques \u00e0 ceux qui l\u2019interrogent, et de semer la confusion dans ce qu\u2019elle admet et ce qu\u2019elle nie. Dans son livre <i>Probl\u00e8me de la torture\u00a0: les interrogatoires de la CIA, de la Guerre froide \u00e0 la guerre contre le terrorisme<\/i>, McCoy analyse une recherche commandit\u00e9e par la CIA aupr\u00e8s de l\u2019universit\u00e9 McGill [Montr\u00e9al] et r\u00e9alis\u00e9e par le Dr Donald Hebb. Pour cette \u00e9tude, 22 \u00e9tudiants de la facult\u00e9 ont \u00e9t\u00e9 plac\u00e9s dans des petites cabines insonoris\u00e9es, portant des lunettes protectrices translucides, des gants \u00e9pais, avec un oreiller en forme de U autour de la t\u00eate. La plupart des sujets se sont retir\u00e9s de l\u2019\u00e9tude dans les deux jours, tous ont eu des hallucinations et subi <i>\u00ab\u00a0une d\u00e9gradation de leur capacit\u00e9 \u00e0 penser avec m\u00e9thode\u00a0; les sujets \u00e9taient tellement affam\u00e9s qu\u2019ils \u00e9taient pr\u00eats m\u00eame \u00e0 une interaction avec leur interrogateur.\u00a0\u00bb<\/i> rapporte McCoy. Quoique la torture institutionnalis\u00e9e tende \u00e0 \u00eatre subtile et facilement dissimulable, elle n\u2019en vise pas moins \u00e0 troubler les besoins psychologiques, \u00e0 provoquer des dommages profonds aux structures psychologiques et \u00e0 briser les bases des fonctions intellectuelles normales.<\/p>\n<p>La torture peut p\u00e9n\u00e9trer et d\u00e9truire la conviction des sujets \u00e0 \u00eatre autonomes en tant qu\u2019\u00eatres humains, elle peut an\u00e9antir leurs pr\u00e9somptions d\u2019int\u00e9riorit\u00e9, de vie priv\u00e9e, d\u2019intimit\u00e9. Dans <i>Ethique de l\u2019indicible\u00a0: les survivants \u00e0 la torture en traitement psychanalytique<\/i>, Beatrice Patsalides d\u00e9crit comment, \u00e0 la suite de tortures, le d\u00e9calage entre le \u00ab\u00a0je\u00a0\u00bb et le \u00ab\u00a0moi\u00a0\u00bb s\u2019accentue, et comment l\u2019\u00e9paisseur entre le \u00ab\u00a0moi\u00a0\u00bb et le \u00ab\u00a0toi\u00a0\u00bb dispara\u00eet.<\/p>\n<p>La torture implique l\u2019usage d\u00e9lib\u00e9r\u00e9 d\u2019agressions extr\u00eames, notamment de fortes douleurs physiques, conduisant \u00e0 des douleurs psychologiques telles que la peur paralysante de la douleur et de la mort, la confusion par une envie non satisfaite, la transgression des normes sociales ou sexuelles et l\u2019isolement prolong\u00e9. Des techniques telles que la cagoule pour la d\u00e9sorientation sensorielle, la nudit\u00e9 forc\u00e9e, la position debout forc\u00e9e, les douches froides et le bandage des yeux, ou impressionner les d\u00e9tenus avec des chiens de l\u2019arm\u00e9e, leur refuser la nourriture et l\u2019eau, les asperger d\u2019urine ou de mati\u00e8res f\u00e9cales, sont fr\u00e9quemment signal\u00e9es. Parfois, ces traitements d\u00e9gradants se retrouvent en contradiction nette avec la gentillesse simul\u00e9e, le faux favoritisme et le traitement sp\u00e9cial royal qui visent \u00e0 abuser davantage le sujet et \u00e0 l\u2019amener \u00e0 la construction d\u2019une personnalit\u00e9 et d\u2019une conviction ali\u00e9n\u00e9es, incoh\u00e9rentes ou discr\u00e9dit\u00e9es. Quand les besoins physiologiques de la personne tortur\u00e9e sont ma\u00eetris\u00e9s par le tortionnaire et autoris\u00e9s \u00e0 ne s\u2019exprimer que de fa\u00e7on auto-d\u00e9gradante et d\u00e9shumanisante, quand un sentiment de honte, de nullit\u00e9 et de d\u00e9pendance est inject\u00e9 par un tiers condescendant, cruel, alors, cela peut provoquer chez le sujet une r\u00e9gression psychologique du fait de l\u2019apport d\u2019une force ext\u00e9rieure sup\u00e9rieure pesant sur sa volont\u00e9 \u2013 \u00e0 lui ou \u00e0 elle \u2013 de r\u00e9sister.<\/p>\n<p>Dans son \u00e9valuation sur les victimes de la torture et d\u2019autres mauvais traitements pendant les guerres du Balkan, Basoglu a \u00e9tabli que la torture psychologique \u00e9tait aussi n\u00e9faste que la torture physique, et qu\u2019elle conduisait de la m\u00eame mani\u00e8re \u00e0 des taux \u00e9lev\u00e9s de d\u00e9pression et d\u2019ESPT. Ce qui importait surtout \u00e9tait le degr\u00e9 \u00e0 partir duquel la victime ressentait une perte de contr\u00f4le. La perte du contr\u00f4le de sa propre vie et de son propre corps, caus\u00e9e par la torture, est souvent exacerb\u00e9e par l\u2019incr\u00e9dulit\u00e9 que ressentent de nombreux sujets ayant \u00e9t\u00e9 soumis \u00e0 la torture, quand ils essaient d\u2019exprimer ce qu\u2019il leur a fallu traverser, surtout s\u2019ils sont incapables de montrer des cicatrices ou d\u2019autres preuves \u00ab\u00a0objectives\u00a0\u00bb de leur exp\u00e9rience personnelle de la douleur. La torture peut aussi modifier le type de leur relation avec la r\u00e9alit\u00e9 et le sens d\u2019eux-m\u00eames. Longtemps m\u00eame apr\u00e8s que la torture r\u00e9elle ait cess\u00e9, certaines victimes se sentent mises \u00e0 l\u2019\u00e9cart, incapables de communiquer, d\u2019\u00e9tablir une relation, de s\u2019attacher ou de s\u2019identifier \u00e0 d\u2019autres. Leur confiance s\u2019est \u00e9rod\u00e9e, leurs relations les plus proches et le r\u00e9seau de toute une vie de ceux qui les ont soutenues sont boulevers\u00e9s.<\/p>\n<p>Comme nous l\u2019avons vu, un certain nombre de dysfonctionnements sont attribu\u00e9s \u00e0 la torture, tels l\u2019ESPT, la psychose, la d\u00e9pression et l\u2019angoisse. Dans l\u2019exercice de ma profession, la psychopathologie d\u00e9clanch\u00e9e par la torture peut varier dans un large spectre, depuis des sympt\u00f4mes plus imperceptibles \u2013 comme la fadeur \u00e9motionnelle, le repli social, les micro-\u00e9pisodes psychotiques, le disfonctionnement sexuel et les souvenirs d\u2019\u00e9v\u00e8nements traumatiques qui s\u2019immiscent sous la forme de cauchemars, de flash-back, ou d\u2019associations p\u00e9nibles \u2013 jusqu\u00e0 des sympt\u00f4mes graves \u2013 comme les troubles de m\u00e9moire, les hallucinations, l\u2019incapacit\u00e9 \u00e0 garder des relations de longue dur\u00e9e ou m\u00eame simplement intimes, et les changements persistants dans la sensibilit\u00e9 et l\u2019affect.<\/p>\n<p>J\u2019esp\u00e8re que mes observations pourront servir de pr\u00e9curseur \u00e0 une \u00e9tude pilote qui permettrait d\u2019\u00e9valuer la fr\u00e9quence de la psychopathologie chez les anciens prisonniers palestiniens, compar\u00e9s \u00e0 une population qui n\u2019a pas connu la prison et \u00e0 des populations d\u2019anciens prisonniers dans d\u2019autres contextes conflictuels.<\/p>\n<p><strong>R\u00e9f\u00e9rences\u00a0:<\/strong><\/p>\n<p><img decoding=\"async\" alt=\"-\" src=\"http:\/\/www.info-palestine.eu\/puce.gif\" width=\"8\" height=\"11\" \/>\u00a0Basoglu, M.\u00a0et al. (2005). <i>Psychiatric and cognitive effects of war in former Yugoslavia<\/i>\u00a0: Association of Lack of Redress for Trauma and Posttraumatic Stress Reactions\u00a0: JAMA 294 (5), pp. 580-590.<\/p>\n<p><img decoding=\"async\" alt=\"-\" src=\"http:\/\/www.info-palestine.eu\/puce.gif\" width=\"8\" height=\"11\" \/>\u00a0Gelder, M.\u00a0et al. (2000). <i>Oxford Textbook of Psychiatry<\/i>, Third Edition. Oxford University.<\/p>\n<p><img decoding=\"async\" alt=\"-\" src=\"http:\/\/www.info-palestine.eu\/puce.gif\" width=\"8\" height=\"11\" \/>\u00a0Press\u00a0: New York.. Kaplan &amp; Sadock, (2003). <i>Synopsis of psychiatry, Behavioral sciences, and Clinical Psychiatry<\/i>, Ninth Edition. Philadelphia\u00a0: Lippincott Williams &amp; Wilkins.<\/p>\n<p><img decoding=\"async\" alt=\"-\" src=\"http:\/\/www.info-palestine.eu\/puce.gif\" width=\"8\" height=\"11\" \/>\u00a0McCoy A., (2006) <i>A Question of Torture\u00a0: CIA Interrogation, from the Cold War to the War on Terror<\/i>. Owl Books.<\/p>\n<p><img decoding=\"async\" alt=\"-\" src=\"http:\/\/www.info-palestine.eu\/puce.gif\" width=\"8\" height=\"11\" \/>\u00a0Patsalides, B. M.\u00a0(1999). <i>Ethics of the Un speakable\u00a0: Torture Survivors in Analytic Treatment<\/i>. The Journal of the Northern California Society for Psychoanalytic Psychology, Vol. 5 (1).<\/p>\n<p><img decoding=\"async\" alt=\"-\" src=\"http:\/\/www.info-palestine.eu\/puce.gif\" width=\"8\" height=\"11\" \/>\u00a0Vaknin. S. (2005). <a href=\"http:\/\/www.globalpolitician.com\/articleshow.asp?ID=687&amp;cid=10&amp;sid=47\" rel=\"external\"><i>The Psychology of Torture\u00a0: Global Politician<\/i><\/a> \u2013 (5 June)<\/p>\n<p><strong>Sites internet recommand\u00e9s<\/strong>\u00a0:<\/p>\n<p><a href=\"http:\/\/www.pcbs.gov.ps\/\" rel=\"external\">http:\/\/www.pcbs.gov.ps\/<\/a><br \/>\n<a href=\"http:\/\/www.palestinemonitor.org\/spip\/spip.php?article10\" rel=\"external\">http:\/\/www.palestinemonitor.org\/spi\u2026<\/a><br \/>\n<a href=\"http:\/\/www.palestinemonitor.org\/spip\/spip.php?article9\" rel=\"external\">http:\/\/www.palestinemonitor.org\/spi\u2026<\/a><\/p>\n<dl>\n<dt><img decoding=\"async\" alt=\"JPEG - 17.9\u00a0ko\" src=\"http:\/\/www.info-palestine.eu\/IMG\/jpg\/torture_position_en_banane.jpg\" width=\"300\" height=\"246\" \/><\/dt>\n<dd>Torture\u00a0: position en \u00ab\u00a0banane\u00a0\u00bb. (Palestine Monitor)<\/dd>\n<\/dl>\n<p><img decoding=\"async\" alt=\"\" src=\"http:\/\/www.info-palestine.eu\/IMG\/jpg\/Samah_et_drapeau-2-3.jpg\" width=\"150\" height=\"234\" \/><\/p>\n<p>Samah Jabr est m\u00e9decin psychiatre palestinienne, elle vit dans J\u00e9rusalem occup\u00e9e et y travaille au sein d\u2019une clinique psychiatrique qu\u2019elle a cr\u00e9\u00e9e.<\/p>\n<p>Elle est francophone et donne des conf\u00e9rences pour envisager d\u2019autres perspectives et sortir de la situation actuelle de la Palestine.<\/p>\n<p>L\u2019un des objets politiques de son combat est un \u00c9tat unique pour une perspective de paix et de libert\u00e9 commune. Samah est aussi chroniqueuse pour diff\u00e9rentes publications internationales (<i>The Palestine Report<\/i>, <i>Washington Report<\/i> (Moyen-Orient), <i>Palestine Times<\/i> de Londres, <i>The International Herald Tribune<\/i>, <i>The Philadelphia Inquirer<\/i>, <i>Ha\u2019aretz<\/i>, <i>Australian Options<\/i>, <i>The New Internationalists<\/i> et d\u2019autres publications).<\/p>\n<p>Ses chroniques touchantes nous parlent d\u2019une vie au quotidien en pleine occupation\u00a0; d\u2019un regard lucide, elle nous fait partager ses r\u00e9flexions en tissant des liens entre sa vie intime, son travail en milieu psychiatrique et les diff\u00e9rents aspects politique d\u2019une situation d\u2019apartheid. (<i>Indymedia<\/i>).<\/p>\n<\/div>\n<div>\n<p>Janvier 2008 \u2013 Re\u00e7u de l\u2019auteur par les \u00ab\u00a0Amis de Jayyous\u00a0\u00bb. Cet article est paru en version anglaise dans le dernier num\u00e9ro de <i>Impuls Journal of Psychology<\/i>, la plus ancienne revue de psychologie des pays nordiques. \u2013 Traduction\u00a0: JPP<\/p>\n<p><a href=\"http:\/\/www.info-palestine.eu\/spip.php?page=impression&amp;id_article=3849\">Source<\/a><\/p>\n<\/div>\n<\/div>\n<\/div>\n","protected":false},"excerpt":{"rendered":"<p>La psychopathologie suite \u00e0 emprisonnements et tortures samedi 23 f\u00e9vrier 2008 \u2013 Samah Jabr Depuis le d\u00e9but de l\u2019occupation isra\u00e9lienne en 1967, plus de 650 000 Palestiniens ont \u00e9t\u00e9 d\u00e9tenus par Isra\u00ebl. (illustration\u00a0: Morshid Grai) \u00ab\u00a0La pi\u00e8ce \u00e9tait tr\u00e8s petite, je ne pouvais me d\u00e9placer. Mes articulations \u00e9taient tout irrit\u00e9es. Mes intestins me faisaient mal &#8230; <a title=\"La psychopathologie suite \u00e0 emprisonnements et tortures\" class=\"read-more\" href=\"https:\/\/bruxelles-pantheres.be\/?p=442\" aria-label=\"En savoir plus sur La psychopathologie suite \u00e0 emprisonnements et tortures\">Lire la suite<\/a><\/p>\n","protected":false},"author":1,"featured_media":443,"comment_status":"open","ping_status":"open","sticky":false,"template":"","format":"standard","meta":{"footnotes":""},"categories":[21,4,6,8,18],"tags":[],"class_list":["post-442","post","type-post","status-publish","format-standard","has-post-thumbnail","hentry","category-anti-imperialisme","category-islamophobie","category-palestine-moyen-orient","category-prisons","category-resistance-bruxelles"],"_links":{"self":[{"href":"https:\/\/bruxelles-pantheres.be\/index.php?rest_route=\/wp\/v2\/posts\/442","targetHints":{"allow":["GET"]}}],"collection":[{"href":"https:\/\/bruxelles-pantheres.be\/index.php?rest_route=\/wp\/v2\/posts"}],"about":[{"href":"https:\/\/bruxelles-pantheres.be\/index.php?rest_route=\/wp\/v2\/types\/post"}],"author":[{"embeddable":true,"href":"https:\/\/bruxelles-pantheres.be\/index.php?rest_route=\/wp\/v2\/users\/1"}],"replies":[{"embeddable":true,"href":"https:\/\/bruxelles-pantheres.be\/index.php?rest_route=%2Fwp%2Fv2%2Fcomments&post=442"}],"version-history":[{"count":1,"href":"https:\/\/bruxelles-pantheres.be\/index.php?rest_route=\/wp\/v2\/posts\/442\/revisions"}],"predecessor-version":[{"id":444,"href":"https:\/\/bruxelles-pantheres.be\/index.php?rest_route=\/wp\/v2\/posts\/442\/revisions\/444"}],"wp:featuredmedia":[{"embeddable":true,"href":"https:\/\/bruxelles-pantheres.be\/index.php?rest_route=\/wp\/v2\/media\/443"}],"wp:attachment":[{"href":"https:\/\/bruxelles-pantheres.be\/index.php?rest_route=%2Fwp%2Fv2%2Fmedia&parent=442"}],"wp:term":[{"taxonomy":"category","embeddable":true,"href":"https:\/\/bruxelles-pantheres.be\/index.php?rest_route=%2Fwp%2Fv2%2Fcategories&post=442"},{"taxonomy":"post_tag","embeddable":true,"href":"https:\/\/bruxelles-pantheres.be\/index.php?rest_route=%2Fwp%2Fv2%2Ftags&post=442"}],"curies":[{"name":"wp","href":"https:\/\/api.w.org\/{rel}","templated":true}]}}