{"id":4427,"date":"2020-05-09T07:15:04","date_gmt":"2020-05-09T06:15:04","guid":{"rendered":"https:\/\/bruxelles-pantheres.be\/?p=4427"},"modified":"2020-05-05T19:17:24","modified_gmt":"2020-05-05T18:17:24","slug":"race-et-colonialite-une-interview-de-norman-ajari","status":"publish","type":"post","link":"https:\/\/bruxelles-pantheres.be\/?p=4427","title":{"rendered":"Race et colonialit\u00e9 \u2013 une interview de Norman AJARI"},"content":{"rendered":"<p><em><strong>Norman AJARI<\/strong>\u00a0est philosophe, professeur \u00e0 Villanova University (USA), militant d\u00e9colonial et membre du Parti des Indig\u00e8nes de la R\u00e9publique, il est l\u2019auteur de\u00a0<strong>\u201cLa dignit\u00e9 ou la mort. Ethique et politique de la race\u201d\u00a0<\/strong>paru en 2019 aux \u00e9ditions La D\u00e9couverte.<\/em><\/p>\n<p><em>\u00ab La Dignit\u00e9 ou la Mort \u00bb<\/em>\u00a0: C\u2019est le titre du livre \u00e9crit par Norman Ajari, philosophe et universitaire \u00e0 Villanova University, dans la ville de Philadelphia. A l\u2019heure o\u00f9 les hopitaux d\u00e9bordent, o\u00f9 les lits manquent pour les malades, o\u00f9 le personnel soignant est \u00e9puis\u00e9, et o\u00f9 des personnes \u00e2g\u00e9es meurent isol\u00e9es dans des maisons de repos, ce titre sonne comme une proph\u00e9tie \u2026<!--more--><\/p>\n<p>Pourtant, c\u2019est une toute autre r\u00e9alit\u00e9 que d\u00e9crit ici Norman Ajari : celle des noir.e.s aux \u00c9tats-Unis et en Europe, celle du racisme banalis\u00e9, de la x\u00e9nophobie, des in\u00e9galit\u00e9s Nord-Sud \u2026 Dans un langage d\u2019une rare pr\u00e9cision et d\u2019une \u00e9loquence remarquable, Norman Ajari tire les ficelles de la pens\u00e9e coloniale et d\u00e9voile les traces laiss\u00e9es par l\u2019esclavage, qui encore aujourd\u2019hui, ali\u00e8ne la communaut\u00e9 noire aux \u00c9tats-Unis, notamment \u00e0 travers les d\u00e9rives du militantisme des descendants d\u2019esclave. Avec un point de vue critique et distanci\u00e9, il aborde la question des r\u00e9parations de l\u2019esclavage aux \u00c9tats-Unis et revient sur l\u2019utilisation du mot \u00ab race \u00bb hypocritement banni des Constitutions en Occident :<strong>\u00a0\u00ab Sous les atours d\u2019une rationalit\u00e9 sup\u00e9rieure selon laquelle\u00a0 il faudrait d\u00e9samorcer cette notion de race en permanence, on en arrive \u00e0 des comportements absolument irrationnels qui conduisent \u00e0 avoir des pr\u00e9cautions exag\u00e9r\u00e9es autour de cette notion, des pr\u00e9cautions qu\u2019on n\u2019a pas autour d\u2019autres notions. \u00bb<\/strong><\/p>\n<p>Malgr\u00e9 le mat\u00e9riel rudimentaire dont nous disposions, nous avons profit\u00e9 de son passage \u00e0 Bruxelles pour rencontrer M. Ajari, il semble que nous ayons eu raison : nous vous proposons une demi-heure d\u2019interview passionnante pour \u00e9clairer les dessous de la domination coloniale qui structure l\u2019\u00e9conomie mondiale et les rapports Nord-Sud depuis des si\u00e8cles. Merci \u00e0 notre journaliste Robin Delobel et \u00e0 notre monteur, Nassim Daoudi qui ont rendu cette vid\u00e9o possible.<\/p>\n<p><strong>Une interview de Robin Delobel.<\/strong><\/p>\n<p>&nbsp;<\/p>\n<p><iframe src=\"https:\/\/www.youtube.com\/embed\/OdsAaN503ec\" width=\"560\" height=\"315\" frameborder=\"0\" allowfullscreen=\"allowfullscreen\"><\/iframe><\/p>\n<p><a href=\"https:\/\/pour.press\/interview-de-norman-ajari\/\">Source<\/a><\/p>\n","protected":false},"excerpt":{"rendered":"<p>Norman AJARI\u00a0est philosophe, professeur \u00e0 Villanova University (USA), militant d\u00e9colonial et membre du Parti des Indig\u00e8nes de la R\u00e9publique, il est l\u2019auteur de\u00a0\u201cLa dignit\u00e9 ou la mort. Ethique et politique de la race\u201d\u00a0paru en 2019 aux \u00e9ditions La D\u00e9couverte. \u00ab La Dignit\u00e9 ou la Mort \u00bb\u00a0: C\u2019est le titre du livre \u00e9crit par Norman Ajari, &#8230; <a title=\"Race et colonialit\u00e9 \u2013 une interview de Norman AJARI\" class=\"read-more\" href=\"https:\/\/bruxelles-pantheres.be\/?p=4427\" aria-label=\"En savoir plus sur Race et colonialit\u00e9 \u2013 une interview de Norman AJARI\">Lire la suite<\/a><\/p>\n","protected":false},"author":1,"featured_media":4300,"comment_status":"open","ping_status":"open","sticky":false,"template":"","format":"video","meta":{"footnotes":""},"categories":[28,17],"tags":[328],"class_list":["post-4427","post","type-post","status-publish","format-video","has-post-thumbnail","hentry","category-racismes","category-video","tag-norman-ajari","post_format-post-format-video"],"_links":{"self":[{"href":"https:\/\/bruxelles-pantheres.be\/index.php?rest_route=\/wp\/v2\/posts\/4427","targetHints":{"allow":["GET"]}}],"collection":[{"href":"https:\/\/bruxelles-pantheres.be\/index.php?rest_route=\/wp\/v2\/posts"}],"about":[{"href":"https:\/\/bruxelles-pantheres.be\/index.php?rest_route=\/wp\/v2\/types\/post"}],"author":[{"embeddable":true,"href":"https:\/\/bruxelles-pantheres.be\/index.php?rest_route=\/wp\/v2\/users\/1"}],"replies":[{"embeddable":true,"href":"https:\/\/bruxelles-pantheres.be\/index.php?rest_route=%2Fwp%2Fv2%2Fcomments&post=4427"}],"version-history":[{"count":4,"href":"https:\/\/bruxelles-pantheres.be\/index.php?rest_route=\/wp\/v2\/posts\/4427\/revisions"}],"predecessor-version":[{"id":4431,"href":"https:\/\/bruxelles-pantheres.be\/index.php?rest_route=\/wp\/v2\/posts\/4427\/revisions\/4431"}],"wp:featuredmedia":[{"embeddable":true,"href":"https:\/\/bruxelles-pantheres.be\/index.php?rest_route=\/wp\/v2\/media\/4300"}],"wp:attachment":[{"href":"https:\/\/bruxelles-pantheres.be\/index.php?rest_route=%2Fwp%2Fv2%2Fmedia&parent=4427"}],"wp:term":[{"taxonomy":"category","embeddable":true,"href":"https:\/\/bruxelles-pantheres.be\/index.php?rest_route=%2Fwp%2Fv2%2Fcategories&post=4427"},{"taxonomy":"post_tag","embeddable":true,"href":"https:\/\/bruxelles-pantheres.be\/index.php?rest_route=%2Fwp%2Fv2%2Ftags&post=4427"}],"curies":[{"name":"wp","href":"https:\/\/api.w.org\/{rel}","templated":true}]}}