{"id":4433,"date":"2020-05-13T18:41:25","date_gmt":"2020-05-13T17:41:25","guid":{"rendered":"https:\/\/bruxelles-pantheres.be\/?p=4433"},"modified":"2020-05-13T18:41:25","modified_gmt":"2020-05-13T17:41:25","slug":"f35-denormes-investissements-militaires-au-detriment-de-la-sante-et-de-notre-securite","status":"publish","type":"post","link":"https:\/\/bruxelles-pantheres.be\/?p=4433","title":{"rendered":"F35 : d\u2019\u00e9normes investissements militaires au d\u00e9triment de la sant\u00e9\u2026 et de notre s\u00e9curit\u00e9"},"content":{"rendered":"<header class=\"article__header\" aria-label=\"en-t\u00eate de l'article\">\n<div class=\"article__titles\">\n<div class=\"article__title\">\n<div class=\"dummy\">La plateforme \u00ab\u00a0pas de combattants\u00a0\u00bb demande au gouvernement de supprimer l&rsquo;achat de 34 chasseurs-bombardiers. Les ressources fournies peuvent \u00eatre mieux investies dans les soins de sant\u00e9 publics.\u00a0C&rsquo;est une garantie de bien traverser la crise corona.<\/div>\n<\/div>\n<\/div>\n<\/header>\n<p><!--more--><\/p>\n<p><a href=\"https:\/\/bruxelles-pantheres.be\/wp-content\/uploads\/2020\/05\/cdb1fdf7-516d-11e9-abcc-02b7b76bf47f.jpg\"><img decoding=\"async\" class=\"size-full wp-image-4434 aligncenter\" src=\"https:\/\/bruxelles-pantheres.be\/wp-content\/uploads\/2020\/05\/cdb1fdf7-516d-11e9-abcc-02b7b76bf47f.jpg\" alt=\"\" width=\"1280\" height=\"720\" srcset=\"https:\/\/bruxelles-pantheres.be\/wp-content\/uploads\/2020\/05\/cdb1fdf7-516d-11e9-abcc-02b7b76bf47f.jpg 1280w, https:\/\/bruxelles-pantheres.be\/wp-content\/uploads\/2020\/05\/cdb1fdf7-516d-11e9-abcc-02b7b76bf47f-300x169.jpg 300w, https:\/\/bruxelles-pantheres.be\/wp-content\/uploads\/2020\/05\/cdb1fdf7-516d-11e9-abcc-02b7b76bf47f-1024x576.jpg 1024w, https:\/\/bruxelles-pantheres.be\/wp-content\/uploads\/2020\/05\/cdb1fdf7-516d-11e9-abcc-02b7b76bf47f-768x432.jpg 768w\" sizes=\"(max-width: 1280px) 100vw, 1280px\" \/><\/a><\/p>\n<p>Tous les jours sur les coups de 20h00, nombreux sont celles et ceux qui ouvrent leur fen\u00eatre et applaudissent, en communion, le personnel soignant qui se d\u00e9bat contre le coronavirus. Chacun sait le manque de masques, de tests, de respirateurs, de locaux, de lits, de personnel auquel le secteur doit faire face. Chacun sait que si les h\u00f4pitaux belges r\u00e9sistent encore, c\u2019est au prix du confinement que nous devons vivre toutes et tous. Et que malgr\u00e9 ce confinement, la situation reste critique.<\/p>\n<p>Aujourd\u2019hui, nous constatons ce qui doit \u00eatre fait pour assurer notre s\u00e9curit\u00e9 et celle de la soci\u00e9t\u00e9. A travers cette crise sanitaire, nous exp\u00e9rimentons intens\u00e9ment l\u2019importance capitale de services publics de qualit\u00e9, et la n\u00e9cessit\u00e9 d\u2019en assurer la p\u00e9rennit\u00e9 le plus longtemps et le plus \u00e9nergiquement possible.<\/p>\n<p>Or, si les manques de masques ou de tests ont r\u00e9v\u00e9l\u00e9 les difficult\u00e9s du secteur de la sant\u00e9, cela fait plusieurs ann\u00e9es que ce dernier d\u00e9nonce les coupes budg\u00e9taires successives qu\u2019il doit encaisser, au m\u00eame titre que la plupart des autres services publics. Des coupes budg\u00e9taires qui r\u00e9sultent de choix politiques et qui ont abouti \u00e0 la situation que l\u2019on vit aujourd\u2019hui. Des choix politiques qu\u2019il faut donc d\u00e9noncer avec encore plus de vigueur.<\/p>\n<p>C\u2019est ainsi que dans sa d\u00e9claration de politique g\u00e9n\u00e9rale, le gouvernement de Charles Michel a annonc\u00e9 une \u00e9conomie de pas moins de 3,8 milliards d\u2019euros dans les soins de sant\u00e9 sur l\u2019ensemble de la l\u00e9gislature. Avec toujours le m\u00eame argument serin\u00e9 depuis la crise \u00e9conomique de 2008\u00a0: il faut se comporter \u00ab\u00a0en bon p\u00e8re de famille\u00a0\u00bb, il ne faut pas \u00ab\u00a0vivre au-dessus de nos moyens\u00a0\u00bb, tous les secteurs de l\u2019Etat doivent \u00ab\u00a0faire\u00a0des efforts\u00a0\u00bb.<\/p>\n<p>En 2017 pourtant, alors que la Ministre du budget Sophie Wilm\u00e8s annon\u00e7ait un budget pour la s\u00e9curit\u00e9 sociale ponctionn\u00e9 de pr\u00e8s d\u2019un milliard (902 millions) d\u2019euros, le gouvernement d\u00e9gageait 9,3 milliards d\u2019euros pour l\u2019achat de mat\u00e9riel pour l\u2019arm\u00e9e belge : deux fr\u00e9gates, des chasseurs de mines, 450 v\u00e9hicules blind\u00e9s, des drones\u2026 et 34 avions de combat pour lesquels le gouvernement Michel a sign\u00e9 un contrat d\u2019achat d\u2019une valeur de plus de 4 milliards d\u2019euros en octobre 2018. Sur la totalit\u00e9 de leur dur\u00e9e de vie, ces avions co\u00fbteront 12,5 milliards aux contribuables belges\u2026 sans compter leur utilisation qui chiffre \u00e0 40.000 euros l\u2019heure de vol. D\u2019\u00e9normes investissements qui ne sont pas destin\u00e9s \u00e0 notre s\u00e9curit\u00e9 mais qui r\u00e9pondent \u00e0 la pression de l\u2019OTAN et des \u00c9tats-Unis pour augmenter \u00e0 2% du PIB, nos d\u00e9penses de d\u00e9fense.<\/p>\n<p>Il est encore plus clair aujourd\u2019hui que la priorit\u00e9 en octobre 2018 n\u2019\u00e9tait pas d\u2019engager la Belgique dans l\u2019achat de 34 avions chasseurs-bombardiers. Les priorit\u00e9s \u00e9taient ailleurs, \u00e9videmment.<\/p>\n<p>Les finances publiques vont \u00e0 nouveau, comme en 2008, \u00eatre soumises \u00e0 rude \u00e9preuve. Et il faudra se r\u00e9inventer pour continuer \u00e0 d\u00e9gager des moyens pour permettre aux services publics de garantir pleinement leurs missions. Mais il est d\u00e9sormais \u00e9vident que la Belgique n\u2019avait pas, n\u2019a pas et n\u2019aura pas les moyens d\u2019investir autant d\u2019argent dans du mat\u00e9riel militaire dont, du reste, l\u2019utilisation est extr\u00eamement probl\u00e9matique.<\/p>\n<p>Depuis le d\u00e9but du processus de remplacement des avions F16 de l\u2019arm\u00e9e belge, les arguments se sont accumul\u00e9s contre ce projet, contre la mani\u00e8re dont le processus s\u2019est d\u00e9roul\u00e9 et contre le choix final. Si le gouvernement n\u2019\u00e9tait pass\u00e9 en force en outrepassant le d\u00e9bat d\u00e9mocratique lors du \u00ab F16 gate \u00bb quand les abus de la proc\u00e9dure ont \u00e9t\u00e9 r\u00e9v\u00e9l\u00e9s, l\u2019ensemble du dossier aurait logiquement \u00e9t\u00e9 transf\u00e9r\u00e9 au gouvernement qui sortirait des \u00e9lections de mai 2019. Tous ces arguments restent valides aujourd\u2019hui mais s\u2019effacent quoi qu\u2019il arrive devant l\u2019\u00e9vidence qui saute d\u00e9sormais aux yeux de chacune et de chacun \u00e0 la faveur de cette crise sanitaire : nous n\u2019avons pas besoin de 34 avions chasseurs-bombardiers mais bien de l\u2019argent que l\u2019on aura \u00e9pargn\u00e9 en abandonnant ces pr\u00e9paratifs de guerre. Nous demandons au gouvernement d&rsquo;annuler le contrat et de r\u00e9investir les fonds \u00e9pargn\u00e9s dans nos soins de sant\u00e9 publics !<\/p>\n<p><strong>signataires:<\/strong><br \/>\n11.11.11<br \/>\nAan de IJzer vzw<\/p>\n<p>Culture ABVV-ACOD<\/p>\n<p>Plateforme d&rsquo;action Sant\u00e9 et Solidarit\u00e9 comme plateforme<\/p>\n<p>Agir pour la paix<\/p>\n<p>Promotion de la taxe sur la paix (VRAK)<\/p>\n<p>Association culturelle Joseph Jacquemotte<\/p>\n<p>Association socialiste de la personne handicap\u00e9e<\/p>\n<p>Attac Bruxelles<\/p>\n<p>Attac Li\u00e8ge<\/p>\n<p>La Coalition belge \u00abarr\u00eate les armes \u00e0 l&rsquo;uranium\u00bb<\/p>\n<p>Partage fraternel<\/p>\n<p><strong>Bruxelles Panth\u00e8res\u00a0<\/strong><\/p>\n<p>Climaxi vzw<\/p>\n<p>CNAP<\/p>\n<p>CNE Non Marchand<br \/>\nComac<\/p>\n<p>Comit\u00e9 belge de soutien au peuple sahraoui<\/p>\n<p>Conf\u00e9d\u00e9ration de la jeunesse catholique (CJC)<\/p>\n<p>coordinateur g\u00e9n\u00e9ral Conseil bruxellois de coordination sociopolitique ASBL<\/p>\n<p>CSC Services Publiques<\/p>\n<p>CSO<\/p>\n<p>Le Conseil des femmes<\/p>\n<p>Dentisterie Sociale<\/p>\n<p>EcoloJ<\/p>\n<p>OEB<\/p>\n<p>Espace Seniors ASBL<\/p>\n<p>Etopia<\/p>\n<p>F\u00e9d\u00e9ration des centres de planification des FPS<\/p>\n<p>Forum Nord \/ Sud<\/p>\n<p>FOS<\/p>\n<p>FPS (Femmes pr\u00e9voyantes socialistes)<\/p>\n<p>GAMP et Inforautisme asbl<\/p>\n<p>M\u00e9decine pour le peuple<\/p>\n<p>Main dans la main contre le racisme vzw<br \/>\nCoeur au-dessus dur<\/p>\n<p>intal<\/p>\n<p>Jeunes CSC<\/p>\n<p>Peut peut<br \/>\nKif Kif<br \/>\nLa sant\u00e9 et Lutte<br \/>\nLatitudes Jeunes<\/p>\n<p>LEF-FGE<\/p>\n<p>Groupe d&rsquo;action de Louvain Palestine<\/p>\n<p><strong>Mouvement Citoyen Palestine<\/strong><\/p>\n<p>MCP<\/p>\n<p>MOC<\/p>\n<p>Solidarit\u00e9 Oxfam \/ solidarit\u00e9<\/p>\n<p>Solidarit\u00e9 Palestine<\/p>\n<p>parti Humaniste<\/p>\n<p>quinoa<\/p>\n<p>SCI (Service civil international)<\/p>\n<p>Solidaire<\/p>\n<p>Solidarit\u00e9 socialiste<\/p>\n<p>Victoria De Luxe<\/p>\n<p>Viva Salud<\/p>\n<p>ABVV flamand<\/p>\n<p>Peace vzw<\/p>\n<p>Femmes \u00e0 Louvain noir<\/p>\n<p>Westhoek Peace Corner<\/p>\n","protected":false},"excerpt":{"rendered":"<p>La plateforme \u00ab\u00a0pas de combattants\u00a0\u00bb demande au gouvernement de supprimer l&rsquo;achat de 34 chasseurs-bombardiers. Les ressources fournies peuvent \u00eatre mieux investies dans les soins de sant\u00e9 publics.\u00a0C&rsquo;est une garantie de bien traverser la crise corona.<\/p>\n","protected":false},"author":1,"featured_media":2718,"comment_status":"open","ping_status":"open","sticky":false,"template":"","format":"standard","meta":{"footnotes":""},"categories":[21,22,36,18],"tags":[31,421],"class_list":["post-4433","post","type-post","status-publish","format-standard","has-post-thumbnail","hentry","category-anti-imperialisme","category-emploi","category-europe","category-resistance-bruxelles","tag-belgique","tag-otan"],"_links":{"self":[{"href":"https:\/\/bruxelles-pantheres.be\/index.php?rest_route=\/wp\/v2\/posts\/4433","targetHints":{"allow":["GET"]}}],"collection":[{"href":"https:\/\/bruxelles-pantheres.be\/index.php?rest_route=\/wp\/v2\/posts"}],"about":[{"href":"https:\/\/bruxelles-pantheres.be\/index.php?rest_route=\/wp\/v2\/types\/post"}],"author":[{"embeddable":true,"href":"https:\/\/bruxelles-pantheres.be\/index.php?rest_route=\/wp\/v2\/users\/1"}],"replies":[{"embeddable":true,"href":"https:\/\/bruxelles-pantheres.be\/index.php?rest_route=%2Fwp%2Fv2%2Fcomments&post=4433"}],"version-history":[{"count":1,"href":"https:\/\/bruxelles-pantheres.be\/index.php?rest_route=\/wp\/v2\/posts\/4433\/revisions"}],"predecessor-version":[{"id":4435,"href":"https:\/\/bruxelles-pantheres.be\/index.php?rest_route=\/wp\/v2\/posts\/4433\/revisions\/4435"}],"wp:featuredmedia":[{"embeddable":true,"href":"https:\/\/bruxelles-pantheres.be\/index.php?rest_route=\/wp\/v2\/media\/2718"}],"wp:attachment":[{"href":"https:\/\/bruxelles-pantheres.be\/index.php?rest_route=%2Fwp%2Fv2%2Fmedia&parent=4433"}],"wp:term":[{"taxonomy":"category","embeddable":true,"href":"https:\/\/bruxelles-pantheres.be\/index.php?rest_route=%2Fwp%2Fv2%2Fcategories&post=4433"},{"taxonomy":"post_tag","embeddable":true,"href":"https:\/\/bruxelles-pantheres.be\/index.php?rest_route=%2Fwp%2Fv2%2Ftags&post=4433"}],"curies":[{"name":"wp","href":"https:\/\/api.w.org\/{rel}","templated":true}]}}