{"id":4447,"date":"2020-06-05T18:20:30","date_gmt":"2020-06-05T17:20:30","guid":{"rendered":"https:\/\/bruxelles-pantheres.be\/?p=4447"},"modified":"2020-06-05T18:40:16","modified_gmt":"2020-06-05T17:40:16","slug":"etre-noir-en-amerique-ne-devrait-pas-etre-une-condamnation-a-mort-quen-est-il-si-on-est-palestinien","status":"publish","type":"post","link":"https:\/\/bruxelles-pantheres.be\/?p=4447","title":{"rendered":"\u2018Etre Noir en Am\u00e9rique ne devrait pas \u00eatre une condamnation \u00e0 mort.\u2019 Qu\u2019en est-il si on est Palestinien\u00a0?"},"content":{"rendered":"<div class=\"publication\"><span class=\"sep\">|<\/span><span class=\"aurdip-cartouche\">Gideon Levy pour\u00a0Haaretz<\/span>\u00a0<span class=\"aurdip-cartouche\"><span class=\"sep\">|<\/span><span class=\"vcard author\">Traduction J.Ch. pour l\u2019AURDIP<\/span><\/span><\/div>\n<div><\/div>\n<div>\n<p>Avez-vous vu les policiers am\u00e9ricains\u00a0? Avez-vous vu comment ils ont tu\u00e9 Geroge Floyd en l\u2019\u00e9touffant \u00e0 Minneapolis\u00a0? Avez-vous vu le policier Derek Chauvin s\u2019agenouiller sur son cou, l\u2019immobiliser, Floyd suppliant qu\u2019on le laisse en vie jusqu\u2019\u00e0 ce qu\u2019il meure cinq minutes plus tard\u00a0? Quelles forces de police racistes ils ont en Am\u00e9rique, comme elles sont brutales\u00a0! Maintenant, Minneapolis flambe apr\u00e8s qu\u2019un citoyen noir ait \u00e9t\u00e9 ex\u00e9cut\u00e9 \u00e0 cause de sa couleur de peau. Le maire a pr\u00e9sent\u00e9 des excuses, les quatre policiers impliqu\u00e9s ont \u00e9t\u00e9 renvoy\u00e9s, Chauvin a \u00e9t\u00e9 inculp\u00e9. L\u2019Am\u00e9rique est un endroit cruel pour les Noirs et sa police est raciste.<\/p>\n<\/div>\n<p><!--more--><\/p>\n<p><a href=\"https:\/\/bruxelles-pantheres.be\/wp-content\/uploads\/2020\/06\/affiche-george-Iyad-1.jpg\"><img decoding=\"async\" class=\"size-full wp-image-4450 aligncenter\" src=\"https:\/\/bruxelles-pantheres.be\/wp-content\/uploads\/2020\/06\/affiche-george-Iyad-1.jpg\" alt=\"\" width=\"624\" height=\"466\" srcset=\"https:\/\/bruxelles-pantheres.be\/wp-content\/uploads\/2020\/06\/affiche-george-Iyad-1.jpg 624w, https:\/\/bruxelles-pantheres.be\/wp-content\/uploads\/2020\/06\/affiche-george-Iyad-1-300x224.jpg 300w\" sizes=\"(max-width: 624px) 100vw, 624px\" \/><\/a><\/p>\n<p>Quelques jours apr\u00e8s Minneapolis, samedi matin dans la Vieille Ville de J\u00e9rusalem,\u00a0<a class=\"spip_out\" href=\"https:\/\/www.haaretz.com\/israel-news\/.premium-border-police-shoot-dead-a-man-suspected-of-carrying-a-gun-in-jerusalem-s-old-city-1.8882656\" target=\"_blank\" rel=\"external noopener noreferrer\">Eyad Hallaq<\/a>, autiste de 32 ans, se dirigeait vers le Centre Elwyn pour handicap\u00e9s. Des membres de la Police des Fronti\u00e8res ont pr\u00e9tendu qu\u2019ils croyaient qu\u2019il portait un fusil \u2013 il n\u2019y en avait pas \u2013 et quand ils lui ont cri\u00e9 de s\u2019arr\u00eater, il s\u2019est mis \u00e0 courir. La peine fut la mort. La police des Fronti\u00e8res, la plus brutale de toutes les unit\u00e9s, ne conna\u00eet pas d\u2019autre fa\u00e7on de ma\u00eetriser un Palestinien autiste qui s\u2019enfuit que de l\u2019ex\u00e9cuter. Les policiers des Fronti\u00e8res ont l\u00e2chement tir\u00e9 une dizaine de balles sur Hallaq qui fuyait, jusqu\u2019\u00e0 ce qu\u2019il meure. C\u2019est toujours comme \u00e7a qu\u2019ils font. C\u2019est ce qu\u2019on les a entra\u00een\u00e9s \u00e0 faire.<\/p>\n<p>Les Forces de D\u00e9fense Isra\u00e9liennes et la Police des Fronti\u00e8res ont vraiment un faible pour les handicap\u00e9s. Le plus l\u00e9ger d\u00e9faut de mouvement ou sonore pourrait les condamner \u00e0 mort. Dans une autre Vieille Ville, \u00e0 H\u00e9bron en mars 2018, des soldats ont tu\u00e9\u00a0<a class=\"spip_out\" href=\"https:\/\/www.haaretz.com\/israel-news\/israeli-troops-kill-mentally-disabled-single-father-in-hebron-1.5910652\" target=\"_blank\" rel=\"external noopener noreferrer\">Mohammad Jabari<\/a>, \u00e2g\u00e9 de 24 ans, qui \u00e9tait muet et handicap\u00e9 mental, et que ses voisins appelaient \u00ab\u00a0Aha-Aha\u00a0\u00bb parce que c\u2019\u00e9tait les seules syllabes qu\u2019il pouvait prononcer. Ils l\u2019ont guett\u00e9 en embuscade et l\u2019ont abattu pr\u00e8s d\u2019une \u00e9cole de filles, pr\u00e9tendant qu\u2019il jetait des pierres. Il a laiss\u00e9 un fils de 4 ans, un orphelin.<\/p>\n<p>Le surnom d\u2019un autre jeune homme, Mohammad Habali, \u00e9tait Za\u2019atar (hysope)\u00a0; personne ne sait pourquoi. Lui aussi \u00e9tait handicap\u00e9 mental et avait l\u2019habitude de d\u00e9ambuler avec un b\u00e2ton. Des soldats isra\u00e9liens l\u2019ont ex\u00e9cut\u00e9 en lui tirant dans la t\u00eate d\u2019une distance d\u2019environ 80 m\u00e8tres. C\u2019est arriv\u00e9 en d\u00e9cembre 2018, face au restaurant Sabah de Tulkarem, juste apr\u00e8s 2 heures du matin, alors qu\u2019il s\u2019\u00e9loignait des soldats et que la rue \u00e9tait tranquille.<\/p>\n<p><iframe src=\"https:\/\/www.youtube.com\/embed\/-FFdBe5RE8Q\" width=\"560\" height=\"315\" frameborder=\"0\" allowfullscreen=\"allowfullscreen\"><\/iframe><\/p>\n<p>Deux ans plus t\u00f4t, l\u2019arm\u00e9e a tu\u00e9\u00a0<a class=\"spip_out\" href=\"https:\/\/www.haaretz.com\/israel-news\/.premium-blows-keep-coming-for-family-of-youth-shot-by-idf-1.5421030\" target=\"_blank\" rel=\"external noopener noreferrer\">Arif Jaradat<\/a>, \u00e2g\u00e9 de 23 ans et handicap\u00e9 mental, dans la ville de Sa\u2019ir. Sa famille l\u2019appelait Khub, ce qui signifie amour. Chaque fois qu\u2019il voyait des soldats, il leur criait en arabe \u00ab\u00a0Pas mon fr\u00e8re Mohammed\u00a0\u00bb. Il voulait dire \u00ab\u00a0Ne prenez pas mon fr\u00e8re Mohammed\u00a0\u00bb. Mohammed, fr\u00e8re a\u00een\u00e9 d\u2019Arif, a \u00e9t\u00e9 arrach\u00e9 de chez lui et arr\u00eat\u00e9 au moins cinq fois par les soldats, juste devant lui. Le jour o\u00f9 Arif est mort, on l\u2019a entendu pousser son cri habituel vers les soldats. Quelqu\u2019un est parvenu \u00e0 crier aux soldats\u00a0: \u00ab\u00a0C\u2019est un handicap\u00e9, ne lui tirez pas dessus\u00a0\u00bb, Mais ils s\u2019en fichaient. Ils ont abattu Khub lui aussi.<\/p>\n<p>Aucun de ces malheureux handicap\u00e9s mentaux ne repr\u00e9sentait quelque danger que ce soit pour les soldats, ou pour les membres de la Police des Fronti\u00e8res. L\u2019autiste Hallaq n\u2019\u00e9tait lui non plus un danger pour personne. Les membres de la Police des Fronti\u00e8re l\u2019ont abattu parce que c\u2019est ainsi qu\u2019ils agissent. Ils l\u2019ont fait parce que c\u2019\u00e9tait un Palestinien et parce que le tir \u00e0 balles r\u00e9elles est la premi\u00e8re option des forces d\u2019occupation et celle qu\u2019ils pr\u00e9f\u00e8rent.<\/p>\n<p>La Police des Fronti\u00e8res n\u2019est pas moins brutale ou raciste que la police au Etats Unis. L\u00e0-bas, ils tirent sur les Noirs, dont le sang ne vaut presque rien, et en Isra\u00ebl, ils tirent sur les Palestiniens, dont le sang vaut encore moins. Mais ici, l\u2019assassinat nous laisse dormir\u00a0; l\u00e0-bas, il d\u00e9clenche des manifestations. Le maire de Minneapolis, Jacob Frey, qui se trouve \u00eatre juif, a\u00a0<a class=\"spip_out\" href=\"https:\/\/www.haaretz.com\/us-news\/.premium-trump-slams-minneapolis-jewish-mayor-after-rage-over-police-killing-of-black-man-1.8881626\" target=\"_blank\" rel=\"external noopener noreferrer\">tr\u00e8s vite pr\u00e9sent\u00e9 des excuses<\/a>\u00a0\u00e0 la communaut\u00e9 noire de sa ville. \u00ab\u00a0Etre Noir en Am\u00e9rique ne devrait pas \u00eatre une condamnation \u00e0 mort\u00a0\u00bb, a-t-il dit.<\/p>\n<p>Etre Palestinien ne devrait pas davantage \u00eatre une condamnation \u00e0 mort, mais aucun maire juif isra\u00e9lien n\u2019a jamais rien dit de tel. Le policier qui a \u00e9touff\u00e9 Floyd jusqu\u2019\u00e0 la mort a \u00e9t\u00e9\u00a0<a class=\"spip_out\" href=\"https:\/\/www.haaretz.com\/us-news\/protesters-torch-minneapolis-police-precinct-over-killing-of-black-man-1.8880663\" target=\"_blank\" rel=\"external noopener noreferrer\">accus\u00e9 de meurtre au troisi\u00e8me degr\u00e9<\/a>, ses coll\u00e8gues ont \u00e9t\u00e9 renvoy\u00e9s. En Isra\u00ebl, le d\u00e9partement du minist\u00e8re de la Justice qui enqu\u00eate sur les mauvaises conduites de la police m\u00e8ne une enqu\u00eate sur le policier qui a tu\u00e9 Hallaq. Le r\u00e9sultat, comme dans tous les autres cas similaires, est connu.<\/p>\n<p>En attendant, en Am\u00e9rique, la police est brutale et raciste.<\/p>\n<p><a href=\"https:\/\/www.aurdip.org\/etre-noir-en-amerique-ne-devrait.html\">Source<\/a><\/p>\n","protected":false},"excerpt":{"rendered":"<p>|Gideon Levy pour\u00a0Haaretz\u00a0|Traduction J.Ch. pour l\u2019AURDIP Avez-vous vu les policiers am\u00e9ricains\u00a0? Avez-vous vu comment ils ont tu\u00e9 Geroge Floyd en l\u2019\u00e9touffant \u00e0 Minneapolis\u00a0? Avez-vous vu le policier Derek Chauvin s\u2019agenouiller sur son cou, l\u2019immobiliser, Floyd suppliant qu\u2019on le laisse en vie jusqu\u2019\u00e0 ce qu\u2019il meure cinq minutes plus tard\u00a0? Quelles forces de police racistes ils &#8230; <a title=\"\u2018Etre Noir en Am\u00e9rique ne devrait pas \u00eatre une condamnation \u00e0 mort.\u2019 Qu\u2019en est-il si on est Palestinien\u00a0?\" class=\"read-more\" href=\"https:\/\/bruxelles-pantheres.be\/?p=4447\" aria-label=\"En savoir plus sur \u2018Etre Noir en Am\u00e9rique ne devrait pas \u00eatre une condamnation \u00e0 mort.\u2019 Qu\u2019en est-il si on est Palestinien\u00a0?\">Lire la suite<\/a><\/p>\n","protected":false},"author":1,"featured_media":4448,"comment_status":"open","ping_status":"open","sticky":false,"template":"","format":"standard","meta":{"footnotes":""},"categories":[21,36,7,6,5],"tags":[423,186],"class_list":["post-4447","post","type-post","status-publish","format-standard","has-post-thumbnail","hentry","category-anti-imperialisme","category-europe","category-negrophobie","category-palestine-moyen-orient","category-violence-policiere","tag-negrophobie","tag-palestine"],"_links":{"self":[{"href":"https:\/\/bruxelles-pantheres.be\/index.php?rest_route=\/wp\/v2\/posts\/4447","targetHints":{"allow":["GET"]}}],"collection":[{"href":"https:\/\/bruxelles-pantheres.be\/index.php?rest_route=\/wp\/v2\/posts"}],"about":[{"href":"https:\/\/bruxelles-pantheres.be\/index.php?rest_route=\/wp\/v2\/types\/post"}],"author":[{"embeddable":true,"href":"https:\/\/bruxelles-pantheres.be\/index.php?rest_route=\/wp\/v2\/users\/1"}],"replies":[{"embeddable":true,"href":"https:\/\/bruxelles-pantheres.be\/index.php?rest_route=%2Fwp%2Fv2%2Fcomments&post=4447"}],"version-history":[{"count":2,"href":"https:\/\/bruxelles-pantheres.be\/index.php?rest_route=\/wp\/v2\/posts\/4447\/revisions"}],"predecessor-version":[{"id":4451,"href":"https:\/\/bruxelles-pantheres.be\/index.php?rest_route=\/wp\/v2\/posts\/4447\/revisions\/4451"}],"wp:featuredmedia":[{"embeddable":true,"href":"https:\/\/bruxelles-pantheres.be\/index.php?rest_route=\/wp\/v2\/media\/4448"}],"wp:attachment":[{"href":"https:\/\/bruxelles-pantheres.be\/index.php?rest_route=%2Fwp%2Fv2%2Fmedia&parent=4447"}],"wp:term":[{"taxonomy":"category","embeddable":true,"href":"https:\/\/bruxelles-pantheres.be\/index.php?rest_route=%2Fwp%2Fv2%2Fcategories&post=4447"},{"taxonomy":"post_tag","embeddable":true,"href":"https:\/\/bruxelles-pantheres.be\/index.php?rest_route=%2Fwp%2Fv2%2Ftags&post=4447"}],"curies":[{"name":"wp","href":"https:\/\/api.w.org\/{rel}","templated":true}]}}