{"id":445,"date":"2013-04-04T04:52:33","date_gmt":"2013-04-04T03:52:33","guid":{"rendered":"https:\/\/bruxelles-pantheres.be\/?p=445"},"modified":"2013-11-10T05:32:37","modified_gmt":"2013-11-10T04:32:37","slug":"marche-de-solidarite-avec-et-sans-papiers","status":"publish","type":"post","link":"https:\/\/bruxelles-pantheres.be\/?p=445","title":{"rendered":"Marche de solidarit\u00e9, avec ET sans papiers"},"content":{"rendered":"<header>\n<pre><strong>Appel de la marche<\/strong><\/pre>\n<\/header>\n<p><b>\u00a0Appel pour une Marche de solidarit\u00e9, avec ET sans papiers <\/b><\/p>\n<p><b>du 6 au 21 avril 2013\u00a0 <\/b><\/p>\n<p>Nous, migrant(e)s ou s\u00e9dentaires, avec ou sans papiers, militant(e)s, personnes solidaires et r\u00e9volt\u00e9es, avons d\u00e9cid\u00e9 de faire du mois d\u2019avril 2013 un mois de Marche \u00e0 travers la Belgique. Une Marche pour la Dignit\u00e9.<!--more--><\/p>\n<p>Nous ne sommes pas seules \u00e0 penser qu\u2019aujourd\u2019hui plus que jamais, il est de notre devoir de s\u2019approprier notre droit de regard et d\u2019action sur tout ce qui concerne notre vivre ensemble. Car quelques soient nos diff\u00e9rences, nous devons nous rencontrer, \u00e9changer et apprendre \u00e0 nous conna\u00eetre.<\/p>\n<p>La \u00ab politique d\u2019immigration\u00bb se r\u00e9sume aujourd\u2019hui \u00e0 une chasse \u00e0 l\u2019homme et \u00e0 la femme au prix de la dignit\u00e9 et de la libert\u00e9. Cette chasse est bas\u00e9e sur un discours\u00a0 anti-migratoire et x\u00e9nophobe et sur des pratiques s\u00e9curitaires et r\u00e9pressives. Cette politique d\u2019exclusion est pratiqu\u00e9e, en Belgique, \u00e0\u00a0 tous les niveaux, du communal au f\u00e9d\u00e9ral ; de plus en plus d\u2019administrations et de services sont appel\u00e9s \u00e0 collaborer. Les centres ferm\u00e9s, les m\u00e9thodes d\u2019expulsion, le fichage syst\u00e9matique des donn\u00e9es personnelles, les restrictions visant le regroupement familial, la chasse aux mariages mixtes illustrent la violence de la r\u00e9pression pratiqu\u00e9e quotidiennement. L\u2019exclusion est favoris\u00e9e par la crise du syst\u00e8me, le climat de peur et d\u2019inqui\u00e9tude qu\u2019elle suscite, savamment entretenu par des dirigeants \u00e9conomiques et politiques, pour nous diviser et nous mettre en concurrence. Les migrant(e)s,\u00a0 les \u00ab sans papiers \u00bb, comme les autres pr\u00e9caris\u00e9(e)s (ch\u00f4meur(se)s, travailleur(se)s, SDF, allocataires sociaux\u2026) sont montr\u00e9(e)s du doigt. Ils et elles sont \u00e9rig\u00e9(e)s en menace \u00e9conomique et soci\u00e9tale, par ceux-l\u00e0 m\u00eame qui b\u00e9n\u00e9ficient des in\u00e9galit\u00e9s de ce syst\u00e8me et qui veulent \u00e9viter toute remise en cause.\u00a0 Nous ne pouvons laisser\u00a0 faire et voulons rendre visible ces violences faites \u00e0 des femmes, hommes et enfants au nom du s\u00e9curitaire, au nom de l\u2019\u00e9conomie.<\/p>\n<p>Pour\u00a0 d\u00e9noncer et refuser cet \u00e9tat de fait, nous appelons \u00e0 marcher pour la solidarit\u00e9 et la dignit\u00e9 ; \u00e0 Bruxelles, en Flandre et en Wallonie. Notre marche contribuera \u00e0 d\u00e9construire les discours de stigmatisation. Ceux et celles qui sont ici sont d\u2019ici. Les migrant(e)s, comme tout un chacun, contribuent \u00e0 la richesse de notre vivre-ensemble, tant culturellement, \u00e9conomiquement, que socialement.<\/p>\n<p>La marche traversera la Belgique du 6 au 21 Avril 2013. Il s\u2019agit de la pr\u00e9parer ensemble pour se rassembler, s\u2019organiser et se renforcer. Toutes les propositions et formes d\u2019actions et de solidarit\u00e9\u00a0 sont les\u00a0 bienvenues.<\/p>\n<p><b>\u00a0Marchons ensemble pour une Belgique ouverte et solidaire.\u00a0\u00a0\u00a0\u00a0\u00a0\u00a0 <\/b><\/p>\n<p>Coordination de la Marche de solidarit\u00e9, avec ET sans papiers<\/p>\n<p><b>Contacts\u00a0:<\/b><\/p>\n<p>Nl\u00a0:0499424448<\/p>\n<p>Fr\u00a0:0489857468 ou 0485974041<\/p>\n<p>E-mail\u00a0: <a href=\"mailto:marchebelgique@riseup.net\">marchebelgique@riseup.net<\/a><\/p>\n<p>Blog\u00a0: <a href=\"http:\/\/marchebelgique.wordpress.com\/\" rel=\"nofollow\">http:\/\/marchebelgique.wordpress.com\/<\/a><\/p>\n<p><b>Pour les dons\u00a0\u00a0\u00a0\u00a0\u00a0\u00a0 \u00a0BE23377033344391 \u2013 avec la mention \u00ab\u00a0Soutien marche\u00a0\u00bb<\/b><\/p>\n<p>Tout mat\u00e9riel ,nourriture.. (voir la liste) peuvent \u00eatre d\u00e9pos\u00e9s au 41 rue Tenbosch 1050<\/p>\n<p>Tous les lundi de 17h \u00e0 19h et les dimanches ( pour les autres jours merci de t\u00e9l\u00e9phoner avant)<\/p>\n<h2><a href=\"http:\/\/marchebelgique.wordpress.com\/\">http:\/\/marchebelgique.wordpress.com\/<\/a><\/h2>\n<p><img decoding=\"async\" alt=\"http:\/\/marchebelgique.files.wordpress.com\/2013\/04\/affiche_marchespapierbxl_frnb.jpg\" src=\"http:\/\/marchebelgique.files.wordpress.com\/2013\/04\/affiche_marchespapierbxl_frnb.jpg\" \/><br \/>\n<iframe src=\"\/\/www.youtube.com\/embed\/CYFx5kDdKUE\" height=\"315\" width=\"560\" allowfullscreen=\"\" frameborder=\"0\"><\/iframe><\/p>\n","protected":false},"excerpt":{"rendered":"<p>Appel de la marche \u00a0Appel pour une Marche de solidarit\u00e9, avec ET sans papiers du 6 au 21 avril 2013\u00a0 Nous, migrant(e)s ou s\u00e9dentaires, avec ou sans papiers, militant(e)s, personnes solidaires et r\u00e9volt\u00e9es, avons d\u00e9cid\u00e9 de faire du mois d\u2019avril 2013 un mois de Marche \u00e0 travers la Belgique. Une Marche pour la Dignit\u00e9.<\/p>\n","protected":false},"author":1,"featured_media":446,"comment_status":"open","ping_status":"open","sticky":false,"template":"","format":"standard","meta":{"footnotes":""},"categories":[1,36,8,18,28,39,17],"tags":[],"class_list":["post-445","post","type-post","status-publish","format-standard","has-post-thumbnail","hentry","category-non-classe","category-europe","category-prisons","category-resistance-bruxelles","category-racismes","category-sans-papier","category-video"],"_links":{"self":[{"href":"https:\/\/bruxelles-pantheres.be\/index.php?rest_route=\/wp\/v2\/posts\/445","targetHints":{"allow":["GET"]}}],"collection":[{"href":"https:\/\/bruxelles-pantheres.be\/index.php?rest_route=\/wp\/v2\/posts"}],"about":[{"href":"https:\/\/bruxelles-pantheres.be\/index.php?rest_route=\/wp\/v2\/types\/post"}],"author":[{"embeddable":true,"href":"https:\/\/bruxelles-pantheres.be\/index.php?rest_route=\/wp\/v2\/users\/1"}],"replies":[{"embeddable":true,"href":"https:\/\/bruxelles-pantheres.be\/index.php?rest_route=%2Fwp%2Fv2%2Fcomments&post=445"}],"version-history":[{"count":1,"href":"https:\/\/bruxelles-pantheres.be\/index.php?rest_route=\/wp\/v2\/posts\/445\/revisions"}],"predecessor-version":[{"id":447,"href":"https:\/\/bruxelles-pantheres.be\/index.php?rest_route=\/wp\/v2\/posts\/445\/revisions\/447"}],"wp:featuredmedia":[{"embeddable":true,"href":"https:\/\/bruxelles-pantheres.be\/index.php?rest_route=\/wp\/v2\/media\/446"}],"wp:attachment":[{"href":"https:\/\/bruxelles-pantheres.be\/index.php?rest_route=%2Fwp%2Fv2%2Fmedia&parent=445"}],"wp:term":[{"taxonomy":"category","embeddable":true,"href":"https:\/\/bruxelles-pantheres.be\/index.php?rest_route=%2Fwp%2Fv2%2Fcategories&post=445"},{"taxonomy":"post_tag","embeddable":true,"href":"https:\/\/bruxelles-pantheres.be\/index.php?rest_route=%2Fwp%2Fv2%2Ftags&post=445"}],"curies":[{"name":"wp","href":"https:\/\/api.w.org\/{rel}","templated":true}]}}