{"id":4467,"date":"2020-06-06T18:11:35","date_gmt":"2020-06-06T17:11:35","guid":{"rendered":"https:\/\/bruxelles-pantheres.be\/?p=4467"},"modified":"2020-06-06T23:44:49","modified_gmt":"2020-06-06T22:44:49","slug":"pour-une-politique-de-renforcement-des-autonomies-respectives","status":"publish","type":"post","link":"https:\/\/bruxelles-pantheres.be\/?p=4467","title":{"rendered":"Pour une politique de renforcement des autonomies respectives\u00a0"},"content":{"rendered":"<p><b>De la strat\u00e9gie de la solidarit\u00e9 d\u00e9coloniale\u00a0<\/b><\/p>\n<p><span style=\"font-weight: 400;\">Pour une politique de renforcement des autonomies respectives\u00a0<\/span><\/p>\n<p><span style=\"font-weight: 400;\">#BlackLivesMatter<\/span><\/p>\n<p><span style=\"font-weight: 400;\">Apr\u00e8s une semaine de manifestations dans le monde entier en r\u00e9ponse au meurtre de George Floyd perp\u00e9tr\u00e9 par 4 policiers de Minneapolis, dont Derek Chauvin, un multir\u00e9cidiviste en la mati\u00e8re, nous, Bruxelles Panth\u00e8res, exprimons tout notre soutien aux manifestants de Black Lives Matter et \u00e0 la Communaut\u00e9 Noire dans son ensemble.<\/span><\/p>\n<p><span style=\"font-weight: 400;\">Notre soutien est un message internationaliste, car il s\u2019adresse \u00e0 toutes celles et \u00e0 tous ceux qui luttent contre le syst\u00e8me mondial de la supr\u00e9matie blanche, supr\u00e9matie maintenue et entretenue par les \u00c9tats imp\u00e9rialistes \u00e0 travers leurs politiques n\u00e9ocoloniales dans le Sud global et \u00e0 travers leurs politiques s\u00e9curitaires et carc\u00e9rales \u00e0 l\u2019encontre des populations issues du Sud qui vivent dans le Nord global.<\/span><\/p>\n<p><span style=\"font-weight: 400;\">Depuis le d\u00e9but des ann\u00e9es 2010, une vague de contestation profonde des institutions polici\u00e8res et judiciaires traverse les Etats-Unis. \u00c0 la suite de la mort de trois hommes Noirs \u2013 Trayvon Martin (en 2012), Eric Garner et Michael Brown (en 2014), entre les mains de la police \u2013, un mouvement a vu le jour pour r\u00e9clamer la justice sociale et raciale. Son nom est \u00ab Black Lives Matter \u00bb.<\/span><\/p>\n<p><!--more--><\/p>\n<figure id=\"attachment_4448\" aria-describedby=\"caption-attachment-4448\" style=\"width: 950px\" class=\"wp-caption aligncenter\"><a href=\"https:\/\/bruxelles-pantheres.be\/wp-content\/uploads\/2020\/06\/101729666_840783186413501_4822403805528195072_o.jpg\"><img decoding=\"async\" class=\"size-full wp-image-4448\" src=\"https:\/\/bruxelles-pantheres.be\/wp-content\/uploads\/2020\/06\/101729666_840783186413501_4822403805528195072_o.jpg\" alt=\"\" width=\"960\" height=\"538\" srcset=\"https:\/\/bruxelles-pantheres.be\/wp-content\/uploads\/2020\/06\/101729666_840783186413501_4822403805528195072_o.jpg 960w, https:\/\/bruxelles-pantheres.be\/wp-content\/uploads\/2020\/06\/101729666_840783186413501_4822403805528195072_o-300x168.jpg 300w, https:\/\/bruxelles-pantheres.be\/wp-content\/uploads\/2020\/06\/101729666_840783186413501_4822403805528195072_o-768x430.jpg 768w\" sizes=\"(max-width: 960px) 100vw, 960px\" \/><\/a><figcaption id=\"caption-attachment-4448\" class=\"wp-caption-text\">Bruxelles, Strombeek-Bever, collectif CNNCREW\/KSACRE artistes \u00e0 suivre azeone\/mesk\/hmi\/exom\/doue<\/figcaption><\/figure>\n<p><b>Le mouvement #BlackLivesMatter<\/b><\/p>\n<p><span style=\"font-weight: 400;\">Depuis le meurtre de Trayvon Martin (17 ans), depuis celui d\u2019Eric Garner, qui disait d\u00e9j\u00e0 \u00ab\u00a0<\/span><b>I can\u2019t breathe<\/b><span style=\"font-weight: 400;\">\u00a0\u00bb aux policiers du NYPD qui mettaient fin \u00e0 ses jours, des dizaines et des dizaines de Noir.e.s ont \u00e9t\u00e9 tu\u00e9.e.s par les forces de l\u2019ordre \u00e9tasuniennes ou par des citoyens s\u2019improvisant justiciers, parce qu\u2019ils et elles \u00e9taient des Noir.e.s\u00a0: des meurtres de John Crawford III (22 ans) et Michael Brown (18 ans) \u00e0 ceux d\u2019Ahmaud Arbery (25 ans) et\u00a0 George Floyd (46 ans) en passant, parmi de nombreux autres, par ceux de Michelle Cusseaux ( 50 ans), Tamir Rice (12 ans), Natasha McKenna (37 ans), Salvado Ellswood (36 ans), Keith Harrison McLeod (19 ans),<\/span> <span style=\"font-weight: 400;\">Janet Wilson (31 ans), Mary Truxillo (73 ans), \u00a0 Aaron Bailey (45 ans), Atatiana Jefferson (28 ans) et<\/span> <span style=\"font-weight: 400;\">Breonna Taylor (26 ans), nous sommes confront\u00e9s \u00e0 une liste interminable de Noir.e.s tu\u00e9.e.s par des gardiens qui ne sont pas ceux de la paix mais bien du maintien de l\u2019ordre supr\u00e9maciste blanc aux Etats-Unis.<\/span><span style=\"font-weight: 400;\">\u00a0<\/span><\/p>\n<p><span style=\"font-weight: 400;\">Le mouvement\u00a0#BlackLivesMatter\u00a0(\u00ab Les vies Noires comptent \u00bb) lutte contre les violences commises \u00e0 l\u2019encontre des Noir.e.s. Des violences qui ne se manifestent pas seulement par des brutalit\u00e9s ponctuelles mais aussi par une discrimination syst\u00e9mique de la part des institutions judiciaires et polici\u00e8res : les crimes racistes commis par la police (et parfois par des citoyens blancs) restent quasi syst\u00e9matiquement impunis.<\/span><\/p>\n<p><span style=\"font-weight: 400;\">Le crime policier est l\u2019expression ultime du racisme d\u2019\u00c9tat. C\u2019est l\u2019Etat qui forme, conditionne et arme les fonctionnaires de police qui passent \u00e0 l\u2019acte, c\u2019est l\u2019Etat qui les dispense de r\u00e9fl\u00e9chir au moment tragique, qui leur donne le loisir de se saisir de leur arme, d\u2019ajuster leur cible comme du gibier et de tirer \u00e0 mort ou d\u2019\u00e9craser la poitrine et la gorge de leur proie en utilisant des \u00ab techniques \u00bb prohib\u00e9es par les conventions internationales contre la torture et parfois par les lois de cet Etat lui-m\u00eame. C\u2019est l\u2019Etat, encore lui, qui pour finir blanchit les policiers meurtriers devant ses tribunaux.<\/span><\/p>\n<p><span style=\"font-weight: 400;\">Le message implicite que d\u00e9livrent les crimes policiers aux non-blancs est celui de la d\u00e9shumanisation\u00a0: \u00ab\u00a0non seulement vous n\u2019\u00eates pas des \u00eatres humains \u00e0 part enti\u00e8re, comme les blancs, mais avec vous nous pouvons aller jusqu\u2019\u00e0 la mise \u00e0 mort et les meurtriers sont assur\u00e9s de l\u2019impunit\u00e9\u00a0\u00bb. \u00c0 ce jour, rarissimes sont les proc\u00e8s ayant abouti \u00e0 la condamnation des meurtriers. Le crime policier n\u2019est jamais un homicide involontaire, il n\u2019est jamais gratuit, il n\u2019est jamais fortuit\u00a0! Il n\u2019est pas une bavure mais bel et bien un des dispositifs structurels d\u00e9shumanisants des modes de gouvernance auxquels sont soumises les populations non-blanches. Il est l\u00e0 pour r\u00e9pandre la consternation et la d\u00e9solation dans les c\u0153urs et les esprits des familles endeuill\u00e9es et de leur communaut\u00e9, il est l\u00e0 pour nous faire renoncer \u00e0 \u00eatre trait\u00e9s comme des \u00eatres humains. Il n\u2019\u00e9pargne aucune personne non-blanche, il est l\u00e0 pour nous terroriser.<\/span><\/p>\n<p><span style=\"font-weight: 400;\">Il est urgent de cesser de pr\u00e9tendre que la situation aux Etats-Unis est totalement diff\u00e9rente des r\u00e9alit\u00e9s belge et europ\u00e9enne. Si l\u2019on est \u00e9videmment face \u00e0 des contextes diff\u00e9rents et sp\u00e9cifiques \u00e0 chaque pays, ce que nous venons de d\u00e9crire au sujet des Etats-Unis concernant les violences polici\u00e8res et le racisme d\u2019Etat est aussi largement valable de ce c\u00f4t\u00e9-ci de l\u2019Atlantique. Sans vouloir comparer l\u2019incomparable, il est clair pour nous que les r\u00e9alit\u00e9s que sont le racisme d\u2019Etat et les crimes policiers sont d\u2019actualit\u00e9\u00a0aux \u00c9tats-Unis comme en Belgique, en France, et ailleurs dans le monde.<\/span><\/p>\n<p><span style=\"font-weight: 400;\">Comme le souligne Norman Ajari, \u00ab\u00a0<\/span><span style=\"font-weight: 400;\">L\u2019imaginaire am\u00e9ricain a une force de frappe \u00e0 l\u2019\u00e9tranger, et jusqu\u2019en Europe \u2013\u00a0\u00e0 Amsterdam, Londres et donc Paris. Pourtant, des manifestations contre les violences polici\u00e8res se d\u00e9roulent depuis longtemps en France. Aujourd\u2019hui, je crois, personne ne sort dans la rue pour demander sp\u00e9cifiquement v\u00e9rit\u00e9 et justice pour George Floyd. Mais son exemple donne peut-\u00eatre aux citoyens qui s\u2019int\u00e9ressent \u00e0 ces questions le courage de porter leur revendication dans l\u2019espace public.\u00a0<\/span><i><span style=\"font-weight: 400;\">Inspiring<\/span><\/i><span style=\"font-weight: 400;\">, \u00ab\u00a0inspirant\u00a0\u00bb, comme adorent dire les Am\u00e9ricains.\u00a0\u00bb<\/span><\/p>\n<p><b>Les violences polici\u00e8res et le racisme\u00a0<\/b><\/p>\n<p><span style=\"font-weight: 400;\">La pr\u00e9sence quotidienne de policiers dans leurs lieux de vie est une des principales causes d\u2019ins\u00e9curit\u00e9 pour les habitants des quartiers populaires. Les d\u00e9ploiements massifs de policiers se sont multipli\u00e9s ces derni\u00e8res d\u00e9cennies, faisant na\u00eetre chez les habitants de ces quartiers le sentiment, justifi\u00e9, d\u2019\u00eatre \u00ab assi\u00e9g\u00e9s par des forces d\u2019occupation \u00bb.<\/span><\/p>\n<p><span style=\"font-weight: 400;\">Des incidents graves et r\u00e9p\u00e9titifs, li\u00e9s \u00e0 ces interventions polici\u00e8res, se produisent depuis au moins 30 ans en Belgique. \u00c0 Forest (1991), Molenbeek (1995) ou Anderlecht (1997), des jeunes issus des quartiers populaires de Bruxelles s\u2019\u00e9taient d\u00e9j\u00e0 heurt\u00e9s avec violence aux forces polici\u00e8res gardiennes de l\u2019ordre raciste.<\/span><\/p>\n<p><span style=\"font-weight: 400;\">Durant les ann\u00e9es 1980-2000, dans diff\u00e9rents pays en Europe, on conna\u00eetra un cycle d\u2019\u00e9meutes \u00e0 r\u00e9p\u00e9tition, le plus souvent \u00e0 la suite d\u2019incidents entre la police et les populations issues de l\u2019immigration, en particulier de l\u2019immigration postcoloniale. Les violences \u00e9meuti\u00e8res ont pour socle commun les discriminations raciales, en particulier celles commises par la police. C\u2019est \u00e0 chaque fois le facteur d\u00e9clencheur, l\u2019\u00e9tincelle qui met le feu aux poudres.<\/span><\/p>\n<p><span style=\"font-weight: 400;\">Les \u00e9meutes, expressions violentes de r\u00e9voltes l\u00e9gitimes, constituent le climax des types de relations qui sont \u00e0 l\u2019\u0153uvre quotidiennement entre les personnes issues de l\u2019immigration et les services de police.<\/span><\/p>\n<p><span style=\"font-weight: 400;\">Expliquer ces \u00e9meutes par des causes \u00e9conomiques et sociales n\u2019est pas suffisant.<\/span><\/p>\n<p><span style=\"font-weight: 400;\">Il est indispensable de prendre en compte le fait que pour deux, trois, quatre g\u00e9n\u00e9rations (voire plus) de Noirs, d\u2019Arabes, de Musulmans, de Rroms, la r\u00e9alit\u00e9 de la question raciale face \u00e0 la police, face aux violences polici\u00e8res, est la m\u00eame.\u00a0<\/span><\/p>\n<p><span style=\"font-weight: 400;\">Plus contr\u00f4l\u00e9s, les Noirs, les Arabes, les (pr\u00e9suppos\u00e9s) Musulmans, les Rroms sont plus arr\u00eat\u00e9s, plus fouill\u00e9, plus poursuivis, plus mis en d\u00e9tention pr\u00e9ventive, plus condamn\u00e9s, condamn\u00e9s \u00e0 des peines plus longues et font une plus grande part de cette peine que la \u00ab\u00a0population g\u00e9n\u00e9rale\u00a0\u00bb (Brion).<\/span><\/p>\n<p><span style=\"font-weight: 400;\">En mars 1997, une \u00e9meute \u00e9clate devant la maison communale et le commissariat d\u2019Ixelles \u00e0 la suite de la d\u00e9couverte du corps de Loubna Bena\u00efssa dans la cave d\u2019une station-service tenue par un p\u00e9dophile multir\u00e9cidiviste dans la m\u00eame commune. Loubna, 9 ans, avait \u00ab\u00a0disparu\u00a0\u00bb le 5 ao\u00fbt 1992, pr\u00e8s de 5 ans auparavant. Elle \u00e9tait partie faire une simple course dans un magasin de son quartier. On ne l\u2019a pas retrouv\u00e9e \u00e0 l\u2019\u00e9poque pour deux raisons. La premi\u00e8re c\u2019est que le nom du p\u00e9dophile qui se trouvait sur son trajet \u00e9tait mal orthographi\u00e9 sur la liste des p\u00e9do-criminels et agresseurs sexuels tenue par les autorit\u00e9s. La seconde, on l\u2019apprendra en commission parlementaire, c\u2019est que les policiers, qui s\u2019\u00e9taient tout de m\u00eame d\u00e9plac\u00e9s jusqu\u2019\u00e0 la station-service en 1992, n\u2019ont pas pris la peine de descendre dans la cave de la station parce que \u00ab\u00a0c\u2019\u00e9tait sale et que la commune ne leur fournissait pas de bottes ad\u00e9quates\u00a0\u00bb. Il a fallu l\u2019\u00e9clatement de l\u2019affaire Dutroux en 1996 pour que l\u2019enqu\u00eate pour la retrouver soit enfin reprise et s\u00e9rieusement men\u00e9e. Dutroux est toujours en prison. Le p\u00e9do-criminel qui a viol\u00e9 et tu\u00e9 Loubna, est lui paisiblement mort dans un \u00e9tablissement de d\u00e9fense sociale de Tournai en 2016. Il n\u2019a jamais \u00e9t\u00e9 effectivement reconnu coupable et condamn\u00e9 pour son crime.<\/span><\/p>\n<p><span style=\"font-weight: 400;\">Le 22 septembre 1998, une Nig\u00e9riane de 20 ans, Semira Adamu, demandeuse d\u2019asile, a \u00e9t\u00e9 tu\u00e9e lors de son expulsion, \u00e9touff\u00e9e avec un coussin maintenu sur son visage par les policiers qui l\u2019escortaient dans l\u2019avion.<\/span><\/p>\n<p><span style=\"font-weight: 400;\">Le 28 ao\u00fbt 2009, Khaled est frapp\u00e9 \u00e0 coups de matraque, menott\u00e9 et contraint de monter dans un fourgon de police. \u00ab Dis que tu es un sale macaque ou je frappe plus fort ! \u00bb, s\u2019\u00e9crie un policier. Khaled s\u2019ex\u00e9cute. \u00ab Apr\u00e8s je me sentais si humili\u00e9. Je regrette toujours, mais j\u2019\u00e9tais gagn\u00e9 par la peur \u00bb, confiera le jeune homme traumatis\u00e9.<\/span><\/p>\n<p><span style=\"font-weight: 400;\">Durant l\u2019hiver 2011-2012, Bruxelles f\u00fbt le th\u00e9\u00e2tre de manifestations belgo-congolaises de protestation contre la r\u00e9\u00e9lection truqu\u00e9e de Joseph Kabila en RDC. M\u00e9dias et pouvoirs politiques belges ont imm\u00e9diatement qualifi\u00e9 ces manifs \u00ab d\u2019\u00e9meutes \u00bb : une psychose s\u00e9curitaire et n\u00e9grophobe s\u2019est impos\u00e9e sans tarder ! Les autorit\u00e9s ont \u00e0 l\u2019\u00e9poque suspendu le droit de manifester uniquement pour les Congolais et sp\u00e9cifiquement dans le quartier dit africain de Bruxelles nomm\u00e9 Matonge, \u00e0 Ixelles. Des policiers ont, entre-autres actes de violence, l\u00e2ch\u00e9 leurs chiens contre un jeune Noir qui travaillait dans un th\u00e9\u00e2tre situ\u00e9 pr\u00e8s du lieu des manifestations et qui avait eu le malheur de mettre le nez dehors pour voir ce qu\u2019il se passait. Il ne participait m\u00eame pas \u00e0 la manifestation. Les policiers ont l\u00e2ch\u00e9 leur chiens sur lui uniquement parce qu\u2019il est un Noir et qu\u2019il \u00e9tait \u00ab\u00a0au mauvais endroit au mauvais moment\u00a0\u00bb, selon l\u2019expression consacr\u00e9e.\u00a0\u00a0<\/span><\/p>\n<p><span style=\"font-weight: 400;\">En 2012, les s\u0153urs Cathy et Julie Mubenga, Belges d\u2019origine congolaise, ont \u00e9t\u00e9 violemment agress\u00e9es par des policiers aux cris de \u00ab D\u00e9gage, sale pute ! Sale n\u00e8gre ! D\u00e9gage ! \u00bb\u2026 R\u00e9sultat : commotion c\u00e9r\u00e9brale et hospitalisation pour l\u2019une, le traditionnel confinement du fourgon pour l\u2019autre. \u00ab Dans le combis, ils m\u2019ont tir\u00e9 les cheveux, d\u00e9chir\u00e9 les v\u00eatements, d\u00e9truit mes lunettes. J\u2019\u00e9tais menott\u00e9e, mais \u00e7a ne les emp\u00eachait pas de me frapper avec leurs matraques et ils n\u2019arr\u00eataient pas de m\u2019insulter : \u2018Tu vas voir, sale n\u00e8gre ! Esp\u00e8ce de macaque, on va te faire retourner l\u00e0-bas ! Tu m\u00e9rites une balle comme les macaques\u2019 \u00bb, affirme Cathy Mubenga\u2026 qui ne conna\u00eet pas du tout le jeune Khaled.<\/span><\/p>\n<p><span style=\"font-weight: 400;\">Les morts suspectes du belgo-marocain Youssef Tariki en 2014 dans un commissariat de Charleroi et du belgo-congolais Dieumerci Kanda dans une cellule d\u2019un commissariat d\u2019Anderlecht en 2015 nous ont \u00e0 nouveau confirm\u00e9 que la police n\u2019a pas le moindre respect ni la moindre reconnaissance de l\u2019humanit\u00e9 des communaut\u00e9s noires, arabes et\/ou musulmanes de Belgique. Un m\u00e9pris raciste d\u00e9montr\u00e9 quotidiennement par l\u2019utilisation excessive de la violence sous toutes ses formes (contr\u00f4les aux faci\u00e8s, tutoiement, insultes, rafles, tabassages, palpations, viols, etc.) \u00bb <\/span><\/p>\n<p><span style=\"font-weight: 400;\">Plus r\u00e9cemment, en mai 2018, Mawda 2 ans, a \u00e9t\u00e9 tu\u00e9e par la balle tir\u00e9e par un policier belge alors qu\u2019elle \u00e9tait \u00e0 bord d\u2019une camionnette remplie de r\u00e9fugi\u00e9.e.s en qu\u00eate d\u2019un passage en Grande-Bretagne.<\/span><\/p>\n<p><span style=\"font-weight: 400;\">En mai 2018 encore, Mo\u00efse Lamine Bangoura, 27 ans, meurt lors d&rsquo;une intervention de la police belge.<\/span><\/p>\n<p><span style=\"font-weight: 400;\">En ao\u00fbt 2019, Mehdi Bouda,17 ans a \u00e9t\u00e9 tu\u00e9 lors d&rsquo;une intervention de la police pr\u00e8s de la gare centrale \u00e0 Bruxelles. Il a \u00e9t\u00e9 heurt\u00e9 par un v\u00e9hicule de police roulant \u00e0 98 km\/h, sans sir\u00e8ne, dans une zone 30.<\/span><\/p>\n<p><span style=\"font-weight: 400;\">En avril 2020, Adil un jeune Anderlechtois de 19 ans, succombe \u00e0 un \u00ab\u00a0accident de la route\u00a0\u00bb avec un v\u00e9hicule de police pendant une course-poursuite.<\/span><\/p>\n<p><span style=\"font-weight: 400;\">Les cas que nous venons de d\u00e9crire ne sont que quelques exemples de violences polici\u00e8res commises \u00e0 Bruxelles et en Belgique. Rien que durant les deux derni\u00e8res ann\u00e9es nous pouvons au bas mot recens\u00e9 vingt morts qui ont perdu la vie parce que, pour une raison ou une autre, ils et elles ont crois\u00e9 la route de la police. Nous ne pouvons que tirer comme conclusion de tous ces faits une r\u00e8gle immuable : on \u00e9chappe difficilement au large spectre des violences institutionnelles lorsqu\u2019on est Noirs, Arabes, Musulmans, Rroms.<\/span><\/p>\n<p><span style=\"font-weight: 400;\">Dans son livre <\/span><i><span style=\"font-weight: 400;\">La dignit\u00e9 ou la Mort &#8211; \u00c9thique et politique de la race<\/span><\/i><span style=\"font-weight: 400;\">, Norman Ajari explique justement que \u00ab Lorsque la dignit\u00e9 d\u2019un jeune Noir est prise d\u2019assaut, lorsqu\u2019il est viol\u00e9 ou assassin\u00e9 par les repr\u00e9sentants de l\u2019\u00c9tat, c\u2019est une longue histoire de luttes, de conqu\u00eates et d\u2019affirmation d\u2019une humanit\u00e9 africaine qui vacille. \u00bb. \u00c0 ceux qui voient dans ce constat la manifestation d\u2019un \u00ab\u00a0racisme anti-blanc\u00a0\u00bb, il r\u00e9torque : \u00ab Qu\u2019il n\u2019y a pourtant<\/span><span style=\"font-weight: 400;\"> aucune bonne raison pour laquelle la conscience noire, c\u2019est-\u00e0-dire la conscience de soi des \u00e9meutiers, devrait s\u2019effondrer en une hypoth\u00e9tique haine raciste dirig\u00e9e contre les Blancs. La notion d\u2019\u00e9meutes raciales ne concerne pas la blancheur, mais la noirceur qui se r\u00e9volte contre l\u2019indigne o\u00f9 elle se trouve emprisonn\u00e9e. Pour raciale qu\u2019elle soit, la r\u00e9volte noire n\u2019est pas dirig\u00e9e contre les \u00ab Blancs \u00bb, mais contre l\u2019abjection fonci\u00e8re de la condition noire elle-m\u00eame.\u00bb<\/span><\/p>\n<p><span style=\"font-weight: 400;\">La question des violences polici\u00e8res est aujourd\u2019hui incontournable dans le paysage m\u00e9diatico-politique. Cette avanc\u00e9e est le fruit d\u2019initiatives multiples venant de nombreuses associations de terrain qui luttent au quotidien contre l\u2019islamophobie, la n\u00e9grophobie, la rromophobie, le racisme d\u2019\u00e9tat. Des forums et conf\u00e9rences aux marches contre les violences polici\u00e8res jusqu\u2019aux interpellations politiques, en passant par une occupation r\u00e9solue des r\u00e9seaux sociaux, blogs et plateformes num\u00e9riques, cette vague contestataire est l\u2019un des mouvements les plus prometteurs pour ceux qui luttent avec comme objectifs la justice sociale et l\u2019\u00e9galit\u00e9 r\u00e9elle (et pas seulement formelle).<\/span><\/p>\n<p><a href=\"https:\/\/bruxelles-pantheres.be\/wp-content\/uploads\/2020\/06\/FB_IMG_1468534738314.jpg\"><img decoding=\"async\" class=\"size-full wp-image-4474 aligncenter\" src=\"https:\/\/bruxelles-pantheres.be\/wp-content\/uploads\/2020\/06\/FB_IMG_1468534738314.jpg\" alt=\"\" width=\"520\" height=\"480\" srcset=\"https:\/\/bruxelles-pantheres.be\/wp-content\/uploads\/2020\/06\/FB_IMG_1468534738314.jpg 520w, https:\/\/bruxelles-pantheres.be\/wp-content\/uploads\/2020\/06\/FB_IMG_1468534738314-300x277.jpg 300w\" sizes=\"(max-width: 520px) 100vw, 520px\" \/><\/a><\/p>\n<p><span style=\"font-weight: 400;\">Ainsi, nous d\u00e9clarons\u00a0:<\/span><\/p>\n<ul>\n<li style=\"font-weight: 400;\"><span style=\"font-weight: 400;\">notre volont\u00e9 d\u2019\u0153uvrer dans la perspective d\u2019un front d\u00e9colonial \u00e0 moyen et \u00e0 long terme, aux niveaux \u00a0 national et international.<\/span><\/li>\n<li style=\"font-weight: 400;\"><span style=\"font-weight: 400;\">qu\u2019il existe une constante de la condition du sujet colonial, qu\u2019il soit africain, antillais, musulman, arabe, berb\u00e8re, sud-am\u00e9ricain, asiatique\u2026Il existe une exp\u00e9rience commune de l\u2019histoire coloniale et du pr\u00e9sent de l\u2019immigration\u00a0qui rassemble ces populations et surd\u00e9termine leur rapport au reste de la soci\u00e9t\u00e9 : racisme, discriminations, violences polici\u00e8res, s\u00e9gr\u00e9gation sociale et spatiale, acharnement m\u00e9diatique, d\u00e9ni d\u2019humanit\u00e9\u2026<\/span><\/li>\n<li style=\"font-weight: 400;\"><span style=\"font-weight: 400;\">qu\u2019il existe un ennemi commun et sup\u00e9rieur : la supr\u00e9matie blanche, qui a voulu nous exterminer dans le pass\u00e9 en nous r\u00e9duisant en esclavage, en nous colonisant atrocement, en nous s\u00e9gr\u00e9guant et nous d\u00e9poss\u00e9dant, et qui aujourd\u2019hui continue encore \u00e0 nous \u00e9touffer en garantissant une plus grande s\u00e9curit\u00e9 sociale, \u00e9conomique, politique aux Blancs au d\u00e9triment des non Blancs.<\/span><\/li>\n<li style=\"font-weight: 400;\"><span style=\"font-weight: 400;\">\u00eatre conscients des difficult\u00e9s objectives qui sont les n\u00f4tres et qui pour certaines sont le fruit de l\u2019histoire et du colonialisme, \u00e0 savoir\u00a0: des statuts diff\u00e9rents dans la hi\u00e9rarchie raciale \u00e0 l\u2019int\u00e9rieur de la communaut\u00e9 des post-colonis\u00e9s, inf\u00e9riorisation au sein m\u00eame de l\u2019indig\u00e9nat, mise en concurrence qui emp\u00eachent notre union et la possibilit\u00e9 d\u2019une r\u00e9sistance commune plus efficace. Cela peut se traduire par un racisme des Arabes envers les Noirs, un m\u00e9pris des Antillais envers les Africains, des Noirs et des Arabes envers les Rroms, des divisions nationales ou confessionnelles,\u00a0 contradictions de genre et de classe.<\/span><\/li>\n<li style=\"font-weight: 400;\"><span style=\"font-weight: 400;\">que la traite dite orientale est un contentieux non r\u00e9solu qui se dresse entre les communaut\u00e9s noires et arabo-musulmanes. Cet esclavage est une r\u00e9alit\u00e9 dont les cons\u00e9quences socio-id\u00e9ologiques persistent encore. Toutefois c\u2019est bel et bien l\u2019\u00e9chelle industrielle in\u00e9dite (dans les annales de l\u2019histoire de l\u2019humanit\u00e9) du trafic n\u00e9grier transatlantique qui a d\u00e9truit les soci\u00e9t\u00e9s n\u00e9gro-africaines, les plongeant dans un profond d\u00e9clin, et qui associ\u00e9 \u00e0 l\u2019expansion du capitalisme et des empires coloniaux occidentaux, a constitu\u00e9 le socle historique d\u2019une fracture raciale plan\u00e9taire toujours vivace.<\/span><\/li>\n<li style=\"font-weight: 400;\"><span style=\"font-weight: 400;\">avoir la volont\u00e9 de ne pas occulter ces contradictions internes car contraires \u00e0 notre id\u00e9al de justice et d\u2019\u00e9gale dignit\u00e9, tout en nous renfor\u00e7ant pour d\u00e9jouer les plans de division que les forces racistes n\u2019h\u00e9sitent pas \u00e0 instrumentaliser.<\/span><\/li>\n<li style=\"font-weight: 400;\"><span style=\"font-weight: 400;\">comprendre la n\u00e9cessit\u00e9 de l\u2019autonomie \u00e0 l\u2019int\u00e9rieur d\u2019un front car si le racisme d\u2019Etat et imp\u00e9rialiste que nous subissons provient de la m\u00eame matrice coloniale, tous les racismes ne se confondent pas. Ainsi, il est important de pr\u00e9server la sp\u00e9cificit\u00e9 de la lutte contre la n\u00e9grophobie comme celle contre l\u2019islamophobie ou contre le racisme anti-Rroms. D\u2019abord parce que le racisme d\u2019Etat les distingue et ne frappe pas de la m\u00eame mani\u00e8re les communaut\u00e9s arabo-musulmanes et les communaut\u00e9s noires mais aussi parce que le d\u00e9s\u00e9quilibre d\u00e9mographique en Belgique, en faveur des maghr\u00e9bins, pourrait faire la part belle \u00e0 la lutte contre l\u2019islamophobie et pour la Palestine au d\u00e9triment des autres racismes et\u00a0 de la Fran\u00e7afrique notamment.<\/span><\/li>\n<li style=\"font-weight: 400;\"><span style=\"font-weight: 400;\">ne pas situer notre action dans le cadre d\u2019une probl\u00e9matique ax\u00e9e sur l\u2019opposition entre le progr\u00e8s et le sous-d\u00e9veloppement mais dans celui de la reconnaissance pleine et enti\u00e8re de nos espace-temps, de nos identit\u00e9s et cultures \u2013 africaines, islamiques, cr\u00e9oles, arabo-berb\u00e8res \u2013 qui ne sont ni en retard, ni en avance mais emp\u00each\u00e9es d\u2019\u00eatre.<\/span><\/li>\n<li style=\"font-weight: 400;\"><span style=\"font-weight: 400;\">vouloir assumer la direction pleine et enti\u00e8re de notre politique.<\/span><\/li>\n<li style=\"font-weight: 400;\"><span style=\"font-weight: 400;\">\u00eatre ouverts aux alliances avec les forces antiracistes et anti-imp\u00e9rialistes du champ politique blanc qui renforcent nos luttes.<\/span><\/li>\n<\/ul>\n<p><span style=\"font-weight: 400;\">Ce processus de \u00ab convergence avec nous-m\u00eames \u00bb <\/span><span style=\"font-weight: 400;\"> est le fruit d\u2019un travail que Bruxelles Panth\u00e8res accomplit, en commun avec d\u2019autres organisations d\u00e9coloniales en Europe et dans le monde, depuis pr\u00e8s de dix ans. Nous souhaitons le poursuivre et lui donner un contenu politique plus substantiel, voire organisationnel.<\/span><\/p>\n<p><span style=\"font-weight: 400;\">Aujourd\u2019hui, comme il y a 30 ans, comme il y a 10 ans, loin d\u2019avoir renonc\u00e9 \u00e0 ses comportements pass\u00e9s, l\u2019\u00c9tat belge s\u2019obstine \u00e0 renforcer ses dispositifs de surveillance et de r\u00e9pression. En plus des conditions sociales toujours plus d\u00e9plorables, le harc\u00e8lement des populations des quartiers populaires, leur humiliation, constituent le quotidien pour les Noirs, les Arabes, les Musulmans, les Rroms. Dans ce paysage d\u00e9vast\u00e9, le crime policier n\u2019est, nous le r\u00e9p\u00e9tons, jamais fortuit. Il est l\u2019aboutissement d\u2019une logique, d\u2019une structuration de l\u2019\u00c9tat qui n\u2019a pour nous que d\u00e9sint\u00e9r\u00eat et m\u00e9pris.<\/span><\/p>\n<p><span style=\"font-weight: 400;\">Ainsi, nous d\u00e9clarons\u00a0notre volont\u00e9 d\u2019\u0153uvrer dans la perspective d\u2019un front d\u00e9colonial \u00e0 moyen et \u00e0 long terme, en effet, c\u2019est la seule issue qui nous permettra de faire face \u00e0 ce racisme syst\u00e9mique qui gangr\u00e8ne nos soci\u00e9t\u00e9s et brutalise nos fr\u00e8res et soeurs.\u00a0<\/span><\/p>\n<p><span style=\"font-weight: 400;\">Voil\u00e0 pourquoi, nous vous invitons \u00e0 rejoindre le rassemblement de ce Dimanche \u00e0 15h sur la place Poelaert \u00e0 Bruxelles: Justice pour George Floyd, pour Adama, pour Mehdi, pour Mo\u00efse Lamine, pour Adil, pour Mawda, pour Soula\u00efmane, pour Loubna, pour Mitch, pour Awale, pour Semira, pour Ouassim, pour Sabrina, pour Mitchell, pour Wensley ainsi que pour ceux qui restent sans nom comme les milliers de personnes qui meurent \u00e0 nos fronti\u00e8res. Nous n&rsquo;oublierons pas.\u00a0<\/span><\/p>\n<p><span style=\"font-weight: 400;\">Notre mobilisation digne, puissante, d\u00e9termin\u00e9e est l\u2019unique fa\u00e7on d\u2019enrayer notre \u00e9crasement collectif qu\u2019on nous annonce et nous fait subir.\u00a0<\/span><\/p>\n<p style=\"text-align: right;\">Mouhad Reghif et Nordine Saidi membres de Bruxelles Panth\u00e8res.<\/p>\n<p>Demain \u00e0 15h, Place Poelart \u00e0\u00a0<a class=\"_58cn\" href=\"https:\/\/www.facebook.com\/hashtag\/bruxelles?__eep__=6&amp;source=feed_text&amp;epa=HASHTAG&amp;__xts__%5B0%5D=68.ARCcz1u9nwyctqonTcgqv0I4WQPp5bOdVzRHNvJclIADq95UdCgTneCmHntB5m6rW7wUm49sfpnm9GoFGK1LeZuuS6NNPJC3BIA9RriMIib-WtxqThiYZKuzmAbl4sDB66L4LPCbtGh-TI5Bm-gyUb2rnD5oQ5701qIn7PzUOkg0C1oihAKnaJ-PU9AWQv6KIP8UvnBEYYXTHmeseQUTal2Q-q8eZsIXk8T-m3bsqju0DuEotqMw4fCpSDEzAxo4JTEL6XsVTSsyg-dbJQRjv6TPIlordYacc6sfHArk6ZhgN47cbfNHipnxpsRByUMbjY10dBKgcrKQTEPTJLS3HS3unA&amp;__tn__=%2ANK-R\" data-ft=\"{&quot;type&quot;:104,&quot;tn&quot;:&quot;*N&quot;}\"><span class=\"_5afx\"><span class=\"_58cl _5afz\" aria-label=\"hashtag\">#<\/span><span class=\"_58cm\">Bruxelles<\/span><\/span><\/a><\/p>\n<p>Justice pour\u00a0<a class=\"_58cn\" href=\"https:\/\/www.facebook.com\/hashtag\/george_floyd?__eep__=6&amp;source=feed_text&amp;epa=HASHTAG&amp;__xts__%5B0%5D=68.ARCcz1u9nwyctqonTcgqv0I4WQPp5bOdVzRHNvJclIADq95UdCgTneCmHntB5m6rW7wUm49sfpnm9GoFGK1LeZuuS6NNPJC3BIA9RriMIib-WtxqThiYZKuzmAbl4sDB66L4LPCbtGh-TI5Bm-gyUb2rnD5oQ5701qIn7PzUOkg0C1oihAKnaJ-PU9AWQv6KIP8UvnBEYYXTHmeseQUTal2Q-q8eZsIXk8T-m3bsqju0DuEotqMw4fCpSDEzAxo4JTEL6XsVTSsyg-dbJQRjv6TPIlordYacc6sfHArk6ZhgN47cbfNHipnxpsRByUMbjY10dBKgcrKQTEPTJLS3HS3unA&amp;__tn__=%2ANK-R\" data-ft=\"{&quot;type&quot;:104,&quot;tn&quot;:&quot;*N&quot;}\"><span class=\"_5afx\"><span class=\"_58cl _5afz\" aria-label=\"hashtag\">#<\/span><span class=\"_58cm\">George_Floyd<\/span><\/span><\/a>, pour\u00a0<a class=\"_58cn\" href=\"https:\/\/www.facebook.com\/hashtag\/adil?__eep__=6&amp;source=feed_text&amp;epa=HASHTAG&amp;__xts__%5B0%5D=68.ARCcz1u9nwyctqonTcgqv0I4WQPp5bOdVzRHNvJclIADq95UdCgTneCmHntB5m6rW7wUm49sfpnm9GoFGK1LeZuuS6NNPJC3BIA9RriMIib-WtxqThiYZKuzmAbl4sDB66L4LPCbtGh-TI5Bm-gyUb2rnD5oQ5701qIn7PzUOkg0C1oihAKnaJ-PU9AWQv6KIP8UvnBEYYXTHmeseQUTal2Q-q8eZsIXk8T-m3bsqju0DuEotqMw4fCpSDEzAxo4JTEL6XsVTSsyg-dbJQRjv6TPIlordYacc6sfHArk6ZhgN47cbfNHipnxpsRByUMbjY10dBKgcrKQTEPTJLS3HS3unA&amp;__tn__=%2ANK-R\" data-ft=\"{&quot;type&quot;:104,&quot;tn&quot;:&quot;*N&quot;}\"><span class=\"_5afx\"><span class=\"_58cl _5afz\" aria-label=\"hashtag\">#<\/span><span class=\"_58cm\">Adil<\/span><\/span><\/a>, pour\u00a0<a class=\"_58cn\" href=\"https:\/\/www.facebook.com\/hashtag\/mehdi?__eep__=6&amp;source=feed_text&amp;epa=HASHTAG&amp;__xts__%5B0%5D=68.ARCcz1u9nwyctqonTcgqv0I4WQPp5bOdVzRHNvJclIADq95UdCgTneCmHntB5m6rW7wUm49sfpnm9GoFGK1LeZuuS6NNPJC3BIA9RriMIib-WtxqThiYZKuzmAbl4sDB66L4LPCbtGh-TI5Bm-gyUb2rnD5oQ5701qIn7PzUOkg0C1oihAKnaJ-PU9AWQv6KIP8UvnBEYYXTHmeseQUTal2Q-q8eZsIXk8T-m3bsqju0DuEotqMw4fCpSDEzAxo4JTEL6XsVTSsyg-dbJQRjv6TPIlordYacc6sfHArk6ZhgN47cbfNHipnxpsRByUMbjY10dBKgcrKQTEPTJLS3HS3unA&amp;__tn__=%2ANK-R\" data-ft=\"{&quot;type&quot;:104,&quot;tn&quot;:&quot;*N&quot;}\"><span class=\"_5afx\"><span class=\"_58cl _5afz\" aria-label=\"hashtag\">#<\/span><span class=\"_58cm\">Mehdi<\/span><\/span><\/a>, pour\u00a0<a class=\"_58cn\" href=\"https:\/\/www.facebook.com\/hashtag\/lamine?__eep__=6&amp;source=feed_text&amp;epa=HASHTAG&amp;__xts__%5B0%5D=68.ARCcz1u9nwyctqonTcgqv0I4WQPp5bOdVzRHNvJclIADq95UdCgTneCmHntB5m6rW7wUm49sfpnm9GoFGK1LeZuuS6NNPJC3BIA9RriMIib-WtxqThiYZKuzmAbl4sDB66L4LPCbtGh-TI5Bm-gyUb2rnD5oQ5701qIn7PzUOkg0C1oihAKnaJ-PU9AWQv6KIP8UvnBEYYXTHmeseQUTal2Q-q8eZsIXk8T-m3bsqju0DuEotqMw4fCpSDEzAxo4JTEL6XsVTSsyg-dbJQRjv6TPIlordYacc6sfHArk6ZhgN47cbfNHipnxpsRByUMbjY10dBKgcrKQTEPTJLS3HS3unA&amp;__tn__=%2ANK-R\" data-ft=\"{&quot;type&quot;:104,&quot;tn&quot;:&quot;*N&quot;}\"><span class=\"_5afx\"><span class=\"_58cl _5afz\" aria-label=\"hashtag\">#<\/span><span class=\"_58cm\">Lamine<\/span><\/span><\/a>, pour\u00a0<a class=\"_58cn\" href=\"https:\/\/www.facebook.com\/hashtag\/souleiman?__eep__=6&amp;source=feed_text&amp;epa=HASHTAG&amp;__xts__%5B0%5D=68.ARCcz1u9nwyctqonTcgqv0I4WQPp5bOdVzRHNvJclIADq95UdCgTneCmHntB5m6rW7wUm49sfpnm9GoFGK1LeZuuS6NNPJC3BIA9RriMIib-WtxqThiYZKuzmAbl4sDB66L4LPCbtGh-TI5Bm-gyUb2rnD5oQ5701qIn7PzUOkg0C1oihAKnaJ-PU9AWQv6KIP8UvnBEYYXTHmeseQUTal2Q-q8eZsIXk8T-m3bsqju0DuEotqMw4fCpSDEzAxo4JTEL6XsVTSsyg-dbJQRjv6TPIlordYacc6sfHArk6ZhgN47cbfNHipnxpsRByUMbjY10dBKgcrKQTEPTJLS3HS3unA&amp;__tn__=%2ANK-R\" data-ft=\"{&quot;type&quot;:104,&quot;tn&quot;:&quot;*N&quot;}\"><span class=\"_5afx\"><span class=\"_58cl _5afz\" aria-label=\"hashtag\">#<\/span><span class=\"_58cm\">Souleiman<\/span><\/span><\/a>, pour\u00a0<a class=\"_58cn\" href=\"https:\/\/www.facebook.com\/hashtag\/mawda?__eep__=6&amp;source=feed_text&amp;epa=HASHTAG&amp;__xts__%5B0%5D=68.ARCcz1u9nwyctqonTcgqv0I4WQPp5bOdVzRHNvJclIADq95UdCgTneCmHntB5m6rW7wUm49sfpnm9GoFGK1LeZuuS6NNPJC3BIA9RriMIib-WtxqThiYZKuzmAbl4sDB66L4LPCbtGh-TI5Bm-gyUb2rnD5oQ5701qIn7PzUOkg0C1oihAKnaJ-PU9AWQv6KIP8UvnBEYYXTHmeseQUTal2Q-q8eZsIXk8T-m3bsqju0DuEotqMw4fCpSDEzAxo4JTEL6XsVTSsyg-dbJQRjv6TPIlordYacc6sfHArk6ZhgN47cbfNHipnxpsRByUMbjY10dBKgcrKQTEPTJLS3HS3unA&amp;__tn__=%2ANK-R\" data-ft=\"{&quot;type&quot;:104,&quot;tn&quot;:&quot;*N&quot;}\"><span class=\"_5afx\"><span class=\"_58cl _5afz\" aria-label=\"hashtag\">#<\/span><span class=\"_58cm\">Mawda<\/span><\/span><\/a>, pour\u00a0<a class=\"_58cn\" href=\"https:\/\/www.facebook.com\/hashtag\/amine?__eep__=6&amp;source=feed_text&amp;epa=HASHTAG&amp;__xts__%5B0%5D=68.ARCcz1u9nwyctqonTcgqv0I4WQPp5bOdVzRHNvJclIADq95UdCgTneCmHntB5m6rW7wUm49sfpnm9GoFGK1LeZuuS6NNPJC3BIA9RriMIib-WtxqThiYZKuzmAbl4sDB66L4LPCbtGh-TI5Bm-gyUb2rnD5oQ5701qIn7PzUOkg0C1oihAKnaJ-PU9AWQv6KIP8UvnBEYYXTHmeseQUTal2Q-q8eZsIXk8T-m3bsqju0DuEotqMw4fCpSDEzAxo4JTEL6XsVTSsyg-dbJQRjv6TPIlordYacc6sfHArk6ZhgN47cbfNHipnxpsRByUMbjY10dBKgcrKQTEPTJLS3HS3unA&amp;__tn__=%2ANK-R\" data-ft=\"{&quot;type&quot;:104,&quot;tn&quot;:&quot;*N&quot;}\"><span class=\"_5afx\"><span class=\"_58cl _5afz\" aria-label=\"hashtag\">#<\/span><span class=\"_58cm\">Amine<\/span><\/span><\/a>, pour\u00a0<a class=\"_58cn\" href=\"https:\/\/www.facebook.com\/hashtag\/adama?__eep__=6&amp;source=feed_text&amp;epa=HASHTAG&amp;__xts__%5B0%5D=68.ARCcz1u9nwyctqonTcgqv0I4WQPp5bOdVzRHNvJclIADq95UdCgTneCmHntB5m6rW7wUm49sfpnm9GoFGK1LeZuuS6NNPJC3BIA9RriMIib-WtxqThiYZKuzmAbl4sDB66L4LPCbtGh-TI5Bm-gyUb2rnD5oQ5701qIn7PzUOkg0C1oihAKnaJ-PU9AWQv6KIP8UvnBEYYXTHmeseQUTal2Q-q8eZsIXk8T-m3bsqju0DuEotqMw4fCpSDEzAxo4JTEL6XsVTSsyg-dbJQRjv6TPIlordYacc6sfHArk6ZhgN47cbfNHipnxpsRByUMbjY10dBKgcrKQTEPTJLS3HS3unA&amp;__tn__=%2ANK-R\" data-ft=\"{&quot;type&quot;:104,&quot;tn&quot;:&quot;*N&quot;}\"><span class=\"_5afx\"><span class=\"_58cl _5afz\" aria-label=\"hashtag\">#<\/span><span class=\"_58cm\">Adama<\/span><\/span><\/a>, pour\u00a0<a class=\"_58cn\" href=\"https:\/\/www.facebook.com\/hashtag\/angelo?__eep__=6&amp;source=feed_text&amp;epa=HASHTAG&amp;__xts__%5B0%5D=68.ARCcz1u9nwyctqonTcgqv0I4WQPp5bOdVzRHNvJclIADq95UdCgTneCmHntB5m6rW7wUm49sfpnm9GoFGK1LeZuuS6NNPJC3BIA9RriMIib-WtxqThiYZKuzmAbl4sDB66L4LPCbtGh-TI5Bm-gyUb2rnD5oQ5701qIn7PzUOkg0C1oihAKnaJ-PU9AWQv6KIP8UvnBEYYXTHmeseQUTal2Q-q8eZsIXk8T-m3bsqju0DuEotqMw4fCpSDEzAxo4JTEL6XsVTSsyg-dbJQRjv6TPIlordYacc6sfHArk6ZhgN47cbfNHipnxpsRByUMbjY10dBKgcrKQTEPTJLS3HS3unA&amp;__tn__=%2ANK-R\" data-ft=\"{&quot;type&quot;:104,&quot;tn&quot;:&quot;*N&quot;}\"><span class=\"_5afx\"><span class=\"_58cl _5afz\" aria-label=\"hashtag\">#<\/span><span class=\"_58cm\">Angelo<\/span><\/span><\/a>\u00a0&#8230; et pour toutes les victimes des crimes et violence polici\u00e8res.<\/p>\n<p><a class=\"_58cn\" href=\"https:\/\/www.facebook.com\/hashtag\/blacklivesmatter?__eep__=6&amp;source=feed_text&amp;epa=HASHTAG&amp;__xts__%5B0%5D=68.ARCcz1u9nwyctqonTcgqv0I4WQPp5bOdVzRHNvJclIADq95UdCgTneCmHntB5m6rW7wUm49sfpnm9GoFGK1LeZuuS6NNPJC3BIA9RriMIib-WtxqThiYZKuzmAbl4sDB66L4LPCbtGh-TI5Bm-gyUb2rnD5oQ5701qIn7PzUOkg0C1oihAKnaJ-PU9AWQv6KIP8UvnBEYYXTHmeseQUTal2Q-q8eZsIXk8T-m3bsqju0DuEotqMw4fCpSDEzAxo4JTEL6XsVTSsyg-dbJQRjv6TPIlordYacc6sfHArk6ZhgN47cbfNHipnxpsRByUMbjY10dBKgcrKQTEPTJLS3HS3unA&amp;__tn__=%2ANK-R\" data-ft=\"{&quot;type&quot;:104,&quot;tn&quot;:&quot;*N&quot;}\"><span class=\"_5afx\"><span class=\"_58cl _5afz\" aria-label=\"hashtag\">#<\/span><span class=\"_58cm\">BlackLivesMatter<\/span><\/span><\/a>\u00a0<span class=\"_5mfr\"><span class=\"_6qdm\">\u270a\ud83c\udffe<\/span><\/span><\/p>\n<p style=\"text-align: center;\"><a href=\"https:\/\/www.facebook.com\/events\/605199246767096\/\">https:\/\/www.facebook.com\/events\/605199246767096\/<\/a><\/p>\n<p><a href=\"https:\/\/bruxelles-pantheres.be\/wp-content\/uploads\/2020\/06\/101802623_2697197720516373_6679930539178196992_n-1.jpg\"><img decoding=\"async\" class=\"size-full wp-image-4472 aligncenter\" src=\"https:\/\/bruxelles-pantheres.be\/wp-content\/uploads\/2020\/06\/101802623_2697197720516373_6679930539178196992_n-1.jpg\" alt=\"\" width=\"540\" height=\"960\" srcset=\"https:\/\/bruxelles-pantheres.be\/wp-content\/uploads\/2020\/06\/101802623_2697197720516373_6679930539178196992_n-1.jpg 540w, https:\/\/bruxelles-pantheres.be\/wp-content\/uploads\/2020\/06\/101802623_2697197720516373_6679930539178196992_n-1-169x300.jpg 169w\" sizes=\"(max-width: 540px) 100vw, 540px\" \/><\/a><\/p>\n","protected":false},"excerpt":{"rendered":"<p>De la strat\u00e9gie de la solidarit\u00e9 d\u00e9coloniale\u00a0 Pour une politique de renforcement des autonomies respectives\u00a0 #BlackLivesMatter Apr\u00e8s une semaine de manifestations dans le monde entier en r\u00e9ponse au meurtre de George Floyd perp\u00e9tr\u00e9 par 4 policiers de Minneapolis, dont Derek Chauvin, un multir\u00e9cidiviste en la mati\u00e8re, nous, Bruxelles Panth\u00e8res, exprimons tout notre soutien aux manifestants &#8230; <a title=\"Pour une politique de renforcement des autonomies respectives\u00a0\" class=\"read-more\" href=\"https:\/\/bruxelles-pantheres.be\/?p=4467\" aria-label=\"En savoir plus sur Pour une politique de renforcement des autonomies respectives\u00a0\">Lire la suite<\/a><\/p>\n","protected":false},"author":1,"featured_media":2986,"comment_status":"open","ping_status":"open","sticky":false,"template":"","format":"standard","meta":{"footnotes":""},"categories":[21,36,7,18,28,5],"tags":[375,423,13,54],"class_list":["post-4467","post","type-post","status-publish","format-standard","has-post-thumbnail","hentry","category-anti-imperialisme","category-europe","category-negrophobie","category-resistance-bruxelles","category-racismes","category-violence-policiere","tag-mouhad-reghif","tag-negrophobie","tag-nordine-saidi","tag-police"],"_links":{"self":[{"href":"https:\/\/bruxelles-pantheres.be\/index.php?rest_route=\/wp\/v2\/posts\/4467","targetHints":{"allow":["GET"]}}],"collection":[{"href":"https:\/\/bruxelles-pantheres.be\/index.php?rest_route=\/wp\/v2\/posts"}],"about":[{"href":"https:\/\/bruxelles-pantheres.be\/index.php?rest_route=\/wp\/v2\/types\/post"}],"author":[{"embeddable":true,"href":"https:\/\/bruxelles-pantheres.be\/index.php?rest_route=\/wp\/v2\/users\/1"}],"replies":[{"embeddable":true,"href":"https:\/\/bruxelles-pantheres.be\/index.php?rest_route=%2Fwp%2Fv2%2Fcomments&post=4467"}],"version-history":[{"count":12,"href":"https:\/\/bruxelles-pantheres.be\/index.php?rest_route=\/wp\/v2\/posts\/4467\/revisions"}],"predecessor-version":[{"id":4482,"href":"https:\/\/bruxelles-pantheres.be\/index.php?rest_route=\/wp\/v2\/posts\/4467\/revisions\/4482"}],"wp:featuredmedia":[{"embeddable":true,"href":"https:\/\/bruxelles-pantheres.be\/index.php?rest_route=\/wp\/v2\/media\/2986"}],"wp:attachment":[{"href":"https:\/\/bruxelles-pantheres.be\/index.php?rest_route=%2Fwp%2Fv2%2Fmedia&parent=4467"}],"wp:term":[{"taxonomy":"category","embeddable":true,"href":"https:\/\/bruxelles-pantheres.be\/index.php?rest_route=%2Fwp%2Fv2%2Fcategories&post=4467"},{"taxonomy":"post_tag","embeddable":true,"href":"https:\/\/bruxelles-pantheres.be\/index.php?rest_route=%2Fwp%2Fv2%2Ftags&post=4467"}],"curies":[{"name":"wp","href":"https:\/\/api.w.org\/{rel}","templated":true}]}}