{"id":4490,"date":"2020-06-10T20:30:51","date_gmt":"2020-06-10T19:30:51","guid":{"rendered":"https:\/\/bruxelles-pantheres.be\/?p=4490"},"modified":"2020-06-10T20:30:51","modified_gmt":"2020-06-10T19:30:51","slug":"de-lindignation-a-la-rage-de-la-rage-a-lemeute","status":"publish","type":"post","link":"https:\/\/bruxelles-pantheres.be\/?p=4490","title":{"rendered":"De l\u2019indignation \u00e0 la rage. De la rage \u00e0 l\u2019\u00e9meute."},"content":{"rendered":"<p>Nous nous sommes tous indign\u00e9s des images insoutenables de l\u2019agonie de Georges Floyd. Beaucoup d\u2019entre nous ont compris le soul\u00e8vement populaire in\u00e9dit aux Etats-Unis et soutenu le mouvement Black Lives Matter.<\/p>\n<p>Le propos ici n\u2019est pas de dire que les policiers en Belgique sont plus ou moins violents qu\u2019aux Etats-Unis. Ce que je veux souligner c\u2019est le parall\u00e8le dans l\u2019organisation de l\u2019impunit\u00e9.<!--more--><\/p>\n<p>Tout d\u2019abord, l\u2019assassin de Georges Floyd avait des dizaines de plaintes pour violences polici\u00e8res \u00e0 son encontre et continuait \u00e0 exercer son job de policier.<\/p>\n<p>Ici aussi des policiers dont il a \u00e9t\u00e9 dit et redit qu\u2019ils \u00e9taient violents, qui ont d\u2019\u00e9normes dossiers de plaintes \u00e0 l\u2019inspection, ne sont absolument pas \u00e9cart\u00e9s de la police.<\/p>\n<p>Ensuite, juste apr\u00e8s l\u2019assassinat de Georges Floyd, les autorit\u00e9s ont tent\u00e9 de salir la victime en exhibant son casier judiciaire.<\/p>\n<p>On a connu cette parade ici aussi. On ne la connait que trop\u00a0: Semira Adamu serait venue en Belgique se prostituer, Mehdi \u00e9tait un voyou, Adil ne respectait pas le confinement, les parents de Mawda se servaient d\u2019elle comme d\u2019un bouclier\u2026 Ces horreurs, ces mensonges ils les ont prof\u00e9r\u00e9s sans honte.<\/p>\n<p>Et le parall\u00e8le ne s\u2019arr\u00eate pas l\u00e0. Le m\u00e9decin l\u00e9giste officiel assurait \u00e0 propos de Georges Floyd ne pas avoir de \u201c<em>preuves physiques soutenant un diagnostic d\u2019asphyxie traumatique ou d\u2019\u00e9tranglement<\/em>\u201d \u00e0 propos d\u2019un homme que nous avons tous pu voir mourir en direct \u00e9touff\u00e9 sous le genou du policier qui le plaquait au sol. Il a fallu l\u2019instance de la famille, une autopsie ind\u00e9pendante et deux jours d\u2019\u00e9meutes pour que l\u2019autopsie reconnaisse la mort par homicide.<\/p>\n<p>Rappelons que lors de la mort due \u00e0 un tir policier de la petite Mawda (2 ans), la premi\u00e8re autopsie pr\u00e9tendait que l\u2019enfant n\u2019\u00e9tait pas morte par balle.<\/p>\n<p>L\u2019autopsie initiale d\u2019Adama Traore en France aussi \u00e9tait mensong\u00e8re. Seule une autopsie ind\u00e9pendante r\u00e9clam\u00e9e par la famille a pu r\u00e9tablir la v\u00e9rit\u00e9.<\/p>\n<p>En justice, on peut vous raconter que le blanc est noir et que le noir et blanc. Et quand c\u2019est dit avec des termes compliqu\u00e9s de juristes par des hommes et des femmes habill\u00e9s en toges noires et blanches, cela devient vrai. M\u00eame si tout le monde sait que ce n\u2019est pas vrai. On appelle \u00e7a la v\u00e9rit\u00e9 judiciaire.<\/p>\n<p>Ce qui choque le plus\u00a0 \u00e0 mon sens dans les affaires de violences polici\u00e8res \u2013 ici comme l\u00e0-bas \u2013 c\u2019est cette complicit\u00e9, cette indulgence du monde judiciaire \u00e0 l\u2019\u00e9gard du monde policier.<\/p>\n<p>Et les victimes ne sont pas dupes. Elles le savent et le disent. \u00ab\u00a0<em>Aller en justice \u00e7a sert \u00e0 rien<\/em>\u00a0\u00bb, \u00ab\u00a0<em>Porter plainte, pourquoi faire\u00a0?\u00a0<\/em>\u00bb<\/p>\n<p>On ne peut que leur donner raison. C\u2019est un combat de David contre Goliath ou pire le choc du pot de terre contre le pot de fer. On en ressort rarement victorieux et toujours bris\u00e9.<\/p>\n<p>Alors si les victimes se soul\u00e8vent, si l\u2019indignation se transforme en rage et si la rage conduit \u00e0 l\u2019\u00e9meute, il ne faudra pas s\u2019\u00e9tonner.<\/p>\n<p>C\u2019est vrai que br\u00fbler des voitures ou casser des vitrines, \u00e7a ne sert \u00e0 rien. Mais si la justice servait \u00e0 quelque chose, personne n\u2019irait br\u00fbler des voitures.<\/p>\n<p style=\"text-align: right;\">S.D pour Bruxelles Panth\u00e8res<\/p>\n","protected":false},"excerpt":{"rendered":"<p>Nous nous sommes tous indign\u00e9s des images insoutenables de l\u2019agonie de Georges Floyd. Beaucoup d\u2019entre nous ont compris le soul\u00e8vement populaire in\u00e9dit aux Etats-Unis et soutenu le mouvement Black Lives Matter. Le propos ici n\u2019est pas de dire que les policiers en Belgique sont plus ou moins violents qu\u2019aux Etats-Unis. Ce que je veux souligner &#8230; <a title=\"De l\u2019indignation \u00e0 la rage. De la rage \u00e0 l\u2019\u00e9meute.\" class=\"read-more\" href=\"https:\/\/bruxelles-pantheres.be\/?p=4490\" aria-label=\"En savoir plus sur De l\u2019indignation \u00e0 la rage. De la rage \u00e0 l\u2019\u00e9meute.\">Lire la suite<\/a><\/p>\n","protected":false},"author":1,"featured_media":2887,"comment_status":"open","ping_status":"open","sticky":false,"template":"","format":"standard","meta":{"footnotes":""},"categories":[36,8,28,5],"tags":[],"class_list":["post-4490","post","type-post","status-publish","format-standard","has-post-thumbnail","hentry","category-europe","category-prisons","category-racismes","category-violence-policiere"],"_links":{"self":[{"href":"https:\/\/bruxelles-pantheres.be\/index.php?rest_route=\/wp\/v2\/posts\/4490","targetHints":{"allow":["GET"]}}],"collection":[{"href":"https:\/\/bruxelles-pantheres.be\/index.php?rest_route=\/wp\/v2\/posts"}],"about":[{"href":"https:\/\/bruxelles-pantheres.be\/index.php?rest_route=\/wp\/v2\/types\/post"}],"author":[{"embeddable":true,"href":"https:\/\/bruxelles-pantheres.be\/index.php?rest_route=\/wp\/v2\/users\/1"}],"replies":[{"embeddable":true,"href":"https:\/\/bruxelles-pantheres.be\/index.php?rest_route=%2Fwp%2Fv2%2Fcomments&post=4490"}],"version-history":[{"count":1,"href":"https:\/\/bruxelles-pantheres.be\/index.php?rest_route=\/wp\/v2\/posts\/4490\/revisions"}],"predecessor-version":[{"id":4491,"href":"https:\/\/bruxelles-pantheres.be\/index.php?rest_route=\/wp\/v2\/posts\/4490\/revisions\/4491"}],"wp:featuredmedia":[{"embeddable":true,"href":"https:\/\/bruxelles-pantheres.be\/index.php?rest_route=\/wp\/v2\/media\/2887"}],"wp:attachment":[{"href":"https:\/\/bruxelles-pantheres.be\/index.php?rest_route=%2Fwp%2Fv2%2Fmedia&parent=4490"}],"wp:term":[{"taxonomy":"category","embeddable":true,"href":"https:\/\/bruxelles-pantheres.be\/index.php?rest_route=%2Fwp%2Fv2%2Fcategories&post=4490"},{"taxonomy":"post_tag","embeddable":true,"href":"https:\/\/bruxelles-pantheres.be\/index.php?rest_route=%2Fwp%2Fv2%2Ftags&post=4490"}],"curies":[{"name":"wp","href":"https:\/\/api.w.org\/{rel}","templated":true}]}}