{"id":4515,"date":"2020-07-24T13:22:38","date_gmt":"2020-07-24T12:22:38","guid":{"rendered":"https:\/\/bruxelles-pantheres.be\/?p=4515"},"modified":"2020-07-24T13:31:44","modified_gmt":"2020-07-24T12:31:44","slug":"congo-commissie-why-i-will-not-participate-in-the-expert-group-nl-eng","status":"publish","type":"post","link":"https:\/\/bruxelles-pantheres.be\/?p=4515","title":{"rendered":"\u201cCongo\u201d Commissie \u2013 why I will not participate in the expert group [NL\/ENG]"},"content":{"rendered":"<p style=\"text-align: center;\"><a href=\"https:\/\/bruxelles-pantheres.be\/wp-content\/uploads\/2020\/06\/144166-untitled-design-5.jpg\"><img decoding=\"async\" class=\"alignnone size-full wp-image-4493\" src=\"https:\/\/bruxelles-pantheres.be\/wp-content\/uploads\/2020\/06\/144166-untitled-design-5.jpg\" alt=\"\" width=\"918\" height=\"506\" srcset=\"https:\/\/bruxelles-pantheres.be\/wp-content\/uploads\/2020\/06\/144166-untitled-design-5.jpg 918w, https:\/\/bruxelles-pantheres.be\/wp-content\/uploads\/2020\/06\/144166-untitled-design-5-300x165.jpg 300w, https:\/\/bruxelles-pantheres.be\/wp-content\/uploads\/2020\/06\/144166-untitled-design-5-768x423.jpg 768w\" sizes=\"(max-width: 918px) 100vw, 918px\" \/><\/a><\/p>\n<p>Le 17 juillet 2020, j&rsquo;ai \u00e9t\u00e9 officiellement invit\u00e9 \u00e0 devenir membre du groupe d&rsquo;experts qui doit assister la Commission sp\u00e9ciale du Parlement belge charg\u00e9e de : \u2032\u2032 het onderzoek over Congo-Vrijstaat (1885) en het Belgech koloniaal verleden au Congo (1908-1960), Rwanda au Burundi (1919-1962), de l&rsquo;impact hi\u00e9rarchique sur le gevolgen d&rsquo;un mot \u2032\u2032 (recherche du Congo Free State (1885-1908) et du pass\u00e9 colonial belge au Congo (1908-1960), au Rwanda et au Burundi (1919-1962), et l&rsquo;impact et les implications qui doivent \u00eatre tir\u00e9es de cela)<br \/>\nCi-dessous la lettre que j&rsquo;ai r\u00e9dig\u00e9e (en n\u00e9erlandais) et envoy\u00e9e en r\u00e9ponse expliquant pourquoi je ne peux pas participer au groupe d&rsquo;experts. (\u00e0 un moment donn\u00e9 je trouverai l&rsquo;\u00e9nergie pour traduire cela dans un langage moins obscur\u00a0<span class=\"_47e3 _5mfr\" title=\"\u00e9motic\u00f4ne smile\"><img decoding=\"async\" class=\"img\" role=\"presentation\" src=\"https:\/\/static.xx.fbcdn.net\/images\/emoji.php\/v9\/t4c\/1\/16\/1f642.png\" alt=\"\" width=\"16\" height=\"16\" \/><span class=\"_7oe\" aria-hidden=\"true\">\ud83d\ude42<\/span><\/span>)<\/p>\n<p>Johannesburg, 21 juillet 2020<\/p>\n<p>On July 17th 2020 I was officially invited to become a member of the expert group that is to assist the Special Commission of the Belgian Parliament tasked with: \u201chet onderzoek over Congo-Vrijstaat (1885 \u2013 1908) en het Belgisch koloniaal verleden in Congo (1908-1960), Rwanda en Burundi (1919-1962), de impact hiervan en de gevolgen die hieraan dienen gegeven te worden\u201d (researching Congo Free state (1885-1908) and Belgian colonial past in Congo (1908-1960), Rwanda and Burundi (1919-1962), and the impact and implications that need to be drawn from this)<br \/>\nBelow is the letter I drafted (in Dutch) and sent in response, explaining why I cannot partake in the expert group. (at some point I&rsquo;ll find the energy to translate this in a less obscure language\u00a0<span class=\"_47e3 _5mfr\" title=\"\u00e9motic\u00f4ne smile\"><img decoding=\"async\" class=\"img\" role=\"presentation\" src=\"https:\/\/static.xx.fbcdn.net\/images\/emoji.php\/v9\/t4c\/1\/16\/1f642.png\" alt=\"\" width=\"16\" height=\"16\" \/><span class=\"_7oe\" aria-hidden=\"true\">\ud83d\ude42<\/span><\/span>\u00a0)<\/p>\n<p>Johannesburg, 21 juli 2020<!--more--><\/p>\n<p data-adtags-visited=\"true\"><strong>The English version follows below.<\/strong>\u00a0(my gratitude to my sister-comrade Jonneke Koomen for the translation!)<\/p>\n<p data-adtags-visited=\"true\">***<\/p>\n<p data-adtags-visited=\"true\">[NL]<\/p>\n<p data-adtags-visited=\"true\">Johannesburg, 21 juli 2020<\/p>\n<p data-adtags-visited=\"true\"><strong>Betreft<\/strong>:\u00a0<strong><em>Uitnodiging experten groep Bijzondere commissie belast met het onderzoek over Congo-Vrijstaat (1885 \u2013 1908) en het Belgisch koloniaal verleden in Congo (1908-1960), Rwanda en Burundi (1919-1962), de impact hiervan en de gevolgen die hieraan dienen gegeven te worden<\/em><\/strong><\/p>\n<p data-adtags-visited=\"true\">Ter attentie van de leden van de Bijzondere Kamercommissie,<\/p>\n<p data-adtags-visited=\"true\">Hartelijk dank voor deze uitnodiging. Ik feliciteer de betrokken parlementsleden met het nemen van dit initiatief. Het koloniaal verleden en heden recht in de ogen kijken, is iets waar de Afrikaanse en andere koloniale diaspora in ons land en wereldwijd al minstens een halve eeuw op aandringen.<\/p>\n<p data-adtags-visited=\"true\">Het is vanuit die optiek dat ik niet kan ingaan op uw uitnodiging om deel uit te maken van de experten groep.<\/p>\n<p data-adtags-visited=\"true\">De (a)\u00a0<strong>plaats van die diaspora\u00a0<\/strong>en de<strong>\u00a0definitie van \u2018expertise\u2019\u00a0<\/strong>in de context van deze groep en de oprichtingsnota, en (b) het\u00a0<strong>ritme, agenda en volgorde<\/strong>\u00a0van de werkzaamheden die daaruit voortvloeien, brengt de gedragenheid van dit project van meet af aan in gevaar en riskeert de logica\u2019s en reflexen van de Witte Wereld in het centrum van dit initiatief te houden.<\/p>\n<p data-adtags-visited=\"true\"><strong>Plaats van de diaspora en definitie expertise<\/strong>: de nagenoeg algehele afwezigheid van de koloniale diaspora in de machtscentra van onze samenleving, inclusief onze parlementen en academische wereld, a) verklaart mede waarom het zo lang geduurd heeft en b) dwingt ons ertoe te begrijpen dat het initiatief en de initiatiefnemers in de context van het parlement met een gigantisch deficit in legitimiteit en competentie\/inzicht kampen.\u00a0Dit vraagt om extra waakzaamheid over wie er aan het stuur\/in de cockpit zit om de richting van deze Commissie mee vorm te geven (agenda), en door wie en op welke manier hierover wordt beslist.\u00a0De traditionele definitie van expertise als \u2018academisch\u2019 is in deze onwaarschijnlijk problematisch, aangezien dat zij die al een halve eeuw om dit gesprek vragen en de ervaringsdeskundigen zijn van de gevolgen van kolonisatie in hun dagdagelijkse leven (zowel in Belgi\u00eb als in de voormalige kolonies) het\u00a0<em>initiatiefrecht<\/em>\u00a0is ontnomen om deze Commissie inhoud en richting te geven.\u00a0Het feit dat er in eerste instantie naar het Afrika Museum (de bijna letterlijke belichaming van het Belgisch koloniaal verleden dat niet radicaal, maar hoogstens kosmetisch wordt verworpen) werd gekeken om de lijst van experten samen te stellen is dan geen technisch foutje maar een meer fundamenteel symptoom van hoe deze onderneming riskeert de Witte Wereld logica (waar \u2018wetenschap\u2019 en koloniale instellingen zoals de universiteit tegen alle logica in de experten van dienst blijven) in het centrum van de dekolonisatie processen te houden.<\/p>\n<p data-adtags-visited=\"true\"><strong>R<\/strong><strong>itme, agenda en volgorde<\/strong>: Eens we de ervaringsdeskundigen van de kolonisatie in het centrum van onze definitie van expertise plaatsen, begrijpen we ook dat de extreme snelheid waarmee dit initiatief op de voorgrond trad, niet houdbaar is, en een eerste rapport tegen oktober al evenmin.\u00a0Decennialange verdeel en heers logica heeft de verschillende koloniale diaspora in Belgi\u00eb (die, als we naar hedendaagse postkoloniale problematieken van racisme en armoede kijken, veel verder reikt dan de Congolese, Rwandese en Burundese gemeenschappen, maar bijvoorbeeld ook de Marokkaanse en Turkse gemeenschappen, of de recentere migratie gemeenschappen als ook de vele organisaties en initiatieven die mensen over de verschillende gemeenschappen heen samenbrengen) tegen elkaar uitgespeeld en het mogelijke antikoloniale landschap versnipperd.\u00a0Een initiatief dat op een paar weken tijd een lijst van academici\u00a0<em>als individuen<\/em>\u00a0in de cockpit van het project duwt, riskeert ongewild deze verdeel en heers logica te reproduceren.<\/p>\n<p data-adtags-visited=\"true\">Coalitievorming en gedragenheid vragen tijd. Gedragen agendasetting ook.<\/p>\n<p data-adtags-visited=\"true\">Dit initiatief had er beter aan gedaan om een open oproep te lanceren naar de gemeenschappen over wie zij naar voor schuiven voor zo\u2019n experten groep en wat de volgorde en inhoud van dit dekoloniaal initiatief zou moeten zijn. Hiervoor zijn maanden, misschien wel een jaar nodig. Hierrond werden en worden al de nodige initiatieven genomen.\u00a0Uit zo\u2019n consultatie zou misschien blijken dat het historische \u2018waarheid\u2019 luikje veel minder tijd en energie vergt en zeker niet het eerste agendapunt zou moeten zijn. Of dat die waarheid heel anders geformuleerd wordt dan in de bestaande (academische) geschiedenisboeken. Misschien ook dat een \u2018Congo\u2019 Commissie niet in eerste instantie een aangelegenheid van Buitenlandse Zaken is maar vooral (ook) Binnenlandse Zaken, arbeid, onderwijs, economie, media, huisvesting, politie en gevangeniswezen, \u2026<\/p>\n<p data-adtags-visited=\"true\">Het lijkt me bijzonder belangrijk dat de Commissie\u00a0<strong>van meet af<\/strong>\u00a0(en niet als een verhoopt resultaat in een verre toekomst) aandacht heeft voor een\u00a0<strong>radicale verschuiving van de macht<\/strong>\u00a0in dit gesprek en de initiatieven die hieruit zullen voortvloeien. Dat is tenslotte waar dekolonisatie en het uitroeien van racisme om gaan. Dit vraagt om een openheid en bereidheid naar andere snelheden, prioriteiten, risico\u2019s nemen en experimenteren toe. Anders wordt dit een kosmetische operatie ten dienste van de status quo, maar dan met de gevaarlijk en jammerlijke indruk \u2018dat we er toch iets aan gedaan hebben.\u2019<\/p>\n<p data-adtags-visited=\"true\">Dit zou een halve eeuw na datum een pijnlijke gemiste kans zijn.<\/p>\n<p data-adtags-visited=\"true\">Ik bedank u nogmaals voor de uitnodiging en wens alle betrokkenen erg veel succes met deze belangrijke historische opdracht.<\/p>\n<p data-adtags-visited=\"true\">Met vriendelijke groeten,<\/p>\n<p data-adtags-visited=\"true\">Dr. Olivia U. Rutazibwa<\/p>\n<p data-adtags-visited=\"true\">Senior Lecturer International (Development) Studies,\u00a0University of Portsmouth\u00a0<a href=\"mailto:olivia.rutazibwa@port.ac.uk\">olivia.rutazibwa@port.ac.uk<\/a><\/p>\n<p data-adtags-visited=\"true\">***<\/p>\n<p data-adtags-visited=\"true\">[ENG]<\/p>\n<p data-adtags-visited=\"true\">Johannesburg, July 21th, 2020<\/p>\n<p data-adtags-visited=\"true\">Ref:\u00a0<b><i>Invitation to join the group of experts for the Special Commission responsible for investigating the Congo-Free State (1885-1908) and the Belgian colonial past in the Congo (1908-1960), Rwanda and Burundi (1919-1962), and the impacts and implications.<\/i><\/b><\/p>\n<p data-adtags-visited=\"true\">To the members of the Special Legislative Commission:<\/p>\n<p data-adtags-visited=\"true\">Thank you very much for this invitation. I congratulate the Members of Parliament involved, with taking this initiative. For over half a century, African and other colonial diaspora in our country and worldwide have been demanding that the colonial past and present be faced head on.<\/p>\n<p data-adtags-visited=\"true\">It is with this in mind that I cannot accept your invitation to be part of the expert group.<\/p>\n<p data-adtags-visited=\"true\">(a)\u00a0<b>The place of the diaspora and the understanding of \u2018expertise\u2019<\/b>\u00a0in the context of this group and its founding document, and (b) relatedly, the\u00a0<b>timeline, pace, agenda and sequence<\/b>\u00a0of the proceedings, endanger, from day one, the democratic deficit of this project and risk maintaining the logics and reflexes of the White World at the centre of this initiative.<\/p>\n<p data-adtags-visited=\"true\"><b>The place of diaspora and the understanding of expertise<\/b>: Colonial diaspora are as good as entirely absent from the corridors of power in our society, including Parliament and academia. This (a) explains in part why it took so long and b) it forces us to see that this initiative and those who took it, suffer from a huge deficit of legitimacy, competence and insight. We therefore need a heightened vigilance over who sits in the cockpit, steers this Commission and its agenda, and who gets to decide this and how. The traditional understanding of expertise as \u2018academic\u2019 knowledge is as such then incredibly problematic, given that those who have been asking for this conversation for half a century and are the expert witnesses of the consequences of colonisation in their daily lives (both in Belgium and in the former colonies), have been robbed of their\u00a0<i>right of initiative<\/i>\u00a0to give this Commission substance and direction. The very fact that the Africa Museum (an almost literal embodiment of the Belgian colonial past from which no radical, but only a cosmetic, detachment seems possible) was initially tasked with compiling the list of experts is then not a technical glitch but rather a more fundamental symptom of how this initiative risks maintaining the White World logic (where academia and scientific colonial institutions such as the university remain, against all evidence, seen as experts) at the heart of the decolonisation processes.<\/p>\n<p data-adtags-visited=\"true\"><b>Pace, agenda and sequence:<\/b>\u00a0Once we place the expert witnesses at the centre of our understanding of expertise, it becomes clear that the extreme speed with which this initiative was launched is untenable, as is producing a first report by October. For decades, the divide and rule logic has pitted different colonial diaspora communities in Belgium against each other, fragmenting the anti-colonial landscape (if we consider contemporary postcolonial problems of racism and poverty, the colonial diaspora reaches far beyond the Congolese, Rwandan and Burundian communities to include Moroccan and Turkish communities, for example, as well as the more recent migrant communities, and the many organizations and initiatives that bring people together across different communities). An initiative that \u2013 in just a few weeks \u2013 is pushing a list of academics\u00a0<i>as individuals<\/i>\u00a0into the project\u2019s driving seat, unwittingly risks reproducing this divide and rule logic.<\/p>\n<p data-adtags-visited=\"true\">Building coalitions and democratic legitimacy require time. Legitimate agenda setting does too.<\/p>\n<p data-adtags-visited=\"true\">This initiative would have benefitted from an open call to the communities concerned about who they would like to put forward for an expert group and what they think the sequence and content of this decolonial initiative should be. Such a process requires months, maybe a year. (These types of consultations have been and are already ongoing within and amongst the communities.)<\/p>\n<p data-adtags-visited=\"true\">Such consultations might show that the historical \u2018truth\u2019 item might not need that much time and energy and should certainly not be the first one on the agenda. Or that that truth looks very different from what we find in existing (academic) history books. Maybe also that a \u2018Congo\u2019 Commission is not (first and foremost) a matter for the Ministry of Foreign Affairs but concerns above all (also) Home Affairs, labour, education, the economy, media, housing, police and the carceral system,\u2026<\/p>\n<p data-adtags-visited=\"true\">\u00a0I believe it is particularly important that,\u00a0<b>from the outset<\/b>\u00a0(and not as an aspiration in a distant future), the Commission ensures\u00a0<b>a radical shift and dislocation of power<\/b>\u00a0in this conversation and the initiatives that will follow. After all, this is what decolonisation and the eradication of racism is all about. This requires an openness and willingness to consider different speeds, priorities, risk-taking and experimenting. If not, this initiative will be a cosmetic operation at the service of the status quo, but with the added dangerous and deplorable impression that \u201cat least we did something.\u201d<\/p>\n<p data-adtags-visited=\"true\">This would, more than half a century after the facts, be a painful missed opportunity.<\/p>\n<p data-adtags-visited=\"true\">I thank you once again for the invitation and I wish everyone involved the best of luck with this important historic task.<\/p>\n<p data-adtags-visited=\"true\">With kind regards,<\/p>\n<p data-adtags-visited=\"true\">Dr. Olivia U. Rutazibwa<\/p>\n<p data-adtags-visited=\"true\">Senior Lecturer International (Development) Studies, University of Portsmouth olivia.rutazibwa@port.ac.uk<\/p>\n<p data-adtags-visited=\"true\"><a href=\"https:\/\/oliviarutazibwa.wordpress.com\/2020\/07\/21\/congo-commissie-why-i-will-not-participate-in-the-expert-group\/?fbclid=IwAR0dsoqByMAqzBNJLTy9ZwCy3-A8OP07Tf0nqYS_SDlvAIi8rnlPzVskBYo\">SOURCE<\/a><\/p>\n","protected":false},"excerpt":{"rendered":"<p>Le 17 juillet 2020, j&rsquo;ai \u00e9t\u00e9 officiellement invit\u00e9 \u00e0 devenir membre du groupe d&rsquo;experts qui doit assister la Commission sp\u00e9ciale du Parlement belge charg\u00e9e de : \u2032\u2032 het onderzoek over Congo-Vrijstaat (1885) en het Belgech koloniaal verleden au Congo (1908-1960), Rwanda au Burundi (1919-1962), de l&rsquo;impact hi\u00e9rarchique sur le gevolgen d&rsquo;un mot \u2032\u2032 (recherche du &#8230; <a title=\"\u201cCongo\u201d Commissie \u2013 why I will not participate in the expert group [NL\/ENG]\" class=\"read-more\" href=\"https:\/\/bruxelles-pantheres.be\/?p=4515\" aria-label=\"En savoir plus sur \u201cCongo\u201d Commissie \u2013 why I will not participate in the expert group [NL\/ENG]\">Lire la suite<\/a><\/p>\n","protected":false},"author":1,"featured_media":3975,"comment_status":"open","ping_status":"open","sticky":false,"template":"","format":"standard","meta":{"footnotes":""},"categories":[1,21,36,7,18,28],"tags":[431,80,429,430,427],"class_list":["post-4515","post","type-post","status-publish","format-standard","has-post-thumbnail","hentry","category-non-classe","category-anti-imperialisme","category-europe","category-negrophobie","category-resistance-bruxelles","category-racismes","tag-burundi","tag-congo","tag-olivia-umurerwa-rutazibwa","tag-rwanda","tag-tervuren"],"_links":{"self":[{"href":"https:\/\/bruxelles-pantheres.be\/index.php?rest_route=\/wp\/v2\/posts\/4515","targetHints":{"allow":["GET"]}}],"collection":[{"href":"https:\/\/bruxelles-pantheres.be\/index.php?rest_route=\/wp\/v2\/posts"}],"about":[{"href":"https:\/\/bruxelles-pantheres.be\/index.php?rest_route=\/wp\/v2\/types\/post"}],"author":[{"embeddable":true,"href":"https:\/\/bruxelles-pantheres.be\/index.php?rest_route=\/wp\/v2\/users\/1"}],"replies":[{"embeddable":true,"href":"https:\/\/bruxelles-pantheres.be\/index.php?rest_route=%2Fwp%2Fv2%2Fcomments&post=4515"}],"version-history":[{"count":2,"href":"https:\/\/bruxelles-pantheres.be\/index.php?rest_route=\/wp\/v2\/posts\/4515\/revisions"}],"predecessor-version":[{"id":4519,"href":"https:\/\/bruxelles-pantheres.be\/index.php?rest_route=\/wp\/v2\/posts\/4515\/revisions\/4519"}],"wp:featuredmedia":[{"embeddable":true,"href":"https:\/\/bruxelles-pantheres.be\/index.php?rest_route=\/wp\/v2\/media\/3975"}],"wp:attachment":[{"href":"https:\/\/bruxelles-pantheres.be\/index.php?rest_route=%2Fwp%2Fv2%2Fmedia&parent=4515"}],"wp:term":[{"taxonomy":"category","embeddable":true,"href":"https:\/\/bruxelles-pantheres.be\/index.php?rest_route=%2Fwp%2Fv2%2Fcategories&post=4515"},{"taxonomy":"post_tag","embeddable":true,"href":"https:\/\/bruxelles-pantheres.be\/index.php?rest_route=%2Fwp%2Fv2%2Ftags&post=4515"}],"curies":[{"name":"wp","href":"https:\/\/api.w.org\/{rel}","templated":true}]}}