{"id":4517,"date":"2020-07-21T13:23:28","date_gmt":"2020-07-21T12:23:28","guid":{"rendered":"https:\/\/bruxelles-pantheres.be\/?p=4517"},"modified":"2020-07-24T13:32:59","modified_gmt":"2020-07-24T12:32:59","slug":"une-lettre-ouverte-de-la-famille-lumumba","status":"publish","type":"post","link":"https:\/\/bruxelles-pantheres.be\/?p=4517","title":{"rendered":"Une lettre ouverte de la famille Lumumba"},"content":{"rendered":"<p>Lettre ouverte \u00e0 Sa Majest\u00e9 le Roi des Belges<\/p>\n<p>Kinshasa, le 30 juin 2020<\/p>\n<p>Sire,<\/p>\n<p>Qu\u2019il Vous plaise de consid\u00e9rer, qu\u2019en de si p\u00e9nibles circonstances, les mots sont de peu de poids, et demeurent impuissants \u00e0 donner l\u2019exact relief d\u2019une douleur vieille de quasi 60 ans.<\/p>\n<p>Pour dire \u00e0 Votre Majest\u00e9 \u00f4 combien nos c\u0153urs ploient sous le poids d\u2019indicibles afflictions, nous rappelons \u00e0 Votre Auguste M\u00e9moire que depuis le 17 janvier 1960, nous n\u2019avons aucune information qui d\u00e9termine avec exactitude les circonstances de la mort tragique de notre P\u00e8re, ni de ce qu\u2019il est advenu de sa d\u00e9pouille.<!--more--><\/p>\n<p><iframe style=\"border: none; overflow: hidden;\" src=\"https:\/\/www.facebook.com\/plugins\/video.php?href=https%3A%2F%2Fwww.facebook.com%2FLUMUMBAJj%2Fvideos%2F730273257516040%2F&amp;show_text=1&amp;width=560\" width=\"560\" height=\"404\" frameborder=\"0\" scrolling=\"no\" allowfullscreen=\"allowfullscreen\"><\/iframe><\/p>\n<p>Si les anthropologues affirment que le souci de la s\u00e9pulture et la ritualisation des fun\u00e9railles sont des caract\u00e9ristiques essentielles de l\u2019humanit\u00e9, chaque ann\u00e9e, la RDC, l\u2019Afrique et le monde rendent hommage \u00e0 Patrice Emery Lumumba, mais comme un h\u00e9ros sans s\u00e9pulture. Les ann\u00e9es passent, et notre P\u00e8re demeure un mort sans oraison fun\u00e8bre. 60 ans apr\u00e8s, il reste un corps sans ossements.<\/p>\n<p>Dans notre culture comme dans la V\u00f4tre, le respect de la personne humaine s\u2019\u00e9tend au-del\u00e0 de la mort corporelle, au travers des soins prodigu\u00e9s aux corps des d\u00e9funts et de l\u2019importance attach\u00e9e au rituel des fun\u00e9railles pour le dernier adieu. Mais pourquoi, aussit\u00f4t apr\u00e8s l\u2019avoir effroyablement assassin\u00e9, la d\u00e9pouille de Lumumba a \u00e9t\u00e9 condamn\u00e9e \u00e0 demeurer \u00e2me en errance \u00e0 perp\u00e9tuit\u00e9, sans l\u2019ombre d\u2019une tombe pour son repos \u00e9ternel ?<\/p>\n<p>Dans notre culture comme dans la V\u00f4tre, au travers de la d\u00e9pouille mortelle, et des soins dont on l\u2019entoure, c\u2019est la personne humaine que l\u2019on respecte. C\u2019est la civilisation humaine que l\u2019on valorise. Mais pourquoi, ann\u00e9e apr\u00e8s ann\u00e9e, Patrice Emery Lumumba est condamn\u00e9 \u00e0 demeurer un d\u00e9funt sans inhumation, n\u2019ayant qu\u2019une date comme tombeau : le 17 janvier 1961.<\/p>\n<p>Nous vous connaissons un Homme d\u2019humanit\u00e9 et d\u2019am\u00e9nit\u00e9. Aussi, nous refusons de croire que Vous puissiez rester impassible devant ce deuil interminable qui prend des dimensions neurasth\u00e9niques chaque fois qu\u2019on se rappelle que les restes de Patrice Emery Lumumba servent, d\u2019une part, de troph\u00e9es \u00e0 certains de vos concitoyens, et d\u2019autre part, de biens s\u00e9pulcraux sous s\u00e9questre de la justice de votre royaume !<\/p>\n<p>Toute sa vie, en habits de deuil 53 ans durant, notre m\u00e8re s\u2019est battue pour donner une derni\u00e8re demeure \u00e0 son tendre \u00e9poux. Le 23 d\u00e9cembre 2014, elle s\u2019en est all\u00e9e, le c\u0153ur bris\u00e9, sans pouvoir accomplir son devoir de veuve. Et, comble de malheur, nous savons que notre m\u00e8re ne repose pas en paix !<\/p>\n<p>Mes fr\u00e8res et moi, notre responsabilit\u00e9 d\u2019enfants, notre devoir de descendants, maintenant que nous sommes nous-m\u00eames P\u00e8res et m\u00e8re, c\u2019est de rendre hommage \u00e0 notre P\u00e8re, \u00e0 notre g\u00e9niteur, en lui offrant une s\u00e9pulture digne du sang qu\u2019il nous a l\u00e9gu\u00e9, ce pr\u00e9cieux sang qui circule dans nos veines\u2026 Ce sang jet\u00e9 par terre comme une eau vanne, on ne sait o\u00f9, par on ne sait qui, on ne sait comment\u2026 Et on ne sait quand !<\/p>\n<p>Depuis, notre P\u00e8re est notre peine perp\u00e9tuelle. Il s\u2019est effac\u00e9 du monde des vivants pour vivre intimement parmi nous, et dans chacun de nous, mais toujours de mani\u00e8re insaisissable. Il ne se passe pas un jour sans que nous ressentions sa pr\u00e9sence invisible. Sa m\u00e9moire nous hante comme le vol de l\u2019oiseau qui passe sans laisser la moindre ombre de trace. De jour comme de nuit, il nous visite en songe invariable\u2026 Quand il ne jaillit pas comme une lueur, il surgit comme une majestueuse fleur qui, \u00e0 peine na\u00eet le matin, meurt \u00e0 midi et disparait avant le cr\u00e9puscule\u2026<\/p>\n<p>Si Patrice Emery Lumumba a \u00e9t\u00e9 d\u00e9clar\u00e9 mort dans notre pays, au Katanga, sa d\u00e9pouille est en morceaux \u00e9parses on ne sait o\u00f9\u2026 Hormis, h\u00e9las, les abjectes d\u00e9clarations, faites en Belgique, de d\u00e9tention de quelques-uns de ses restes. Nous les enfants Lumumba, nous la famille Lumumba, nous demandons le juste retour des reliques de Patrice Emery Lumumba sur la terre de ses anc\u00eatres, afin que nous payions notre tribut de deuil filial.<\/p>\n<p>La grandeur de la figure de notre adorable P\u00e8re comme l\u2019\u00e9loquence de son c\u0153ur ainsi que le courage de la v\u00e9rit\u00e9 qui singularisait sa personnalit\u00e9, ne peuvent nullement resplendir dans nos faits et gestes, et briller dans nos \u0153uvres si tant est que son \u00e2me ne repose en paix en un lieu digne de ce qu\u2019il repr\u00e9sente.<\/p>\n<p>Chez nous, dans nos traditions, tout tr\u00e9pas est une naissance, et toute tombe est un berceau. Notre famille ne peut marcher sur ses illustres pas et recevoir le pr\u00e9cieux h\u00e9ritage de son g\u00e9nie, de sa pi\u00e9t\u00e9, de ses vaillantes et patriotiques vertus que si le tr\u00e8s regrett\u00e9 disparu am\u00e9nage dans sa perp\u00e9tuelle s\u00e9pulture.<\/p>\n<p>Nous les enfants de Patrice Emery Lumumba, nous ne voulons pas laisser cette douloureuse t\u00e2che \u00e0 nos enfants, qui n\u2019ont pas connu leur grand-p\u00e8re.<\/p>\n<p>Nous Vous prions d\u2019imaginer, en ces instants qui fracturent nos c\u0153urs, le surcro\u00eet de supplice que nous nous infligeons en construisant, par cette requ\u00eate aupr\u00e8s de Votre Majest\u00e9, l\u2019esp\u00e9rance de donner \u00e0 notre P\u00e8re une s\u00e9pulture immortalisant sa m\u00e9moire.<\/p>\n<p>Soixante ans apr\u00e8s l\u2019indicible assassinat, nous croyons que le temps de l\u2019acharnement punitif sur la d\u00e9pouille de Lumumba est pass\u00e9, et que l\u2019heure de la justice est arriv\u00e9e.<\/p>\n<p>Nous voulons tout simplement lui dire adieu, et Votre concours, Sire, est vivement souhait\u00e9.<\/p>\n<p>Au nom de la grande famille Lumumba, J\u2019en appelle \u00e0 votre esprit de justice, et demeure convaincue, du fond du c\u0153ur, qu\u2019une suite favorable sera r\u00e9serv\u00e9e \u00e0 cette requ\u00eate.<\/p>\n<p>Daigne Votre Majest\u00e9 agr\u00e9er l\u2019expression de notre profond respect.<\/p>\n<p>Au nom de la grande famille de Patrice Emery Lumumba<\/p>\n<p>Juliana Amato LUMUMBA<\/p>\n","protected":false},"excerpt":{"rendered":"<p>Lettre ouverte \u00e0 Sa Majest\u00e9 le Roi des Belges Kinshasa, le 30 juin 2020 Sire, Qu\u2019il Vous plaise de consid\u00e9rer, qu\u2019en de si p\u00e9nibles circonstances, les mots sont de peu de poids, et demeurent impuissants \u00e0 donner l\u2019exact relief d\u2019une douleur vieille de quasi 60 ans. Pour dire \u00e0 Votre Majest\u00e9 \u00f4 combien nos c\u0153urs &#8230; <a title=\"Une lettre ouverte de la famille Lumumba\" class=\"read-more\" href=\"https:\/\/bruxelles-pantheres.be\/?p=4517\" aria-label=\"En savoir plus sur Une lettre ouverte de la famille Lumumba\">Lire la suite<\/a><\/p>\n","protected":false},"author":1,"featured_media":2211,"comment_status":"open","ping_status":"open","sticky":false,"template":"","format":"standard","meta":{"footnotes":""},"categories":[1,21,36,7,18,28],"tags":[45,72],"class_list":["post-4517","post","type-post","status-publish","format-standard","has-post-thumbnail","hentry","category-non-classe","category-anti-imperialisme","category-europe","category-negrophobie","category-resistance-bruxelles","category-racismes","tag-lumumba","tag-patrice-lumumba"],"_links":{"self":[{"href":"https:\/\/bruxelles-pantheres.be\/index.php?rest_route=\/wp\/v2\/posts\/4517","targetHints":{"allow":["GET"]}}],"collection":[{"href":"https:\/\/bruxelles-pantheres.be\/index.php?rest_route=\/wp\/v2\/posts"}],"about":[{"href":"https:\/\/bruxelles-pantheres.be\/index.php?rest_route=\/wp\/v2\/types\/post"}],"author":[{"embeddable":true,"href":"https:\/\/bruxelles-pantheres.be\/index.php?rest_route=\/wp\/v2\/users\/1"}],"replies":[{"embeddable":true,"href":"https:\/\/bruxelles-pantheres.be\/index.php?rest_route=%2Fwp%2Fv2%2Fcomments&post=4517"}],"version-history":[{"count":1,"href":"https:\/\/bruxelles-pantheres.be\/index.php?rest_route=\/wp\/v2\/posts\/4517\/revisions"}],"predecessor-version":[{"id":4518,"href":"https:\/\/bruxelles-pantheres.be\/index.php?rest_route=\/wp\/v2\/posts\/4517\/revisions\/4518"}],"wp:featuredmedia":[{"embeddable":true,"href":"https:\/\/bruxelles-pantheres.be\/index.php?rest_route=\/wp\/v2\/media\/2211"}],"wp:attachment":[{"href":"https:\/\/bruxelles-pantheres.be\/index.php?rest_route=%2Fwp%2Fv2%2Fmedia&parent=4517"}],"wp:term":[{"taxonomy":"category","embeddable":true,"href":"https:\/\/bruxelles-pantheres.be\/index.php?rest_route=%2Fwp%2Fv2%2Fcategories&post=4517"},{"taxonomy":"post_tag","embeddable":true,"href":"https:\/\/bruxelles-pantheres.be\/index.php?rest_route=%2Fwp%2Fv2%2Ftags&post=4517"}],"curies":[{"name":"wp","href":"https:\/\/api.w.org\/{rel}","templated":true}]}}