{"id":4525,"date":"2020-08-05T16:28:20","date_gmt":"2020-08-05T15:28:20","guid":{"rendered":"https:\/\/bruxelles-pantheres.be\/?p=4525"},"modified":"2020-08-05T16:28:20","modified_gmt":"2020-08-05T15:28:20","slug":"le-code-noir-colbert-la-negrophobie-detat-le-temps-des-reparations","status":"publish","type":"post","link":"https:\/\/bruxelles-pantheres.be\/?p=4525","title":{"rendered":"Le code noir, Colbert, la n\u00e9grophobie d\u2019Etat: le temps des r\u00e9parations"},"content":{"rendered":"<div class=\"introduction\">Dans une lettre ouverte au Ministre de la Justice, plusieurs intellectuels, militants politique, artistes et organisations anti-raciste soutiennent l&rsquo;action symbolique men\u00e9e par la Brigade Anti N\u00e9grophobie sur la statue de Colbert. \u00ab R\u00e9parer, c\u2019est d\u2019abord et avant tout r\u00e9tablir la dignit\u00e9 bafou\u00e9e des victimes du Code Noir, restaurer leur m\u00e9moire, restituer leur histoire vol\u00e9e&#8230; \u00bb<\/div>\n<ul class=\"info\">\n<li>3 AO\u00dbT 2020<\/li>\n<li>PAR\u00a0LES INVIT\u00c9S DE MEDIAPART<\/li>\n<\/ul>\n<p><!--more--><\/p>\n<p><a href=\"https:\/\/bruxelles-pantheres.be\/wp-content\/uploads\/2020\/08\/5ef2579e46555_aec6340a-560d-4bad-98fa-e2ce1bc54a83-1407014.jpg\"><img decoding=\"async\" class=\"size-full wp-image-4527 aligncenter\" src=\"https:\/\/bruxelles-pantheres.be\/wp-content\/uploads\/2020\/08\/5ef2579e46555_aec6340a-560d-4bad-98fa-e2ce1bc54a83-1407014.jpg\" alt=\"\" width=\"930\" height=\"1225\" srcset=\"https:\/\/bruxelles-pantheres.be\/wp-content\/uploads\/2020\/08\/5ef2579e46555_aec6340a-560d-4bad-98fa-e2ce1bc54a83-1407014.jpg 930w, https:\/\/bruxelles-pantheres.be\/wp-content\/uploads\/2020\/08\/5ef2579e46555_aec6340a-560d-4bad-98fa-e2ce1bc54a83-1407014-228x300.jpg 228w, https:\/\/bruxelles-pantheres.be\/wp-content\/uploads\/2020\/08\/5ef2579e46555_aec6340a-560d-4bad-98fa-e2ce1bc54a83-1407014-777x1024.jpg 777w, https:\/\/bruxelles-pantheres.be\/wp-content\/uploads\/2020\/08\/5ef2579e46555_aec6340a-560d-4bad-98fa-e2ce1bc54a83-1407014-768x1012.jpg 768w\" sizes=\"(max-width: 930px) 100vw, 930px\" \/><\/a><\/p>\n<p>Monsieur le Ministre de la Justice et Garde des Sceaux,<\/p>\n<p><span class=\"titre-gras-bleu-petite-cap\">Le mardi 23 juin 2020<\/span>,\u00a0<a tabindex=\"-1\" href=\"https:\/\/www.mediapart.fr\/journal\/fil-dactualites\/230620\/negrophobie-d-etat-graffiti-sur-la-statue-de-colbert-devant-l-assemblee-nationale-francaise\">la statue de Colbert tr\u00f4nant \u00e0 l\u2019entr\u00e9e de l\u2019Assembl\u00e9e nationale a \u00e9t\u00e9 macul\u00e9e de peinture rouge<\/a>, couleur du sang vers\u00e9 par les victimes de l\u2019esclavage n\u00e9grier perp\u00e9tr\u00e9 par la France pendant plusieurs si\u00e8cles dans ses colonies et en Am\u00e9rique, et tagu\u00e9e de l\u2019inscription \u00ab N\u00c9GROPHOBIE D\u2019\u00c9TAT \u00bb.<\/p>\n<p>L\u2019auteur de cette action symbolique, Franco Lollia, porte-parole de la Brigade Anti N\u00e9grophobie et Guy Florentin avocat, expliquent :<\/p>\n<p>Les Nostalgiques du r\u00e9gime esclavagiste du Sud des \u00c9tats-Unis d\u00e9fendent les statues des g\u00e9n\u00e9raux conf\u00e9d\u00e9r\u00e9s \u00ab\u00a0s\u00e9paratistes\u00a0\u00bb qui ont combattu l\u2019Union pour maintenir l\u2019esclavage des Noirs.<\/p>\n<p>L\u2019\u00c9tat fran\u00e7ais et les nostalgiques du temps b\u00e9ni des colonies d\u00e9fendent la statue de Colbert \u00ab\u00a0s\u00e9paratiste en chef\u00a0\u00bb, cr\u00e9ateur du Code Noir promulgu\u00e9 en 1685 qui a \u00e9vacu\u00e9 l\u2019homme noir du genre humain :\u00a0<i>\u00ab\u00a0d\u00e9clarons les esclaves \u00eatre meubles\u00a0\u00bb<\/i>\u00a0(article 44).<\/p>\n<p>Gr\u00e2ce au geste symbolique et p\u00e9dagogique de la Brigade Anti N\u00e9grophobie, amplement divulgu\u00e9 par tous les m\u00e9dias, nul n\u2019ignore d\u00e9sormais en France la pr\u00e9sence statufi\u00e9e de Colbert \u00e0 l\u2019entr\u00e9e de l\u2019Assembl\u00e9e Nationale, et chacun a appris, en m\u00eame temps, que cet auguste personnage est l\u2019instigateur, l\u2019inspirateur du Code Noir, qui, en raison de la seule couleur de peau, a l\u00e9galis\u00e9 la vente, l\u2019achat, le vol, la d\u00e9portation, le meurtre, le lynchage, le viol, d\u2019un mot la d\u00e9shumanisation d\u2019enfants, de femmes et d\u2019hommes, dans le but d\u2019enrichir la France, et les a maintenus prisonniers de ce syst\u00e8me de Terrorisme d\u2019\u00c9tat jusqu\u2019en 1848.<\/p>\n<p>Il s\u2019agit bien de terrorisme d\u2019\u00c9tat, car les malheureux qui tentaient d\u2019\u00e9chapper \u00e0 ce r\u00e9gime barbare avaient les oreilles coup\u00e9es et \u00e9taient marqu\u00e9s d\u2019une fleur de lys sur une \u00e9paule \u00e0 la premi\u00e8re tentative ; \u00e0 la deuxi\u00e8me tentative, ils avaient le jarret coup\u00e9 et \u00e9taient marqu\u00e9s d\u2019une fleur de lys sur l\u2019autre \u00e9paule, et \u00e0 la troisi\u00e8me tentative, ils \u00e9taient punis de mort (article 38). Le prix de l\u2019esclave puni de mort par son ma\u00eetre \u00e9tait estim\u00e9 avant l\u2019ex\u00e9cution et pay\u00e9 au ma\u00eetre, par le repr\u00e9sentant de l\u2019\u00c9tat (article 40).<\/p>\n<p>Ces femmes et ces hommes n\u2019avaient aucun recours, car l\u2019acc\u00e8s aux tribunaux leur \u00e9tait interdit (article 31), m\u00eame comme t\u00e9moins. Ils pouvaient, en revanche, \u00eatre poursuivis\u00a0<i>\u00ab\u00a0criminellement\u00a0\u00bb<\/i>\u00a0(article 32). Leurs enfants ne leur appartenaient pas et pouvaient leur \u00eatre arrach\u00e9s et vendus \u00e9tant la\u00a0<i>\u00ab\u00a0propri\u00e9t\u00e9\u00a0\u00bb<\/i>\u00a0du ma\u00eetre.<\/p>\n<p>Le Code Noir n\u2019\u00e9tait donc pas la pr\u00e9tendue\u00a0<i>\u00ab\u00a0\u0153uvre humanitaire\u00a0\u00bb<\/i>\u00a0ayant donn\u00e9 \u00e0 l\u2019homme Africain des droits qu\u2019il n\u2019aurait pas poss\u00e9d\u00e9s avant sa promulgation.<\/p>\n<p>C\u2019est pour r\u00e9parer l\u2019oubli insupportable et insultant pour la m\u00e9moire des victimes et de leurs descendants que les militants de la Brigade Anti-N\u00e9grophobie d\u00e9noncent le Code Noir et Colbert depuis pr\u00e8s de deux d\u00e9cennies par des moyens juridiques et pacifiques, dans l\u2019indiff\u00e9rence totale d\u2019une Nation qui pr\u00f4ne la libert\u00e9 d\u2019expression, mais qui, dans la r\u00e9alit\u00e9, en r\u00e9serve certains usages \u00e0 des\u00a0<i>\u00ab\u00a0communicants autoris\u00e9s\u00a0\u00bb<\/i>\u00a0qui monopolisent la parole et forgent l\u2019opinion publique.<\/p>\n<p>Les d\u00e9fenseurs de la m\u00e9moire de Colbert, au plus haut sommet de l\u2019\u00c9tat, m\u00eame ceux qui jusque l\u00e0 ignoraient l\u2019existence du Code Noir, se sont lev\u00e9s d\u2019un bond pour d\u00e9fendre leur h\u00e9ritage et l\u2019histoire de France outrag\u00e9e par ceux qui \u00ab<i>\u00a0veulent r\u00e9\u00e9crire l\u2019histoire\u00a0\u00bb<\/i>\u00a0et en imposer leur vision.<\/p>\n<p>La r\u00e9alit\u00e9 est que ces gardiens du Temple de l\u2019Histoire, s\u2019estiment les seuls d\u00e9tenteurs de la v\u00e9rit\u00e9 historique, m\u00eame quand cette\u00a0<i>\u00ab\u00a0histoire\u00a0\u00bb<\/i>\u00a0veut faire rentrer \u00e0 toute force dans nos t\u00eates \u00e0 cheveux cr\u00e9pus\u00a0<i>\u00ab\u00a0nos anc\u00eatres les gaulois\u00a0\u00bb<\/i>.<\/p>\n<p>Car, pour ces gardiens plus politiques qu\u2019historiens, certes, Colbert est l\u2019auteur du Code Noir, mais il a surtout \u00e9t\u00e9 le grand ministre de la marine qui a contribu\u00e9 \u00e0 la richesse, \u00e0 la prosp\u00e9rit\u00e9, \u00e0 la puissance de la France. Peu leur importe que cette richesse, cette prosp\u00e9rit\u00e9, cette puissance aient \u00e9t\u00e9 puis\u00e9es dans le sang et l\u2019exploitation de millions et millions d\u2019Africains vol\u00e9s, d\u00e9port\u00e9s, et forc\u00e9s \u00e0 travailler jusqu\u2019\u00e0 la mort dans les plantations, ces camps de torture et de concentration pour Noirs des colonies et des Am\u00e9riques.<\/p>\n<p>Pourtant, en 2001, la France s\u2019est dot\u00e9e d\u2019une loi reconnaissant que l\u2019esclavage des Africains pratiqu\u00e9 pendant plusieurs si\u00e8cles \u00e9tait un crime contre l\u2019humanit\u00e9. Malgr\u00e9 cela, en 2020, le Responsable en Chef de ce Crime contre l\u2019humanit\u00e9, Colbert, tr\u00f4ne encore \u00e0 l\u2019entr\u00e9e du lieu de rassemblement des repr\u00e9sentants de la Nation fran\u00e7aise dont la devise est \u00ab Libert\u00e9 \u00c9galit\u00e9 Fraternit\u00e9\u00a0\u00bb, Nation qui a d\u00e9cr\u00e9t\u00e9 d\u00e8s 1789 que les\u00a0<i>\u00ab\u00a0hommes naissent et demeurent libres et \u00e9gaux en droit\u00a0\u00bb<\/i>\u00a0(article 1<sup>er<\/sup>\u00a0de la D\u00e9claration des droits de l\u2019homme et du citoyen de du 26 aout 1789).<\/p>\n<p>Il est vrai que Jules Ferry, fondateur de l\u2019\u00e9cole publique la\u00efque gratuite, nous a vendu la m\u00e8che \u00e0 la tribune de la Nation, le 28 juillet 1885, en nous r\u00e9v\u00e9lant, au cours d\u2019un d\u00e9bat sur la politique coloniale de la France, que la \u00a0D\u00e9claration des droits de l\u2019homme et du citoyen de 1789 n\u2019avait pas \u00e9t\u00e9 \u00e9crite pour les n\u00e8gres. Et ce, bien apr\u00e8s l\u2019abolition de l\u2019esclavage en 1848.<\/p>\n<p>La N\u00e9grophobie l\u00e9gale d\u2019\u00c9tat a donc surv\u00e9cu tranquillement \u00e0 l\u2019ombre des Lumi\u00e8res&#8230;<\/p>\n<p>La loi de 2001 serait-elle devenue une simple op\u00e9ration de communication et d\u2019auto-glorification de la France\u00a0? Dans les faits, cette loi n\u2019a apport\u00e9 aucun rem\u00e8de aux injustices sociale, \u00e9conomique et culturelle, accumul\u00e9es depuis plusieurs g\u00e9n\u00e9rations, et h\u00e9rit\u00e9es du Code Noir. Et, \u00e0 l\u2019exemple du d\u00e9cret d\u2019abolition de 1848, elle exclut toute mesure visant \u00e0 r\u00e9parer les cons\u00e9quences tragiques du traitement inhumain dont les descendants des victimes, quelle que soit leur classe sociale, portent encore les stigmates.<\/p>\n<p>Le d\u00e9cret d\u2019abolition de l\u2019esclavage indemnisa de leur perte les\u00a0<i>\u00ab\u00a0propri\u00e9taires\u00a0\u00bb<\/i>\u00a0des prisonniers du Code Noir\u00a0; autrement dit, la R\u00e9publique racheta aux colons leurs\u00a0<i>\u00ab\u00a0propri\u00e9t\u00e9s humaines\u00a0\u00bb<\/i>, en laissant ces femmes et ces hommes devenus\u00a0<i>\u00ab\u00a0libres\u00a0\u00bb<\/i>\u00a0d\u00e9munis, sans ressources ni compensation, \u00e0 la merci de leurs anciens bourreaux devenus leurs\u00a0<i>\u00ab\u00a0patrons\u00a0\u00bb<\/i>.<\/p>\n<p>Oui, le temps des vraies r\u00e9parations est venu.<\/p>\n<p>R\u00e9parer, c\u2019est d\u2019abord et avant tout r\u00e9tablir la dignit\u00e9 bafou\u00e9e des victimes du Code Noir, restaurer leur m\u00e9moire, restituer leur histoire vol\u00e9e, leur culture vol\u00e9e, leurs identit\u00e9s d\u00e9truites, restituer \u00e0 leurs descendants leur h\u00e9ritage \u00e9conomique et culturel vol\u00e9, leur permettre de jouir pleinement de tous les droits contenus dans la D\u00e9claration des droits de l\u2019homme et du citoyen, et notamment les droits \u00e0 la libert\u00e9 d\u2019expression, et d\u2019acc\u00e8s \u00e0 une justice impartiale, pour statuer sur leur droit naturel \u00e0 r\u00e9paration, et non pas seulement pour les poursuivre\u00a0<i>\u00ab\u00a0criminellement\u00a0\u00bb<\/i>\u00a0(article 32 du Code Noir).<\/p>\n<p>Cette r\u00e9paration passe par l\u2019affirmation et la reconnaissance que les \u00eatres humains, vol\u00e9s, d\u00e9port\u00e9s et mis en esclavage dans les colonies fran\u00e7aises n\u2019\u00e9taient ni des biens meubles, ni des sous-hommes, mais des \u00eatres humains victimes de la plus grande des injustices, en raison de la couleur de leur peau, et au seul but d\u2019enrichir la France.<\/p>\n<p>Tant que la statue de Colbert tr\u00f4nera \u00e0 l\u2019entr\u00e9e du lieu de rassemblement de la Nation fran\u00e7aise pr\u00e9tendument\u00a0<i>\u00ab\u00a0une et indivisible\u00a0\u00bb<\/i>, et donc anti-<i>\u00ab\u00a0s\u00e9paratiste\u00a0\u00bb<\/i>\u00a0c\u2019est encore Jules Ferry qui continuera d\u2019avoir le dernier mot.<\/p>\n<p><span class=\"titre-gras-bleu-petite-cap\">Signataires individuels :<\/span><\/p>\n<p>Maboula\u00a0<b>Soumahoro<\/b>, Black History Month<br \/>\nDani\u00e8le\u00a0<b>Obono<\/b>, d\u00e9put\u00e9e de Paris, groupe La France Insoumise<br \/>\nLouis\u00a0<b>Sala<\/b>&#8211;<b>Molins<\/b>, philosophe<br \/>\nCornel\u00a0<b>West,<\/b>\u00a0universitaire<br \/>\nRokhaya\u00a0<b>Diallo<\/b>, journaliste, r\u00e9alisatrice<br \/>\nFran\u00e7oise\u00a0<b>Verg\u00e8s<\/b>, politologue, f\u00e9ministe decoloniale antiraciste<br \/>\nMireille\u00a0<b>Fanon<\/b>\u00a0<b>Mend\u00e8s<\/b>&#8211;<b>France<\/b>, Fondation Frantz Fanon<br \/>\nOlivier\u00a0<b>Besancenot<\/b>, porte-parole NPA<br \/>\nPhilippe\u00a0<b>Poutou<\/b>, porte-parole NPA<br \/>\nChristine\u00a0<b>Poupin<\/b>, porte-parole NPA<br \/>\nChairman Fred\u00a0<b>Hampton<\/b>\u00a0<b>Jr<\/b>, Black Panther Party Clubs<br \/>\nAmzat\u00a0<b>Boukari,<\/b>\u00a0historien<br \/>\nOlivier\u00a0<b>Sal\u00e8s<\/b>, University of Miami<br \/>\nRalph\u00a0<b>Heynedels<\/b>, University of Miami<br \/>\nNorman\u00a0<b>Ajari<\/b>, docteur en philosophie<br \/>\nTommy J.\u00a0<b>Curry<\/b>, docteur en philosophie<br \/>\nSarah\u00a0<b>Riggs<\/b>, po\u00e9tesse, New-York<br \/>\nTrica\u00a0<b>Keaton<\/b>, Dartmouth College<br \/>\nBruce\u00a0<b>Ykanji<\/b>, CEO groupe Juste Debout<br \/>\n<b>Tiga<\/b>, journaliste<br \/>\nGerty\u00a0<b>Dambury<\/b>\u00a0autrice, metteure en sc\u00e8ne<br \/>\nJalil\u00a0<b>Leclaire<\/b>\u00a0com\u00e9dien, metteur en sc\u00e8ne<br \/>\nMarina\u00a0<b>Monmirel<\/b>, com\u00e9dienne<br \/>\nMich\u00e8le\u00a0<b>Sibony<\/b>, UJFP<br \/>\nDominique\u00a0<b>Natanson<\/b>, UJFP<br \/>\nHouria\u00a0<b>Bouteldja<\/b>, PIR<br \/>\nJawad\u00a0<b>Bachare<\/b>,CCIF<br \/>\nGhyslain\u00a0<b>Vedeux<\/b>, pr\u00e9sident du Cran<br \/>\nSaimir\u00a0<b>Mile<\/b>, La Voix des Rroms<br \/>\nPhilippe Pierre\u00a0<b>Charles<\/b>, responsable syndical et politique martiniquais<br \/>\nOmali\u00a0<b>Yeshitala<\/b>, pr\u00e9sident du parti socialiste du peuple africain (ASAP)<br \/>\nTafari\u00a0<b>Mugeri<\/b>, pr\u00e9sident de la branche sud-africaine de l\u2019organisation IPDUM<br \/>\nNelson\u00a0<b>Maldonaldo<\/b>\u00a0<b>Torr\u00e8s<\/b>, Rutgers University<br \/>\nSadia\u00a0<b>Diawara<\/b>, producteur audiovisuel<br \/>\nGarcin\u00a0<b>Malsa<\/b>, maire honoraire ancien conseiller g\u00e9n\u00e9ral et r\u00e9gional, pr\u00e9sident honoraire l&rsquo;ASSAUPAMAR<br \/>\nClaudette\u00a0<b>Duhamel<\/b>, avocat au barreau de Fort de France<br \/>\nCorinne\u00a0<b>Malsa<\/b>, enseignante et secr\u00e9taire g\u00e9n\u00e9rale de L&rsquo;ASSAUPAMAR<br \/>\nNo\u00ebl\u00a0<b>Mam\u00e8re<\/b>, \u00e9cologiste ancien d\u00e9put\u00e9 et maire<br \/>\nPatrick\u00a0<b>Farbiaz<\/b>, \u00e9cologiste anticolonialiste<br \/>\nNils\u00a0<b>Anderson<\/b>, ancien \u00e9diteur<br \/>\nOlivier\u00a0<b>Le Cour Grandmaison<\/b>, universitaire<br \/>\nB\u00e9n\u00e9dicit\u00e9\u00a0<b>Monville<\/b>, conseiller r\u00e9gional Ile de France, faisant partie du groupe AES et \u00e9lu de Melun<\/p>\n<p><span class=\"titre-gras-bleu-petite-cap\">Signataires collectifs :<\/span><\/p>\n<p>Brigade Anti N\u00e9grophobie<br \/>\nUhuru Afrique<br \/>\nUnit\u00e9 Dignit\u00e9 Courage<br \/>\nLigue de D\u00e9fense Noire Africaine<br \/>\nD\u00e9coloniser les arts<br \/>\nCollectif Contre l&rsquo;Islamophobie en France<br \/>\nUnion Juive Fran\u00e7aise pour la Paix<br \/>\nParti des Indig\u00e8nes de la R\u00e9publique<br \/>\nFondation Frantz Fanon<br \/>\nConseil Repr\u00e9sentatif des Associations Noires<br \/>\nLa Voix des Rroms<br \/>\nUnion syndicale Solidaires<br \/>\nNouveau Parti Anticapitaliste<\/p>\n<p><a href=\"https:\/\/blogs.mediapart.fr\/les-invites-de-mediapart\/blog\/030820\/le-code-noir-colbert-la-negrophobie-d-etat-le-temps-des-reparations?fbclid=IwAR1RDaEm3l6J5SZF9htyC9wKUAFhMDKF19Yygkhfc6kZCttVPH586yCURCI\">Source<\/a><\/p>\n","protected":false},"excerpt":{"rendered":"<p>Dans une lettre ouverte au Ministre de la Justice, plusieurs intellectuels, militants politique, artistes et organisations anti-raciste soutiennent l&rsquo;action symbolique men\u00e9e par la Brigade Anti N\u00e9grophobie sur la statue de Colbert. \u00ab R\u00e9parer, c\u2019est d\u2019abord et avant tout r\u00e9tablir la dignit\u00e9 bafou\u00e9e des victimes du Code Noir, restaurer leur m\u00e9moire, restituer leur histoire vol\u00e9e&#8230; \u00bb &#8230; <a title=\"Le code noir, Colbert, la n\u00e9grophobie d\u2019Etat: le temps des r\u00e9parations\" class=\"read-more\" href=\"https:\/\/bruxelles-pantheres.be\/?p=4525\" aria-label=\"En savoir plus sur Le code noir, Colbert, la n\u00e9grophobie d\u2019Etat: le temps des r\u00e9parations\">Lire la suite<\/a><\/p>\n","protected":false},"author":1,"featured_media":4526,"comment_status":"open","ping_status":"open","sticky":false,"template":"","format":"standard","meta":{"footnotes":""},"categories":[1,21,36,7,28],"tags":[111],"class_list":["post-4525","post","type-post","status-publish","format-standard","has-post-thumbnail","hentry","category-non-classe","category-anti-imperialisme","category-europe","category-negrophobie","category-racismes","tag-collectifbrigade-anti-negrophobie"],"_links":{"self":[{"href":"https:\/\/bruxelles-pantheres.be\/index.php?rest_route=\/wp\/v2\/posts\/4525","targetHints":{"allow":["GET"]}}],"collection":[{"href":"https:\/\/bruxelles-pantheres.be\/index.php?rest_route=\/wp\/v2\/posts"}],"about":[{"href":"https:\/\/bruxelles-pantheres.be\/index.php?rest_route=\/wp\/v2\/types\/post"}],"author":[{"embeddable":true,"href":"https:\/\/bruxelles-pantheres.be\/index.php?rest_route=\/wp\/v2\/users\/1"}],"replies":[{"embeddable":true,"href":"https:\/\/bruxelles-pantheres.be\/index.php?rest_route=%2Fwp%2Fv2%2Fcomments&post=4525"}],"version-history":[{"count":1,"href":"https:\/\/bruxelles-pantheres.be\/index.php?rest_route=\/wp\/v2\/posts\/4525\/revisions"}],"predecessor-version":[{"id":4528,"href":"https:\/\/bruxelles-pantheres.be\/index.php?rest_route=\/wp\/v2\/posts\/4525\/revisions\/4528"}],"wp:featuredmedia":[{"embeddable":true,"href":"https:\/\/bruxelles-pantheres.be\/index.php?rest_route=\/wp\/v2\/media\/4526"}],"wp:attachment":[{"href":"https:\/\/bruxelles-pantheres.be\/index.php?rest_route=%2Fwp%2Fv2%2Fmedia&parent=4525"}],"wp:term":[{"taxonomy":"category","embeddable":true,"href":"https:\/\/bruxelles-pantheres.be\/index.php?rest_route=%2Fwp%2Fv2%2Fcategories&post=4525"},{"taxonomy":"post_tag","embeddable":true,"href":"https:\/\/bruxelles-pantheres.be\/index.php?rest_route=%2Fwp%2Fv2%2Ftags&post=4525"}],"curies":[{"name":"wp","href":"https:\/\/api.w.org\/{rel}","templated":true}]}}