{"id":4532,"date":"2020-08-05T16:47:05","date_gmt":"2020-08-05T15:47:05","guid":{"rendered":"https:\/\/bruxelles-pantheres.be\/?p=4532"},"modified":"2020-08-05T16:49:20","modified_gmt":"2020-08-05T15:49:20","slug":"justicepourmehdi-1-ans-deja","status":"publish","type":"post","link":"https:\/\/bruxelles-pantheres.be\/?p=4532","title":{"rendered":"#justicepourMehdi 1 ans d\u00e9j\u00e0"},"content":{"rendered":"<p><span class=\"_5mfr\"><span class=\"_6qdm\">\ud83d\udd38\ufe0f<\/span><\/span>Veill\u00e9e &#8211; 1 an que notre Mehdi est parti<\/p>\n<p>Bonsoir \u00e0 tous. Le 20 ao\u00fbt prochain sera un jour sombre et difficile pour la famille et les amis de Mehdi.<!--more--><\/p>\n<div id=\"fb-root\"><\/div>\n<p><script async=\"1\" defer=\"1\" crossorigin=\"anonymous\" src=\"https:\/\/connect.facebook.net\/fr_FR\/sdk.js#xfbml=1&amp;version=v8.0\" nonce=\"rkkcxRXV\"><\/script><\/p>\n<div class=\"fb-video\" data-href=\"https:\/\/www.facebook.com\/111247526907571\/videos\/3401104106588107\/\" data-width=\"1200\">\n<blockquote cite=\"https:\/\/www.facebook.com\/111247526907571\/videos\/3401104106588107\/\" class=\"fb-xfbml-parse-ignore\"><p><a href=\"https:\/\/www.facebook.com\/111247526907571\/videos\/3401104106588107\/\"><\/a><\/p>\n<p>\ud83d\udd38\ufe0fVeill\u00e9e &#8211; 1 an que notre Mehdi est parti Bonsoir \u00e0 tous. Le 20 ao\u00fbt prochain sera un jour sombre et difficile pour la famille et les amis de Mehdi. En effet, cela fera un an que tu es d\u00e9c\u00e9d\u00e9 de fa\u00e7on inattendue et violente, alors que tu n&#039;avais que 17 ans.C&#039;est pour cela que ses proches se recueilleront devant l&#039;endroit o\u00f9 le drame s&#039;est produit, \u00e0 savoir devant l&#039;entr\u00e9e de la galerie Ravenstrein, rue Cantersteen \u00e0 1000 Bruxelles, d\u00e8s 21h30.Nous vous invitons \u00e0 faire de m\u00eame, si certains le souhaitent. \u00c0 n&#039;importe quel moment de la soir\u00e9e. Si vous le d\u00e9sirez, vous pouvez d\u00e9poser une bougie, un petit mot, des fleurs, des photos, &#8230; tout ce qui peut rendre hommage \u00e0 Mehdi et adresser une pens\u00e9e \u00e0 sa disparition pr\u00e9coce. Nous vous demandons simplement de faire r\u00e9gner le respect ainsi que la paix. Bien entendu, prot\u00e9gez vous \u00e9galement en portant un masque et en respectant la distanciation social, afin d&#039;\u00e9viter tout contamination au coronavirus.Nous vous remercions de continuer \u00e0 nous soutenir, et de rester solidaire jusqu&#039;\u00e0 ce que justice soit rendue. Patience et pers\u00e9v\u00e9rance sont n\u00e9cessaire !#justice et #v\u00e9rit\u00e9 pour Mehdi<\/p>\n<p>Publi\u00e9e par <a href=\"https:\/\/www.facebook.com\/Justice-pour-Mehdi-111247526907571\/\">Justice pour Mehdi<\/a> sur Lundi 3 ao\u00fbt 2020<\/p><\/blockquote>\n<\/div>\n<p>En effet<span class=\"text_exposed_show\">, cela fera un an que tu es d\u00e9c\u00e9d\u00e9 de fa\u00e7on inattendue et violente, alors que tu n&rsquo;avais que 17 ans.<\/span><\/p>\n<div class=\"text_exposed_show\">\n<p><strong>C&rsquo;est pour cela que ses proches se recueilleront devant l&rsquo;endroit o\u00f9 le drame s&rsquo;est produit, \u00e0 savoir devant l&rsquo;entr\u00e9e de la galerie Ravenstrein, rue Cantersteen \u00e0 1000 Bruxelles, d\u00e8s 21h30.<\/strong><\/p>\n<p><strong>Nous vous invitons \u00e0 faire de m\u00eame, si certains le souhaitent. \u00c0 n&rsquo;importe quel moment de la soir\u00e9e. Si vous le d\u00e9sirez, vous pouvez d\u00e9poser une bougie, un petit mot, des fleurs, des photos, &#8230; tout ce qui peut rendre hommage \u00e0 Mehdi et adresser une pens\u00e9e \u00e0 sa disparition pr\u00e9coce.<\/strong><\/p>\n<p>Nous vous demandons simplement de faire r\u00e9gner le respect ainsi que la paix. Bien entendu, prot\u00e9gez vous \u00e9galement en portant un masque et en respectant la distanciation social, afin d&rsquo;\u00e9viter tout contamination au coronavirus.<\/p>\n<p>Nous vous remercions de continuer \u00e0 nous soutenir, et de rester solidaire jusqu&rsquo;\u00e0 ce que justice soit rendue. Patience et pers\u00e9v\u00e9rance sont n\u00e9cessaire !<\/p>\n<p><a class=\"_58cn\" href=\"https:\/\/www.facebook.com\/hashtag\/justice?__eep__=6&amp;source=feed_text&amp;epa=HASHTAG&amp;__xts__%5B0%5D=68.ARBGfnOyW3MAOjwbJYd95J3ut8babU2wFifO2XvRgaFaB-lCh7GUHL2jysKxm5uRFk3fm31hWvBwZQhQ_j6ygZWqR6401-6To2Dh8CQhgRGajHECnnnsGMwmQVqORVkt7hqqQFL3aE2rCCdWZQJ1XRcyFVKE-n748QazcFz1zevSluWbtqO3bBR1KH2hrUKHMBeNuIhCYyYhDSu4hrbKEY4FSef7_KiKhOPTT0aC4FweOwOQlew2aElddB7xC38bWms6FEbqNYTdyXgkDy-2UvXBWxXK8jLN6KqCh0P6Fxy76krH9RvUsdCz-rfYYKYA8uucG1lAUfSqYrgGqyQdyIFkXMOmFqLsqEGpIH5VCd74YnIdsEPxAfLsOih-fT9udMAsz0w1G06t5Z3VyN-hlSIFYNWl0nwZd0eS59zdSqnAzqSgTnAyh42D24ZIPqGcOHQa1DNoJx94hWXK_442s7WxWOIlrCA-nMOSPCWDOVpDQ2qhaAlC8-W3T5vec-w&amp;__tn__=%2ANKH-R\" data-ft=\"{&quot;type&quot;:104,&quot;tn&quot;:&quot;*N&quot;}\"><span class=\"_5afx\"><span class=\"_58cl _5afz\" aria-label=\"hashtag\">#<\/span><span class=\"_58cm\">justice<\/span><\/span><\/a>\u00a0et\u00a0<a class=\"_58cn\" href=\"https:\/\/www.facebook.com\/hashtag\/v%C3%A9rit%C3%A9?__eep__=6&amp;source=feed_text&amp;epa=HASHTAG&amp;__xts__%5B0%5D=68.ARBGfnOyW3MAOjwbJYd95J3ut8babU2wFifO2XvRgaFaB-lCh7GUHL2jysKxm5uRFk3fm31hWvBwZQhQ_j6ygZWqR6401-6To2Dh8CQhgRGajHECnnnsGMwmQVqORVkt7hqqQFL3aE2rCCdWZQJ1XRcyFVKE-n748QazcFz1zevSluWbtqO3bBR1KH2hrUKHMBeNuIhCYyYhDSu4hrbKEY4FSef7_KiKhOPTT0aC4FweOwOQlew2aElddB7xC38bWms6FEbqNYTdyXgkDy-2UvXBWxXK8jLN6KqCh0P6Fxy76krH9RvUsdCz-rfYYKYA8uucG1lAUfSqYrgGqyQdyIFkXMOmFqLsqEGpIH5VCd74YnIdsEPxAfLsOih-fT9udMAsz0w1G06t5Z3VyN-hlSIFYNWl0nwZd0eS59zdSqnAzqSgTnAyh42D24ZIPqGcOHQa1DNoJx94hWXK_442s7WxWOIlrCA-nMOSPCWDOVpDQ2qhaAlC8-W3T5vec-w&amp;__tn__=%2ANKH-R\" data-ft=\"{&quot;type&quot;:104,&quot;tn&quot;:&quot;*N&quot;}\"><span class=\"_5afx\"><span class=\"_58cl _5afz\" aria-label=\"hashtag\">#<\/span><span class=\"_58cm\">v\u00e9rit\u00e9<\/span><\/span><\/a>\u00a0pour Mehdi<\/p>\n<p><span class=\"style-scope yt-formatted-string\" dir=\"auto\">Un reportage lors de la marche blanche \u00e0 Bruxelles pour le jeune Mehdi, 17 ans, mort percut\u00e9 par une voiture de police, fin ao\u00fbt 2019, alors qu&rsquo;il fuyait un contr\u00f4le qui &#8211; selon les informations transmises par la police- n&rsquo;avait rien \u00e0 voir. Sur place, nous avons rencontr\u00e9 les proches de Mehdi, qui se sont exprim\u00e9.e.s publiquement. Cette affaire de violence polici\u00e8re est la premi\u00e8re autant m\u00e9diatis\u00e9e en Belgique. Sa famille a donc lanc\u00e9 un mouvement <\/span><a class=\"yt-simple-endpoint style-scope yt-formatted-string\" dir=\"auto\" spellcheck=\"false\" href=\"https:\/\/www.youtube.com\/results?search_query=%23JusticePourMehdi\">#JusticePourMehdi<\/a><span class=\"style-scope yt-formatted-string\" dir=\"auto\">, afin de sensibiliser la population \u00e0 ces injustices, trop souvent impunies. <\/span><\/p>\n<p><span class=\"style-scope yt-formatted-string\" dir=\"auto\">Cam\u00e9ra : Silina Syan<\/span><\/p>\n<\/div>\n<p><iframe src=\"https:\/\/www.youtube.com\/embed\/VbSC9ICinqE\" width=\"560\" height=\"315\" frameborder=\"0\" allowfullscreen=\"allowfullscreen\"><\/iframe><\/p>\n<h4 class=\"entry-title\">Le collectif \u201cJustice pour Mehdi\u201d rappelle le d\u00e9c\u00e8s du jeune percut\u00e9 par une voiture de police en 2019 (VIDEO)<\/h4>\n<p><strong>\u201cTrop, c\u2019est trop\u201d : c\u2019est le message qu\u2019a post\u00e9 le collectif \u201cJustice pour Mehdi\u201d qui s\u2019est form\u00e9 suite \u00e0 la mort du jeune homme qui avait \u00e9t\u00e9 renvers\u00e9 par une voiture de police en 2019, rue Ravenstein, \u00e0 Bruxelles, \u00e0 la sortie de la gare centrale, en plein centre-ville de la capitale.<\/strong><\/p>\n<p>Le drame s\u2019est jou\u00e9 le mardi 20 ao\u00fbt 2019 en soir\u00e9e, vers 23 h 45, au niveau de la sortie de la Galerie Ravenstein qui donne sur la rue Cantersteen, dans le centre-ville de Bruxelles, juste en face de l\u2019une des entr\u00e9es de la Gare Centrale. Le jeune homme n\u2019avait que 17 ans.<\/p>\n<figure class=\"wp-block-image\"><\/figure>\n<p>Le collectif se pose la question de savoir pourquoi, si l\u2019\u00e9v\u00e9nement \u2013 qui a laiss\u00e9 une famille dans le d\u00e9sarroi et la peine tr\u00e8s normalement \u2013 est un accident, la famille n\u2019a toujours pas re\u00e7u d\u2019excuse publique et priv\u00e9e de la part des responsables, \u00e0 savoir la police. Il a \u00e9t\u00e9 pr\u00e9cis\u00e9, en outre que de fausses informations circulaient au sujet de Mehdi, sans entrer dans le d\u00e9tail mais en exprimant un d\u00e9menti global sur ce qui peut se dire.<\/p>\n<h4>Interview \u00e0 distance par vid\u00e9o-conf\u00e9rence<\/h4>\n<p>Une interview du fr\u00e8re de Mehdi, la victime, a \u00e9t\u00e9 r\u00e9alis\u00e9e par une citoyenne, pour faire le point d\u2019actu sur les faits et l\u2019avancement de l\u2019affaire.<\/p>\n<p><iframe style=\"border: none; overflow: hidden;\" src=\"https:\/\/www.facebook.com\/plugins\/video.php?href=https%3A%2F%2Fwww.facebook.com%2F111247526907571%2Fvideos%2F272335864145160%2F&amp;show_text=0&amp;width=267\" width=\"267\" height=\"476\" frameborder=\"0\" scrolling=\"no\" allowfullscreen=\"allowfullscreen\"><\/iframe><\/p>\n<p>ODP news avait d\u00e9j\u00e0 r\u00e9alis\u00e9 une interview en octobre 2019 du fr\u00e8re de Mehdi, Ayoub Bouda, dans le parc o\u00f9 avait eu lieu un rassemblement en soutien \u00e0 la famille et en hommage \u00e0 Mehdi, d\u00e9c\u00e9d\u00e9 en ao\u00fbt de la m\u00eame ann\u00e9e.<\/p>\n<p><iframe src=\"https:\/\/www.youtube.com\/embed\/yfI-0qhtPjw\" width=\"560\" height=\"315\" frameborder=\"0\" allowfullscreen=\"allowfullscreen\"><\/iframe><\/p>\n<p><a href=\"https:\/\/odpnews.com\/societe\/2020-06-04-le-collectifjustice-pour-mehdi-rappelle-le-deces-du-jeune-percute-par-une-voiture-de-police-en-2019-video?fbclid=IwAR2PjZ1i9zlDspUaLR_sNRtRJ4hzn5dMUG8TUy0lEURtHTDcX6cZFsQ18t8\">Source<\/a><\/p>\n","protected":false},"excerpt":{"rendered":"<p>\ud83d\udd38\ufe0fVeill\u00e9e &#8211; 1 an que notre Mehdi est parti Bonsoir \u00e0 tous. Le 20 ao\u00fbt prochain sera un jour sombre et difficile pour la famille et les amis de Mehdi.<\/p>\n","protected":false},"author":1,"featured_media":4535,"comment_status":"open","ping_status":"open","sticky":false,"template":"","format":"standard","meta":{"footnotes":""},"categories":[18,5],"tags":[],"class_list":["post-4532","post","type-post","status-publish","format-standard","has-post-thumbnail","hentry","category-resistance-bruxelles","category-violence-policiere"],"_links":{"self":[{"href":"https:\/\/bruxelles-pantheres.be\/index.php?rest_route=\/wp\/v2\/posts\/4532","targetHints":{"allow":["GET"]}}],"collection":[{"href":"https:\/\/bruxelles-pantheres.be\/index.php?rest_route=\/wp\/v2\/posts"}],"about":[{"href":"https:\/\/bruxelles-pantheres.be\/index.php?rest_route=\/wp\/v2\/types\/post"}],"author":[{"embeddable":true,"href":"https:\/\/bruxelles-pantheres.be\/index.php?rest_route=\/wp\/v2\/users\/1"}],"replies":[{"embeddable":true,"href":"https:\/\/bruxelles-pantheres.be\/index.php?rest_route=%2Fwp%2Fv2%2Fcomments&post=4532"}],"version-history":[{"count":2,"href":"https:\/\/bruxelles-pantheres.be\/index.php?rest_route=\/wp\/v2\/posts\/4532\/revisions"}],"predecessor-version":[{"id":4536,"href":"https:\/\/bruxelles-pantheres.be\/index.php?rest_route=\/wp\/v2\/posts\/4532\/revisions\/4536"}],"wp:featuredmedia":[{"embeddable":true,"href":"https:\/\/bruxelles-pantheres.be\/index.php?rest_route=\/wp\/v2\/media\/4535"}],"wp:attachment":[{"href":"https:\/\/bruxelles-pantheres.be\/index.php?rest_route=%2Fwp%2Fv2%2Fmedia&parent=4532"}],"wp:term":[{"taxonomy":"category","embeddable":true,"href":"https:\/\/bruxelles-pantheres.be\/index.php?rest_route=%2Fwp%2Fv2%2Fcategories&post=4532"},{"taxonomy":"post_tag","embeddable":true,"href":"https:\/\/bruxelles-pantheres.be\/index.php?rest_route=%2Fwp%2Fv2%2Ftags&post=4532"}],"curies":[{"name":"wp","href":"https:\/\/api.w.org\/{rel}","templated":true}]}}