{"id":4540,"date":"2020-08-04T12:55:17","date_gmt":"2020-08-04T11:55:17","guid":{"rendered":"https:\/\/bruxelles-pantheres.be\/?p=4540"},"modified":"2020-08-05T17:02:56","modified_gmt":"2020-08-05T16:02:56","slug":"mawda-meurtre-detat-premiere-audience-publique-tribunal-de-mons","status":"publish","type":"post","link":"https:\/\/bruxelles-pantheres.be\/?p=4540","title":{"rendered":"Mawda, meurtre d\u2019Etat : premi\u00e8re audience publique (tribunal de Mons)"},"content":{"rendered":"<p>Le 6 ao\u00fbt, toutes et tous \u00e0 Mons : premi\u00e8re audience publique. Merci de diffuser un maximum dans vos r\u00e9seaux. C\u2019est aussi tr\u00e8s important que les associations diffusent et signent l\u2019appel. On doit \u00eatre nombreux devant le tribunal de Mons !!!<\/p>\n<div id=\"event_summary\" class=\"_5gmv\" data-referrer=\"event_summary\" data-veid=\"vc_976\">\n<div class=\"_5vl5\">\n<div id=\"u_fetchstream_123_g\" class=\"_36hm _5cmn\">\n<table class=\"uiGrid _51mz\" cellspacing=\"0\" cellpadding=\"0\">\n<tbody>\n<tr class=\"_51mx\">\n<td class=\"_51m- _phw\">\n<div class=\"_6a\" aria-hidden=\"true\">\n<div class=\"_6a _6b\">de 09:30 \u00e0 14:00<\/div>\n<div class=\"_6a _6b\"><\/div>\n<\/div>\n<\/td>\n<td class=\"_51m- _51mw\">\n<div class=\"_4930\">\n<div class=\"_4dpf _phw\">\n<div class=\"_6a\">\n<div class=\"_6a _6b\"><\/div>\n<div class=\"_6a _6b\">\n<div class=\"_xkh\">\n<p><a id=\"u_fetchstream_123_h\" class=\"_5xhk\" href=\"https:\/\/www.facebook.com\/pages\/Tribunal-Mons\/781140595406639?__xts__%5B0%5D=68.ARAKEOKyTF8cnOCzuFPb7woqw0lSaGaSgOGKvC45GHSS9XEmpqxQ6CfZiMRmIQvkFCfCMed20xnPT9k3TSqSnFNnA5VOk8EuKkUjt21_mc0H3OZM0iSTugLR2pSKRfhYgWHbOMb3A7BOORmuQh4-TFABDUUa6fHH9OoN7ts80oFIZqqdmCqD-rMEukAW8n9Vu9ONlexPj91cX6-LvOp9orG0fHwKlwr4fg_6DWqyXGy_DE6ARg2Pw4RQfmnjzlow9mATPEpgsI8_NzK7ctaHwOW-Gjgd0ryElRDgZDi5LzGXRzIcKuydcbjP4RJVP9p5zwHwqe1KOGmJLJO0BNH6PHEfvQ&amp;eid=ARBDNv5MdnWUbOrLoSc8yU7iB3SN33dSIGfH-l7XTvu0p2Y_kG59tp8fChZdNP6JTZgmrLVTPyh3_Ech\" data-hovercard=\"\/ajax\/hovercard\/page.php?id=781140595406639&amp;extragetparams=%7B%22eid%22%3A%22ARBDNv5MdnWUbOrLoSc8yU7iB3SN33dSIGfH-l7XTvu0p2Y_kG59tp8fChZdNP6JTZgmrLVTPyh3_Ech%22%7D\" data-hovercard-prefer-more-content-show=\"1\">Tribunal Mons<\/a><\/p>\n<div class=\"_5xhp fsm fwn fcg\">Rue De Nimy 28, 7000 Mons, R\u00e9gion wallonne, Belgique<\/div>\n<\/div>\n<\/div>\n<\/div>\n<\/div>\n<div class=\"_xkg _phw\">\n<div>\n<div id=\"u_fetchstream_123_i\">\n<div class=\"_6a\">\n<div class=\"_6a _6b\"><\/div>\n<div class=\"_6a _6b\"><a role=\"button\" href=\"https:\/\/www.facebook.com\/events\/674298689833586\/?active_tab=about#\">Afficher la carte<\/a><\/div>\n<\/div>\n<\/div>\n<\/div>\n<\/div>\n<\/div>\n<\/td>\n<\/tr>\n<\/tbody>\n<\/table>\n<\/div>\n<ul class=\"uiList _4kg _4ks\">\n<li class=\"_3slj\">\n<div id=\"u_fetchstream_123_o\">\n<div class=\"_2pij _2pis\">\n<div class=\"_20z9 _5aj7\">\n<div class=\"_2zty _4bl7\"><a href=\"https:\/\/www.facebook.com\/events\/674298689833586\/\">https:\/\/www.facebook.com\/events\/674298689833586\/<\/a><\/div>\n<div class=\"_4bl9\">\n<div class=\"_20zb\">\n<div class=\" _20zf\">Organis\u00e9 par Comit\u00e9 Mawda &#8211; Justice et V\u00e9rit\u00e9<\/div>\n<\/div>\n<\/div>\n<\/div>\n<\/div>\n<\/div>\n<\/li>\n<\/ul>\n<\/div>\n<\/div>\n<p><!--more--><\/p>\n<p>La premi\u00e8re audience publique qui devra traiter du meurtre d\u2019Etat de la petite Mawda aura lieu le jeudi 6 aout au tribunal de Mons. C\u2019est un moment important dans la lutte pour la v\u00e9rit\u00e9 et la justice. Nous nous devons d\u2019\u00eatre pr\u00e9sents nombreux.<\/p>\n<p>Les luttes contre les violences et les meurtres policiers ici en Belgique, comme ailleurs en occident, dans le sillage de Black Lives Matter ont r\u00e9v\u00e9l\u00e9 le r\u00f4le de la justice dans la construction de l\u2019impunit\u00e9 polici\u00e8re. Chaque meurtre policier est ainsi converti en \u00ab homicide par l\u00e9gitime d\u00e9fense \u00bb et les victimes se trouvent syst\u00e9matiquement accus\u00e9es de \u00ab r\u00e9bellion \u00bb tandis que la police d\u00e9clare toujours son usage de la violence comme proportionn\u00e9e.<\/p>\n<p>Encore le 19 juillet dernier, Akram, un jeune alg\u00e9rien r\u00e9sidant en Belgique est d\u00e9c\u00e9d\u00e9 apr\u00e8s une interpellation polici\u00e8re, suite \u00e0 un placage ventral, un policier s\u2019agenouillant sur lui pendant une dizaine de minutes. Des pi\u00e8ces \u00e0 conviction ont disparue et des t\u00e9moins ont \u00e9t\u00e9 intimid\u00e9s alors que le corps d\u2019Akram pr\u00e9sentait des marques de coups. L\u2019usage du plaquage ventral peut mener au d\u00e9c\u00e8s de la personne immobilis\u00e9e par asphyxie si la position est prolong\u00e9e ou si d&rsquo;autres facteurs de risques sont conjugu\u00e9s. Cette technique polici\u00e8re est dangereuse et interdite dans certains pays, cette technique se trouve \u00e9galement au c\u0153ur des enqu\u00eates sur la mort d&rsquo;Adama Traor\u00e9 et de celle d&rsquo;un livreur parisien, C\u00e9dric Chouviat.<\/p>\n<p>Ces histoires en rappellent bien d\u2019autres. La manifestation contre la n\u00e9grophobie et les violences polici\u00e8res qui a r\u00e9uni plus de 15.000 personnes le 7 juin dernier \u00e0 Bruxelles a marqu\u00e9 un point de rupture sur ces questions. Le policier qui a arm\u00e9, vis\u00e9, tir\u00e9 et tu\u00e9 la petite Mawda a commis un acte volontaire. Certes son intention n\u2019\u00e9tait pas de tuer mais en tirant sur une cible en mouvement, il savait qu\u2019il prenait un grand risque, c\u2019est pr\u00e9cis\u00e9ment la d\u00e9finition du \u00ab meurtre par dol \u00e9ventuel \u00bb. Cependant, la main qui arma et pressa sur la d\u00e9tente n\u2019a pas achet\u00e9 la balle. Cette balle a \u00e9t\u00e9 fondue dans le creuset des op\u00e9rations M\u00e9dusa, dans les politiques europ\u00e9ennes de traques des migrants, cette mort a \u00e9t\u00e9 d\u00e9cid\u00e9e par les diff\u00e9rents gouvernement belges et europ\u00e9ens qui ont construit le cadre de Dublin, qui ont organis\u00e9 la guerre aux migrants via Frontex aux fronti\u00e8res ext\u00e9rieurs de l\u2019Europe \u2013 on a encore en m\u00e9moire les gardes c\u00f4t\u00e9s grecs tirant sur des migrants syriens, afghans et iraniens au nom de notre s\u00e9curit\u00e9 d\u2019Europ\u00e9en \u2013 et \u00e0 l\u2019int\u00e9rieur, dans les Alpes, aux fronti\u00e8res, sur les routes, les voie ferr\u00e9es, dans les ports, etc. Nous refusons que la qualification d\u2019\u00ab homicide involontaire \u00bb serve \u00e0 d\u00e9livrer un permis de tuer des migrants, nous refusons de consid\u00e9rer que le meurtre d\u2019un enfant de moins de deux ans par la police belge soit r\u00e9duit \u00e0 un \u00ab d\u00e9faut de pr\u00e9voyance \u00bb, nous refusons que le pr\u00e9sum\u00e9 conducteur se retrouve inculp\u00e9 de co-auteur pour blanchir le policier qui a tu\u00e9 Mawda, nous refusons que ce policier soit jug\u00e9 comme le seul et unique responsable.<\/p>\n<p>Depuis la mort de la petite Mawda, Pieter De Crem a encore renforc\u00e9 les op\u00e9rations M\u00e9dusa et indique aujourd\u2019hui clairement qu\u2019il couvre les violences polici\u00e8res au plus haut niveau de l\u2019Etat. Le contr\u00f4le d\u2019identit\u00e9 comme les op\u00e9rations de traque aux migrants constituent bien le p\u00e9ch\u00e9 originel du racisme structurel de la police. Plus que jamais il nous faut user de notre droit citoyen d\u2019assister aux audiences publiques pour faire entendre une col\u00e8re profonde face \u00e0 l\u2019impunit\u00e9, il nous faut occuper la justice pour d\u00e9faire ce nouage criminel qui y blanchi les meurtres policiers. Soyons nombreux \u00e0 r\u00e9pondre \u00e0 l\u2019appel du Comit\u00e9 Mawda \u2013 V\u00e9rit\u00e9 et Justice ainsi que du groupe Montois de soutien aux sans-papiers et retrouvons-nous le jeudi 6 aout devant le tribunal de Mons.<\/p>\n","protected":false},"excerpt":{"rendered":"<p>Le 6 ao\u00fbt, toutes et tous \u00e0 Mons : premi\u00e8re audience publique. Merci de diffuser un maximum dans vos r\u00e9seaux. C\u2019est aussi tr\u00e8s important que les associations diffusent et signent l\u2019appel. On doit \u00eatre nombreux devant le tribunal de Mons !!! de 09:30 \u00e0 14:00 Tribunal Mons Rue De Nimy 28, 7000 Mons, R\u00e9gion wallonne, &#8230; <a title=\"Mawda, meurtre d\u2019Etat : premi\u00e8re audience publique (tribunal de Mons)\" class=\"read-more\" href=\"https:\/\/bruxelles-pantheres.be\/?p=4540\" aria-label=\"En savoir plus sur Mawda, meurtre d\u2019Etat : premi\u00e8re audience publique (tribunal de Mons)\">Lire la suite<\/a><\/p>\n","protected":false},"author":1,"featured_media":4030,"comment_status":"open","ping_status":"open","sticky":false,"template":"","format":"standard","meta":{"footnotes":""},"categories":[36,18,28,39,5],"tags":[432,346,433],"class_list":["post-4540","post","type-post","status-publish","format-standard","has-post-thumbnail","hentry","category-europe","category-resistance-bruxelles","category-racismes","category-sans-papier","category-violence-policiere","tag-frontex","tag-mawda","tag-medusa"],"_links":{"self":[{"href":"https:\/\/bruxelles-pantheres.be\/index.php?rest_route=\/wp\/v2\/posts\/4540","targetHints":{"allow":["GET"]}}],"collection":[{"href":"https:\/\/bruxelles-pantheres.be\/index.php?rest_route=\/wp\/v2\/posts"}],"about":[{"href":"https:\/\/bruxelles-pantheres.be\/index.php?rest_route=\/wp\/v2\/types\/post"}],"author":[{"embeddable":true,"href":"https:\/\/bruxelles-pantheres.be\/index.php?rest_route=\/wp\/v2\/users\/1"}],"replies":[{"embeddable":true,"href":"https:\/\/bruxelles-pantheres.be\/index.php?rest_route=%2Fwp%2Fv2%2Fcomments&post=4540"}],"version-history":[{"count":2,"href":"https:\/\/bruxelles-pantheres.be\/index.php?rest_route=\/wp\/v2\/posts\/4540\/revisions"}],"predecessor-version":[{"id":4542,"href":"https:\/\/bruxelles-pantheres.be\/index.php?rest_route=\/wp\/v2\/posts\/4540\/revisions\/4542"}],"wp:featuredmedia":[{"embeddable":true,"href":"https:\/\/bruxelles-pantheres.be\/index.php?rest_route=\/wp\/v2\/media\/4030"}],"wp:attachment":[{"href":"https:\/\/bruxelles-pantheres.be\/index.php?rest_route=%2Fwp%2Fv2%2Fmedia&parent=4540"}],"wp:term":[{"taxonomy":"category","embeddable":true,"href":"https:\/\/bruxelles-pantheres.be\/index.php?rest_route=%2Fwp%2Fv2%2Fcategories&post=4540"},{"taxonomy":"post_tag","embeddable":true,"href":"https:\/\/bruxelles-pantheres.be\/index.php?rest_route=%2Fwp%2Fv2%2Ftags&post=4540"}],"curies":[{"name":"wp","href":"https:\/\/api.w.org\/{rel}","templated":true}]}}