{"id":4543,"date":"2020-07-25T17:03:57","date_gmt":"2020-07-25T16:03:57","guid":{"rendered":"https:\/\/bruxelles-pantheres.be\/?p=4543"},"modified":"2020-08-05T17:08:27","modified_gmt":"2020-08-05T16:08:27","slug":"alger-exige-la-lumiere-sur-la-mort-dun-algerien-en-belgique","status":"publish","type":"post","link":"https:\/\/bruxelles-pantheres.be\/?p=4543","title":{"rendered":"Alger \u00ab\u00a0exige\u00a0\u00bb la lumi\u00e8re sur la mort d&rsquo;un Alg\u00e9rien en Belgique"},"content":{"rendered":"<p>Alger a \u00ab\u00a0exig\u00e9\u00a0\u00bb jeudi\u00a0que \u00ab\u00a0toute la lumi\u00e8re soit faite\u00a0\u00bb sur les circonstances de la mort d&rsquo;un jeune Alg\u00e9rien dimanche lors d&rsquo;une interpellation par la police \u00e0 Anvers (nord de la Belgique). <!--more--><\/p>\n<p>La mort de Abderrahmane Ridha Kadri, 29 ans, dit \u00ab\u00a0Akram\u00a0\u00bb, dont l&rsquo;interpellation a \u00e9t\u00e9 film\u00e9e et circule sur les r\u00e9seaux sociaux, a \u00ab\u00a0suscit\u00e9 l\u2019\u00e9motion et la compassion des Alg\u00e9riens\u00a0\u00bb, explique un communiqu\u00e9 du minist\u00e8re alg\u00e9rien des Affaires \u00e9trang\u00e8res.\u00a0 \u00ab\u00a0L\u2019Alg\u00e9rie exige et veille \u00e0 ce que toute la lumi\u00e8re soit faite sur cette affaire et que toutes les zones d\u2019ombre soient lev\u00e9es\u00a0\u00bb, pr\u00e9cise le communiqu\u00e9.<\/p>\n<p>Dans une d\u00e9claration lundi, un porte-parole de la police d&rsquo;Anvers, Sven Lommaert, avait indiqu\u00e9 que le jeune homme se comportait de fa\u00e7on agressive dans un caf\u00e9 de la cit\u00e9 flamande. \u00ab\u00a0Tr\u00e8s agit\u00e9\u00a0\u00bb, il \u00ab\u00a0essayait de frapper des gens\u00a0\u00bb.\u00a0 Les policiers l&rsquo;avaient alors ma\u00eetris\u00e9, le mettant \u00e0 terre et lui passant des menottes, et appel\u00e9 les services de secours, qui \u00e9taient arriv\u00e9s une douzaine de minutes plus tard, selon le porte-parole.<\/p>\n<p>A l&rsquo;arriv\u00e9e des services m\u00e9dicaux, l&rsquo;homme ne r\u00e9agissait plus, selon la m\u00eame source. Les ambulanciers l&rsquo;avaient r\u00e9anim\u00e9 et transport\u00e9 dans un \u00e9tat critique \u00e0 l&rsquo;h\u00f4pital, o\u00f9 il est d\u00e9c\u00e9d\u00e9.<\/p>\n<p>Les circonstances du d\u00e9c\u00e8s du jeune Alg\u00e9rien ont attir\u00e9 des comparaisons avec le meurtre de l&rsquo;Afro-Am\u00e9ricain George Floyd durant une arrestation par un policier blanc fin mai aux Etats-Unis, qui a d\u00e9clench\u00e9 une vague de protestation plan\u00e9taire contre les violences polici\u00e8res.<\/p>\n<p>Une enqu\u00eate a \u00e9t\u00e9 ouverte\u00a0sur \u00ab\u00a0les circonstances exactes de l&rsquo;arrestation et de la mort\u00a0\u00bb de M. Kadri, un habitant de Bruxelles.<\/p>\n<p>Voir aussi:\u00a0<a href=\"https:\/\/www.ln24.be\/index.php\/2020-07-20\/belgique-enquete-sur-la-mort-dun-homme-apres-son-interpellation-par-la-police\">Belgique: enqu\u00eate sur la mort d&rsquo;un homme apr\u00e8s son interpellation par la police<\/a><\/p>\n<blockquote class=\"twitter-tweet\" data-width=\"550\" data-dnt=\"true\">\n<p lang=\"fr\" dir=\"ltr\">Akram a \u00e9t\u00e9 assassin\u00e9 par la police a Anvers en Belgique et personne n&#39;en parle .lancez le <a href=\"https:\/\/twitter.com\/hashtag\/justiceforAkram?src=hash&amp;ref_src=twsrc%5Etfw\">#justiceforAkram<\/a> <a href=\"https:\/\/twitter.com\/hashtag\/MurderInAntwerp?src=hash&amp;ref_src=twsrc%5Etfw\">#MurderInAntwerp<\/a> <a href=\"https:\/\/t.co\/13NN2CnLDL\">pic.twitter.com\/13NN2CnLDL<\/a><\/p>\n<p>&mdash; calinta (@romaissaaaaaaa) <a href=\"https:\/\/twitter.com\/romaissaaaaaaa\/status\/1285216608768622593?ref_src=twsrc%5Etfw\">July 20, 2020<\/a><\/p><\/blockquote>\n<p><script async src=\"https:\/\/platform.twitter.com\/widgets.js\" charset=\"utf-8\"><\/script><\/p>\n<div class=\"twitter-tweet twitter-tweet-rendered\"><a href=\"https:\/\/www.ln24.be\/2020-07-24\/alger-exige-la-lumiere-sur-la-mort-dun-algerien-en-belgique?fbclid=IwAR2KIGidim3cyYp1r3PdYvjAQcPY4Z-nBWab1XJ84-5fpozMa3zURYOz20g\">Source<\/a><\/div>\n","protected":false},"excerpt":{"rendered":"<p>Alger a \u00ab\u00a0exig\u00e9\u00a0\u00bb jeudi\u00a0que \u00ab\u00a0toute la lumi\u00e8re soit faite\u00a0\u00bb sur les circonstances de la mort d&rsquo;un jeune Alg\u00e9rien dimanche lors d&rsquo;une interpellation par la police \u00e0 Anvers (nord de la Belgique).<\/p>\n","protected":false},"author":1,"featured_media":3201,"comment_status":"open","ping_status":"open","sticky":false,"template":"","format":"standard","meta":{"footnotes":""},"categories":[28,5],"tags":[434],"class_list":["post-4543","post","type-post","status-publish","format-standard","has-post-thumbnail","hentry","category-racismes","category-violence-policiere","tag-akram"],"_links":{"self":[{"href":"https:\/\/bruxelles-pantheres.be\/index.php?rest_route=\/wp\/v2\/posts\/4543","targetHints":{"allow":["GET"]}}],"collection":[{"href":"https:\/\/bruxelles-pantheres.be\/index.php?rest_route=\/wp\/v2\/posts"}],"about":[{"href":"https:\/\/bruxelles-pantheres.be\/index.php?rest_route=\/wp\/v2\/types\/post"}],"author":[{"embeddable":true,"href":"https:\/\/bruxelles-pantheres.be\/index.php?rest_route=\/wp\/v2\/users\/1"}],"replies":[{"embeddable":true,"href":"https:\/\/bruxelles-pantheres.be\/index.php?rest_route=%2Fwp%2Fv2%2Fcomments&post=4543"}],"version-history":[{"count":1,"href":"https:\/\/bruxelles-pantheres.be\/index.php?rest_route=\/wp\/v2\/posts\/4543\/revisions"}],"predecessor-version":[{"id":4544,"href":"https:\/\/bruxelles-pantheres.be\/index.php?rest_route=\/wp\/v2\/posts\/4543\/revisions\/4544"}],"wp:featuredmedia":[{"embeddable":true,"href":"https:\/\/bruxelles-pantheres.be\/index.php?rest_route=\/wp\/v2\/media\/3201"}],"wp:attachment":[{"href":"https:\/\/bruxelles-pantheres.be\/index.php?rest_route=%2Fwp%2Fv2%2Fmedia&parent=4543"}],"wp:term":[{"taxonomy":"category","embeddable":true,"href":"https:\/\/bruxelles-pantheres.be\/index.php?rest_route=%2Fwp%2Fv2%2Fcategories&post=4543"},{"taxonomy":"post_tag","embeddable":true,"href":"https:\/\/bruxelles-pantheres.be\/index.php?rest_route=%2Fwp%2Fv2%2Ftags&post=4543"}],"curies":[{"name":"wp","href":"https:\/\/api.w.org\/{rel}","templated":true}]}}