{"id":4546,"date":"2020-08-16T13:10:37","date_gmt":"2020-08-16T12:10:37","guid":{"rendered":"https:\/\/bruxelles-pantheres.be\/?p=4546"},"modified":"2020-08-16T13:10:37","modified_gmt":"2020-08-16T12:10:37","slug":"affaire-mawda-proces-les-23-et-24-novembre-2020","status":"publish","type":"post","link":"https:\/\/bruxelles-pantheres.be\/?p=4546","title":{"rendered":"Affaire Mawda\u00a0: proc\u00e8s les 23 et 24 novembre 2020"},"content":{"rendered":"<h3><img decoding=\"async\" class=\"aligncenter wp-image-1188 size-large\" src=\"https:\/\/obspol.be\/wp-content\/uploads\/2020\/08\/20200806_101934_cropped-1024x678.jpg\" sizes=\"(max-width: 580px) 100vw, 580px\" srcset=\"https:\/\/obspol.be\/wp-content\/uploads\/2020\/08\/20200806_101934_cropped-1024x678.jpg 1024w, https:\/\/obspol.be\/wp-content\/uploads\/2020\/08\/20200806_101934_cropped-300x199.jpg 300w, https:\/\/obspol.be\/wp-content\/uploads\/2020\/08\/20200806_101934_cropped-768x508.jpg 768w, https:\/\/obspol.be\/wp-content\/uploads\/2020\/08\/20200806_101934_cropped-391x260.jpg 391w, https:\/\/obspol.be\/wp-content\/uploads\/2020\/08\/20200806_101934_cropped-1536x1017.jpg 1536w, https:\/\/obspol.be\/wp-content\/uploads\/2020\/08\/20200806_101934_cropped-2048x1356.jpg 2048w, https:\/\/obspol.be\/wp-content\/uploads\/2020\/08\/20200806_101934_cropped-1200x794.jpg 1200w, https:\/\/obspol.be\/wp-content\/uploads\/2020\/08\/20200806_101934_cropped-1980x1311.jpg 1980w\" alt=\"20200806_101934_cropped.jpg\" width=\"580\" height=\"384\" \/><\/h3>\n<h3><strong>06.08.2020<\/strong> \u2013 Affaire Mawda\u00a0: proc\u00e8s les 23 et 24 novembre 2020<\/h3>\n<p>Jeudi 6 ao\u00fbt, Mons. Devant le Tribunal une vingtaine de personnes en soutien aux parents pr\u00e9sents se sont rassembl\u00e9es pour assister \u00e0 la s\u00e9ance introductive du proc\u00e8s de<strong>\u00a0trois hommes impliqu\u00e9s dans la mort de la petite<\/strong>\u00a0<a href=\"https:\/\/obspol.be\/actualite#actu_200512_Mawda\"><strong>Mawda<\/strong><\/a>, dont le policier tireur. Il est poursuivi pour \u00ab\u00a0<strong>homicide involontaire<\/strong>\u00ab\u00a0.<!--more--><\/p>\n<p>Lorsque les soutiens souhaitent se rendre dans la salle d\u2019audience, les policiers les informent que suite \u00e0 l\u2019ordonnance prise dans le cadre des r\u00e8gles covid par le juge, l\u2019entr\u00e9e n\u2019est pas permise au public. Un proc\u00e8s public sans public donc. Trois personnes cependant seront admises dans la salle en fait vide, dans laquelle les places pr\u00e9vues tenant compte des distanciations sont nombreuses \u00e0 \u00eatre inoccup\u00e9es.<\/p>\n<p>Lors de la derni\u00e8re audience \u00e0 huis clos, la partie civile (les parents), avait\u00a0<strong>demand\u00e9 de requalifier les faits reproch\u00e9s au policier en meurtre<\/strong>\u00a0car ils estiment qu\u2019il y avait bien intention de tuer. Cette demande n\u2019avait cependant pas \u00e9t\u00e9 suivie par la chambre du conseil. C\u2019est donc un\u00a0<strong>proc\u00e8s en correctionnelle<\/strong>, avec trois juges :\u00a0<strong>Mme Bastians<\/strong>\u00a0assist\u00e9e par\u00a0<strong>M. Ruchard<\/strong>\u00a0et\u00a0<strong>Mme Bossut<\/strong>. Notons la repr\u00e9sentation du SPF Int\u00e9rieur qui sera aussi partie au proc\u00e8s.<\/p>\n<p>La s\u00e9ance introductive met au point les questions d\u2019interpr\u00e9tation, la dur\u00e9e pr\u00e9vue des plaidoiries et d\u00e9bats etc. La juge pr\u00e9cise aussi qu\u2019\u00e9tant donn\u00e9 qu\u2019un des inculp\u00e9s est en r\u00e9cidive,\u00a0<strong>d\u00e9j\u00e0 condamn\u00e9 en 2016<\/strong>, il y aura lieu de pr\u00e9voir une plaidoirie tenant compte de cette circonstance aggravante.<\/p>\n<p>Le 23 novembre 2020 se tiendront les d\u00e9bats de l\u2019instruction d\u2019audience et l\u2019audition du m\u00e9decin l\u00e9giste et de l\u2019expert en balistique en matin\u00e9e. L\u2019apr\u00e8s-midi, ce sera le tour des parties civiles repr\u00e9sent\u00e9es par\u00a0<strong>Me Selma Benkhelifa<\/strong>, qui prendra la parole. L\u2019accusation produira son r\u00e9quisitoire.<\/p>\n<p>Le 24 novembre ce sera au tour de la d\u00e9fense de plaider. La Cour souhaitant permettre la publicit\u00e9 des d\u00e9bats, il est possible que le lieu du proc\u00e8s soit d\u00e9plac\u00e9 (ancien pr\u00e9toire de la cour d\u2019assises).<\/p>\n<figure id=\"attachment_1189\" class=\"wp-caption aligncenter\" aria-describedby=\"caption-attachment-1189\"><img decoding=\"async\" class=\"wp-image-1189 size-medium\" src=\"https:\/\/obspol.be\/wp-content\/uploads\/2020\/08\/20200806_092910_Cropped-300x278.jpg\" sizes=\"(max-width: 300px) 100vw, 300px\" srcset=\"https:\/\/obspol.be\/wp-content\/uploads\/2020\/08\/20200806_092910_Cropped-300x278.jpg 300w, https:\/\/obspol.be\/wp-content\/uploads\/2020\/08\/20200806_092910_Cropped-1024x950.jpg 1024w, https:\/\/obspol.be\/wp-content\/uploads\/2020\/08\/20200806_092910_Cropped-768x713.jpg 768w, https:\/\/obspol.be\/wp-content\/uploads\/2020\/08\/20200806_092910_Cropped-1536x1426.jpg 1536w, https:\/\/obspol.be\/wp-content\/uploads\/2020\/08\/20200806_092910_Cropped-2048x1901.jpg 2048w, https:\/\/obspol.be\/wp-content\/uploads\/2020\/08\/20200806_092910_Cropped-1200x1114.jpg 1200w, https:\/\/obspol.be\/wp-content\/uploads\/2020\/08\/20200806_092910_Cropped-1980x1838.jpg 1980w\" alt=\"20200806_092910_Cropped.jpg\" width=\"300\" height=\"278\" \/><figcaption id=\"caption-attachment-1189\" class=\"wp-caption-text\">\u00c0 la sortie du tribunal, les soutiens clament \u00ab\u00a0Justice pour Mawda !\u00a0\u00bb devant les portraits d\u00e9ploy\u00e9s \u00e0 l\u2019avant du b\u00e2timent.<\/figcaption><\/figure>\n","protected":false},"excerpt":{"rendered":"<p>06.08.2020 \u2013 Affaire Mawda\u00a0: proc\u00e8s les 23 et 24 novembre 2020 Jeudi 6 ao\u00fbt, Mons. Devant le Tribunal une vingtaine de personnes en soutien aux parents pr\u00e9sents se sont rassembl\u00e9es pour assister \u00e0 la s\u00e9ance introductive du proc\u00e8s de\u00a0trois hommes impliqu\u00e9s dans la mort de la petite\u00a0Mawda, dont le policier tireur. Il est poursuivi pour &#8230; <a title=\"Affaire Mawda\u00a0: proc\u00e8s les 23 et 24 novembre 2020\" class=\"read-more\" href=\"https:\/\/bruxelles-pantheres.be\/?p=4546\" aria-label=\"En savoir plus sur Affaire Mawda\u00a0: proc\u00e8s les 23 et 24 novembre 2020\">Lire la suite<\/a><\/p>\n","protected":false},"author":1,"featured_media":4030,"comment_status":"open","ping_status":"open","sticky":false,"template":"","format":"standard","meta":{"footnotes":""},"categories":[36,18,28,5],"tags":[346],"class_list":["post-4546","post","type-post","status-publish","format-standard","has-post-thumbnail","hentry","category-europe","category-resistance-bruxelles","category-racismes","category-violence-policiere","tag-mawda"],"_links":{"self":[{"href":"https:\/\/bruxelles-pantheres.be\/index.php?rest_route=\/wp\/v2\/posts\/4546","targetHints":{"allow":["GET"]}}],"collection":[{"href":"https:\/\/bruxelles-pantheres.be\/index.php?rest_route=\/wp\/v2\/posts"}],"about":[{"href":"https:\/\/bruxelles-pantheres.be\/index.php?rest_route=\/wp\/v2\/types\/post"}],"author":[{"embeddable":true,"href":"https:\/\/bruxelles-pantheres.be\/index.php?rest_route=\/wp\/v2\/users\/1"}],"replies":[{"embeddable":true,"href":"https:\/\/bruxelles-pantheres.be\/index.php?rest_route=%2Fwp%2Fv2%2Fcomments&post=4546"}],"version-history":[{"count":1,"href":"https:\/\/bruxelles-pantheres.be\/index.php?rest_route=\/wp\/v2\/posts\/4546\/revisions"}],"predecessor-version":[{"id":4547,"href":"https:\/\/bruxelles-pantheres.be\/index.php?rest_route=\/wp\/v2\/posts\/4546\/revisions\/4547"}],"wp:featuredmedia":[{"embeddable":true,"href":"https:\/\/bruxelles-pantheres.be\/index.php?rest_route=\/wp\/v2\/media\/4030"}],"wp:attachment":[{"href":"https:\/\/bruxelles-pantheres.be\/index.php?rest_route=%2Fwp%2Fv2%2Fmedia&parent=4546"}],"wp:term":[{"taxonomy":"category","embeddable":true,"href":"https:\/\/bruxelles-pantheres.be\/index.php?rest_route=%2Fwp%2Fv2%2Fcategories&post=4546"},{"taxonomy":"post_tag","embeddable":true,"href":"https:\/\/bruxelles-pantheres.be\/index.php?rest_route=%2Fwp%2Fv2%2Ftags&post=4546"}],"curies":[{"name":"wp","href":"https:\/\/api.w.org\/{rel}","templated":true}]}}