{"id":4551,"date":"2020-04-20T22:48:16","date_gmt":"2020-04-20T21:48:16","guid":{"rendered":"https:\/\/bruxelles-pantheres.be\/?p=4551"},"modified":"2020-09-04T23:13:10","modified_gmt":"2020-09-04T22:13:10","slug":"documenter-les-plis-de-covid-19-quelques-notes-a-propos-du-coronavirus","status":"publish","type":"post","link":"https:\/\/bruxelles-pantheres.be\/?p=4551","title":{"rendered":"Documenter les plis de COVID-19. Quelques notes \u00e0 propos du coronavirus."},"content":{"rendered":"<p>Ce texte est un premier relev\u00e9 tr\u00e8s partiel et en cours, vu de Belgique, de la pand\u00e9mie de coronavirus, des affects qu\u2019elle charrie et de ce qui a \u00e9t\u00e9 \u00e9prouv\u00e9 dans nos modes d\u2019existences. Contacts : martin.vanderelst@uclouvain.be, Elsa.Roland@ulb.ac.be, David.Jamar@umons.ac.be<\/p>\n<p><b>Analyse partielle d\u2019un processus en cours<\/b><\/p>\n<p><b>Documenter les plis de COVID-19.<\/b><\/p>\n<p><i>Quelques notes \u00e0 propos du coronavirus\u00a0<\/i>\u00a0&#8211; 15 avril 2020<\/p>\n<p><b><i>Pr\u00e9ambule.\u00a0<\/i><\/b><i>Ce texte est un premier relev\u00e9 tr\u00e8s partiel et en cours, vu de Belgique, de la pand\u00e9mie de coronavirus, des affects qu\u2019elle charrie et de ce qui a \u00e9t\u00e9 \u00e9prouv\u00e9 dans nos modes d\u2019existences. Nous avons besoin de documenter ce qui arrive, ce qui arrive de mani\u00e8re radicalement divergente selon les milieux touch\u00e9s. A partir de ces documents, il s\u2019agirait de formuler des dol\u00e9ances<a class=\"external\" tabindex=\"-1\" href=\"https:\/\/blogs.mediapart.fr\/plis\/blog\/170420\/documenter-les-plis-de-covid-19-quelques-notes-propos-du-coronavirus#_ftn1\" target=\"_blank\" rel=\"noopener noreferrer\"><sup><b>[1]<\/b><\/sup><\/a>\u00a0susceptibles de renforcer nos capacit\u00e9s d\u2019action sur le cours des choses, en ce compris le relais d\u2019articulations politiques mais aussi de plaintes \u00e9ventuellement juridiques. Certains \u00e9l\u00e9ments seront, pour le meilleur ou pour le pire, d\u00e9mentis par la suite des \u00e9v\u00e9nements. Il n\u2019en reste pas moins que covid-19 fait r\u00e9sonner les capacit\u00e9s diff\u00e9renci\u00e9es de r\u00e9ponses en situation. En d\u2019autres mots se rejoue aussi la question des \u00ab\u00a0responsabilit\u00e9s\u00a0\u00bb de situations en situations. Ce texte, parmi d\u2019autres, devrait pouvoir aussi cultiver des id\u00e9es de luttes de refus et\/ou propositionnelles. Sa diffusion voudrait avoir pour effet, de croiser et de multiplier les comptes rendus. Ce texte appelle donc de nombreux prolongements et actualisations \u00e0 venir. Nous y travaillons \u00e0 partir de nos propres relais ; nous travaillerons les relais de ce qui nous parviendrait.<\/i><\/p>\n<p><i>Une premi\u00e8re partie tente de caract\u00e9riser l\u2019\u00eatre COVID-19 et les affects d\u2019insensibilit\u00e9 qui en favorisent l\u2019expansion. Les p\u00e9nalistes diraient qu\u2019il s\u2019agit l\u00e0 d\u2019un \u00ab\u00a0contexte\u00a0\u00bb, non pas ext\u00e9rieur, mais informant ce qui traverse sur des modes divers les situations et leurs appr\u00e9ciations.<\/i><\/p>\n<p><i>Une deuxi\u00e8me partie entreprend un premier tour de ces situations, tentant \u00e0 chaque fois d\u2019en \u00e9baucher les documentations et de saisir ce que, de cette documentation, il y aurait moyen de faire afin de relayer les plaintes (et les quelques propositions) qui en \u00e9mergent d\u00e9j\u00e0.\u00a0<\/i><\/p>\n<p>Contacts :\u00a0\u00a0<a class=\"external\" tabindex=\"-1\" href=\"mailto:martin.vanderelst@uclouvain.be\" target=\"_blank\" rel=\"noopener noreferrer\">martin.vanderelst@uclouvain.be<\/a>,\u00a0<a class=\"external\" tabindex=\"-1\" href=\"mailto:Elsa.Roland@ulb.ac.be\" target=\"_blank\" rel=\"noopener noreferrer\">Elsa.Roland@ulb.ac.be<\/a>,\u00a0<a class=\"external\" tabindex=\"-1\" href=\"mailto:David.Jamar@umons.ac.be\" target=\"_blank\" rel=\"noopener noreferrer\">David.Jamar@umons.ac.be<\/a>\u00a0<a class=\"external\" tabindex=\"-1\" href=\"https:\/\/blogs.mediapart.fr\/plis\/blog\/170420\/documenter-les-plis-de-covid-19-quelques-notes-propos-du-coronavirus#_ftn2\" target=\"_blank\" rel=\"noopener noreferrer\"><sup>[2]<\/sup><\/a><\/p>\n<p>Table des mati\u00e8res<!--more--><\/p>\n<p><a href=\"https:\/\/bruxelles-pantheres.be\/wp-content\/uploads\/2020\/04\/banksy-game-changer-infirmiere-super-heros-covid-19.jpg\"><img decoding=\"async\" class=\"size-full wp-image-4553 aligncenter\" src=\"https:\/\/bruxelles-pantheres.be\/wp-content\/uploads\/2020\/04\/banksy-game-changer-infirmiere-super-heros-covid-19.jpg\" alt=\"\" width=\"1024\" height=\"768\" srcset=\"https:\/\/bruxelles-pantheres.be\/wp-content\/uploads\/2020\/04\/banksy-game-changer-infirmiere-super-heros-covid-19.jpg 1024w, https:\/\/bruxelles-pantheres.be\/wp-content\/uploads\/2020\/04\/banksy-game-changer-infirmiere-super-heros-covid-19-300x225.jpg 300w, https:\/\/bruxelles-pantheres.be\/wp-content\/uploads\/2020\/04\/banksy-game-changer-infirmiere-super-heros-covid-19-768x576.jpg 768w\" sizes=\"(max-width: 1024px) 100vw, 1024px\" \/><\/a><\/p>\n<p>I. Nos affects \u00e0 l\u2019\u00e9preuve d\u2019un \u00eatre pand\u00e9mique. (in)capacit\u00e9s de r\u00e9ponses<\/p>\n<p>1)La voie de l\u2019insensibilit\u00e9<\/p>\n<p>2)\u00catres pand\u00e9miques: milieux de conqu\u00eates<\/p>\n<p>3)\u00a0\u00bbNe paniquez pas!\u201d: un insensible mot d\u2019ordre.<\/p>\n<p>II. \u00c9preuves et documents.<\/p>\n<p>1) Traitements : des lointains pas si lointains.<\/p>\n<p>-\u00c9preuves de la pand\u00e9mie dans une ville postcoloniale<\/p>\n<p>-Vaccins et traitements: des controverses \u00e0 compliquer<\/p>\n<p>2) COVID-19 et les fronti\u00e8res de l\u2019Europe : une insensibilit\u00e9 \u00e0 fissurer.<\/p>\n<p>-Une urgence absolue: d\u00e9semmurer!<\/p>\n<p>-Cultiver la mutualisation des dettes.<\/p>\n<p>3) R\u00e9pliques de la pand\u00e9mie en Belgique.<\/p>\n<p>-Empoisonnements, plaintes, d\u00e9bordements<\/p>\n<p>-Mise \u00e0 mal du compromis lib\u00e9ral belge.<\/p>\n<p>-Covid-19 au travers d\u2019un syst\u00e8me de sant\u00e9 publique fragilis\u00e9.<\/p>\n<p>-La destruction des protections<\/p>\n<p>-Des \u201ch\u00e9ros\u201d nus<\/p>\n<p>-Aux risques de l\u2019abandon des vieux<\/p>\n<p>-Paroles de malades! Propositions politiques et d\u00e9coloniales<\/p>\n<p>-Mises en question des formes d\u2019enfermement.<\/p>\n<p>-Habitats, s\u00e9gr\u00e9gations, espaces publics.<br \/>\n*R\u00e9quisitions municipales sous Covid: des processus \u00e0 amplifier<br \/>\n*Sans-abrisme: financer les initiatives, socialiser les ressources<br \/>\n*Covid en ville: mutations (toujours) mortelles du racisme \u00e9pid\u00e9mique<\/p>\n<p>-Les p\u00e9rilleuses (dis)continuit\u00e9s du travail: ce que Covid donne \u00e0 voir.<br \/>\n*Corps expos\u00e9s: documenter les risques, penser les rapports de race<br \/>\n*Corps confin\u00e9s: une S\u00e9cu pour penser les zones grises du salariat (travail au noir et espaces domestiques).<\/p>\n<p>-Covid \u00e0 l\u2019\u00e9cole: la continuit\u00e9 p\u00e9dagogique de quoi?<br \/>\n*Familles en tension: intensification des in\u00e9galit\u00e9s de classe, de race, de genre<br \/>\n*Ne pas reprendre l\u2019\u00e9cole: penser \u00e0 l\u2019\u00e9cole!<br \/>\n*A l\u2019Unif: fuir les n\u00e9vroses, sentir covid par tous les moyens.<\/p>\n<p>III. Propositions d\u2019\u00e9cologies<\/p>\n<p>1)Prolonger les enqu\u00eates !<\/p>\n<p>2)\u201cNe pas y retourner\u201d: oui, mais comment?<\/p>\n<p>-Obscurs d\u00e9confinements: une publicit\u00e9 des d\u00e9bats, a minima!<\/p>\n<p>-Combattre les r\u00e9ponses toutes faites.<br \/>\n*Globalisation versus souverainisme.<br \/>\n*N\u00e9gocier le long des cha\u00eenes de valeur<br \/>\n*Apprendre des reprises \u201cen manuel\u201d<br \/>\n*N\u00e9gocier les \u201cpropri\u00e9t\u00e9s\u201d des traitements: penser avec Marlette Kyssama Nsona<\/p>\n<p>&nbsp;<\/p>\n<p><b>Le Coronavirus\u00a0<\/b>(Covid-19)<b>\u00a0frappe aujourd\u2019hui partout.<\/b>\u00a0C\u2019est un nouvel \u00eatre invisible et neutre qui d\u00e9structure et reconfigure le monde en profondeur de Wuhan \u00e0 Bergame, Brescia, Valence, en passant par New York, Lesbos, T\u00e9h\u00e9ran, Doha ou Alken (dans le Limbourg, Belgique) et qui met gravement sous tensions les infrastructures mondiales ainsi que les diff\u00e9rents syst\u00e8mes de sant\u00e9 publique d\u00e9j\u00e0 fragilis\u00e9s par les cures n\u00e9olib\u00e9rales d&rsquo;aust\u00e9rit\u00e9<a class=\"external\" tabindex=\"-1\" href=\"https:\/\/blogs.mediapart.fr\/plis\/blog\/170420\/documenter-les-plis-de-covid-19-quelques-notes-propos-du-coronavirus#_ftn3\" target=\"_blank\" rel=\"noopener noreferrer\"><sup>[3]<\/sup><\/a>. Nous vivons, depuis la grippe de Hong Kong de 1969 qui a disparu de nos r\u00e9cits, la troisi\u00e8me \u00e9mergence d\u2019un coronavirus dangereux en moins de vingt ans, apr\u00e8s le SRAS en 2003 et le MERS en 2012. En passant, apparemment, de la chauve-souris pour laquelle il semble inoffensif \u00e0 l\u2019homme via un mammif\u00e8re (\u00ab zoonose\u00a0\u00bb), ce virus a rencontr\u00e9 avec le contact humain un h\u00f4te au syst\u00e8me immunitaire mal pr\u00e9par\u00e9 et capable de se le transmettre sans interm\u00e9diaires, profitant des p\u00e9riodes d\u2019incubation, ce qui lui permet de d\u00e9velopper toute une ing\u00e9nierie de r\u00e9plication et de multiplication, se saisissant opportun\u00e9ment des dispositifs de mises en contacts d\u2019humains et de leurs objets. Moins virulent, par exemple qu\u2019Ebola, le coronavirus est pourtant plus contagieux (comparable \u00e0 la grippe espagnole). La rapidit\u00e9 \u00e0 laquelle s&rsquo;op\u00e8re sa transmission a fini par englober la quasi-totalit\u00e9 des pays, s&rsquo;explique aussi en raison d\u2019un grand nombre de porteurs asymptomatiques ou peu symptomatiques mais susceptibles de le transmettre ainsi que par sa transmission par a\u00e9rosolisation dont les indices se sont, au fil du temps, accumul\u00e9s. La courbe des sympt\u00f4mes et de leurs gravit\u00e9s \u00e9pouse celle de l\u2019\u00e2ge. Le nombre d\u2019individus nouvellement infect\u00e9s par rapport \u00e0 l\u2019ensemble de la population est donc \u00e9lev\u00e9, bien plus que pour une grippe saisonni\u00e8re<a class=\"external\" tabindex=\"-1\" href=\"https:\/\/blogs.mediapart.fr\/plis\/blog\/170420\/documenter-les-plis-de-covid-19-quelques-notes-propos-du-coronavirus#_ftn4\" target=\"_blank\" rel=\"noopener noreferrer\"><sup>[4]<\/sup><\/a>, ce qui met gravement sous tension le syst\u00e8me sanitaire et hospitalier. Les contamin\u00e9s qui, pr\u00e9alablement \u00e0 l\u2019attaque de Covid-19, avaient d\u00e9j\u00e0 des pathologies respiratoires chroniques, des probl\u00e8mes cardiovasculaires, neurologiques et m\u00e9taboliques, ou souffraient de pathologies li\u00e9es \u00e0 la pollution, en subissent les assauts les plus furieux. Ici la comorbidit\u00e9 comme facteur aggravant doit \u00eatre avant tout appr\u00e9hend\u00e9e en termes de cons\u00e9quences sur le plan de la sant\u00e9 de modes de vie profond\u00e9ment in\u00e9galitaire (notamment via le lien entre pauvret\u00e9, VIH, tuberculose et h\u00e9patite C)<a class=\"external\" tabindex=\"-1\" href=\"https:\/\/blogs.mediapart.fr\/plis\/blog\/170420\/documenter-les-plis-de-covid-19-quelques-notes-propos-du-coronavirus#_ftn5\" target=\"_blank\" rel=\"noopener noreferrer\"><sup>[5]<\/sup><\/a>. L\u2019attention aux effets socio-politiques de comorbidit\u00e9 comme facteur d&rsquo;aggravation des sympt\u00f4mes Covid-19 peut \u00eatre restitu\u00e9e \u00e0 partir de ce que Mbembe nomme la \u00ab\u00a0redistribution in\u00e9galitaire de la vuln\u00e9rabilit\u00e9\u00a0\u00bb<a class=\"external\" tabindex=\"-1\" href=\"https:\/\/blogs.mediapart.fr\/plis\/blog\/170420\/documenter-les-plis-de-covid-19-quelques-notes-propos-du-coronavirus#_ftn6\" target=\"_blank\" rel=\"noopener noreferrer\"><sup>[6]<\/sup><\/a>\u00a0?<\/p>\n<p>Dans cette temp\u00eate pand\u00e9mique mondiale, il n\u2019y a ni position d&rsquo;ext\u00e9riorit\u00e9 ni position commune. Plus que jamais, les conditions d\u2019existence, de subsistance, de protection, d\u2019exposition, le rapport au travail, aux territoires et aux statuts constituent des capacit\u00e9s de description des \u00e9v\u00e9nements diff\u00e9renci\u00e9es et asym\u00e9triques. Difficile d\u00e8s lors de savoir, d\u2019avance, o\u00f9 et comment la pand\u00e9mie nous situe. Pour tous ceux que colonisation, destructions et r\u00e9formes des syst\u00e8mes de protection et capitalisme n\u2019ont jamais \u00e9pargn\u00e9s, elle aggrave, radicalise et complique des quotidiens d\u00e9j\u00e0 largement v\u00e9cus sous le signe de l\u2019urgence de la survie, de la d\u00e9brouille et de la violence end\u00e9mique. Pour la part de ceux dont l\u2019horizon assur\u00e9 est donn\u00e9 par une certaine tranquillit\u00e9 quotidienne sans avoir \u00e0 sentir que celle-ci d\u00e9pend historiquement de la mise en danger et de l\u2019exploitation d&rsquo;autrui, l&rsquo;aggravation de la catastrophe semble v\u00e9cue sous le prisme de la crise (\u00e9conomique, climatique, \u00e9thique, civilisationnelle, sociale, domestique, etc.). Entre ces deux p\u00f4les, nombreux sont aussi les groupes qui tentent de s\u2019arracher, par des stabilisations qu\u2019ils savent bien souvent pr\u00e9caires, \u00e0 l\u2019urgence de la survie.<\/p>\n<p>Que faire en temps de temp\u00eate\u00a0? D\u00e9crire ce qui nous est arriv\u00e9, en multipliant les prises, en les documentant. D\u00e9plier les probl\u00e8mes en cascade touchant des situations h\u00e9t\u00e9rog\u00e8nes. Diagnostiquer ce qui a fabriqu\u00e9 l\u2019impr\u00e9paration de nos pays et en saisir les prix. Voir au fond, \u00e0 partir des documents \u00e0 notre disposition ce que \u00ab\u00a0r\u00e9v\u00e8le\u00a0\u00bb Covid-19 par les chemins in\u00e9galitaires qu\u2019il se fraie.<\/p>\n<p><b>Le coronavirus contamine aujourd\u2019hui une plan\u00e8te profond\u00e9ment in\u00e9galitaire, marqu\u00e9e par des d\u00e9s\u00e9quilibres abyssaux entre le Sud global et le Nord global ont nos pays sont responsables.\u00a0<\/b>Il est d\u00e9j\u00e0 la figure d\u2019autres catastrophes \u00e0 venir. Contrairement \u00e0 nous, il frappe aveugl\u00e9ment. En soi, il est indiff\u00e9rent aux rapports de classe, de race et de genre<a class=\"external\" tabindex=\"-1\" href=\"https:\/\/blogs.mediapart.fr\/plis\/blog\/170420\/documenter-les-plis-de-covid-19-quelques-notes-propos-du-coronavirus#_ftn7\" target=\"_blank\" rel=\"noopener noreferrer\"><sup>[7]<\/sup><\/a>. Par contre, il circule \u00e0 travers les infrastructures existantes, il les mobilise \u00e0 son avantage et il les mord, les reconfigure. De cette fa\u00e7on, le Covid-19 tue selon une politique de la race, de la classe et du genre parfaitement identifiable m\u00eame si celle-ci se rejoue, \u00e0 chaque fois diff\u00e9remment selon les situations qu\u2019il rencontre. En effet, les degr\u00e9s d\u2019exposition aux risques sont, eux, hautement d\u00e9pendants de ces infrastructures et des rapports de domination qui les traversent (rapports de travail et situations diff\u00e9rentielles de confinement, acc\u00e8s aux mesures de protection<a class=\"external\" tabindex=\"-1\" href=\"https:\/\/blogs.mediapart.fr\/plis\/blog\/170420\/documenter-les-plis-de-covid-19-quelques-notes-propos-du-coronavirus#_ftn8\" target=\"_blank\" rel=\"noopener noreferrer\"><sup>[8]<\/sup><\/a>), avec des allers-retours \u00e9tonnants puisque y compris \u00ab ceux qui nous gouvernent\u00bb ont appris, certes selon des rythmes diff\u00e9rents, qu\u2019ils pouvaient \u00eatre contamin\u00e9s, que les strat\u00e9gies d\u2019immunisation usuelles (confort, espacements sociaux, indiff\u00e9rences, murs) sont en \u00e9chec du point de vue d\u2019une s\u00e9curit\u00e9 sanitaire qu\u2019ils s\u2019\u00e9taient gard\u00e9s par la production de formes-de-mort pour d\u2019autres expos\u00e9s, vuln\u00e9rabilis\u00e9s, abandonn\u00e9s, mal ou peu compt\u00e9s, etc<a class=\"external\" tabindex=\"-1\" href=\"https:\/\/blogs.mediapart.fr\/plis\/blog\/170420\/documenter-les-plis-de-covid-19-quelques-notes-propos-du-coronavirus#_ftn9\" target=\"_blank\" rel=\"noopener noreferrer\"><sup>[9]<\/sup><\/a>\u00a0et \u00e0 laquelle ils s\u2019\u00e9taient habitu\u00e9s. En effet, comme l\u2019\u00e9crit Norman Ajari, \u00ab\u00a0<i>L\u2019insensibilit\u00e9 est la capacit\u00e9 \u00e0 infliger des souffrances \u00e0 un autre humain, ou \u00e0 en \u00eatre t\u00e9moin, sans \u00e9prouver le moindre d\u00e9sir de les faire cesser ou de les diminuer. Il s\u2019agit, au sein de n\u2019importe quelle organisation sociale raciste, d\u2019une qualit\u00e9 pris\u00e9e pour ne pas dire indispensable<\/i>. La pand\u00e9mie touche en priorit\u00e9 les plus vuln\u00e9rables (Noirs, Arabes, Blancs sous-prol\u00e9taris\u00e9s \u00ab\u00a0d\u00e9class\u00e9s\u00a0\u00bb<a class=\"external\" tabindex=\"-1\" href=\"https:\/\/blogs.mediapart.fr\/plis\/blog\/170420\/documenter-les-plis-de-covid-19-quelques-notes-propos-du-coronavirus#_ftn10\" target=\"_blank\" rel=\"noopener noreferrer\"><sup>[10]<\/sup><\/a>) mais int\u00e8gre y compris des \u00e9lites qui se vivaient d\u00e9connect\u00e9es (qui ont organis\u00e9 leur existence coup\u00e9e de ceux qui ne b\u00e9n\u00e9ficient pas du m\u00eame degr\u00e9 de protection), y compris dans les milieux les plus prot\u00e9g\u00e9s, jusqu\u2019aux institutions imp\u00e9rialistes et coloniales qui avaient l\u2019habitude de frapper partout sans jamais en subir les cons\u00e9quences. D\u2019elles, nous pouvons dire, qu\u2019elles se retrouvent \u00ab coron\u00e9es<a class=\"external\" tabindex=\"-1\" href=\"https:\/\/blogs.mediapart.fr\/plis\/blog\/170420\/documenter-les-plis-de-covid-19-quelques-notes-propos-du-coronavirus#_ftn11\" target=\"_blank\" rel=\"noopener noreferrer\"><sup>[11]<\/sup><\/a>\u00a0\u00bb. M\u00eame les gouvernements les plus r\u00e9ticents (Johnson, Trump) d\u00e9clarent l\u2019\u00e9tat d\u2019urgence sanitaire.\u00a0<b>Nous d\u00e9clarons l\u2019\u00e9tat d\u2019urgence sociale.<\/b><\/p>\n<p><b>\u00a0<\/b><\/p>\n<p><b>Premi\u00e8re partie: Nos affects \u00e0 l\u2019\u00e9preuve d\u2019un \u00eatre pand\u00e9mique. (in)capacit\u00e9s de r\u00e9ponses<\/b><\/p>\n<h2>La voie de l\u2019insensibilit\u00e9<\/h2>\n<p><b>C\u2019est un regard d\u2019abord distant et arrogant qui s\u2019est pos\u00e9 sur la propagation du virus depuis Wuhan<\/b>, comme si les pand\u00e9mies \u00e9taient des ph\u00e9nom\u00e8nes dont nous serions immunis\u00e9s par le soi-disant Progr\u00e8s de notre temps lin\u00e9aire ainsi que par la s\u00e9paration g\u00e9ographique fantasm\u00e9e avec des mondes, entre sur-\u00eatre<a class=\"external\" tabindex=\"-1\" href=\"https:\/\/blogs.mediapart.fr\/plis\/blog\/170420\/documenter-les-plis-de-covid-19-quelques-notes-propos-du-coronavirus#_ftn12\" target=\"_blank\" rel=\"noopener noreferrer\"><sup>[12]<\/sup><\/a>\u00a0et non \u00eatre pour paraphraser Fanon, dits \u00ab sous-d\u00e9velopp\u00e9s \u00bb, \u00ab en voie de d\u00e9veloppement \u00bb et d\u2019autres suppos\u00e9s \u00e0 la pointe du \u00ab d\u00e9veloppement \u00bb, ou encore relevant de pratiques alimentaires exotiques (mangeurs de chauve-souris). Une affaire de Chinois\u2026 Nous avons pari\u00e9 &#8211; ou nous avons fait mine de parier &#8211; sur la robustesse de nos infrastructures que nous savions pourtant fragilis\u00e9es par des d\u00e9cennies de n\u00e9o-lib\u00e9ralisme.<\/p>\n<p>Dans le courant du mois de janvier et jusqu\u2019\u00e0 la fin f\u00e9vrier, nous avons pu lire que le syst\u00e8me belge et sa \u00ab\u00a0m\u00e9decine de proximit\u00e9\u00a0\u00bb serait de nature \u00e0 mieux r\u00e9agir \u00e0 l\u2019\u00e9pid\u00e9mie si elle arrivait. Nous trouvions que, politiquement, le confinement \u00e0 la chinoise \u00e9tait sans doute le r\u00e9flexe autoritaire d\u2019un pays qui l\u2019est tout autant. Nous ajoutions aussi que le virus r\u00e9agirait tr\u00e8s certainement mal \u00e0 des printemps devenus plus chauds et secs. N\u2019avions-nous pas surr\u00e9agi \u00e0 la grippe H1N1\u00a0?<a class=\"external\" tabindex=\"-1\" href=\"https:\/\/blogs.mediapart.fr\/plis\/blog\/170420\/documenter-les-plis-de-covid-19-quelques-notes-propos-du-coronavirus#_ftn13\" target=\"_blank\" rel=\"noopener noreferrer\"><sup>[13]<\/sup><\/a>\u00a0Toutes ces raisons \u00e9taient sans doute en elles-m\u00eames recevables. Quelque chose arrive-t-il\u00a0? Comment\u00a0? Quelles sont les atouts d\u2019un espace politique pour y faire face\u00a0? Ce faisceau de raison permettait sans doute \u00e0 la Ministre de la Sant\u00e9 d\u2019affirmer d\u00e9but f\u00e9vrier, sans avoir alors l\u2019impression de choquer son auditoire, que nous aurions affaire, dans le pire des sc\u00e9narios \u00e0 une \u00ab\u00a0grosse grippe\u00a0\u00bb (cf. prise de parole lors du JT de la\u00a0 RTBF de Maggie De Block 7 f\u00e9vrier 2020).<\/p>\n<p>Mais ce r\u00e9cit de la complexit\u00e9, toujours prompt, en son nom, \u00e0 sauver les meubles, fait l\u2019impasse sur l\u2019\u00e9crasement a priori d\u2019autres sensibilit\u00e9s<a class=\"external\" tabindex=\"-1\" href=\"https:\/\/blogs.mediapart.fr\/plis\/blog\/170420\/documenter-les-plis-de-covid-19-quelques-notes-propos-du-coronavirus#_ftn14\" target=\"_blank\" rel=\"noopener noreferrer\"><sup>[14]<\/sup><\/a>. L\u2019OMS ne cessait de s\u2019inqui\u00e9ter, d\u00e8s janvier 2020, de l\u2019impr\u00e9paration de nombreux pays \u00e0 une pand\u00e9mie qu\u2019elle esp\u00e9rait encore \u00e9vitable aux conditions de mesures prises\u00a0: dans le langage d\u2019organisations internationales devant composer au milieu d\u2019int\u00e9r\u00eats divers, cet appel r\u00e9sonnait comme une mise en garde franche, \u00e0 moins bien s\u00fbr de consid\u00e9rer cette organisation comme trop volontiers \u00ab\u00a0alarmiste\u00a0\u00bb, voire trop influenc\u00e9e par les dirigeants chinois. Quant \u00e0 ceux des \u00e9pid\u00e9miologistes qui annon\u00e7aient 800.000 cas possibles en Belgique et des milliers de morts, il leur \u00e9tait renvoy\u00e9 le qualificatif \u00ab\u00a0d\u2019alarmiste\u00a0\u00bb, parfois en mobilisant l\u2019avis de m\u00e9decins non \u00e9pid\u00e9miologistes, d\u2019ailleurs\u00a0: puisque nous voyions le risque, nous nous en sortirions mieux. Les bateaux-croisi\u00e8res aux larges de l\u2019Oc\u00e9an Indien n\u2019avaient pas \u00e9t\u00e9 suffisants \u00e0 sonner l\u2019alarme quoiqu\u2019ils op\u00e9raient d\u00e9j\u00e0 un lien entre \u00ab\u00a0eux\u00a0\u00bb et \u00ab\u00a0nous\u00a0\u00bb, par l\u2019interm\u00e9diaire des loisirs de riches touristes, br\u00fblant les richesses acquises par l\u2019extractivisme\u00a0: leur mise en quarantaine a sembl\u00e9 inqui\u00e9tante mais suffisante, minimisant ainsi le pouvoir de ceux-l\u00e0 (comme plus tard ceux des vacanciers-skieurs) \u00e0 diss\u00e9miner covid-19<a class=\"external\" tabindex=\"-1\" href=\"https:\/\/blogs.mediapart.fr\/plis\/blog\/170420\/documenter-les-plis-de-covid-19-quelques-notes-propos-du-coronavirus#_ftn15\" target=\"_blank\" rel=\"noopener noreferrer\"><sup>[15]<\/sup><\/a>.<\/p>\n<p>Ce qu\u2019il nous faut pointer ici, ce n\u2019est pas tant le fait que les \u00e9v\u00e9nements donn\u00e8rent tort \u00e0 ces r\u00e9actions et de fait, certaines hypoth\u00e8ses n\u2019\u00e9taient sans doute pas si farfelues qu\u2019elles nous le semblent \u00e0 pr\u00e9sent (temp\u00e9ratures, climats, affaiblissement possible du virus, sp\u00e9cificit\u00e9s locales de vie d\u2019un virus, etc. peuvent de fait avoir une influence), non, ce qu\u2019il faut pointer, c\u2019est le caract\u00e8re syst\u00e9matique et orient\u00e9 visant \u00e0 faire taire tout ce qui pouvait nous rendre sensible, alors que cette sensibilit\u00e9 aurait pu s\u2019accompagner d\u2019une v\u00e9ritable pr\u00e9paration, au virus qui arrivait. Il s\u2019agit donc d\u2019en faire le diagnostic tant les m\u00eames op\u00e9rations qui ont pr\u00e9valu \u00e0 la minimisation peuvent tr\u00e8s bien devenir des mani\u00e8res de les absoudre au nom du mot d\u2019ordre refusant de juger le pass\u00e9 \u00e0 l\u2019aune du pr\u00e9sent. Il s\u2019agit donc de saisir maintenant certains des \u00e9l\u00e9ments qui ont rendu possibles cette r\u00e9action immunologique aux sensibilit\u00e9s exprim\u00e9es.<\/p>\n<p>Paradoxalement, les processus \u00e0 l\u2019\u0153uvre dans les pand\u00e9mies semblent \u00e9galement affaiblir les sensibilit\u00e9s qui permettraient de les combattre. Il ne s\u2019agit pas\u00a0 d\u2019une fatalit\u00e9 mais d\u2019une redoutable complication, amen\u00e9e \u00e0 se r\u00e9p\u00e9ter encore sous d\u2019autres modalit\u00e9s, comme elle r\u00e9p\u00e8te elle-m\u00eame de mani\u00e8re originale ce qui \u00e9tait d\u00e9j\u00e0 arriv\u00e9 \u00e0 d\u2019autres. De nouvelles pand\u00e9mies plus dangereuses encore que celle que nous subissons aujourd\u2019hui se pr\u00e9parent d\u00e9j\u00e0 \u00e0 l\u2019horizon du mod\u00e8le extractiviste et \u00e9cocide de \u00ab\u00a0plantation\u00a0\u00bb \u00e9conomique et de l\u2019\u00e9tat de nos institutions. Nous ne gagnerons pas la guerre contre le coronavirus &#8211; celle-ci n\u2019a d\u2019ailleurs aucun sens (on ne peut ni tuer ni exterminer un virus) &#8211; nous devons apprendre \u00e0 vivre avec ce micro-organisme mondial en organisant des formes transnationales de protection et d\u2019immunit\u00e9. Apr\u00e8s la crise actuelle, il est d\u00e9j\u00e0 certains que nous conna\u00eetrons d\u2019autres r\u00e9\u00e9mergences que ce soit du Covid-19 ou d\u2019autres maladies par saut d\u2019esp\u00e8ce desquels nous ne sommes pas immunis\u00e9s. Nos gouvernements d\u2019urgence (en Belgique on parle d\u2019un gouvernement \u00ab coronavirus\u00a0\u00bb d\u2019urgence) dans leurs courses \u00e0 l\u2019auto-confinement vivront encore d\u2019autres formes de contamination du fait des proximit\u00e9s inter-sp\u00e9cifiques de plus en plus grandes\u00a0: il n\u2019y a d\u2019ailleurs pas que la zoonose sauvage qui peut \u00e9merger\u00a0; les zoonoses domestiques ou industrielles (pensons aux productions en masse de viandes de poulet) ont d\u00e9j\u00e0 montr\u00e9 leur potentiel de production ou de propagation (grippe aviaire).<\/p>\n<h2>\u00catres pand\u00e9miques: milieux de conqu\u00eates.<\/h2>\n<p>L\u2019\u00e9mergence de microbes qui nous tuent ou affaiblissent des organisations sociales qui n\u2019en demandaient pas tant, n\u2019est pas neuve, que ceux-ci r\u00e9sultent des rencontres dues \u00e0 la chasse ou \u00e0 la cueillette ou de la production d\u2019un domus n\u00e9olithique et de son lot de commensaux (souris, rats, etc.). Mais le fait pand\u00e9mique n\u2019est pas anhistorique, pas plus qu\u2019il n\u2019est uniquement statistique ; il d\u00e9pend de la rencontre d\u2019un microbe particulier et d\u2019un mod\u00e8le imp\u00e9rial susceptible de connecter le monde de parts en parts. Les analyses g\u00e9n\u00e9alogiques des g\u00e9nomes des virus ou bact\u00e9ries pand\u00e9miques globales semblent en faire remonter les traces \u00e0 la Rome imp\u00e9riale (une variole, vraisemblablement, pour la peste antonine du 2e si\u00e8cle, peut-\u00eatre Ebola au 3e si\u00e8cle, puis peste bubonique avec ses rebonds de 540 au 8e si\u00e8cle), avec, combin\u00e9s \u00e0 des changements climatiques affectant l\u2019Empire, pour effets les fragilisations en cascades d\u2019\u00e9cosyst\u00e8mes et d\u2019\u00e9cologies politiques h\u00e9t\u00e9rog\u00e8nes mais connect\u00e9es au sein de l\u2019Empire<a class=\"external\" tabindex=\"-1\" href=\"https:\/\/blogs.mediapart.fr\/plis\/blog\/170420\/documenter-les-plis-de-covid-19-quelques-notes-propos-du-coronavirus#_ftn16\" target=\"_blank\" rel=\"noopener noreferrer\"><sup>[16]<\/sup><\/a>. L\u00e0 est l\u2019originalit\u00e9 de l\u2019\u00eatre pand\u00e9mique : de tels \u00eatres mettent \u00e0 l\u2019\u00e9preuve les temps de r\u00e9ponses politiques (lin\u00e9aire vs \u00e9v\u00e9nementiel)\u00a0; elles frappent \u00e9galement les diff\u00e9rents espaces et r\u00e9gimes politiques concern\u00e9s de mani\u00e8re plus ou moins sp\u00e9cifiques, \u00e0 partir de leurs faiblesses pour partie inattendues (routes ou marais, modalit\u00e9s de m\u00e9decine, prises en charge des morts, modes de subsistance, structure sociale). Depuis, l\u2019histoire des pand\u00e9mies s\u2019accompagne des histoires de Conqu\u00eates\u00a0: 1492 et le g\u00e9nocide am\u00e9rindien, circulations in\u00e9dites de microbes jusqu\u2019au c\u0153ur de l\u2019Afrique en font un compagnon mortel des histoires coloniales, avec leurs effets retours en m\u00e9tropole. Comment ne pas oublier non plus la d\u00e9forestation intensive, la destruction des \u00e9co-syst\u00e8mes, l\u2019action d\u00e9sastreuse des entreprises polluantes et destructrices de la biodiversit\u00e9.<\/p>\n<p>De ces op\u00e9rations de Conqu\u00eate se nourrissent les sentiments supr\u00e9macistes. Quelques mois avant l\u2019une des \u00e9pid\u00e9mies romaines les plus mortelles, les c\u00e9l\u00e9brations de l\u2019Empire allaient bon train\u00a0: tant d\u2019\u00e9l\u00e9phants, d\u2019ivoire, d\u2019esclaves, tant de peuples rendus subalternes ou int\u00e9gr\u00e9s&#8230; Ceci nous concerne. Bien plus tard, autour de 1492, quelques diff\u00e9rentiels d\u2019armement, de transport, de syst\u00e8me de circulation mon\u00e9taire (assurances-risques comme formes de capitalisation<a class=\"external\" tabindex=\"-1\" href=\"https:\/\/blogs.mediapart.fr\/plis\/blog\/170420\/documenter-les-plis-de-covid-19-quelques-notes-propos-du-coronavirus#_ftn17\" target=\"_blank\" rel=\"noopener noreferrer\"><sup>[17]<\/sup><\/a>) et de quelques techniques militaires ont permis les colonisations de l\u2019Afrique, des Indes et des Am\u00e9riques, favoris\u00e9 le commerce des esclaves, laiss\u00e9s entendre qu\u2019il en allait des progr\u00e8s de la civilisation, de l\u2019exploitation enfin fructueuse de terres et de temps. Le Capital les ont rendues d\u00e9sirables, en m\u00eame temps qu\u2019il grossissait \u00e0 des niveaux jamais atteints\u00a0; en Europe, les industries pouvaient soumettre des \u00e9l\u00e9ments qui, id\u00e9alement, n\u2019auraient plus qu\u2019\u00e0 bien se tenir. En tous les cas, est-ce cela qui \u00e9tait oppos\u00e9 par les mots et par la force, effets retour ici aussi, aux r\u00e9calcitrants.<\/p>\n<p>Il nous est impossible ici d\u2019en retracer toute la g\u00e9n\u00e9alogie mais il nous semble hautement improbable que ces charges historiques n\u2019aient aucun rapport avec la mani\u00e8re par lesquelles les \u00e9lites \u00e9conomiques, politiques et culturelles de nos pays, ou celles et ceux qui s\u2019en inspirent, penchent le plus souvent du c\u00f4t\u00e9 d\u2019un sentiment d\u2019immunit\u00e9. La force des int\u00e9r\u00eats \u00e9conomiques ou politiques ne suffisent pas \u00e0 en rendre compte\u00a0: ces int\u00e9r\u00eats coulent par et dans des affects qui, d\u2019ailleurs, peuvent ensuite sembler voiler leurs yeux ou devenir \u00ab\u00a0contradictoires\u00a0\u00bb y compris du point de vue de ces int\u00e9r\u00eats (crise financi\u00e8re \u00e0 venir du COVID19, risques de d\u00e9stabilisation politique). Ceci ne les emp\u00eache pas, bien entendu, d\u2019y trouver des voies de recomposition.<\/p>\n<p>Il nous semble aujourd\u2019hui, apr\u00e8s plus de trois semaines de confinement (en date du 15 avril 2020), invraisemblable de ne pas relever, \u00e0 un rang \u00e9lev\u00e9 dans ceux qui ont fait l\u2019inaction ou les sentiments d\u2019assurances, cet \u00e9trange sentiment de protection que dont l\u2019Europe s\u2019est sentie par\u00e9e, ici par rapport \u00e0 la Chine sur qui nous avions l\u2019habitude de projeter nos angoisses \u00e9pid\u00e9miques. Un sentiment d\u2019une sup\u00e9riorit\u00e9 immunitaire acquise (\u00e0 toutes \u00e9preuves) s\u2019est notamment traduit dans nos soci\u00e9t\u00e9s occidentales par une sinophobie end\u00e9mique qui s\u2019est exprim\u00e9e, dans le courant du mois de f\u00e9vrier, aussi bien dans des actes de violence ou de s\u00e9gr\u00e9gation, que par des blagues racistes ou, de nos jours encore, dans des th\u00e9ories complotistes.<\/p>\n<p>Comment ne pas le porter aux comptes de ce qui nous a rendu incapables d\u2019anticiper la venue du Coronavirus en Europe et d\u2019ainsi \u00e9viter d\u2019autres milliers de morts. C\u2019est important de le poser comme ce que les p\u00e9nalistes nomment \u00ab\u00a0contexte<a class=\"external\" tabindex=\"-1\" href=\"https:\/\/blogs.mediapart.fr\/plis\/blog\/170420\/documenter-les-plis-de-covid-19-quelques-notes-propos-du-coronavirus#_ftn18\" target=\"_blank\" rel=\"noopener noreferrer\"><sup>[18]<\/sup><\/a>\u00a0\u00bb, d\u2019autant que les questions d\u2019affects, coloniales et raciales peinent \u00e0 exister au sein des universit\u00e9s francophones. Or, cette question est celle qui permet de tracer l\u2019histoire de nos (in)sensibilit\u00e9s. Pour le dire autrement, par sinophobie r\u00e9sultante, supr\u00e9matisme et habituation \u00e0 l\u2019insensibilit\u00e9 rendent invisibles un fait fondamental : la zoonose (transmission d\u2019un virus par saut d&rsquo;esp\u00e8ce) sauvage sort et sortira de plus en plus des plis de la terre au fil des op\u00e9rations extractivistes auxquelles nous sommes reli\u00e9s, \u00e0 des degr\u00e9s in\u00e9gaux, pour mener nos vies : directement, par contacts des travailleurs de l\u2019extraction avec de nouveaux microbes et indirectement, par d\u00e9structuration des \u00e9cosyst\u00e8mes et des modes de vie affect\u00e9s, oblig\u00e9s de modifier ou d\u2019intensifier des modes de subsistances dangereux. A celles-ci s\u2019ajoutent les op\u00e9rations industrielles impliquant des \u00e9changes intersp\u00e9cifiques entre humains et non humains fragilis\u00e9s dans ce travail (les \u00e9levages intensifs de poulet, par exemple).<\/p>\n<p>C\u2019est d\u2019ailleurs cette (in)sensibilit\u00e9 qui se prolonge aussi au rang des r\u00e9cits comparatifs des premi\u00e8res semaines de l\u2019\u00e9pid\u00e9mie en Belgique. La crise sanitaire actuelle et son caract\u00e8re in\u00e9dit de par sa forte propagation aux pays occidentaux a eu comme effet de recouvrir la m\u00e9moire des \u00e9pid\u00e9mies r\u00e9centes, minoritaires ou non occidentales. Si\u00a0<i>La Peste\u00a0<\/i>, roman ethnocentr\u00e9<a class=\"external\" tabindex=\"-1\" href=\"https:\/\/blogs.mediapart.fr\/plis\/blog\/170420\/documenter-les-plis-de-covid-19-quelques-notes-propos-du-coronavirus#_ftn19\" target=\"_blank\" rel=\"noopener noreferrer\"><sup>[19]<\/sup><\/a>\u00a0d\u2019Albert Camus est devenu le livre le plus vendu, les souvenirs des \u00e9pid\u00e9mies d\u2019Ebola<a class=\"external\" tabindex=\"-1\" href=\"https:\/\/blogs.mediapart.fr\/plis\/blog\/170420\/documenter-les-plis-de-covid-19-quelques-notes-propos-du-coronavirus#_ftn20\" target=\"_blank\" rel=\"noopener noreferrer\"><sup>[20]<\/sup><\/a>, comme des \u00e9pid\u00e9mies de coronavirus pr\u00e9c\u00e9dentes SRAS (2002-2003) ou du MERS (2013) ont \u00e9t\u00e9 largement refoul\u00e9s\u00a0; elles ne semblaient pas concerner nos propres vies. M\u00eame l\u2019\u00e9pid\u00e9mie de VIH, moins contagieuse mais \u00e0 ce jour plus mortelle, qui se caract\u00e9rise par un complexe effet-retour en Occident mais qui a d\u2019abord frapp\u00e9 l\u2019Afrique centrale (par l\u2019interm\u00e9diaire du travail forc\u00e9 belge et fran\u00e7ais, d\u2019apartheid urbains \u00e0 L\u00e9opoldville et Brazzaville, et de larges campagnes de vaccinations, motiv\u00e9es notamment par le maintien de la force de travail et la non contamination en retour des blancs \u00e0 la syphilis et au pian par exemple, mais pour les Noirs sans soin pour aiguilles et seringues<a class=\"external\" tabindex=\"-1\" href=\"https:\/\/blogs.mediapart.fr\/plis\/blog\/170420\/documenter-les-plis-de-covid-19-quelques-notes-propos-du-coronavirus#_ftn21\" target=\"_blank\" rel=\"noopener noreferrer\"><sup>[21]<\/sup><\/a>) peine \u00e0 populariser son histoire, \u00f4 combien sp\u00e9cifique, mais \u00f4 combien instructives<a class=\"external\" tabindex=\"-1\" href=\"https:\/\/blogs.mediapart.fr\/plis\/blog\/170420\/documenter-les-plis-de-covid-19-quelques-notes-propos-du-coronavirus#_ftn22\" target=\"_blank\" rel=\"noopener noreferrer\"><sup>[22]<\/sup><\/a>\u00a0(sans parler des \u00e9pid\u00e9mies de paludisme, des voyages atlantiques et esclavagistes de la fi\u00e8vre jaune, de trypanosomiase, etc.). Il en va de m\u00eame de la syphilis, ramen\u00e9e par Colomb \u00e0 Naples<a class=\"external\" tabindex=\"-1\" href=\"https:\/\/blogs.mediapart.fr\/plis\/blog\/170420\/documenter-les-plis-de-covid-19-quelques-notes-propos-du-coronavirus#_ftn23\" target=\"_blank\" rel=\"noopener noreferrer\"><sup>[23]<\/sup><\/a>, transmise dans toute l\u2019Europe imp\u00e9riale, soign\u00e9e par le vol de plantes am\u00e9rindiennes, puis vraisemblablement export\u00e9e en Afrique subsaharienne au 19e si\u00e8cle.<\/p>\n<p><b><i>Il nous faudra apprendre \u00e0 \u00e9couter ces histoires qui mettent en relation sciences sociales, biologie mol\u00e9culaire, bouleversements d\u2019\u00e9cosyst\u00e8mes et \u00e9pid\u00e9miologiques.<\/i><\/b><\/p>\n<h2>\u201cNe paniquez pas!\u201d: un insensible mot d\u2019ordre.<\/h2>\n<p>Ce que l\u2019insensibilit\u00e9 fait par rapport \u00e0 l\u2019ext\u00e9rieur, elle le fait aussi \u00e0 l\u2019int\u00e9rieur. La pand\u00e9mie le rend palpable. Pendant le d\u00e9sint\u00e9r\u00eat officiel de ce que disaient, ou finirent par dire<a class=\"external\" tabindex=\"-1\" href=\"https:\/\/blogs.mediapart.fr\/plis\/blog\/170420\/documenter-les-plis-de-covid-19-quelques-notes-propos-du-coronavirus#_ftn24\" target=\"_blank\" rel=\"noopener noreferrer\"><sup>[24]<\/sup><\/a>\u00a0des experts et m\u00e9decins Chinois comme Zhong Nanshan, et bien d\u2019autres, l\u2019on a continu\u00e9 \u00e0 croire, selon la morgue habituelle des modernisateurs, ou fait mine de croire par une sorte de panique froide, que ce qui arrivait aux autres, au-del\u00e0 des fronti\u00e8res \u00e9pargnerait l\u2019Europe du Nord. Ont \u00e9t\u00e9 ridiculis\u00e9s, chez nous aussi, celles et ceux qui en bas commen\u00e7aient \u00e0 s\u2019inqui\u00e9ter : les mamans, dont les paroles ont \u00e9t\u00e9 disqualifi\u00e9es comme autant de craintes de \u00ab\u00a0bonnes femmes\u00a0\u00bb, les hypocondriaques<a class=\"external\" tabindex=\"-1\" href=\"https:\/\/blogs.mediapart.fr\/plis\/blog\/170420\/documenter-les-plis-de-covid-19-quelques-notes-propos-du-coronavirus#_ftn25\" target=\"_blank\" rel=\"noopener noreferrer\"><sup>[25]<\/sup><\/a>, etc. \u00ab Ne paniquez pas\u00a0\u00bb a \u00e9t\u00e9 le seul mot d\u2019ordre des \u00e9lites europ\u00e9ennes pendant de longues semaines. Qui va oser ne pas serrer la main\u00a0? N\u2019est-il pas en train de paniquer \u00e0 la mani\u00e8re des dupes \u00e9ternels, de pauvres cr\u00e9dules\u00a0? Quant aux masques, il n\u2019en \u00e9tait pas question s\u2019il s\u2019agissait, y compris dans les institutions universitaires, de tenir son rang, sa ligne de conduite, dirait Goffman\u00a0? C\u2019est souvent le personnel administratif d\u2019ex\u00e9cution, f\u00e9minin notamment, qui a, le premier, exprim\u00e9 ses inqui\u00e9tudes et n\u2019a pas craint de \u00ab\u00a0c\u00e9der\u00a0\u00bb \u00e0 la panique.<\/p>\n<p>Et apr\u00e8s tout, \u00ab ne paniquez pas\u00a0\u00bb, vous les entrepreneurs, les travailleurs dans la force de l\u2019\u00e2ge, apr\u00e8s tout ce n\u2019\u00e9taient que des vieux qui semblaient concern\u00e9s ; des vieux ou des malades. Qui, parmi les \u00ab\u00a0jeunes\u00a0\u00bb en bonne sant\u00e9, ne s\u2019est pas senti rassur\u00e9 par ce terrible \u00e9nonc\u00e9 ? La mort en s\u00e9rie dans les homes s\u2019est d\u00e9roul\u00e9e sous nos yeux. Nous y reviendrons.<\/p>\n<p><b><i>Quel effroi de sentir que les a\u00een\u00e9s n\u2019auraient rien d\u2019important \u00e0 nous dire.<\/i><\/b><\/p>\n<p>Bien souvent, nous n\u2019avons eu d\u2019autre choix que d\u2019accorder, en pratique ou dans les \u00e2mes selon nos positions sociales diff\u00e9renci\u00e9es, cette confiance aveugle face au somnambulisme<a class=\"external\" tabindex=\"-1\" href=\"https:\/\/blogs.mediapart.fr\/plis\/blog\/170420\/documenter-les-plis-de-covid-19-quelques-notes-propos-du-coronavirus#_ftn26\" target=\"_blank\" rel=\"noopener noreferrer\"><sup>[26]<\/sup><\/a>\u00a0supr\u00e9matiste de nos gouvernants. Nous avons m\u00eame \u00e9t\u00e9 somm\u00e9s de le faire. Certains, conditionn\u00e9s \u00e0 ce que leur confort se paie au prix de la limite du vivable de l\u2019inconfort des autres\u00a0 \u2013 Pourquoi serait-ce donc diff\u00e9rent face \u00e0 une bact\u00e9rie\u00a0? \u2013 l\u2019ont accept\u00e9 avec plus d\u2019entrain que d\u2019autres. Quitte \u00e0 ne pas r\u00e9clamer de prises de dispositions politiques (masques, tests, renforcement hospitalier). En Belgique, les masques ont \u00e9t\u00e9 jusqu\u2019\u00e0 la mi-avril, par les gouvernements et leurs experts, qualifi\u00e9s \u00ab d\u2019inutiles \u00bb, \u00e0 r\u00e9server aux \u00ab malades \u00bb d\u00e9pist\u00e9s, les autres ne sachant de toutes les fa\u00e7ons pas \u00ab\u00a0s\u2019en servir\u00a0\u00bb.<\/p>\n<p>L\u2019opinion \u2013 c\u2019est-\u00e0-dire ce qui est construit comme ignorant, \u00e0 informer ou ici \u00e0 rassurer car il s\u2019agit de, versatile, s\u2019en m\u00e9fier \u2013 a \u00e9t\u00e9 d\u00e9courag\u00e9e de les porter\u00a0: \u00e9go\u00efstes, cr\u00e9dules en proie aux paniques, voire convertis aux comportements \u00ab\u00a0ridicules\u00a0\u00bb d\u2019Asie du Sud-Est \u00e9taient alors ceux qui ne les livraient pas au personnel soignant<a class=\"external\" tabindex=\"-1\" href=\"https:\/\/blogs.mediapart.fr\/plis\/blog\/170420\/documenter-les-plis-de-covid-19-quelques-notes-propos-du-coronavirus#_ftn27\" target=\"_blank\" rel=\"noopener noreferrer\"><sup>[27]<\/sup><\/a>. Sans doute leur usage \u00e9tait-il suspect\u00e9 de faire paniquer ceux qui en \u00e9taient d\u00e9pourvus. Ou cela revenait \u00e0 dire qu\u2019ils n\u2019auraient \u00e9t\u00e9 efficaces que lorsque l\u2019on serait capable de les produire en masse, en perspective d\u2019un d\u00e9confinement \u00e0 venir<a class=\"external\" tabindex=\"-1\" href=\"https:\/\/blogs.mediapart.fr\/plis\/blog\/170420\/documenter-les-plis-de-covid-19-quelques-notes-propos-du-coronavirus#_ftn28\" target=\"_blank\" rel=\"noopener noreferrer\"><sup>[28]<\/sup><\/a>.<\/p>\n<p>Nous avons pourtant \u00e9t\u00e9 t\u00e9moins, d\u00e8s avant le confinement et bien avant les retournements des discours experts, d\u2019abord chez ceux qui ruminaient ou n\u2019avaient pas l\u2019entrain des premiers \u00e0 accepter les \u00e9nonc\u00e9s gouvernementaux (\u201cNe paniquez pas!\u201d), de bricolages de gestes de protection collectives pendant que le gouvernement d\u00e9courageait le port du masque (\u201cIls ne sauront pas s\u2019en servir! \u00e7a ne sert \u00e0 rien!\u201d). Depuis, le port du masque est, par exemple, devenu une des conditions envisag\u00e9es au d\u00e9confinement\u00a0jusqu\u2019\u00e0 convertir ceux qui craignaient d\u2019\u00eatre qualifi\u00e9s de cr\u00e9dules. L\u2019a\u00e9rosolisation du virus semble pourtant avoir donn\u00e9 \u00e0 ces \u00ab\u00a0cr\u00e9dules\u00a0\u00bb, une bonne part de raison.<\/p>\n<p><b><i>Insensibilit\u00e9s supr\u00e9matistes, sentiments d\u00e9lirants d\u2019immunit\u00e9 vis-\u00e0-vis de non humains virus et m\u00e9pris pour les inquiets r\u00e9calcitrants marchent main dans la main. Retournement quand nous devons maintenant convenir que ces affaires avaient d\u00e9j\u00e0 le pouvoir de nous en apprendre, de mani\u00e8re utile pour tous.<\/i><\/b><\/p>\n<p>\u2026<\/p>\n<p><i>Aujourd\u2019hui, nous subissons les cons\u00e9quences, sans en payer l\u2019incommensurable prix, de plus de 500 ans de domination coloniale\u00a0<\/i>: insensibilit\u00e9s aux parts d\u2019histoires des points de vue colonis\u00e9s, m\u00e9pris pour la plupart des \u00eatres, humains et non humains qui habitent la terre, assignations de populations \u00e0 la limite de l\u2019\u00eatre et du non-\u00eatre. \u00ab Nous sommes ceux qui avons vaincu la peste\u00a0\u00bb constitue bien le cri d\u2019un Pyrrhus somnambule qui ne doute de rien, jamais de lui-m\u00eame. Et maintenant, on ne compte plus les appels modernisateurs promettant, au futur ant\u00e9rieur, le moment o\u00f9 l\u2019on aura vaincu COVID-19, sur le m\u00e9pris des morts et des humiliations pr\u00e9sentes s\u2019ajoutant \u00e0 celles, pass\u00e9es. Mais c\u2019est aussi au nom de celles et ceux qui se sont montr\u00e9s sensibles, qui, de mani\u00e8res rapides ont exprim\u00e9s craintes puis plaintes, qu\u2019il s\u2019agira de retracer les sites de responsabilit\u00e9s. Ceux-ci sont multiples.<\/p>\n<p>Nous ne pouvons pas demander des comptes, opposer et\/puis imaginer \u00e0 partir de rien ou seulement \u00e0 partir des seules revendications g\u00e9n\u00e9rales comme si toutes et tous nous \u00e9tions touch\u00e9s de la m\u00eame mani\u00e8re, comme si nous \u00e9tions attach\u00e9s aux m\u00eames territoires. Nous ne pourrons le faire qu\u2019\u00e0 partir du diagnostic, notamment issu des plaintes pr\u00e9cises que COVID-19 fait litt\u00e9ralement exploser. Il s\u2019agit ici de documenter ces situations, de permettre \u00e0 ces plaintes de continuer \u00e0 exister d\u00e8s maintenant et dans les op\u00e9rations de d\u00e9confinement et leurs vell\u00e9it\u00e9s de retour \u00e0 la normale, lorsqu\u2019il s\u2019agira de demander des comptes et\/ou d\u2019imaginer des transformations sociales sur base de celles que COVID-19 a aussi rendu possibles. Si tout n\u2019a pas \u00e9t\u00e9 \u00ab\u00a0pour le pire\u00a0\u00bb, c\u2019est en vertu de r\u00e9actions diff\u00e9renci\u00e9es et parfois surprenantes<a class=\"external\" tabindex=\"-1\" href=\"https:\/\/blogs.mediapart.fr\/plis\/blog\/170420\/documenter-les-plis-de-covid-19-quelques-notes-propos-du-coronavirus#_ftn29\" target=\"_blank\" rel=\"noopener noreferrer\"><sup>[29]<\/sup><\/a>.<\/p>\n<p>Il n\u2019y a pas, cela se saurait, une grande classe homog\u00e8ne d\u00e9j\u00e0 pr\u00eate \u00e0 la lutte mais des gens diversement affect\u00e9s et attach\u00e9s. D\u2019ici et en en passant et jusqu\u2019\u00e0 des continents diff\u00e9rents. Aux prix d\u2019humiliations diff\u00e9rentes. Tout ceci ne s\u2019articulera pas si on ne prend pas le temps de les \u00e9noncer, de les d\u00e9crire pr\u00e9cis\u00e9ment car on ne pourra pas se passer de ces diagnostics. Ne faisons pas semblant d&rsquo;\u00eatre dans le m\u00eame bateau de la m\u00eame mani\u00e8re. Les plaintes qui remontent au contact de COVID-19 n\u2019exigent pas toutes le m\u00eame traitement. Parmi tous les opposants au capitalisme, nos exigences de changements sont diff\u00e9rentes car elles se vivent depuis des situations h\u00e9t\u00e9rog\u00e8nes.<\/p>\n<p>C\u2019est le sens que nous donnons ici au terme de \u00ab\u00a0dol\u00e9ances\u00a0\u00bb. Ce terme recouvre plusieurs propositions politiques, \u00e0 commencer par celles qui font r\u00e9f\u00e9rence aux derniers \u00ab\u00a0Etats G\u00e9n\u00e9raux\u00a0\u00bb de 1789 r\u00e9unis par Louis XVI\u00a0: l\u00e0 ce dispositif de l\u2019Ancien R\u00e9gime intensifia, bouts par bouts, une situation qui allait rapidement devenir r\u00e9volutionnaire. Il semblerait que le pr\u00e9sident Macron l\u2019ait mobilis\u00e9 quand, en r\u00e9ponse au mouvement des Gilets Jaunes, il proposa de sillonner les conf\u00e9rences nationales qu\u2019il organisait autour de questions g\u00e9n\u00e9rales. On y recueille alors des avis\u00a0; une proposition et \u00ab\u00a0en m\u00eame temps\u00a0\u00bb la proposition contraire\u00a0; puis le destinataire pr\u00e9sidentiel propose la synth\u00e8se de ces \u00e9coutes \u00ab\u00a0en m\u00eame temps\u00a0\u00bb. Ce n\u2019est pas le sens que nous proposons et ce n\u2019est pas ce qui convient \u00e0 COVID-19. COVID est ce qui arrive\u00a0; il produit des effets. Au rang de ces effets se diffusent des plaintes qui existaient d\u00e9j\u00e0. Elles existaient mais \u00e0 l\u2019\u00e9tat de simples \u00ab\u00a0faits divers\u00a0\u00bb. Des d\u00e9buts d\u2019enqu\u00eates se publicisent\u00a0posant la question de ce qui arrive, de comment on en arrive l\u00e0, de quels sites de responsabilit\u00e9 cela d\u00e9pend. C\u2019est alors que les \u00ab\u00a0faits divers\u00a0\u00bb raisonnent autrement. Nos sciences sociales sont susceptibles d\u2019amplifier ces terrains qui naissent litt\u00e9ralement si nous consid\u00e9rons enfin que les terrains ne sont pas disponibles mais se relaient \u00e0 partir de ces cris et de ces id\u00e9es, voire de ces micro-transformations, en en prolongeant la port\u00e9e de ceux auxquels nous pouvons nous rendre sensibles. C\u2019est parce qu\u2019il y a relai que le terrain ne peut \u00eatre d\u00e9limit\u00e9 \u00e0 l\u2019avance pas plus qu\u2019il ne se pr\u00eate, par avance \u00e0 tel ou tel arsenal d\u2019hypoth\u00e8ses pr\u00e9alables qui auraient d\u00e9j\u00e0 pli\u00e9 le jeu.<\/p>\n<p>Faire enqu\u00eate de ce qui empoisonne maintenant, documenter les situations, y compris les propositions alternatives qui les habitent, permettra peut-\u00eatre de contribuer \u00e0 faire sentir par quoi l\u2019on est tenu, ce qui, pr\u00e9cis\u00e9ment rel\u00e8ve de l\u2019intol\u00e9rable en vertu de quoi et pour qui, avec quels moyens de r\u00e9solution ou de r\u00e9paration. Des dol\u00e9ances pour rassembler, constituer des mat\u00e9riaux, porter plaintes, exiger des comptes, r\u00e9seaux par r\u00e9seaux, segments par segments. Plaintes et responsabilit\u00e9s sans lesquelles, l\u2019enqu\u00eate ne resterait qu\u2019une folle abstraction, sur le dos des morts, des malades, des expos\u00e9s. Nous allons maintenant tenter, \u00e0 partir de ce que nous avons d\u00e9j\u00e0 re\u00e7u, un premier recensement de ces \u00e9preuves, incomplet, n\u00e9cessitant \u00e0 chaque fois plus de pr\u00e9cisions que ce que nous rapportons, n\u00e9cessitant aussi l\u2019ouverture d\u2019autres chapitres.<\/p>\n<p><b><i>Il est temps, le Covid-19 est venu sonner l\u2019alarme.\u00a0\u00a0\u00a0\u00a0<\/i><\/b><\/p>\n<p><b>\u00a0\u00a0 \u00a0<\/b><br \/>\n<b>Deuxi\u00e8me partie<\/b>:\u00a0<b>\u00c9preuves et documents.<\/b><\/p>\n<h2>Traitements\u00a0: des lointains pas si lointains.<\/h2>\n<h3>\u00c9preuves de la pand\u00e9mie dans une ville postcoloniale<\/h3>\n<p>L\u2019 \u00ab\u00a0opinion \u00bb n\u2019est pas, \u00e0 Bruxelles et dans les villes belges, homog\u00e8ne. Nos villes sont travers\u00e9es de territoires interconnect\u00e9s par-del\u00e0 le territoire national : il est aujourd\u2019hui crucial d\u2019en prendre la mesure. Avons-nous id\u00e9e de ce que ces histoires charrient ?<\/p>\n<p>Les descendants des colonies belges \u00e9prouvent la pand\u00e9mie, non comme une nouveaut\u00e9 mais comme un retour de sc\u00e9narios d\u00e9j\u00e0 \u00e9prouv\u00e9s. La propagation du virus en Afrique est relay\u00e9e sous la forme apocalyptique de la \u00ab chronique d\u2019une mort annonc\u00e9e\u00a0\u00bb, avant peut-\u00eatre de se mettre \u00e0 craindre des effets retours venus de ces migrations. En t\u00e9moigne le sort r\u00e9serv\u00e9 aux binationaux Rwandais, Marocains ou Burundais ou aux Belges d\u2019origine congolaise pr\u00e9sents sur le continent africain. Si les citoyens belges ont \u00e9t\u00e9 tr\u00e8s rapidement rapatri\u00e9s, parfois en jouant des coudes diplomatiques, comme s\u2019il s\u2019agissait du \u00ab corps sacr\u00e9\u00a0\u00bb de la nation, l\u2019Etat ne s\u2019est pas press\u00e9. Il a fallu attendre le 13 avril 2020 pour que les 38 binationaux Belges et Burundais soient rapatri\u00e9s<a class=\"external\" tabindex=\"-1\" href=\"https:\/\/blogs.mediapart.fr\/plis\/blog\/170420\/documenter-les-plis-de-covid-19-quelques-notes-propos-du-coronavirus#_ftn30\" target=\"_blank\" rel=\"noopener noreferrer\"><sup>[30]<\/sup><\/a>\u00a0et plus encore pour les Belgo-Marocains. De mani\u00e8re plus g\u00e9n\u00e9rale, ce sont les inqui\u00e9tudes des Afrodescendants face \u00e0 Covid qu\u2019il s\u2019agit de s\u2019int\u00e9resser aussi, inqui\u00e9tudes diasporiques qui concernent d\u00e8s lors \u00e9galement ce qui se passe sur le Continent. Nous risquons sans cela, &#8211; nous pouvons maintenant l\u2019\u00e9prouver plus directement qu\u2019hier -, d\u2019en payer tous, les cons\u00e9quences.<\/p>\n<p>Or sur base de d\u2019exp\u00e9riences \u00e9pid\u00e9miques ant\u00e9rieures (Ebola, VIH, paludisme, tuberculose, etc.) dont les r\u00e9cits nous ont tant manqu\u00e9, les diff\u00e9rents pays africains se pr\u00e9parent et, contrairement \u00e0 ce que nous avons fait, anticipent pour certains<a class=\"external\" tabindex=\"-1\" href=\"https:\/\/blogs.mediapart.fr\/plis\/blog\/170420\/documenter-les-plis-de-covid-19-quelques-notes-propos-du-coronavirus#_ftn31\" target=\"_blank\" rel=\"noopener noreferrer\"><sup>[31]<\/sup><\/a>, mais manquent cruellement d\u2019outils de d\u00e9pistage et de soin<a class=\"external\" tabindex=\"-1\" href=\"https:\/\/blogs.mediapart.fr\/plis\/blog\/170420\/documenter-les-plis-de-covid-19-quelques-notes-propos-du-coronavirus#_ftn32\" target=\"_blank\" rel=\"noopener noreferrer\"><sup>[32]<\/sup><\/a>, contrairement aux institutions chinoises. Nous ne savons pas, aujourd\u2019hui, ce que sera le destin de la pand\u00e9mie en Afrique mais nous avons \u00e0 prendre les inqui\u00e9tudes des concern\u00e9s au s\u00e9rieux.<\/p>\n<p>Avec la crise sanitaire mondiale, les d\u00e9s\u00e9quilibres Nord-Sud sont en train d\u2019atteindre un degr\u00e9 in\u00e9dit. Le monde s\u2019est lanc\u00e9 nous dit-on dans une course aux traitements ou vaccins. L\u2019investissement budg\u00e9taire est parfois soudain et colossal (des milliards de dollars aux USA, par exemple), laissant entendre que le lien entre financement et r\u00e9ussite serait m\u00e9canique.<\/p>\n<h3>Vaccins et traitements: des controverses \u00e0 compliquer<\/h3>\n<p>Le vaccin suppose de conna\u00eetre l\u2019agent pathog\u00e8ne, de comparer des potentiels candidats et de proc\u00e9der \u00e0 des essais sur de vastes populations : 1000 dollars par Am\u00e9ricains ou Europ\u00e9ens cobaye, nettement moins en Afrique, raison pour laquelle sans doute, au nom de syst\u00e8mes de sant\u00e9 affaiblis, des voix cherchent \u00e0 les tester, l\u00e0. Se pose donc s\u00e9rieusement la question de savoir sur qui serait test\u00e9 le vaccin du BCG contre le coronavirus<a class=\"external\" tabindex=\"-1\" href=\"https:\/\/blogs.mediapart.fr\/plis\/blog\/170420\/documenter-les-plis-de-covid-19-quelques-notes-propos-du-coronavirus#_ftn33\" target=\"_blank\" rel=\"noopener noreferrer\"><sup>[33]<\/sup><\/a>\u00a0si l\u2019on ne veut pas perp\u00e9tuer le geste de faire \u00e0 nouveau des populations africaines des populations-tests, r\u00e9v\u00e9lant, mais cette fois au vu et au su de tous, l\u2019envers obscur des politiques de la modernit\u00e9 hygi\u00e9nique : logiques raciales, appareillage coercitif ou dissuasif, exposition et exploitation des corps vils<a class=\"external\" tabindex=\"-1\" href=\"https:\/\/blogs.mediapart.fr\/plis\/blog\/170420\/documenter-les-plis-de-covid-19-quelques-notes-propos-du-coronavirus#_ftn34\" target=\"_blank\" rel=\"noopener noreferrer\"><sup>[34]<\/sup><\/a>\u00a0dans une perspective de (re)mise en ordre du monde. La question des conditions de ce que l\u2019on ferait l\u00e0-bas, ne peut que revenir violemment ici, par le Sud du Nord. Eviter l\u2019humiliation et la damnation l\u00e0-bas serait peut-\u00eatre une mani\u00e8re de ne pas rendre impossible les articulations minimales des villes europ\u00e9ennes et de leurs habitants.<\/p>\n<p>Par ailleurs, s\u2019il ne s\u2019agit pas de nier les effets b\u00e9n\u00e9fiques possibles des vaccins, l\u2019id\u00e9e d\u2019un miracle vaccinal risque d\u2019entretenir le r\u00eave d\u2019une immunit\u00e9 r\u00e9serv\u00e9e, simplement parce que sa production en masse risque bien de ne s\u2019adresser qu\u2019aux gouvernements pouvant se le payer. L\u2019une des caract\u00e9ristiques d\u2019un vaccin est en effet son caract\u00e8re cibl\u00e9 et sp\u00e9cifique, d\u2019autant plus susceptible d\u2019\u00eatre brevet\u00e9 par l\u2019une des nombreuses spin-off ou par les laboratoires pharmaceutiques qui en ach\u00e8teraient la formule.<\/p>\n<p>Cette derni\u00e8re remarque concerne \u00e9galement les traitements. Traiter une maladie ne signifie pas n\u00e9cessairement une r\u00e9ussite totale et garantie mais des formes d\u2019am\u00e9lioration possible. Une autre possibilit\u00e9, en r\u00e9alit\u00e9 concurrente (d\u2019autres acteurs sont concern\u00e9s), est donc de tester des traitements qui amoindrissent la charge virale, plus efficace a priori en d\u00e9but d\u2019infection. Ceci suppose d\u2019avoir les capacit\u00e9s de d\u00e9pistage ; le plus t\u00f4t aurait \u00e9t\u00e9 le mieux. Il s\u2019agit par exemple de la chloroquine que l\u2019on pourrait produire \u00e0 relativement grande \u00e9chelle ou du Remdesivir.<\/p>\n<p>La chloroquine (Cette partie a \u00e9t\u00e9 r\u00e9\u00e9dit\u00e9e le 24 avril 2020. Le recul permet de resserrer l\u2019argument \u00e0 ce qui en \u00e9tait l\u2019essentiel\u00a0: la n\u00e9cessit\u00e9 de repenser la question de la v\u00e9rit\u00e9 des soins.), administr\u00e9e en d\u00e9but de maladie, aurait, \u00e0 certaines conditions de prudence, des effets. Son administration est bloqu\u00e9e, non seulement par le manque de tests de d\u00e9pistage, mais aussi par l\u2019\u00e9trange habitude d\u2019homologuer les m\u00e9dicaments, quelle que soit la maladie, selon les protocoles \u00ab en double aveugle\u00a0\u00bb. Cet argument &#8211; n\u2019est vrai que ce qui passe la rampe de cette chasse aux placebos &#8211;\u00a0\u00a0 renforce le pouvoir conventionnel des grands laboratoires s\u2019arrogeant, contre d\u2019autres praticiens, le droit exclusif de la \u00ab v\u00e9rit\u00e9\u00bb (lucrative) du soin \u2013 les tests en double aveugle sont la signature-s\u00e9rieux que peuvent se payer de grandes entreprises contre d\u2019autres &#8211; , se fait au m\u00e9pris d\u2019une analyse pragmatique de ce qui arrive aux cohortes de patients \u00e0 l\u2019h\u00f4pital en situation pand\u00e9mique<a class=\"external\" tabindex=\"-1\" href=\"https:\/\/blogs.mediapart.fr\/plis\/blog\/170420\/documenter-les-plis-de-covid-19-quelques-notes-propos-du-coronavirus#_ftn2\" target=\"_blank\" rel=\"noopener noreferrer\"><sup>[2]<\/sup><\/a>, \u00e0 propos de maladies infectieuses dont on peut contr\u00f4ler l\u2019\u00e9volution de la charge virale. Qu\u2019il y ait pu avoir, dans un premier temps (janvier, par exemple) des doutes sur un traitement en Chine comme en Europe n\u2019est pas en soi une mauvaise nouvelle mais qu\u2019apr\u00e8s l\u2019obtention de r\u00e9sultats cliniques (disponibles d\u00e8s f\u00e9vrier, en mars), certes partiels une condamnation\u00a0<i>a priori\u00a0<\/i>soit jet\u00e9e sur un traitement au nom de l\u2019absence d\u2019\u00e9tude randomis\u00e9e renvoie des virologues de Chine (Chen Caixian), mais aussi de France (Raoult),\u00a0<i>a priori<\/i>\u00a0au placard des \u00ab charlatans \u00bb, c\u2019est-\u00e0-dire des figures accus\u00e9es d\u2019entretenir la cr\u00e9dulit\u00e9 des opinions. Le double aveugle n\u2019est pas tenable, contrairement bien entendu aux suivis des cohortes de traitement, \u00e0 la recherche de pr\u00e9cision des usages, \u00e0 son adoption conditionn\u00e9e ou \u00e0 sa mise \u00e0 l\u2019\u00e9cart progressive. Face \u00e0 un nouveau virus pand\u00e9mique, c\u2019est de cela que nous avons besoin. Ajoutons encore que la peur d\u2019avoir tort a sembl\u00e9 l\u2019emporter, dans les discours du moins, sur le risque d\u2019avoir soign\u00e9.<\/p>\n<p><b><i>Plut\u00f4t que de faire porter le destin du soin sur une forme de v\u00e9rit\u00e9 mal copi\u00e9e des sciences exp\u00e9rimentales qui s\u2019effectue sur la disqualification d\u2019une exp\u00e9rience de la maladie consid\u00e9r\u00e9e comme trop subjective, singuli\u00e8re, situ\u00e9e (au risque d\u2019abandonner des formes de traitement souvent vitales), ne s\u2019agit-il pas \u00e9couter davantage tous les praticiens du soin des maladies infectieuses \u00a0?<a class=\"external\" tabindex=\"-1\" href=\"https:\/\/blogs.mediapart.fr\/plis\/blog\/170420\/documenter-les-plis-de-covid-19-quelques-notes-propos-du-coronavirus#_ftn3\" target=\"_blank\" rel=\"noopener noreferrer\"><sup>[3]<\/sup><\/a><\/i><\/b><\/p>\n<p>En temps de pand\u00e9mie, l\u2019\u00e9pist\u00e9mologie du m\u00e9pris est co\u00fbteuse en temps et le temps, co\u00fbteux en morts. L\u2019enqu\u00eate pourra se contenter ici de retracer les chemins de la surdit\u00e9 autant que les voies des \u00e9vidences \u00e9pist\u00e9mologiques des Etats et de l\u2019industrie. Mais elle devra le faire en comparant les modes de r\u00e9action diff\u00e9renci\u00e9es d\u2019un pays (la France) \u00e0 d\u2019autres (le Maroc, par exemple, qui prescrit la chloroquine, en l\u2019absence de tests, sur base de diagnostics cliniques).<\/p>\n<p>En tout \u00e9tat de cause, la concurrence fait prolif\u00e9rer les techniques mais restera la question de savoir sur quels groupes \u00e9pid\u00e9miologiques elles seront majoritairement profil\u00e9es (sp\u00e9cificit\u00e9s biologiques et sociales<a class=\"external\" tabindex=\"-1\" href=\"https:\/\/blogs.mediapart.fr\/plis\/blog\/170420\/documenter-les-plis-de-covid-19-quelques-notes-propos-du-coronavirus#_ftn37\" target=\"_blank\" rel=\"noopener noreferrer\"><sup>[37]<\/sup><\/a>), pour quels genres d\u2019acheteurs, au nom de quels brevets ? Seront-ils biens communs\u00a0? Qu\u2019en est-il des r\u00e9seaux de laboratoires et d\u2019\u00e9changes internationaux de savoirs qu\u2019ils n\u00e9cessitent ? Symptomatique \u00e0 cet \u00e9gard, la course \u00e0 la chloroquine, d\u00e9riv\u00e9 de la quinine, export\u00e9e suite \u00e0 la colonisation des Indes Am\u00e9ricaines (\u00e9corce de Quinquina, P\u00e9rou), m\u00e9dicament utilis\u00e9 dans le traitement du paludisme en Afrique. Soigner le coronavirus \u00e0 la chloroquine impliquerait une diminution des stocks du produit. En l\u2019absence de prise en compte de ce que la chloroquine soigne par ailleurs (le paludisme en Afrique, par exemple), l\u2019OMS redoute qu\u2019elle soit utilis\u00e9e avant tout par les pays riches, au d\u00e9triment du continent africain. Or la commercialisation th\u00e9rapeutique de la chloroquine, par exemple, d\u00e9pend des capacit\u00e9s industrielles et des politiques de brevets appuy\u00e9es sur la propri\u00e9t\u00e9 priv\u00e9e des savoirs.<\/p>\n<p>Une association \u00e9tonnante entre ONG, Etat sud-africain, associations de s\u00e9ropositifs, tenants des logiciels libres, universitaires et chercheurs avaient r\u00e9ussi \u00e0 rouvrir cette fatale bo\u00eete noire, \u00e0 propos de la production des anti-r\u00e9troviraux g\u00e9n\u00e9riques dans le cadre de la lutte contre le SIDA.<\/p>\n<p><b><i>Il est urgent en ces temps de pand\u00e9mie, d\u2019apprendre \u00e0 \u00e9couter les propositions de ceux qui cherchent \u00e0 d\u00e9jouer les logiques de Big Pharma. Articuler \u00e9pist\u00e9mologie des traitements et connexions internationales semble cette fois n\u00e9cessaire plut\u00f4t que \u00ab\u00a0charitable\u00a0\u00bb. Ces r\u00e9ponses n\u00e9cessitent que l\u2019enqu\u00eate articule ici des acteurs de continents et de pratiques diff\u00e9rentes, allers-retours dont les diasporas sont expertes\u00a0! Des moyens de recherches pluridisciplinaires doivent y \u00eatre consacr\u00e9s.<\/i><\/b><\/p>\n<h2>COVID-19 et les fronti\u00e8res de l\u2019Europe : une insensibilit\u00e9 \u00e0 fissurer.<\/h2>\n<h3>Une urgence absolue: d\u00e9semmurer!<\/h3>\n<p>Partout ailleurs, il est \u00e0 craindre que les mesures de confinement, en l\u2019absence de d\u00e9pistages et de traitements, ne se traduisent, par un renforcement des fronti\u00e8res internes et externes \u00e0 l\u2019Europe. Frontex tue, tant et plus. C\u2019est inefficace en termes de luttes contre une pand\u00e9mie mais susceptible de r\u00e9activer un sens hygi\u00e9niste au national-nativisme. Pour l\u2019extr\u00eame-droite, la suspension de l\u2019espace Schengen devient une occasion d\u2019accomplire le geste souverainiste (pour le Vlaams Belang, l\u2019incurie sanitaire n\u00e9o-lib\u00e9rale, \u00e0 travers la propagande sur la fermeture de centres croix-rouge au \u201cprofit\u201d de logements pour migrants, r\u00e9active le vieux slogan souverainiste \u201cprot\u00e9gez nos gens d\u2019abord). Les n\u00e9o-lib\u00e9raux red\u00e9couvrent, quant \u00e0 eux, les b\u00e9n\u00e9fices de l\u2019immigration \u00e9conomique choisie, \u00e0 travers l\u2019usage utilitariste des demandeurs d\u2019asile (d\u00e9sormais non expulsables) en tant qu\u2019arm\u00e9e de r\u00e9serve conjoncturelle et temporelle<a class=\"external\" tabindex=\"-1\" href=\"https:\/\/blogs.mediapart.fr\/plis\/blog\/170420\/documenter-les-plis-de-covid-19-quelques-notes-propos-du-coronavirus#_ftn38\" target=\"_blank\" rel=\"noopener noreferrer\"><sup>[38]<\/sup><\/a>. Sont concern\u00e9s les r\u00e9fugi\u00e9s et les 100 000 sans-papiers de Belgique dont une toute \u00e9ventuelle r\u00e9ouverture de la question politique des r\u00e9gularisations semble dispara\u00eetre des radars.<\/p>\n<p>Au Portugal, par contre, en situation de pand\u00e9mie, les droits de demandeurs d\u2019asile ont \u00e9t\u00e9 prolong\u00e9s et, au moins provisoirement, renforc\u00e9s (notamment \u00e0 travers un revenu d\u2019allocation sp\u00e9cifique)\u00a0: c\u2019est donc possible et t\u00e9moigne contre ceux qui s\u2019y refusent.<\/p>\n<p>Dans nos villes, l\u2019une des r\u00e9actions \u00e0 COVID-19 a \u00e9t\u00e9 l\u2019annulation des demandes d\u2019asiles, activit\u00e9 visiblement jug\u00e9e \u201cnon essentielle\u201d<a class=\"external\" tabindex=\"-1\" href=\"https:\/\/blogs.mediapart.fr\/plis\/blog\/170420\/documenter-les-plis-de-covid-19-quelques-notes-propos-du-coronavirus#_ftn39\" target=\"_blank\" rel=\"noopener noreferrer\"><sup>[39]<\/sup><\/a>. L\u2019espace Schengen a \u00e9t\u00e9 suspendu entre les pays europ\u00e9ens : l\u2019on contr\u00f4le tout un chacun aux fronti\u00e8res.<\/p>\n<p>Pour les candidats r\u00e9fugi\u00e9s, l\u2019espace Schengen n\u2019existait d\u00e9j\u00e0 plus. En Belgique, par exemple, avec la fermeture du camp de r\u00e9fugi\u00e9s de Calais, la fronti\u00e8re de la Flandre avec la France a donn\u00e9 lieu \u00e0 des op\u00e9rations polici\u00e8res (M\u00e9dusa) de refoulement des r\u00e9fugi\u00e9s. Cette traque aux migrants s\u2019est ensuite \u00e9tendue \u00e0 l\u2019ensemble des r\u00e9seaux autoroutiers et de chemins de fer, faisant de ces espaces de v\u00e9ritables postes fronti\u00e8res int\u00e9rieurs. La suspension de l\u2019espace Schengen \u00e0 laquelle a donn\u00e9 lieu la pand\u00e9mie de Covid-19 en Europe \u00e9tait donc d\u00e9j\u00e0 \u00e0 l\u2019\u0153uvre dans les politiques mortif\u00e8res et meurtri\u00e8res de traques aux migrants. Ne nous r\u00e9jouissons pas de cette g\u00e9n\u00e9ralisation de ce qui concernait les autres y compris \u00e0 ceux qui soutenaient ces politiques ou y \u00e9taient indiff\u00e9rents, tant les op\u00e9rations de r\u00e9pression actuelle pourraient annoncer une situation aggrav\u00e9e, notamment pour r\u00e9fugi\u00e9s et sans papiers, dans une acceptation plus g\u00e9n\u00e9rale de ces op\u00e9rations.<\/p>\n<p>Les routes migratoires menant, au p\u00e9ril de leurs vies \u00e0 nos villes, ainsi que la situation aux fronti\u00e8res externes de l\u2019UE sont durement frapp\u00e9es par la situation COVID-19. Sur les \u00eeles grecques, le coronavirus limite les d\u00e9placements, et entra\u00eene une multiplication de pratiques ill\u00e9gales auxquelles quasiment plus personne ne pr\u00eate attention ainsi que des risques s\u00e9rieux de d\u00e9portation vers la Turquie. Les op\u00e9rations de sauvetage en M\u00e9diterran\u00e9e ont \u00e9galement \u00e9t\u00e9 suspendues. Nous ne savons d\u00e9sormais plus rien du drame humanitaire qui s\u2019y d\u00e9roule. Avec la guerre en Syrie, l\u2019Union Europ\u00e9enne a r\u00e9alis\u00e9 un accord cynique avec la Turquie pour confiner les r\u00e9fugi\u00e9s \u00e0 l\u2019ext\u00e9rieur de l\u2019Europe. Les accords de Dublin, ont \u00e9galement permis une destruction progressive de la Convention de Gen\u00e8ve en faisant porter le poids de l\u2019asile aux pays du sud de l\u2019Europe, comme l\u2019Italie. A l\u2019aube de cette pand\u00e9mie, nul ne peut oublier la fermeture des fronti\u00e8res europ\u00e9ennes aux r\u00e9fugi\u00e9s syriens, afghans, iraniens et irakiens, ni les attaques des gardes-fronti\u00e8res grecs consid\u00e9r\u00e9s par le Conseil de l\u2019Europe comme le \u00ab bouclier de l\u2019Europe\u00a0\u00bb.<\/p>\n<p>Nul ne sait aujourd\u2019hui ce qui adviendra de cette fermeture des fronti\u00e8res intra et extra-europ\u00e9ennes mais, sans une forte opposition, elle ne pourra que radicaliser le spirale souverainiste et nationaliste dans laquelle nous \u00e9tions d\u00e9j\u00e0 emport\u00e9s.<\/p>\n<p><b>Le coronavirus semble traverser facilement les fronti\u00e8res nationales. Comme d\u2019autres questions de circulation qui doivent \u00eatre trait\u00e9e en pand\u00e9mie, la fronti\u00e8re comme lieu de passage devrait \u00eatre, plus que jamais, non un mur mais un lieu de soin et d&rsquo;attention partag\u00e9e. Des endroits o\u00f9 on accueille collectivement les probl\u00e8mes pos\u00e9s par la circulation du virus plut\u00f4t qu\u2019un non lieu. Une telle politique des fronti\u00e8res ne devrait-elle pas convaincre jusqu\u2019\u00e0 nos ennemis politiques qu\u2019en la mati\u00e8re il n\u2019y aura pas d\u2019immunit\u00e9 collective hors des r\u00e9gularisations. Quels autres principes de droit international et de ce qui reste du droit d\u2019asile sont bafou\u00e9s sous COVID\u00a0?<\/b><\/p>\n<p>La r\u00e9surgence des fronti\u00e8res pour \u00ab tous \u00bb a des effets catastrophiques dont devraient convenir les tenants de l\u2019UE. Depuis le d\u00e9but de la pand\u00e9mie,\u00a0<b>les Italiens ont \u00e9galement \u00e9t\u00e9 laiss\u00e9s seuls face au virus et \u00e0 la terrible crise sanitaire qui en d\u00e9coule, r\u00e9v\u00e9lant un projet europ\u00e9en avant tout \u00e9conomique et budg\u00e9taire.<\/b>\u00a0Nous, leurs voisins, les Europ\u00e9ens du Nord avons continu\u00e9 \u00e0 vivre comme si de rien n\u2019\u00e9tait.<\/p>\n<h3>Cultiver la mutualisation des dettes.<\/h3>\n<p>Mais voil\u00e0, le nez sur le danger, lorsque le nombre de morts montait en Italie et que les premiers cas \u00e9taient signal\u00e9s en Belgique, nombre d\u2019\u00e2mes aux habitudes immunitaires ont cru bon de r\u00e9pondre \u00e0 la proximit\u00e9 physique par le vieux racisme contre des Italiens suppos\u00e9s indisciplin\u00e9s, irrationnels et d\u00e9sorganis\u00e9s.<\/p>\n<p>Il aura fallu que la pand\u00e9mie frappe durement la France puis l\u2019Allemagne pour que les lignes commencent \u00e0 bouger. En quelques jours l\u2019Italie, la France et l\u2019Allemagne d\u00e9cident de mutualiser les dettes des pays membres de l\u2019UE, la BCE lance un plan de 750 milliards d&rsquo;euros. Le 23 mars 2020, les 27 ministres des finances d\u00e9cident de suspendre le \u00ab\u00a0Pacte de stabilit\u00e9 et de croissance\u00a0\u00bb (qui imposait de maintenir le d\u00e9ficit en dessous de 3 % du PIB et la dette publique sous les 60 % en activant la \u00ab clause de suspension g\u00e9n\u00e9rale\u00a0\u00bb). Si l\u2019enjeu de ces mesures est prioritairement de rassurer la sant\u00e9 des march\u00e9s et non la sant\u00e9 des populations europ\u00e9ennes les plus \u00e9prouv\u00e9es, si des pays r\u00e9ticents semblent jouer leur viabilit\u00e9 \u00e9conomique contre leurs voisins<a class=\"external\" tabindex=\"-1\" href=\"https:\/\/blogs.mediapart.fr\/plis\/blog\/170420\/documenter-les-plis-de-covid-19-quelques-notes-propos-du-coronavirus#_ftn40\" target=\"_blank\" rel=\"noopener noreferrer\"><sup>[40]<\/sup><\/a>.<\/p>\n<p><b>Il s\u2019agira de relancer, d\u2019appuyer, par tous les moyens possibles, \u00e0 partir de d\u00e9cisions in\u00e9dites de mutualisation de dettes \u00e0 amplifier, les oppositions aux formes \u00ab as usual \u00bb de relance, en ce compris vis-\u00e0-vis des pays tiers. Par ailleurs, les plaintes italiennes pourraient bel et bien \u00eatre recevables devant les instances europ\u00e9ennes, politiques et\/ou juridiques.<\/b><\/p>\n<p>Nous savons que les politiques d\u2019insensibilit\u00e9 de la modernit\u00e9 conqu\u00e9rante (syst\u00e9mique depuis la colonisation des Am\u00e9riques), renvoyant dans la zone du non-\u00eatre, de la non-existence, une partie toujours plus significative de l\u2019humanit\u00e9, ce pour tenter de la dominer, de l&rsquo;exploiter, de l\u2019arracher \u00e0 sa culture et aux anc\u00eatres,\u00a0<i>en toute impunit\u00e9<a class=\"external\" tabindex=\"-1\" href=\"https:\/\/blogs.mediapart.fr\/plis\/blog\/170420\/documenter-les-plis-de-covid-19-quelques-notes-propos-du-coronavirus#_ftn41\" target=\"_blank\" rel=\"noopener noreferrer\"><sup><b>[41]<\/b><\/sup><\/a><\/i>\u00a0se sont d\u00e9j\u00e0 retourn\u00e9es contre des formes d\u2019articulation des savoirs en Europe : l\u2019articulation collective de sens en commun y a \u00e9t\u00e9, effet retour, malmen\u00e9e<a class=\"external\" tabindex=\"-1\" href=\"https:\/\/blogs.mediapart.fr\/plis\/blog\/170420\/documenter-les-plis-de-covid-19-quelques-notes-propos-du-coronavirus#_ftn42\" target=\"_blank\" rel=\"noopener noreferrer\"><sup>[42]<\/sup><\/a>. C\u2019est sur fond de destruction des mondes non-europ\u00e9ens que nous avons fabriqu\u00e9 notre sentiment de sup\u00e9riorit\u00e9, que nous avons instaur\u00e9 un temps lin\u00e9aire dont nous serions l\u2019\u00e9ternelle avant-garde. Tourn\u00e9s vers un avenir radieux \u00e0 conqu\u00e9rir, nous avons laiss\u00e9 s\u2019amonceler les cadavres et les ruines.<\/p>\n<p>Ce n\u2019est pas en d\u00e9truisant les solidarit\u00e9s intra-europ\u00e9ennes m\u00eame si nous en connaissons le prix pay\u00e9 par d\u2019autres que l\u2019on cultivera des affects susceptibles de s\u2019articuler \u00e0 ces autres, dans le Sud ou le Sud du Nord. En effet, dans cette crise sanitaire, le maintien, voire le renforcement, des fronti\u00e8res nationales a comme cons\u00e9quence principale d\u2019aggraver encore davantage les in\u00e9galit\u00e9s exponentielles produites par la dette des pays les plus pauvres aupr\u00e8s des pays les plus riches. En r\u00e9gime n\u00e9olib\u00e9ral, les fronti\u00e8res sont des amplificateur d&rsquo;in\u00e9galit\u00e9s, que ce soit \u00e0 l&rsquo;int\u00e9rieur de l&rsquo;Europe (entre les pays du sud comme l\u2019Espagne ou l&rsquo;Italie et les pays du nord comme l&rsquo;Allemagne ou la Hollande) mais \u00e9galement d&rsquo;une fa\u00e7on plus dramatique entre les pays du nord global et du sud global.<a class=\"external\" tabindex=\"-1\" href=\"https:\/\/blogs.mediapart.fr\/plis\/blog\/170420\/documenter-les-plis-de-covid-19-quelques-notes-propos-du-coronavirus#_ftn43\" target=\"_blank\" rel=\"noopener noreferrer\"><sup>[43]<\/sup><\/a>\u00a0Piketty, dans la vaste enqu\u00eate qu\u2019il restitue dans \u201cCapital et Id\u00e9ologie\u201d, montre bien que la \u00ab libre circulation \u00bb des biens et des capitaux (qui s&rsquo;est mise en place \u00e0 l&rsquo;\u00e9chelle mondiale \u00e0 partir des ann\u00e9es 1980) s\u2019est d\u00e9ploy\u00e9e en dehors de tout objectif fiscal et social, comme si la transnationalisation des \u00e9changes pouvait se passer de recette fiscale, d&rsquo;investissement \u00e9ducatifs, de r\u00e8gles sociales et environnementales, r\u00e9duisant ainsi consid\u00e9rablement la capacit\u00e9 des Etats \u00e0 choisir leurs politiques sociales et fiscales. La contradiction la plus violente entre le mode n\u00e9olib\u00e9ral de la mondialisation des \u00e9changes et les fantasmes national-nativistes concerne la question de la libre circulation des personnes, qui de facto est instaur\u00e9 comme le seul point de d\u00e9bat autoris\u00e9.<\/p>\n<p><b><i>En suivant les perspectives avanc\u00e9es par Piketty (2019), l\u2019annulation des dettes des pays les plus pauvres \u00e0 l\u2019\u00e9gard des pays les plus riches (comme le demande par exemple Emmanuel Macron \u00e0 l\u2019\u00e9gard des pays africains) pourrait constituer l\u2019occasion d\u2019engager une r\u00e9flexion vers des formes nouvelles de social-f\u00e9d\u00e9ralisme et notamment par l\u2019instauration d\u2019assembl\u00e9es transnationales concernant la prise de d\u00e9cision concernant l\u2019instauration de \u201cbiens communs globaux\u201d comme le climat, la recherche, la justice fiscale globale, la politique de sant\u00e9 et d\u2019acc\u00e8s aux traitements efficaces (comme devrait l\u2019\u00eatre la mise en place de m\u00e9dicaments et de vaccins contre le Covid-19).<\/i><\/b><a class=\"external\" tabindex=\"-1\" href=\"https:\/\/blogs.mediapart.fr\/plis\/blog\/170420\/documenter-les-plis-de-covid-19-quelques-notes-propos-du-coronavirus#_ftn44\" target=\"_blank\" rel=\"noopener noreferrer\"><b><sup>[44]<\/sup><\/b><\/a><b><i>\u00a0Des formes de pr\u00e9l\u00e8vement exceptionnels sur la propri\u00e9t\u00e9 priv\u00e9e (telle qu\u2019historiquement elles ont \u00e9t\u00e9 mis en place \u00e0 l&rsquo;issue des conflits de 1914-18 et 1939-45)<a class=\"external\" tabindex=\"-1\" href=\"https:\/\/blogs.mediapart.fr\/plis\/blog\/170420\/documenter-les-plis-de-covid-19-quelques-notes-propos-du-coronavirus#_ftn45\" target=\"_blank\" rel=\"noopener noreferrer\"><sup>[45]<\/sup><\/a>\u00a0pourraient \u00eatre envisag\u00e9es pour contribuer \u00e0 \u00e9teindre rapidement les dettes publiques.<\/i><\/b><\/p>\n<p>Les formes nouvelles de coop\u00e9rations transnationales ne constituent pas de r\u00e9ponses m\u00e9ta-politiques sur lesquelles il serait possible de s\u2019entendre par la libre d\u00e9lib\u00e9ration mais elles peuvent constituer des r\u00e9ponses politiques \u00e0 la fuite en avant vers la concurrence de tous contre tous que nous pr\u00e9parent les formes n\u00e9o-lib\u00e9rales de d\u00e9confinement ou la remise en cause social-nativiste des \u00e9changes. Ces pistes de mutualisation ne se r\u00e9duisent pas \u00e0 une charitable redistribution. Elles sont susceptibles, comme propositions, de faire penser\u00a0 en cascades.<\/p>\n<h2>R\u00e9pliques de la pand\u00e9mie en Belgique. Empoisonnements, plaintes, d\u00e9bordements<\/h2>\n<p>En toute logique compl\u00e8tement d\u00e9pass\u00e9, le gouvernement belge a \u00e9t\u00e9 contraint de confiner la population et de fermer les secteurs \u00ab non essentiels\u00a0\u00bb. Mais les cons\u00e9quences d\u00e9bordent de toute part. Nous en d\u00e9butons le relev\u00e9 ici bien que nous ne puissions pas le faire seuls.<\/p>\n<h3>Mise \u00e0 mal du compromis lib\u00e9ral belge.<\/h3>\n<p>G\u00e9n\u00e9alogie d\u2019une incapacit\u00e9 constitutionnelle<\/p>\n<p>A travers cette politique du confinement, l\u2019Etat n\u00e9o-lib\u00e9ral semble avoir en r\u00e9alit\u00e9 rejou\u00e9 un geste archa\u00efque, une \u00ab forme caricaturale de la figure du biopouvoir\u00a0\u00bb dit Latour. Se d\u00e9couvre ainsi le gouffre immense entre les demandes de protection contre la mort et la r\u00e9alit\u00e9 de l\u2019Etat dont l\u2019incurie d\u2019approvisionnement en mat\u00e9riaux de protection (masques, gants, blouses, lits, etc.) est l\u2019indice le plus frappant. L\u2019h\u00f4pital est devenu \u2013 suivant les mots d\u2019ordre du Just In Time \u2013 une institution plus faible\u00a0: diminution du nombre de lits par le renvoi au \u00ab\u00a0domicile\u00a0\u00bb, externalisant certaines formes de soins aupr\u00e8s de prestataires de services vari\u00e9s et d\u00e9stockage mat\u00e9riel (les millions de masques FFP2 d\u00e9truits en 2018 et non remplac\u00e9s). L\u2019Etat lib\u00e9ral semble capable de forcer la population au confinement mais demeure tragiquement incapable de produire les moyens de nous prot\u00e9ger, \u00e0 l\u2019encontre de toutes les recommandations de l\u2019OMS. Dans ce contexte de p\u00e9nurie organis\u00e9e, le mod\u00e8le hollandais, et auparavant anglais, pariant dans un premier temps (jusqu\u2019\u00e0 la fin mars) sur une \u00ab\u00a0immunit\u00e9 collective\u00a0\u00bb, a \u00e9t\u00e9 pr\u00e9sent\u00e9 comme une sorte de repoussoir. Or sans masques, ni autres formes de protections, il faut bien dire que les supermarch\u00e9s, les transports en commun, les espaces confin\u00e9s des prisons et des homes, les cha\u00eenes de production et de distribution ainsi que les h\u00f4pitaux constituent de nouveaux\u00a0<i>clusters<\/i>\u00a0de propagation du virus.<\/p>\n<p>Depuis la fin du XIXe si\u00e8cle nous vivions sous la gouvernementalit\u00e9 d\u2019Etats pour qui la garantie d\u2019une force de travail conditionne la protection des populations contre les \u00e9pid\u00e9mies. Contrainte de devoir arr\u00eater la production, une crise de gouvernementalit\u00e9 biopolitique nous replonge \u00e0 la formation de l\u2019Etat belge en 1830 ainsi qu\u2019au paradigme de la \u00ab d\u00e9fense sociale\u00a0\u00bb mis en place fin du 19<sup>e<\/sup>\u00a0si\u00e8cle. En effet, la structure constitutionnelle de l\u2019Etat belge depuis 1830 \u2013 comme l\u2019ont bien not\u00e9 Marx et Engels dans\u00a0<i>Belgique, \u00c9tat mod\u00e8le du constitutionnalisme continental\u00a0<\/i>\u2013 s\u2019est \u00e9tablie sur la reconnaissance juridique de la \u00ab libre concurrence \u00bb et de la \u00ab libert\u00e9 du travail \u00bb. Les libert\u00e9s individuelles et \u00e9conomiques sont garanties par l\u2019<i>Etat lib\u00e9ral<\/i>\u00a0tandis que l\u2019<i>Etat gendarme<\/i>\u00a0(L\u2019Etat de police comme dit Foucault) se charge du maintien de la production par la r\u00e9pression. Avec le paradigme de la \u00ab d\u00e9fense sociale\u00a0\u00bb (\u00e9labor\u00e9 d\u00e8s le d\u00e9but du XIXe par des juristes comme Ducp\u00e9tiaux, fondateur des prisons cellulaires en Belgique, puis appliqu\u00e9 aux institutions disciplinaires) l\u2019Etat gendarme se fait plus paternel : prot\u00e9ger, contr\u00f4ler et int\u00e9grer les plus \u00ab\u00a0vuln\u00e9rables\u00a0\u00bb et discipliner et r\u00e9primer les individus consid\u00e9r\u00e9s comme dangereux. En r\u00e9ponse \u00e9galement aux luttes sociales, l\u2019Etat belge, de la fin du XIXe au milieu du XXe, se constitue ainsi comme une sorte de synth\u00e8se entre socialisme et lib\u00e9ralisme individualiste<a class=\"external\" tabindex=\"-1\" href=\"https:\/\/blogs.mediapart.fr\/plis\/blog\/170420\/documenter-les-plis-de-covid-19-quelques-notes-propos-du-coronavirus#_ftn46\" target=\"_blank\" rel=\"noopener noreferrer\"><sup>[46]<\/sup><\/a>. En France, le New Public Management est apparu comme une r\u00e9volution organisationnelle visant \u00e0 d\u00e9sarmer, \u00e0 partir des ann\u00e9es 70, les forces des luttes sociales<a class=\"external\" tabindex=\"-1\" href=\"https:\/\/blogs.mediapart.fr\/plis\/blog\/170420\/documenter-les-plis-de-covid-19-quelques-notes-propos-du-coronavirus#_ftn47\" target=\"_blank\" rel=\"noopener noreferrer\"><sup>[47]<\/sup><\/a>\u00a0et \u00e0 faire circuler sans frictions les marchandises, se d\u00e9partissant au passage des \u00ab\u00a0moyens de faire vivre\u00a0\u00bb. En Belgique, appels d\u2019offres publics \u00e0 destination de promoteurs priv\u00e9s (nos grands travaux hygi\u00e9nistes ne suivent aucun fleuve tranquille d\u2019un volontarisme \u00e9tatique, discours volontariste venant plut\u00f4t recouvrir les actions une fois faites), r\u00e9gimes concessionnaires dans les domaines \u00e9conomiques et sociaux,\u00a0 th\u00e9ories qui \u00e9voquent les pr\u00e9misses du \u00ab\u00a0capital humain\u00a0\u00bb, habitent depuis tr\u00e8s longtemps les politiques publiques\u00a0; l\u2019on peut m\u00eame dire que Leopold II, roi entrepreneur, en exp\u00e9rimenta tous les recoins en Belgique comme dans les concessions de son Etat Ind\u00e9pendant du Congo. La r\u00e9volution n\u00e9o-lib\u00e9rale, effective ici comme ailleurs, y trouva sans doute un terrain plus propice tant au niveau des formes pratiques de gouvernance que des th\u00e9oriciens de celles-ci\u00a0: les th\u00e9ories belges de NPM s\u2019exportent bien et ce, depuis longtemps.<\/p>\n<p>Ce qui continue \u00e0 \u00eatre en crise dans la figure de l\u2019Etat belge tel que nous l\u2019avons connu jusqu\u2019ici c\u2019est l\u2019impossibilit\u00e9 de tenter de limiter la l\u00e9talit\u00e9 de l\u2019\u00e9pid\u00e9mie tout en \u00e9vitant de porter atteinte aux chefs d\u2019entreprises. En d\u00e9coule, dans l\u2019urgence, des mesures aveugles de confinement faisant porter le poids d\u2019un ralentissement d\u2019une \u00e9pid\u00e9mie sur le respect de comportements individuels encadr\u00e9s p\u00e9nalement.<\/p>\n<p>Paradoxes en cascades<\/p>\n<p>Pour autant, la neutralit\u00e9 du Covid-19 contraint le gouvernement \u00e0 devoir n\u00e9gocier avec et parfois contre eux la fermeture des entreprises non essentielles impliquant des contacts avec les publics ou ne pouvant pas pratiquer la \u00ab\u00a0distanciation sociale\u00a0\u00bb ou le t\u00e9l\u00e9travail, ce qui a rendu nerveuse la part du monde patronal qui appelle \u00e0 une reprise criminelle de l\u2019activit\u00e9 productive dans tous les secteurs \u00e0 l\u2019arr\u00eat aussi vite que possible. L\u2019incurie de l\u2019Etat \u00e0 agir sur la production pour prot\u00e9ger la population en produisant masques et autres syst\u00e8mes de protection en masse, en contr\u00f4lant les prix, est aussi \u00e0 comprendre comme une incapacit\u00e9 constitutionnelle. D\u2019une certaine fa\u00e7on, le gouvernement actuel a d\u00e9j\u00e0 rompu le cadre qui garantissait jusqu\u2019alors la \u00ab\u00a0libert\u00e9 d\u2019entreprise\u00a0\u00bb dans certains secteurs mais tout se passe depuis comme si la socialisation des moyens de protection (notamment en r\u00e9quisitionnant les entreprises qui pourraient les produire ou en inversant la charge de la preuve de ce qu\u2019est une entreprise utile, par Covid) demeurait un horizon impossible.<\/p>\n<p>Ce paradoxe en produit d\u2019autres, en cascades. Certaines activit\u00e9s entrepreneuriales sont interdites mais, pour celles qui sont autoris\u00e9es \u2013 distanciation sociale sur site ou t\u00e9l\u00e9travail ou activit\u00e9s r\u00e9pondant \u00e0 des besoins vitaux<a class=\"external\" tabindex=\"-1\" href=\"https:\/\/blogs.mediapart.fr\/plis\/blog\/170420\/documenter-les-plis-de-covid-19-quelques-notes-propos-du-coronavirus#_ftn48\" target=\"_blank\" rel=\"noopener noreferrer\"><sup>[48]<\/sup><\/a>, usant donc, ici d\u2019un argument de protection et l\u00e0 d\u2019un argument \u2018vital\u2019 pour la soci\u00e9t\u00e9 \u2013 le gouvernement mise sur une activation du march\u00e9 du travail, activant notamment une main-d\u2019\u0153uvre mise en \u00ab\u00a0attente\u00a0\u00bb par covid-19 (l\u2019axiome gouvernemental d\u2019interdictions de certaines activit\u00e9s, celui du ch\u00f4mage temporaire, cf infra, chapitre \u00ab\u00a0Travail et dangereuses quotidiennet\u00e9\u00a0\u00bb) ou activant une nouvelle main-d\u2019\u0153uvre qui n\u2019avait jamais \u00e9t\u00e9 pens\u00e9e comme telle. Il s\u2019agit que les march\u00e9s de niches des secteurs \u2018critiques\u2019 fonctionnent.<\/p>\n<p>Ainsi, le 11\/04\/2020, le gouvernement r\u00e9agit \u00e0 COVID-19, en raison du manque de main-d\u2019\u0153uvre attendu dans des secteurs dits \u00ab\u00a0critiques\u00a0\u00bb. Il ne r\u00e9agit pas secteur par secteur, convention par convention, mais dans cette bulle critique en usant de mesures \u00ab\u00a0g\u00e9n\u00e9rales\u00a0\u00bb, par de nouveaux axiomes compliquant les axiomes d\u00e9j\u00e0 alambiqu\u00e9s d\u2019interdiction de certaines activit\u00e9s, en faisant progresser l\u2019agenda d\u00e9j\u00e0 existant de la flexibilit\u00e9 du travail \u00e0 l\u2019attention des secteurs \u2018critiques\u2019. De tels secteurs sont d\u00e9finis comme les secteurs pouvant continuer leurs activit\u00e9s et ils sont critiques si, dans ces cadres, ils \u2018manquent\u2019 de main-d\u2019\u0153uvre selon, cette fois, non des d\u00e9cisions n\u00e9goci\u00e9es mais les ajustements d\u2019un march\u00e9 du travail laiss\u00e9 libre dans les portions encadr\u00e9es les normes COVID-19. Ces nouveaux axiomes prennent appui sur des propositions plus anciennes\u00a0: d\u00e9plafonnement \u2018provisoire\u2019 des heures suppl\u00e9mentaires (revendication patronale g\u00e9n\u00e9rale) et des heures de travail \u00e9tudiant (ancienne revendication des secteurs horticoles, du commerce de d\u00e9tail et de gros, de la logistique, etc., rendue possible par la faiblesse des bourses d\u2019\u00e9tudes), accumulation possible des CDD (revendication patronale de tous les secteurs aux volume d\u2019activit\u00e9 non lin\u00e9aires), assouplissement de la possibilit\u00e9 d\u2019horaires flottants (idem, mais sur base hebdomadaire, voire journali\u00e8re, plut\u00f4t dans la vente au d\u00e9tail, les call-centers ou la restauration rapide), d\u00e9tachements de main-d\u2019\u0153uvre (ceci revient \u00e0 faire de toute entreprise, une entreprise d\u2019int\u00e9rim, radicalisant \u00e0 outrance l\u2019aspect \u2018marchandise\u2019 du travail et du travailleurs lui-m\u00eame\u00a0; ce d\u00e9tachement est rendu c\u00e9l\u00e8bre dans l\u2019industrie, notamment nucl\u00e9aire), et acc\u00e8s au march\u00e9 du travail des demandeurs d\u2019asile, y compris ceux d\u2019entre eux qui auraient d\u00e9pos\u00e9 des recours contre des d\u00e9cisions d\u00e9favorables (au b\u00e9n\u00e9fice des secteurs horticoles, notamment). Ce dernier point est symptomatique d\u2019une gouvernementalit\u00e9 \u00ab\u00a0opportuniste\u00a0\u00bb\u00a0: il suppose la transformation des proc\u00e9dures d\u2019asiles en \u00ab\u00a0opportunit\u00e9s d\u2019emploi\u00a0\u00bb alors qu\u2019historiquement, cette voie d\u2019entr\u00e9e unique (l\u2019asile) signait la fin des possibilit\u00e9s d\u2019immigration \u00e9conomique, s\u00e9parant soigneusement ces deux cat\u00e9gories.\u00a0<b><i>Il serait odieux que ce dernier axiome n\u2019engage pas le gouvernement \u00e0 revoir sa politique migration<\/i>\u00a0(pour d\u2019autres d\u00e9veloppements, cf. supra \u00ab\u00a0Les fronti\u00e8res de l\u2019Europe\u00a0\u00bb).<\/b><\/p>\n<p>Nous nous situons donc clairement dans une p\u00e9riode de latence de la gouvernementalit\u00e9 lib\u00e9rale, multipliant les axiomes paradoxaux. C\u2019est l\u00e0 que se situe le paradoxe de notre temps.<\/p>\n<p><b><i>Pour sortir du paradoxe, nous pourrions collectivement nous mettre \u00e0 apprendre \u00e0 pr\u00e9senter nos entreprises et leurs utilit\u00e9s. C\u2019est ce que font, par exemple, les travailleurs d\u2019Audi Forest qui, alli\u00e9s \u00e0 des chercheurs universitaires, proposent la production de respirateurs plut\u00f4t que de voitures. Un enjeu de sant\u00e9 publique croise ici la route d\u2019une question de socialisation du travail et de ses utilit\u00e9s. Ces exp\u00e9riences sont \u00e0 amplifier, \u00e0 compliquer encore.\u00a0Ajoutons, ce 24 avril 2020, qu\u2019il ne s\u2019agit pas ici de proposer une entente entre entreprises g\u00e9rant \u00ab\u00a0as usual\u00a0\u00bb leurs opportunit\u00e9s d\u2019investissement. Une exp\u00e9rience fran\u00e7aise a tourn\u00e9 court. Mais elle a tourn\u00e9 court, empressement opportuniste, par manque d\u2019articulations \u00e0 des praticiens (m\u00e9decins, infirmiers, etc.).\u00a0<a class=\"external\" tabindex=\"-1\" href=\"https:\/\/www.francetvinfo.fr\/sante\/maladie\/coronavirus\/coronavirus-8500respirateurs-artificiels-ont-ils-ete-fabriques-pour-rien_3930273.html\" target=\"_blank\" rel=\"noopener noreferrer\">https:\/\/www.francetvinfo.fr\/sante\/maladie\/coronavirus\/coronavirus-8500respirateurs-artificiels-ont-ils-ete-fabriques-pour-rien_3930273.html<\/a><\/i><\/b><\/p>\n<p><i>Par ailleurs, ne faisons pas comme si l\u2019argent n\u2019existait pas.<\/i><i>\u00a0Lors des crises pr\u00e9c\u00e9dentes de l\u2019Etat lib\u00e9ral telles qu\u2019elles se sont manifest\u00e9es lors des deux Guerres Mondiales, la Belgique a op\u00e9r\u00e9 des choix fiscaux conjoncturels et structurels dont nous payons aujourd\u2019hui les cons\u00e9quences, notamment en mobilisant l\u2019\u00e9pargne des particuliers sur le court terme et en fragilisant la s\u00e9curit\u00e9 sociale sur le long terme<a class=\"external\" tabindex=\"-1\" href=\"https:\/\/blogs.mediapart.fr\/plis\/blog\/170420\/documenter-les-plis-de-covid-19-quelques-notes-propos-du-coronavirus#_ftn49\" target=\"_blank\" rel=\"noopener noreferrer\"><sup><b>[49]<\/b><\/sup><\/a>. Comme l\u2019\u00e9tudie Piketty dans\u00a0<\/i>Capital et Id\u00e9ologie<i>, d\u2019autres r\u00e9ponses ont exist\u00e9 en Europe, en Asie, en Afrique, en Am\u00e9rique latine, notamment des imp\u00f4ts exceptionnels sur les grosses fortunes par l&rsquo;interm\u00e9diaire d\u2019imp\u00f4ts progressifs.<\/i><a class=\"external\" tabindex=\"-1\" href=\"https:\/\/blogs.mediapart.fr\/plis\/blog\/170420\/documenter-les-plis-de-covid-19-quelques-notes-propos-du-coronavirus#_ftn50\" target=\"_blank\" rel=\"noopener noreferrer\"><sup>[50]<\/sup><\/a>\u00a0<i>Des formes d\u2019expropriation et de nationalisation ont \u00e9galement \u00e9t\u00e9 mises en \u0153uvre. Il semble qu\u2019aujourd\u2019hui l\u2019amortissement de la crise \u00e9conomique en cours se pr\u00e9pare, une nouvelle fois, par une ponction sur l\u2019\u00e9pargne.<\/i><\/p>\n<p><b><i>Pour \u00eatre en mesure de r\u00e9pondre \u00e0 l&rsquo;offensive n\u00e9olib\u00e9rale en cours, il devient urgent de mener une \u00e9tude comparative de ces diff\u00e9rentes exp\u00e9riences historiques en analysant leurs effets en termes d\u2019in\u00e9galit\u00e9s. Thomas Piketty, sur base de son \u00e9tude g\u00e9n\u00e9alogique du capital, de la transmission du patrimoine et des id\u00e9ologies propri\u00e9taristes propose d\u2019articuler : un r\u00e9gime de propri\u00e9t\u00e9 sociale et temporaire, une dotation universelle en capital, la circulation permanente des biens et un imp\u00f4t progressif sur le revenu, sur les successions et sur la propri\u00e9t\u00e9\u00a0<\/i><\/b><b>(voir Piketty, 2019, p. 1130).\u00a0\u00a0<i>L\u2019imp\u00f4t progressif sur les actifs priv\u00e9s (immobiliers, terriens, professionnels et financiers) permettrait, par exemple, une beaucoup plus grande latitude dans la r\u00e9partition de la charge (recours \u00e0 des taux variables suivant l\u2019ampleur de la fortune)<a class=\"external\" tabindex=\"-1\" href=\"https:\/\/blogs.mediapart.fr\/plis\/blog\/170420\/documenter-les-plis-de-covid-19-quelques-notes-propos-du-coronavirus#_ftn51\" target=\"_blank\" rel=\"noopener noreferrer\"><sup>[51]<\/sup><\/a>\u00a0que la seule ponction indiff\u00e9renci\u00e9e sur l\u2019\u00e9pargne.<\/i><\/b><\/p>\n<p><i>Comme le montre l&rsquo;histoire du XXe si\u00e8cle, les situations de crise comme les guerres ou les pand\u00e9mies offrent des points de bifurcations refl\u00e9tant des causes plus profondes et ouvrant sur des trajectoires in\u00e9dites.<a class=\"external\" tabindex=\"-1\" href=\"https:\/\/blogs.mediapart.fr\/plis\/blog\/170420\/documenter-les-plis-de-covid-19-quelques-notes-propos-du-coronavirus#_ftn52\" target=\"_blank\" rel=\"noopener noreferrer\"><sup><b>[52]<\/b><\/sup><\/a>\u00a0Il n\u2019existe aucune causalit\u00e9 m\u00e9canique entre crises sociales, sanitaires et financi\u00e8res et redistribution fiscale. Les mobilisations et les luttes sociales ont \u00e0 jouer ici, comme elles l\u2019ont toujours fait, un r\u00f4le g\u00e9n\u00e9ratif.\u00a0<\/i><\/p>\n<h3>Covid-19 au travers d\u2019un syst\u00e8me de sant\u00e9 publique fragilis\u00e9.<\/h3>\n<p>La destruction des protections<\/p>\n<p>Avant que les premiers morts du Coronavirus ne soient compt\u00e9s en Belgique, nos gouvernements ont pr\u00e9f\u00e9r\u00e9 amplifier la parole de ceux des experts belges qui ont largement minoris\u00e9 les effets pr\u00e9visibles plut\u00f4t que les m\u00e9decins de Wuhan ou de Bergame, se rendant ainsi activement impr\u00e9par\u00e9s (masques, d\u00e9pistage, protections, respirateurs). Sans moyens de d\u00e9pistage, les gouvernements ne peuvent pas non plus recenser. \u00ab\u00a0Ne pas bien savoir\u00a0\u00bb en est devenu une politique assum\u00e9e. Il se prolonge d\u2019ailleurs puisqu\u2019en l\u2019absence de testing g\u00e9n\u00e9ralis\u00e9, il aurait \u00e9t\u00e9 tout-\u00e0-fait possible, \u00e0 l\u2019instar de ce que savent les \u00e9pid\u00e9miologistes et avec les moyens du bord, de r\u00e9aliser des enqu\u00eates \u00e9pid\u00e9miologiques (par t\u00e9l\u00e9phone) et des enqu\u00eates de suivi des contaminations sur base d\u2019un \u00e9chantillon de \u00ab\u00a0positifs\u00a0\u00bb, en remontant \u00e0 leurs proches. Ces enqu\u00eates n\u2019ont pas encore \u00e9t\u00e9 lanc\u00e9es apr\u00e8s trois semaines de confinement, ni en Belgique ni en France, contrairement \u00e0 ce qui se pratique, par exemple en Grande-Bretagne<a class=\"external\" tabindex=\"-1\" href=\"https:\/\/blogs.mediapart.fr\/plis\/blog\/170420\/documenter-les-plis-de-covid-19-quelques-notes-propos-du-coronavirus#_ftn53\" target=\"_blank\" rel=\"noopener noreferrer\"><sup>[53]<\/sup><\/a>. Comment ne pas porter ces absences aux comptes \u00e0 rendre\u00a0?<\/p>\n<p>Nous avons bien r\u00e9gress\u00e9 depuis les pr\u00e9cautions \u00e0 l\u2019\u00e9poque jug\u00e9es \u00ab d\u00e9lirantes \u00bb qui pr\u00e9sid\u00e8rent \u00e0 la grippe H1N1<a class=\"external\" tabindex=\"-1\" href=\"https:\/\/blogs.mediapart.fr\/plis\/blog\/170420\/documenter-les-plis-de-covid-19-quelques-notes-propos-du-coronavirus#_ftn54\" target=\"_blank\" rel=\"noopener noreferrer\"><sup>[54]<\/sup><\/a>\u00a0: les stocks de masques r\u00e9cemment d\u00e9truits datent de cette pr\u00e9c\u00e9dente \u00e9pid\u00e9mie pour laquelle, m\u00eame si elle n\u2019eut pas lieu, il semble que nous \u00e9tions il y a un peu plus de dix ans, mieux pr\u00e9par\u00e9s. En l\u2019absence de d\u00e9pistage syst\u00e9matique, les qualifier d\u2019inutiles revient \u00e0 consid\u00e9rer un masque efficace pour les seuls cas qui auraient \u00e9t\u00e9 vus ou rep\u00e9r\u00e9s<a class=\"external\" tabindex=\"-1\" href=\"https:\/\/blogs.mediapart.fr\/plis\/blog\/170420\/documenter-les-plis-de-covid-19-quelques-notes-propos-du-coronavirus#_ftn55\" target=\"_blank\" rel=\"noopener noreferrer\"><sup>[55]<\/sup><\/a>. D\u00e9pendre de masques et de tests nous signale pourtant notre d\u00e9pendance aux r\u00e9seaux transnationaux de production (Chine pour les uns, Chine et USA pour les autres) mais en la mati\u00e8re, la Cor\u00e9e du Sud, tout aussi d\u00e9pendante a, sur le court terme, pu organiser le d\u00e9pistage massif. Il faudra en Belgique comme en France, en tirer le bilan<a class=\"external\" tabindex=\"-1\" href=\"https:\/\/blogs.mediapart.fr\/plis\/blog\/170420\/documenter-les-plis-de-covid-19-quelques-notes-propos-du-coronavirus#_ftn56\" target=\"_blank\" rel=\"noopener noreferrer\"><sup>[56]<\/sup><\/a>, en retracer les r\u00e9seaux de responsabilit\u00e9s. Dans un deuxi\u00e8me temps, nous avons alors vu le gouvernement bruxellois tenter un appel \u00e0 la production de masques par la population, \u00e0 destination de travailleurs expos\u00e9s. Pendant ce temps, dans les h\u00f4pitaux, des recommandations d\u2019\u00e9conomie dans les usages (utiliser plut\u00f4t deux fois qu\u2019une) de masques chirurgicaux ou FFP2 ont fait mine de g\u00e9rer la p\u00e9nurie. Nous avons vu, \u00e0 la mi-mars, les appels aux dons des h\u00f4pitaux pour s\u2019acheter des respirateurs. Nous voyons aussi la Croix-Rouge ici, l\u2019arm\u00e9e l\u00e0-bas, faire sentir aux populations europ\u00e9ennes ce que signifie, dans le Sud, m\u00e9decine d\u2019urgence<a class=\"external\" tabindex=\"-1\" href=\"https:\/\/blogs.mediapart.fr\/plis\/blog\/170420\/documenter-les-plis-de-covid-19-quelques-notes-propos-du-coronavirus#_ftn57\" target=\"_blank\" rel=\"noopener noreferrer\"><sup>[57]<\/sup><\/a>.<\/p>\n<p>Des \u201ch\u00e9ros\u201d nus<\/p>\n<p>Monde politique et m\u00e9diatique, dans leur rh\u00e9torique guerri\u00e8re, nous pr\u00e9sentent le personnel soignant sous le prisme sacrificiel de l\u2019h\u00e9ro\u00efsme. Plus directement, le personnel soignant, hospitalier, les m\u00e9decins, les agents d\u2019accueil, les infirmi\u00e8res, les aides-soignantes, (souvent \u00e0 Bruxelles, des femmes noires ou arabes<a class=\"external\" tabindex=\"-1\" href=\"https:\/\/blogs.mediapart.fr\/plis\/blog\/170420\/documenter-les-plis-de-covid-19-quelques-notes-propos-du-coronavirus#_ftn58\" target=\"_blank\" rel=\"noopener noreferrer\"><sup>[58]<\/sup><\/a>), les personnels d\u2019entretien des institutions sanitaires se sont retrouv\u00e9s sans protection face aux patients et aux espaces infect\u00e9s, et ce, tr\u00e8s longtemps, d\u2019autant plus longtemps qu\u2019elles travaillaient hors des premiers services d\u2019urgence (maisons de repos, maisons d\u2019accueil, HP), bricolant leurs propres protections. Les personnels hospitaliers ainsi que de soin ne sont pas syst\u00e9matiquement d\u00e9pist\u00e9s et sauf grosse temp\u00e9rature sont contraints de travailler, et m\u00eame rappelables en cas de d\u00e9pistage positif COVID (09\/04\/2020), risquant leur propre sant\u00e9, celle de leur famille, de leurs coll\u00e8gues et des malades, puis des familles des malades.<\/p>\n<p>Aux risques de l\u2019abandon des vieux<\/p>\n<p>Le d\u00e9faut d\u2019anticipation par impossibilit\u00e9 de d\u00e9pistage prend une tournure criminelle dans les homes et maisons de retraite. Les personnes \u00e2g\u00e9es \u00e9tant consid\u00e9r\u00e9es comme d\u00e9j\u00e0 \u00ab hors circuit \u00bb ne sont plus soign\u00e9es et meurent loin de leurs proches confin\u00e9s dans les maisons de repos. Cette situation de crise est le r\u00e9sultat d\u2019une absence d\u2019anticipation \u00e9pid\u00e9mique (comme le montrent les cas de la Cor\u00e9e du Sud ou de Taiwan, pr\u00e9par\u00e9s depuis l&rsquo;\u00e9pid\u00e9mie du SRAS en 2003) mais aussi de la destruction progressive du syst\u00e8me des soins de sant\u00e9 par les politiques d\u2019aust\u00e9rit\u00e9 n\u00e9o-lib\u00e9rales. Rien que de 2014 \u00e0 2018, le gouvernement Michel a organis\u00e9 une coupe de 900 millions dans les soins de sant\u00e9, soit 4% du budget total. Le d\u00e9pistage, insuffisant pour des raisons nous dit-on logistique (pr\u00e9l\u00e8vement, transports, retours des laboratoires et informatisation), sera peut-\u00eatre finalement organis\u00e9 avec des semaines de retard, semaines qui ont permis \u00e0 la mort de se r\u00e9pandre. C\u2019est bien qu\u2019il y aurait eu moyen de l\u2019organiser en s\u2019y pr\u00e9parant. Il s\u2019agit d\u2019un enjeu qui d\u00e9passe les malheureux d\u00e9c\u00e9d\u00e9s. D\u00e9j\u00e0, le traitement de la vieillesse est d\u00e9faillant. Les in\u00e9galit\u00e9s sociales se prolongent dans le choix des r\u00e9sidences en fin de vie\u00a0: soins possibles \u00e0 la maison ou non, avec des soutiens familiaux ou des soutiens institutionnels, \u00e9normes disparit\u00e9s de condition entre les homes et\/ou les r\u00e9sidences m\u00e9dicalis\u00e9es. Dans les homes publics, et leur travail socialement d\u00e9valoris\u00e9, comptent une grande proportion d\u2019aides-soignantes aux origines africaines et maghr\u00e9bines dans des contextes de surcharge de travail (manque de personnel, syndicalisation difficile et plus que d\u00e9courag\u00e9e par les directions), particuli\u00e8rement dans les maisons de repos qui comptent le plus grand nombre de personnes d\u00e9class\u00e9es. Sous-estimer l\u2019impact de cet abandon dans ce qui est d\u00e9j\u00e0 v\u00e9cu sur le mode des \u00e9changes de culpabilit\u00e9s intrafamiliales ne peut qu\u2019entretenir toutes les rancoeurs, toutes les envies de \u00ab\u00a0faire payer\u00a0\u00bb y compris sous de sombres modes ce redoublement humiliant. Dans un contexte de racisme end\u00e9mique, il ne faudra pas s\u2019\u00e9tonner de r\u00e9actions trumpistes si les r\u00e9cits de \u2018d\u00e9brouilles\u2019 et pour tout dire d\u2019aides humanitaires, de toutes ces infirmi\u00e8res, aides-m\u00e9nag\u00e8res et aides-soignantes, ne font pas l\u2019objet des amplifications n\u00e9cessaires, y compris du point de vue racial.<\/p>\n<p><b><i>Dans une perspective aussi de droit p\u00e9nal, il s\u2019agira, en documentant par comparaison les solutions cor\u00e9ennes, de relever le r\u00e9seau de responsabilit\u00e9 ayant d\u00e9bouch\u00e9 sur des morts en masse, notamment dans les maisons de repos.<\/i><\/b><\/p>\n<p><b><i>Les infirmi\u00e8res et aides-soignantes ont \u00e9t\u00e9, parfois m\u00eame avant les experts m\u00e9dicaux, les premi\u00e8res donneuses d\u2019alerte, en Chine, en Italie et en Belgique. Il s\u2019agirait de prendre au s\u00e9rieux leurs paroles diagnostiques (d\u2019une situation de gestion de la p\u00e9nurie), de faire le r\u00e9cit de leurs actions quotidiennes, d\u2019en tracer les dol\u00e9ances, travail d\u00e9j\u00e0 entam\u00e9 par le mouvement des \u00ab blouses blanches \u00bb.<\/i><\/b><\/p>\n<p>\u00ab\u00a0Lorsque nous soignons, lorsque nous sommes au chevet d\u2019un patient isol\u00e9, nos gestes sont m\u00e9caniques. Presque automatiques. Sur ces gestes m\u00e9caniques, une chose change et devient aussi automatique : la charge mentale. Toujours penser: me suis-je bien prot\u00e9g\u00e9e? Les yeux, le nez\u2026Ce que je retiendrai de tout \u00e7a, c\u2019est ce qui me bouleverse le plus : la solitude des patients. L\u2019angoisse des familles ne pouvant pas voir leurs proches. Je continuerai \u00e0 \u00eatre triste, terriblement triste pour les patients qui partent seuls. Nous \u00e9tions pourtant l\u00e0. Mais ils ne voyaient pas nos sourires. Pourtant, on leur disait : \u2018regardez mes yeux. Vous voyez ? Je vous souris ! (&#8230;) Je vous promets que je vous souris. Je m\u2019appelle &#8230;Je vous ai soign\u00e9 la nuit pass\u00e9e.\u00a0\u00bb (Mio Ky, infirmi\u00e8re).<\/p>\n<p>Paroles de malades! Propositions politiques et d\u00e9coloniales<\/p>\n<p>Avec la surcharge du syst\u00e8me hospitalier qui produit la crise sanitaire en cours, la mort et les affects qui la charrient semblent comme faire irruption dans l\u2019espace public. Tout se passe d\u00e8s lors comme si c\u2019\u00e9tait la soci\u00e9t\u00e9 dans son ensemble qui se trouvait contrainte de faire l\u2019exp\u00e9rience de l\u2019angoisse existentielle du risque de maladie. Pour la plupart des personnes en bonne sant\u00e9, la maladie est un fait ponctuel, un accident et non pas une r\u00e9alit\u00e9 quotidienne. L&rsquo;h\u00f4pital \u00e9tait jusqu\u2019alors v\u00e9cu comme un lieu repoussoir, duquel il s\u2019agissait de se tenir le plus \u00e9loign\u00e9 possible. Pour les personnes atteintes de maladies chroniques, potentiellement mortelles, la maladie, l\u2019h\u00f4pital, la souffrance, le travail de pr\u00e9paration face \u00e0 la mort n\u2019est pas quelque chose qui pouvait \u00eatre discut\u00e9 socialement. Trop lourdes pour les proches, vectrices d\u2019angoisses pour les personnes en bonne sant\u00e9, les personnes en situation de maladie chronique n\u2019ont d\u2019autres choix que d\u2019\u00e9viter le sujet ou de se replier sur elles-m\u00eames. Le Covid-19 de par sa propagation \u00e0 l\u2019ensemble de la soci\u00e9t\u00e9 majoritaire, commence \u00e0 faire entendre dans le quotidien de tout un chacun l\u2019exp\u00e9rience des malades de l\u2019h\u00f4pital, des effets secondaires, des angoisses quant aux mani\u00e8res de mourir mais aussi commence \u00e0 faire sentir le poids des logiques de march\u00e9 sur l\u2019acc\u00e8s ou pas aux m\u00e9dicaments, sur la logique des prix (et des remboursements) ainsi qu\u2019\u00e0 la recherche de traitements. Avec la crise du Covid-19 et la m\u00e9diatisation de son drame, les personnes qui ne sont pas atteints de maladie chronique d\u00e9couvrent avec horreur le scandale de l\u2019univers m\u00e9dical. Si les personnes en bonne sant\u00e9, ou suppos\u00e9es telles, d\u00e9couvrent soudainement la panique de l\u2019isolement, de l\u2019hospitalisation, l\u2019impuissance face aux diagnostics, elles entrent en r\u00e9alit\u00e9, sans s\u2019en rendre v\u00e9ritablement compte, dans la communaut\u00e9 bien vivante des malades et ce, m\u00eame si elles sont en \u2018bonne sant\u00e9\u2019.<\/p>\n<p>Cependant, le caract\u00e8re majoritaire de la propagation, des sympt\u00f4mes et des effets de la contamination du Covid-19 a d\u00e9j\u00e0 pour effet de mettre \u00e0 l\u2019arr\u00eat ou de ralentir les traitements des autres maladies dans les h\u00f4pitaux. Cette mise \u00e0 l\u2019arr\u00eat ou ce ralentissement prennent appui sur d\u2019autres arr\u00eats de traitement qui, sur base des d\u00e9cisions ant\u00e9rieures de la Ministre de la Justice, n\u2019\u00e9taient plus ou plus que partiellement rembours\u00e9s\u00a0: certains traitements de fond d\u2019une h\u00e9patite sans en avoir les moyens priv\u00e9s avait d\u00e9j\u00e0, mais dans un relatif et scandaleux silence, tu\u00e9 ou affaibli nombre de malades des classes populaires. On peut craindre maintenant que la course aux vaccins et aux traitements ne produise, au sein du capitalisme pharmaceutique, d\u2019autre formes de minorisation, et de nouvelles formes de maladies orphelines ou devenues moins dignes d\u2019int\u00e9r\u00eat (en Europe, on estime qu\u2019une maladie est \u00ab rare\u00a0\u00bb quand elle touche une personne sur 2000 ; cependant, les maladies rares touchent 30 millions d\u2019Europ\u00e9ens) au d\u00e9triment principal de ces m\u00eames classes populaires.<\/p>\n<p><b><i>Nous avons besoin de renforcer cette prise de parole sur la maladie<a class=\"external\" tabindex=\"-1\" href=\"https:\/\/blogs.mediapart.fr\/plis\/blog\/170420\/documenter-les-plis-de-covid-19-quelques-notes-propos-du-coronavirus#_ftn59\" target=\"_blank\" rel=\"noopener noreferrer\"><sup>[59]<\/sup><\/a>, sur la souffrance, sur la vie sous risque de mort, depuis des conditions de vie drastiquement in\u00e9galitaires. Cette parole jusqu\u2019alors refoul\u00e9e ou assourdie devient soudainement une parole intens\u00e9ment politique.<\/i><\/b><\/p>\n<p>Les r\u00e9cits de malades chroniques ont en effet quelque chose de fondamental \u00e0 nous dire sur notre soci\u00e9t\u00e9 de la performance n\u00e9olib\u00e9rale et de ses modalit\u00e9s de soin, quelque chose qu\u2019il nous \u00e9tait insupportable d\u2019entendre jusqu\u2019alors sur la question de la vuln\u00e9rabilit\u00e9. La maladie sort \u00e0 nouveau de son confinement hospitalier ou de ses difficult\u00e9s \u00ab\u00a0priv\u00e9es\u00a0\u00bb pour nous contraindre \u00e0 r\u00e9-apprendre collectivement \u00e0 poser les questions qu\u2019elle soul\u00e8ve.<\/p>\n<p><b><i>Il faudra aussi \u00e9couter et relayer les plaintes de tous les refoul\u00e9s de l\u2019h\u00f4pital ou du syst\u00e8me de soins au nom d\u2019impossibilit\u00e9s financi\u00e8res (les remboursements) mais aussi de sympt\u00f4mes jug\u00e9s non s\u00e9rieux : \u00ab syndrome m\u00e9diterran\u00e9en\u00bb se voient entendre hommes et femmes non blanches en r\u00e9ponse \u00e0 des plaintes mal identifi\u00e9es par le syst\u00e8me hospitalier qui a tendance \u00e0 requalifier les troubles du lourd au plus l\u00e9ger, voire \u00e0 faire mine de ne pas les comprendre, comme le pleurent les parents anglophones d\u2019origine ghan\u00e9enne, de la petite Rachel, d\u00e9c\u00e9d\u00e9e en Flandres du Corona, diagnostiqu\u00e9e \u00ab allergique\u00bb.<\/i><\/b><\/p>\n<h3>\u00a0Mises en question des formes d\u2019enfermement.<\/h3>\n<p>La situation sanitaire dans les centres ferm\u00e9s et dans les prisons \u00e9tait d\u00e9j\u00e0 catastrophique et est devenue critique : surpopulation carc\u00e9rale, droits t\u00e9l\u00e9phoniques limit\u00e9s, espaces communs restreints, etc. Le manque de personnel et des mesures de distanciation physique entra\u00eenent la suspension des parloirs et l\u2019arr\u00eat de toutes les activit\u00e9s, en ce compris les activit\u00e9s de formation. Cette distanciation a un sens terrible en prison et ne peut mener qu\u2019\u00e0 des s\u00e9quelles psychologiques ou psychiatriques graves, m\u00eame en l\u2019absence de sympt\u00f4mes li\u00e9s au COVID-19. Il en va de m\u00eame des familles et des proches des d\u00e9tenus qui ne peuvent aussi que voir leurs droits de contacts an\u00e9antis. Et l\u2019on parle apr\u00e8s de \u00ab r\u00e9insertion\u00a0\u00bb&#8230; Le personnel p\u00e9nitentiaire est lui aussi expos\u00e9, et manque de mat\u00e9riel de protection. Le parquet a d\u00e9cid\u00e9 de reporter le commencement de l\u2019ex\u00e9cution de certaines peines. La logique voudrait que les peines d\u2019enfermement en cours soient lev\u00e9es, les soins prodigu\u00e9s. Que signifie l\u2019ex\u00e9cution d\u2019une peine doubl\u00e9e par le risque pand\u00e9mique\u00a0?<\/p>\n<p><b><i>Il s\u2019agit ici de tracer les effets conjugu\u00e9s du confinement (visites), de la pand\u00e9mie et de l\u2019emprisonnement sur la mise en risque de la sant\u00e9 des d\u00e9tenus. Les d\u00e9tenus sont tributaires de mesures prises pour eux, par les \u00e9tablissements, par l\u2019Etat, par les tribunaux d\u2019application des peines. La responsabilit\u00e9 de ces acteurs est engag\u00e9e en ce qui concerne le maintien de l\u2019enfermement, les prises en charges m\u00e9dicales et les alertes qu\u2019ils ont la capacit\u00e9 de d\u00e9clencher. Des associations d\u2019aide aux d\u00e9tenus et certains juristes ou avocats en ont apr\u00e8s tout \u00e9t\u00e9 capables<a class=\"external\" tabindex=\"-1\" href=\"https:\/\/blogs.mediapart.fr\/plis\/blog\/170420\/documenter-les-plis-de-covid-19-quelques-notes-propos-du-coronavirus#_ftn60\" target=\"_blank\" rel=\"noopener noreferrer\"><sup>[60]<\/sup><\/a>.<\/i><\/b><\/p>\n<p><b><i>Par ailleurs, si certaines peines ont pu \u00eatre lev\u00e9es maintenant (fin mars), pourquoi ne pas imaginer qu\u2019elles le soient lorsque COVID-19 sera moins d\u00e9cha\u00een\u00e9s ? A quelles conditions qui pointent d\u00e9j\u00e0 ? Par ailleurs, enqu\u00eate politique, nous aurons besoin des r\u00e9cits des luttes (avocats, juristes, membres d\u2019administrations, associations) qui ont permis ces d\u00e9cisions.<\/i><\/b><\/p>\n<p>Les conditions de promiscuit\u00e9 dans les centres ferm\u00e9s sont \u00e9galement tr\u00e8s pr\u00e9occupantes. M\u00eame nos ennemis politiques devraient concevoir que les expulsions sont impossibles : les centres ferm\u00e9s perdent le sens que vous leur accordiez. Un certain nombre de sans-papiers se sont vus lib\u00e9r\u00e9s. Certaines propositions visent \u00e0 les transformer en h\u00f4pital d\u2019appoint. De quelle activit\u00e9 prioritaire avant nous besoin, en temps de pand\u00e9mie ? Les centres ferm\u00e9s semblent, plus que jamais, exc\u00e9dentaires.<\/p>\n<p><b><i>La r\u00e9gularisation du s\u00e9jour des personnes sans-papiers n\u2019est-elle pas une politique, non seulement pour nous \u00e9l\u00e9mentaire, mais ici de sant\u00e9 publique\u00a0? Les centres ferm\u00e9s ne sont pas plus compatibles avec le COVID qu\u2019ils ne l\u2019\u00e9taient avant. Par ailleurs, les questions pos\u00e9es aux prisons peuvent \u00eatre trait\u00e9es, y compris juridiquement, \u00e0 l\u2019attention des institutions de r\u00e9pression des sans-papiers.<\/i><\/b><\/p>\n<h3>Habitats, s\u00e9gr\u00e9gations, espaces publics.<\/h3>\n<p>R\u00e9quisitions municipales sous Covid: des processus \u00e0 amplifier<\/p>\n<p>De mani\u00e8re g\u00e9n\u00e9rale, le paiement des loyers sera rendu difficile pour toute une s\u00e9rie de gens dont les ressources ont \u00e9t\u00e9 diminu\u00e9es voire r\u00e9duites \u00e0 n\u00e9ant et ce, m\u00eame si la corporation des huissiers semble communiquer un all\u00e8gement de ses actions. De la m\u00eame mani\u00e8re, certaines banques accordent des d\u00e9lais, certes minimaux, dans leurs pr\u00e9l\u00e8vements automatiques (Pr\u00eats hypoth\u00e9caires, notamment). Des id\u00e9es de constitutions de fonds solidaires \u00e9mergent : au-del\u00e0 d\u2019un certain plafond de loyer, versement d\u2019une part \u00e0 un fonds socialis\u00e9s, \u00e0 destination des locataires en difficult\u00e9.<\/p>\n<p>Par ailleurs, nous avons assist\u00e9 \u00e0 un premier ensemble de r\u00e9quisitions, par les pouvoirs communaux d\u2019h\u00f4tels \u00e0 destination des sans-abris et sans-papiers. Ces r\u00e9quisitions ne sont certes que le pendant du vide de l\u2019activit\u00e9 h\u00f4teli\u00e8re, d\u00e9j\u00e0 mise en place par l\u2019un ou l\u2019autre h\u00f4telier avant COVID, notamment dans l\u2019aide au logement des r\u00e9fugi\u00e9s. Il n\u2019en reste pas moins que l\u2019activation de ces dispositifs de r\u00e9quisition et leur extension \u00e0 d\u2019autres formes de vides d\u2019usage parfois structurels (par exemple, les espaces de bureaux \u00e0 Bruxelles qui font l\u2019objet d\u2019une \u00e9conomie historique de la promotion immobili\u00e8re et de la sp\u00e9culation), depuis longtemps r\u00e9clam\u00e9es par les associations de d\u00e9fense des locataires et des sans-abris, est donc possible.<\/p>\n<p><b><i>Quelle est la justification d\u2019espaces de b\u00e2timents vides\u00a0? Il s\u2019agirait d\u2019inverser la charge de la preuve et d\u2019en tirer de s\u00e9rieuses cons\u00e9quences fiscales ou de r\u00e9quisition. Par ailleurs, la tension des loyers ne peut pas \u00e9ternellement se voir mise en balance avec l\u2019investissement immobilier. La mise \u00e0 disposition de logements pour autrui n\u2019est pas, nous le rappellent les syndicats de locataires, une affaire \u00ab\u00a0strictement priv\u00e9e\u00a0\u00bb ? \u00a0\u00a0\u00a0\u00a0\u00a0\u00a0\u00a0\u00a0\u00a0 \u00a0\u00a0\u00a0\u00a0\u00a0\u00a0\u00a0\u00a0\u00a0 \u00a0\u00a0\u00a0\u00a0\u00a0\u00a0\u00a0\u00a0\u00a0<\/i><\/b><\/p>\n<p><i>Cette r\u00e9quisition des logements vides, comme mesure d&rsquo;urgence et d&rsquo;extr\u00eame n\u00e9cessit\u00e9, pourrait \u00eatre coupl\u00e9e \u00e0 une transformation plus profonde du r\u00e9gime de propri\u00e9t\u00e9 \u00e0 long terme. Une forme temporaire de la propri\u00e9t\u00e9 (Piketty, 2019) pourrait \u00eatre instaur\u00e9e par la circulation permanente des patrimoines via la mise en place d\u2019un imp\u00f4t fortement progressif sur la propri\u00e9t\u00e9 (avec un tel imp\u00f4t les propri\u00e9taires priv\u00e9s les plus fortun\u00e9s doivent rendre \u00e0 la collectivit\u00e9 une partie de ce qu&rsquo;ils poss\u00e8dent). \u00a0\u00a0<\/i><\/p>\n<p>Sans-abrisme: financer les initiatives, socialiser les ressources<\/p>\n<p>D\u2019un c\u00f4t\u00e9, le confinement a rendu possible l\u2019ombre d\u2019un instant le partage d\u2019une condition avec les multitudes qui peuplent les prisons du monde, et ces autres dont la vie est bris\u00e9e en miettes face aux murs et fronti\u00e8res. Nombreux ont \u00e9t\u00e9 les messages \u00e9manant de Gaza, des prisons ou aux confins de l\u2019Europe\u00a0: \u00ab\u00a0cher monde, \u00e7a fait quoi d\u2019\u00eatre bloqu\u00e9\u00a0?\u00a0\u00bb (Gaza). Mais le confinement reste une strat\u00e9gie bas\u00e9e sur le principe de \u00ab la normalit\u00e9 acquise\u00a0\u00bb de la propri\u00e9t\u00e9, du domicile. Les personnes qui n\u2019ont pas de domicile ou qui pratiquent le couch-surfing \u00e0 des fins non touristiques se retrouvent donc surexpos\u00e9es. Elles sont \u00e9galement particuli\u00e8rement vuln\u00e9rables aux violences polici\u00e8res et aux amendes. Le relais effectif ayant principalement \u00e9t\u00e9 l\u2019effort du pouvoir communal. La seule r\u00e9ponse gouvernementale consiste en l\u2019octroi de lits, en faible nombre, pour des malades sur base d\u2019un \u00ab diagnostic\u00a0\u00bb des travailleurs sociaux. La proximit\u00e9 physique, avec ou sans COVID-19, fait partie de la condition de leur survie quotidienne (tuyaux, \u00e9changes d\u2019informations, solidarit\u00e9s quotidiennes) en l\u2019absence de dispositifs publics satisfaisants. Il est vital de trouver un endroit o\u00f9 ces personnes d\u00e9j\u00e0 vuln\u00e9rabilis\u00e9es puissent se prot\u00e9ger du virus. Les Banques Alimentaires tirent elles aussi la sonnette d\u2019alarme. Quant aux Restos du C\u0153ur, ils s\u2019adressent au gouvernement pour obtenir une aide financi\u00e8re et logistique. Et que dire des collectifs comme Belgium Kitchen qui, chaque jour, s\u2019organisent pour que des repas et de l\u2019h\u00e9bergement soient possibles pour et avec des r\u00e9fugi\u00e9s. En raison des d\u00e9bordements r\u00e9cents dans les supermarch\u00e9s et l\u2019industrie alimentaire, il ne reste que peu d\u2019exc\u00e9dents alors qu\u2019ils repr\u00e9sentent 60% de l\u2019approvisionnement de ces associations. Nous rappelons \u00e9galement que les professionnels d\u2019aide aux sans-abris sont \u00e9galement des professionnels de premi\u00e8re ligne. Ils n\u2019ont, \u00e0 ce jour, aucune protection, ni suivi sanitaire. Les associations d\u2019aide qui ont r\u00e9-ouvert, ont d\u00fb se d\u00e9brouiller pour faire exister la \u2018distance sociale\u2019 et se procurer des masques artisanaux r\u00e9alis\u00e9s par des citoyens volontaires.<\/p>\n<p><b><i>Il s\u2019agit a minima d\u2019\u00e9couter ces acteurs et d\u2019apprendre \u00e0 s\u00e9curiser ces formes d\u2019aide, par la socialisation garantie des exc\u00e9dents d\u00e9j\u00e0 menac\u00e9e avant COVID-19, par le soutien actif et massif, en termes spatiaux et financiers \u00e0 des formes de logements et d\u2019initiatives collectives vari\u00e9es (squats, logements socialis\u00e9s, principes de domiciliation, etc.).<\/i><\/b><\/p>\n<p>Covid en ville: mutations (toujours) mortelles du racisme \u00e9pid\u00e9mique<\/p>\n<p>La question des habitats concerne aussi les questions de s\u00e9gr\u00e9gations socio-spatiales. Il faudra prendre en compte la r\u00e9partition sociale et raciale de la pand\u00e9mie en fonction de la g\u00e9ographie du capital foncier. La comorbidit\u00e9 rel\u00e8ve en effet \u00e9galement de la rencontre entre Covid-19 et le racisme environnemental<a class=\"external\" tabindex=\"-1\" href=\"https:\/\/blogs.mediapart.fr\/plis\/blog\/170420\/documenter-les-plis-de-covid-19-quelques-notes-propos-du-coronavirus#_ftn61\" target=\"_blank\" rel=\"noopener noreferrer\"><sup>[61]<\/sup><\/a>: il semble se propager ais\u00e9ment dans de l\u2019air pollu\u00e9<a class=\"external\" tabindex=\"-1\" href=\"https:\/\/blogs.mediapart.fr\/plis\/blog\/170420\/documenter-les-plis-de-covid-19-quelques-notes-propos-du-coronavirus#_ftn62\" target=\"_blank\" rel=\"noopener noreferrer\"><sup>[62]<\/sup><\/a>, air bordant de pr\u00e9f\u00e9rence des quartiers habit\u00e9s par l\u2019immigration post-coloniale, comme par un ensemble sous-prol\u00e9taris\u00e9 de \u00ab\u00a0blancs d\u00e9class\u00e9s\u00a0\u00bb. Le virus y trouve de nouveaux clusters, \u00e9galement marqu\u00e9s par une densit\u00e9 de populations forte au sein d\u2019immeubles aux surfaces plus restreintes (confin\u00e9s) et des habitants plus expos\u00e9s dans la maintenance de l\u2019infrastructure (expos\u00e9s) : le racisme environnemental mute en racisme \u00e9pid\u00e9mique.<\/p>\n<p>C\u2019est pourtant de ces quartiers que sont parties les initiatives de relance citoyenne de solidarit\u00e9 (initiatives covid-solidaires de soutiens, d\u00e8s le d\u00e9but du confinement \u00e0 Schaerbeek, notamment, en plus des initiatives plus informelles) ; de plus jeunes se proposant aux courses des plus \u00e2g\u00e9s, des relais dans les productions de masques, des id\u00e9es quant aux mani\u00e8res de vivre une vie sociale en tentant, avec les informations disponibles de se d\u00e9confiner partiellement\u00a0: r\u00e9unions, rencontres en nombre r\u00e9duit, \u00e9changes d\u2019informations sur les risques pris ou \u00e0 faire prendre.<\/p>\n<p><b><i>Pour ces activistes de quartier, l\u2019ext\u00e9rieur est d\u00e9j\u00e0, en temps normal, probl\u00e9matique (contr\u00f4les policiers, notamment). C\u2019est sans doute pour cette raison que cette habitude a pu se prendre.<\/i><\/b><\/p>\n<p>Il s\u2019agira de se le dire collectivement. En temps de COVID, ces contr\u00f4les ont d\u00e9j\u00e0 rendu difficiles ces initiatives, tout comme l\u2019absence de mises \u00e0 dispositions d\u2019espaces susceptibles d\u2019\u00eatre g\u00e9r\u00e9s collectivement sur base de confiances qui s\u2019y construisent. La r\u00e9ponse s\u00e9curitaire, d\u00e9risoire \u00e0 l\u2019aune des responsabilit\u00e9s en cascades menant au confinement de masse, et les contr\u00f4les au faci\u00e8s ont ici, fragilis\u00e9 grandement ce qui, pourtant, cultive activement des formes de soin, aux b\u00e9n\u00e9fices de nombreux groupes sociaux<a class=\"external\" tabindex=\"-1\" href=\"https:\/\/blogs.mediapart.fr\/plis\/blog\/170420\/documenter-les-plis-de-covid-19-quelques-notes-propos-du-coronavirus#_ftn63\" target=\"_blank\" rel=\"noopener noreferrer\"><sup>[63]<\/sup><\/a>.<\/p>\n<p>Il est certain que les contr\u00f4les policiers dans l\u2019espace public ont continu\u00e9. Ils ont provoqu\u00e9 la mort du jeune Adil, coupable d\u2019\u00eatre mont\u00e9, avec un ami sur un scooter, puis d\u2019avoir probablement craint une \u00e9ni\u00e8me amende (09\/04\/2020) alors que la police patrouillait pour imposer, \u00e0 tout prix (course poursuite meurtri\u00e8re, dangereuse et disproportionn\u00e9e), les comportements de \u00ab\u00a0confin\u00e9s\u00a0\u00bb, ciblant visiblement le croissant pauvre de Bruxelles, le flou juridique laissant une large place \u00e0 l\u2019arbitraire de situation\u00a0: la police danse avec les habitants de la communaut\u00e9 hupp\u00e9e de Woluwe Saint-Lambert, alors que, dans le croissant pauvre, tout se passe comme si, d\u00e8s que des jeunes \u00e9changent quelques mots, cherchent \u00e0 de l\u2019autre c\u00f4t\u00e9 du canal (espace vert, faire tel ou tel sport), la police de la Zone les attend. Politique du chiffre\u00a0? Permis de chasse\u00a0? Rappelons que dans le croissant pauvre pourtant, l\u2019on n\u2019a pas assist\u00e9 \u00e0 la moindre \u00ab\u00a0Lockdown party\u00a0\u00bb ou autre \u00ab\u00a0Dernier verre en terrasse\u00a0\u00bb, alors que les d\u00e9parts en r\u00e9sidence secondaire participant de la diss\u00e9mination virale n\u2019y sont pas le lot quotidien. Comme le signalait Nordine Sa\u00efdi de Bruxelles Panth\u00e8res d\u00e8s le 31 mars\u00a02020, suite \u00e0 un contr\u00f4le abusif \u00e0 Schaerbeek\u00a0: \u00ab\u00a0Ce sont aussi dans ces quartiers que les situations sociales et mat\u00e9rielles des habitants rendent le confinement le moins supportable. Ce sont ces appartements trop exigus, ces enfants sans jardin, ces jeunes qui n\u2019ont m\u00eame pas une terrasse o\u00f9 fumer une cigarette\u2026 Et paradoxalement \u2013 ou pas \u2013 c\u2019est dans ces quartiers-l\u00e0 que le non-respect des r\u00e8gles semble susciter les r\u00e9actions les plus s\u00e9v\u00e8res et disproportionn\u00e9es de la part des autorit\u00e9s. Dans les quartiers plus riches, on voit des dizaines de joggeurs, des centaines de promeneurs de petits chiens, des milliers de cyclistes\u2026 et nettement moins de contr\u00f4les, en tout cas beaucoup moins violents.\u00a0\u00bb. Ajoutons-y qu\u2019il est statistiquement hautement probable que ces jeunes de Schaerbeek ou d\u2019Anderlecht \u2013 nos voisins \u2013 comptent parmi leurs proches, des travailleurs appartenant aux cat\u00e9gories des expos\u00e9s. Comment accepter d\u00e8s lors de se faire verbaliser en rue lorsque l\u2019on sait qu\u2019un proche court des risques insens\u00e9s, en raison de l\u2019impr\u00e9paration des autorit\u00e9s en termes de protections (masques, etc.)\u00a0? Ce qui est devenu certain, c\u2019est que les drones et autres appareils de surveillance depuis le ciel ont trouv\u00e9 dans COVID-19 un terrain d\u2019expression et d\u2019exp\u00e9rimentation (envoi de messages, identification des individus dans les quartiers)\u00a0; ils donnent aux formes de \u00ab\u00a0poursuite\u00a0\u00bb et de chasses d\u2019autres technologies de ciblages de quartiers. Ces chasses diverses doivent pouvoir faire l\u2019objet d\u2019enqu\u00eates du Comit\u00e9 P et de plaintes p\u00e9nales (mise en danger de la vie d\u2019autrui, meurtre, atteintes aux libert\u00e9s individuelles, actions polici\u00e8res disproportionn\u00e9es).<\/p>\n<h3>Les p\u00e9rilleuses (dis)continuit\u00e9s du travail: ce que Covid donne \u00e0 voir.<\/h3>\n<p>La pand\u00e9mie mord \u00e9galement sur le quotidien, le rendant plus dangereux, y compris pour une part de la population qui n\u2019y \u00e9tait pas habitu\u00e9e<a class=\"external\" tabindex=\"-1\" href=\"https:\/\/blogs.mediapart.fr\/plis\/blog\/170420\/documenter-les-plis-de-covid-19-quelques-notes-propos-du-coronavirus#_ftn64\" target=\"_blank\" rel=\"noopener noreferrer\"><sup>[64]<\/sup><\/a>. Ceci se joue tr\u00e8s diff\u00e9remment selon les rapports de travail. L\u2019ensemble des espaces de travail sont reconfigur\u00e9s selon des rapports de classe, de race et de genre. Sans le vouloir, COVID les r\u00e9v\u00e8le, voire les amplifie ou les reconfigure. La question des rapports au travail d\u00e9borde sur tous les espaces de vie ; nous n\u2019\u00e9tions pas habitu\u00e9s \u00e0 le dire de mani\u00e8re si explicite.<\/p>\n<p>De fa\u00e7on transversale, cette division du travail, oppose les travailleurs \u00ab\u00a0confin\u00e9s\u00a0\u00bb aux travailleurs \u00ab expos\u00e9s\u00a0\u00bb. Les confin\u00e9s sont somm\u00e9s de le rester au risque de r\u00e9pressions polici\u00e8res \u00e0 la mesure non assum\u00e9e de l\u2019absence de modalit\u00e9s de protection. Au sein du groupe \u00ab\u00a0expos\u00e9s\u00a0\u00bb, il y a d\u2019une part ceux qui ont affaire \u00e0 des clients ou usagers et ceux qui ont affaire avant tout \u00e0 leurs coll\u00e8gues. Au sein du groupe \u00ab\u00a0confin\u00e9s\u00a0\u00bb, il y a ceux dont les activit\u00e9s sont suspendues et ceux dont les activit\u00e9s sont maintenues.<\/p>\n<p>Corps expos\u00e9s: documenter les risques, penser les rapports de race<\/p>\n<p>Outre les travailleurs du secteur de la sant\u00e9, de l\u2019aide aux sans-abris, etc., c\u2019est l\u2019ensemble jug\u00e9 \u2018essentiel\u2019 du syst\u00e8me logistique de circulation des biens et des personnes qui est expos\u00e9. En back Office, il y a du confin\u00e9 \u00e0 domicile (t\u00e9l\u00e9travail de gestion ou de communication) ou de l\u2019expos\u00e9 avec les coll\u00e8gues (Amazon, par exemple, call-centers, etc). En front office de ce capitalisme logistique, il y a les livreurs de marchandises, le personnel des transports en commun et les taxis. Comment ne pas sentir ici les profonds rapports de classe et de race des modalit\u00e9s d\u2019exposition ? En effet, la question de la classe et de la race s\u2019articule ici clairement l\u2019une, l\u2019autre. Ce sont de fait les travailleurs issus de l\u2019immigration qui assurent une bonne part de la survie du capitalisme logistique. Pendant ce temps, le bourgmestre PS de Li\u00e8ge,\u00a0 Willy Demeyer croit bon, le 31\/03\/2020, de moraliser le comportement des Afrodescendants (ne pas \u00e9couter les pasteurs, se laver les mains, etc.) au pr\u00e9texte qu\u2019ils seraient \u00ab surrepr\u00e9sent\u00e9s\u00a0\u00bb dans les h\u00f4pitaux li\u00e9geois. En l\u2019absence de toute donn\u00e9e \u00e9pid\u00e9miologique fiable, il serait a minima opportun de souligner la profonde racialisation des march\u00e9s d\u2019emploi et de non emploi, avant toute forme de responsabilisation paternaliste.<\/p>\n<p>Aux t\u00e2ches logistiques, s\u2019ajoutent les activit\u00e9s de maintenance collectives ou individuelles, comme les \u00e9boueurs, les aides \u00e0 domiciles, les services postaux et bancaires et le secteur de l\u2019approvisionnement (grandes surfaces, ind\u00e9pendants, etc.), les agents de s\u00e9curit\u00e9. Autrement dit, si la proximit\u00e9 physique avec coll\u00e8gues et clients est suspendue pour tous ceux dont il est jug\u00e9, dans les entreprises ou les secteurs qu\u2019ils peuvent faire du t\u00e9l\u00e9travail, nombre d\u2019activit\u00e9s \u00e9conomiques de face \u00e0 face, jug\u00e9es socialement n\u00e9cessaires, mais tr\u00e8s souvent aussi capitalistiquement n\u00e9cessaires, sont quant \u00e0 elles maintenues faisant courir des risques aux travailleurs pr\u00e9caires et ind\u00e9pendants, suppos\u00e9s pratiquer, avec les moyens du bord la \u00ab\u00a0distanciation sociale\u00a0\u00bb. Ainsi, ces derni\u00e8res semaines les vendeuses et vendeurs des supermarch\u00e9s, ainsi que les agents de s\u00e9curit\u00e9 du secteur de la distribution (qui filtrent aujourd\u2019hui le nombre de clients) ont \u00e9t\u00e9 expos\u00e9s sans protection aux achats de masse dus \u00e0 la peur du confinement, nomm\u00e9e \u00ab\u00a0panique\u00a0\u00bb par les m\u00e9dias et le gouvernement, alors qu\u2019il s\u2019agit d\u2019une absence bien l\u00e9gitime de confiance envers ceux qui nous gouvernent, surtout si l\u2019on pense ne pas avoir les moyens de supporter une augmentation future des prix dont l\u2019on sait depuis le 10\/04\/2020 qu\u2019elle oscille entre 5 et 10 pourcents.<\/p>\n<p>Si des contr\u00f4les de l\u2019inspection du travail ont \u00e9t\u00e9 annonc\u00e9s pour contr\u00f4ler les mesures de protection prises par les employeurs, cette inspection n\u2019a aucunement, et depuis de longues ann\u00e9es, les moyens de cette politique, qui plus est en situation pand\u00e9mique. Plus crucialement encore, il n\u2019est pas demand\u00e9 aux entreprises de justifier de l\u2019utilit\u00e9 sociale de leurs activit\u00e9s : si la machine peut tourner dans une forme bricol\u00e9e de distanciation sociale, qu\u2019elle tourne, semble-t-on dire ! Aucune mesure g\u00e9n\u00e9rale incitant \u00e0 la diminution et au partage du temps de travail pour des emplois mieux prot\u00e9g\u00e9s ! En la mati\u00e8re, ce sont plut\u00f4t les secteurs \u00e0 forte repr\u00e9sentativit\u00e9 syndicale, les secteurs \u00ab forts\u00a0\u00bb dit-on, o\u00f9 les statuts de travail sont encore relativement stables, qui ont pu, ici ou l\u00e0, imposer des n\u00e9gociations et revendications, selon les orientations de leurs d\u00e9l\u00e9gations syndicales. Les secteurs faibles, nous y reviendrons, sont caract\u00e9ris\u00e9s par l\u2019ensemble des folles cr\u00e9ativit\u00e9s du capitalisme 2.0\u00a0: CDD et interim, faux ind\u00e9pendants, ub\u00e9risation, flexibilit\u00e9 contrainte, intensification, etc. Dans ces horizons de carri\u00e8res, se croisent, en comp\u00e9tition structurelle, Noirs et Arabes aux qualifications non reconnues et Blancs sous-prol\u00e9taris\u00e9s au capital scolaire inexistant, aux c\u00f4t\u00e9s d\u2019\u00e9tudiants qui misent sur un changement prochain d\u2019horizon. Comment ne pas y voir des rapports de race au sein des rapports de classe\u00a0?<\/p>\n<p>L\u2019un de ces travailleurs, Mohamed Nahi, \u00e0 Forest (Colruyt) est en effet d\u00e9c\u00e9d\u00e9 le 02\/04\/2020 du COVID-19 : il s\u2019\u00e9tait vu refuser le port de masques et de gants qu\u2019il demandait pour lui et ses coll\u00e8gues, au motif que cela ferait \u00ab paniquer le client\u00a0\u00bb. Parmi nos proches connaissances, Khalid, facteur n&rsquo;a, lui, toujours pas re\u00e7u ni de masque ni de gant, il travaille avec son propre mat\u00e9riel de survie ! Mustapha lui travaille \u00e0 la STIB. Il a eu le cancer et ne roule plus les trams, Maintenant il les nettoie&#8230;il risque d&rsquo;en mourir. Cela fait maintenant plus d\u2019un mois (\u00e0 la date du 15 avril 2020). L\u2019absence de masques, m\u00eame bricol\u00e9s a dur\u00e9 des semaines\u00a0! Il faudra s\u2019en souvenir quelles que soient les \u00e9volutions post\u00e9rieures en la mati\u00e8re.<\/p>\n<p><b><i>Documenter les injonctions des entreprises \u00e0 l\u2019exposition COVID-19 dans leurs formes les plus multiples est central s\u2019il s\u2019agit d\u2019en r\u00e9f\u00e9rer aux tribunaux du travail comme \u00e0 la justice p\u00e9nale (responsabilit\u00e9 des entreprises en mati\u00e8re de sant\u00e9 au travail). Il s\u2019agit \u00e9galement d\u2019une enqu\u00eate syndicale de premi\u00e8re importance pour des articulations \u00e0 venir. S\u2019il s\u2019agit de partir des exp\u00e9riences telles qu\u2019elles se vivent, cette enqu\u00eate doit \u00e9galement, en plus des rapports de genre, enfin donner sa pleine visibilit\u00e9 \u00e0 la dimension raciale de la division du travail et de ses risques.<\/i><\/b><\/p>\n<p><b><i>Cela faisait longtemps que l\u2019on avait plus senti, de mani\u00e8re si diffuse, l\u2019importance de la m\u00e9decine du travail. De la m\u00eame mani\u00e8re, ne peut-on pas s\u2019inspirer de ce qui existe dans les entreprises \u00e0 risques en termes de n\u00e9gociations des conditions de travail ? Il s\u2019agit alors de rassembler les repr\u00e9sentations syndicales de l\u2019ensemble des sous-traitants. Il est alors envisageable de remonter les fili\u00e8res de productions, afin que les risques se communiquent. Le syndicalisme de r\u00e9seaux faisait d\u00e9j\u00e0 l\u2019objet d\u2019\u00e9changes et d\u2019exp\u00e9rimentations. Ne s\u2019agit-il pas d\u2019une piste \u00e0 activer et \u00e0 prolonger, y compris en mati\u00e8res salariales\u00a0?<\/i><\/b><\/p>\n<p><b><i>Dans le m\u00eame ordre d\u2019id\u00e9es, certains travailleurs dans des secteurs expos\u00e9s ont promu une r\u00e9duction du temps de travail et une r\u00e9partition des postes expos\u00e9s. Cette socialisation des risques n\u2019est-elle pas une forme de reprise, situ\u00e9e, de r\u00e9gulations collectives des temps de t\u00e2ches et de travail ?\u00a0<\/i><\/b><b>\u00a0<\/b><\/p>\n<p><b><i>Si ces activit\u00e9s en cours furent ou ont sembl\u00e9 si n\u00e9cessaires, il s\u2019agit d\u2019imaginer des formes de valorisation et de participations s\u00e9rieuses de ces travailleurs \u00e0 la d\u00e9finition de leurs conditions de travail.<\/i><\/b><\/p>\n<p>Corps confin\u00e9s: une S\u00e9cu pour penser les zones grises du salariat (travail au noir et espaces domestiques).<\/p>\n<p>La s\u00e9curit\u00e9 sociale n\u2019a jamais eu si bonne presse. Le dispositif du ch\u00f4mage temporaire a \u00e9t\u00e9, in\u00e9galement, mais massivement mobilis\u00e9 sans que personne ne cherche \u00e0 le remettre en cause. En soi, c\u2019est un \u00e9v\u00e9nement. Il s\u2019agira cependant que les comptes de la S\u00e9curit\u00e9 Sociale soient sans condition renflou\u00e9s<a class=\"external\" tabindex=\"-1\" href=\"https:\/\/blogs.mediapart.fr\/plis\/blog\/170420\/documenter-les-plis-de-covid-19-quelques-notes-propos-du-coronavirus#_ftn65\" target=\"_blank\" rel=\"noopener noreferrer\"><sup>[65]<\/sup><\/a>\u00a0: les d\u00e9ficits y servent plus qu\u2019\u00e0 leur tour de pr\u00e9textes \u00e0 des destructions de protection. Les activateurs de l\u2019ONEM sont \u00e0 l\u2019arr\u00eat. 3 semaines apr\u00e8s le d\u00e9but du confinement, \u00e0 la demande d\u2019\u00e9lus de gauche relayant des demandes associatives pressantes, la d\u00e9gressivit\u00e9 des allocations de ch\u00f4mage a \u00e9t\u00e9 suspendue pour trois mois. Ev\u00e9nement COVID\u00a0: le 08 avril 2020, a finalement \u00e9t\u00e9 \u00e0 nouveau reconnu le caract\u00e8re massivement involontaire du \u00ab\u00a0ch\u00f4mage\u00a0\u00bb en l\u2019absence de postes de travail en suffisance\u00a0! Ces arrangements sont conjoncturels mais pourraient \u00eatre relay\u00e9s. Ce sont des situations et \u00e9nonc\u00e9s susceptibles de devenir ingr\u00e9dients de lutte politique.<\/p>\n<p>Pour autant, l\u2019ensemble des arrangements pourvoyeurs de revenus n\u00e9cessaires d\u2019appoint impliquant petits boulots et contributions aux d\u00e9penses sont \u00e9galement \u00e0 l\u2019arr\u00eat (gardiennage d\u2019enfants, aides-m\u00e9nag\u00e8res, petits travaux, etc.), avec pour cons\u00e9quence de grandes tensions financi\u00e8res et sociales, au sein de logements confin\u00e9s.<\/p>\n<p>Aucune des mesures de \u00ab ch\u00f4mage temporaire\u00a0\u00bb pour les entreprises qui y auraient recours, ne semble concerner tout l\u2019entre-deux des petits boulots du salariat n\u00e9o-taylorien: int\u00e9rims, contrats d\u2019appoint, travail au noir, etc. Soit, ils sont pouss\u00e9s \u00e0 s\u2019exposer, soit ils sont \u00ab confin\u00e9s sans ressources\u00a0\u00bb. Ils continuent \u00e0 payer\u00a0 le prix d\u2019une fragilisation du statut et des allocations des \u00ab travailleurs sans emploi \u00bb. C\u2019est en ce sens qu\u2019une s\u00e9rie de revendications, en Italie (mars 2020) de \u00ab revenus de pand\u00e9mie \u00bb ont vu le jour.<\/p>\n<p><b><i>N\u2019y a-t-il pas l\u00e0 mati\u00e8re, sur base de la situation pr\u00e9sente, \u00e0 repenser le statut de travailleurs sans emploi, le niveau des allocations et \u00e0 mettre en \u00e9chec les politiques n\u00e9vrotiques d\u2019activation, de mises \u00e0 l\u2019emploi, de sanctions, d\u2019humiliations ? Les collectifs de ch\u00f4meurs ne pourraient-ils pas si\u00e9ger au sein du Conseil National du Travail\u00a0?\u00a0<\/i><\/b>Nous sentons d\u00e9j\u00e0 les appels gouvernementaux \u00e0 la \u00ab\u00a0solidarit\u00e9 de tous\u00a0\u00bb. Une s\u00e9rie de propositions de refinancement par la contribution du capital ou des revenus du capital existent, des plus structurelles aux plus conjoncturelles. Voir, parmi tant d\u2019autres, les propositions de Thomas Piketty mais aussi, en ce qui concerne le COVID, la taxe progressive europ\u00e9enne sur les b\u00e9n\u00e9fices des entreprises qui continuent \u00e0 tourner, propos\u00e9e par Camille Landais, Emmanuel Saez et Gabriel Zucman. Une autre voie possible est de faire payer des cotisations de s\u00e9curit\u00e9 sociale aux machines; non seulement, les machines participent de l\u2019extraction de valeur \u00e0 des degr\u00e9s jamais atteints mais encore l\u2019infrastructure exige d\u2019\u00eatre \u201csoign\u00e9e\u201d, des modes de prises en charge collectives qui exc\u00e8dent les op\u00e9rations de travail.<\/p>\n<p>Les t\u00e9l\u00e9travailleurs confin\u00e9s, s\u2019ils sont moins expos\u00e9s aux risques directs, rien ne semble organiser les surco\u00fbts inh\u00e9rents au travail \u00e0 domicile, ni la protection contre les pressions et le harc\u00e8lement des employeurs.<\/p>\n<p>Rien ne vient prendre en compte les diff\u00e9rences cruciales entre les domiciles, leurs surfaces, les rapports de genre et la gestion de l\u2019\u00e9ducation des enfants qui leur est sous-trait\u00e9e. Au contraire, ils semblent appel\u00e9s \u00e0 faire preuve que la \u00ab mobilisation pour le travail\u00a0\u00bb continue, de mani\u00e8re plus ou moins n\u00e9vrotique, sans que cette situation de \u00ab\u00a0confin\u00e9\u00a0\u00bb ne puisse faire alors occasion de pens\u00e9e, y compris pour les travailleurs universitaires dont il semble que ce soit le travail. Les premi\u00e8res plaintes \u00e9mergent comme des vell\u00e9it\u00e9s de gr\u00e8ve du t\u00e9l\u00e9travail.<\/p>\n<p><b><i>Il s\u2019agit d\u2019apprendre \u00e0 politiser et \u00e0 socialiser la question du t\u00e9l\u00e9travail et de ses conditions, faisant du domicile un enjeu de n\u00e9gociation collective, aux niveaux des n\u00e9gociations intersectorielles, dans les secteurs et au sein des CE.<\/i><\/b><\/p>\n<h3>Covid \u00e0 l\u2019\u00e9cole: la continuit\u00e9 p\u00e9dagogique de quoi?<\/h3>\n<p>Familles en tension: intensification des in\u00e9galit\u00e9s de classe, de race, de genre<\/p>\n<p>La continuit\u00e9 p\u00e9dagogique impos\u00e9e aux enfants et \u00e0 leurs familles, de m\u00eame qu\u2019aux enseignants est significative. Les d\u00e9clarations de la ministre interdisant aux \u00e9coles d\u2019effectuer de nouveaux enseignements \u00ab\u00a0<i>dans un souci d\u2019assurer une \u00e9galit\u00e9 devant les apprentissages\u00a0\u00bb\u00a0<\/i>n\u2019ont \u00e9t\u00e9 respect\u00e9es que dans certaines \u00e9coles \u00e0 ISE faible. Dans les autres \u00e9coles, les \u00e9l\u00e8ves et leurs familles ont \u00e9t\u00e9 d\u00e9bord\u00e9es de travail et de dispositifs online, supposant un dispositif informatique par jeune. Les \u00e9coles \u00e9litistes ont donc compt\u00e9 sur les parents, comme elles le font depuis le XIXe si\u00e8cle, pour assurer la continuit\u00e9 entre l\u2019\u00e9cole et la famille<a class=\"external\" tabindex=\"-1\" href=\"https:\/\/blogs.mediapart.fr\/plis\/blog\/170420\/documenter-les-plis-de-covid-19-quelques-notes-propos-du-coronavirus#_ftn66\" target=\"_blank\" rel=\"noopener noreferrer\"><sup>[66]<\/sup><\/a>. Continuit\u00e9s et ruptures (\u00e9cole-famille) ne sont pas des probl\u00e8mes nouveaux, mais se trouvent profond\u00e9ment radicalis\u00e9s par la crise actuelle. Ici les in\u00e9galit\u00e9s de confinement sont les plus flagrantes. Certains, les jeunes h\u00e9ritiers, reclus dans leurs villas \u00e0 la campagne profitent du confinement pour \u00ab avancer \u00bb, \u00ab approfondir \u00bb, \u00ab revoir \u00bb ; d\u2019autres, confin\u00e9s dans des logements sociaux sont d\u00e9bord\u00e9s par le travail et mis en situation de danger par cette n\u00e9cessit\u00e9 de continuer l\u2019enseignement \u00e0 tout prix et par la surcharge de travail socialement diff\u00e9renci\u00e9e induite par les dispositifs p\u00e9dagogiques online.<\/p>\n<p>A l\u2019instar des travailleurs du tertiaire, la continuit\u00e9 p\u00e9dagogique contre vents et mar\u00e9es, est une des formes du \u00ab business as usual\u00a0\u00bb. Plus que jamais, elle rend visible et exacerbe les in\u00e9galit\u00e9s produites par l\u2019appareil scolaire. Le prix de cette continuit\u00e9 est pay\u00e9 par les jeunes. La charge mentale en revient aux parents et ce, de mani\u00e8re radicalement in\u00e9gale, selon l\u2019aisance qu\u2019ils ont acquis vis-\u00e0-vis de l\u2019institution scolaire. Le mot d\u2019ordre qu\u2019aucun pouvoir institutionnel ne vient contredire selon lequel \u00ab\u00a0nos enfants vont prendre du retard\u00a0\u00bb n\u2019empoisonne pas tous les milieux avec la m\u00eame intensit\u00e9. Il ne sera pas non plus utilis\u00e9 de la m\u00eame mani\u00e8re lorsque les conseils de classe d\u00e9cideront de la r\u00e9ussite ou du redoublement des enfants. Il est \u00e9galement port\u00e9 principalement par les femmes seules avec enfants qui voient leur travail reproductif s\u2019accumuler sans aucune d\u00e9charge \u00e0 leur travail productif. Mais il est aussi pay\u00e9 plus particuli\u00e8rement dans les familles par les femmes qui r\u00e9alisent d\u00e9j\u00e0 en moyenne 72 % des t\u00e2ches m\u00e9nag\u00e8res et 65 % des t\u00e2ches parentales et qui voient dans cette crise accro\u00eetre les violences intrafamiliales et les t\u00e2ches m\u00e9nag\u00e8res de plus de 30% selon les associations qui s\u2019y consacrent. Quelles en seront les cons\u00e9quences\u00a0?<\/p>\n<p>Ne pas reprendre l\u2019\u00e9cole: penser \u00e0 l\u2019\u00e9cole!<\/p>\n<p>Les appels \u00e0 la reprise des cours (\u201cle d\u00e9confinement doux\u201d) sont d\u00e8s le 13 avril lanc\u00e9s comme des ballons d\u2019essai: au nom de \u201cl\u2019\u00e9cole pour tous\u201d (version socialiste), au nom de \u201cla reprise du travail des parents\u201d (version lib\u00e9rale), au nom de la constitution d\u2019un \u201cgroupe d\u2019immunit\u00e9\u201d (ceci fait d\u00e9bat au sein des virologues), au nom de \u201cla sociabilit\u00e9 des enfants\u201d (projection des d\u00e9sirs des enfants). On imagine d\u00e9j\u00e0 les embouteillages aux entr\u00e9es et sorties d\u2019\u00e9coles et les mesures d\u2019isolement prolong\u00e9s envers les grands-parents.<\/p>\n<p>Dans tous les cas, il semble inenvisageable de reprendre, ni cette ann\u00e9e, ni la suivante, en comme si rien ne s\u2019\u00e9tait pass\u00e9 pour les \u00e9l\u00e8ves, leurs familles, les milieux dans lesquels ils vivent, les questions que tout ceci charrie. En septembre, c\u2019est de comptes-rendus des \u00e9l\u00e8ves dont nous aurons besoin dans le scolaire comme dans le parascolaire. Que s\u2019est-il pass\u00e9 pour eux\u00a0? n\u2019est pas la moindre question. Les syndicats enseignants n\u2019ont pas uniquement parler des conditions de travail de leurs affili\u00e9s. Ils ont \u00e9galement t\u00e9moign\u00e9 de cette n\u00e9cessit\u00e9 d\u2019\u00e9change avec les \u00e9l\u00e8ves dans la presse, d\u00e8s le 31\/03\/2020.<\/p>\n<p><b><i>Plut\u00f4t que d\u2019assurer la simili-continuit\u00e9 d\u2019une p\u00e9dagogie par ailleurs en \u00e9chec en attendant le sacro-saint \u00ab retour \u00e0 la normale\u00a0\u00bb, ie la normale de criantes in\u00e9galit\u00e9s, ne faut-il pas tenter une p\u00e9riode de r\u00e9colte et d\u2019imaginations de p\u00e9dagogies mutuelles\u00a0? Notamment en commen\u00e7ant par faire r\u00e9ussir TOUS les \u00e9l\u00e8ves\u00a0? Pour ensuite avoir le temps et l\u2019espace de d\u00e9crire avec les \u00e9l\u00e8ves et leurs parents ce par quoi de l\u2019\u00e9cole nous sommes tenus (voire empoisonn\u00e9s), ce \u00e0 quoi nous sommes attach\u00e9s et ce qu\u2019impliquent comme ensemble d\u2019ajustements multilocaux, nos propositions de transformation, bref pour PENSER\u00a0? Business as usual n\u2019est-il pas ici une mani\u00e8re d\u2019emp\u00eacher ces questions d\u2019\u00e9merger ?\u00a0<\/i><\/b><\/p>\n<p>A l\u2019Unif: fuir les n\u00e9vroses, sentir covid par tous les moyens.<\/p>\n<p>Enfin, peut-\u00eatre aurions-nous pu, nous, universitaires, commencer par l\u00e0. Les universit\u00e9s ont, en Belgique, d\u00e8s le 12\/03\/20, \u00e9t\u00e9 les premi\u00e8res institutions \u00e0 arr\u00eater le travail en pr\u00e9sentiel, avant toute d\u00e9cision gouvernementale. Mais elles ont alors contribu\u00e9 \u00e0 amplifier sous covid, le mot d\u2019ordre de \u00ab continuit\u00e9 p\u00e9dagogique \u00bb, selon des modalit\u00e9s qu\u2019elles interpr\u00e8tent d\u2019ailleurs diff\u00e9remment.<\/p>\n<p>Dans celles des universit\u00e9s qui se r\u00eavent \u00e0 la pointe du progr\u00e8s num\u00e9rique (et qui fait du basculement du pr\u00e9sentiel au virtuel une sorte d\u2019odyss\u00e9e icarienne), \u00e0 l\u2019aide des parts des d\u00e9partements de p\u00e9dagogie qui peinaient \u00e0 l\u2019imposer auparavant, on impose aux enseignants une \u00ab continuit\u00e9 p\u00e9dagogique et des enseignements\u00a0\u00bb sans se soucier des cons\u00e9quences de cette surcharge de travail sur leur vie, leur sant\u00e9 et celle de leur famille, pas plus que sur celle de leurs \u00e9tudiants. Aujourd\u2019hui cette continuit\u00e9 p\u00e9dagogique est plus que jamais intenable, elle se surajoute aux situations plus invisibilis\u00e9es que sont celles des \u00e9tudiants \u00e0 qui on retire le titre de s\u00e9jour, qui se retrouvent sans toit, sans emploi,\u00a0<a class=\"external\" tabindex=\"-1\" href=\"https:\/\/academia.hypotheses.org\/20417\" target=\"_blank\" rel=\"noopener noreferrer\">sans de quoi se nourrir<\/a>.<\/p>\n<p>Dans certaines facult\u00e9s ou universit\u00e9s, ce r\u00eave appuy\u00e9 par \u00ab\u00a0covid+continuit\u00e9\u00a0\u00bb a pu cependant \u00eatre ralenti au nom de raisons divergentes entre elles. Aux r\u00eaves technologiques, s\u2019opposent, comme en miroir, les r\u00eaves nostalgiques du campus d\u2019avant la suspension, au nom d\u2019un sentimentalisme technophobe magnifiant la position professorale \u00ab\u00a0en situation\u00a0\u00bb. D\u2019autres se r\u00e9jouissent d\u2019en revenir au \u00ab\u00a0s\u00e9rieux\u00a0\u00bb, \u00e0 la recherche\u00a0; ils ne sont pas n\u00e9cessairement prompts \u00e0 multiplier les cours sur TEAMS. D\u2019autres encore font tra\u00eener le r\u00eave num\u00e9rique en arguant de mat\u00e9riel non adapt\u00e9, d\u2019une incomp\u00e9tence technique (avec s\u00e9rieux ou malice) ou de r\u00e9seaux surcharg\u00e9s. D\u2019autres enfin craignent que les assistants, voire les enseignants ne soient remplac\u00e9s par les MOOC et autres powerpoint ventriloques. Nous verrons ce qu\u2019il en adviendra, quelles techniques s\u2019imposeront, lesquelles d\u2019entre elles auront \u00e9t\u00e9 n\u00e9goci\u00e9es et quelles traces cela laissera-t-il dans les rapports entre membres des personnels acad\u00e9miques, administratifs et de recherche. Une chose est certaine, le travail de maintenance de l\u2019universit\u00e9 a \u00e9t\u00e9, dans certains secteurs (informatique, secr\u00e9tariats) amplifi\u00e9 jusqu\u2019\u00e0 saturation.<\/p>\n<p>Enfin, ici le diktat de la \u00ab continuit\u00e9 p\u00e9dagogique \u00bb r\u00e9v\u00e8le l\u2019existence d\u2019une fracture num\u00e9rique b\u00e9ante dans les usages, les pratiques et dans la possession des outils, aussi bien chez les \u00e9tudiants que chez les enseignants. Le r\u00eave d\u00e9lirant de l\u2019enseignement g\u00e9n\u00e9ralis\u00e9 \u00e0 distance tourne ainsi au cauchemar.<\/p>\n<p>Il y aurait cependant \u00e0 se demander comment continue de circuler, \u00e0 travers ces diff\u00e9rentes r\u00e9actions, plus ou moins apolog\u00e9tiques, plus ou moins r\u00e9fractaires,\u00a0 un m\u00eame ent\u00eatement \u00e0 vouloir gouverner, \u00e0 \u00e9duquer \u00e0 tout prix la jeunesse de 3 \u00e0 25 ans et \u00e0 pr\u00e9tendre pallier ce que les p\u00e9dagogues consid\u00e8rent comme les \u00ab d\u00e9faillances \u00bb des familles. A travers cet acharnement, se r\u00e9v\u00e8le aussi le rapport h\u00e9g\u00e9monique qu\u2019entretiennent ceux des enseignants et professeurs d\u2019universit\u00e9, le plus souvent en position d\u2019autorit\u00e9 acad\u00e9mique, qui pensent leurs savoirs comme universels, intemporels, repli\u00e9s sur les sillons de leurs disciplines, sans prise aucune sur le r\u00e9el de l\u2019\u00e9preuve en cours m\u00e9prisant toute formes de savoir cherchant \u00e0 intensifier les formes d\u2019exp\u00e9rience de ceux qui les portent: souvenons-nous de l\u2019organisation structurelle de la m\u00e9fiance envers les \u201c\u00e9tudes d\u00e9coloniales\u201d en France et de la distraction maladive des institutions universitaires belges \u00e0 leur \u00e9gard. Ces n\u00e9gations contribuent \u00e0 rendre difficilement pensables les effets de covid-19, autant que les insensibilit\u00e9s \u00e0 son \u00e9gard.<\/p>\n<p><b><i>Plusieurs questions restent en suspens. A quelles conditions les savoirs universitaires peuvent-ils se rendre pertinents pour, devant ou avec les acteurs qui contribuent \u00e0 briser les murs de l\u2019insensibilit\u00e9, abriter en son sein ceux qui n\u2019ont d\u2019autre choix que de d\u00e9ployer des savoirs pour arracher leur dignit\u00e9\u00a0? Autant de question qui ne peuvent \u00eatre prises en charge si nous nous abritons derri\u00e8re d\u2019improbables murs \u00e9pist\u00e9mologiques, rel\u00e9guant les \u201cexp\u00e9riences\u201d comme de vulgaires cas. Ceci commence aussi par la prise au s\u00e9rieux des probl\u00e8mes qui animent leurs \u00e9tudiants dont les, plus nombreux qu\u2019avant, rescap\u00e9s de l\u2019\u00e9cole, Noirs, Arabes, Blancs d\u00e9class\u00e9s ?<\/i><\/b><\/p>\n<p><b><i>\u00a0<\/i><\/b><\/p>\n<p><b>Troisi\u00e8me partie. Propositions d\u2019\u00e9cologies<\/b><\/p>\n<p>&nbsp;<\/p>\n<p>\u00ab\u00a0<i>Il n\u2019y aura gu\u00e8re d\u2019apr\u00e8s. Il n\u2019y aura qu\u2019une suite ininterrompue d\u2019\u00e9v\u00e9nements impr\u00e9vus. Si, de fait, le covid-19 est l\u2019expression spectaculaire de l\u2019impasse plan\u00e9taire dans laquelle l\u2019humanit\u00e9 se trouve, alors il ne s\u2019agit, ni plus ni moins, de recomposer une Terre habitable parce qu\u2019elle offrira \u00e0 tous la possibilit\u00e9 d\u2019une vie respirable. Il s\u2019agit donc de se ressaisir des ressorts de notre monde, dans le but de forger de nouvelles terres\u00a0\u00bb<a class=\"external\" tabindex=\"-1\" href=\"https:\/\/blogs.mediapart.fr\/plis\/blog\/170420\/documenter-les-plis-de-covid-19-quelques-notes-propos-du-coronavirus#_ftn67\" target=\"_blank\" rel=\"noopener noreferrer\"><sup><b>[67]<\/b><\/sup><\/a><\/i><\/p>\n<p><i>\u00a0<\/i><\/p>\n<h2>Prolonger les enqu\u00eates\u00a0!<\/h2>\n<p>Nous sentons bien, apr\u00e8s ces longues pages, la radicale incompl\u00e9tude d\u2019un texte fait \u00e0 partir des articulations dont nous disposons. Certains parmi nous, comme Natasia Hamarat, Graziella Vella, Nordine Sa\u00efdi ou Khadija Senhadji travaillent sur le rapport aux morts<a class=\"external\" tabindex=\"-1\" href=\"https:\/\/blogs.mediapart.fr\/plis\/blog\/170420\/documenter-les-plis-de-covid-19-quelques-notes-propos-du-coronavirus#_ftn68\" target=\"_blank\" rel=\"noopener noreferrer\"><sup>[68]<\/sup><\/a>, \u00e0 leurs religions, \u00e0 leurs rites et \u00e0 ce qui y compte. Dans des soci\u00e9t\u00e9s alliant s\u00e9cularisme, lib\u00e9ralisme, rationalit\u00e9 scientifique et \u00e9conomique comme mode dominant de rapport au monde et aux \u00eatres leur conf\u00e9rant une fonction utilitariste, la question de la mort est comme \u00e9vacu\u00e9e, pens\u00e9e \u00e0 la p\u00e9riph\u00e9rie de l\u2019existence et non pas comme l\u2019une de ses composantes propres. De ce fait, dans une sortie de vicariat ontologique, la mort est d\u00e9l\u00e9gu\u00e9e \u00e0 autrui et l\u2019existence elle-m\u00eame est un grand repas sacrificiel. Ainsi les temps sociaux consacr\u00e9s au deuil sont extr\u00eamement courts (p.ex. la perte d\u2019un enfant ne justifierait dans le meilleur des cas que 4 jours d\u2019absence dans un r\u00e8glement de travail). Et Mbembe craint que de possibilit\u00e9 d\u2019adieu, il y en aura de moins en moins et cette impossibilit\u00e9 signerait la fin des communaut\u00e9s<a class=\"external\" tabindex=\"-1\" href=\"https:\/\/blogs.mediapart.fr\/plis\/blog\/170420\/documenter-les-plis-de-covid-19-quelques-notes-propos-du-coronavirus#_ftn69\" target=\"_blank\" rel=\"noopener noreferrer\"><sup>[69]<\/sup><\/a>. Pourtant, alors que le temps de l\u2019\u00e9pid\u00e9mie r\u00e9introduit la mort comme proprement constitutive de nos existences, il est frappant de voir que son traitement est au contraire r\u00e9duit \u00e0 une logique comptable \u00e0 travers un d\u00e9compte quotidien macabre cens\u00e9 souligner la gravit\u00e9 de la situation. Et que la possibilit\u00e9 des rites fun\u00e9raires est dans le m\u00eame temps quasiment r\u00e9duite \u00e0 n\u00e9ant entravant s\u00e9rieusement toute perspective de deuil pour les proches des d\u00e9funts\u00a0: malades qui meurent seuls sans leurs proches, inhumations en comit\u00e9 ultra restreints, absences de pri\u00e8res fun\u00e9raires et impossibilit\u00e9 pour les citoyens d\u2019origine \u00e9trang\u00e8re de rapatrier le corps au pays pour favoriser une proximit\u00e9 physique du d\u00e9funt avec ses anc\u00eatres \u2013 comme c\u2019est souvent le cas pour les Belgo-Marocains. Ceci fait l\u2019objet de r\u00e9flexions de la part des concern\u00e9s: l\u2019une d\u2019elles, pour les d\u00e9funts morts sous confinement, relaie avec force la n\u00e9cessit\u00e9 plus criante encore de soutenir plut\u00f4t que d\u2019emp\u00eacher les cimeti\u00e8res multiconfessionnels en ouvrant les possibilit\u00e9s de traitements rituels (horaires, modes d\u2019inhumation). Les luttes \u00e9taient br\u00fblantes avant covid: elles le restent.<a class=\"external\" tabindex=\"-1\" href=\"https:\/\/blogs.mediapart.fr\/plis\/blog\/170420\/documenter-les-plis-de-covid-19-quelques-notes-propos-du-coronavirus#_ftn70\" target=\"_blank\" rel=\"noopener noreferrer\"><sup>[70]<\/sup><\/a><\/p>\n<p>D\u2019autres, comme Yann Mouton travaillent la question de l\u2019\u00e9cole ou d\u2019autres encore sur la question des d\u00e9placements ou de la sant\u00e9 mentale, etc.<\/p>\n<p>Il y a toute une s\u00e9rie d\u2019enqu\u00eates \u00e0 mener sur le degr\u00e9 de surexposition, les vitesses de propagation, de contamination, les degr\u00e9s d\u2019aggravation des sympt\u00f4mes en fonction des milieux, en ce compris les modalit\u00e9s d\u2019expositions auxquels ces milieux, activit\u00e9s, ont affaire, autant de milieux dont nous d\u00e9pendons tous. On sait d\u00e9j\u00e0 que le fait d\u2019avoir une maladie chronique (insuffisance respiratoire, pathologie cardiaque, ant\u00e9c\u00e9dent d\u2019AVC, cancer\u2026) est un facteur de risque. Avoir une activit\u00e9 de chauffeur, de livreur, de \u00ab care\u00a0\u00bb, de vendeurs, de gardien de s\u00e9curit\u00e9, aussi. Habiter dans tel ou tel type de logement, \u00e9galement. Sans m\u00eame parler des effets directs et indirects sur le \u00ab quotidien \u00bb. Nous savons en effet que le coronavirus n\u2019est pas neutre, il se r\u00e9plique et se propage \u00e0 travers les fronti\u00e8res de race, de classe et de genre.<\/p>\n<p>Personne ne peut pr\u00e9tendre, seul, faire le tour des plis du Corona, de ce qu\u2019ils nous disent. Il n\u2019y aura pas de surplomb, ou plut\u00f4t, celui-ci nous aidera mal \u00e0 ouvrir les descriptions de ce qui arrive. Le corona est venu\u00a0 interrompre brusquement le cour des choses; il met en cause le \u2018as usual\u2019. Nous avons besoin de r\u00e9pondre de ces situations, d\u2019interrompre certains automatismes, d\u2019exp\u00e9rimenter d\u2019autres branchements. Chacune des entr\u00e9es de ce texte doit encore travailler ses articulations, s\u2019engager \u00e0 prolonger les premiers relais avec les acteurs avec lesquels nous sommes, par nos pratiques universitaires ou\/et activistes, en relation.<\/p>\n<h2>\u201cNe pas y retourner\u201d: oui, mais comment?<\/h2>\n<p>COVID-19 en s&rsquo;infiltrant dans \u2013 et en affaiblissant \u2013 l&rsquo;organisme humain se propage \u00e9galement aux infrastructures qu\u2019il met sous tension; il a la particularit\u00e9 d\u2019avoir touch\u00e9 les \u00e9lites bien plus que d\u2019autres microbes. Nous avons d\u2019ailleurs entendu certains dirigeants nous affirmer qu\u2019ils s\u2019en trouvaient \u2018chang\u00e9s\u2019 : plus comme avant disent-ils m\u00eame parfois. Mais \u00ab ceux qui nous gouvernent \u00bb g\u00e8rent, en pratique, la crise dans la perspective d\u2019un retour\u00a0<i>as usual<\/i>. La normalit\u00e9 \u00e9tait bien le probl\u00e8me, et de mani\u00e8re vitale pour Noirs, Arabes et Blancs sous-prol\u00e9taris\u00e9s\u00a0: \u00e0 quoi bon y retourner\u00a0? Quant \u00e0 ceux qui nous gouvernent mais aussi aux classes moyennes et sup\u00e9rieures, bon nombre de ses tenants semblent d\u00e9couvrir tout un peuple dont ils d\u00e9pendent.<\/p>\n<h3>Obscurs d\u00e9confinements: une publicit\u00e9 des d\u00e9bats, a minima!<\/h3>\n<p>Le confinement tel qu\u2019il est pratiqu\u00e9<a class=\"external\" tabindex=\"-1\" href=\"https:\/\/blogs.mediapart.fr\/plis\/blog\/170420\/documenter-les-plis-de-covid-19-quelques-notes-propos-du-coronavirus#_ftn71\" target=\"_blank\" rel=\"noopener noreferrer\"><sup>[71]<\/sup><\/a>, sans protections, sans imagination, sans pens\u00e9es des effets consiste en la production d\u2019une simili-immunit\u00e9 de dominants aux prix de risques infectieux quotidiens des classes subalternes pour \u00ab\u00a0faire tourner l\u2019\u00e9conomie\u00a0\u00bb.<\/p>\n<p>Les gouvernements ne \u00ab prennent conscience \u00bb de rien, ils r\u00e9agissent dans l\u2019urgence et sans autre strat\u00e9gie que celle de la reprise \u00e0 venir<a class=\"external\" tabindex=\"-1\" href=\"https:\/\/blogs.mediapart.fr\/plis\/blog\/170420\/documenter-les-plis-de-covid-19-quelques-notes-propos-du-coronavirus#_ftn72\" target=\"_blank\" rel=\"noopener noreferrer\"><sup>[72]<\/sup><\/a>. D\u00e9j\u00e0 les spins doctors de la reprise n\u00e9o-lib\u00e9rale proposent de raccourcir les grandes vacances pour \u00ab\u00a0rattraper notre retard \u00e9conomique\u00a0\u00bb tout en \u00ab\u00a0rattrapant le retard des enfants\u00a0\u00bb et pour favoriser le \u00ab sentiment de prendre les choses en mains\u00a0\u00bb (cf. Geert Noels)<a class=\"external\" tabindex=\"-1\" href=\"https:\/\/blogs.mediapart.fr\/plis\/blog\/170420\/documenter-les-plis-de-covid-19-quelques-notes-propos-du-coronavirus#_ftn73\" target=\"_blank\" rel=\"noopener noreferrer\"><sup>[73]<\/sup><\/a>. De son c\u00f4t\u00e9, le Centre for Economic Policy Research (CEPR) propose d&rsquo;identifier les personnes immunis\u00e9es contre le nouveau coronavirus et celles qui ne seraient pas porteuses afin qu\u2019elles puissent reprendre le travail et relancer la production. Cette fois, il y aurait des tests mais dans quels agencements !<\/p>\n<p>Le 07\/04\/2020, le gouvernement belge compos\u00e9 de membres des partis lib\u00e9raux, chr\u00e9tiens-d\u00e9mocrates flamands, et soutenu, de l\u2019ext\u00e9rieur par les partis socialistes et \u00e9cologistes et centristes, nomme un \u00ab\u00a0Groupe des Dix\u00a0\u00bb, usurpant par l\u00e0 un nom r\u00e9serv\u00e9 \u00e0 une instance participant des n\u00e9gociations collectives en Belgique. Celui-ci est charg\u00e9 de pr\u00e9parer le d\u00e9confinement. Il est pr\u00e9sent\u00e9 comme un face-\u00e0-face avec d\u2019un c\u00f4t\u00e9 les \u00ab\u00a0experts\u00a0\u00bb du Corona, \u00e0 savoir cinq \u00e9pid\u00e9miologistes, mod\u00e9lisateurs et responsables de services de maladies infectieuses, et de l\u2019autre des experts de la \u00ab\u00a0soci\u00e9t\u00e9\u00a0\u00bb repr\u00e9sent\u00e9e ici par une juriste, le Gouverneur de la Banque Nationale, l\u2019ancien patron de la Poste ayant pr\u00e9sid\u00e9 \u00e0 sa \u00ab\u00a0modernisation\u00a0\u00bb, un \u00e9conomiste, et pour les aspects \u00ab\u00a0sociaux\u00a0\u00bb, une Secr\u00e9taire g\u00e9n\u00e9rale de la f\u00e9d\u00e9ration des services sociaux. Les repr\u00e9sentants syndicaux y sont totalement absents et la \u00ab\u00a0soci\u00e9t\u00e9 civile\u00a0\u00bb fait la part belle aux tenants d\u2019une reprise \u2018as usual\u2019. Aucun repr\u00e9sentant de quoi que ce soit ici soumis \u00e0 l\u2019enqu\u00eate. Aucune mise en d\u00e9bat de sa composition. Ces modes de gouvernementalit\u00e9 en temps de crise oscillent ici entre, d\u2019une part empathie discursive (un repr\u00e9sentant des services sociaux) et diverses formes d\u2019\u00e9tat d\u2019exception (d\u00e9lire s\u00e9curitaire) et placent, d\u2019autre part, l\u2019approche technocratique au c\u0153ur des d\u00e9cisions politiques. Ces logiques de gouvernance, hormis le fait qu\u2019elles mettent le curseur sur la n\u00e9cessit\u00e9 de la reprise \u00e9conomique et du business as usual, laissent peu (pour ne pas dire pas du tout) la place \u00e0 l\u2019\u00e9nonciation des exp\u00e9riences subjectives qui pourtant seraient \u00e0 m\u00eame de pouvoir guider l\u2019action politique. Cela en dit long sur le degr\u00e9 d\u2019arrogance de ce qui se pr\u00e9pare. Les d\u00e9bats de ce \u00ab\u00a0Groupe\u00a0\u00bb tout ill\u00e9gitime qu\u2019il soit, doivent, a minima, \u00eatre rendus publics. Il s\u2019agirait l\u00e0 de la seule mani\u00e8re de ne pas dessaisir la nature des \u00e9preuves v\u00e9cues et rendues perceptibles que nous avons, en partie, d\u00e9taill\u00e9es. Cette publicit\u00e9 permettrait de r\u00e9agir et d\u2019intervenir \u2013 refusant par l\u00e0 le statut de peuple ignorant \u00e0 conduire \u2013\u00a0 mais \u00e9galement de nous appuyer politiquement et juridiquement sur les motivations des d\u00e9cisions \u00e0 venir, sans avoir \u00e0 attendre une \u00e9ventuelle commission d\u2019enqu\u00eate parlementaire. Ce serait la moindre des choses, un premier geste de mises en politique des savoirs sur ces \u00eatres.<\/p>\n<p>Nous avons besoin de d\u00e9multiplier ce genre de mises en publics pour d\u2019autres raisons encore. Nous l\u2019avons dit, nous nous attendons d\u00e9j\u00e0 \u00e0 d\u2019autres \u00eatres porteurs d\u2019affaiblissements et de catastrophes aux effets en cascades.<\/p>\n<h3>Combattre les r\u00e9ponses toutes faites.<\/h3>\n<p>Ces effets en cascades sont incertains, parfois m\u00eame contradictoires des points de vue \u00e9cologiques, politiques et sociaux. Ils exigent de se d\u00e9partir d\u2019une s\u00e9rie de solutions \u201cr\u00e9flexes\u201d, \u00e0 commencer par les plus sombres d\u2019entre elles.<\/p>\n<p>Globalisation versus souverainisme.<\/p>\n<p>A ce titre, une s\u00e9rie d\u2019oppositions empoisonnent ces capacit\u00e9s plut\u00f4t qu\u2019elles ne les soutiennent. La premi\u00e8re d\u2019entre elles nous met devant cette folle alternative\u00a0: globalisation\u00a0<i>versus<\/i>\u00a0souverainisme. COVID-19 peut tr\u00e8s bien l\u2019activer. Comment nier en effet qu\u2019il a suivi d\u2019abord les circuits d\u2019\u00e9changes de biens et de personnes entre des sites de production globale (de l\u2019automobile de Wuhan, aux centres de loisirs, en passant par les places financi\u00e8res mondiales)\u00a0? Il a, pour ne rien arranger, pris dans et par les incapacit\u00e9s politiques de beaucoup des gouvernements occidentaux. La d\u00e9route concernant les tests, les masques et les capacit\u00e9s hospitali\u00e8res, la situation d\u2019abandon dans les homes, le comportement de gouvernements qui tent\u00e8rent de \u00ab\u00a0d\u00e9tourner\u00a0\u00bb des masques destin\u00e9s \u00e0 des pays acheteurs plus prompts, tous ces faits nourrissent ce qu\u2019il faut nommer\u00a0: humiliation. Ce sentiment d\u2019humiliation, d\u00e9j\u00e0 quotidien au sein du sous-prol\u00e9tariat, a atteint des classes sociales qui n\u2019y \u00e9taient pas habitu\u00e9es, embarquant avec lui les groupes blancs qui se sentaient, tout de m\u00eame pr\u00e9serv\u00e9s de la mani\u00e8re par laquelle le Sud \u00e9tait trait\u00e9. D\u00e9j\u00e0 l\u2019extr\u00eame-droite europ\u00e9enne et belge s\u2019appuie sur covid-19 pour en appeler \u00e0 une fermeture g\u00e9n\u00e9rale de tout ce qui pourrait l\u2019\u00eatre, en commen\u00e7ant par les fronti\u00e8res autant qu\u2019\u00e0 une militarisation des espaces publics renfor\u00e7ant le terreau d\u2019un trumpisme \u00e0 la belge. C\u2019est dangereux pour tous. L\u2019argument souverainiste a aussi ses tenants \u00e0 gauche cherchant \u00e0 \u00ab\u00a0relocaliser\u00a0\u00bb les productions, comme mani\u00e8res de chercher \u00e0 reprendre en main l\u2019appareil productif, nation par nation. A chaque pays ses usines de masques, de tests ou de respirateurs, bref \u00ab\u00a0son\u00a0\u00bb appareil productif, \u00e9ventuellement m\u00e2tin\u00e9 de \u00ab\u00a0solidarit\u00e9 internationale\u00a0\u00bb sous formes d\u2019aides au d\u00e9veloppement \u00e0 l\u2019attention des pays qui n\u2019en auraient pas les moyens.<\/p>\n<p>Pour le dire avec Bruno Latour, r\u00e9duire \u00e0 des effets de \u00ab\u00a0globalisation\u00a0\u00bb tous les processus mondiaux qui nous attachent pr\u00e9cis\u00e9ment en fait un repoussoir produisant le retour au \u00ab\u00a0local\u00a0\u00bb tout aussi r\u00e9duit par rapport \u00e0 ce dont a besoin une localit\u00e9 pour subsister. Qui plus est par temps de temp\u00eate\u00a0! Que savons-nous de ce qu\u2019il y aurait, \u00e0 l\u2019avenir, \u00e0 fabriquer. Le Capitaloc\u00e8ne s\u2019annonce d\u2019ores et d\u00e9j\u00e0 comme une \u00e8re aux temps incertains et aux effets non lin\u00e9aires\u00a0: il ne s\u2019agit pas d\u2019une catastrophe unitaire mais d\u2019une multiplication des r\u00e9actions d\u2019une Ga\u00efa chatouilleuse<a class=\"external\" tabindex=\"-1\" href=\"https:\/\/blogs.mediapart.fr\/plis\/blog\/170420\/documenter-les-plis-de-covid-19-quelques-notes-propos-du-coronavirus#_ftn74\" target=\"_blank\" rel=\"noopener noreferrer\"><sup>[74]<\/sup><\/a>. En tout \u00e9tat de cause, il signe la fin des solutions tous terrains. A chaque \u00eatre qui survient, et plusieurs pourraient survenir en m\u00eame temps (fragilit\u00e9 alimentaire soudaine et virus, par exemple), il s\u2019agit de se montrer capables de r\u00e9pondre, de mani\u00e8re diff\u00e9rente selon les situations et les localit\u00e9s. Aucune raison de penser qu\u2019un Etat ou une r\u00e9gion pourraient r\u00e9pondre, seuls, avec \u00ab\u00a0leur\u00a0\u00bb appareil productif. Ce r\u00eave nous fait perdre un temps pr\u00e9cieux. Quant aux fronti\u00e8res herm\u00e9tiques et meurtri\u00e8res, elles pourraient bien enfermer, ironie qui n\u2019arrange personne, ceux-l\u00e0 m\u00eame qui les dressent.<\/p>\n<p>N\u00e9gocier le long des cha\u00eenes de valeur<\/p>\n<p>Sans en r\u00e9duire les tenants aux figures souverainistes, il s\u2019agit de nous m\u00e9fier de \u00ab\u00a0circuit court\u00a0\u00bb quand ces termes deviennent des mots d\u2019ordre candidats aux \u00ab\u00a0le\u00e7ons de la pand\u00e9mie\u00a0\u00bb. Covid-19 fait en effet trembler la question \u00ab\u00a0\u00e0 quoi sommes-nous attach\u00e9s\u00a0?\u00a0\u00bb. Si les circuits courts permettent de le sentir, plus proche, il serait impensable d\u2019oublier en quoi et comment ces circuits s\u2019appuient, pour exister sur des espaces o\u00f9 les capitalisations (coloniales et postcoloniales) le permettent. La discussion braud\u00e9lienne de ce qui est r\u00e9serv\u00e9 aux march\u00e9s locaux, avec leurs ma\u00eetrises locales et de ce qui fait l\u2019objet d\u2019\u00e9changes transnationaux peut \u00eatre men\u00e9e (ce qui circule et jusqu\u2019o\u00f9) mais pas en faisant l\u2019\u00e9conomie d\u2019une politique des comptes et des r\u00e9parations, afin d\u2019en assurer des ma\u00eetrises collectives y compris transnationales qui ne peuvent que compter dans nos villes dites cosmopolites. Le r\u00eave des \u00ab\u00a0\u00e9conomies locales\u00a0\u00bb s\u2019ils s\u2019articulent malencontreusement aux r\u00eaves souverainistes oublient leurs versants cauchemardesques\u00a0: un effondrement brutal des \u00e9changes aux effets, eux aussi, incontr\u00f4l\u00e9s. Souvenons-nous\u00a0: c\u2019est de tels effondrements dont Polanyi<a class=\"external\" tabindex=\"-1\" href=\"https:\/\/blogs.mediapart.fr\/plis\/blog\/170420\/documenter-les-plis-de-covid-19-quelques-notes-propos-du-coronavirus#_ftn75\" target=\"_blank\" rel=\"noopener noreferrer\"><sup>[75]<\/sup><\/a>\u00a0 disait qu\u2019ils avaient contribu\u00e9 \u00e0 la Grande Guerre.<\/p>\n<p>Pour le dire autrement, aucun site ne parviendra \u00e0 s\u2019extraire seul des cha\u00eenes de valeur<a class=\"external\" tabindex=\"-1\" href=\"https:\/\/blogs.mediapart.fr\/plis\/blog\/170420\/documenter-les-plis-de-covid-19-quelques-notes-propos-du-coronavirus#_ftn76\" target=\"_blank\" rel=\"noopener noreferrer\"><sup>[76]<\/sup><\/a>\u00a0sans envoyer \u00e0 la catastrophe incontr\u00f4l\u00e9e une grande part des autres sites de cette cha\u00eene\u00a0; nous n\u2019avons pas ici de formule toute pr\u00eate mais, ce que dit covid-19 et ce qu\u2019il s\u2019agit de faire \u00e0 propos de ce virus et non comme une simple m\u00e9taphore, c\u2019est de s\u2019int\u00e9resser enfin \u00e0 tous ces n\u0153uds de production, sous-traitant par sous-traitant, noeuds dont nous d\u00e9pendons, jusqu\u2019aux confins coloniaux et postcoloniaux des sites d\u2019extraction, et de rendre visibles les plaintes collectives qui en \u00e9manent, bref de penser et de n\u00e9gocier au sein des fili\u00e8res, au sein de ce qui fait, \u00e0 un moment donn\u00e9 \u00ab\u00a0un mode de vie\u00a0\u00bb. Le travail est immense mais permet une circulation de savoirs \u00ab\u00a0terrestres\u00a0\u00bb utiles impliquant, d\u2019une mani\u00e8re peut-\u00eatre enfin non coloniale, humains et non humains. Ce travail nous articule autrement, y compris du point de vue des affects<a class=\"external\" tabindex=\"-1\" href=\"https:\/\/blogs.mediapart.fr\/plis\/blog\/170420\/documenter-les-plis-de-covid-19-quelques-notes-propos-du-coronavirus#_ftn77\" target=\"_blank\" rel=\"noopener noreferrer\"><sup>[77]<\/sup><\/a>.<\/p>\n<p>Apprendre des reprises \u201cen manuel\u201d<\/p>\n<p>Une autre opposition met en sc\u00e8ne \u201cautomatismes de production\u201d\u00a0<i>versus<\/i>\u00a0\u201ccr\u00e9ativit\u00e9s artisanales\u201d. De fait, les circulations mondiales en passent bien entendu par des machineries de production. Karl Polanyi, encore lui, avait bien insist\u00e9 sur les enjeux de contr\u00f4le des \u00eatres techniques. L\u2019habilit\u00e9 \u00e0 \u00ab\u00a0refaire soi-m\u00eame\u00a0\u00bb est certes utile \u00e0 certains confin\u00e9s, en tant que strat\u00e9gies de survie. Mais il y a d\u2019autres affaires \u00e0 amplifier. Nous ne nous d\u00e9barrasserons pas, d\u2019un seul coup, de toutes ces machineries de production qui font les infrastructures<a class=\"external\" tabindex=\"-1\" href=\"https:\/\/blogs.mediapart.fr\/plis\/blog\/170420\/documenter-les-plis-de-covid-19-quelques-notes-propos-du-coronavirus#_ftn78\" target=\"_blank\" rel=\"noopener noreferrer\"><sup>[78]<\/sup><\/a>\u00a0et la somme d\u2019arrangements sociaux qu\u2019elles permettent<a class=\"external\" tabindex=\"-1\" href=\"https:\/\/blogs.mediapart.fr\/plis\/blog\/170420\/documenter-les-plis-de-covid-19-quelques-notes-propos-du-coronavirus#_ftn79\" target=\"_blank\" rel=\"noopener noreferrer\"><sup>[79]<\/sup><\/a>. Nous ne sommes m\u00eame pas s\u00fbrs de ce qu\u2019il serait souhaitable de se \u00ab\u00a0d\u00e9barrasser\u00a0\u00bb\u00a0; nous n\u2019en avons pas fait le compte. Ce que nous pouvons proposer serait plut\u00f4t de la \u00ab\u00a0reprise en manuel\u00a0\u00bb possible de ces sites. Personne ne peut les reprendre \u00ab\u00a0seuls\u00a0\u00bb\u00a0; ces machineries s\u2019entourent. En p\u00e9riode covid-19, un d\u00e9but de tentative a bel et bien eu lieu, notamment dans l\u2019usine Audi, \u00e0 Forest. Il s\u2019agissait bien d\u2019un essai\u00a0: faire tourner une usine pour d\u2019autres affaires que ce qu\u2019elle pr\u00e9voyait initialement, pour des respirateurs (par exemple en convertissant des moteurs d\u2019essuie-glaces en pompe pour respirateurs). Cela n\u00e9cessite alors d\u2019entourer l\u2019op\u00e9ration d\u2019alli\u00e9s ext\u00e9rieurs, ici ing\u00e9nieurs et sp\u00e9cialistes des machineries m\u00e9dicales. D\u2019autres acteurs entrent dans l\u2019usine pour des raisons qui se n\u00e9gocient,\u00a0<i>ici<\/i>\u00a0des respirateurs, et pour\u00a0<i>un temps<\/i>\u00a0donn\u00e9 (et non en tout temps comme dans le r\u00eave souverainiste), en vertu d\u2019une situation qui l\u2019exige.<\/p>\n<p>Ajoutons, ce 24 avril 2020, qu\u2019il ne s\u2019agit pas ici de proposer une entente entre entreprises g\u00e9rant \u00ab\u00a0as usual\u00a0\u00bb leurs opportunit\u00e9s d\u2019investissement. Une exp\u00e9rience fran\u00e7aise a tourn\u00e9 court. Tourner court cela peut \u00eatre par empressement opportuniste et, en tous les cas, par manque d\u2019articulations \u00e0 des praticiens (m\u00e9decins, infirmiers, etc.). La reprise en manuel suppose bien l\u2019implication d\u2019un grand r\u00e9seau d\u2019acteurs. Il faudra d\u2019ailleurs apprendre et r\u00e9apprendre de ces exp\u00e9riences, y compris de leurs \u00e9checs\u00a0!<\/p>\n<p>Le partage des savoirs sur ce qui fait exister nos automatismes, m\u00eame industriels, peut faire entrevoir des formes de r\u00e9ponses, d\u2019habilet\u00e9s techniques, de ren\u00e9gociations avec ces \u00eatres-l\u00e0. Ce qui vaut pour une de ces machines n\u2019est pas tel quel transposable \u00e0 une autre\u00a0; les reprises en manuel exigent des collectifs plus ou moins vastes, plus ou moins inform\u00e9s\u00a0; ils ouvrent cependant ces machines sur des prises inattendues, susceptibles si on y parvient, de ne pas en faire simplement une infrastructure \u00e0 arr\u00eater parce que effectivement mena\u00e7ante de formes de vie. Il s\u2019agit moins l\u00e0 d\u2019une \u00ab\u00a0appropriation\u00a0\u00bb que de formes possibles d\u2019articulations pour des r\u00e9ponses\u00a0<i>appropri\u00e9es.\u00a0<\/i>Au fond, les automatismes peuvent-ils peut-\u00eatre s\u2019\u00e9valuer \u00e0 ces formes de plasticit\u00e9 si nous nous y employons.<\/p>\n<p>De quoi nous donner envie finalement de les \u00ab\u00a0collectiviser\u00a0\u00bb ou de les \u00ab\u00a0communaliser\u00a0\u00bb, non pas \u201cen g\u00e9n\u00e9ral\u201d mais \u00e0 partir de territoires d\u2019exp\u00e9riences impliqu\u00e9s, d\u2019embl\u00e9e radicalement h\u00e9t\u00e9rog\u00e8nes (travailleurs, voisins, ing\u00e9nieurs, m\u00e9decins, par exemple). C\u2019est co\u00fbteux, comme d\u2019autres propositions que donneront toutes les enqu\u00eates covid ici propos\u00e9es mais ce n\u2019est pas comme si, nous l\u2019avons vu, des \u00e9conomistes n\u2019avaient pas travaill\u00e9, ces derni\u00e8res ann\u00e9es \u00e0 des formes de financement, \u00e0 des politiques fiscales<a class=\"external\" tabindex=\"-1\" href=\"https:\/\/blogs.mediapart.fr\/plis\/blog\/170420\/documenter-les-plis-de-covid-19-quelques-notes-propos-du-coronavirus#_ftn80\" target=\"_blank\" rel=\"noopener noreferrer\"><sup>[80]<\/sup><\/a>\u00a0structurelles ou conjoncturelles (en cas de crises)<a class=\"external\" tabindex=\"-1\" href=\"https:\/\/blogs.mediapart.fr\/plis\/blog\/170420\/documenter-les-plis-de-covid-19-quelques-notes-propos-du-coronavirus#_ftn81\" target=\"_blank\" rel=\"noopener noreferrer\"><sup>[81]<\/sup><\/a>.<\/p>\n<p>Ces formes de \u201creprises en manuel\u201d g\u00e9n\u00e8rent un accroissement de comp\u00e9tences et des savoirs ouvriers, ing\u00e9nieurs et techniciens le long des cha\u00eenes de production. Elles supposent \u00e9galement l\u2019intervention de praticiens ou de groupes de demandes ext\u00e9rieurs aux unit\u00e9s techniques d\u2019exploitation (par exemple les m\u00e9decins mais aussi, selon les cas, le voisinage, bref les acteurs qui construisent des raisons de s\u2019en m\u00ealer).\u00a0 Il faudra r\u00e9fl\u00e9chir aux formes qui permettent de p\u00e9renniser et de renforcer cette reconnaissance des habilet\u00e9s et ces partages des savoirs afin de se m\u00ealer, comme salari\u00e9s ou acteurs pouvant se faire valoir comme impliqu\u00e9s, c\u2019est-\u00e0-dire int\u00e9ress\u00e9s \u00e0 la machine, de \u201cce qui\u201d est produit. Ce fait serait neuf pour les formes de n\u00e9gociations sociales belges et fran\u00e7aises qui n\u2019ont dans leurs comp\u00e9tences que la question des conditions salariales et de travail<a class=\"external\" tabindex=\"-1\" href=\"https:\/\/blogs.mediapart.fr\/plis\/blog\/170420\/documenter-les-plis-de-covid-19-quelques-notes-propos-du-coronavirus#_ftn82\" target=\"_blank\" rel=\"noopener noreferrer\"><sup>[82]<\/sup><\/a>. On peut par exemple, imaginer des conseils de fili\u00e8res (phylum d\u2019externalisation) et des conseils de sites (ce qui se traite localement, avec les sous-traitants et leurs travailleurs) relevant les probl\u00e8mes qui arrivent (\u00e9cologiques, pand\u00e9miques, sociaux, technologiques) \u00e0 explorer par les travailleurs et techniciens comme par les acteurs impliqu\u00e9s dans les reprises en manuel. C\u2019est \u00e0 partir de ces probl\u00e8mes que l\u2019on peut repenser ce qui s&rsquo;apparenterait \u00e0 une planification productive sensible \u00e0 son \u2018environnement\u2019. Ce serait, par exemple, aux directions op\u00e9rationnelles de contester les propositions des conseils et non l\u2019inverse. Un r\u00e9el partage du pouvoir et des d\u00e9cisions en d\u00e9coule, autrement dit des formes collectives mais situ\u00e9es d\u2019appropriation des moyens de production.<\/p>\n<p>N\u00e9gocier les \u201cpropri\u00e9t\u00e9s\u201d des traitements: penser avec Marlette Kyssama Nsona<\/p>\n<p>De mani\u00e8re tr\u00e8s concr\u00e8te, ces contr\u00f4les de machinerie, nous sommes amen\u00e9s \u00e0 les rencontrer \u00e0 propos des traitements, notamment des vaccins, des tests et des d\u00e9bats qu\u2019ils suscitent. Covid-19 a d\u00e9clench\u00e9 l\u2019engagement de budget de recherches colossaux. Les tests d\u2019immunit\u00e9 semblent m\u00eame devenir une condition de d\u00e9confinement. Il y aura, \u00e0 n\u2019en pas douter, une s\u00e9rie d\u2019analyses d\u00e9non\u00e7ant la \u00ab\u00a0soci\u00e9t\u00e9 de contr\u00f4le\u00a0\u00bb. Elles seront d\u2019autant plus l\u00e9gitimes que nous n\u2019arriverons pas \u00e0 nous opposer aux mani\u00e8res par lesquels vaccins et tests d\u2019immunit\u00e9 s\u2019imposent. Nous avons mentionn\u00e9 les tests vaccinaux sur corps africains. Marlette Kyssama Nsona nous force \u00e0 penser\u00a0: l\u2019Afrique, nous dit-elle, constitue historiquement et actuellement, l\u2019une des principales \u00ab\u00a0pharmacies du monde\u00a0\u00bb<a class=\"external\" tabindex=\"-1\" href=\"https:\/\/blogs.mediapart.fr\/plis\/blog\/170420\/documenter-les-plis-de-covid-19-quelques-notes-propos-du-coronavirus#_ftn83\" target=\"_blank\" rel=\"noopener noreferrer\"><sup>[83]<\/sup><\/a>, par les histoires de plantes m\u00e9dicinales, comme par l\u2019analyse des propagations virales, ou encore par l\u2019entremise des tests m\u00e9dicaux sur des corps rendus \u00ab\u00a0cheap<a class=\"external\" tabindex=\"-1\" href=\"https:\/\/blogs.mediapart.fr\/plis\/blog\/170420\/documenter-les-plis-de-covid-19-quelques-notes-propos-du-coronavirus#_ftn84\" target=\"_blank\" rel=\"noopener noreferrer\"><sup>[84]<\/sup><\/a>\u00a0\u00bb: \u00ab\u00a0L&rsquo;Afrique est en dehors de l&rsquo;espace de cr\u00e9ation de la connaissance. Les processus de recherches et les b\u00e9n\u00e9fices intellectuels\/financiers s&rsquo;\u00e9tablissent en Europe ou en Am\u00e9rique. Par contre, quand il faut faire des tests, c&rsquo;est vers l&rsquo;Afrique qu&rsquo;on se tourne.\u00a0\u00bb (Marlette Kyssama<a class=\"external\" tabindex=\"-1\" href=\"https:\/\/blogs.mediapart.fr\/plis\/blog\/170420\/documenter-les-plis-de-covid-19-quelques-notes-propos-du-coronavirus#_ftn85\" target=\"_blank\" rel=\"noopener noreferrer\"><sup>[85]<\/sup><\/a>, La Perm #10. La violence de ces rapports ne consiste pas tant, dit-elle, dans le fait de contribuer \u00e0 la production de savoirs mondiaux que dans le scandaleux refus d\u2019une partie, blanche, de ce monde \u00e0 en n\u00e9gocier les modalit\u00e9s \u2013 appropriations primitives et formes d\u2019enqu\u00eates unilat\u00e9rales \u2013, les possibilit\u00e9s de production \u2013 absence de transferts technologiques, notamment \u2013 et les retomb\u00e9es\u00a0 &#8211; des m\u00e9dicaments pour qui?, g\u00e9n\u00e9rique vs brevets, mais aussi retomb\u00e9es pour les Etats en termes d\u2019imposition &#8211; pour celles et ceux sur le corps de qui se\u00a0<i>font<\/i>\u00a0ces savoirs, ici en Afrique.<\/p>\n<p>En bout de cha\u00eenes, en Europe sans d\u2019autres n\u00e9gociations des modalit\u00e9s de d\u00e9confinement, de mises \u00e0 disposition des savoirs virologiques, nous ne pourrions aboutir aussi qu\u2019\u00e0 une autre opposition binaire entre \u00ab\u00a0technosciences\u00a0\u00bb et \u00ab\u00a0libert\u00e9s individuelles\u00a0\u00bb.<\/p>\n<p>&#8230;<\/p>\n<p>Nous disons que ces propositions sont d\u2019ordre \u00e9cologique. Elles ne visent pas \u00e0 propos d\u2019un \u00eatre \u00e0 \u00ab\u00a0r\u00e9gler\u00a0\u00bb l\u2019ensemble des r\u00e9ponses aux questions qui se pose sous Capitaloc\u00e8ne mais, \u00e0 partir de covid19, elles nous permettent d\u2019en cultiver les possibilit\u00e9s sur un mode \u00ab\u00a0non capitaliste\u00a0\u00bb. A tout le moins cherchent-elles \u00e0 s\u2019opposer \u00e0 des formes de \u00ab\u00a0reprises\u00a0\u00bb articulant n\u00e9olib\u00e9ralisme \u00e0 \u00ab\u00a0\u00e9conomie durable\u00a0\u00bb. Aucune de ces propositions, qui ont besoin de tous les savoirs exp\u00e9rientiels possibles, ne peut tout simplement tenir s\u2019il s\u2019agit de laisser les propri\u00e9taires terriens inventer des formules juridiques leur permettant de fermer ou plut\u00f4t de se r\u00e9server les chemins, et les passages &#8211; nouvelles enclosures en temps pand\u00e9mique \u2013 ou les \u00e9lites mondiales s\u2019arracher les terres qu\u2019ils imaginent prot\u00e9g\u00e9es de Nouvelle-Z\u00e9lande (leurs prix n\u2019ont jamais \u00e9t\u00e9 aussi \u00e9lev\u00e9s en temps qu\u2019espaces-valeur refuge), alors que les travailleurs expos\u00e9s de chez Colruyt, de la STIB ou de la Poste meurent de surexposition aux maladies et virus du capitalisme contemporain. Il n\u2019y a pas de refuge tenable mais des enjeux d\u2019articulations ne se basant sur aucune exp\u00e9rience \u00ab\u00a0pure\u00a0\u00bb.<\/p>\n<p>Nous verrons mais il est certain que revenir \u00ab as usual\u00bb n\u2019est jamais un retour \u00e0 la situation \u00ab d\u2019avant\u00a0\u00bb; ce n\u2019est pas un retour \u00e0 la \u00ab normale\u00a0\u00bb, retour \u00e0 la \u00ab\u00a0normale\u00a0\u00bb dont l\u2019horizon est par ailleurs insupportables dans toute une s\u00e9rie de milieux pour qui il signifie \u00ab\u00a0humiliation\u00a0\u00bb et dangers quotidiens. Ne pas tenir compte, ne rien faire de toutes les faillites, les demandes, les cris de ce moment, les plaintes \u00e9touff\u00e9es de multiples secteurs, serait une amplification de la catastrophe\u00a0: du \u00ab as usual\u00bb, humiliation et d\u00e9sespoir en plus. Comment s\u2019\u00e9tonnerait-on d\u2019ailleurs alors de l\u2019amplification des trumpismes europ\u00e9ens\u00a0? Nous devons donc contribuer \u00e0 maintenir et activer les traces de ces plaintes criantes ou \u00e9touff\u00e9es.<\/p>\n<p>Nous n\u2019avons ici qu\u2019un maigre aper\u00e7u de ce qui (nous) arrive. Nous savons que, sous d\u2019autres formes, d\u2019autres virus, d\u2019autres catastrophes nous attendent en vertu des formes \u00e9cocides d\u2019extraction et d\u2019une insensibilit\u00e9 toute coloniale. Nous savons que les questions sur nos \u00ab modes de vie \u00bb, sur ce dont nous d\u00e9pendons ne font que s\u2019ouvrir. C\u2019est pour cela aussi que nous devons documenter les plis de CovID-19, les politiser si nous ne voulons pas nous laisser submerger par la panique sanitaire qui produit impuissance et amertume. Des \u00e9tudiants, des \u00e9l\u00e8ves, des chercheuses, des activistes, des m\u00e8res des familles, des collectifs citoyens sont d\u00e9j\u00e0 \u00e0 l\u2019ouvrage pour produire un peuple de la pand\u00e9mie, des plaintes contre l\u2019Etat pour mise en danger de la vie d&rsquo;autrui sont en cours. Les plaintes et dol\u00e9ances des secteurs les plus touch\u00e9s constitueront les mat\u00e9riaux des luttes pr\u00e9sentes et \u00e0 venir, politiques et juridiques. Les r\u00e9ponses qui font sens aideront \u00e0 pointer celles qui ne le font pas. Il s\u2019agit de les faire communiquer, en une cha\u00eene de signifiance commune (pour un nouveau sens commun de la pand\u00e9mie \u00e0 instaurer), afin de formuler les propositions qui nous permettront de r\u00e9activer les luttes politiques n\u00e9cessaires, vitales.<\/p>\n<p>&nbsp;<\/p>\n<p>&nbsp;<\/p>\n<p>&nbsp;<\/p>\n<p><a class=\"external\" tabindex=\"-1\" href=\"https:\/\/blogs.mediapart.fr\/plis\/blog\/170420\/documenter-les-plis-de-covid-19-quelques-notes-propos-du-coronavirus#_ftnref1\" target=\"_blank\" rel=\"noopener noreferrer\"><sup>[1]<\/sup><\/a>\u00a0Voir \u00e0 ce sujet, Bruno Latour,<i>\u00a0O\u00f9 atterrir? Comment s\u2019orienter en politique?\u00a0<\/i>La D\u00e9couverte. Il s\u2019agit de se rendre capable de d\u00e9crire ce par quoi nous sommes tenus (et mal tenus, voire empoisonn\u00e9s), ce \u00e0 quoi nous sommes attach\u00e9s, et ce qu\u2019impliquent comme ensemble d\u2019ajustements multilocaux, nos propositions de transformation. Notre r\u00e9appropriation du terme est pr\u00e9sent\u00e9e en fin de premi\u00e8re partie.<\/p>\n<p><a class=\"external\" tabindex=\"-1\" href=\"https:\/\/blogs.mediapart.fr\/plis\/blog\/170420\/documenter-les-plis-de-covid-19-quelques-notes-propos-du-coronavirus#_ftnref2\" target=\"_blank\" rel=\"noopener noreferrer\"><sup>[2]<\/sup><\/a>\u00a0L\u2019ensemble de ce texte a b\u00e9n\u00e9fici\u00e9 d\u2019interventions, d\u2019encouragements, de contributions, de remarques ou de franches critiques et des impulsions de Nordine Sa\u00efdi, V\u00e9ronique Clette-Gakuba, Didier Debaise, Katrin Solhdju, Isabelle Stengers, Yann Mouton, Nebiyu Clette, Meike Brodersen, Marion Jacot-Descombes, Daniel Tanuro, Fleur L\u2019Heureux-Courtois, Graziella Vella, Nicolas Prignot, Serge Dalla Piazza, Natasia Hamarat, Alain Jamar, Khadija Senhadji, Marianne Van Leeuw-Koplewicz, Benedikte Zitouni. La liste est appel\u00e9e \u00e0 s\u2019allonger, nous l\u2019esp\u00e9rons.<\/p>\n<p><a class=\"external\" tabindex=\"-1\" href=\"https:\/\/blogs.mediapart.fr\/plis\/blog\/170420\/documenter-les-plis-de-covid-19-quelques-notes-propos-du-coronavirus#_ftnref3\" target=\"_blank\" rel=\"noopener noreferrer\"><sup>[3]<\/sup><\/a>\u00a0Ces politiques d\u2019aust\u00e9rit\u00e9 se sont accompagn\u00e9es, dans les ann\u00e9es 80-90 d\u2019une remise en cause des strat\u00e9gies horizontales de politiques de sant\u00e9 mondiale, qui incluaient notamment dans les pays en voie de d\u00e9veloppement, une attention particuli\u00e8re aux maladies infectieuses et \u00e0 leurs modes de traitement. Voir Jean-Paul Gaudilli\u00e8re, \u00ab Covid-19 et sant\u00e9 globale : la fin du grand partage ? \u00bb,\u00a0<i>AOC<\/i>. Elles ont signifi\u00e9, en Europe, une chute drastique du nombre de lits au sein des h\u00f4pitaux : new public management.<\/p>\n<p><a class=\"external\" tabindex=\"-1\" href=\"https:\/\/blogs.mediapart.fr\/plis\/blog\/170420\/documenter-les-plis-de-covid-19-quelques-notes-propos-du-coronavirus#_ftnref4\" target=\"_blank\" rel=\"noopener noreferrer\"><sup>[4]<\/sup><\/a>\u00a0Une s\u00e9rie de statistiques, y compris \u00e0 \u00ab gauche \u00bb, ont circul\u00e9, et circulent toujours, relativisant la mortalit\u00e9 de COVID-19. Elles ont la caract\u00e9ristique de s\u2019\u00e9baucher \u00e0 l\u2019\u00e9chelle mondiale liss\u00e9e et de ne pas prendre en compte les morts indirects par surcharge hospitali\u00e8re. D\u00e8s que l\u2019on rapporte ces statistiques \u00e0 une zone o\u00f9 se d\u00e9ploie activement la pand\u00e9mie \u2013 la Lombardie, par exemple \u2013 COVID-19 tue plus que la grippe et plus que la route. Par contre, il est vrai que, dans les r\u00e9gions du monde les plus pauvres, il ne fait que s\u2019ajouter \u00e0 la malaria et aux questions de malnutrition, en amplifiant les effets vraisemblablement cependant. Les r\u00e9actions \u00ab\u00a0de gauche\u00a0\u00bb ont \u00e9t\u00e9 tardives, \u00e0 l\u2019exception notable de la gauche trotskyste belge.<\/p>\n<p><a class=\"external\" tabindex=\"-1\" href=\"https:\/\/blogs.mediapart.fr\/plis\/blog\/170420\/documenter-les-plis-de-covid-19-quelques-notes-propos-du-coronavirus#_ftnref5\" target=\"_blank\" rel=\"noopener noreferrer\"><sup>[5]<\/sup><\/a>\u00a0\u201cDes faits et des chiffres : in\u00e9galit\u00e9s sociales de sant\u00e9\u201d,<i>\u00a0Service de lutte contre la pauvret\u00e9, la pr\u00e9carit\u00e9 et l&rsquo;exclusion sociale<\/i>\u00a0: il existe un lien entre pauvret\u00e9 et incidence de la tuberculose qui est li\u00e9 \u00e0 la sous-alimentation, \u00e0 la surpopulation, \u00e0 un renouvellement insuffisant de l\u2019air ambiant, ainsi qu\u2019\u00e0 de mauvais \u00e9quipements sanitaires. Sur le plan g\u00e9ographique, on observe \u00e9galement une corr\u00e9lation avec l\u2019urbanisation (Bruxelles, Li\u00e8ge, Anvers et Charleroi). L\u2019incidence se concentre au sein de groupes \u00e0 risques sp\u00e9cifiques, comme les demandeurs d\u2019asile et les sans-abris. Par ailleurs, en Europe, 2,5 millions de personnes vivent avec le VIH (virus de l\u2019immunod\u00e9ficience humaine), dont un tiers l\u2019ignore. Plus de 28 millions de personnes sont atteintes d\u2019h\u00e9patite virale, dont seule une minorit\u00e9 diagnostiqu\u00e9e et encore beaucoup moins, trait\u00e9e (3,5 % des h\u00e9patites C, p. ex.). Se pose aussi ici la question entre le co\u00fbt des traitements th\u00e9rapeutiques et la possibilit\u00e9 de remboursement, ainsi que d\u2019acc\u00e8s aux soins. Pour ce qui concerne l\u2019h\u00e9patite C, la maladie se gu\u00e9rit relativement bien, mais le co\u00fbt du traitement par patient s\u2019\u00e9l\u00e8ve \u00e0 quelques dizaines de milliers d\u2019euros. Ce n\u2019est que tr\u00e8s r\u00e9cemment que le remboursement \u00e0 \u00e9t\u00e9 \u00e9largi \u00e0 toutes les personnes infect\u00e9es par le VHC.<\/p>\n<p><a class=\"external\" tabindex=\"-1\" href=\"https:\/\/blogs.mediapart.fr\/plis\/blog\/170420\/documenter-les-plis-de-covid-19-quelques-notes-propos-du-coronavirus#_ftnref6\" target=\"_blank\" rel=\"noopener noreferrer\"><sup>[6]<\/sup><\/a>\u00a0\u200bAchille Mbembe<i>, \u200bBrutalisme<\/i>\u200b, La Decouverte. Dans \u201cLe droit universel \u00e0 la respiration\u201d, par rapport \u00e0 cette crises sanitaire, Achille Mbembe se demande\u00a0si le coronavirus, en s\u2019attaquant \u00e0 notre respiration, ne serait-il alors que le nom rendant visible tout ce qui sur la longue dur\u00e9e du capitalisme aura confin\u00e9 des races enti\u00e8res \u00e0 une respiration difficile, \u00e0 une vie pesante,<\/p>\n<p><a class=\"external\" tabindex=\"-1\" href=\"https:\/\/blogs.mediapart.fr\/plis\/blog\/170420\/documenter-les-plis-de-covid-19-quelques-notes-propos-du-coronavirus#_ftnref7\" target=\"_blank\" rel=\"noopener noreferrer\"><sup>[7]<\/sup><\/a>\u00a0Cette indiff\u00e9rence du virus devra faire l\u2019objet d\u2019\u00e9tudes virologiques approfondies. Il semble que les hommes soient plus expos\u00e9s \u00e0 la mort par covid sans que l\u2019on sache s\u2019il s\u2019agit d\u2019une pr\u00e9disposition de sexe ou d\u2019une combinaison plus complexe. D\u2019autres \u00e9l\u00e9ments seront \u00e0 analyser en termes de g\u00e9n\u00e9tique des populations.<\/p>\n<p><a class=\"external\" tabindex=\"-1\" href=\"https:\/\/blogs.mediapart.fr\/plis\/blog\/170420\/documenter-les-plis-de-covid-19-quelques-notes-propos-du-coronavirus#_ftnref8\" target=\"_blank\" rel=\"noopener noreferrer\"><sup>[8]<\/sup><\/a>\u00a0Alors que la plupart des Etats europ\u00e9ens rationnent les tests aux cas les plus graves, y compris pour le personnel hospitalier, nous d\u00e9couvrons chaque jour, des \u201cpositifs\u201d peu symptomatiques lorsqu\u2019ils occupent des positions \u00e9conomiques, culturelles, politiques jug\u00e9es importantes.<\/p>\n<p><a class=\"external\" tabindex=\"-1\" href=\"https:\/\/blogs.mediapart.fr\/plis\/blog\/170420\/documenter-les-plis-de-covid-19-quelques-notes-propos-du-coronavirus#_ftnref9\" target=\"_blank\" rel=\"noopener noreferrer\"><sup>[9]<\/sup><\/a>\u00a0Norman Ajari,\u00a0<i>La dignit\u00e9 ou la mort. Ethique et politique de la race<\/i>, La D\u00e9couverte.<\/p>\n<p><a class=\"external\" tabindex=\"-1\" href=\"https:\/\/blogs.mediapart.fr\/plis\/blog\/170420\/documenter-les-plis-de-covid-19-quelques-notes-propos-du-coronavirus#_ftnref10\" target=\"_blank\" rel=\"noopener noreferrer\"><sup>[10]<\/sup><\/a>\u00a0La notion de blanc d\u00e9class\u00e9 renvoie aux \u00ab\u00a0petits blancs\u00a0\u00bb de France et au White Trash US\u00a0:\u00a0\u00a0<a class=\"external\" tabindex=\"-1\" href=\"http:\/\/indigenes-republique.fr\/les-beaufs-et-les-barbares-sortir-du-dilemme\/\" target=\"_blank\" rel=\"noopener noreferrer\">http:\/\/indigenes-republique.fr\/les-beaufs-et-les-barbares-sortir-du-dilemme\/<\/a>.<\/p>\n<p><a class=\"external\" tabindex=\"-1\" href=\"https:\/\/blogs.mediapart.fr\/plis\/blog\/170420\/documenter-les-plis-de-covid-19-quelques-notes-propos-du-coronavirus#_ftnref11\" target=\"_blank\" rel=\"noopener noreferrer\"><sup>[11]<\/sup><\/a>\u00a0R\u00e9servons le terme \u201ccoron\u00e9\u201d \u00e0 la soudaine sensation d\u2019une brutale perte d\u2019immunit\u00e9. Elle s\u2019accompagne d\u2019un vent de panique qui ne s\u2019accompagne pas d\u2019une tentative d\u2019activation de ressources collectives \u00e9ventuelles. Le terme s\u2019applique \u00e0 ceux qui nous gouvernent comme \u00e0 la jeunesse blanche branch\u00e9e faisant valoir son droit aux parcs et aux derniers verres en terrasse. Nous pouvons dire que nous avons, \u00e9galement et \u00e0 des degr\u00e9s divers, \u00e9t\u00e9 atteints.<\/p>\n<p><a class=\"external\" tabindex=\"-1\" href=\"https:\/\/blogs.mediapart.fr\/plis\/blog\/170420\/documenter-les-plis-de-covid-19-quelques-notes-propos-du-coronavirus#_ftnref12\" target=\"_blank\" rel=\"noopener noreferrer\"><sup>[12]<\/sup><\/a>\u00a0On peut peut-\u00eatre ici aller outre la formulation de Fanon en parlant de \u00ab sur-\u00eatre \u00bb tant la vision lin\u00e9aire du progr\u00e8s humain et scientifique qui est consubstantielle \u00e0 la modernit\u00e9 blanche semble se pr\u00e9senter comme hors \u00ab\u00a0r\u00e9alit\u00e9 biologique\u00a0\u00bb, immunis\u00e9 en nature des microbes, comme si les Blancs avaient le pouvoir de surplomber cette r\u00e9alit\u00e9. Merci \u00e0 Khadija Senhadji pour cette mention.<\/p>\n<p><a class=\"external\" tabindex=\"-1\" href=\"https:\/\/blogs.mediapart.fr\/plis\/blog\/170420\/documenter-les-plis-de-covid-19-quelques-notes-propos-du-coronavirus#_ftnref13\" target=\"_blank\" rel=\"noopener noreferrer\"><sup>[13]<\/sup><\/a>\u00a0La destruction des stocks de masques FFP2 et son renouvellement est \u00e9galement la cons\u00e9quence de l\u2019absence de transformation des cadres politiques d&rsquo;appr\u00e9hension des troubles \u00e9pid\u00e9miques. Apr\u00e8s la temp\u00eate H1N1, le retour \u00e0 la normalisation n\u00e9olib\u00e9rale n\u2019a entrain\u00e9 aucun changement prospectif. Ce qui explique qu\u2019\u00e0 l\u2019arriv\u00e9e de Covid-19 il n\u2019existait aucun plan pand\u00e9mique de disponible.<\/p>\n<p><a class=\"external\" tabindex=\"-1\" href=\"https:\/\/blogs.mediapart.fr\/plis\/blog\/170420\/documenter-les-plis-de-covid-19-quelques-notes-propos-du-coronavirus#_ftnref14\" target=\"_blank\" rel=\"noopener noreferrer\"><sup>[14]<\/sup><\/a>\u00a0Pour ne parler d\u2019abord que des sensibilit\u00e9s institutionnelles, au retour des vacances de fin f\u00e9vrier, le 01\/03\/2020, le bourgmestre de la commune hupp\u00e9e de Woluw\u00e9 Saint-Lambert, Olivier Maingain se trouve accus\u00e9 de \u00ab faire cavalier seul \u00bb, d\u2019agir de mani\u00e8re d\u00e9sordonn\u00e9e, voire d\u2019agir de mani\u00e8re disproportionn\u00e9e, lorsqu\u2019il tente, au nom de ses comp\u00e9tences municipales, de restreindre l\u2019acc\u00e8s \u00e0 certains espaces de rassemblements sportifs et culturels.<\/p>\n<p><a class=\"external\" tabindex=\"-1\" href=\"https:\/\/blogs.mediapart.fr\/plis\/blog\/170420\/documenter-les-plis-de-covid-19-quelques-notes-propos-du-coronavirus#_ftnref15\" target=\"_blank\" rel=\"noopener noreferrer\"><sup>[15]<\/sup><\/a>\u00a0Ce qui arrive aux riches ne peut en rien nous rassurer face \u00e0 un \u00eatre pand\u00e9mique. C\u2019est minimiser leur \u00eatre-vecteur.<\/p>\n<p><a class=\"external\" tabindex=\"-1\" href=\"https:\/\/blogs.mediapart.fr\/plis\/blog\/170420\/documenter-les-plis-de-covid-19-quelques-notes-propos-du-coronavirus#_ftnref16\" target=\"_blank\" rel=\"noopener noreferrer\"><sup>[16]<\/sup><\/a>\u00a0Kyle Harper,\u00a0<i>Comment l\u2019Empire romain s\u2019est effondr\u00e9. Le climat, les maladies et la chute de Rome<\/i>.\u00a0 La D\u00e9couverte. Nous devons aussi la pr\u00e9cision de ces r\u00e9cits \u00e0 la pal\u00e9og\u00e9n\u00e9tique et, mais c\u2019est ici une autre histoire, aux \u2026glaciologues et dendrochronologues. L\u2019Empire fut en m\u00eame temps confront\u00e9 \u00e0 la fin de l\u2019Optimum Climatique Romain, aux effets inattendus et diff\u00e9renci\u00e9s selon les \u00e9cosyst\u00e8mes vari\u00e9s qu\u2019il abritait.<\/p>\n<p><a class=\"external\" tabindex=\"-1\" href=\"https:\/\/blogs.mediapart.fr\/plis\/blog\/170420\/documenter-les-plis-de-covid-19-quelques-notes-propos-du-coronavirus#_ftnref17\" target=\"_blank\" rel=\"noopener noreferrer\"><sup>[17]<\/sup><\/a>\u00a0Voir Razmig Keucheyan,\u00a0<i>La nature est un champ de bataille.\u00a0<\/i>La D\u00e9couverte.<\/p>\n<p><a class=\"external\" tabindex=\"-1\" href=\"https:\/\/blogs.mediapart.fr\/plis\/blog\/170420\/documenter-les-plis-de-covid-19-quelques-notes-propos-du-coronavirus#_ftnref18\" target=\"_blank\" rel=\"noopener noreferrer\"><sup>[18]<\/sup><\/a>\u00a0Il ne s\u2019agit pas du \u00ab\u00a0contexte ext\u00e9rieur\u00a0\u00bb cher aux sciences sociales lorsqu\u2019elles veulent se d\u00e9barrasser d\u2019un probl\u00e8me d\u2019articulation. Il s\u2019agit plut\u00f4t de circonstances qui habitent la situation, non directement qualifiables juridiquement mais susceptibles d\u2019influencer le sens des jugements.<\/p>\n<p><a class=\"external\" tabindex=\"-1\" href=\"https:\/\/blogs.mediapart.fr\/plis\/blog\/170420\/documenter-les-plis-de-covid-19-quelques-notes-propos-du-coronavirus#_ftnref19\" target=\"_blank\" rel=\"noopener noreferrer\"><sup>[19]<\/sup><\/a>\u00a0Ce roman peine lui-m\u00eame \u00e0 rendre compte des \u00e9pid\u00e9mies qui ne semblent pas menacer les vies occidentales puisque le regard de l\u2019auteur reste essentiellement eurocentr\u00e9 (l\u2019exp\u00e9rience des indig\u00e8nes alg\u00e9riens confront\u00e9s \u00e0 l\u2019\u00e9pid\u00e9mie y est tout simplement absente). Merci \u00e0 Khadija Senhadji pour cette mention.<\/p>\n<p><a class=\"external\" tabindex=\"-1\" href=\"https:\/\/blogs.mediapart.fr\/plis\/blog\/170420\/documenter-les-plis-de-covid-19-quelques-notes-propos-du-coronavirus#_ftnref20\" target=\"_blank\" rel=\"noopener noreferrer\"><sup>[20]<\/sup><\/a>\u00a0<a class=\"external\" tabindex=\"-1\" href=\"https:\/\/www.lemonde.fr\/afrique\/article\/2017\/09\/06\/des-chauves-souris-et-des-hommes-le-roman-d-ebola-de-veronique-tadjo_5181923_3212.html\" target=\"_blank\" rel=\"noopener noreferrer\">Des chauves-souris et des hommes, le roman d&rsquo;Ebola de V\u00e9ronique Tadjo<\/a><\/p>\n<p><a class=\"external\" tabindex=\"-1\" href=\"https:\/\/blogs.mediapart.fr\/plis\/blog\/170420\/documenter-les-plis-de-covid-19-quelques-notes-propos-du-coronavirus#_ftnref21\" target=\"_blank\" rel=\"noopener noreferrer\"><sup>[21]<\/sup><\/a>\u00a0Allers-retours qui se caract\u00e9risent par le passage d\u2019un chimpanz\u00e9 \u00e0 un humain au d\u00e9but du 20\u00e8me si\u00e8cle au Congo (cons\u00e9quence du mod\u00e8le colonial extractiviste belge), puis en toute vraisemblance, contamination parent\u00e9rale absolument n\u00e9cessaire au VIH humain, sous l\u2019effet de la chasse syst\u00e9matique \u00e0 coups de seringues usag\u00e9es au pian ou \u00e0 la syphilis alors mena\u00e7antes pour le syst\u00e8me colonial belge et fran\u00e7ais, avant de s\u2019\u00e9panouir dans le travail forc\u00e9 et l\u2019apartheid de Kinshasa, pour plus tard, migr\u00e9 \u00e0 Ha\u00efti et dans la communaut\u00e9 homosexuelle ouest-am\u00e9ricaine.<\/p>\n<p><a class=\"external\" tabindex=\"-1\" href=\"https:\/\/blogs.mediapart.fr\/plis\/blog\/170420\/documenter-les-plis-de-covid-19-quelques-notes-propos-du-coronavirus#_ftnref22\" target=\"_blank\" rel=\"noopener noreferrer\"><sup>[22]<\/sup><\/a>\u00a0Jacques P\u00e9pin,\u00a0<i>Aux Origines du Sida. Enqu\u00eate sur les racines coloniales d\u2019une pand\u00e9mie<\/i>. Paris, Seuil, 2019 (fr), traduction de The Origins of AIDS, Cambridge University Press, 2011.<\/p>\n<p><a class=\"external\" tabindex=\"-1\" href=\"https:\/\/blogs.mediapart.fr\/plis\/blog\/170420\/documenter-les-plis-de-covid-19-quelques-notes-propos-du-coronavirus#_ftnref23\" target=\"_blank\" rel=\"noopener noreferrer\"><sup>[23]<\/sup><\/a>\u00a0Samir Boumediene,\u00a0<i>La colonisation des savoirs, Une histoire des plantes m\u00e9dicinales<\/i>. Les \u00e9ditions des mondes \u00e0 faire.<\/p>\n<p><a class=\"external\" tabindex=\"-1\" href=\"https:\/\/blogs.mediapart.fr\/plis\/blog\/170420\/documenter-les-plis-de-covid-19-quelques-notes-propos-du-coronavirus#_ftnref24\" target=\"_blank\" rel=\"noopener noreferrer\"><sup>[24]<\/sup><\/a>\u00a0Ces experts et lanceurs d\u2019alerte n\u2019ont pas vu leur parole directement prise en compte, c\u2019est un fait, vraisemblablement \u00e9galement motiv\u00e9 par des consid\u00e9rations \u00e9conomiques et politiques\u00a0: Wuhan est un important centre d\u2019activit\u00e9 \u00e0 l\u2019\u00e9chelle locale et mondiale. Il n\u2019emp\u00eache que ceci ne peut avoir pour fonction de d\u00e9douaner \u00ab\u00a0nos\u00a0\u00bb responsables, ou de faire \u00e0 la Chine, la morale au nom des Droits Humains. Des mots sont arriv\u00e9s au tournant de l\u2019ann\u00e9e et nous n\u2019en avons rien fait, plus aptes \u00e0 commenter la politique chinoise que d\u2019envisager nos modes de r\u00e9ponses, en oubliant par ailleurs combien nos \u00e9conomies et certains de nos conforts d\u00e9pendent des productions chinoises.<\/p>\n<p><a class=\"external\" tabindex=\"-1\" href=\"https:\/\/blogs.mediapart.fr\/plis\/blog\/170420\/documenter-les-plis-de-covid-19-quelques-notes-propos-du-coronavirus#_ftnref25\" target=\"_blank\" rel=\"noopener noreferrer\"><sup>[25]<\/sup><\/a>\u00a0Les hypocondriaques d\u2019entre nous \u00e0 l\u2019imagination sp\u00e9culative (particuli\u00e8rement active en temps de pand\u00e9mie) r\u00e9clamons le titre provisoire tant convoit\u00e9 de \u201csorci\u00e8res\u201d par temps de prolif\u00e9ration sauvage du virus.<\/p>\n<p><a class=\"external\" tabindex=\"-1\" href=\"https:\/\/blogs.mediapart.fr\/plis\/blog\/170420\/documenter-les-plis-de-covid-19-quelques-notes-propos-du-coronavirus#_ftnref26\" target=\"_blank\" rel=\"noopener noreferrer\"><sup>[26]<\/sup><\/a>\u00a0Le somnambulisme est un trouble avec lequel vivent ceux qui en sont atteint. Il ne leur viendrait cependant jamais \u00e0 l\u2019id\u00e9e d\u2019organiser leurs vies en situation somnambule.<\/p>\n<p><a class=\"external\" tabindex=\"-1\" href=\"https:\/\/blogs.mediapart.fr\/plis\/blog\/170420\/documenter-les-plis-de-covid-19-quelques-notes-propos-du-coronavirus#_ftnref27\" target=\"_blank\" rel=\"noopener noreferrer\"><sup>[27]<\/sup><\/a>\u00a0Il nous a \u00e9t\u00e9 dit et r\u00e9p\u00e9t\u00e9 de les r\u00e9server au personnel hospitalier, comme si les masques de chantier qui tra\u00eenaient dans nos caves leur \u00e9taient en droit destin\u00e9s, alors que nous avons vu, dans la premi\u00e8re semaine d\u2019avril, 3 millions de masques FFP2 \u00ab chinois \u00bb renvoy\u00e9s \u00e0 l\u2019exp\u00e9diteur pour \u00ab non-conformit\u00e9\u00a0\u00bb.<\/p>\n<p><a class=\"external\" tabindex=\"-1\" href=\"https:\/\/blogs.mediapart.fr\/plis\/blog\/170420\/documenter-les-plis-de-covid-19-quelques-notes-propos-du-coronavirus#_ftnref28\" target=\"_blank\" rel=\"noopener noreferrer\"><sup>[28]<\/sup><\/a>\u00a0 Ces masques sont maintenant envisag\u00e9s comme condition du d\u00e9confinement comme le souligne ici Marius Gilbert:<\/p>\n<p>https:\/\/parismatch.be\/actualites\/387096\/coronavirus-a-t-on-minimise-des-risques-previsibles-les-reponses-nuancees-de-marius-gilbert<\/p>\n<p><a class=\"external\" tabindex=\"-1\" href=\"https:\/\/blogs.mediapart.fr\/plis\/blog\/170420\/documenter-les-plis-de-covid-19-quelques-notes-propos-du-coronavirus#_ftnref29\" target=\"_blank\" rel=\"noopener noreferrer\"><sup>[29]<\/sup><\/a>\u00a0Pour en donner un simple exemple, l\u2019ABSYM, syndicat tr\u00e8s corporatiste des m\u00e9decins, habituel grand d\u00e9fenseur des honoraires m\u00e9dicaux \u00e9lev\u00e9s et du numerus clausus, est aussi, par son porte-parole, l\u2019un de ces acteurs qui ont sonn\u00e9 l\u2019alarmes en termes d\u2019\u00e9quipement m\u00e9dical et d\u2019impr\u00e9paration gouvernementale.<\/p>\n<p><a class=\"external\" tabindex=\"-1\" href=\"https:\/\/blogs.mediapart.fr\/plis\/blog\/170420\/documenter-les-plis-de-covid-19-quelques-notes-propos-du-coronavirus#_ftnref30\" target=\"_blank\" rel=\"noopener noreferrer\"><sup>[30]<\/sup><\/a>\u00a0Une analyse des temps de r\u00e9actions diff\u00e9renci\u00e9s sera n\u00e9cessaire, selon les pays d\u2019origine et les rapports qu\u2019il s\u2019agit d&rsquo;entretenir avec ce pays. Le cas du Burundi dont l\u2019alli\u00e9 pr\u00e9sident refusa le d\u00e9part de citoyens par ailleurs belges, est exemplaire. Mais la question est celle de la responsabilit\u00e9 du gouvernement belge et non de celle d\u2019un pays souverain\u00a0: nous avons supprim\u00e9, pour les binationaux, le droit automatique \u00e0 l\u2019assistance consulaire. Dans une toute autre affaire, Ali Aarrass, belgo-marocain abandonn\u00e9 dans les prisons marocaines peut en t\u00e9moigner. Apr\u00e8s 12 ans d\u2019emprisonnement inique, Ali a \u00e9t\u00e9 d\u2019ailleurs lib\u00e9r\u00e9 ce 02 avril 2020, en plein pand\u00e9mie.<\/p>\n<p><a class=\"external\" tabindex=\"-1\" href=\"https:\/\/blogs.mediapart.fr\/plis\/blog\/170420\/documenter-les-plis-de-covid-19-quelques-notes-propos-du-coronavirus#_ftnref31\" target=\"_blank\" rel=\"noopener noreferrer\"><sup>[31]<\/sup><\/a>\u00a0Le S\u00e9n\u00e9gal, l\u2019Afrique du Sud et le Rwanda ont pu confin\u00e9 leurs populations d\u00e8s les premiers signes de contamination, accompagnant ces mesures d\u2019une organisation alimentaire ou d\u2019une contribution financi\u00e8re des \u00e9lites\u00a0; la RDC limite les d\u00e9placements \u00e0 Kinshasa. Les r\u00e9ponses au Covid-19 sont ici, comme ailleurs, largement d\u00e9pendantes de l\u2019historicit\u00e9 des r\u00e9gimes politiques mais aussi des relations post- et n\u00e9o-coloniales \u00e0 l&rsquo;oeuvre.<\/p>\n<p><a class=\"external\" tabindex=\"-1\" href=\"https:\/\/blogs.mediapart.fr\/plis\/blog\/170420\/documenter-les-plis-de-covid-19-quelques-notes-propos-du-coronavirus#_ftnref32\" target=\"_blank\" rel=\"noopener noreferrer\"><sup>[32]<\/sup><\/a>\u00a0Ils ont pour principaux moyens, des confinements aux cons\u00e9quences \u00e9conomiques qui s\u2019annoncent d\u00e9sastreuses (rendus impraticables pour une part significative de la population dont la survie d\u00e9pend de l&rsquo;\u00e9conomie urbaine) et les capacit\u00e9s solidaires de leurs habitants, non aid\u00e9s par des syst\u00e8mes de sant\u00e9 rendus quasiment inexistants par les diff\u00e9rents plans impos\u00e9s par le FMI et la BM. Face \u00e0 la propagation du virus, les Africains continuent quant \u00e0 eux \u00e0 payer la dette post-coloniale, les pr\u00e9carisant davantage<\/p>\n<p><a class=\"external\" tabindex=\"-1\" href=\"https:\/\/blogs.mediapart.fr\/plis\/blog\/170420\/documenter-les-plis-de-covid-19-quelques-notes-propos-du-coronavirus#_ftnref33\" target=\"_blank\" rel=\"noopener noreferrer\"><sup>[33]<\/sup><\/a>\u00a0 On sait que pour Ebola comme pour le VIH les populations africaines ont \u00e9t\u00e9 utilis\u00e9es comme des populations test pour les occidentaux. Comme cela s\u2019est produit au lendemain de la seconde guerre lors des campagnes coloniales de \u201clomidinisation pr\u00e9ventive\u201d, campagnes dangereuses et forc\u00e9es (le produit s\u2019est av\u00e9r\u00e9 dangereux et inefficace). Guillaume Lachenal,\u00a0<i>Le m\u00e9dicament qui devait sauver l\u2019Afrique. Un scandale pharmaceutique aux colonies<\/i>. La D\u00e9couverte.<\/p>\n<p><a class=\"external\" tabindex=\"-1\" href=\"https:\/\/blogs.mediapart.fr\/plis\/blog\/170420\/documenter-les-plis-de-covid-19-quelques-notes-propos-du-coronavirus#_ftnref34\" target=\"_blank\" rel=\"noopener noreferrer\"><sup>[34]<\/sup><\/a>\u00a0Gr\u00e9goire Chamayou,\u00a0<i>Les corps vils. Exp\u00e9rimenter sur les \u00eatres humains aux XVIIIe et XIXe si\u00e8cles.<\/i>\u00a0La D\u00e9couverte.<\/p>\n<p><a class=\"external\" tabindex=\"-1\" href=\"https:\/\/blogs.mediapart.fr\/plis\/blog\/170420\/documenter-les-plis-de-covid-19-quelques-notes-propos-du-coronavirus#_ftnref35\" target=\"_blank\" rel=\"noopener noreferrer\"><sup>[35]<\/sup><\/a>\u00a0En faisant confiance aux praticiens soignant des maladies infectieuses dont la charge virale se d\u00e9tecte dans le sang, l\u2019on pourrait \u00e0 l\u2019oppos\u00e9 consid\u00e9rer que la comparaison historique des cohortes (celles s\u2019\u00e9tant pr\u00e9sent\u00e9es avant administration du traitement et celles qui en b\u00e9n\u00e9ficient) devrait pragmatiquement suffire, en contr\u00f4lant toute une s\u00e9rie de variables (d\u00e9buts de maladie ou non, \u00e2ges, co-morbidit\u00e9s diverses, etc.). La question est ouverte\u00a0; elle porte sur la v\u00e9rit\u00e9 des traitements et non sur des positions \u00ab\u00a0a priori\u00a0\u00bb.<\/p>\n<p>&nbsp;<\/p>\n<p><a class=\"external\" tabindex=\"-1\" href=\"https:\/\/blogs.mediapart.fr\/plis\/blog\/170420\/documenter-les-plis-de-covid-19-quelques-notes-propos-du-coronavirus#_ftnref36\" target=\"_blank\" rel=\"noopener noreferrer\"><sup>[36]<\/sup><\/a>\u00a0Pour ces discussions, voir notamment, Tobie Nathan et Isabelle Stengers,\u00a0<i>M\u00e9decins et sorciers<\/i>. La D\u00e9couverte, ou encore, pour une analyse des pratiques et politiques de l\u2019industrie du m\u00e9dicament, voir Philippe Pignarre,\u00a0<i>Qu\u2019est-ce qu\u2019un m\u00e9dicament ? Un objet \u00e9trange, entre science, march\u00e9 et soci\u00e9t\u00e9.<\/i>\u00a0La D\u00e9couverte.<\/p>\n<p><a class=\"external\" tabindex=\"-1\" href=\"https:\/\/blogs.mediapart.fr\/plis\/blog\/170420\/documenter-les-plis-de-covid-19-quelques-notes-propos-du-coronavirus#_ftnref37\" target=\"_blank\" rel=\"noopener noreferrer\"><sup>[37]<\/sup><\/a>\u00a0Une inqui\u00e9tude pointe quant aux relations entre les porteurs sains h\u00e9t\u00e9rozygotes de la dr\u00e9panocytose et la maladie ou ses traitements, au sein de la diaspora africaine. Ces inqui\u00e9tudes r\u00e9sonnent avec la crainte que ne soient jamais prises en compte les sp\u00e9cificit\u00e9s de covid en Afrique.<\/p>\n<p><a class=\"external\" tabindex=\"-1\" href=\"https:\/\/blogs.mediapart.fr\/plis\/blog\/170420\/documenter-les-plis-de-covid-19-quelques-notes-propos-du-coronavirus#_ftnref38\" target=\"_blank\" rel=\"noopener noreferrer\"><sup>[38]<\/sup><\/a>\u00a0Il s\u2019agit de la promotion d\u2019une forme de pr\u00e9sence de deuxi\u00e8me, voire de troisi\u00e8me zone, si l\u2019on prolonge ici les \u00e9tudes d\u2019Abdelmalek Sayad,\u00a0<i>L\u2019immigration ou les paradoxes de l\u2019alt\u00e9rit\u00e9.<\/i>\u00a0Raisons d\u2019Agir.<\/p>\n<p><a class=\"external\" tabindex=\"-1\" href=\"https:\/\/blogs.mediapart.fr\/plis\/blog\/170420\/documenter-les-plis-de-covid-19-quelques-notes-propos-du-coronavirus#_ftnref39\" target=\"_blank\" rel=\"noopener noreferrer\"><sup>[39]<\/sup><\/a>\u00a0Par contre, les d\u00e9lais judiciaires relevant du droit des \u00e9trangers sont les seuls \u00e0 ne pas avoir \u00e9t\u00e9 prolong\u00e9s, fait d\u00e9nonc\u00e9 par la commission droit des \u00e9trangers d\u2019Avocats.be. \u00ab\u00a0Les dossiers judiciaires paralys\u00e9s, sauf pour les \u00e9trangers\u00a0\u00bb, L\u2019Echo, 02\/04\/2020.<\/p>\n<p><a class=\"external\" tabindex=\"-1\" href=\"https:\/\/blogs.mediapart.fr\/plis\/blog\/170420\/documenter-les-plis-de-covid-19-quelques-notes-propos-du-coronavirus#_ftnref40\" target=\"_blank\" rel=\"noopener noreferrer\"><sup>[40]<\/sup><\/a>\u00a0En effet, depuis le d\u00e9but de la crise, face \u00e0 l\u2019abandon des solidarit\u00e9s intra-europ\u00e9ennes, l\u2019essentiel de l\u2019aide \u00e0 l\u2019Italie est venu de la Chine, de Cuba et du Venezuela. Dans un premier temps, les Pays-Bas, avec un certain nombre d\u2019autres pays (Autriche, Finlande, Pays Baltes), se sont oppos\u00e9s \u00e0 l\u2019allocation d\u2019un fonds d\u2019urgence europ\u00e9en de 410 milliards aux pays les plus durement touch\u00e9s par la pand\u00e9mie. Aujourd\u2019hui, sous la pression, ils reviennent en arri\u00e8re mais s\u2019opposent toujours \u00e0 une mutualisation des dettes. Il s\u2019agit de refus \u00e9go\u00efstes qui semblent jouer le contribuable n\u00e9erlandais contre la solidarit\u00e9 internationale.<\/p>\n<p><a class=\"external\" tabindex=\"-1\" href=\"https:\/\/blogs.mediapart.fr\/plis\/blog\/170420\/documenter-les-plis-de-covid-19-quelques-notes-propos-du-coronavirus#_ftnref41\" target=\"_blank\" rel=\"noopener noreferrer\"><sup>[41]<\/sup><\/a>\u00a0L\u2019insensibilit\u00e9 r\u00e9sonne en effet alors avec l\u2019innocence, comme le dit Houria Bouteldja: \u00ab\u00a0Moi je vous vois, je vous fr\u00e9quente, je vous observe. Vous avez tous ce visage d\u2019innocence. C\u2019est l\u00e0 que r\u00e9side votre derni\u00e8re victoire, avoir r\u00e9ussi \u00e0 vous exon\u00e9rer de toute faute (\u2026) Nous sommes coupables, vous \u00eates innocents (\u2026) Vous \u00eates des anges parce vous avez le pouvoir de vous d\u00e9clarer \u00eatre des anges et celui de faire de nous des barbares. (\u2026) L\u2019indig\u00e8ne spoli\u00e9 est vulgaire, le Blanc spoliateur est raffin\u00e9. \u00c0 un bout de la cha\u00eene se trouve la barbarie, \u00e0 l\u2019autre la civilisation. C\u2019est bon ce truc d\u2019\u00eatre innocent : \u00e7a permet de jouer la candeur, et d\u2019\u00eatre toujours du c\u00f4t\u00e9 aimable\u2026 \u00bb Houria Bouteldja,\u00a0<i>Les Blancs, les Juifs et nous: vers une politique de l\u2019amour r\u00e9volutionnaire<\/i>. Prairies ordinaires.<\/p>\n<p><a class=\"external\" tabindex=\"-1\" href=\"https:\/\/blogs.mediapart.fr\/plis\/blog\/170420\/documenter-les-plis-de-covid-19-quelques-notes-propos-du-coronavirus#_ftnref42\" target=\"_blank\" rel=\"noopener noreferrer\"><sup>[42]<\/sup><\/a>\u00a0Voir Isabelle Stengers,\u00a0<i>R\u00e9activer le sens commun. Lecture de Whitehead en temps de d\u00e9b\u00e2cle<\/i>. La D\u00e9couverte.<\/p>\n<p><a class=\"external\" tabindex=\"-1\" href=\"https:\/\/blogs.mediapart.fr\/plis\/blog\/170420\/documenter-les-plis-de-covid-19-quelques-notes-propos-du-coronavirus#_ftnref43\" target=\"_blank\" rel=\"noopener noreferrer\"><sup>[43]<\/sup><\/a>\u00a0Le contexte de forte concurrence fiscale et sociale entre les social-d\u00e9mocraties europ\u00e9ennes pose de d&rsquo;ailleurs de multiples difficult\u00e9s aux pays africains, asiatiques et latino-ame\u0301ricains dans leur d\u00e9veloppement de mod\u00e8les sociaux viables.<\/p>\n<p><a class=\"external\" tabindex=\"-1\" href=\"https:\/\/blogs.mediapart.fr\/plis\/blog\/170420\/documenter-les-plis-de-covid-19-quelques-notes-propos-du-coronavirus#_ftnref44\" target=\"_blank\" rel=\"noopener noreferrer\"><sup>[44]<\/sup><\/a>\u00a0L&rsquo;instauration de telles assembl\u00e9es transnationales pourrait \u00e9galement voter des formes d&rsquo;imp\u00f4ts communs sur les plus hauts revenus et patrimoines, sur les plus grandes entreprises, les transations financi\u00e8re, les \u00e9missions carbones, etc.<\/p>\n<p><a class=\"external\" tabindex=\"-1\" href=\"https:\/\/blogs.mediapart.fr\/plis\/blog\/170420\/documenter-les-plis-de-covid-19-quelques-notes-propos-du-coronavirus#_ftnref45\" target=\"_blank\" rel=\"noopener noreferrer\"><sup>[45]<\/sup><\/a><\/p>\n<p><a class=\"external\" tabindex=\"-1\" href=\"https:\/\/blogs.mediapart.fr\/plis\/blog\/170420\/documenter-les-plis-de-covid-19-quelques-notes-propos-du-coronavirus#_ftnref46\" target=\"_blank\" rel=\"noopener noreferrer\"><sup>[46]<\/sup><\/a>\u00a0Elsa Roland,\u00a0<i>G\u00e9n\u00e9alogie des dispositifs \u00e9ducatifs en Belgique (XIV &#8211; XXe si\u00e8cle). Disciplinarisation et biopolitique de l\u2019enfance\u00a0<\/i>(Th\u00e8se).\u00a0<i>\u00a0\u00a0\u00a0<\/i><\/p>\n<p><a class=\"external\" tabindex=\"-1\" href=\"https:\/\/blogs.mediapart.fr\/plis\/blog\/170420\/documenter-les-plis-de-covid-19-quelques-notes-propos-du-coronavirus#_ftnref47\" target=\"_blank\" rel=\"noopener noreferrer\"><sup>[47]<\/sup><\/a>\u00a0Gr\u00e9goire Chamayou,\u00a0<i>La soci\u00e9t\u00e9 ingouvernable. Une g\u00e9n\u00e9alogie du lib\u00e9ralisme autoritaire<\/i>. La Fabrique<\/p>\n<p>&nbsp;<\/p>\n<p><a class=\"external\" tabindex=\"-1\" href=\"https:\/\/blogs.mediapart.fr\/plis\/blog\/170420\/documenter-les-plis-de-covid-19-quelques-notes-propos-du-coronavirus#_ftnref48\" target=\"_blank\" rel=\"noopener noreferrer\"><sup>[48]<\/sup><\/a>\u00a0Les syndicats n\u2019ont pas \u00e9t\u00e9 associ\u00e9s \u00e0 la confection de cette liste de \u00ab\u00a0secteurs vitaux\u00a0\u00bb. et l\u2019on nous parlera des bienfaits de la concertation sociale\u00a0!<\/p>\n<p><a class=\"external\" tabindex=\"-1\" href=\"https:\/\/blogs.mediapart.fr\/plis\/blog\/170420\/documenter-les-plis-de-covid-19-quelques-notes-propos-du-coronavirus#_ftnref49\" target=\"_blank\" rel=\"noopener noreferrer\"><sup>[49]<\/sup><\/a>\u00a0La s\u00e9curit\u00e9 sociale telle qu\u2019elle se met en place au lendemain de la Seconde Guerre Mondiale s&rsquo;effectue en r\u00e9alit\u00e9 d\u2019embl\u00e9e sur un partenariat public\/priv\u00e9 : \u00ab\u00a0Apr\u00e8s le deuxi\u00e8me GM la Belgique est un des seuls Etats \u00e0 favoriser des interrvention strictement \u00e9conomique; contre toutes les politiques de planification d\u2019Etat, de dirigisme et d\u2019interventionnisme keyn\u00e9sien\u00a0\u00bb (Foucault,\u00a0<i>Naissance de la biopolitique<\/i>, p. 83). En outre, cette forme lib\u00e9rale de s\u00e9curit\u00e9 sociale n\u2019a jamais fait l\u2019objet d\u2019une syst\u00e9matisation et d\u2019une r\u00e9flexion d\u2019ensemble sur les formes de r\u00e9partition des richesses. Elle est donc demeur\u00e9 un acquis fragile qui a mal r\u00e9sist\u00e9 aux assauts n\u00e9olib\u00e9raux des ann\u00e9es 1980-90 qui se sont d\u00e9ploy\u00e9s, entre autre, sous le forme d\u2019une f\u00e9d\u00e9ralisation de l\u2019Etat social (Dirck,\u00a0<i>La concurrence ethnique : la Belgique, l\u2019Europe et le n\u00e9olib\u00e9ralisme<\/i>) .\u00a0\u00a0\u00a0\u00a0\u00a0\u00a0\u00a0<i>\u00a0<\/i><\/p>\n<p><a class=\"external\" tabindex=\"-1\" href=\"https:\/\/blogs.mediapart.fr\/plis\/blog\/170420\/documenter-les-plis-de-covid-19-quelques-notes-propos-du-coronavirus#_ftnref50\" target=\"_blank\" rel=\"noopener noreferrer\"><sup>[50]<\/sup><\/a>\u00a0En particulier en Italie, en Tch\u00e9coslovaquie, en Autriche et en Hongrie entre 1919 et 1923,(jusqu&rsquo;\u00e0 50 %), au Japon en 1946-7 (90%), en France (45 %, imp\u00f4t de solidarit\u00e9 nationale : au budget g\u00e9n\u00e9ral et pas sp\u00e9cifiquement affect\u00e9s \u00e0 r\u00e9duire la dette).<\/p>\n<p><a class=\"external\" tabindex=\"-1\" href=\"https:\/\/blogs.mediapart.fr\/plis\/blog\/170420\/documenter-les-plis-de-covid-19-quelques-notes-propos-du-coronavirus#_ftnref51\" target=\"_blank\" rel=\"noopener noreferrer\"><sup>[51]<\/sup><\/a>\u00a0A<i>vec le plus souvent une exemption totale des plus faibles patrimoines et des taux de l\u2019ordre de 5 %-10 % pour les proprie\u0301te\u0301s moyennes, et de 30 %-50 % pour les grandes fortunes, voire davantage.<\/i><\/p>\n<p><a class=\"external\" tabindex=\"-1\" href=\"https:\/\/blogs.mediapart.fr\/plis\/blog\/170420\/documenter-les-plis-de-covid-19-quelques-notes-propos-du-coronavirus#_ftnref52\" target=\"_blank\" rel=\"noopener noreferrer\"><i><sup><b>[52]<\/b><\/sup><\/i><\/a>\u00a0\u00ab\u00a0Apre\u0300s le sang verse\u0301 par les classes populaires, il e\u0301tait impossible de ne pas demander un effort ine\u0301dit aux classes privile\u0301gie\u0301es, afin d\u2019apurer les dettes issues de la guerre, et aussi pour permettre la reconstruction de pays durement e\u0301prouve\u0301s et la mise en place d\u2019une plus grande justice.\u00a0\u00bb<\/p>\n<p><a class=\"external\" tabindex=\"-1\" href=\"https:\/\/blogs.mediapart.fr\/plis\/blog\/170420\/documenter-les-plis-de-covid-19-quelques-notes-propos-du-coronavirus#_ftnref53\" target=\"_blank\" rel=\"noopener noreferrer\"><sup>[53]<\/sup><\/a>\u00a0Entretien de William Dab, \u00e9pid\u00e9miologiste dans https:\/\/www.huffingtonpost.fr\/entry\/coronavirus-la-gestion-de-lepidemie-est-mediocre-selon-william-dab_fr_5e91885bc5b6f7b1ea816f95<\/p>\n<p><a class=\"external\" tabindex=\"-1\" href=\"https:\/\/blogs.mediapart.fr\/plis\/blog\/170420\/documenter-les-plis-de-covid-19-quelques-notes-propos-du-coronavirus#_ftnref54\" target=\"_blank\" rel=\"noopener noreferrer\"><sup>[54]<\/sup><\/a>\u00a0L\u2019Avis n\u00b0 48 du 30 mars 2009 relatif au plan op\u00e9rationnel belge \u00ab pand\u00e9mie influenza \u00bb, \u00e0 la demande de la Ministre de la sant\u00e9 Onkelinx signalait alors la mise \u00e0 disposition par l\u2019Etat de 32 millions de masques chirurgicaux et de 6 millions de masques FFP2.<\/p>\n<p>&nbsp;<\/p>\n<p><a class=\"external\" tabindex=\"-1\" href=\"https:\/\/blogs.mediapart.fr\/plis\/blog\/170420\/documenter-les-plis-de-covid-19-quelques-notes-propos-du-coronavirus#_ftnref55\" target=\"_blank\" rel=\"noopener noreferrer\"><sup>[55]<\/sup><\/a>\u00a0Aujourd\u2019hui, ce sont certaines communes qui recommandent \u00e0 leurs habitants de sortir masqu\u00e9s (Wavre, par exemple).<\/p>\n<p><a class=\"external\" tabindex=\"-1\" href=\"https:\/\/blogs.mediapart.fr\/plis\/blog\/170420\/documenter-les-plis-de-covid-19-quelques-notes-propos-du-coronavirus#_ftnref56\" target=\"_blank\" rel=\"noopener noreferrer\"><sup>[56]<\/sup><\/a>\u00a0Voir, Jean-Claude Gaudilli\u00e8re,\u00a0<i>op.cit<\/i>.<\/p>\n<p><a class=\"external\" tabindex=\"-1\" href=\"https:\/\/blogs.mediapart.fr\/plis\/blog\/170420\/documenter-les-plis-de-covid-19-quelques-notes-propos-du-coronavirus#_ftnref57\" target=\"_blank\" rel=\"noopener noreferrer\"><sup>[57]<\/sup><\/a>\u00a0https:\/\/www.youtube.com\/watch?time_continue=5&amp;v=oJLqyuxm96k&amp;feature=emb_logo<\/p>\n<p><a class=\"external\" tabindex=\"-1\" href=\"https:\/\/blogs.mediapart.fr\/plis\/blog\/170420\/documenter-les-plis-de-covid-19-quelques-notes-propos-du-coronavirus#_ftnref58\" target=\"_blank\" rel=\"noopener noreferrer\"><sup>[58]<\/sup><\/a>\u00a0C\u2019est aussi le cas en France, et \u00e9galement de m\u00e9decins qui font litt\u00e9ralement tenir certains grands h\u00f4pitaux :\u00a0<a class=\"external\" tabindex=\"-1\" href=\"https:\/\/lesjours.fr\/obsessions\/urgences\/ep6-medecins-etrangers\/\" target=\"_blank\" rel=\"noopener noreferrer\">https:\/\/lesjours.fr\/obsessions\/urgences\/ep6-medecins-etrangers\/<\/a>. En Belgique deux des trois premi\u00e8res travailleuses dans des secteurs de sant\u00e9, ici, centre pour personnes d\u00e9sorient\u00e9es et maison de repos, (h\u00f4pital et homes) victimes de COVID sont afrodescendantes\u00a0: Fran\u00e7oise Soamaro et Madame M.<\/p>\n<p><a class=\"external\" tabindex=\"-1\" href=\"https:\/\/blogs.mediapart.fr\/plis\/blog\/170420\/documenter-les-plis-de-covid-19-quelques-notes-propos-du-coronavirus#_ftnref59\" target=\"_blank\" rel=\"noopener noreferrer\"><sup>[59]<\/sup><\/a>\u00a0Voir, notamment, les travaux de l\u2019Institut DingDingDong. Voir \u00e9galement les combats des malades du Sida dans Didier Lestrade,\u00a0<i>Act Up, une histoire,\u00a0<\/i>Deno\u00ebl.<\/p>\n<p><a class=\"external\" tabindex=\"-1\" href=\"https:\/\/blogs.mediapart.fr\/plis\/blog\/170420\/documenter-les-plis-de-covid-19-quelques-notes-propos-du-coronavirus#_ftnref60\" target=\"_blank\" rel=\"noopener noreferrer\"><sup>[60]<\/sup><\/a>\u00a0Le Genepi a notamment relay\u00e9 une carte blanche largement partag\u00e9e, d\u00e8s le 26 mars 2020.<\/p>\n<p><a class=\"external\" tabindex=\"-1\" href=\"https:\/\/blogs.mediapart.fr\/plis\/blog\/170420\/documenter-les-plis-de-covid-19-quelques-notes-propos-du-coronavirus#_ftnref61\" target=\"_blank\" rel=\"noopener noreferrer\"><sup>[61]<\/sup><\/a>\u00a0Voir \u00e0 ce sujet Razmig Keucheyan,\u00a0<i>La nature est un champ de bataille<\/i>. La D\u00e9couverte.<\/p>\n<p><a class=\"external\" tabindex=\"-1\" href=\"https:\/\/blogs.mediapart.fr\/plis\/blog\/170420\/documenter-les-plis-de-covid-19-quelques-notes-propos-du-coronavirus#_ftnref62\" target=\"_blank\" rel=\"noopener noreferrer\"><sup>[62]<\/sup><\/a>\u00a0En l\u2019absence de testing g\u00e9n\u00e9ralis\u00e9, les seuls indicateurs qui seront \u00e0 notre disposition pour en prendre l\u2019exacte mesure seront le nombre d\u2019hospitalisation et le nombre de d\u00e9c\u00e8s par communes et par \u00e2ge. Le nombre de cas \u00ab\u00a0positifs\u00a0\u00bb ne pourra pas servir d\u2019indicateur fiable\u00a0: il d\u00e9pend en effet des propensions \u00e0 tester que l\u2019on peut supposer sensibles aux indicateurs socio-\u00e9conomiques.<\/p>\n<p><a class=\"external\" tabindex=\"-1\" href=\"https:\/\/blogs.mediapart.fr\/plis\/blog\/170420\/documenter-les-plis-de-covid-19-quelques-notes-propos-du-coronavirus#_ftnref63\" target=\"_blank\" rel=\"noopener noreferrer\"><sup>[63]<\/sup><\/a>\u00a0Ces formes collectives de soin limitent les d\u00e9placements inutiles entre quartiers, diminuent les inqui\u00e9tudes et tr\u00e8s directement, permettent \u00e0 des vieux, des malades de tous bords de disposer des attentions n\u00e9cessaires.<\/p>\n<p><a class=\"external\" tabindex=\"-1\" href=\"https:\/\/blogs.mediapart.fr\/plis\/blog\/170420\/documenter-les-plis-de-covid-19-quelques-notes-propos-du-coronavirus#_ftnref64\" target=\"_blank\" rel=\"noopener noreferrer\"><sup>[64]<\/sup><\/a>\u00a0Voir, encore une fois, Norman Ajari,\u00a0<i>op.cit.,<\/i>\u00a0\u00e0 propos des groupes, Noirs et Arabes pour qui l\u2019exp\u00e9rience \u00ab quotidienne \u00bb est source, non de repli et de joyeuse appropriation, mais de dangers.<\/p>\n<p><a class=\"external\" tabindex=\"-1\" href=\"https:\/\/blogs.mediapart.fr\/plis\/blog\/170420\/documenter-les-plis-de-covid-19-quelques-notes-propos-du-coronavirus#_ftnref65\" target=\"_blank\" rel=\"noopener noreferrer\"><sup>[65]<\/sup><\/a>\u00a0Et pas par une flat tax que serait un imp\u00f4t Corona g\u00e9n\u00e9ralis\u00e9 injuste socialement.<\/p>\n<p><a class=\"external\" tabindex=\"-1\" href=\"https:\/\/blogs.mediapart.fr\/plis\/blog\/170420\/documenter-les-plis-de-covid-19-quelques-notes-propos-du-coronavirus#_ftnref66\" target=\"_blank\" rel=\"noopener noreferrer\"><sup>[66]<\/sup><\/a>\u00a0Voir, \u00e0 ce sujet Yann Mouton, \u201cA propos de l\u2019\u00e9cole \u00e0 la maison\u201d, 03\/04\/2020.<\/p>\n<p><a class=\"external\" tabindex=\"-1\" href=\"https:\/\/blogs.mediapart.fr\/plis\/blog\/170420\/documenter-les-plis-de-covid-19-quelques-notes-propos-du-coronavirus#_ftnref67\" target=\"_blank\" rel=\"noopener noreferrer\"><sup>[67]<\/sup><\/a>\u00a0Achille Mbembe, \u00ab\u00a0Le droit universel \u00e0 la respiration\u00a0\u00bb,\u00a0<i>AOC.<\/i>\u00a0Achille Mbembe fait ici de la respiration, une affaire ici situ\u00e9e (poumons, effets diff\u00e9renci\u00e9s).<\/p>\n<p><a class=\"external\" tabindex=\"-1\" href=\"https:\/\/blogs.mediapart.fr\/plis\/blog\/170420\/documenter-les-plis-de-covid-19-quelques-notes-propos-du-coronavirus#_ftnref68\" target=\"_blank\" rel=\"noopener noreferrer\"><sup>[68]<\/sup><\/a>\u00a0Natasia Hamarat nous communique ce lien\u00a0:\u00a0<a class=\"external\" tabindex=\"-1\" href=\"https:\/\/www.erudit.org\/fr\/revues\/as\/1999-v23-n2-as808\/015601ar\/\" target=\"_blank\" rel=\"noopener noreferrer\">https:\/\/www.erudit.org\/fr\/revues\/as\/1999-v23-n2-as808\/015601ar\/<\/a>.<\/p>\n<p><a class=\"external\" tabindex=\"-1\" href=\"https:\/\/blogs.mediapart.fr\/plis\/blog\/170420\/documenter-les-plis-de-covid-19-quelques-notes-propos-du-coronavirus#_ftnref69\" target=\"_blank\" rel=\"noopener noreferrer\"><sup>[69]<\/sup><\/a>\u00a0Voir Achille Mbembe, REF. Mbembe ajoute: \u00ab\u00a0Car, la communaut\u00e9 ou plut\u00f4t \u200bl\u2019en-commun ne repose pas uniquement sur la possibilit\u00e9 de dire \u200baurevoir,\u200b c\u2019est-\u00e0-dire de prendre chaque fois avec d\u2019autres un rendez-vous unique et chaque fois \u00e0 honorer de nouveau.\u200b L\u2019en-commun repose aussi sur la possibilit\u00e9 du partage sans condition et chaque fois \u00e0 reprendre de quelque chose d\u2019absolument intrins\u00e8que, c\u2019est-\u00e0-dire d\u2019incomptable, d\u2019incalculable, et donc \u200bsans prix\u200b \u00bb<\/p>\n<p><a class=\"external\" tabindex=\"-1\" href=\"https:\/\/blogs.mediapart.fr\/plis\/blog\/170420\/documenter-les-plis-de-covid-19-quelques-notes-propos-du-coronavirus#_ftnref70\" target=\"_blank\" rel=\"noopener noreferrer\"><sup>[70]<\/sup><\/a>\u00a0Voir Graziella Vella, \u00ab\u00a0Les territoires des morts\u00a0\u00bb<i>, Clara<\/i>, n\u00b06.<\/p>\n<p><a class=\"external\" tabindex=\"-1\" href=\"https:\/\/blogs.mediapart.fr\/plis\/blog\/170420\/documenter-les-plis-de-covid-19-quelques-notes-propos-du-coronavirus#_ftnref71\" target=\"_blank\" rel=\"noopener noreferrer\"><sup>[71]<\/sup><\/a>\u00a0Nous n\u2019entrons pas ici dans les morbides calculs de co\u00fbt\/b\u00e9n\u00e9fices comparant confinement et non confinement mais insistons sur ce qui l\u2019a rendu n\u00e9cessaire et sur ses modalit\u00e9s pratiques.<\/p>\n<p><a class=\"external\" tabindex=\"-1\" href=\"https:\/\/blogs.mediapart.fr\/plis\/blog\/170420\/documenter-les-plis-de-covid-19-quelques-notes-propos-du-coronavirus#_ftnref72\" target=\"_blank\" rel=\"noopener noreferrer\"><sup>[72]<\/sup><\/a>\u00a0Comme nos dirigeants sont sortis de la crise des subprimes de 2008 sans que rien ne change pour un mieux, nous risquons bien de sortir de cette crise aux cons\u00e9quences bien plus graves avec les m\u00eames angles morts que ceux qui nous ont conduits \u00e0 la catastrophe. Comme l\u2019\u00e9crit Alain Brossat,\u00a0 \u201cen d\u00e9mocratie de march\u00e9, la seule \u00ab sant\u00e9 \u00bb qui compte durablement, aux yeux des gouvernants, c\u2019est, pr\u00e9cis\u00e9ment, celle des march\u00e9s, par opposition \u00e0 celle des populations\u201d.<\/p>\n<p><a class=\"external\" tabindex=\"-1\" href=\"https:\/\/blogs.mediapart.fr\/plis\/blog\/170420\/documenter-les-plis-de-covid-19-quelques-notes-propos-du-coronavirus#_ftnref73\" target=\"_blank\" rel=\"noopener noreferrer\"><sup>[73]<\/sup><\/a>\u00a0Econopolis (entreprise n\u00e9e \u00e0 la faveur de la derni\u00e8re crise financi\u00e8re de 2009 sp\u00e9cialis\u00e9 dans la gestion d\u2019actifs, de conseil d&rsquo;investissement et en \u00e9tudes \u00e9conomique et strat\u00e9giques) justifie \u00e9galement se raccourcissement des grandes vacances pour \u201ccompenser les retards accumul\u00e9s en mati\u00e8re d\u2019apprentissage\u201d.<\/p>\n<p><a class=\"external\" tabindex=\"-1\" href=\"https:\/\/blogs.mediapart.fr\/plis\/blog\/170420\/documenter-les-plis-de-covid-19-quelques-notes-propos-du-coronavirus#_ftnref74\" target=\"_blank\" rel=\"noopener noreferrer\"><sup>[74]<\/sup><\/a>\u00a0Voir Isabelle Stengers, Aux temps des catastrophes. R\u00e9sister \u00e0 la barbarie qui vient. La D\u00e9couverte.<\/p>\n<p><a class=\"external\" tabindex=\"-1\" href=\"https:\/\/blogs.mediapart.fr\/plis\/blog\/170420\/documenter-les-plis-de-covid-19-quelques-notes-propos-du-coronavirus#_ftnref75\" target=\"_blank\" rel=\"noopener noreferrer\"><sup>[75]<\/sup><\/a>\u00a0Karl Polanyi,\u00a0<i>La Grande Transformation.<\/i>\u00a0Gallimard<\/p>\n<p><a class=\"external\" tabindex=\"-1\" href=\"https:\/\/blogs.mediapart.fr\/plis\/blog\/170420\/documenter-les-plis-de-covid-19-quelques-notes-propos-du-coronavirus#_ftnref76\" target=\"_blank\" rel=\"noopener noreferrer\"><sup>[76]<\/sup><\/a>\u00a0Voir Anna L. Tsing,\u00a0<i>Frictions<\/i>.\u00a0<i>An ethnography of global connection<\/i>, Princeton University Press.<\/p>\n<p><a class=\"external\" tabindex=\"-1\" href=\"https:\/\/blogs.mediapart.fr\/plis\/blog\/170420\/documenter-les-plis-de-covid-19-quelques-notes-propos-du-coronavirus#_ftnref77\" target=\"_blank\" rel=\"noopener noreferrer\"><sup>[77]<\/sup><\/a>\u00a0Pour un relev\u00e9 des affects coloniaux qui empoisonnent de fait l\u2019environnementalisme blanc, voir notamment Malcom Ferdinand,\u00a0<i>Une \u00e9cologie d\u00e9coloniale. Penser l\u2019\u00e9cologie depuis le monde carib\u00e9en<\/i>, Seuil.<\/p>\n<p><a class=\"external\" tabindex=\"-1\" href=\"https:\/\/blogs.mediapart.fr\/plis\/blog\/170420\/documenter-les-plis-de-covid-19-quelques-notes-propos-du-coronavirus#_ftnref78\" target=\"_blank\" rel=\"noopener noreferrer\"><sup>[78]<\/sup><\/a>\u00a0Voir dans le d\u00e9bat nucl\u00e9aire, voir David Jamar, \u00ab\u00a0Aux prises avec cette machine-l\u00e0\u00a0\u00bb, in Didier Debaise et Isabelle Stengers,\u00a0<i>Gestes sp\u00e9culatifs,<\/i>\u00a0Presses du R\u00e9el.<\/p>\n<p><a class=\"external\" tabindex=\"-1\" href=\"https:\/\/blogs.mediapart.fr\/plis\/blog\/170420\/documenter-les-plis-de-covid-19-quelques-notes-propos-du-coronavirus#_ftnref79\" target=\"_blank\" rel=\"noopener noreferrer\"><sup>[79]<\/sup><\/a>\u00a0Voir Timothy Mitchell,\u00a0<i>Carbon Democracy.\u00a0<\/i><i>Le pouvoir politique \u00e0 l\u2019\u00e8re du p\u00e9trole.<\/i>\u00a0La D\u00e9couverte.<\/p>\n<p><a class=\"external\" tabindex=\"-1\" href=\"https:\/\/blogs.mediapart.fr\/plis\/blog\/170420\/documenter-les-plis-de-covid-19-quelques-notes-propos-du-coronavirus#_ftnref80\" target=\"_blank\" rel=\"noopener noreferrer\"><sup>[80]<\/sup><\/a>\u00a0Voir Thomas Piketty,\u00a0<i>op.cit.<\/i><\/p>\n<p><a class=\"external\" tabindex=\"-1\" href=\"https:\/\/blogs.mediapart.fr\/plis\/blog\/170420\/documenter-les-plis-de-covid-19-quelques-notes-propos-du-coronavirus#_ftnref81\" target=\"_blank\" rel=\"noopener noreferrer\"><sup>[81]<\/sup><\/a>\u00a0Le capital d\u2019opportunit\u00e9 d\u2019une crise peut tr\u00e8s bien \u00eatre tax\u00e9 selon une progressivit\u00e9 radicale des revenus qu\u2019il a procur\u00e9 sur une p\u00e9riode donn\u00e9e.<\/p>\n<p><a class=\"external\" tabindex=\"-1\" href=\"https:\/\/blogs.mediapart.fr\/plis\/blog\/170420\/documenter-les-plis-de-covid-19-quelques-notes-propos-du-coronavirus#_ftnref82\" target=\"_blank\" rel=\"noopener noreferrer\"><sup>[82]<\/sup><\/a>\u00a0Les d\u00e9mocraties sociales belges et fran\u00e7aises s\u2019appuient sur des \u00e9lections sociales en entreprises. Les instances d\u2019information et de n\u00e9gociations qui en \u00e9manent traitent des horaires, des am\u00e9nagements de carri\u00e8res, des conditions encadrant les licenciements, d\u2019une part et des aspects de sant\u00e9 au travail, d\u2019autre part. Cette institutionnalisation du conflit social ne traite pas de ce qui est produit mais, d\u2019un point de vue syndical, tente d\u2019arracher des compensations \u00e0 l\u2019exploitation. \u201cEux, c\u2019est eux; nous, c\u2019est nous\u201d constitue la maxime de cette doctrine de \u201ccontr\u00f4le ouvrier\u201d. Il s\u2019agissait aussi pour les syndicats de ne pas avoir \u00e0 assumer les d\u00e9cisions d\u2019orientation strat\u00e9gique (comme dans la cogestion allemande, susceptible de \u201clier\u201d les syndicats \u00e0 ces consultations). Nos propositions nous semblent prendre la tangente de cette opposition historique.<\/p>\n<p><a class=\"external\" tabindex=\"-1\" href=\"https:\/\/blogs.mediapart.fr\/plis\/blog\/170420\/documenter-les-plis-de-covid-19-quelques-notes-propos-du-coronavirus#_ftnref83\" target=\"_blank\" rel=\"noopener noreferrer\"><sup>[83]<\/sup><\/a>\u00a0C\u2019est aussi le cas des corps de certains groupes am\u00e9rindiens dont une s\u00e9rie d\u2019experts en immunologie s\u2019int\u00e9ressent aux \u00ab\u00a0macrobiotes\u00a0\u00bb en tant qu\u2019ils seraient ressources m\u00e9dicales.<\/p>\n<p><a class=\"external\" tabindex=\"-1\" href=\"https:\/\/blogs.mediapart.fr\/plis\/blog\/170420\/documenter-les-plis-de-covid-19-quelques-notes-propos-du-coronavirus#_ftnref84\" target=\"_blank\" rel=\"noopener noreferrer\"><sup>[84]<\/sup><\/a>\u00a0Sur cette notion de \u00ab\u00a0cheap\u00a0\u00bb, voir Raj Patel et Jason W. Moore, Comment notre monde est devenu cheap. Une histoire inqui\u00e8te de l\u2019humanit\u00e9. Flammarion.<\/p>\n<p><a class=\"external\" tabindex=\"-1\" href=\"https:\/\/blogs.mediapart.fr\/plis\/blog\/170420\/documenter-les-plis-de-covid-19-quelques-notes-propos-du-coronavirus#_ftnref85\" target=\"_blank\" rel=\"noopener noreferrer\"><sup>[85]<\/sup><\/a>\u00a0Marlette Kysama est pharmaco-chimiste, Secr\u00e9taire G\u00e9n\u00e9rale de la Ligue Panafricaine, UMOJA, Section Congo.<\/p>\n","protected":false},"excerpt":{"rendered":"<p>Ce texte est un premier relev\u00e9 tr\u00e8s partiel et en cours, vu de Belgique, de la pand\u00e9mie de coronavirus, des affects qu\u2019elle charrie et de ce qui a \u00e9t\u00e9 \u00e9prouv\u00e9 dans nos modes d\u2019existences. Contacts : martin.vanderelst@uclouvain.be, Elsa.Roland@ulb.ac.be, David.Jamar@umons.ac.be Analyse partielle d\u2019un processus en cours Documenter les plis de COVID-19. Quelques notes \u00e0 propos du &#8230; <a title=\"Documenter les plis de COVID-19. Quelques notes \u00e0 propos du coronavirus.\" class=\"read-more\" href=\"https:\/\/bruxelles-pantheres.be\/?p=4551\" aria-label=\"En savoir plus sur Documenter les plis de COVID-19. Quelques notes \u00e0 propos du coronavirus.\">Lire la suite<\/a><\/p>\n","protected":false},"author":1,"featured_media":4554,"comment_status":"open","ping_status":"open","sticky":false,"template":"","format":"standard","meta":{"footnotes":""},"categories":[1,35,21,22,25,36,20,18,28,39,40,5],"tags":[435,231,436,306,13],"class_list":["post-4551","post","type-post","status-publish","format-standard","has-post-thumbnail","hentry","category-non-classe","category-amerique-du-sud","category-anti-imperialisme","category-emploi","category-enseignement","category-europe","category-logement","category-resistance-bruxelles","category-racismes","category-sans-papier","category-transport","category-violence-policiere","tag-covid19","tag-david-jamar","tag-elsa-roland","tag-martin-vander-elst","tag-nordine-saidi"],"_links":{"self":[{"href":"https:\/\/bruxelles-pantheres.be\/index.php?rest_route=\/wp\/v2\/posts\/4551","targetHints":{"allow":["GET"]}}],"collection":[{"href":"https:\/\/bruxelles-pantheres.be\/index.php?rest_route=\/wp\/v2\/posts"}],"about":[{"href":"https:\/\/bruxelles-pantheres.be\/index.php?rest_route=\/wp\/v2\/types\/post"}],"author":[{"embeddable":true,"href":"https:\/\/bruxelles-pantheres.be\/index.php?rest_route=\/wp\/v2\/users\/1"}],"replies":[{"embeddable":true,"href":"https:\/\/bruxelles-pantheres.be\/index.php?rest_route=%2Fwp%2Fv2%2Fcomments&post=4551"}],"version-history":[{"count":2,"href":"https:\/\/bruxelles-pantheres.be\/index.php?rest_route=\/wp\/v2\/posts\/4551\/revisions"}],"predecessor-version":[{"id":4555,"href":"https:\/\/bruxelles-pantheres.be\/index.php?rest_route=\/wp\/v2\/posts\/4551\/revisions\/4555"}],"wp:featuredmedia":[{"embeddable":true,"href":"https:\/\/bruxelles-pantheres.be\/index.php?rest_route=\/wp\/v2\/media\/4554"}],"wp:attachment":[{"href":"https:\/\/bruxelles-pantheres.be\/index.php?rest_route=%2Fwp%2Fv2%2Fmedia&parent=4551"}],"wp:term":[{"taxonomy":"category","embeddable":true,"href":"https:\/\/bruxelles-pantheres.be\/index.php?rest_route=%2Fwp%2Fv2%2Fcategories&post=4551"},{"taxonomy":"post_tag","embeddable":true,"href":"https:\/\/bruxelles-pantheres.be\/index.php?rest_route=%2Fwp%2Fv2%2Ftags&post=4551"}],"curies":[{"name":"wp","href":"https:\/\/api.w.org\/{rel}","templated":true}]}}