{"id":4556,"date":"2020-09-02T16:37:27","date_gmt":"2020-09-02T15:37:27","guid":{"rendered":"https:\/\/bruxelles-pantheres.be\/?p=4556"},"modified":"2020-09-06T16:47:56","modified_gmt":"2020-09-06T15:47:56","slug":"la-veuve-de-jozef-chovanec-craint-de-ne-jamais-connaitre-la-verite-sur-la-mort-de-son-mari","status":"publish","type":"post","link":"https:\/\/bruxelles-pantheres.be\/?p=4556","title":{"rendered":"La veuve de Jozef Chovanec craint de ne jamais conna\u00eetre la v\u00e9rit\u00e9 sur la mort de son mari"},"content":{"rendered":"<p>\u00ab\u00a0J&rsquo;ai perdu toute confiance dans les autorit\u00e9s belges.\u00a0\u00bb C&rsquo;est ce qu&rsquo;a d\u00e9clar\u00e9 Henrieta Chovancova, la veuve de Jozef Chovanec, dans une interview en anglais, accord\u00e9e \u00e0 la VRT. Selon le parquet g\u00e9n\u00e9ral de Mons, qui a r\u00e9agi mercredi soir, \u00ab\u00a0les gestes des policiers ne seraient pas la cause du d\u00e9c\u00e8s de Jozef\u00a0Chovanec\u00a0\u00bb.<\/p>\n<div class=\"article__author-info\"><span class=\"author-info__names\">Eric Steffens<\/span><\/div>\n<div class=\"article__publication-date\">\n<div class=\"dummy\"><time datetime=\"2020-09-02 20:30+02:00\" aria-label=\" Publi\u00e9 le mercredi 02 septembre 2020 \u00e0 20:30\" data-fullrelevantdate=\"mer. 02 sept. 2020\" data-fullrelevanttime=\"20:30\">mer. 02 sept.<\/time><\/div>\n<\/div>\n<p><!--more--><\/p>\n<div class=\"text\">\n<div class=\"cmp-text\">\n<p>Le vendredi 24 f\u00e9vrier 2018, peu avant minuit Henrieta Chovancova re\u00e7oit un appel t\u00e9l\u00e9phonique de son beau-fr\u00e8re. Avec sa fille, elle attendait son mari \u00e0 l&rsquo;a\u00e9roport de Bratislava (Slovaquie). Son beau-fr\u00e8re lui annonce que Joseph a \u00e9t\u00e9 arr\u00eat\u00e9 par la police de l&rsquo;a\u00e9roport de Charleroi et qu&rsquo;il doit passer la nuit en prison.<\/p>\n<p>Le lendemain matin, elle re\u00e7oit un autre appel de son beau-fr\u00e8re : elle doit appeler le t\u00e9l\u00e9phone portable de son mari. Quand elle le fait, quelqu&rsquo;un lui annonce que son mari a \u00e9t\u00e9 hospitalis\u00e9 dans un \u00e9tat critique.<\/p>\n<\/div>\n<\/div>\n<div class=\"paragraph-title title\">\n<h2 class=\"vrt-title \">En \u00e9tat de mort c\u00e9r\u00e9brale<\/h2>\n<\/div>\n<div class=\"text\">\n<div class=\"cmp-text\">\n<p>Le m\u00eame jour, elle d\u00e9cide de partir en voiture avec sa fille pour la Belgique. Lorsqu&rsquo;elles arrivent \u00e0 l&rsquo;h\u00f4pital, les m\u00e9decins lui annoncent que son mari n&rsquo;a plus d&rsquo;activit\u00e9 c\u00e9r\u00e9brale. Le lundi, la nouvelle est confirm\u00e9e : il est en \u00e9tat de mort c\u00e9r\u00e9brale et il sera bient\u00f4t d\u00e9branch\u00e9.<\/p>\n<\/div>\n<\/div>\n<div class=\"quote text\">\n<blockquote class=\"blockquote\" data-emptytext=\"Quote\">\n<div class=\"blockquote__icon\"><\/div>\n<div class=\"blockquote__text\">Je pense qu\u2019il a \u00e9t\u00e9 \u00e9touff\u00e9 par la police dans la cellule<\/div>\n<\/blockquote>\n<\/div>\n<div class=\"text\">\n<div class=\"cmp-text\">\n<p>\u00ab\u00a0Je suis presque s\u00fbre qu&rsquo;il est mort dans la cellule\u00a0\u00bb, a-t-elle d\u00e9clar\u00e9 dans un entretien accord\u00e9 \u00e0 notre coll\u00e8gue Jan Balliauw (VRT). \u00ab\u00a0Je ne pense pas qu&rsquo;il soit mort d&rsquo;une crise cardiaque, je pense qu&rsquo;il a \u00e9t\u00e9 \u00e9touff\u00e9 par la police. La crise cardiaque n&rsquo;\u00e9tait qu&rsquo;une diversion pour garder cela secret\u00a0\u00bb.<\/p>\n<p>Henrieta Chovancova \u00e9tait en \u00e9tat de choc quand elle a vu les images vid\u00e9o dans la cellule de la police. \u00ab\u00a0Il est clair que ce sont les flics qui ont caus\u00e9 sa mort. Pendant des heures, ils ne se sont pas pr\u00e9occup\u00e9s de lui. Il a essay\u00e9 de toutes sortes de mani\u00e8res de leur faire comprendre qu&rsquo;il avait un probl\u00e8me, mais ils l&rsquo;ont simplement ignor\u00e9\u00a0\u00bb. Elle ajoute encore qu&rsquo;elle n\u2019a pas support\u00e9 de voir son mari comme \u00e7a. \u00ab\u00a0Je ne l\u2019avais jamais vu comme \u00e7a avant, je ne l&rsquo;avais m\u00eame pas reconnu.\u00a0\u00bb<\/p>\n<\/div>\n<\/div>\n<div class=\"paragraph-title title\">\n<h2 class=\"vrt-title \">Appel aux m\u00e9dias<\/h2>\n<\/div>\n<div class=\"text\">\n<div class=\"cmp-text\">\n<p>La veuve de Jozef Chovanec s\u2019en prend aussi \u00e0 la juge d&rsquo;instruction. \u00ab\u00a0Il est \u00e9vident qu&rsquo;elle prot\u00e8ge quelqu&rsquo;un ? Comment expliquer sinon qu&rsquo;elle ait fait si peu ? Elle savait pour les images et elle n&rsquo;a rien fait\u00a0\u00bb.<\/p>\n<p>Henrieta Chovancova affirme qu&rsquo;elle n&rsquo;avait pas d&rsquo;autre choix que d&rsquo;aller voir la presse avec les images. \u00ab\u00a0Il ne s&rsquo;est rien pass\u00e9 et tout le monde se prot\u00e9geait. C&rsquo;\u00e9tait incroyablement difficile pour moi. Bien s\u00fbr, je n\u2019avais pas envie que ces images soient diffus\u00e9es dans le monde entier par toutes les cha\u00eenes de t\u00e9l\u00e9vision. Mais si on ne vous laisse pas le choix, si vous ne pouvez rien faire d\u2019autre, alors quoi ?\u00a0\u00bb<\/p>\n<p>La jeune femme a compl\u00e8tement perdu sa confiance dans les autorit\u00e9s belges. Elle a \u00e9galement perdu sa confiance dans le ministre de l&rsquo;Int\u00e9rieur de l&rsquo;\u00e9poque, Jan Jambon (N-VA). \u00ab\u00a0Comment pouvez-vous le croire ? Un jour il dit ceci et le lendemain autre chose\u00a0\u00bb. Selon elle, il \u00e9tait bien conscient de la gravit\u00e9 de l&rsquo;affaire.<\/p>\n<\/div>\n<\/div>\n<div class=\"paragraph-title title\">\n<h2 class=\"vrt-title \">\u00ab\u00a0On ne d\u00e9couvrira jamais toute la v\u00e9rit\u00e9\u00a0\u00bb<\/h2>\n<\/div>\n<div class=\"text\">\n<div class=\"cmp-text\">\n<p>Elle estime que le fait que Mark De Mesmaeker, le commissaire g\u00e9n\u00e9ral de la police f\u00e9d\u00e9rale, veuille la rencontrer n\u2019a pas d\u2019importance. \u00ab\u00a0Je veux, avant tout, que tout cela fasse l&rsquo;objet d&rsquo;une enqu\u00eate approfondie.\u00a0\u00bb<\/p>\n<p>Bien qu&rsquo;elle pense qu&rsquo;on ne d\u00e9couvrira jamais toute la v\u00e9rit\u00e9. \u00ab\u00a0Peut-\u00eatre que les auteurs seront punis, je l&rsquo;esp\u00e8re, mais ceux qui sont responsables, au-dessus d&rsquo;eux ? (&#8230;) Je ne pense pas que ce soit la premi\u00e8re fois que cela arrive. Lorsqu\u2019on regarde leur attitude, on dirait que cela s&rsquo;est d\u00e9j\u00e0 produit dans le pass\u00e9. Sinon comment cela a-t-il pu se passer ? Ils savaient bien qu&rsquo;il y avait des cam\u00e9ras et ils se sont dit : \u00ab\u00a0De toutes fa\u00e7ons, il ne peut rien nous arriver ?\u00a0\u00bb<\/p>\n<p><i>Ci-dessous, un<a href=\"https:\/\/www.vrt.be\/vrtnws\/fr\/2020\/09\/02\/la-veuve-de-josef-chovanec-craint-de-ne-jamais-connaitre-la-veri\/\"> extrait de l&rsquo;interview d&rsquo;Henrieta Chovancova, en anglais, sous-titr\u00e9e en n\u00e9erlandais.<\/a><\/i><\/p>\n<\/div>\n<\/div>\n<div class=\"videoplayer parbase\">\n<div class=\"cq-dd-vrtvideo\" data-aspect-ratio=\"16:9\"><picture class=\"vrtvideo__thumbnail\"><source srcset=\"\/\/images.vrt.be\/width1280\/2020\/09\/02\/866978ca-ed10-11ea-aae0-02b7b76bf47f.jpg 1280w,\/\/images.vrt.be\/width960\/2020\/09\/02\/866978ca-ed10-11ea-aae0-02b7b76bf47f.jpg 960w,\/\/images.vrt.be\/width640\/2020\/09\/02\/866978ca-ed10-11ea-aae0-02b7b76bf47f.jpg 640w,\/\/images.vrt.be\/width320\/2020\/09\/02\/866978ca-ed10-11ea-aae0-02b7b76bf47f.jpg 320w,\/\/images.vrt.be\/width160\/2020\/09\/02\/866978ca-ed10-11ea-aae0-02b7b76bf47f.jpg 160w\" sizes=\"791px\" data-srcset=\"\/\/images.vrt.be\/width1280\/2020\/09\/02\/866978ca-ed10-11ea-aae0-02b7b76bf47f.jpg 1280w,\/\/images.vrt.be\/width960\/2020\/09\/02\/866978ca-ed10-11ea-aae0-02b7b76bf47f.jpg 960w,\/\/images.vrt.be\/width640\/2020\/09\/02\/866978ca-ed10-11ea-aae0-02b7b76bf47f.jpg 640w,\/\/images.vrt.be\/width320\/2020\/09\/02\/866978ca-ed10-11ea-aae0-02b7b76bf47f.jpg 320w,\/\/images.vrt.be\/width160\/2020\/09\/02\/866978ca-ed10-11ea-aae0-02b7b76bf47f.jpg 160w\" \/><img decoding=\"async\" class=\"image lazyautosizes lazyloaded aligncenter\" src=\"https:\/\/images.vrt.be\/width320\/2020\/09\/02\/866978ca-ed10-11ea-aae0-02b7b76bf47f.jpg\" sizes=\"791px\" alt=\"\" data-sizes=\"auto\" data-parent-fit=\"width\" data-src=\"\/\/images.vrt.be\/width320\/2020\/09\/02\/866978ca-ed10-11ea-aae0-02b7b76bf47f.jpg\" \/><\/picture><\/div>\n<\/div>\n<div class=\"paragraph-title title\">\n<div class=\"paragraph-title title\">\n<h2 class=\"vrt-title \">Selon le parquet g\u00e9n\u00e9ral de Mons : \u00ab\u00a0Les gestes des policiers ne seraient pas la cause du d\u00e9c\u00e8s de Jozef Chovanec\u00a0\u00bb<\/h2>\n<\/div>\n<div class=\"text\">\n<div class=\"cmp-text\">\n<p>Il ne semble pas prouv\u00e9, au stade actuel de l&rsquo;enqu\u00eate, que les gestes pos\u00e9s par les policiers sont la cause directe du d\u00e9c\u00e8s de Jozef Chovanec, ce ressortissant slovaque d\u00e9c\u00e9d\u00e9 \u00e0 l&rsquo;a\u00e9roport de Charleroi en 2018, r\u00e9agit mercredi soir le parquet g\u00e9n\u00e9ral de Mons dans un communiqu\u00e9 de presse.<\/p>\n<p>\u00ab\u00a0Il s&rsquo;agit l\u00e0 du n\u0153ud de l&rsquo;enqu\u00eate\u00a0\u00bb, indique le parquet g\u00e9n\u00e9ral de Mons. \u00ab\u00a0Par leurs comportements, les policiers peuvent-ils \u00eatre consid\u00e9r\u00e9s comme p\u00e9nalement responsables de la mort de la victime?\u00a0\u00bb, s&rsquo;interroge-t-il.<\/p>\n<p>De nombreuses expertises ont \u00e9t\u00e9 ordonn\u00e9es par le juge d&rsquo;instruction, notamment une autopsie, une anatomopathologie ainsi que des analyses toxicologiques. \u00ab\u00a0En l&rsquo;\u00e9tat actuel des expertises, aucun \u00e9l\u00e9ment ne d\u00e9montre de signe de compression thoracique exerc\u00e9e par les policiers qui serait en lien avec le d\u00e9c\u00e8s de la victime\u00a0\u00bb, pr\u00e9cise le communiqu\u00e9.<\/p>\n<p>Le parquet s&rsquo;est par ailleurs attard\u00e9 sur les images de vid\u00e9osurveillance des faits, dont une copie a \u00e9t\u00e9 enregistr\u00e9e sur une clef USB et dont le contenu fut ensuite grav\u00e9 sur un CD Rom. \u00ab\u00a0Ce n&rsquo;est pas le serveur central qui a \u00e9t\u00e9 saisi. Cela signifie que la police a donc toujours gard\u00e9 l&rsquo;original des images, nonobstant la saisie op\u00e9r\u00e9e, et qu&rsquo;elle pouvait parfaitement visionner celles-ci \u00e0 tout moment, ind\u00e9pendamment de l&rsquo;enqu\u00eate judiciaire en cours, et sp\u00e9cialement dans le cadre de ses comp\u00e9tences disciplinaires\u00a0\u00bb, insiste-t-il.<\/p>\n<p>Le parquet g\u00e9n\u00e9ral de Mons pr\u00e9cise encore que le juge d&rsquo;instruction avait communiqu\u00e9 son dossier en janvier dernier, sans proc\u00e9der \u00e0 l&rsquo;inculpation des policiers. \u00ab\u00a0La partie civile a demand\u00e9 des devoirs compl\u00e9mentaires auxquels il a \u00e9t\u00e9 fait droit et c&rsquo;est en mai 2020 que la partie civile a d\u00e9pos\u00e9 un rapport d&rsquo;un conseiller technique critiquant les expertises judiciaires.<\/p>\n<p>Suite \u00e0 ce rapport, le juge d&rsquo;instruction a d\u00e9sign\u00e9 un coll\u00e8ge de trois experts, dont un psychiatre, pour rencontrer les arguments du conseiller technique de la partie civile,\u00a0\u00bb communique le parquet. L&rsquo;instruction se poursuit, conclut-il.<\/p>\n<p><a href=\"https:\/\/www.vrt.be\/vrtnws\/fr\/2020\/09\/02\/la-veuve-de-josef-chovanec-craint-de-ne-jamais-connaitre-la-veri\/\">SOURCE<\/a><\/p>\n<div class=\"article__media-wrapper\">\n<figure class=\"article__header-image\">\n<div class=\"responsive-image responsive-image--pswp\"><img class=\"image image--focal-mm aligncenter\" sizes=\"100vw\" srcset=\"\/\/images.vrt.be\/width1280\/2020\/09\/01\/708dffb3-ec34-11ea-aae0-02b7b76bf47f.jpg 1280w,\/\/images.vrt.be\/width960\/2020\/09\/01\/708dffb3-ec34-11ea-aae0-02b7b76bf47f.jpg 960w,\/\/images.vrt.be\/width640\/2020\/09\/01\/708dffb3-ec34-11ea-aae0-02b7b76bf47f.jpg 640w,\/\/images.vrt.be\/width320\/2020\/09\/01\/708dffb3-ec34-11ea-aae0-02b7b76bf47f.jpg 320w,\/\/images.vrt.be\/width160\/2020\/09\/01\/708dffb3-ec34-11ea-aae0-02b7b76bf47f.jpg 160w\" alt=\"\" width=\"704\" height=\"396\" data-pswp-uid=\"0\" \/><\/div>\n<\/figure>\n<\/div>\n<div class=\"article__content-wrapper article__content-wrapper--media\">\n<header class=\"article__header\" aria-label=\"Article header\">\n<div class=\"article__titles\">\n<div class=\"article__title\">\n<div class=\"dummy\">\n<h4 class=\"vrt-title\">Affaire Chovanec : face aux d\u00e9put\u00e9s, Jambon et les patrons de la police assurent qu\u2019ils n\u2019\u00e9taient pas au courant<\/h4>\n<\/div>\n<\/div>\n<\/div>\n<div class=\"article__intro\">\n<div class=\"text\">\n<div class=\"cmp-text\">\n<p>Venus s\u2019expliquer devant les commissions Int\u00e9rieur et Justice de la Chambre sur ce qu&rsquo;ils savaient du d\u00e9c\u00e8s de Jozef Chovanec, un citoyen slovaque d\u00e9c\u00e9d\u00e9 apr\u00e8s une intervention de la police \u00e0 l&rsquo;a\u00e9roport de Charleroi, l&rsquo;ex-ministre de l&rsquo;Int\u00e9rieur Jan Jambon (N-VA), le commissaire g\u00e9n\u00e9ral de la police f\u00e9d\u00e9rale Marc De Mesmaeker, et sa pr\u00e9d\u00e9cesseure Catherine De Bolle, ont tous trois assur\u00e9 qu\u2019ils n&rsquo;\u00e9taient pas au courant des circonstances pr\u00e9cises de ce d\u00e9c\u00e8s.<\/p>\n<\/div>\n<\/div>\n<\/div>\n<div class=\"article__meta\">\n<div class=\"article__author-info\"><span class=\"author-info__names\">Joyce Azar, Belga<\/span><\/div>\n<div class=\"article__update-date\">\n<div class=\"dummy\"><\/div>\n<\/div>\n<div class=\"article__publication-date\">\n<div class=\"dummy\"><time datetime=\"2020-09-01 16:23+02:00\" aria-label=\" Publi\u00e9 le mardi 01 septembre 2020 \u00e0 16:23\" data-fullrelevantdate=\"mar. 01 sept. 2020\" data-fullrelevanttime=\"16:23\">mar. 01 sept.\u00a0\u00a016:23<\/time><\/div>\n<\/div>\n<\/div>\n<\/header>\n<section class=\"article__body\">\n<div class=\"article__par\">\n<div class=\"text\">\n<div class=\"cmp-text\">\n<p>Les questions continuent toutefois de se poser. Comment se fait-il qu&rsquo;aussi bien le ministre que la hi\u00e9rarchie polici\u00e8re n&rsquo;aient pas \u00e9t\u00e9 mis au courant des faits qui aujourd&rsquo;hui font scandale? Comment se fait-il qu&rsquo;ils n&rsquo;ont pas cherch\u00e9 \u00e0 en savoir plus? Comment se fait-il qu&rsquo;aucune proc\u00e9dure disciplinaire n&rsquo;ait \u00e9t\u00e9 ouverte? Aux yeux de nombreux parlementaires, plusieurs \u00ab\u00a0clignotants\u00a0\u00bb \u00e9taient allum\u00e9s et auraient d\u00fb inciter le ministre et la direction de la police \u00e0 demander des informations.<\/p>\n<div class=\"quote text\">\n<blockquote class=\"blockquote\" data-emptytext=\"Quote\">\n<div class=\"blockquote__text\">\n<p>Je pars du principe que ce genre de rapport de la police est correct.<\/p>\n<\/div>\n<footer class=\"blockquote__authors\">Jan Jambon, ex-ministre de l&rsquo;Int\u00e9rieur et de la S\u00e9curit\u00e9<\/footer>\n<\/blockquote>\n<\/div>\n<div class=\"text\">\n<div class=\"cmp-text\">\n<p>En l&rsquo;absence de faits particuliers port\u00e9s \u00e0 sa connaissance, la loi ne permet pas au ministre de l&rsquo;Int\u00e9rieur d&rsquo;ouvrir une proc\u00e9dure disciplinaire, a-t-il ajout\u00e9. Or, le rapport que son cabinet a demand\u00e9 le 26 f\u00e9vrier \u00e0 la police ne contenait aucun des faits qui aujourd&rsquo;hui font scandale \u00e0 la suite de la diffusion de la vid\u00e9o de l&rsquo;intervention polici\u00e8re. Et M. Jambon ne voit pas de raison de douter a priori de la fiabilit\u00e9 de ce rapport. \u00ab\u00a0Je pars du principe que ce genre de rapport est correct\u00a0\u00bb, a-t-il soulign\u00e9.<\/p>\n<\/div>\n<\/div>\n<div class=\"quote text\">\n<blockquote class=\"blockquote\" data-emptytext=\"Quote\">\n<div class=\"blockquote__icon\"><\/div>\n<div class=\"blockquote__text\">\n<p>Si j&rsquo;avais vu ces images, j&rsquo;aurais agi imm\u00e9diatement.<\/p>\n<\/div>\n<footer class=\"blockquote__authors\">Catherine De Bolle, ex-commissaire g\u00e9n\u00e9rale de la police f\u00e9d\u00e9rale<\/footer>\n<\/blockquote>\n<\/div>\n<div class=\"text\">\n<div class=\"cmp-text\">\n<p>L&rsquo;autorit\u00e9 disciplinaire appartient en premier lieu \u00e0 la direction dont rel\u00e8vent les agents concern\u00e9s, en l&rsquo;occurrence la Direction g\u00e9n\u00e9rale de la police administrative, a fait remarquer de son c\u00f4t\u00e9 Mme De Bolle. Le temps qu&rsquo;une enqu\u00eate interne soit men\u00e9e, le patron de cette direction, Andr\u00e9 Desenfants, a fait un pas de c\u00f4t\u00e9. \u00ab\u00a0Si j&rsquo;avais vu ces images, j&rsquo;aurais agi imm\u00e9diatement\u00a0\u00bb, a affirm\u00e9 l&rsquo;actuelle directrice g\u00e9n\u00e9rale d&rsquo;Europol.<\/p>\n<p>Son successeur dirigeait \u00e0 l&rsquo;\u00e9poque le Secr\u00e9tariat administratif et technique (SAT) assurant la liaison entre le cabinet de l&rsquo;Int\u00e9rieur et la police. Il n&rsquo;a rien su de plus que la relation des faits dans le rapport lacunaire du 26 f\u00e9vrier. Il a toutefois attir\u00e9 l&rsquo;attention du cabinet apr\u00e8s la diffusion du communiqu\u00e9 de presse, susceptible selon lui de mener \u00e0 des \u00ab\u00a0questions\u00a0\u00bb parlementaires.<\/p>\n<\/div>\n<\/div>\n<div class=\"quote text\">\n<blockquote class=\"blockquote\" data-emptytext=\"Quote\">\n<div class=\"blockquote__icon\"><\/div>\n<div class=\"blockquote__text\">\n<p>En tant qu&rsquo;ancien directeur du SAT, commissaire g\u00e9n\u00e9ral et Marc De Mesmaeker, je peux regarder la famille Chovanec dans les yeux.<\/p>\n<\/div>\n<footer class=\"blockquote__authors\">Marc De Mesmaeker, commissaire g\u00e9n\u00e9ral de la police f\u00e9d\u00e9rale<\/footer>\n<\/blockquote>\n<footer>\n<div class=\"text\">\n<div class=\"cmp-text\">\n<p>M. De Mesmaeker estime n&rsquo;avoir commis aucune faute. \u00ab\u00a0En tant qu&rsquo;ancien directeur du SAT, commissaire g\u00e9n\u00e9ral et Marc De Mesmaeker, je peux regarder la famille Chovanec dans les yeux\u00a0\u00bb, a-t-il dit, avant de \u00ab\u00a0tendre la main\u00a0\u00bb \u00e0 la famille Chovanec. Il souhaite les rencontrer, m\u00eame s&rsquo;il sait que ce sera un moment difficile.<\/p>\n<p>La r\u00e9v\u00e9lation des faits a men\u00e9 \u00e0 l&rsquo;ouverture d&rsquo;une enqu\u00eate interne \u00e0 la police. Elle sera men\u00e9e avec diligence, en toute transparence et de fa\u00e7on impartiale, a-t-il assur\u00e9. Le commissaire g\u00e9n\u00e9ral n&rsquo;a pas exclu que d&rsquo;autres mesures d&rsquo;ordre soient prises quand les r\u00e9sultats seront connus.<\/p>\n<\/div>\n<\/div>\n<div class=\"paragraph-title title\">\n<h2 class=\"vrt-title \">Remise en question de la police a\u00e9ronautique<\/h2>\n<\/div>\n<div class=\"text\">\n<div class=\"cmp-text\">\n<p>La police a\u00e9ronautique a \u00e9t\u00e9 plusieurs fois point\u00e9e du doigt. A-t-elle cach\u00e9 des faits \u00e0 sa hi\u00e9rarchie? Si les proc\u00e9dures avaient \u00e9t\u00e9 suivies, d\u00e8s l&rsquo;intervention qui a pr\u00e9c\u00e9d\u00e9 l&rsquo;hospitalisation de M. Chovanec, une alerte aurait d\u00fb \u00eatre envoy\u00e9e qui aurait mobilis\u00e9 de nombreux intervenants et permis de faire remonter les informations.<\/p>\n<p>Les commissions de l&rsquo;Int\u00e9rieur et de la Justice poursuivront leurs travaux sur ce dossier dans les semaines qui viennent.<\/p>\n<p><b>Revoir ci-dessous l&rsquo;int\u00e9gralit\u00e9 de la s\u00e9ance :<\/b><\/p>\n<\/div>\n<\/div>\n<\/footer>\n<\/div>\n<\/div>\n<\/div>\n<\/div>\n<\/section>\n<\/div>\n<\/div>\n<\/div>\n<\/div>\n<p><a href=\"https:\/\/www.facebook.com\/watch\/?v=1422924054571892&amp;extid=EyxLPtIZgSHPF4kJ\">https:\/\/www.facebook.com\/watch\/?v=1422924054571892&amp;extid=EyxLPtIZgSHPF4kJ<\/a><\/p>\n<p>&nbsp;<\/p>\n","protected":false},"excerpt":{"rendered":"<p>\u00ab\u00a0J&rsquo;ai perdu toute confiance dans les autorit\u00e9s belges.\u00a0\u00bb C&rsquo;est ce qu&rsquo;a d\u00e9clar\u00e9 Henrieta Chovancova, la veuve de Jozef Chovanec, dans une interview en anglais, accord\u00e9e \u00e0 la VRT. Selon le parquet g\u00e9n\u00e9ral de Mons, qui a r\u00e9agi mercredi soir, \u00ab\u00a0les gestes des policiers ne seraient pas la cause du d\u00e9c\u00e8s de Jozef\u00a0Chovanec\u00a0\u00bb. Eric Steffens mer. &#8230; <a title=\"La veuve de Jozef Chovanec craint de ne jamais conna\u00eetre la v\u00e9rit\u00e9 sur la mort de son mari\" class=\"read-more\" href=\"https:\/\/bruxelles-pantheres.be\/?p=4556\" aria-label=\"En savoir plus sur La veuve de Jozef Chovanec craint de ne jamais conna\u00eetre la v\u00e9rit\u00e9 sur la mort de son mari\">Lire la suite<\/a><\/p>\n","protected":false},"author":1,"featured_media":4559,"comment_status":"open","ping_status":"open","sticky":false,"template":"","format":"standard","meta":{"footnotes":""},"categories":[5],"tags":[31,437,54],"class_list":["post-4556","post","type-post","status-publish","format-standard","has-post-thumbnail","hentry","category-violence-policiere","tag-belgique","tag-jozef-chovanec","tag-police"],"_links":{"self":[{"href":"https:\/\/bruxelles-pantheres.be\/index.php?rest_route=\/wp\/v2\/posts\/4556","targetHints":{"allow":["GET"]}}],"collection":[{"href":"https:\/\/bruxelles-pantheres.be\/index.php?rest_route=\/wp\/v2\/posts"}],"about":[{"href":"https:\/\/bruxelles-pantheres.be\/index.php?rest_route=\/wp\/v2\/types\/post"}],"author":[{"embeddable":true,"href":"https:\/\/bruxelles-pantheres.be\/index.php?rest_route=\/wp\/v2\/users\/1"}],"replies":[{"embeddable":true,"href":"https:\/\/bruxelles-pantheres.be\/index.php?rest_route=%2Fwp%2Fv2%2Fcomments&post=4556"}],"version-history":[{"count":3,"href":"https:\/\/bruxelles-pantheres.be\/index.php?rest_route=\/wp\/v2\/posts\/4556\/revisions"}],"predecessor-version":[{"id":4560,"href":"https:\/\/bruxelles-pantheres.be\/index.php?rest_route=\/wp\/v2\/posts\/4556\/revisions\/4560"}],"wp:featuredmedia":[{"embeddable":true,"href":"https:\/\/bruxelles-pantheres.be\/index.php?rest_route=\/wp\/v2\/media\/4559"}],"wp:attachment":[{"href":"https:\/\/bruxelles-pantheres.be\/index.php?rest_route=%2Fwp%2Fv2%2Fmedia&parent=4556"}],"wp:term":[{"taxonomy":"category","embeddable":true,"href":"https:\/\/bruxelles-pantheres.be\/index.php?rest_route=%2Fwp%2Fv2%2Fcategories&post=4556"},{"taxonomy":"post_tag","embeddable":true,"href":"https:\/\/bruxelles-pantheres.be\/index.php?rest_route=%2Fwp%2Fv2%2Ftags&post=4556"}],"curies":[{"name":"wp","href":"https:\/\/api.w.org\/{rel}","templated":true}]}}