{"id":4573,"date":"2020-10-01T21:54:12","date_gmt":"2020-10-01T20:54:12","guid":{"rendered":"https:\/\/bruxelles-pantheres.be\/?p=4573"},"modified":"2020-10-18T22:12:22","modified_gmt":"2020-10-18T21:12:22","slug":"4573","status":"publish","type":"post","link":"https:\/\/bruxelles-pantheres.be\/?p=4573","title":{"rendered":"Micro ouvert \u00e0 Nordine Saidi"},"content":{"rendered":"<p>\u00ab\u00a0POURQUOI NOUS SOMMES LES PLUS NOMBREUX DANS LES PRISONS ALORS QUE L\u2019ON EST UNE MINORIT\u00c9 DANS CE PAYS ? POURQUOI CE SONT LES NOIRS ET LES ARABES MAJORITAIRES AU CH\u00d4MAGE ? \u00bb<!--more--><\/p>\n<p style=\"text-align: center;\"><a href=\"https:\/\/bruxelles-pantheres.be\/wp-content\/uploads\/2020\/10\/117635993_3285701464817537_4104888488720358930_o-1.jpg\"><img decoding=\"async\" class=\"alignnone size-full wp-image-4576\" src=\"https:\/\/bruxelles-pantheres.be\/wp-content\/uploads\/2020\/10\/117635993_3285701464817537_4104888488720358930_o-1.jpg\" alt=\"\" width=\"526\" height=\"526\" srcset=\"https:\/\/bruxelles-pantheres.be\/wp-content\/uploads\/2020\/10\/117635993_3285701464817537_4104888488720358930_o-1.jpg 526w, https:\/\/bruxelles-pantheres.be\/wp-content\/uploads\/2020\/10\/117635993_3285701464817537_4104888488720358930_o-1-300x300.jpg 300w, https:\/\/bruxelles-pantheres.be\/wp-content\/uploads\/2020\/10\/117635993_3285701464817537_4104888488720358930_o-1-150x150.jpg 150w\" sizes=\"(max-width: 526px) 100vw, 526px\" \/><\/a><\/p>\n<p>Pour moi, ce n\u2019est pas que l\u2019on r\u00e9gresse ou que l\u2019on avance. J\u2019ai 42 ans donc, on va compter que depuis 40 ans la Belgique n\u2019a jamais \u00e9t\u00e9 gouvern\u00e9e par un gouvernement sp\u00e9cifique d\u2019extr\u00eame droite. Jamais. \u00c7a a \u00e9t\u00e9 plut\u00f4t des socialistes, des lib\u00e9raux, des catholiques\u2026 qui se sont refil\u00e9s la balle. Pourtant depuis 40 ans, il y a des expulsions, des rafles, la d\u00e9ch\u00e9ance de la nationali\u00e9. De mon point de vue le racisme il est le m\u00eame, il \u00e9volue comme la soci\u00e9t\u00e9 \u00e9volue.<\/p>\n<p>Quand le fascisme \u2013 je pense que c\u2019est Aim\u00e9 C\u00e9saire qui disait \u00e7a dans le \u00ab Discours sur le colonialisme \u00bb \u2013 s\u00e9vissait hors de l\u2019Europe, c\u2019est-\u00e0-dire en Afrique et dans les Indes \u00e7a ne nous tracassait pas trop. Mais quand c\u2019est arriv\u00e9 que des Blancs exterminent d\u2019autres Blancs [des Juifs] alors \u00e7a a pos\u00e9 r\u00e9ellement des questions.<\/p>\n<p>Il n\u2019y a que les partis de gauche qui n\u2019ont pas compris que l\u2019extr\u00eame droite \u00e9volue avec son temps. Parce que l\u2019extr\u00eame droite est l\u00e0 et elle ne tient plus les m\u00eames discours que dans les ann\u00e9es 1930. Mais la rh\u00e9torique est la m\u00eame en fait. Les partis traditionnels en gros ont appliqu\u00e9 une bonne dose du programme de l\u2019extr\u00eame droite. Sur les expulsions, les fronti\u00e8res, la s\u00e9curit\u00e9 sociale\u2026Quoi de mieux que de voir son programme se mettre en place sans gouverner.<\/p>\n<p><iframe src=\"https:\/\/archive.org\/embed\/micro-ouvert-bruxelles-panthers-\" width=\"500\" height=\"140\" frameborder=\"0\" allowfullscreen=\"allowfullscreen\"><\/iframe><\/p>\n<p>On est dans les quartiers les plus pauvres, les plus dens\u00e9ment peupl\u00e9s. Ceux dans lesquels les gens n\u2019ont pas forc\u00e9ment de jardin, de grands espaces mais aussi o\u00f9 mon pote est Stibar et n\u2019a jamais \u00e9t\u00e9 confin\u00e9. Mon autre pote est \u00e0 Bruxelles-Propret\u00e9 et n\u2019a jamais \u00e9t\u00e9 confin\u00e9. Mes voisins ont \u00e9t\u00e9 tr\u00e8s peu confin\u00e9s. Dans les quartiers populaires, tr\u00e8s peu travaillent dans des bo\u00eetes o\u00f9 l\u2019on peut se permettre de faire du t\u00e9l\u00e9travail.<\/p>\n<p>C\u2019est ma v\u00e9rit\u00e9. Je suis persuad\u00e9 que si Adil s\u2019appelait Alain ou que Mawda s\u2019appelait Martine et qu\u2019ils \u00e9taient tous les deux blancs les r\u00e9actions n\u2019auraient pas \u00e9t\u00e9 les m\u00eames.<\/p>\n<p>Des \u00e9tudes ont \u00e9t\u00e9 faites s\u00e9rieuses qui constatent que les Noirs et les Arabes ont 20 X plus de risques de se faire contr\u00f4ler par la police. Ce que l\u2019on ne sait pas d\u00e9montrer c\u2019est : qu\u2019est-ce qui serait arriv\u00e9 s\u2019ils n\u2019\u00e9taient pas Noirs ou Arabes ?<\/p>\n<p>Le r\u00e9c\u00e9piss\u00e9 est l\u2019id\u00e9e de surcharger la charge administrative du policier pour l\u2019emp\u00eacher de faire un exc\u00e8s de z\u00e8le.<\/p>\n<p>NORDINE SAIDI<\/p>\n<p>ILLUSTRATION DE MANU SCORDIA<\/p>\n<p><a href=\"http:\/\/microouvert.be\/2020\/10\/01\/5247\/?fbclid=IwAR3DniIL1XHzWUfR9VkOCYm9MpwNO2qJzEPpWgRHgl_yihQ8nBJXqlb-N6c\">Source<\/a><\/p>\n","protected":false},"excerpt":{"rendered":"<p>\u00ab\u00a0POURQUOI NOUS SOMMES LES PLUS NOMBREUX DANS LES PRISONS ALORS QUE L\u2019ON EST UNE MINORIT\u00c9 DANS CE PAYS ? POURQUOI CE SONT LES NOIRS ET LES ARABES MAJORITAIRES AU CH\u00d4MAGE ? \u00bb<\/p>\n","protected":false},"author":1,"featured_media":3201,"comment_status":"open","ping_status":"open","sticky":false,"template":"","format":"standard","meta":{"footnotes":""},"categories":[18,17,5],"tags":[13],"class_list":["post-4573","post","type-post","status-publish","format-standard","has-post-thumbnail","hentry","category-resistance-bruxelles","category-video","category-violence-policiere","tag-nordine-saidi"],"_links":{"self":[{"href":"https:\/\/bruxelles-pantheres.be\/index.php?rest_route=\/wp\/v2\/posts\/4573","targetHints":{"allow":["GET"]}}],"collection":[{"href":"https:\/\/bruxelles-pantheres.be\/index.php?rest_route=\/wp\/v2\/posts"}],"about":[{"href":"https:\/\/bruxelles-pantheres.be\/index.php?rest_route=\/wp\/v2\/types\/post"}],"author":[{"embeddable":true,"href":"https:\/\/bruxelles-pantheres.be\/index.php?rest_route=\/wp\/v2\/users\/1"}],"replies":[{"embeddable":true,"href":"https:\/\/bruxelles-pantheres.be\/index.php?rest_route=%2Fwp%2Fv2%2Fcomments&post=4573"}],"version-history":[{"count":3,"href":"https:\/\/bruxelles-pantheres.be\/index.php?rest_route=\/wp\/v2\/posts\/4573\/revisions"}],"predecessor-version":[{"id":4578,"href":"https:\/\/bruxelles-pantheres.be\/index.php?rest_route=\/wp\/v2\/posts\/4573\/revisions\/4578"}],"wp:featuredmedia":[{"embeddable":true,"href":"https:\/\/bruxelles-pantheres.be\/index.php?rest_route=\/wp\/v2\/media\/3201"}],"wp:attachment":[{"href":"https:\/\/bruxelles-pantheres.be\/index.php?rest_route=%2Fwp%2Fv2%2Fmedia&parent=4573"}],"wp:term":[{"taxonomy":"category","embeddable":true,"href":"https:\/\/bruxelles-pantheres.be\/index.php?rest_route=%2Fwp%2Fv2%2Fcategories&post=4573"},{"taxonomy":"post_tag","embeddable":true,"href":"https:\/\/bruxelles-pantheres.be\/index.php?rest_route=%2Fwp%2Fv2%2Ftags&post=4573"}],"curies":[{"name":"wp","href":"https:\/\/api.w.org\/{rel}","templated":true}]}}