{"id":4579,"date":"2020-10-18T22:08:55","date_gmt":"2020-10-18T21:08:55","guid":{"rendered":"https:\/\/bruxelles-pantheres.be\/?p=4579"},"modified":"2020-11-03T13:08:06","modified_gmt":"2020-11-03T12:08:06","slug":"semaine-mawda","status":"publish","type":"post","link":"https:\/\/bruxelles-pantheres.be\/?p=4579","title":{"rendered":"Semaine Mawda"},"content":{"rendered":"<div class=\"kvgmc6g5 cxmmr5t8 oygrvhab hcukyx3x c1et5uql\"><a href=\"https:\/\/www.facebook.com\/events\/363714381482236?acontext=%7B%22event_action_history%22%3A[%7B%22mechanism%22%3A%22surface%22%2C%22surface%22%3A%22permalink%22%7D]%2C%22ref_notif_type%22%3Anull%7D\">#JusticePourMawda<\/a><\/div>\n<div><\/div>\n<div>\n<div class=\"o9v6fnle cxmmr5t8 oygrvhab hcukyx3x c1et5uql\">Le proc\u00e8s Mawda aura lieu le 23 et 24 novembre 2020 \u00e0 Mons.<\/div>\n<div class=\"o9v6fnle cxmmr5t8 oygrvhab hcukyx3x c1et5uql\"><span class=\"pq6dq46d tbxw36s4 knj5qynh kvgmc6g5 ditlmg2l oygrvhab nvdbi5me sf5mxxl7 gl3lb2sf hhz5lgdu\"><img decoding=\"async\" src=\"https:\/\/static.xx.fbcdn.net\/images\/emoji.php\/v9\/t39\/1\/16\/2b55.png\" alt=\"\u2b55\ufe0f\" width=\"16\" height=\"16\" \/><\/span>L&rsquo;enjeu de ce proc\u00e8s est la question de l&rsquo;impunit\u00e9 des violences comises par les policiers.<\/div>\n<div class=\"o9v6fnle cxmmr5t8 oygrvhab hcukyx3x c1et5uql\"><span class=\"pq6dq46d tbxw36s4 knj5qynh kvgmc6g5 ditlmg2l oygrvhab nvdbi5me sf5mxxl7 gl3lb2sf hhz5lgdu\"><img decoding=\"async\" src=\"https:\/\/static.xx.fbcdn.net\/images\/emoji.php\/v9\/t39\/1\/16\/2b55.png\" alt=\"\u2b55\ufe0f\" width=\"16\" height=\"16\" \/><\/span>Le Parquet poursuit le chauffeur pr\u00e9sum\u00e9 de la camionnette et un passeur pr\u00e9sum\u00e9 pour entrave m\u00e9chante \u00e0 la circulation ayant entrain\u00e9 la mort et le policier pour homicide involontaire, alors qu&rsquo;il a volontairement tir\u00e9 vers une camionnette remplie de migrants.<\/div>\n<div class=\"o9v6fnle cxmmr5t8 oygrvhab hcukyx3x c1et5uql\"><span class=\"pq6dq46d tbxw36s4 knj5qynh kvgmc6g5 ditlmg2l oygrvhab nvdbi5me sf5mxxl7 gl3lb2sf hhz5lgdu\"><img decoding=\"async\" src=\"https:\/\/static.xx.fbcdn.net\/images\/emoji.php\/v9\/t39\/1\/16\/2b55.png\" alt=\"\u2b55\ufe0f\" width=\"16\" height=\"16\" \/><\/span>Tout dans le dossier montre que l\u2019\u00c9tat belge cherche \u00e0 minimiser la faute du policier et \u00e0 occulter sa responsabilit\u00e9 dans l\u2019organisation des op\u00e9rations Medusa, tout en faisant porter la responsabilit\u00e9 du drame sur les parents et les passeurs.<\/div>\n<div class=\"o9v6fnle cxmmr5t8 oygrvhab hcukyx3x c1et5uql\"><span class=\"pq6dq46d tbxw36s4 knj5qynh kvgmc6g5 ditlmg2l oygrvhab nvdbi5me sf5mxxl7 gl3lb2sf hhz5lgdu\"><img decoding=\"async\" src=\"https:\/\/static.xx.fbcdn.net\/images\/emoji.php\/v9\/t9e\/1\/16\/27a1.png\" alt=\"\u27a1\ufe0f\" width=\"16\" height=\"16\" \/><\/span>Face \u00e0 un tel d\u00e9s\u00e9quilibre entre les droits des parties, il est souhaitable que des observateurs de la soci\u00e9t\u00e9 civile soient pr\u00e9sents pour garantir aux parents un proc\u00e8s par une justice impartiale et ind\u00e9pendante.<\/div>\n<div>\n<h4 style=\"text-align: center;\"><a href=\"https:\/\/fb.me\/e\/3EnjVaB3v\"><strong>\u00e9v\u00e9nement Facebook<\/strong> :\u00a0 Semaine Mawda\u00a0<\/a><\/h4>\n<div class=\"kvgmc6g5 cxmmr5t8 oygrvhab hcukyx3x c1et5uql ii04i59q\">\n<div dir=\"auto\">Programme du Week-end <a class=\"oajrlxb2 g5ia77u1 qu0x051f esr5mh6w e9989ue4 r7d6kgcz rq0escxv nhd2j8a9 nc684nl6 p7hjln8o kvgmc6g5 cxmmr5t8 oygrvhab hcukyx3x jb3vyjys rz4wbd8a qt6c0cv9 a8nywdso i1ao9s8h esuyzwwr f1sip0of lzcic4wl q66pz984 gpro0wi8 b1v8xokw\" tabindex=\"0\" role=\"link\" href=\"https:\/\/www.facebook.com\/hashtag\/justicepourmawda?__eep__=6&amp;__cft__[0]=AZWxpltU2Bdywi_KGDBP55o6Dumr3bq__qFjmQYslhOFVc8riU_khKquQ5laMDw-ljhwHkA6WAXdkpeNAx7RUNqthbt1Ij3XAJygYhlbwexuXpV0sBjL2q51lJVt1FdDgFY&amp;__tn__=*NK-R\">#JusticePourMawda<\/a> : 20, 21, 22 novembre. \u00ab Mettre fin aux violences racistes d\u2019Etat \u00bb<\/div>\n<\/div>\n<div class=\"o9v6fnle cxmmr5t8 oygrvhab hcukyx3x c1et5uql ii04i59q\">\n<div dir=\"auto\">Au vu de la situation sanitaire actuelle, tous les \u00e9v\u00e9nements seront on line.<\/div>\n<\/div>\n<\/div>\n<\/div>\n<p><!--more--><\/p>\n<div><\/div>\n<div><a href=\"https:\/\/bruxelles-pantheres.be\/wp-content\/uploads\/2020\/10\/120934181_213701160172355_9140467599749556048_o.jpg\"><img decoding=\"async\" class=\"alignnone size-full wp-image-4580\" src=\"https:\/\/bruxelles-pantheres.be\/wp-content\/uploads\/2020\/10\/120934181_213701160172355_9140467599749556048_o.jpg\" alt=\"\" width=\"1920\" height=\"1080\" srcset=\"https:\/\/bruxelles-pantheres.be\/wp-content\/uploads\/2020\/10\/120934181_213701160172355_9140467599749556048_o.jpg 1920w, https:\/\/bruxelles-pantheres.be\/wp-content\/uploads\/2020\/10\/120934181_213701160172355_9140467599749556048_o-300x169.jpg 300w, https:\/\/bruxelles-pantheres.be\/wp-content\/uploads\/2020\/10\/120934181_213701160172355_9140467599749556048_o-1024x576.jpg 1024w, https:\/\/bruxelles-pantheres.be\/wp-content\/uploads\/2020\/10\/120934181_213701160172355_9140467599749556048_o-768x432.jpg 768w, https:\/\/bruxelles-pantheres.be\/wp-content\/uploads\/2020\/10\/120934181_213701160172355_9140467599749556048_o-1536x864.jpg 1536w, https:\/\/bruxelles-pantheres.be\/wp-content\/uploads\/2020\/10\/120934181_213701160172355_9140467599749556048_o-1320x743.jpg 1320w\" sizes=\"(max-width: 1920px) 100vw, 1920px\" \/><\/a><\/div>\n<div class=\"o9v6fnle cxmmr5t8 oygrvhab hcukyx3x c1et5uql\">NL<\/div>\n<div class=\"o9v6fnle cxmmr5t8 oygrvhab hcukyx3x c1et5uql\">De &lsquo;zaak Mawda&rsquo; zal plaatsvinden op 23 en 24 november 2020 in Bergen.<\/div>\n<div class=\"o9v6fnle cxmmr5t8 oygrvhab hcukyx3x c1et5uql\"><span class=\"pq6dq46d tbxw36s4 knj5qynh kvgmc6g5 ditlmg2l oygrvhab nvdbi5me sf5mxxl7 gl3lb2sf hhz5lgdu\"><img decoding=\"async\" src=\"https:\/\/static.xx.fbcdn.net\/images\/emoji.php\/v9\/t39\/1\/16\/2b55.png\" alt=\"\u2b55\ufe0f\" width=\"16\" height=\"16\" \/><\/span>Dit proces gaat over de straffeloosheid voor door de politie gepleegd geweld.<\/div>\n<div class=\"o9v6fnle cxmmr5t8 oygrvhab hcukyx3x c1et5uql\"><span class=\"pq6dq46d tbxw36s4 knj5qynh kvgmc6g5 ditlmg2l oygrvhab nvdbi5me sf5mxxl7 gl3lb2sf hhz5lgdu\"><img decoding=\"async\" src=\"https:\/\/static.xx.fbcdn.net\/images\/emoji.php\/v9\/t39\/1\/16\/2b55.png\" alt=\"\u2b55\ufe0f\" width=\"16\" height=\"16\" \/><\/span>Het Openbaar Ministerie vervolgt de vermeende bestuurder van het busje en een vermeende smokkelaar voor kwaadwillige belemmering van het verkeer met de dood tot gevolg, en de politieagent voor onvrijwillige doodslag, wanneer hij opzettelijk schiet op een busje vol met migranten.<\/div>\n<div class=\"o9v6fnle cxmmr5t8 oygrvhab hcukyx3x c1et5uql\"><span class=\"pq6dq46d tbxw36s4 knj5qynh kvgmc6g5 ditlmg2l oygrvhab nvdbi5me sf5mxxl7 gl3lb2sf hhz5lgdu\"><img decoding=\"async\" src=\"https:\/\/static.xx.fbcdn.net\/images\/emoji.php\/v9\/t39\/1\/16\/2b55.png\" alt=\"\u2b55\ufe0f\" width=\"16\" height=\"16\" \/><\/span>Alles in het dossier toont aan dat de Belgische staat probeert de schuld van de politieagent tot een minimum te beperken en zijn verantwoordelijkheid te verbergen in de organisatie van de Medusa-operaties, terwijl hij tegelijkertijd de ouders en de smokkelaars de schuld geeftvan de tragedie.<\/div>\n<div class=\"o9v6fnle cxmmr5t8 oygrvhab hcukyx3x c1et5uql\"><span class=\"pq6dq46d tbxw36s4 knj5qynh kvgmc6g5 ditlmg2l oygrvhab nvdbi5me sf5mxxl7 gl3lb2sf hhz5lgdu\"><img decoding=\"async\" src=\"https:\/\/static.xx.fbcdn.net\/images\/emoji.php\/v9\/t9e\/1\/16\/27a1.png\" alt=\"\u27a1\ufe0f\" width=\"16\" height=\"16\" \/><\/span>Geconfronteerd met een dergelijk onevenwicht tussen de rechten van de partijen is het wenselijk dat waarnemers uit het maatschappelijk middenveld aanwezig zijn, zodat de ouders geruster kunnen zijn dat de zaak behandeld zal worden op onpartijdige en onafhankelijke wijze.<\/div>\n<div class=\"o9v6fnle cxmmr5t8 oygrvhab hcukyx3x c1et5uql\">EN<\/div>\n<div class=\"o9v6fnle cxmmr5t8 oygrvhab hcukyx3x c1et5uql\">The Mawda trial will take place on the 23rd and 24th of November 2020 in Mons.<\/div>\n<div class=\"o9v6fnle cxmmr5t8 oygrvhab hcukyx3x c1et5uql\"><span class=\"pq6dq46d tbxw36s4 knj5qynh kvgmc6g5 ditlmg2l oygrvhab nvdbi5me sf5mxxl7 gl3lb2sf hhz5lgdu\"><img decoding=\"async\" src=\"https:\/\/static.xx.fbcdn.net\/images\/emoji.php\/v9\/t39\/1\/16\/2b55.png\" alt=\"\u2b55\ufe0f\" width=\"16\" height=\"16\" \/><\/span>What is at stake in this trial is the issue of impunity of police violence.<\/div>\n<div class=\"o9v6fnle cxmmr5t8 oygrvhab hcukyx3x c1et5uql\"><span class=\"pq6dq46d tbxw36s4 knj5qynh kvgmc6g5 ditlmg2l oygrvhab nvdbi5me sf5mxxl7 gl3lb2sf hhz5lgdu\"><img decoding=\"async\" src=\"https:\/\/static.xx.fbcdn.net\/images\/emoji.php\/v9\/t39\/1\/16\/2b55.png\" alt=\"\u2b55\ufe0f\" width=\"16\" height=\"16\" \/><\/span>The Public Prosecutor&rsquo;s Office is bringing proceedings against the alleged driver of the van and an alleged smuggler for dangerous driving resulting in death (in legal terms in French \u201centrave m\u00e9chante \u00e0 la circulation ayant entra\u00een\u00e9 la mort\u201d); and the police officer for manslaughter.<\/div>\n<div class=\"o9v6fnle cxmmr5t8 oygrvhab hcukyx3x c1et5uql\"><span class=\"pq6dq46d tbxw36s4 knj5qynh kvgmc6g5 ditlmg2l oygrvhab nvdbi5me sf5mxxl7 gl3lb2sf hhz5lgdu\"><img decoding=\"async\" src=\"https:\/\/static.xx.fbcdn.net\/images\/emoji.php\/v9\/t39\/1\/16\/2b55.png\" alt=\"\u2b55\ufe0f\" width=\"16\" height=\"16\" \/><\/span>Everything in the file shows that the Belgian state seeks to minimise the police officer&rsquo;s fault and to conceal his responsibility in the organisation of the Medusa operations, while at the same time blaming the parents and the smugglers for the tragedy.<\/div>\n<div class=\"o9v6fnle cxmmr5t8 oygrvhab hcukyx3x c1et5uql\"><span class=\"pq6dq46d tbxw36s4 knj5qynh kvgmc6g5 ditlmg2l oygrvhab nvdbi5me sf5mxxl7 gl3lb2sf hhz5lgdu\"><img decoding=\"async\" src=\"https:\/\/static.xx.fbcdn.net\/images\/emoji.php\/v9\/t9e\/1\/16\/27a1.png\" alt=\"\u27a1\ufe0f\" width=\"16\" height=\"16\" \/><\/span>\u00a0Faced with such an imbalance between the rights of the parties, it is desirable that observers from civil society be present to guarantee the parents a trial by an impartial and independent judiciary.<\/div>\n<div tabindex=\"0\" role=\"button\"><\/div>\n<h4 style=\"text-align: center;\"><a href=\"https:\/\/fb.me\/e\/3EnjVaB3v\"><strong>\u00e9v\u00e9nement Facebook<\/strong> :\u00a0 Semaine Mawda\u00a0<\/a><\/h4>\n<div class=\"o9v6fnle cxmmr5t8 oygrvhab hcukyx3x c1et5uql\">EN<\/div>\n<div class=\"o9v6fnle cxmmr5t8 oygrvhab hcukyx3x c1et5uql\">The Mawda trial will take place on the 23rd and 24th of November 2020 in Mons.<\/div>\n<div class=\"o9v6fnle cxmmr5t8 oygrvhab hcukyx3x c1et5uql\"><span class=\"pq6dq46d tbxw36s4 knj5qynh kvgmc6g5 ditlmg2l oygrvhab nvdbi5me sf5mxxl7 gl3lb2sf hhz5lgdu\"><img decoding=\"async\" src=\"https:\/\/static.xx.fbcdn.net\/images\/emoji.php\/v9\/t39\/1\/16\/2b55.png\" alt=\"\u2b55\ufe0f\" width=\"16\" height=\"16\" \/><\/span>What is at stake in this trial is the issue of impunity of police violence.<\/div>\n<div class=\"o9v6fnle cxmmr5t8 oygrvhab hcukyx3x c1et5uql\"><span class=\"pq6dq46d tbxw36s4 knj5qynh kvgmc6g5 ditlmg2l oygrvhab nvdbi5me sf5mxxl7 gl3lb2sf hhz5lgdu\"><img decoding=\"async\" src=\"https:\/\/static.xx.fbcdn.net\/images\/emoji.php\/v9\/t39\/1\/16\/2b55.png\" alt=\"\u2b55\ufe0f\" width=\"16\" height=\"16\" \/><\/span>The Public Prosecutor&rsquo;s Office is bringing proceedings against the alleged driver of the van and an alleged smuggler for dangerous driving resulting in death (in legal terms in French \u201centrave m\u00e9chante \u00e0 la circulation ayant entra\u00een\u00e9 la mort\u201d); and the police officer for manslaughter.<\/div>\n<div class=\"o9v6fnle cxmmr5t8 oygrvhab hcukyx3x c1et5uql\"><span class=\"pq6dq46d tbxw36s4 knj5qynh kvgmc6g5 ditlmg2l oygrvhab nvdbi5me sf5mxxl7 gl3lb2sf hhz5lgdu\"><img decoding=\"async\" src=\"https:\/\/static.xx.fbcdn.net\/images\/emoji.php\/v9\/t39\/1\/16\/2b55.png\" alt=\"\u2b55\ufe0f\" width=\"16\" height=\"16\" \/><\/span>Everything in the file shows that the Belgian state seeks to minimise the police officer&rsquo;s fault and to conceal his responsibility in the organisation of the Medusa operations, while at the same time blaming the parents and the smugglers for the tragedy.<\/div>\n<div class=\"o9v6fnle cxmmr5t8 oygrvhab hcukyx3x c1et5uql\"><span class=\"pq6dq46d tbxw36s4 knj5qynh kvgmc6g5 ditlmg2l oygrvhab nvdbi5me sf5mxxl7 gl3lb2sf hhz5lgdu\"><img decoding=\"async\" src=\"https:\/\/static.xx.fbcdn.net\/images\/emoji.php\/v9\/t9e\/1\/16\/27a1.png\" alt=\"\u27a1\ufe0f\" width=\"16\" height=\"16\" \/><\/span>\u00a0Faced with such an imbalance between the rights of the parties, it is desirable that observers from civil society be present to guarantee the parents a trial by an impartial and independent judiciary.<\/div>\n<h4 style=\"text-align: center;\"><a href=\"https:\/\/fb.me\/e\/3EnjVaB3v\"><strong>\u00e9v\u00e9nement Facebook<\/strong> :\u00a0 Semaine Mawda\u00a0<\/a><\/h4>\n<div class=\"oud54xpy\">\n<h3 class=\"gmql0nx0 l94mrbxd p1ri9a11 lzcic4wl d2edcug0 hpfvmrgz\" dir=\"auto\" tabindex=\"-1\"><span class=\"d2edcug0 hpfvmrgz qv66sw1b c1et5uql rrkovp55 a8c37x1j keod5gw0 nxhoafnm aigsh9s9 embtmqzv fe6kdd0r mau55g9w c8b282yb hrzyx87i m6dqt4wy h7mekvxk hnhda86s oo9gr5id\" dir=\"auto\">Mons 23 et 24 novembre : Justice et V\u00e9rit\u00e9 Pour Mawda<\/span><\/h3>\n<\/div>\n<div class=\"r54jmrld\">\n<div class=\"f9o22wc5 ad2k81qe btwxx1t3 j83agx80 bp9cbjyn\">\n<div class=\"\">\n<div class=\"j83agx80 cbu4d94t ew0dbk1b irj2b8pg\">\n<div class=\"qzhwtbm6 knvmm38d\"><span class=\"d2edcug0 hpfvmrgz qv66sw1b c1et5uql rrkovp55 a8c37x1j keod5gw0 nxhoafnm aigsh9s9 d3f4x2em fe6kdd0r mau55g9w c8b282yb iv3no6db jq4qci2q a3bd9o3v lrazzd5p oo9gr5id hzawbc8m\" dir=\"auto\">Comit\u00e9 Mawda &#8211; Justice et V\u00e9rit\u00e9<\/span><\/div>\n<div>\n<div class=\"pwh3vvf2 c9zspvje\">\n<h3 class=\"gmql0nx0 l94mrbxd p1ri9a11 lzcic4wl d2edcug0 hpfvmrgz\" dir=\"auto\"><span class=\"d2edcug0 hpfvmrgz qv66sw1b c1et5uql rrkovp55 a8c37x1j keod5gw0 nxhoafnm aigsh9s9 ns63r2gh fe6kdd0r mau55g9w c8b282yb iv3no6db o3w64lxj b2s5l15y hnhda86s oo9gr5id\" dir=\"auto\">Ce 23 novembre d\u00e9bute, au tribunal correctionnel de Mons,<\/span><\/h3>\n<h3 class=\"gmql0nx0 l94mrbxd p1ri9a11 lzcic4wl d2edcug0 hpfvmrgz\" dir=\"auto\"><span class=\"d2edcug0 hpfvmrgz qv66sw1b c1et5uql rrkovp55 a8c37x1j keod5gw0 nxhoafnm aigsh9s9 ns63r2gh fe6kdd0r mau55g9w c8b282yb iv3no6db o3w64lxj b2s5l15y hnhda86s oo9gr5id\" dir=\"auto\"> le proc\u00e8s du policier et de deux pr\u00e9sum\u00e9s \u00ab passeurs \u00bb dans le cadre du meurtre de Mawda.<\/span><\/h3>\n<\/div>\n<div class=\"pwh3vvf2 c9zspvje\"><span class=\"d2edcug0 hpfvmrgz qv66sw1b c1et5uql rrkovp55 a8c37x1j keod5gw0 nxhoafnm aigsh9s9 d3f4x2em fe6kdd0r mau55g9w c8b282yb mdeji52x a5q79mjw g1cxx5fr knj5qynh oo9gr5id\" dir=\"auto\">Nous demandions les Assises pour des faits d\u2019une telle gravit\u00e9 ; les faits ont \u00e9t\u00e9 correctionnalis\u00e9s. Si nous continuons \u00e0 exiger un proc\u00e8s d\u2019assises, \u00e0 travers la qualification des faits en \u00ab meurtre \u00bb, c\u2019est aussi bien pour assurer \u00e0 cette affaire, une large audience en pr\u00e9sence directe des t\u00e9moins (qui auraient \u00e0 r\u00e9pondre \u00e0 la fois aux questions des juges, des jur\u00e9s et des avocats des parties) que pour instruire les responsabilit\u00e9s politiques qui ont rendus possibles, \u00e0 la fois la mort, les tentatives polici\u00e8res de le cacher ainsi que les mensonges du parquet tout au long de l\u2019instruction.<\/span><\/div>\n<div><\/div>\n<div class=\"pwh3vvf2 c9zspvje\"><span class=\"d2edcug0 hpfvmrgz qv66sw1b c1et5uql rrkovp55 a8c37x1j keod5gw0 nxhoafnm aigsh9s9 d3f4x2em fe6kdd0r mau55g9w c8b282yb mdeji52x a5q79mjw g1cxx5fr knj5qynh oo9gr5id\" dir=\"auto\">Le meurtre de Mawda, dans la nuit du jeudi 17 au vendredi 18 mai 2018, des suites d\u2019un tir policier a eu lieu dans le cadre des op\u00e9rations M\u00e9dusa de traques aux migrants, qui elles-m\u00eames s\u2019inscrivent dans une politique raciste de fermeture des fronti\u00e8res, aux \u00e9chelles belges et europ\u00e9ennes.<\/span><\/div>\n<div><\/div>\n<div class=\"pwh3vvf2 c9zspvje\"><span class=\"d2edcug0 hpfvmrgz qv66sw1b c1et5uql rrkovp55 a8c37x1j keod5gw0 nxhoafnm aigsh9s9 d3f4x2em fe6kdd0r mau55g9w c8b282yb mdeji52x a5q79mjw g1cxx5fr knj5qynh oo9gr5id\" dir=\"auto\">Incriminer le seul policier ou, pire, focaliser l\u2019attention sur les seuls \u00ab passeurs \u00bb sont des mani\u00e8res d\u2019\u00e9viter de mettre en cause les responsabilit\u00e9s politiques multiples de ceux qui organisent chaque jour la chasse aux migrants.<\/span><\/div>\n<div><\/div>\n<div class=\"pwh3vvf2 c9zspvje\"><span class=\"d2edcug0 hpfvmrgz qv66sw1b c1et5uql rrkovp55 a8c37x1j keod5gw0 nxhoafnm aigsh9s9 d3f4x2em fe6kdd0r mau55g9w c8b282yb mdeji52x a5q79mjw g1cxx5fr knj5qynh oo9gr5id\" dir=\"auto\">Si le bras arm\u00e9 policier a sa place sur le banc des accus\u00e9s, sa pr\u00e9sence cache celle des organisateurs de ces op\u00e9rations. Sur le banc des accus\u00e9s ne figurent pas les instigateurs de ces op\u00e9rations, pas plus que les Ministres qui les perp\u00e9tuent ou les couvrent (Gouvernement Michel, Gouvernement De Croo).<\/span><\/div>\n<div><\/div>\n<div class=\"pwh3vvf2 c9zspvje\"><span class=\"d2edcug0 hpfvmrgz qv66sw1b c1et5uql rrkovp55 a8c37x1j keod5gw0 nxhoafnm aigsh9s9 d3f4x2em fe6kdd0r mau55g9w c8b282yb mdeji52x a5q79mjw g1cxx5fr knj5qynh oo9gr5id\" dir=\"auto\">Par ailleurs, la responsabilit\u00e9 polici\u00e8re et judiciaire est engag\u00e9e. Il s\u2019agit d\u2019abord des techniques d\u2019intervention, des formes de d\u00e9shumanisation des migrants \u00e0 caract\u00e8re raciste \u2013 tirer sans \u00eatre en l\u00e9gitime d\u00e9fense est inacceptable, ce n\u2019est pas un \u00ab d\u00e9faut de pr\u00e9voyance \u00bb, c\u2019est un meurtre.<\/span><\/div>\n<div><\/div>\n<div class=\"pwh3vvf2 c9zspvje\"><span class=\"d2edcug0 hpfvmrgz qv66sw1b c1et5uql rrkovp55 a8c37x1j keod5gw0 nxhoafnm aigsh9s9 d3f4x2em fe6kdd0r mau55g9w c8b282yb mdeji52x a5q79mjw g1cxx5fr knj5qynh oo9gr5id\" dir=\"auto\">Il s\u2019agit ensuite de l\u2019organisation des multiples mensonges que se permettent des policiers. Juste apr\u00e8s les faits (lire l\u2019enqu\u00eate de Michel Bouffioux), les versions s\u2019alignent. D\u00e8s les premi\u00e8res minutes apr\u00e8s le meurtre se met en place une coalition de fonctionnaires, le parquet n\u2019est pas appel\u00e9 et aucune zone d\u2019exclusion judiciaire n\u2019est mise en place, le tireur est invit\u00e9 \u00e0 rentrer chez lui sans qu\u2019il n\u2019ait fait l\u2019objet d\u2019aucun interrogatoire circonstanci\u00e9 et couch\u00e9 sur proc\u00e8s-verbal. Il est simplement inform\u00e9 par son chef de poste qu\u2019il n\u2019y aura pas de poursuites, qu\u2019il peut rentrer chez lui. Il re\u00e7oit aussi comme conseil de r\u00e9diger un proc\u00e8s-verbal pour \u00ab r\u00e9bellion arm\u00e9e \u00bb contre lui. Au lendemain de l\u2019enterrement, les policiers pr\u00e9sents le jour du meurtre (\u00e0 l\u2019exception du tireur) vont se r\u00e9unir pour accorder leurs versions.<\/span><\/div>\n<div><\/div>\n<div class=\"pwh3vvf2 c9zspvje\"><span class=\"d2edcug0 hpfvmrgz qv66sw1b c1et5uql rrkovp55 a8c37x1j keod5gw0 nxhoafnm aigsh9s9 d3f4x2em fe6kdd0r mau55g9w c8b282yb mdeji52x a5q79mjw g1cxx5fr knj5qynh oo9gr5id\" dir=\"auto\">De la th\u00e8se de l\u2019h\u00e9matome cr\u00e2nien d\u00fb \u00e0 une chute de la camionnette, \u00e0 celle, odieuse de l\u2019 \u00ab enfant b\u00e9lier \u00bb puis \u00e0 celle de l\u2019 \u00ab embard\u00e9e \u00bb, en passant par l\u2019 \u00ab \u00e9change de tir \u00bb, les versions de la police et du Parquet se sont succ\u00e9d\u00e9es avec comme effets d\u2019instruire \u00e0 d\u00e9charge de la police et de fournir au tribunal correctionnel des \u00e9l\u00e9ments pour blanchir ce crime policier. Il s\u2019agit aussi de la couverture des th\u00e8ses polici\u00e8res par le Parquet s&#8217;empressant de valider toutes les versions successives jusqu\u2019\u00e0 celle de la camionnette ayant servi d\u2019\u00ab arme par destination \u00bb sans \u00e0 aucun moment poursuivre les mensonges, les coalitions de policiers, les entraves \u00e0 la justice, les tentatives de corruption de t\u00e9moins qui constituent pourtant des crimes graves. Il s\u2019agit l\u00e0 de coalitions de fonctionnaires manifestes, non seulement entre policiers mais qui, par l\u2019attitude du parquet, impliquent aussi procureurs et magistrats.<\/span><\/div>\n<div><\/div>\n<div class=\"ii04i59q ecm0bbzt scb9dxdr dflh9lhu e5nlhep0 bi6gxh9e b3i9ofy5\"><span class=\"d2edcug0 hpfvmrgz qv66sw1b c1et5uql rrkovp55 a8c37x1j keod5gw0 nxhoafnm aigsh9s9 d9wwppkn fe6kdd0r mau55g9w c8b282yb mdeji52x e9vueds3 j5wam9gi knj5qynh oo9gr5id\" dir=\"auto\"><code><b>De Semira Adadmu \u00e0 Jozef Chovanec : une politique criminelle<\/b><\/code><\/span><\/div>\n<div class=\"ii04i59q ecm0bbzt scb9dxdr dflh9lhu e5nlhep0 bi6gxh9e b3i9ofy5\"><span class=\"d2edcug0 hpfvmrgz qv66sw1b c1et5uql rrkovp55 a8c37x1j keod5gw0 nxhoafnm aigsh9s9 d9wwppkn fe6kdd0r mau55g9w c8b282yb mdeji52x e9vueds3 j5wam9gi knj5qynh oo9gr5id\" dir=\"auto\"><code>L\u2019affaire Mawda est aussi une affaire de violence polici\u00e8re institu\u00e9e. Elle renvoie \u00e0 tout ce que se permet la police sur les corps qualifi\u00e9s d\u2019\u00e9trangers (Adil, Mehdi pour lequel la chambre du conseil a prononc\u00e9 un non-lieu, Lamine Bangoura \u00e9touff\u00e9 par 8 policiers qui ont b\u00e9n\u00e9fici\u00e9 en premi\u00e8re instance d\u2019un non-lieu, etc.) : techniques utilis\u00e9es, op\u00e9rations prioritaires, disparitions d\u2019images et de preuves mettant en cause la police, instructions b\u00e2cl\u00e9es, coalition de fonctionnaires, etc.<\/code><\/span><\/div>\n<div><\/div>\n<div class=\"pwh3vvf2 c9zspvje\"><span class=\"d2edcug0 hpfvmrgz qv66sw1b c1et5uql rrkovp55 a8c37x1j keod5gw0 nxhoafnm aigsh9s9 d3f4x2em fe6kdd0r mau55g9w c8b282yb mdeji52x a5q79mjw g1cxx5fr knj5qynh oo9gr5id\" dir=\"auto\"><b>Mettre fin aux violences racistes d\u2019Etat !<\/b><\/span><\/div>\n<div class=\"pwh3vvf2 c9zspvje\"><span class=\"d2edcug0 hpfvmrgz qv66sw1b c1et5uql rrkovp55 a8c37x1j keod5gw0 nxhoafnm aigsh9s9 d3f4x2em fe6kdd0r mau55g9w c8b282yb mdeji52x a5q79mjw g1cxx5fr knj5qynh oo9gr5id\" dir=\"auto\">Autour du proc\u00e8s, il s\u2019agit donc de :<\/span><\/div>\n<ul class=\"bi6gxh9e aov4n071 fjf4s8hc mf5omzu7\">\n<li>\n<div class=\"pwh3vvf2 c9zspvje\"><span class=\"d2edcug0 hpfvmrgz qv66sw1b c1et5uql rrkovp55 a8c37x1j keod5gw0 nxhoafnm aigsh9s9 d3f4x2em fe6kdd0r mau55g9w c8b282yb mdeji52x a5q79mjw g1cxx5fr knj5qynh oo9gr5id\" dir=\"auto\">Exiger le d\u00e9mant\u00e8lement des op\u00e9rations Medusa et de \u00ab chasses \u00e0 l\u2019homme \u00bb comme mesure prioritaire pour instaurer des voies s\u00fbres de migration.<\/span><\/div>\n<\/li>\n<li>\n<div class=\"pwh3vvf2 c9zspvje\"><span class=\"d2edcug0 hpfvmrgz qv66sw1b c1et5uql rrkovp55 a8c37x1j keod5gw0 nxhoafnm aigsh9s9 d3f4x2em fe6kdd0r mau55g9w c8b282yb mdeji52x a5q79mjw g1cxx5fr knj5qynh oo9gr5id\" dir=\"auto\">Exiger, par une commission d\u2019ENQU\u00caTE parlementaire ad hoc \u2013 que l\u2019ensemble des partis politiques s\u2019\u00e9chinent \u00e0 ne pas exiger \u2013 la mise \u00e0 jour des responsabilit\u00e9s politiques dans la mort de la petite Mawda.<\/span><\/div>\n<\/li>\n<li>\n<div class=\"pwh3vvf2 c9zspvje\"><span class=\"d2edcug0 hpfvmrgz qv66sw1b c1et5uql rrkovp55 a8c37x1j keod5gw0 nxhoafnm aigsh9s9 d3f4x2em fe6kdd0r mau55g9w c8b282yb mdeji52x a5q79mjw g1cxx5fr knj5qynh oo9gr5id\" dir=\"auto\">Abolir les politiques racistes et meurtri\u00e8res des fronti\u00e8res de l\u2019UE et de la Belgique en d\u00e9mantelant Frontex et en r\u00e9formant en profondeur la politique migratoire europ\u00e9enne (notamment par l\u2019abolition du cadre Dublin transform\u00e9 qui ne fera qu\u2019accentuer les expulsions).<\/span><\/div>\n<\/li>\n<li>\n<div class=\"pwh3vvf2 c9zspvje\"><span class=\"d2edcug0 hpfvmrgz qv66sw1b c1et5uql rrkovp55 a8c37x1j keod5gw0 nxhoafnm aigsh9s9 d3f4x2em fe6kdd0r mau55g9w c8b282yb mdeji52x a5q79mjw g1cxx5fr knj5qynh oo9gr5id\" dir=\"auto\">Instaurer un droit nouveau de la migration instruit des enjeux de d\u00e9r\u00e8glements climatiques et des d\u00e9s\u00e9quilibres et in\u00e9galit\u00e9s structurelles post-coloniales afin d\u2019assurer la libre circulation et installation.<\/span><\/div>\n<\/li>\n<li>\n<div class=\"pwh3vvf2 c9zspvje\"><span class=\"d2edcug0 hpfvmrgz qv66sw1b c1et5uql rrkovp55 a8c37x1j keod5gw0 nxhoafnm aigsh9s9 d3f4x2em fe6kdd0r mau55g9w c8b282yb mdeji52x a5q79mjw g1cxx5fr knj5qynh oo9gr5id\" dir=\"auto\">Imposer le d\u00e9mant\u00e8lement des formes de violences polici\u00e8res par tous les moyens techniques et politiques n\u00e9cessaires.<\/span><\/div>\n<\/li>\n<li>\n<div class=\"pwh3vvf2 c9zspvje\"><span class=\"d2edcug0 hpfvmrgz qv66sw1b c1et5uql rrkovp55 a8c37x1j keod5gw0 nxhoafnm aigsh9s9 d3f4x2em fe6kdd0r mau55g9w c8b282yb mdeji52x a5q79mjw g1cxx5fr knj5qynh oo9gr5id\" dir=\"auto\">En finir avec l&rsquo;impunit\u00e9 des crimes policiers.<\/span><\/div>\n<\/li>\n<li>\n<div class=\"pwh3vvf2 c9zspvje\"><span class=\"d2edcug0 hpfvmrgz qv66sw1b c1et5uql rrkovp55 a8c37x1j keod5gw0 nxhoafnm aigsh9s9 d3f4x2em fe6kdd0r mau55g9w c8b282yb mdeji52x a5q79mjw g1cxx5fr knj5qynh oo9gr5id\" dir=\"auto\">R\u00e9gulariser les personnes sans-papiers r\u00e9sidants en Belgique \u00e0 la fois comme mesure d\u2019acc\u00e8s aux soins de sant\u00e9, au travail, \u00e0 la s\u00e9curit\u00e9 sociale, au droit au logement, etc. mais \u00e9galement comme mesure de r\u00e9paration post-coloniale dans le cadre de la commission V\u00e9rit\u00e9 et R\u00e9conciliation.<\/span><\/div>\n<\/li>\n<\/ul>\n<div class=\"pwh3vvf2 c9zspvje\"><\/div>\n<div class=\"pwh3vvf2 c9zspvje\"><span class=\"d2edcug0 hpfvmrgz qv66sw1b c1et5uql rrkovp55 a8c37x1j keod5gw0 nxhoafnm aigsh9s9 d3f4x2em fe6kdd0r mau55g9w c8b282yb mdeji52x a5q79mjw g1cxx5fr knj5qynh oo9gr5id\" dir=\"auto\"><b>Premiers signataires :<\/b><\/span><\/div>\n<ul class=\"bi6gxh9e aov4n071 fjf4s8hc mf5omzu7\">\n<li>\n<div class=\"pwh3vvf2 c9zspvje\"><span class=\"d2edcug0 hpfvmrgz qv66sw1b c1et5uql rrkovp55 a8c37x1j keod5gw0 nxhoafnm aigsh9s9 d3f4x2em fe6kdd0r mau55g9w c8b282yb mdeji52x a5q79mjw g1cxx5fr knj5qynh oo9gr5id\" dir=\"auto\"><b>Groupe Montois de Soutien aux Sans-Papiers<\/b><\/span><\/div>\n<\/li>\n<li>\n<div class=\"pwh3vvf2 c9zspvje\"><span class=\"d2edcug0 hpfvmrgz qv66sw1b c1et5uql rrkovp55 a8c37x1j keod5gw0 nxhoafnm aigsh9s9 d3f4x2em fe6kdd0r mau55g9w c8b282yb mdeji52x a5q79mjw g1cxx5fr knj5qynh oo9gr5id\" dir=\"auto\"><b>Gauche Anticapitaliste<\/b><\/span><\/div>\n<\/li>\n<li>\n<div class=\"pwh3vvf2 c9zspvje\"><span class=\"d2edcug0 hpfvmrgz qv66sw1b c1et5uql rrkovp55 a8c37x1j keod5gw0 nxhoafnm aigsh9s9 d3f4x2em fe6kdd0r mau55g9w c8b282yb mdeji52x a5q79mjw g1cxx5fr knj5qynh oo9gr5id\" dir=\"auto\"><b>Le Village du Monde<\/b><\/span><\/div>\n<\/li>\n<li>\n<div class=\"pwh3vvf2 c9zspvje\"><span class=\"d2edcug0 hpfvmrgz qv66sw1b c1et5uql rrkovp55 a8c37x1j keod5gw0 nxhoafnm aigsh9s9 d3f4x2em fe6kdd0r mau55g9w c8b282yb mdeji52x a5q79mjw g1cxx5fr knj5qynh oo9gr5id\" dir=\"auto\"><b>JOC Bruxelles<\/b><\/span><\/div>\n<\/li>\n<li>\n<div class=\"pwh3vvf2 c9zspvje\"><span class=\"d2edcug0 hpfvmrgz qv66sw1b c1et5uql rrkovp55 a8c37x1j keod5gw0 nxhoafnm aigsh9s9 d3f4x2em fe6kdd0r mau55g9w c8b282yb mdeji52x a5q79mjw g1cxx5fr knj5qynh oo9gr5id\" dir=\"auto\"><b>Comit\u00e9 Mawda &#8211; Justice et V\u00e9rit\u00e9<\/b><\/span><\/div>\n<\/li>\n<li>\n<div class=\"pwh3vvf2 c9zspvje\"><span class=\"d2edcug0 hpfvmrgz qv66sw1b c1et5uql rrkovp55 a8c37x1j keod5gw0 nxhoafnm aigsh9s9 d3f4x2em fe6kdd0r mau55g9w c8b282yb mdeji52x a5q79mjw g1cxx5fr knj5qynh oo9gr5id\" dir=\"auto\"><b>CEPAG &#8211; Mons Borinage<\/b><\/span><\/div>\n<\/li>\n<li>\n<div class=\"pwh3vvf2 c9zspvje\"><span class=\"d2edcug0 hpfvmrgz qv66sw1b c1et5uql rrkovp55 a8c37x1j keod5gw0 nxhoafnm aigsh9s9 d3f4x2em fe6kdd0r mau55g9w c8b282yb mdeji52x a5q79mjw g1cxx5fr knj5qynh oo9gr5id\" dir=\"auto\"><b>Bruxelles Panth\u00e8res<\/b><\/span><\/div>\n<\/li>\n<li>\n<div class=\"pwh3vvf2 c9zspvje\"><span class=\"d2edcug0 hpfvmrgz qv66sw1b c1et5uql rrkovp55 a8c37x1j keod5gw0 nxhoafnm aigsh9s9 d3f4x2em fe6kdd0r mau55g9w c8b282yb mdeji52x a5q79mjw g1cxx5fr knj5qynh oo9gr5id\" dir=\"auto\"><b>Th\u00e9\u00e2tre des Rue<\/b><\/span><\/div>\n<\/li>\n<li>\n<div class=\"pwh3vvf2 c9zspvje\"><span class=\"d2edcug0 hpfvmrgz qv66sw1b c1et5uql rrkovp55 a8c37x1j keod5gw0 nxhoafnm aigsh9s9 d3f4x2em fe6kdd0r mau55g9w c8b282yb mdeji52x a5q79mjw g1cxx5fr knj5qynh oo9gr5id\" dir=\"auto\"><b>FGTB Wallonne<\/b><\/span><\/div>\n<\/li>\n<li>\n<div class=\"pwh3vvf2 c9zspvje\"><span class=\"d2edcug0 hpfvmrgz qv66sw1b c1et5uql rrkovp55 a8c37x1j keod5gw0 nxhoafnm aigsh9s9 d3f4x2em fe6kdd0r mau55g9w c8b282yb mdeji52x a5q79mjw g1cxx5fr knj5qynh oo9gr5id\" dir=\"auto\"><b>Marche des Migrants de la R\u00e9gion du Centre<\/b><\/span><\/div>\n<\/li>\n<li>\n<div class=\"pwh3vvf2 c9zspvje\"><span class=\"d2edcug0 hpfvmrgz qv66sw1b c1et5uql rrkovp55 a8c37x1j keod5gw0 nxhoafnm aigsh9s9 d3f4x2em fe6kdd0r mau55g9w c8b282yb mdeji52x a5q79mjw g1cxx5fr knj5qynh oo9gr5id\" dir=\"auto\"><b>Le Th\u00e9\u00e2tre du Copion<\/b><\/span><\/div>\n<\/li>\n<li>\n<div class=\"pwh3vvf2 c9zspvje\"><span class=\"d2edcug0 hpfvmrgz qv66sw1b c1et5uql rrkovp55 a8c37x1j keod5gw0 nxhoafnm aigsh9s9 d3f4x2em fe6kdd0r mau55g9w c8b282yb mdeji52x a5q79mjw g1cxx5fr knj5qynh oo9gr5id\" dir=\"auto\"><b>Charleroi Solidarit\u00e9 Migrant.e.s<\/b><\/span><\/div>\n<\/li>\n<\/ul>\n<div class=\"elementor-element elementor-element-4181d17 elementor-widget elementor-widget-theme-post-title elementor-page-title elementor-widget-heading\" data-id=\"4181d17\" data-element_type=\"widget\" data-widget_type=\"theme-post-title.default\">\n<div class=\"elementor-widget-container\">\n<h3 class=\"elementor-heading-title elementor-size-default\" style=\"text-align: center;\">Justice et v\u00e9rit\u00e9, Interview avec Martin Vander Elst du Comit\u00e9 Mawda.<\/h3>\n<\/div>\n<\/div>\n<div class=\"elementor-element elementor-element-43dd6374 elementor-widget elementor-widget-theme-post-content\" data-id=\"43dd6374\" data-element_type=\"widget\" data-widget_type=\"theme-post-content.default\">\n<div class=\"elementor-widget-container\">\n<h4><strong><em>De nombreux comit\u00e9s de soutien aux familles de victimes de violences polici\u00e8res s\u2019appellent \u00ab Justice et V\u00e9rit\u00e9 \u00bb, c\u2019est \u00e9galement le cas avec le comit\u00e9 Mawda dont tu fais partie. Pourquoi ce concept de v\u00e9rit\u00e9 est-il si important ?<\/em><\/strong><\/h4>\n<p>\u2014 Martin V. : Dans les combats port\u00e9s par les familles, la notion de \u00ab\u00a0<em>v\u00e9rit\u00e9<\/em>\u00a0\u00bb est fondamentale. Il s\u2019agit de r\u00e9tablir leurs v\u00e9rit\u00e9s, \u00e0 partir de ce qu\u2019ils savent de leurs proches assassin\u00e9s par la police, de d\u00e9fendre leur dignit\u00e9. Dans toutes les affaires de violences polici\u00e8res, la police diffame d\u2019embl\u00e9e les victimes, elle souille leur r\u00e9putation en d\u00e9clarant qu\u2019il s\u2019agit de\u00a0<em>drogu\u00e9s<\/em>\u00a0, de\u00a0<em>d\u00e9linquants<\/em>, des personnes\u00a0<em>agit\u00e9es<\/em>\u00a0(le fameux Syndrome de D\u00e9lire Agit\u00e9 qui permet \u00e0 la police de se blanchir) ; elle met en r\u00e9cit, dans une grammaire profond\u00e9ment raciste, leurs \u00ab mauvais comportement \u00bb, etc.<\/p>\n<blockquote class=\"wp-block-quote is-style-large\"><p><span class=\"has-inline-color has-vivid-red-color\"><strong>Le combat judiciaire est d\u2019abord un combat de r\u00e9paration pour la v\u00e9rit\u00e9 face \u00e0 un discours raciste et humiliant pour les familles.<\/strong><\/span><\/p><\/blockquote>\n<p>Lorsqu\u2019on s\u2019engage avec les familles de victimes des violences polici\u00e8res, on met le pied dans une lutte qui est tr\u00e8s longue et o\u00f9 on est d\u2019embl\u00e9e pris au pi\u00e8ge des fictions polici\u00e8res, il vaut mieux le savoir. On n\u2019arrive difficilement \u00e0 nommer la violence exerc\u00e9e par la police car ce qui va faire office de premiers \u00e9l\u00e9ments d\u2019instruction ce sont toujours les PVs de police qui sont des falsifications en temps r\u00e9el. Ces fictions polici\u00e8res racontent elles-m\u00eames une version des faits dont les victimes sont absentes. M\u00eame nous, on doit faire des efforts constants pour arriver \u00e0 renommer les choses, \u00e0 faire sentir la violence exerc\u00e9e par la police, \u00e0 ne pas l\u2019oublier.<\/p>\n<p>C\u2019est qui est proprement infernal, ce sont les mensonges les uns apr\u00e8s les autres, en cascade jusqu\u2019\u00e0 perdre tout lien avec les faits tels qu\u2019ils ont eu lieu. Si la notion de v\u00e9rit\u00e9 est si importante, c\u2019est que la police ne tient absolument pas compte de cette notion, c\u2019est une notion qui se situe en dehors de son rapport au monde et aux institutions. Il faut, d\u00e8s lors, \u00eatre en enqu\u00eate permanente, avoir des relations tr\u00e8s proches avec les familles des victimes pour sentir une autre r\u00e9alit\u00e9, c\u2019est-\u00e0-dire une perception des \u00e9v\u00e9nements qui ne soit pas polici\u00e8re, qui ne soit pas blanchie.<\/p>\n<div class=\"wp-block-spacer\" aria-hidden=\"true\"><\/div>\n<h4><strong><em>Peux-tu nous d\u00e9tailler ces constructions de mensonges pour l\u2019affaire Mawda ?<\/em><\/strong><\/h4>\n<p>\u2014 Martin V. : Le premier mensonge concerne la version des faits racont\u00e9e \u00e0 l\u2019ambulancier qui arrive sur le parking, soit quelques minutes \u00e0 peine apr\u00e8s le meurtre : les policiers racontent que Mawda est tomb\u00e9e de la camionnette, qu\u2019on l\u2019a jet\u00e9e par-dessus bord. Pour comprendre comment fonctionne ce type de fictions, il faut se r\u00e9f\u00e9rer au contexte de la traque des migrants, celui des op\u00e9rations M\u00e9dusa : dispositif de pouvoir qui nourrit aussi une fa\u00e7on de penser construite sur la stigmatisation des migrants, sur les m\u00e9taphores de l\u2019envahissement, de la mont\u00e9e des eaux, du remplacement ; il faut pouvoir restituer ce contexte s\u00e9mantique o\u00f9 on n\u2019arr\u00eate pas de nous dire qu\u2019il y a des personnes pr\u00eates \u00e0 tout pour traverser les fronti\u00e8res, avec tous les fantasmes qui vont avec la fermeture de la \u00ab Jungle \u00bb de Calais. Des personnes meurent en traversant les Alpes, elles meurent dans des containers frigos en passant vers l\u2019Angleterre, elles meurent dans la M\u00e9diterran\u00e9e comme dans la mer du Nord.<\/p>\n<p>On est dans cet imaginaire-l\u00e0 qui fait que des journalistes et le parquet vont vouloir croire le mensonge policier que Mawda a \u00e9t\u00e9 jet\u00e9e de la camionnette. M\u00eame si a posteriori \u00e7a para\u00eet compl\u00e8tement ahurissant, il faut prendre en compte que cela a \u00e9t\u00e9 dit et act\u00e9, pas seulement pas l\u2019avocat du policier mais bien par le parquet. C\u2019est de la fiction, mais elle fonctionne et cette premi\u00e8re version de l\u2019histoire va rester, elle a encore des effets sur la r\u00e9partition actuelle des responsabilit\u00e9s. Elle sera reprise par Bart De Wever et l\u2019extr\u00eame droite pour rendre les parents responsables et pr\u00e9senter en revers ces gens-l\u00e0 comme des \u00ab\u00a0<em>bons parents<\/em>\u00a0\u00bb, soi-disant soucieux de la sant\u00e9 de leurs enfants, on sait ce qu\u2019il en est. Durant le proc\u00e8s qui va avoir lieu fin novembre \u00e0 Mons, la police va se d\u00e9fendre en racontant que sur le moment m\u00eame, ce n\u2019\u00e9tait pas tr\u00e8s clair, qu\u2019il y avait de la confusion sur le parking, pour tenter de se disculper et cacher la coalition de fonctionnaires qui se met en place d\u00e8s ce moment.<\/p>\n<p>Mais ce que l\u2019on sait, c\u2019est que sur le parking, le co\u00e9quipier du policier qui a tir\u00e9 sur Mawda va appeler un sup\u00e9rieur pour lui dire qu\u2019il y a eu un coup de feu. D\u2019autres policiers ont, quant \u00e0 eux, \u00e9galement d\u00e9clar\u00e9 avoir entendu une d\u00e9tonation. \u00c0 ce moment-l\u00e0, la hi\u00e9rarchie est cens\u00e9e contacter le\u00a0<em>Comit\u00e9 P<\/em>\u00a0pour ouvrir une enqu\u00eate sur un incident de tir. Elle ne le fait pas.<\/p>\n<p>Il y a ensuite un second mensonge. D\u2019apr\u00e8s le t\u00e9moignage des policiers entendus par le\u00a0<em>Comit\u00e9 P<\/em>, le m\u00e9decin urgentiste qui a pris en charge Mawda, aurait d\u00e9clar\u00e9 qu\u2019elle n\u2019\u00e9tait pas morte par balle. Cet \u00e9l\u00e9ment va \u00eatre \u00e9galement repris par le Parquet de Mons d\u00e8s le lendemain. Malgr\u00e9 le fait que le parquet de Mons a d\u00fb ensuite revenir sur cette premi\u00e8re affirmation mensong\u00e8re et reconna\u00eetre que Mawda \u00e9tait bien morte du tir du policier qui l\u2019a tu\u00e9, la juge d\u2019instruction, \u00e0 aucun moment, ne va demander \u00e0 entendre le m\u00e9decin urgentiste. C\u2019est pourtant un t\u00e9moin important qui pourrait contredire la version concert\u00e9e des policiers.<\/p>\n<p>L\u2019avocate de la famille et le Comit\u00e9 vont devoir se battre pour demander un devoir d\u2019enqu\u00eate compl\u00e9mentaire afin que l\u2019urgentiste puisse \u00eatre auditionn\u00e9 par le\u00a0<em>Comit\u00e9 P.<\/em>\u00a0Ce m\u00e9decin va alors donner sa version, et d\u00e9clarer qu\u2019il n\u2019a jamais \u00e9cart\u00e9 l\u2019hypoth\u00e8se d\u2019une mort par balle. La police, lors du proc\u00e8s, va certainement tenter de r\u00e9interpr\u00e9ter les faits en disant que l\u2019information est mal pass\u00e9e.<\/p>\n<p>Une fois que tout cela ne fonctionne plus, au fur et \u00e0 mesure que la strat\u00e9gie judiciaire de l\u2019avocate de la famille d\u00e9fait ces mensonges, il reste cependant de la fiction. La camionnette est toujours consid\u00e9r\u00e9e comme une \u00ab\u00a0<em>arme par destination\u00a0<\/em>\u00bb. Or, tous les policiers savent que l\u2019on ne tire pas sur des cibles en mouvement. Mais \u00ab<em>\u00a0arme par destination<\/em>\u00a0\u00bb, maintenant, \u00e7a fonctionne. La camionnette, dans l\u2019imaginaire islamophobe, c\u2019est les attentats de Nice. On inverse le langage et la charge de responsabilit\u00e9 et c\u2019est possible \u00e0 cause du racisme. Sinon la r\u00e9alit\u00e9 est plus forte, ce n\u2019est pas possible de faire croire \u00e7a sans le racisme end\u00e9mique.<\/p>\n<div class=\"wp-block-spacer\" aria-hidden=\"true\"><\/div>\n<p><strong><em>Peut-on parler, ici dans le cas de l\u2019affaire Mawda, de mensonges d\u2019\u00e9tat et d\u2019assassinat ?<\/em><\/strong><\/p>\n<p>\u2014 Martin V. : Dans l\u2019affaire Mawda comme dans l\u2019affaire Chovanec, on voit tr\u00e8s bien comment le mensonge policier devient un mensonge d\u2019Etat. Aucun parlementaire ne demande l\u2019auditions des juges d\u2019instructions ou du parquet, le parquet fait des communications qui visent \u00e0 blanchir la police, on laisse faire les coalitions de fonctionnaire, etc Il n\u2019y aurait pas eu de devoir d\u2019instructions compl\u00e9mentaires sans le travail acharn\u00e9 des avocats.<\/p>\n<p>Dans l\u2019affaire Chovanec, non seulement la police n\u2019a pas fait de proc\u00e9dure disciplinaire en interne, mais le parquet, ce qui est plus grave, n\u2019a pas instruit les diff\u00e9rents mensonges policiers, ni les policiers d\u2019ailleurs pour cet assassinat. C\u2019est pourtant un assassinat en r\u00e9union avec le caract\u00e8re aggravant de l\u2019incitation \u00e0 la haine raciste : le salut nazi, les rires, la d\u00e9claration de l\u2019urgentiste: \u00ab\u00a0<em>\u00e7a ne sera pas une grande perte\u00a0<\/em>\u00bb. Mais aucun policier n\u2019a \u00e9t\u00e9 inculp\u00e9 pour \u00e7a, ni par la juge d\u2019instruction, ni par le parquet de Mons. Dans l\u2019affaire Mawda, c\u2019est pareil. Le parquet voit que la premi\u00e8re version des policiers est\u2009un mensonge, mais il ne l\u00e0 confronte jamais; pire le procureur g\u00e9n\u00e9ral, Ignacio de la Serna, s\u2019\u00e9panche longuement sur les \u00e9tats d\u2019\u00e2me du policier. Il n\u2019y a pas non plus de poursuites alors que ce sont des crimes importants : \u00ab\u00a0<em>entrave \u00e0 la justice<\/em>\u00a0\u00bb, \u00ab\u00a0<em>coalition de fonctionnaires<\/em>\u00a0\u00bb, \u00ab\u00a0<em>mensonges en r\u00e9union\u00a0<\/em>\u00bb, \u00ab\u00a0<em>corruption de t\u00e9moins\u00a0<\/em>\u00bb, etc.<\/p>\n<p>La police peut mentir, raconter n\u2019importe quoi et changer de version quand elle veut, la justice laisse faire. Au pire, comme le montre l\u2019affaire Mawda, seule la personne qui a tir\u00e9, le fusible qu\u2019on essaye de prot\u00e9ger, sera inculp\u00e9e d\u2019\u00ab\u00a0<em>homicide involontaire<\/em>\u00a0\u00bb.<\/p>\n<p>Avec\u2009le\u00a0<em>Comit\u00e9 Mawda<\/em>\u00a0on est confront\u00e9 syst\u00e9matiquement \u00e0 des gens qui nous disent : \u00ab\u00a0<em>Non ce n\u2019est pas un assassinat<\/em>\u00a0\u00bb. En r\u00e9alit\u00e9, ils ont peur d\u2019\u00eatre accus\u00e9 de\u00a0<em>diffamation<\/em>. Ils pr\u00e9f\u00e8re alors utiliser la cat\u00e9gorie polici\u00e8re d\u2019\u00ab<em>\u00a0homicide involontaire\u00a0<\/em>\u00bb.<\/p>\n<p>Personne n\u2019ose encore le dire \u2013 or on l\u2019a dit une fois pour S\u00e9mira Adamu, et on a d\u00fb \u00e9galement le dire pour Lumumba, Mopol et Okito apr\u00e8s une commission d\u2019enqu\u00eate parlementaire : \u00ab\u00a0<em>Oui en Belgique la police assassine\u00a0<\/em>\u00bb, \u00ab\u00a0<em>Oui l\u2019Etat belge assassine<\/em>\u00a0\u00bb.<\/p>\n<blockquote class=\"wp-block-quote is-style-large\"><p><span class=\"has-inline-color has-vivid-red-color\">Maintenir qu\u2019il s\u2019agit d\u2019un assassinat, c\u2019est se donner la capacit\u00e9 de penser en dehors des cat\u00e9gories forg\u00e9es pour blanchir la police.<\/span><\/p><\/blockquote>\n<p>A travers l\u2019usage de ce terme on fait de la politique, mais aussi de la jurisprudence. C\u2019est parce que l\u2019on pousse cette cat\u00e9gorie de l\u2019assassinat, que l\u2019on \u00e9crit des cartes-blanches, que des juristes en viennent \u00e0 nous dire qu\u2019il y a une autre cat\u00e9gorie, le meurtre par dol \u00e9ventuel \u2014 c\u2019est le fait de tirer et d\u2019avoir conscience du risque que tu pourrais tuer m\u00eame si tu ne l\u2019a pas voulu.<\/p>\n<p>Si jamais on gagnait ce proc\u00e8s et que l\u2019on arrivait \u00e0 faire en sorte que le policier soit condamn\u00e9 pour \u00ab<em>\u00a0meurtre par dol \u00e9ventuel\u00a0<\/em>\u00bb, et non plus pour \u00ab\u00a0<em>homicide involontair<\/em>e \u00bb, cela veut dire que l\u2019on aura forc\u00e9 une jurisprudence Mawda. Et que l\u2019on va pouvoir l\u2019utiliser dans d\u2019autres cas. La r\u00e9paration est aussi un concept jurisprudentiel.<\/p>\n<p>Rares sont les groupes qui s\u2019organisent pour avoir le temps d\u2019\u00eatre avec les familles \u00e0 toutes les \u00e9tapes de la proc\u00e9dure. Or pour transformer les jurisprudences, il faut prendre ce temps-l\u00e0 et tu ne peux le prendre que si tu sais que la police peut assassiner. Et donc tu en tires toutes les cons\u00e9quences. En tant que comit\u00e9 Mawda, on est n\u00e9 sur cette base. On s\u2019est retrouv\u00e9 dans des manifs o\u00f9 la seule revendication c\u2019\u00e9tait la d\u00e9mission de Th\u00e9o Franken. Toute la gauche radicale demandait sa d\u00e9mission, mais le probl\u00e8me c\u2019est qu\u2019il d\u00e9missionne ou pas (d\u2019ailleurs il a fini par d\u00e9missionner sur le Pacte Mondial sur les Migrations), la famille, sans soutiens, ne pourra pas se porter partie civile car elle ne sera pas en mesure d\u2019\u00eatre r\u00e9gularis\u00e9e et on ne pourra pas faire condamner les op\u00e9rations M\u00e9dusa et agir concr\u00e8tement sur ce qu\u2019il se passe.<\/p>\n<blockquote class=\"wp-block-quote is-style-large\"><p><span class=\"has-inline-color has-vivid-red-color\">Il faut aller plus loin que des\u2009grandes revendications g\u00e9n\u00e9rales qui n\u2019engagent \u00e0 rien et avoir des revendications op\u00e9ratoires et pour cela il faut enqu\u00eater et accompagner les familles.\u2009<\/span><\/p><\/blockquote>\n<p>Pour nous, les questions de r\u00e9gularisation de la famille et du proc\u00e8s des op\u00e9rations M\u00e9dusa ont toujours \u00e9t\u00e9 li\u00e9es.\u2009Ce n\u2019est pas pour rien que Charles Michel a tent\u00e9 de faire extrader la famille vers l\u2019Angleterre. Pour agir sur ce temps long, il faut \u00eatre dans une position de proximit\u00e9 avec les familles o\u00f9 tu crois\u2009ce que l\u2019on te raconte. On ne peut pas \u00eatre toujours dans la suspicion pour se prot\u00e9ger, pour avoir les mains propres en cas de diffamation. Il faut vouloir croire les familles.<\/p>\n<div class=\"wp-block-spacer\" aria-hidden=\"true\"><\/div>\n<h4><strong><em>En quoi ces mensonges sont-ils sp\u00e9cifiquement racistes, on pourrait penser que c\u2019est simplement du corporatisme ?<\/em><\/strong><\/h4>\n<p>\u2014 Martin V. : Qu\u2019est-ce qui fait que l\u2019on croit la police ? Ce sont quels discours ? Dans l\u2019affaire Mawda, la dimension raciale est d\u2019embl\u00e9e pr\u00e9sente dans la fa\u00e7on dont on parle des migrants comme des gens qui n\u2019ont ni foi ni loi, pr\u00eats \u00e0 tout et n\u2019importe quoi, y compris \u00e0 jeter leurs propres enfants sur la police. Il y a fiction polici\u00e8re et raciste parce que d\u2019embl\u00e9e on sait que l\u2019on peut dire un certain nombre de choses et que le parquet va le croire, et qu\u2019une partie de la population va le croire, que les m\u00e9diats vont le relayer sans distance critique, c\u2019est ainsi que se fabrique l\u2019impunit\u00e9 polici\u00e8re, sur le dos du racisme. Ils sont dans un syst\u00e8me o\u00f9 l\u2019impunit\u00e9 et le racisme sont tellement forts qu\u2019ils savent que cela passe. Le racisme, c\u2019est ici la capacit\u00e9 \u00e0 stigmatiser \u00e0 un tel point le comportement de la victime que personne ne se pose de questions. On va dire que la victime est\u2009un \u00ab violeur \u00bb, un \u00ab drogu\u00e9 \u00bb, un jeune des quartiers qui avait quelque chose \u00e0 se reprocher.<\/p>\n<p>Si personne ne se pose de questions, c\u2019est parce que le racisme intervient pour faire tenir ces mensonges. Le racisme d\u2019\u00c9tat ce n\u2019est pas simplement la police qui ment pour se disculper, c\u2019est toute la structure qui fait que ce mensonge est accept\u00e9, qu\u2019il fonctionne. Le racisme sert \u00e9galement \u00e0 innocenter la police, \u00e0 la blanchir. Il n\u2019y a pas de dispositif de racialisation qui ne soit en m\u00eame temps un dispositif d\u2019innocentement, pas de damn\u00e9s sans indemnis\u00e9s. Tout le discours anti-migrant va servir \u00e0 forclore des op\u00e9rations volontaires de mensonges.<\/p>\n<p>Une bonne variable pour voir le racisme d\u2019\u00c9tat \u00e0 l\u2019\u0153uvre, c\u2019est la politique des poursuites. L\u2019exemple le plus simple, c\u2019est le cas de la possession de cannabis dont la tol\u00e9rance est appliqu\u00e9e en fonction d\u2019un profilage racial. Il s\u2019agit d\u2019un crime mais dont la politique des poursuites et la tol\u00e9rance est laiss\u00e9e \u00e0 la discr\u00e9tion de la police. Concernant M\u00e9dusa, il y a du profilage racial \u00e0 travers des directives donn\u00e9es par le Minist\u00e8re de l\u2019int\u00e9rieur. On n\u2019a pas encore \u00e9norm\u00e9ment d\u2019\u00e9l\u00e9ments l\u00e0-dessus, car elles sont secr\u00e8tes, mais on commence \u00e0 le savoir. La cat\u00e9gorie de \u00ab passeurs kurdes \u00bb, par exemple, semble \u00eatre construite comme une cat\u00e9gorie raciale sp\u00e9cifique de migrants soi-disant connus pour \u00eatre, dans la fiction polici\u00e8re, particuli\u00e8rement violente, pr\u00eat \u00e0 tout pour fuir les contr\u00f4les de police. Les \u00ab Irakiens \u00bb ou les \u00ab Syriens \u00bb, dans la fiction polici\u00e8re (ici racisme d\u2019\u00c9tat et islamophobie fonctionnent de pair), sont d\u00e9finis comme susceptibles d\u2019\u00eatre des \u00ab djihadistes infiltr\u00e9s \u00bb. Etc. Ce sont des directives qui ne seront accessibles au public que s\u2019il y a Commission parlementaire. Si on insiste tellement pour avoir une commission d\u2019enqu\u00eate parlementaire, c\u2019est parce qu\u2019on veut savoir quel est le profilage racial qui s\u2019exerce dans la poursuite de migrants. Il y a toute une zone grise dans les op\u00e9rations M\u00e9dusa par lequel le racisme d\u2019\u00c9tat se reconfigure dans l\u2019indiff\u00e9rence g\u00e9n\u00e9rale. Apr\u00e8s on s\u2019\u00e9tonne de la mont\u00e9e en puissance du Vlaams Belang, devenu le premier parti du pays.<\/p>\n<p>L\u2019affaire de l\u2019eurod\u00e9put\u00e9e Pierrette Herzberger-Fofana arr\u00eat\u00e9e \u00e0 la Gare du Nord en juin 2020, c\u2019est \u00e9galement le contexte M\u00e9dusa (la police du rail est particuli\u00e8rement mobilis\u00e9e). Ici encore la dimension du profilage racial est centrale : par quel(s) crit\u00e8re(s) la police est sens\u00e9e arr\u00eater les (trans)migrants dans les gares, si ce n\u2019est en mobilisant cette variable de la race ? Etre blanc, dans ce dispositif de s\u00e9curit\u00e9, c\u2019est traverser les checkpoints de Medusa sans s\u2019en rendre compte, dans l\u2019indiff\u00e9rence, que ce soit dans les gares, les a\u00e9roports, sur les autoroutes, dans les parcs, etc. On peut bastonner des Noirs et des Arabes dans une gare, la police va consid\u00e9rer que ce sont des migrants et qu\u2019ils peuvent faire ce qu\u2019ils veulent. Mais pas de chance, cette fois, il y a une eurod\u00e9put\u00e9e et donc l\u2019affaire ne s\u2019arr\u00eate pas l\u00e0. Les policiers vont la brutaliser car pour eux c\u2019est une noire, ils la consid\u00e8rent comme une migrantes, comme une indig\u00e8ne, mais la Belgique va devoir s\u2019expliquer au Parlement europ\u00e9en. Dans un cas comme celui-ci, on voit ce que le racisme ordinaire et l\u2019impunit\u00e9 ont d\u2019habitude comme fonction de recouvrir d\u2019un voile d\u2019ignorance. La dimension de la race est indispensable pour comprendre comment fonctionne l\u2019impunit\u00e9. Autrement, on est oblig\u00e9 de se dire que les flics sont cons ou na\u00effs. Le racisme c\u2019est le dispositif de pouvoir qui fait que personne ne v\u00e9rifie rien et que l\u2019on croit la police. On insiste fortement l\u00e0-dessus.<\/p>\n<p>M\u00e9dusa ou le meurtre de Mawda ne sont pas compr\u00e9hensibles\u2009sans la prise en compte du racisme d\u2019Etat. Qu\u2019est-ce qui explique que l\u2019on peut rester 18 minutes sur le thorax de quelqu\u2019un \u00e0 l\u2019a\u00e9roport de Charleroi sans que personne ne r\u00e9agisse ? Ici encore, c\u2019est le contexte raciste qui sur d\u00e9termine : on a affaire \u00e0 une police qui\u2009expulse des migrants, qui a donc \u00e0 sa disposition des corps qui peuvent \u00eatre asphyxi\u00e9s, massacr\u00e9s. Ce n\u2019est pas suffisant de parler de violences polici\u00e8res, de parler de \u00ab\u00a0<em>bavure<\/em>\u00a0\u00bb ou d\u2019\u00ab\u00a0<em>homicide involontaire\u00a0<\/em>\u00bb. Il faut arriver \u00e0 nommer les choses et parler de meurtres racistes.<\/p>\n<div class=\"wp-block-spacer\" aria-hidden=\"true\"><\/div>\n<h4><strong><em>Que penses-tu des revendications de d\u00e9financement de la police, est-ce que cela peut \u00eatre une solution contre les violences polici\u00e8res ?<\/em><\/strong><\/h4>\n<p>\u2014 Martin V. : Les revendications d\u2019abolition de la police et les r\u00e9flexions autour de son\u00a0<em>d\u00e9financemen<\/em>t ne sont pas n\u00e9es en Belgique. Il faudra les construire concr\u00e8tement, enqu\u00eater et r\u00e9fl\u00e9chir \u00e0 moyen terme \u00e0 ce que cela veut dire pragmatiquement, quels sont les effets et les cons\u00e9quences, bref d\u00e9velopper une approche mat\u00e9rialiste de la police. Houria Bouteldja rappelait r\u00e9cemment qu\u2019on aurait tort d\u2019oublier \u00ab<em>\u00a0la part prol\u00e9taire du policier<\/em>\u00a0\u00bb, cette r\u00e9flexion politique fondamentale rejoint d\u2019ailleurs les r\u00e9flexions de Pasolini sur la question. Par exemple, dans le contexte n\u00e9olib\u00e9ral actuel, il faut quand m\u00eame s\u00e9rieusement se demander : si on d\u00e9finance, est-ce qu\u2019on ne va pas avoir encore une radicalisation du racisme dans la police ?<\/p>\n<p>Aux \u00c9tats-Unis, Angela Davis et les personnes qui luttent pour l\u2019abolition du syst\u00e8me carc\u00e9ral ont des revendications interm\u00e9diaires, mat\u00e9rialistes, situ\u00e9es \u00e0 partir des rapports de domination r\u00e9els pour construire des prises \u00e0 cet horizon abolitionniste, cela s\u2019inscrit dans une longue histoire et dans une exp\u00e9rience ancr\u00e9e. Je pense que nous devons mettre en avant des revendications plus sp\u00e9cifiques \u00e0 un \u00c9tat raciste comme la Belgique. Par exemple, une des revendications de ceux qui luttent concr\u00e8tement contre les violences polici\u00e8res racistes, est d\u2019abolir le contr\u00f4le d\u2019identit\u00e9. Ce dispositif de contr\u00f4le est dans les faits un permis d\u2019agression permanente conf\u00e9r\u00e9 aux forces de l\u2019ordre au nom de l\u2019\u00c9tat.L\u2019urgence est d\u2019exiger l\u2019abolition de ce dispositif raciste. Je pense qu\u2019on est un peu oblig\u00e9 de passer par des revendications comme celle-l\u00e0 pour ne pas rester enferm\u00e9 dans un horizon politique lointain et purement id\u00e9aliste.<\/p>\n<blockquote class=\"wp-block-quote is-style-large\"><p><span class=\"has-inline-color has-vivid-red-color\">Les violences polici\u00e8res c\u2019est chaque jour, chaque heure, chaque minute, ce sont des violences inou\u00efes, des humiliations, des agressions quotidiennes qui asphyxient litt\u00e9ralement la vie de milliers de gens dans ce pays. Il y a urgence. Pour abolir la police, il faudra commencer par abolir le contr\u00f4le d\u2019identit\u00e9. \u2009<\/span><\/p><\/blockquote>\n<p>On doit absolument sortir du discours sur l\u2019innocence des victimes et se concentrer sur les dispositifs racistes\u2009et les violences en tant que telles. Abolir le contr\u00f4le d\u2019identit\u00e9, c\u2019est affirmer qu\u2019en d\u00e9mocratie on n\u2019a pas besoin d\u2019avoir de tels dispositifs qui permettent \u00e0 la police d\u2019appr\u00e9hender n\u2019importe qui, n\u2019importe comment. Comme le rappelait Norman Ajari, qui a grandement contribu\u00e9 \u00e0 former cette revendication, dans le droit Anglo-saxon, il y a une notion juridique qui dit que le corps de chacun est sacr\u00e9. Abolir le contr\u00f4le d\u2019identit\u00e9, c\u2019est aussi une revendication de d\u00e9mocratisation des droits. Il n\u2019y a pas de raison d\u2019accepter que seuls les parlementaires soient ainsi prot\u00e9g\u00e9s. Chaque citoyen, avec et sans papiers, doit avoir un \u00e9gal respect de sa dignit\u00e9 humaine, de sa personne. C\u2019est une pratique de revendication active, d\u00e9mocratique, pour mettre fin aux traitements inhumains et c\u2019est aussi une bonne r\u00e9ponse aux discours d\u2019extr\u00eame droite.<\/p>\n<p>Dans une d\u00e9mocratie, il ne devrait pas avoir d\u2019un c\u00f4t\u00e9 des corps immunis\u00e9s et de l\u2019autre des corps damn\u00e9s. Supprimer le contr\u00f4le d\u2019identit\u00e9, c\u2019est aussi rendre un peu plus difficile l\u2019assassinat de migrants par la police. Il pourrait y \u00e0 voir une grande campagne autour de \u00e7a plut\u00f4t que des campagnes insipides qui en restent \u00e0 : \u00ab le profilage ethnique, ce n\u2019est pas normal \u00bb ou au niveau des t\u00e9moignages. Les jeunes issus de l\u2019immigration post-coloniale rassembl\u00e9s en grand nombre le 7 juin dernier \u00e0 l\u2019appel de Black Lives Matter, disaient \u00ab\u00a0<em>Trop, c\u2019est trop !<\/em>\u00a0\u00bb, \u00ab\u00a0<em>Nous voulons que \u00e7a change !<\/em>\u00a0\u00bb, \u00ab\u00a0<em>Maintenant il faut agir !<\/em>\u00a0\u00bb.<\/p>\n<p>Ceci \u00e9tant dit, les revendications de\u00a0<em>d\u00e9financement<\/em>\u00a0peuvent se coupler \u00e0 des revendications plus sp\u00e9cifiques, mais seulement comme cons\u00e9quences. Sinon, il y a un risque d\u2019invisibilisation des violences polici\u00e8res racistes quotidiennes par des abstractions mal construites. On sent bien comment les associations mainstream de la coop\u00e9ration ou d\u2019\u00e9ducation permanente pourraient s\u2019approprier cette th\u00e9matique du\u00a0<em>d\u00e9financement<\/em>, de la m\u00eame fa\u00e7on qu\u2019elles disent aujourd\u2019hui toutes faire du \u00ab\u00a0<em>d\u00e9colonial<\/em>\u00a0\u00bb. On doit \u00eatre attentif au danger de g\u00e9n\u00e9ralisation aux conditions majoritaire, il y a un risque important de blanchiment du concept, aussi pour couper l\u2019herbe sous le pied d\u2019organisations autonomes comme les\u00a0<em>Bruxelles Panth\u00e8res<\/em>\u00a0qui parlent de violences polici\u00e8res racistes depuis de nombreuses ann\u00e9es, qui ont forg\u00e9 tout le langage et les revendications pour l\u2019antiracisme politique en Belgique, y compris cette revendication du r\u00e9c\u00e9piss\u00e9 qui est aujourd\u2019hui reprise en abstraction de cette strat\u00e9gie d\u00e9coloniale. Dans un contexte o\u00f9 chaque jour des personnes se font humilier par les contr\u00f4les d\u2019identit\u00e9, les revendications de\u00a0<em>d\u00e9financement<\/em>\u00a0in abstracto me semblent trop g\u00e9n\u00e9rales.<\/p>\n<div class=\"wp-block-spacer\" aria-hidden=\"true\"><\/div>\n<h4 class=\"has-text-align-left\"><strong><em>Comment peut-on articuler le travail que vous faites sur des affaires embl\u00e9matiques, comme Mawda et Chovanec, avec un travail plus quotidien, infrapolitique, de lutte contre les violences polici\u00e8res dans les quartiers ?<\/em><\/strong><\/h4>\n<p>\u2014 Martin V. : Les violences polici\u00e8res sont quotidiennes. Faire des affaires autour des crimes policiers, je crois surtout que \u00e7a permet\u2009\u00e0 des gens non concern\u00e9s par cette dimension quotidienne de commencer \u00e0 percevoir un peu certaines choses : si c\u2019est comme cela pour Mawda ou monsieur Chovanec, \u00e0 un tel niveau d\u2019impunit\u00e9, comment c\u2019est dans le quotidien ?<br \/>\nDans les quartiers populaires issus de l\u2019immigration post-colonial, le discours du Comit\u00e9 Mawda peut \u00eatre per\u00e7u comme na\u00effs : \u00ab\u00a0<em>Vous pensez quoi ? Que vous allez obtenir la condamnation des policiers ? Vous croyez encore en l\u2019impartialit\u00e9 de la justice ?<\/em>\u00a0\u00bb Le travail politique c\u2019est de faire la preuve qu\u2019on peut interrompre ou mordre sur le racisme quotidien, que le temps judiciaire ne fonctionne pas toujours pour la police. Mais \u00e7a il faut encore le prouver, ce n\u2019est pas jou\u00e9 d\u2019avance, \u00e7a d\u00e9pend de nous, de ce que nous nous rendons capable de produire politiquement. Mais le constat dans les quartiers populaires il est juste.<\/p>\n<p>Personne ne parle de v\u00e9rit\u00e9 sans une justice concr\u00e8te derri\u00e8re. La plupart du temps les jeunes ne portent pas plainte pour cette raison. Ils savent qu\u2019ils vont peut-\u00eatre\u2009\u00eatre accompagn\u00e9s par deux, trois militants sympas au commissariat, au conseil communal ou chez Unia mais que le vendredi soir, le week-end suivant, ils vont se faire d\u00e9foncer la gueule par ces m\u00eames policiers parce qu\u2019il n\u2019y aura personne. Ils le disent toujours : \u00ab<em>\u00a0La justice, nous on n\u2019y croit pas<\/em>\u00a0\u00bb et ils ont raison.<\/p>\n<p>C\u2019est pourquoi, il faut partir de la r\u00e9alit\u00e9 de terrain et voir\u2009ce que l\u2019on peut obtenir tout de suite. Par exemple, dans le cadre des violences polici\u00e8res en contexte Covid, arriver \u00e0 ce qu\u2019un Bourgmestre annule un certain nombre de SAC, c\u2019est un premier pas. On peut alors acter qu\u2019on a obtenu quelque chose et que l\u2019on n\u2019est pas juste dans la prise de conscience abstraite des violences polici\u00e8res par la commune, ce qui n\u2019aura pas lieu et serait de toute fa\u00e7on sans effets. On peut entra\u00eener les jeunes et intervenir au niveau des communes si on a une strat\u00e9gie de petites victoires d\u00e8s la premi\u00e8re action, s\u2019il y a\u2009quelque chose de palpable et que l\u2019on supporte une bonne et salutaire dose de pessimisme. C\u2019est une praxis \u00e0 mettre en \u0153uvre entre le travail politique et le travail social. Il faut entre les Maisons de jeunes, les avocats, les militants, les familles d\u00e9velopper un r\u00e9seau plus dense autour de cas concrets. Les militants ont une certaine expertise, mais ils d\u00e9veloppent souvent leur strat\u00e9gie dans le vide, entre eux ; dans les Maisons de jeunes, ils ont une autre expertise, mais on les emp\u00eache souvent d\u2019aller plus loin qu\u2019un match de foot avec la police. C\u2019est un travail \u00e0 long terme, compliqu\u00e9 qui exige beaucoup d\u2019attention et d\u2019exp\u00e9riences.<\/p>\n<p>Il nous faut aussi un horizon politique qui se construise \u00e0 partir d\u2019une sorte de cahier des dol\u00e9ances des luttes contre les violences polici\u00e8res (le comit\u00e9 Justice pour Mehdi a d\u00e9j\u00e0 r\u00e9dig\u00e9 un tel cahier, ils l\u2019ont d\u2019ailleurs rappel\u00e9 lors de la manifestation Black Lives Matter) pour \u00eatre en mesure de dessiner une strat\u00e9gie \u00e0 long terme qui anticipe l\u2019action politique de la police via les syndicats et ne pas juste intervenir au coup par coup en esp\u00e9rant le cas messianique qui ferait tout basculer (cette attente-l\u00e0 est ce qui \u00e9puise les militants, ce qui les d\u00e9prime ; Norman Ajari avait un jour parl\u00e9 \u00e0 ce propos d\u2019un ethos maniaco-d\u00e9pressif).<\/p>\n<blockquote class=\"wp-block-quote is-style-large\"><p><span class=\"has-inline-color has-vivid-red-color\">Il faut un r\u00e9seau, de l\u2019action sociale. Les familles concern\u00e9es par les violences polici\u00e8res ne s\u00e9parent jamais police et justice, elles sont prises dans ces embo\u00eetements-l\u00e0 qui est inextricable<\/span>.<\/p><\/blockquote>\n<p>L\u2019urgence pour les victimes de violences polici\u00e8res racistes se situe d\u00e8s les premiers moments du drame. On ne peut accepter qu\u2019une nouvelle g\u00e9n\u00e9ration de noirs et d\u2019arabes ait encore \u00e0 subir cela. C\u2019est d\u00e9j\u00e0 trop grave, on a d\u00e9j\u00e0 \u00e9t\u00e9 beaucoup trop loin et ce n\u2019est malheureusement pas pr\u00eat de s\u2019arr\u00eater ; surtout avec le gouvernement tampon de l\u2019extr\u00eame-droite actuel o\u00f9 le minist\u00e8re de l\u2019int\u00e9rieur est toujours entre les mains du CD&amp;V, le PS ayant le social et Ecolo, la transition \u00e9nerg\u00e9tique et l\u2019\u00e9galit\u00e9. On est parti pour du Medusa \u00e0 visage humain, il va y avoir du sport !<\/p>\n<\/div>\n<\/div>\n<\/div>\n<\/div>\n<\/div>\n<\/div>\n<\/div>\n","protected":false},"excerpt":{"rendered":"<p>#JusticePourMawda Le proc\u00e8s Mawda aura lieu le 23 et 24 novembre 2020 \u00e0 Mons. L&rsquo;enjeu de ce proc\u00e8s est la question de l&rsquo;impunit\u00e9 des violences comises par les policiers. Le Parquet poursuit le chauffeur pr\u00e9sum\u00e9 de la camionnette et un passeur pr\u00e9sum\u00e9 pour entrave m\u00e9chante \u00e0 la circulation ayant entrain\u00e9 la mort et le policier &#8230; <a title=\"Semaine Mawda\" class=\"read-more\" href=\"https:\/\/bruxelles-pantheres.be\/?p=4579\" aria-label=\"En savoir plus sur Semaine Mawda\">Lire la suite<\/a><\/p>\n","protected":false},"author":1,"featured_media":4580,"comment_status":"open","ping_status":"open","sticky":false,"template":"","format":"standard","meta":{"footnotes":""},"categories":[36,18,28,39,5],"tags":[306,346],"class_list":["post-4579","post","type-post","status-publish","format-standard","has-post-thumbnail","hentry","category-europe","category-resistance-bruxelles","category-racismes","category-sans-papier","category-violence-policiere","tag-martin-vander-elst","tag-mawda"],"_links":{"self":[{"href":"https:\/\/bruxelles-pantheres.be\/index.php?rest_route=\/wp\/v2\/posts\/4579","targetHints":{"allow":["GET"]}}],"collection":[{"href":"https:\/\/bruxelles-pantheres.be\/index.php?rest_route=\/wp\/v2\/posts"}],"about":[{"href":"https:\/\/bruxelles-pantheres.be\/index.php?rest_route=\/wp\/v2\/types\/post"}],"author":[{"embeddable":true,"href":"https:\/\/bruxelles-pantheres.be\/index.php?rest_route=\/wp\/v2\/users\/1"}],"replies":[{"embeddable":true,"href":"https:\/\/bruxelles-pantheres.be\/index.php?rest_route=%2Fwp%2Fv2%2Fcomments&post=4579"}],"version-history":[{"count":4,"href":"https:\/\/bruxelles-pantheres.be\/index.php?rest_route=\/wp\/v2\/posts\/4579\/revisions"}],"predecessor-version":[{"id":4609,"href":"https:\/\/bruxelles-pantheres.be\/index.php?rest_route=\/wp\/v2\/posts\/4579\/revisions\/4609"}],"wp:featuredmedia":[{"embeddable":true,"href":"https:\/\/bruxelles-pantheres.be\/index.php?rest_route=\/wp\/v2\/media\/4580"}],"wp:attachment":[{"href":"https:\/\/bruxelles-pantheres.be\/index.php?rest_route=%2Fwp%2Fv2%2Fmedia&parent=4579"}],"wp:term":[{"taxonomy":"category","embeddable":true,"href":"https:\/\/bruxelles-pantheres.be\/index.php?rest_route=%2Fwp%2Fv2%2Fcategories&post=4579"},{"taxonomy":"post_tag","embeddable":true,"href":"https:\/\/bruxelles-pantheres.be\/index.php?rest_route=%2Fwp%2Fv2%2Ftags&post=4579"}],"curies":[{"name":"wp","href":"https:\/\/api.w.org\/{rel}","templated":true}]}}