{"id":4584,"date":"2020-10-20T21:08:08","date_gmt":"2020-10-20T20:08:08","guid":{"rendered":"https:\/\/bruxelles-pantheres.be\/?p=4584"},"modified":"2020-10-20T21:14:21","modified_gmt":"2020-10-20T20:14:21","slug":"bruxelles-pantheres-vs-folklores-negrophobes-de-belgique-le-cas-lessines","status":"publish","type":"post","link":"https:\/\/bruxelles-pantheres.be\/?p=4584","title":{"rendered":"Bruxelles Panth\u00e8res vs folklores n\u00e9grophobes de Belgique : le cas Lessines"},"content":{"rendered":"<div class=\"kvgmc6g5 cxmmr5t8 oygrvhab hcukyx3x c1et5uql ii04i59q\">\n<div dir=\"auto\">Nordine Saidi est poursuivi devant le Tribunal correctionnel pour avoir envoy\u00e9 deux mails aux mandataires politiques de Lessines, demandant l\u2019annulation du cort\u00e8ge qu\u2019ils appellent \u00ab la grande sortie des n\u00e8gres \u00bb. Le militant anti-raciste est poursuivi pour menaces et harc\u00e8lement.<\/div>\n<\/div>\n<div class=\"o9v6fnle cxmmr5t8 oygrvhab hcukyx3x c1et5uql ii04i59q\">\n<div dir=\"auto\">Comment une telle violation de la libert\u00e9 d\u2019expression a-t-elle \u00e9t\u00e9 rendue possible ?<\/div>\n<\/div>\n<p><!--more--><\/p>\n<div>\n<div class=\"\" dir=\"auto\">\n<div id=\"jsc_c_9q\" class=\"ecm0bbzt hv4rvrfc ihqw7lf3 dati1w0a\" data-ad-comet-preview=\"message\" data-ad-preview=\"message\">\n<div class=\"j83agx80 cbu4d94t ew0dbk1b irj2b8pg\">\n<div class=\"qzhwtbm6 knvmm38d\">\n<div class=\"o9v6fnle cxmmr5t8 oygrvhab hcukyx3x c1et5uql ii04i59q\">\n<div dir=\"auto\"><\/div>\n<div dir=\"auto\">R\u00e9troactes :<\/div>\n<\/div>\n<div class=\"o9v6fnle cxmmr5t8 oygrvhab hcukyx3x c1et5uql ii04i59q\">\n<div dir=\"auto\"><strong>&#8211; 8 septembre 2018 :<\/strong><\/div>\n<\/div>\n<div class=\"o9v6fnle cxmmr5t8 oygrvhab hcukyx3x c1et5uql ii04i59q\">\n<div dir=\"auto\">Un article dans le journal \u00ab\u00a0Vers l&rsquo;Avenir\u00a0\u00bb nous apprend l&rsquo;existence d&rsquo;un carnaval se d\u00e9roulant chaque 3\u00e8me weekend de septembre dans un village de Lessines (Deux-Acrens) et qui comprend, le samedi soir, une parade dite \u00ab\u00a0grande sortie des n\u00e8gres\u00a0\u00bb.<\/div>\n<\/div>\n<div class=\"o9v6fnle cxmmr5t8 oygrvhab hcukyx3x c1et5uql ii04i59q\">\n<div dir=\"auto\"><strong>&#8211; 9 septembre 2018 :<\/strong><\/div>\n<\/div>\n<div class=\"o9v6fnle cxmmr5t8 oygrvhab hcukyx3x c1et5uql ii04i59q\">\n<div dir=\"auto\">Bruxelles Panth\u00e8res, par l&rsquo;interm\u00e9diaire de Nordine Saidi, envoie un email longuement argument\u00e9 \u00e0 l&rsquo;ensemble des membres du conseil communal de Lessines pour les inviter \u00e0 mettre un terme \u00e0 cette activit\u00e9 n\u00e9grophobe.<\/div>\n<\/div>\n<div class=\"o9v6fnle cxmmr5t8 oygrvhab hcukyx3x c1et5uql ii04i59q\">\n<div dir=\"auto\"><strong>&#8211; 13 septembre 2018 :<\/strong><\/div>\n<\/div>\n<div class=\"o9v6fnle cxmmr5t8 oygrvhab hcukyx3x c1et5uql ii04i59q\">\n<div dir=\"auto\">D&rsquo;apr\u00e8s ses propres dires, l&rsquo;ASBL organisatrice du carnaval, \u00e0 qui Bruxelles Panth\u00e8res et Nordine Saidi ne se sont jamais adress\u00e9s puisqu&rsquo;ils ne connaissaient m\u00eame pas son existence, aurait d\u00e9cid\u00e9 d&rsquo;annuler sa \u00ab\u00a0grande sortie des n\u00e8gres\u00a0\u00bb.<\/div>\n<div dir=\"auto\">Le m\u00eame jour, n&rsquo;ayant re\u00e7u de r\u00e9ponse ni du bourgmestre, ni d&rsquo;aucun.e des destinataires du message du 9 septembre, Nordine Saidi, au nom de Bruxelles Panth\u00e8res, a envoy\u00e9 un deuxi\u00e8me mail. Il y disait que n&rsquo;ayant re\u00e7u aucune r\u00e9ponse, nous allions mobiliser des citoyens pour nous rendre sur place afin de sensibiliser la population au probl\u00e8me du \u00ab\u00a0blackface\u00a0\u00bb et leur expliquer en quoi leur parade annuelle est effectivement n\u00e9grophobe.<\/div>\n<\/div>\n<div class=\"o9v6fnle cxmmr5t8 oygrvhab hcukyx3x c1et5uql ii04i59q\">\n<div dir=\"auto\"><strong>&#8211; 14 septembre 2018 :<\/strong><\/div>\n<\/div>\n<div class=\"o9v6fnle cxmmr5t8 oygrvhab hcukyx3x c1et5uql ii04i59q\">\n<div dir=\"auto\">Apr\u00e8s plusieurs jours pendant lesquels l&rsquo;ensemble des m\u00e9dias qui ont abord\u00e9 le sujet nous ont accus\u00e9s de menaces contre le carnaval, sans jamais prendre contact avec nous pour s&rsquo;enqu\u00e9rir de notre version de l&rsquo;histoire, le porte-parole du collectif est invit\u00e9 en studio pour le journal de Bel-RTL de 18h en pr\u00e9sence de Patrick Charlier, directeur d&rsquo;UNIA et avec le pr\u00e9sident de l&rsquo;ASBL organisatrice de la parade n\u00e9grophobe par t\u00e9l\u00e9phone. Questionn\u00e9 en direct par le journaliste, il r\u00e9pond tr\u00e8s clairement et sans aucune ambigu\u00eft\u00e9 qu&rsquo;il n&rsquo;y a \u00e9videmment aucune menace dans les messages envoy\u00e9s au bourgmestre et au conseil communal et que notre seul objectif \u00e9tait d&rsquo;ouvrir la discussion pour expliquer en quoi la \u00ab\u00a0sortie des n\u00e8gres\u00a0\u00bb est une activit\u00e9 n\u00e9grophobe et raciste et qu&rsquo;elle doit donc cesser d&rsquo;\u00eatre pratiqu\u00e9e.<\/div>\n<\/div>\n<div class=\"o9v6fnle cxmmr5t8 oygrvhab hcukyx3x c1et5uql ii04i59q\">\n<div dir=\"auto\"><strong>&#8211; 15 septembre 2018 :<\/strong><\/div>\n<\/div>\n<div class=\"o9v6fnle cxmmr5t8 oygrvhab hcukyx3x c1et5uql ii04i59q\">\n<div dir=\"auto\">Comme annonc\u00e9 par les organisateurs, la parade n&rsquo;a pas lieu.<\/div>\n<\/div>\n<div class=\"o9v6fnle cxmmr5t8 oygrvhab hcukyx3x c1et5uql ii04i59q\">\n<div dir=\"auto\"><strong>&#8211; Juin 2019 :<\/strong><\/div>\n<\/div>\n<div class=\"o9v6fnle cxmmr5t8 oygrvhab hcukyx3x c1et5uql ii04i59q\">\n<div dir=\"auto\">9 mois apr\u00e8s l\u2019envoi des emails, plainte est d\u00e9pos\u00e9e, avec constitution de partie civile, contre Nordine Saidi et Bruxelles Panth\u00e8res pour \u00ab\u00a0menaces\u00a0\u00bb et \u00ab\u00a0harc\u00e8lement\u00a0\u00bb. Nordine est convoqu\u00e9 et entendu par la police. Il r\u00e9p\u00e8te la m\u00eame chose que ce que nous avions toujours \u00e9crit et dit jusque-l\u00e0. Ayant \u00e9crit au Bourgmestre, et tenant compte du fait que les policiers l&rsquo;ont mentionn\u00e9 pendant l&rsquo;audition, nous pensions que la plainte \u00e9manait de lui. Nous apprendrons bien plus tard que le bourgmestre socialiste de Lessines n&rsquo;a en fait \u00e9t\u00e9 entendu que comme t\u00e9moin.<\/div>\n<\/div>\n<div class=\"o9v6fnle cxmmr5t8 oygrvhab hcukyx3x c1et5uql ii04i59q\">\n<div dir=\"auto\"><strong>&#8211; Juillet 2019 :<\/strong><\/div>\n<\/div>\n<div class=\"o9v6fnle cxmmr5t8 oygrvhab hcukyx3x c1et5uql ii04i59q\">\n<div dir=\"auto\">\u00ab\u00a0Not\u00e9l\u00e9\u00a0\u00bb annonce qu&rsquo;apr\u00e8s avoir \u00e9t\u00e9 annul\u00e9e en 2018, la parade de 2019 aura bien lieu mais en \u00e9tant rebaptis\u00e9e : \u00ab\u00a0grande sortie des diables\u00a0\u00bb.<\/div>\n<\/div>\n<div class=\"o9v6fnle cxmmr5t8 oygrvhab hcukyx3x c1et5uql ii04i59q\">\n<div dir=\"auto\"><strong>&#8211; 14 septembre 2019 :<\/strong><\/div>\n<\/div>\n<div class=\"o9v6fnle cxmmr5t8 oygrvhab hcukyx3x c1et5uql ii04i59q\">\n<div dir=\"auto\">Deux membres de Bruxelles Panth\u00e8res, dont Nordine Saidi, se rendent \u00e0 Lessines pour observer de visu s&rsquo;il ne s&rsquo;agit que d&rsquo;un changement de nom ou si la parade a effectivement subi des modifications.<\/div>\n<div dir=\"auto\">Ils sont rapidement entour\u00e9s de 7 ou 8 policiers qui les contr\u00f4lent et les fouillent. A la fin de la fouille, l&rsquo;un des policiers appelle le bourgmestre, en leur pr\u00e9sence, pour lui demander s\u2019ils peuvent rester et assister \u00e0 la parade. Le bourgmestre donne son autorisation et le dangereux envoyeur d&#8217;emails et son comparse peuvent assister \u00e0 la parade. Apr\u00e8s quelques minutes d&rsquo;observation, prot\u00e9g\u00e9s d&rsquo;une partie des villageois par les policiers, ils ont pu quitter les lieux sans dommages.<\/div>\n<\/div>\n<div class=\"o9v6fnle cxmmr5t8 oygrvhab hcukyx3x c1et5uql ii04i59q\">\n<div dir=\"auto\"><strong>&#8211; F\u00e9vrier 2020 :<\/strong><\/div>\n<\/div>\n<div class=\"o9v6fnle cxmmr5t8 oygrvhab hcukyx3x c1et5uql ii04i59q\">\n<div dir=\"auto\">Pascal DE HANDSCHUTTER, bourgmestre socialiste de Lessines, convoque une conf\u00e9rence de presse pour annoncer qu&rsquo;il porte plainte pour diffamation contre Bruxelles Panth\u00e8res au motif qu&rsquo;il n&rsquo;a pas port\u00e9 plainte contre Bruxelles Panth\u00e8res. On vous rappelle qu&rsquo;on est \u00e0 Lessines, patrie de Magritte.<\/div>\n<\/div>\n<div class=\"o9v6fnle cxmmr5t8 oygrvhab hcukyx3x c1et5uql ii04i59q\">\n<div dir=\"auto\">Fin des r\u00e9troactes.<\/div>\n<\/div>\n<div class=\"o9v6fnle cxmmr5t8 oygrvhab hcukyx3x c1et5uql ii04i59q\">\n<div dir=\"auto\"><strong>&#8211; 16 octobre 2020 : Audience devant la chambre du conseil.<\/strong><\/div>\n<\/div>\n<div class=\"o9v6fnle cxmmr5t8 oygrvhab hcukyx3x c1et5uql ii04i59q\">\n<div dir=\"auto\">Apr\u00e8s deux reports (le premier d\u00fb \u00e0 un premier changement d&rsquo;avocat de la plaignante, le second d\u00fb au confinement du printemps 2020) Nordine Saidi et Bruxelles Panth\u00e8res sont finalement effectivement auditionn\u00e9s devant la chambre du conseil du tribunal de Tournai.<\/div>\n<div dir=\"auto\">Nous reviendrons plus longuement, ailleurs, sur le d\u00e9roulement de cette audience.<\/div>\n<div dir=\"auto\">En attendant, voici d\u00e9j\u00e0 le r\u00e9sultat de celle-ci avec une petite pr\u00e9cision sur la mani\u00e8re dont la d\u00e9cision nous a \u00e9t\u00e9 communiqu\u00e9e.<\/div>\n<div dir=\"auto\">A la fin de l&rsquo;audience, il n&rsquo;y a pas de d\u00e9cision. A la question \u00ab\u00a0quand celle-ci tombera-t-elle?\u00a0\u00bb, il est r\u00e9pondu \u00e0 notre avocate qu&rsquo;elle peut appeler le tribunal dans l&rsquo;apr\u00e8s-midi pour en prendre connaissance. Dont acte. On l&rsquo;informe que la d\u00e9cision de renvoyer, ou pas, Nordine Saidi et Bruxelles Panth\u00e8res devant le tribunal correctionnel ne tombera finalement que le 27 octobre.<\/div>\n<\/div>\n<div class=\"o9v6fnle cxmmr5t8 oygrvhab hcukyx3x c1et5uql ii04i59q\">\n<div dir=\"auto\"><strong>&#8211; 17 octobre 2020 :<\/strong><\/div>\n<\/div>\n<div class=\"o9v6fnle cxmmr5t8 oygrvhab hcukyx3x c1et5uql ii04i59q\">\n<div dir=\"auto\">Sur base de l&rsquo;information erron\u00e9e que nous avons re\u00e7ue du tribunal et que nous lui avons transmise, le journaliste Olivier Mukuna annonce dans sa chronique hebdomadaire, consacr\u00e9e au cas qui nous occupe, que la d\u00e9cision de la chambre du conseil de Tournai tombera le mardi 27 octobre.<\/div>\n<div dir=\"auto\">Dans l&rsquo;apr\u00e8s-midi de ce m\u00eame samedi 17 octobre, nous apprenons dans un article en ligne de Sudpresse que Bruxelles Panth\u00e8res ne sera pas poursuivi mais que ce sera bien le cas pour Nordine Saidi.<\/div>\n<\/div>\n<div class=\"o9v6fnle cxmmr5t8 oygrvhab hcukyx3x c1et5uql ii04i59q\">\n<div dir=\"auto\"><strong>&#8211; 19 octobre 2020 :<\/strong><\/div>\n<\/div>\n<div class=\"o9v6fnle cxmmr5t8 oygrvhab hcukyx3x c1et5uql ii04i59q\">\n<div dir=\"auto\">Appelant \u00e0 nouveau le tribunal, notre avocate apprend qu&rsquo;en tant qu&rsquo;association de fait, puisque, comme elle l&rsquo;a plaid\u00e9, la loi (et sans doute les syndicats) ne le permettant pas, Bruxelles Panth\u00e8res ne sera pas poursuivie devant le tribunal correctionnel.<\/div>\n<\/div>\n<div class=\"o9v6fnle cxmmr5t8 oygrvhab hcukyx3x c1et5uql ii04i59q\">\n<div dir=\"auto\">Ce sera par contre bel et bien le cas pour Nordine Saidi.<\/div>\n<div dir=\"auto\">Du chef de \u00ab\u00a0menace\u00a0\u00bb et de \u00ab\u00a0harc\u00e8lement\u00a0\u00bb.<\/div>\n<div dir=\"auto\">Vous avez bien lu. Nordine Saidi, militant antiraciste politique et d\u00e9colonial devra compara\u00eetre devant un tribunal correctionnel, risquant d\u00e8s lors d&rsquo;\u00eatre condamn\u00e9 \u00e0 une peine de privation de libert\u00e9 (autrement dit de la prison), parce qu&rsquo;il a envoy\u00e9 deux mails (sous forme de lettres ouvertes) \u00e0 des \u00e9lus politiques pour les inviter au dialogue et \u00e0 mettre un terme \u00e0 une activit\u00e9 n\u00e9grophobe et donc profond\u00e9ment raciste.<\/div>\n<\/div>\n<div class=\"o9v6fnle cxmmr5t8 oygrvhab hcukyx3x c1et5uql ii04i59q\">\n<div dir=\"auto\">Contact :<\/div>\n<div dir=\"auto\">Mouhad Reghif<\/div>\n<div dir=\"auto\">Porte-parole de Bruxelles Panth\u00e8res (+ 32 475 38 79 78)<\/div>\n<\/div>\n<div class=\"o9v6fnle cxmmr5t8 oygrvhab hcukyx3x c1et5uql ii04i59q\">\n<div dir=\"auto\">Pour nous soutenir pour les frais de justice, voici le lien Paypal :<\/div>\n<\/div>\n<div class=\"o9v6fnle cxmmr5t8 oygrvhab hcukyx3x c1et5uql ii04i59q\">\n<div dir=\"auto\"><a class=\"oajrlxb2 g5ia77u1 qu0x051f esr5mh6w e9989ue4 r7d6kgcz rq0escxv nhd2j8a9 nc684nl6 p7hjln8o kvgmc6g5 cxmmr5t8 oygrvhab hcukyx3x jb3vyjys rz4wbd8a qt6c0cv9 a8nywdso i1ao9s8h esuyzwwr f1sip0of lzcic4wl py34i1dx gpro0wi8\" tabindex=\"0\" role=\"link\" href=\"https:\/\/l.facebook.com\/l.php?u=https%3A%2F%2Fpaypal.me%2Fpools%2Fc%2F8toi9DG9YC%3Ffbclid%3DIwAR3qPhyctAbQVuGmklUWIikldnjOm_-XoLV-2h6zBlqAt4x-W-zoHRYKyNI&amp;h=AT3aP6RnhwY8E7UtnybChfuC8oCtHxsNon56ZFSTvD4XIqP9ODMr-J4Vn4tR6FQbyUCZ_Pm56KTeVciXR5CEg68mxU55ETlsDJRTS1BaAkIsdMt-UXjoCInr2pSabG-dVZ1J8we77nb9AnRJrPzO&amp;__tn__=-UK-R&amp;c[0]=AT3fLQ5w9V8VjK_tJiTT2mUTse1KzkTC4ffPlo8svoUub4fsAuUi_9HH0tJAn-G_i8TMusy-g5oPhqCHK8xFAxweSXgV5gFy5tuwOAVWbs8O8sx2fIub5NzWR-rT_FpVHY43AxnBV9BxDm8_9D_6JB5ldQBs10tA5WWK8FSHUK8CdeaJPvoak-2V7rh3qBlcHiKhs4M1rv4tD5wtEpXiSGnFGhMlzoeJAf5otOxTw68z5Jh8AQ\" target=\"_blank\" rel=\"nofollow noopener noreferrer\">https:\/\/paypal.me\/pools\/c\/8toi9DG9YC<\/a><\/div>\n<\/div>\n<\/div>\n<\/div>\n<\/div>\n<\/div>\n<div id=\"jsc_c_9r\" class=\"l9j0dhe7\">\n<div class=\"l9j0dhe7\">\n<div>\n<div class=\"bp9cbjyn tqsryivl j83agx80 cbu4d94t ni8dbmo4 stjgntxs l9j0dhe7 k4urcfbm\">\n<div>\n<div class=\"do00u71z ni8dbmo4 stjgntxs l9j0dhe7\">\n<div class=\"pmk7jnqg kr520xx4\"><\/div>\n<\/div>\n<\/div>\n<\/div>\n<\/div>\n<\/div>\n<\/div>\n<\/div>\n<div>\n<div class=\"stjgntxs ni8dbmo4 l82x9zwi uo3d90p7 h905i5nu monazrh9\" data-visualcompletion=\"ignore-dynamic\">\n<div>\n<div>\n<div>\n<div class=\"a8nywdso e5nlhep0 rz4wbd8a ecm0bbzt dhix69tm oygrvhab wkznzc2l kvgmc6g5 k7cz35w2 jq4qci2q j83agx80\">\n<div><\/div>\n<\/div>\n<\/div>\n<\/div>\n<\/div>\n<\/div>\n<\/div>\n","protected":false},"excerpt":{"rendered":"<p>Nordine Saidi est poursuivi devant le Tribunal correctionnel pour avoir envoy\u00e9 deux mails aux mandataires politiques de Lessines, demandant l\u2019annulation du cort\u00e8ge qu\u2019ils appellent \u00ab la grande sortie des n\u00e8gres \u00bb. Le militant anti-raciste est poursuivi pour menaces et harc\u00e8lement. Comment une telle violation de la libert\u00e9 d\u2019expression a-t-elle \u00e9t\u00e9 rendue possible ?<\/p>\n","protected":false},"author":1,"featured_media":4592,"comment_status":"open","ping_status":"open","sticky":false,"template":"","format":"standard","meta":{"footnotes":""},"categories":[36,4,7,18,28],"tags":[188,375,13],"class_list":["post-4584","post","type-post","status-publish","format-standard","has-post-thumbnail","hentry","category-europe","category-islamophobie","category-negrophobie","category-resistance-bruxelles","category-racismes","tag-blackface","tag-mouhad-reghif","tag-nordine-saidi"],"_links":{"self":[{"href":"https:\/\/bruxelles-pantheres.be\/index.php?rest_route=\/wp\/v2\/posts\/4584","targetHints":{"allow":["GET"]}}],"collection":[{"href":"https:\/\/bruxelles-pantheres.be\/index.php?rest_route=\/wp\/v2\/posts"}],"about":[{"href":"https:\/\/bruxelles-pantheres.be\/index.php?rest_route=\/wp\/v2\/types\/post"}],"author":[{"embeddable":true,"href":"https:\/\/bruxelles-pantheres.be\/index.php?rest_route=\/wp\/v2\/users\/1"}],"replies":[{"embeddable":true,"href":"https:\/\/bruxelles-pantheres.be\/index.php?rest_route=%2Fwp%2Fv2%2Fcomments&post=4584"}],"version-history":[{"count":5,"href":"https:\/\/bruxelles-pantheres.be\/index.php?rest_route=\/wp\/v2\/posts\/4584\/revisions"}],"predecessor-version":[{"id":4591,"href":"https:\/\/bruxelles-pantheres.be\/index.php?rest_route=\/wp\/v2\/posts\/4584\/revisions\/4591"}],"wp:featuredmedia":[{"embeddable":true,"href":"https:\/\/bruxelles-pantheres.be\/index.php?rest_route=\/wp\/v2\/media\/4592"}],"wp:attachment":[{"href":"https:\/\/bruxelles-pantheres.be\/index.php?rest_route=%2Fwp%2Fv2%2Fmedia&parent=4584"}],"wp:term":[{"taxonomy":"category","embeddable":true,"href":"https:\/\/bruxelles-pantheres.be\/index.php?rest_route=%2Fwp%2Fv2%2Fcategories&post=4584"},{"taxonomy":"post_tag","embeddable":true,"href":"https:\/\/bruxelles-pantheres.be\/index.php?rest_route=%2Fwp%2Fv2%2Ftags&post=4584"}],"curies":[{"name":"wp","href":"https:\/\/api.w.org\/{rel}","templated":true}]}}