{"id":459,"date":"2013-03-26T05:03:34","date_gmt":"2013-03-26T04:03:34","guid":{"rendered":"https:\/\/bruxelles-pantheres.be\/?p=459"},"modified":"2013-11-10T05:06:29","modified_gmt":"2013-11-10T04:06:29","slug":"audience-du-25-mars-quand-laccuse-se-transforme-en-victime","status":"publish","type":"post","link":"https:\/\/bruxelles-pantheres.be\/?p=459","title":{"rendered":"Audience du 25 mars : Quand l\u2019accus\u00e9 se transforme en victime\u2026"},"content":{"rendered":"<header><\/header>\n<p>&nbsp;<\/p>\n<div><a href=\"http:\/\/1.bp.blogspot.com\/-EIKPT8AC3vs\/UVG9XoqpaoI\/AAAAAAAABuI\/lpsce7HZcaw\/s1600\/Nordine+avec+le+neveu+de+Abdelatif+Bekhti.JPG\"><img decoding=\"async\" alt=\"\" src=\"https:\/\/lh3.ggpht.com\/-EIKPT8AC3vs\/UVG9XoqpaoI\/AAAAAAAABuI\/lpsce7HZcaw\/s320\/Nordine+avec+le+neveu+de+Abdelatif+Bekhti.JPG\" width=\"320\" height=\"213\" border=\"0\" \/><\/a><\/div>\n<div>25 mars, l\u2019audience du proc\u00e8s de Nordine Sa\u00efdi contre la police pour abus raciste.<\/div>\n<div><strong>Quand l\u2019accus\u00e9 se transforme en victime\u2026<\/strong><\/div>\n<div>Par <a id=\"js_19\" href=\"https:\/\/www.facebook.com\/luk.vervaet\" data-hovercard=\"\/ajax\/hovercard\/user.php?id=1252074013\">Luk Vervaet<\/a><\/div>\n<div>Quelle est la meilleure d\u00e9fense quand, en tant que responsable au sein de la police, vous \u00eates accus\u00e9 de violence et de racisme\u00a0? Accus\u00e9 non seulement par le porte-parole d\u2019Egalit\u00e9. Mais aussi par votre ancien coll\u00e8gue, photos de la violence qu\u2019il a subi de votre part, incluses dans le dossier\u00a0? Accus\u00e9 par encore un autre policier, qui a eu le courage de t\u00e9moigner contre vous\u00a0?<\/div>\n<div>Ce que nous avons vu \u00e0 l\u2019audience du 25 mars de la part de l\u2019accus\u00e9 de racisme \u00e9tait une excellente mise en sc\u00e8ne inversant le r\u00f4le de l\u2019accus\u00e9 en celui de victime. C\u2019\u00e9tait aussi une parfaite illustration de la difficult\u00e9 de se faire entendre par la justice de la part des victimes d\u2019abus par la police.<!--more--><\/div>\n<div>D\u2019abord, tous les faits, dont on parle dans ce proc\u00e8s, se sont pass\u00e9s \u00e0 Anderlecht, une commune de Bruxelles, francophone. Les insultes et les abus racistes de l\u2019accus\u00e9, ont \u00e9t\u00e9 faits en fran\u00e7ais. Mais, pour son proc\u00e8s, l\u2019accus\u00e9, parfaitement bilingue, a choisi le n\u00e9erlandais. Et le proc\u00e8s se passe donc devant un tribunal n\u00e9erlandophone. C\u2019est son droit, bien s\u00fbr. Mais c\u2019\u00e9tait aussi sa mani\u00e8re de se d\u00e9marquer et de cr\u00e9er la distance entre lui et les plaignants, qui s\u2019appellent Nordine et Hakim, et \u00eatre s\u00fbr qu\u2019au moins la moiti\u00e9 des pr\u00e9sents dans la salle d\u2019audience ne comprend pas ce qu\u2019il dit. Sans le vouloir, par son choix de la langue, il nous a donn\u00e9 une illustration d\u2019un des probl\u00e8mes majeurs de la police \u00e0 Bruxelles\u00a0: une police \u00e9trang\u00e8re \u00e0 la r\u00e9alit\u00e9 humaine et sociale qu\u2019elle est suppos\u00e9e de g\u00e9rer.<\/div>\n<div>Ensuite, l\u2019accus\u00e9, monsieur Condijts, interrog\u00e9 par le juge, s\u2019exprime longuement, de mani\u00e8re calme et zen. Il ne quitte jamais son r\u00f4le de celui qui fait partie de l\u2019autorit\u00e9 et des institutions, de \u00ab\u00a0responsable de la police\u00a0\u00bb, qui, comme il dit, tient \u00e0 son uniforme. D\u00e9fenseur de l\u2019ordre, respectueux de tous les r\u00e8gles et les normes, travaillant sans probl\u00e8mes avec des coll\u00e8gues allochtones, certainement pas raciste, rien \u00e0 se reprocher. Le juge lui tend la perche en disant qu\u2019il y a apparemment deux camps au sein de la police, ceux qui l\u2019aiment et ceux qui le d\u00e9testent\u00a0? Oui, dit-il, toutes les accusations sont fausses, il est victime d\u2019une campagne de diffamation de la part de certains de ces coll\u00e8gues, dont il ne comprend pas les motivations. Et en ce qui concerne Nordine Sa\u00efdi, il d\u00e9clare avoir port\u00e9 plainte contre lui, apr\u00e8s que Nordine a publi\u00e9 sa lettre au Conseil communal d\u2019Anderlecht sur les abus racistes dont il a \u00e9t\u00e9 victime, sur son blog. Sur Nordine, disait-il, il avait \u00e9t\u00e9 brief\u00e9 avant l\u2019incident, que c\u2019\u00e9tait un fouteur de merde (\u00ab\u00a0een keetschopper\u00a0\u00bb), qui avait d\u00e9j\u00e0 cr\u00e9\u00e9 des probl\u00e8mes \u00e0 ce march\u00e9 d\u2019Anderlecht. Quand il a arr\u00eat\u00e9 Nordine, celui-ci a cri\u00e9 et a tir\u00e9. Mais l\u2019arrestation s\u2019est pass\u00e9e selon les r\u00e8gles. Preuve\u00a0? Vous vous imaginez bien monsieur le pr\u00e9sident, qu\u2019\u00e0 un march\u00e9 visit\u00e9 en \u00e9t\u00e9 par 60000 personnes, il y aurait eu une r\u00e9action contre son arrestation, si elle ne se serait pas faite selon les r\u00e8gles. Il y a donc rien eu. Par la suite, il n\u2019y a rien d\u2019anormal qui s\u2019est pass\u00e9. Je n\u2019ai commis aucune faute. Nordine Sa\u00efdi ment.<\/div>\n<div>La parole passe au procureur, qui lui, va pourtant dire qu\u2019il va suivre les plaignants sur base du mat\u00e9riel qui se trouve dans son dossier.<\/div>\n<div>Puis, apr\u00e8s les avocats de Nordine et de Hakim qui exposent les faits, c\u2019est le tour \u00e0 l\u2019avocat de l\u2019inculp\u00e9.<\/div>\n<div>D\u2019abord, il va plaider contre l\u2019accusation de l\u2019existence d\u2019une sorte d\u2019omerta au sein de la police, en rendant suspects, tous les policiers qui ont os\u00e9 parl\u00e9 et qui ont os\u00e9 t\u00e9moigner contre son client. A tel point, qu\u2019\u00e0 la fin de sa plaidoirie, je croyais qu\u2019il allait demander l\u2019arrestation des deux plaignants, tellement sa plaidoirie s\u2019\u00e9tait transform\u00e9e en acte d\u2019accusation. En fait, disait l\u2019avocat, le policier qui accuse son client est lui-m\u00eame un homme violent, cela a \u00e9t\u00e9 prouv\u00e9 dans le pass\u00e9. C\u2019est un menteur, qui a mis sous pression d\u2019autres coll\u00e8gues pour qu\u2019ils t\u00e9moignent en sa faveur. C\u2019est un profiteur, qui est rest\u00e9 en cong\u00e9 de maladie injustement apr\u00e8s l\u2019incident avec son client. Pendant tout ce temps, il est rest\u00e9 assis sur son \u00ab\u00a0luie kont\u00a0\u00bb, un fain\u00e9ant assis sur son cul.<\/div>\n<div>Je n\u2019exag\u00e8re pas.<\/div>\n<div>Quant \u00e0 Nordine, l\u2019avocat de l\u2019accus\u00e9 n\u2019en a pas dit grand chose. A part que l\u2019arrestation s\u2019est faite selon les r\u00e8gles et que Nordine est un menteur. Seulement, il a aussi ajout\u00e9 quelques documents au dossier. Bien s\u00fbr, disait-il, ces pi\u00e8ces n\u2019ont rien \u00e0 voir dans ce dossier, mais elles d\u00e9montrent de qui on parle ici. Trois \u00ab\u00a0pi\u00e8ces\u00a0\u00bb, sous forme de copies. D\u2019abord, la plainte de Caroline Fourest contre Nordine pour la comparaison avec Breivik. Ensuite, l\u2019exclusion de Nordine du Mrax. Et pour finir, \u00ab\u00a0des organisations juives qui disent que Nordine est un raciste\u00a0\u00bb. Et c\u2019est ce monsieur qui va d\u00e9clarer que mon client est un raciste, s\u2019exclame l\u2019avocat\u00a0?<\/div>\n<div><strong>Le verdict est pr\u00e9vu pour le 22 avril.<\/strong><\/div>\n<div><\/div>\n<p><iframe style=\"width: 610px; height: 362px; border: none; overflow: hidden;\" src=\"http:\/\/blackbird.zoomin.tv\/players\/.pla?pid=skynetbefrdp&amp;id=505216&amp;w=610&amp;h=362\" height=\"240\" width=\"320\" frameborder=\"0\" scrolling=\"no\"><\/iframe><\/p>\n<div><img decoding=\"async\" class=\"aligncenter\" alt=\"http:\/\/fr.sott.net\/image\/image\/s3\/68468\/full\/police_racisme_mensonge.gif\" src=\"http:\/\/fr.sott.net\/image\/image\/s3\/68468\/full\/police_racisme_mensonge.gif\" \/><\/div>\n<table width=\"100%\" cellspacing=\"0\" align=\"center\">\n<tbody>\n<tr>\n<td>\n<h3>Un inspecteur principal jug\u00e9 pour des faits de violence et de racisme \u2013 25\/03\/2013<\/h3>\n<\/td>\n<\/tr>\n<tr>\n<td><b>Bruxelles<\/b> -Le parquet de Bruxelles a requis une peine de prison avec sursis ou une peine de travail contre un inspecteur principal de la zone de police Bruxelles-Midi (Anderlecht\/Saint-Gilles\/Forest). L\u2019homme, \u00e2g\u00e9 de 46 ans, aurait \u00e9t\u00e9 violent et raciste envers l\u2019un de ses subordonn\u00e9s et un prisonnier. L\u2019inspecteur nie tout en bloc.Les incidents ont eu lieu en ao\u00fbt et en septembre 2009. L\u2019inspecteur principal M.C. aurait donn\u00e9 un coup de poing \u00e0 l\u2019un de ses coll\u00e8gues, l\u2019inspecteur Mohamed A. Le pr\u00e9venu aurait ensuite attrap\u00e9 la victime par la gorge et l\u2019aurait trait\u00e9e de \u00ab\u00a0bougnoule\u00a0\u00bb.L\u2019inspecteur doit \u00e9galement r\u00e9pondre de faits survenus lors de l\u2019arrestation d\u2019un homme qui animait une manifestation. Le pr\u00e9venu aurait \u00e0 deux reprises pouss\u00e9 son prisonnier contre une porte et aurait prof\u00e9r\u00e9 \u00e0 son encontre toute une s\u00e9rie d\u2019insultes racistes.<\/p>\n<p>Les coll\u00e8gues de l\u2019inspecteur avaient dans un premier temps tous ni\u00e9 les accusations \u00e0 l\u2019encontre du pr\u00e9venu. Cependant, \u00e0 la mi-2010, l\u2019un des hommes travaillant avec l\u2019inspecteur M.C. a chang\u00e9 sa version et indiqu\u00e9 que les accusations \u00e9taient justifi\u00e9es.<\/p>\n<p>D\u2019apr\u00e8s l\u2019avocat de l\u2019inspecteur principal, le t\u00e9moignage de ce policier n\u2019est pas fiable. \u00ab\u00a0Ce t\u00e9moin s\u2019est discr\u00e9dit\u00e9 lui-m\u00eame \u00e0 cause de son probl\u00e8me d\u2019alcool\u00a0\u00bb, a indiqu\u00e9 l\u2019avocat. Ce dernier a \u00e9galement indiqu\u00e9 qu\u2019il n\u2019existait aucune preuve de violences ou de d\u00e9clarations racistes. \u00ab\u00a0A la suite de l\u2019incident avec le manifestant, une enqu\u00eate disciplinaire a eu lieu. Les images des cam\u00e9ras de surveillance du commissariat ont \u00e9t\u00e9 consult\u00e9es mais cela n\u2019a rien donn\u00e9.\u00a0\u00bb<\/p>\n<p>Le tribunal rendra son jugement le 22 avril.<\/td>\n<\/tr>\n<tr>\n<td height=\"4\"><\/td>\n<\/tr>\n<tr>\n<td>(Belga)<\/td>\n<\/tr>\n<\/tbody>\n<\/table>\n","protected":false},"excerpt":{"rendered":"<p>&nbsp; 25 mars, l\u2019audience du proc\u00e8s de Nordine Sa\u00efdi contre la police pour abus raciste. Quand l\u2019accus\u00e9 se transforme en victime\u2026 Par Luk Vervaet Quelle est la meilleure d\u00e9fense quand, en tant que responsable au sein de la police, vous \u00eates accus\u00e9 de violence et de racisme\u00a0? Accus\u00e9 non seulement par le porte-parole d\u2019Egalit\u00e9. Mais &#8230; <a title=\"Audience du 25 mars : Quand l\u2019accus\u00e9 se transforme en victime\u2026\" class=\"read-more\" href=\"https:\/\/bruxelles-pantheres.be\/?p=459\" aria-label=\"En savoir plus sur Audience du 25 mars : Quand l\u2019accus\u00e9 se transforme en victime\u2026\">Lire la suite<\/a><\/p>\n","protected":false},"author":1,"featured_media":460,"comment_status":"open","ping_status":"open","sticky":false,"template":"","format":"standard","meta":{"footnotes":""},"categories":[18,28,17,5],"tags":[],"class_list":["post-459","post","type-post","status-publish","format-standard","has-post-thumbnail","hentry","category-resistance-bruxelles","category-racismes","category-video","category-violence-policiere"],"_links":{"self":[{"href":"https:\/\/bruxelles-pantheres.be\/index.php?rest_route=\/wp\/v2\/posts\/459","targetHints":{"allow":["GET"]}}],"collection":[{"href":"https:\/\/bruxelles-pantheres.be\/index.php?rest_route=\/wp\/v2\/posts"}],"about":[{"href":"https:\/\/bruxelles-pantheres.be\/index.php?rest_route=\/wp\/v2\/types\/post"}],"author":[{"embeddable":true,"href":"https:\/\/bruxelles-pantheres.be\/index.php?rest_route=\/wp\/v2\/users\/1"}],"replies":[{"embeddable":true,"href":"https:\/\/bruxelles-pantheres.be\/index.php?rest_route=%2Fwp%2Fv2%2Fcomments&post=459"}],"version-history":[{"count":1,"href":"https:\/\/bruxelles-pantheres.be\/index.php?rest_route=\/wp\/v2\/posts\/459\/revisions"}],"predecessor-version":[{"id":461,"href":"https:\/\/bruxelles-pantheres.be\/index.php?rest_route=\/wp\/v2\/posts\/459\/revisions\/461"}],"wp:featuredmedia":[{"embeddable":true,"href":"https:\/\/bruxelles-pantheres.be\/index.php?rest_route=\/wp\/v2\/media\/460"}],"wp:attachment":[{"href":"https:\/\/bruxelles-pantheres.be\/index.php?rest_route=%2Fwp%2Fv2%2Fmedia&parent=459"}],"wp:term":[{"taxonomy":"category","embeddable":true,"href":"https:\/\/bruxelles-pantheres.be\/index.php?rest_route=%2Fwp%2Fv2%2Fcategories&post=459"},{"taxonomy":"post_tag","embeddable":true,"href":"https:\/\/bruxelles-pantheres.be\/index.php?rest_route=%2Fwp%2Fv2%2Ftags&post=459"}],"curies":[{"name":"wp","href":"https:\/\/api.w.org\/{rel}","templated":true}]}}