{"id":4615,"date":"2020-11-26T16:32:47","date_gmt":"2020-11-26T15:32:47","guid":{"rendered":"https:\/\/bruxelles-pantheres.be\/?p=4615"},"modified":"2020-11-26T16:33:11","modified_gmt":"2020-11-26T15:33:11","slug":"4615","status":"publish","type":"post","link":"https:\/\/bruxelles-pantheres.be\/?p=4615","title":{"rendered":"Violences polici\u00e8res, impunit\u00e9 judiciaire"},"content":{"rendered":"<p>\ud83d\udce2 Si l\u2019affaire Mawda est une affaire d\u2019Etat, c\u2019est aussi en raison du r\u00f4le actif jou\u00e9 par la police (violence polici\u00e8re soutenue par des dispositifs organis\u00e9s de chasses \u00e0 l\u2019homme) comme dans les tentatives d\u2019\u00e9touffement des faits (coalition de fonctionnaires, versions hallucinantes du Parquet, reconstitutions indignes, etc.). Ces \u00e9l\u00e9ments ont \u00e9t\u00e9 \u00e9tay\u00e9s par le travail du journaliste Michel Bouffioux. Le meurtre de Mawda n&rsquo;est pas un cas isol\u00e9. A chaque fois, c&rsquo;est d&rsquo;une forme de racisme syst\u00e9mique qu&rsquo;il s&rsquo;agit. A chaque fois, les avocats, journalistes, familles, activistes ont affaire \u00e0 des n\u0153uds de mensonges, de non-dits, d\u2019instructions b\u00e2cl\u00e9es, etc.<\/p>\n<p>\ud83d\udce2 Les questions que nous poserons seront donc les suivantes : Quelles sont les m\u00e9caniques de production des violences polici\u00e8res ? Par quels m\u00e9canismes l\u2019impunit\u00e9 judiciaire se construit-elle ? Quels sont les moyens de luttes, politiques et juridiques?<\/p>\n<p><!--more--><\/p>\n<p style=\"text-align: center;\"><iframe src=\"https:\/\/www.youtube.com\/embed\/GRLq0F_Q7gc\" width=\"560\" height=\"315\" frameborder=\"0\" allowfullscreen=\"allowfullscreen\"><\/iframe><\/p>\n<p>Avec<\/p>\n<p>\ud83c\udfa4 Amal Bentounsi. Amal est la s\u0153ur d\u2019Amine Bentounsi, tu\u00e9 le 21 avril 2012 par la police \u00e0 Noisy-le-Sec. Elle a fond\u00e9 le collectif des familles des victimes tu\u00e9es par la police, ainsi que \u2018Urgence-Notre Police Assassine \u00bb. Malgr\u00e9 sa condamnation \u00e0 cinq ans de prison avec sursis (apr\u00e8s appels) pour avoir tu\u00e9 Amine Bentounsi d\u2019une balle dans le dos, le policier n\u2019a jamais \u00e9t\u00e9 sanctionn\u00e9 sur le plan disciplinaire. Par quels stratag\u00e8mes ? Quels moyens \u00e0 mettre en \u0153uvre ? Au nom de quoi sont-ils emp\u00each\u00e9s ? Que permettent-ils ?<\/p>\n<p>\ud83c\udfa4 Ayoub Bouda. Ayoub est le fr\u00e8re de Mehdi, tu\u00e9 par la police le 20 ao\u00fbt 2019. Le policier qui a heurt\u00e9 Mehdi de plein fouet avec sa voiture de fonction a b\u00e9n\u00e9fici\u00e9 d\u2019un \u00ab non lieu \u00bb. Est ici en question le lien entre cette mort et le quotidien des pratiques polici\u00e8res de contr\u00f4les au faci\u00e8s et de harc\u00e8lement.<\/p>\n<p>\ud83c\udfa4 Alexis Deswaef, avocat de la famille Lamine Bangoura dont l\u2019appel en Chambre des Mises en accusation sera d\u00e9lib\u00e9r\u00e9 le 02 f\u00e9vrier 2021. Les 8 policiers impliqu\u00e9s dans la mort de Lamine le 07 mai 2018, avaient en effet b\u00e9n\u00e9fici\u00e9 d\u2019un non lieu en \u00ab Chambre du Conseil \u00bb. L\u2019intervention du papa de Lamine \u00e0 la manifestation BLM a permis un changement dans la strat\u00e9gie judiciaire. Qu\u2019est-ce qui dans l\u2019instruction, n\u2019a pas \u00e9t\u00e9 relev\u00e9 par cette Chambre du Conseil. Quelles sont les charges plaidables contre les policiers (en ce compris, l\u2019arrangement possible de leurs versions) ?<\/p>\n<p>\ud83c\udfa4 Michel Bouffioux est le seul journaliste belge a avoir enqu\u00eat\u00e9 s\u00e9rieusement sur la meurtre de Mawda dans la nuit du 17 ou 18 mai 2018. Si cela pose la question de l\u2019\u00e9tat de la presse belge, l\u2019enqu\u00eate a, par sa minutie, r\u00e9v\u00e9l\u00e9 des formes de coalitions de fonctionnaires, de couvertures judiciaires et soulign\u00e9 les manquements de l\u2019instruction.<\/p>\n<p>\ud83c\udfa4 Selma Benkhelifa est l\u2019avocate de la famille de Mawda. Elle peut t\u00e9moigner des mani\u00e8res par lesquelles l\u2019institution judiciaire traite ces dossiers (Cours d\u2019Assises ou Tribunal correctionnel ? Demandes de devoirs d\u2019enqu\u00eates ? Th\u00e9ories polici\u00e8res).<\/p>\n<p>\ud83d\udc65 D\u00e9bat introduit par David Jamar et anim\u00e9 par Nordine Sa\u00efdi.<\/p>\n<p style=\"text-align: center;\"><a href=\"https:\/\/bruxelles-pantheres.be\/wp-content\/uploads\/2020\/10\/117635993_3285701464817537_4104888488720358930_o-1.jpg\"><img decoding=\"async\" class=\"alignnone size-full wp-image-4576\" src=\"https:\/\/bruxelles-pantheres.be\/wp-content\/uploads\/2020\/10\/117635993_3285701464817537_4104888488720358930_o-1.jpg\" alt=\"\" width=\"526\" height=\"526\" srcset=\"https:\/\/bruxelles-pantheres.be\/wp-content\/uploads\/2020\/10\/117635993_3285701464817537_4104888488720358930_o-1.jpg 526w, https:\/\/bruxelles-pantheres.be\/wp-content\/uploads\/2020\/10\/117635993_3285701464817537_4104888488720358930_o-1-300x300.jpg 300w, https:\/\/bruxelles-pantheres.be\/wp-content\/uploads\/2020\/10\/117635993_3285701464817537_4104888488720358930_o-1-150x150.jpg 150w\" sizes=\"(max-width: 526px) 100vw, 526px\" \/><\/a><\/p>\n","protected":false},"excerpt":{"rendered":"<p>\ud83d\udce2 Si l\u2019affaire Mawda est une affaire d\u2019Etat, c\u2019est aussi en raison du r\u00f4le actif jou\u00e9 par la police (violence polici\u00e8re soutenue par des dispositifs organis\u00e9s de chasses \u00e0 l\u2019homme) comme dans les tentatives d\u2019\u00e9touffement des faits (coalition de fonctionnaires, versions hallucinantes du Parquet, reconstitutions indignes, etc.). Ces \u00e9l\u00e9ments ont \u00e9t\u00e9 \u00e9tay\u00e9s par le travail &#8230; <a title=\"Violences polici\u00e8res, impunit\u00e9 judiciaire\" class=\"read-more\" href=\"https:\/\/bruxelles-pantheres.be\/?p=4615\" aria-label=\"En savoir plus sur Violences polici\u00e8res, impunit\u00e9 judiciaire\">Lire la suite<\/a><\/p>\n","protected":false},"author":1,"featured_media":4616,"comment_status":"open","ping_status":"open","sticky":false,"template":"","format":"video","meta":{"footnotes":""},"categories":[36,4,7,8,18,28,39,17,5],"tags":[445,208,444,231,13,54,97],"class_list":["post-4615","post","type-post","status-publish","format-video","has-post-thumbnail","hentry","category-europe","category-islamophobie","category-negrophobie","category-prisons","category-resistance-bruxelles","category-racismes","category-sans-papier","category-video","category-violence-policiere","tag-alexis-deswaef","tag-amal-bentounsi","tag-ayoub-bouda","tag-david-jamar","tag-nordine-saidi","tag-police","tag-selma-benkhelifa","post_format-post-format-video"],"_links":{"self":[{"href":"https:\/\/bruxelles-pantheres.be\/index.php?rest_route=\/wp\/v2\/posts\/4615","targetHints":{"allow":["GET"]}}],"collection":[{"href":"https:\/\/bruxelles-pantheres.be\/index.php?rest_route=\/wp\/v2\/posts"}],"about":[{"href":"https:\/\/bruxelles-pantheres.be\/index.php?rest_route=\/wp\/v2\/types\/post"}],"author":[{"embeddable":true,"href":"https:\/\/bruxelles-pantheres.be\/index.php?rest_route=\/wp\/v2\/users\/1"}],"replies":[{"embeddable":true,"href":"https:\/\/bruxelles-pantheres.be\/index.php?rest_route=%2Fwp%2Fv2%2Fcomments&post=4615"}],"version-history":[{"count":3,"href":"https:\/\/bruxelles-pantheres.be\/index.php?rest_route=\/wp\/v2\/posts\/4615\/revisions"}],"predecessor-version":[{"id":4619,"href":"https:\/\/bruxelles-pantheres.be\/index.php?rest_route=\/wp\/v2\/posts\/4615\/revisions\/4619"}],"wp:featuredmedia":[{"embeddable":true,"href":"https:\/\/bruxelles-pantheres.be\/index.php?rest_route=\/wp\/v2\/media\/4616"}],"wp:attachment":[{"href":"https:\/\/bruxelles-pantheres.be\/index.php?rest_route=%2Fwp%2Fv2%2Fmedia&parent=4615"}],"wp:term":[{"taxonomy":"category","embeddable":true,"href":"https:\/\/bruxelles-pantheres.be\/index.php?rest_route=%2Fwp%2Fv2%2Fcategories&post=4615"},{"taxonomy":"post_tag","embeddable":true,"href":"https:\/\/bruxelles-pantheres.be\/index.php?rest_route=%2Fwp%2Fv2%2Ftags&post=4615"}],"curies":[{"name":"wp","href":"https:\/\/api.w.org\/{rel}","templated":true}]}}