{"id":462,"date":"2013-03-26T05:06:58","date_gmt":"2013-03-26T04:06:58","guid":{"rendered":"https:\/\/bruxelles-pantheres.be\/?p=462"},"modified":"2013-11-10T05:09:11","modified_gmt":"2013-11-10T04:09:11","slug":"voici-pourquoi-il-faut-rejeter-le-traite-budgetaire-europeen","status":"publish","type":"post","link":"https:\/\/bruxelles-pantheres.be\/?p=462","title":{"rendered":"Voici pourquoi il faut rejeter le Trait\u00e9 budg\u00e9taire europ\u00e9en !"},"content":{"rendered":"<p>Mesdames et Messieurs les Parlementaires, allez-vous voter sans rien dire ? Allez-vous accepter de ratifier un Trait\u00e9 qui va plonger les citoyens dans la pr\u00e9carit\u00e9, le ch\u00f4mage et l\u2019exclusion sociale ? Allez-vous condamner sans broncher celles et ceux qui vous ont \u00e9lus, et toute la population en g\u00e9n\u00e9ral, \u00e0 un avenir pourri ? Ouvrez les yeux, refusez d\u2019ob\u00e9ir, rejetez le Trait\u00e9 budg\u00e9taire europ\u00e9en. Et nous, citoyennes, citoyens, agissons !<br \/>\nMettons la pression sur nos repr\u00e9sentants afin qu\u2019ils ne signent pas un texte en totale contradiction avec les int\u00e9r\u00eats de la population.<!--more--><br \/>\n<iframe src=\"\/\/www.youtube.com\/embed\/p5w20WMd1Uc\" height=\"315\" width=\"560\" allowfullscreen=\"\" frameborder=\"0\"><\/iframe><br \/>\n<strong>L\u2019Europe s\u2019enfonce chaque jour un peu plus dans la r\u00e9cession. En cause, les politiques d\u2019aust\u00e9rit\u00e9 qui, de Lisbonne \u00e0 Ath\u00e8nes, en passant par Londres, Paris, Rome, Madrid, Berlin ou Bruxelles, cassent l\u2019activit\u00e9 \u00e9conomique et engendrent ch\u00f4mage, baisse des salaires et mis\u00e8re.<\/strong><\/p>\n<p>Ceux qui ont mis en \u0153uvre ces politiques mortif\u00e8res nous pressent de ratifier le Trait\u00e9 sur la stabilit\u00e9, la coordination et la gouvernance (TSCG) en Europe. Or, ce Trait\u00e9 coupl\u00e9 \u00e0 l\u2019autre Trait\u00e9, celui qui porte sur le M\u00e9canisme europ\u00e9en de stabilit\u00e9 (MES), r\u00e9serv\u00e9 aux seuls pays de la zone euro, s\u2019inscrit dans la m\u00eame logique aust\u00e9ritaire. Une logique qui a pourtant montr\u00e9 son \u00e9chec complet depuis la crise \u00e9conomico-financi\u00e8re de 2008-2009 et le montre encore sous nos yeux en Gr\u00e8ce ou en Espagne.<\/p>\n<p>En r\u00e9alit\u00e9, le Trait\u00e9 budg\u00e9taire repr\u00e9sente une double menace, \u00e9conomique et d\u00e9mocratique. Sur le plan \u00e9conomique, le Trait\u00e9 durcit encore les crit\u00e8res de Maastricht en abaissant le seuil du d\u00e9ficit maximal autoris\u00e9 de 3% \u00e0 0,5%\u00a0: c\u2019est la fameuse r\u00e8gle d\u2019or. Inutile de pr\u00e9ciser qu\u2019une telle r\u00e8gle aura in\u00e9vitablement les effets d\u00e9j\u00e0 observ\u00e9s dans le pass\u00e9, c\u2019est-\u00e0-dire coupes budg\u00e9taires, multiplication des ch\u00f4meurs et recul de l\u2019activit\u00e9 \u00e9conomique. De surcro\u00eet, avec ce Trait\u00e9, les budgets nationaux seront compl\u00e8tement contr\u00f4l\u00e9s par la Commission et la Cour de justice europ\u00e9enne, ce qui signifie que les parlements f\u00e9d\u00e9ral et r\u00e9gionaux seront mis sous tutelle. Une telle contrainte porte un nom\u00a0: il s\u2019agit purement et simplement d\u2019un d\u00e9ni de d\u00e9mocratie, d\u2019un hold up \u00ab\u00a0d\u00e9mocratique\u00a0\u00bb.<\/p>\n<p>Il y a plus, car le\u00a0TSCG pr\u00e9voit \u00e9galement \u2013 dans son article 4 \u2013 que lorsque la dette totale d\u2019un Etat d\u00e9passe 60% de son Produit Int\u00e9rieur brut (PIB), alors celui-ci a l\u2019obligation de la r\u00e9duire \u00e0 raison d\u2019un vingti\u00e8me par ann\u00e9e \u2013 au total en vingt ans donc. Faisons un petit calcul\u00a0: une telle politique signifie que les pouvoirs publics de la Belgique doivent d\u00e9gager chaque ann\u00e9e pendant vingt ans un exc\u00e9dent budg\u00e9taire de l\u2019ordre de 7 milliards d\u2019euros. En d\u2019autres termes, notre futur pr\u00e9visible, c\u2019est l\u2019aust\u00e9rit\u00e9 pour demain, apr\u00e8s demain et encore plus loin. Avec la cons\u00e9quence suppl\u00e9mentaire que cette v\u00e9ritable asphyxie budg\u00e9taire emp\u00eachera toutes les mesures indispensables au d\u00e9ploiement d\u2019une transition \u00e9nerg\u00e9tique et \u00e9cologique.<\/p>\n<p>D\u00e8s lors, une conclusion s\u2019impose\u00a0: nous les signataires de cet appel, nous demandons \u00e0 tous les parlementaires d\u2019ouvrir les yeux et de s\u2019opposer par leur vote \u00e0 la ratification du Trait\u00e9 budg\u00e9taire (TSCG), synonyme d\u2019aust\u00e9rit\u00e9, de mis\u00e8re, de r\u00e9gression et de ch\u00f4mage sur une \u00e9chelle encore inconnue \u00e0 ce jour.<\/p>\n<p><img decoding=\"async\" alt=\"\" src=\"http:\/\/www.avanti4.be\/local\/cache-vignettes\/L600xH225\/non-au-tscg1-100dd.png\" width=\"600\" height=\"225\" \/><\/p>\n<p><strong>Appel lanc\u00e9 \u00e0 l\u2019initiative du Mouvement de Gauche<br \/>\nListe des premiers signataires de l\u2019Appel contre le TSCG\u00a0: <\/strong><\/p>\n<p>Antoine Attout \u2013 Participation citoyenne et \u00e9ducation financi\u00e8re au R\u00e9seau Financement Alternatif\u00a0; Francis Bismans, CF MG, Universit\u00e9 de Lorraine\u00a0; Christian Binet, conseiller communal MG Aubange\u00a0; Beno\u00eet Blondeau, Secr\u00e9taire r\u00e9gional FGTB Brabant Wallon\u00a0; Olivier Bonfond, Cepag\u00a0; Gu\u00e9ric Bosmans, Pr\u00e9sident de ProJeuneS, f\u00e9d\u00e9ration des organisations de jeunesse progressistes\u00a0; St\u00e9phen Bouquin, Professeur de sociologie, Directeur du Centre Pierre Naville, Universit\u00e9 d\u2019\u00c9vry-Val-d\u2019Essonne\u00a0; Sfia Bouarfa, d\u00e9put\u00e9e bruxelloise PS\u00a0; Jalil Bourhidane, JOC Bruxelles\u00a0; Yannick Bovy, journaliste et r\u00e9alisateur\u00a0; Carlo Briscolini, Secr\u00e9taire r\u00e9gional de la Centrale G\u00e9n\u00e9rale FGTB-Charleroi\u00a0; Didier Brissa, formateur\u00a0; L\u00e9on Brissa, commission des p&amp;pp de la FGTB wallonne\u00a0; Th\u00e9o Bruy\u00e8re, ex \u00e9chevin Ecolo \u00e0 Li\u00e8ge\u00a0; Nicole Cahen, Bureau ex\u00e9cutif du Parti de la Gauche europ\u00e9enne\u00a0; Franco Carminati, ATTAC Bruxelles 2\u00a0; C\u00e9line Caudron, LCR-SAP\u00a0; Michel Clignet, Secr\u00e9taire, Potager Collectif d\u2019Awans\u00a0; David Cordonnier, Pr\u00e9sident du Mouvement des Jeunes Socialistes (MJS)\u00a0; Jean Cornil, ancien d\u00e9put\u00e9 et ancien s\u00e9nateur PS\u00a0; Nico Cu\u00e9, Secr\u00e9taire g\u00e9n\u00e9ral des M\u00e9tallos Bruxelles-Wallonie\u00a0; Fran\u00e7ois D\u2019Agostino, Bureau Politique du Parti Communiste Wallonie-Bruxelles\u00a0; Jacques Debatty, Pr\u00e9sident du MOC-Bruxelles\u00a0; Carol Deby, chef de travaux honoraire, Fac. de M\u00e9decine ULG\u00a0; Myriam Djegham, secr\u00e9taire f\u00e9d\u00e9rale adjointe, MOC Bruxelles\u00a0; Rapha\u00ebl Dugailliez, directeur de Sensolia\u00a0; Xavier Dupret, \u00e9conomiste Gresea\u00a0; Jean-Claude Deroubaix, sociologue, Universit\u00e9 de Mons\u00a0; Slim Essaker, JOC de Li\u00e8ge\u00a0; Jean Fagard, Secr\u00e9taire politique de la f\u00e9d\u00e9ration li\u00e9geoise du PC, membre du BP du PC\u00a0; Guy Fays, Secr\u00e9taire r\u00e9gional FGTB Namur\u00a0; Ezio Gandin, Amis de la Terre\u00a0; Jos\u00e9 Garcia, Secr\u00e9taire g\u00e9n\u00e9ral du syndicat des locataires\u00a0; Pierre Geron, Centre Jardin Zen\u00a0; Magali Gillard, des Comit\u00e9s Action Europe\u00a0; Fran\u00e7ois Gobbe, Kairos Europe WB\u00a0; Corinne Gobin, politologue ULB\u00a0; Roger Goddin, D\u00e9l\u00e9gu\u00e9 r\u00e9gional SEL-SETCa au Brabant wallon\u00a0; Nancy Hardy, Universit\u00e9 Populaire de Li\u00e8ge\u00a0; Raoul Hedebouw, porte parole PTB\u00a0; Sophie Heine, Queen Mary, University of London et Oxford University\u00a0; Bernard Hennebert, journaliste, site consoloisirs\u00a0; Jules Jasselette, ancien \u00e9chevin PS de Li\u00e8ge\u00a0; Jean-Marie Kaddes, d\u00e9l\u00e9gu\u00e9 principal CSC Tecteo-Voo\u00a0; Giorgos Karatsioubanis, coordinateur de SYRIZA en Belgique\u00a0; Coralie Ladavid, Secr\u00e9taire politique de la F\u00e9d\u00e9ration des maisons m\u00e9dicales francophones\u00a0; Claire Lammerant, Secr\u00e9taire f\u00e9d\u00e9ral MOC BW\u00a0; Dalila Larabi, formatrice FGTB wallonne\/CEPAG\u00a0; Etienne Lebeau, Service d\u2019\u00e9tudes et de formation (CNE)\u00a0; Marie-Fran\u00e7oise Lecomte, avocate, CF MG\u00a0; Michel Lemmens, d.g.honoraire SPMT, Cercle Condorcet\u00a0; Le Lepvrier Raymonde, secr\u00e9taire r\u00e9gionale SETCa Namur\u00a0; Paul Lootens, Secr\u00e9taire g\u00e9n\u00e9ral Centrale G\u00e9n\u00e9rale FGTB\u00a0; M\u00e9lisa Maggio, permanente services publics secteur ALR et Soins de Sant\u00e9, Hainaut et Philippeville, Chimay\u00a0; Fred Mawet, ATTAC Bruxelles 2\u00a0; C\u00e9line Meneses, Bureau ex\u00e9cutif du Parti de la Gauche Europ\u00e9enne\u00a0; Jean-Pierre Michiels, ACJJ \u2013 Association culturelle Joseph Jacquemotte\u00a0; Sylviane Mergelsberg, mouvement politique Objecteurs de Croissance pour la Vall\u00e9e de la Vesdre\u00a0; C\u00e9line Moreau, coordinatrice Jeunes FGTB\u00a0; Robert Neuray, comit\u00e9 de la section de Li\u00e8ge du PS\u00a0; Patrick Olczyk, Comit\u00e9 f\u00e9d\u00e9ral du Mouvement de Gauche, instigateur de l\u2019Appel\u00a0; Pierre Ozer, Charg\u00e9 de recherche au D\u00e9partement des Sciences et Gestion de l\u2019Environnement ULG\u00a0; Christine Pagnoulle, pr\u00e9sidente ATTAC Li\u00e8ge\u00a0; Jean Peltier, site d\u2019infos anticapitaliste Avanti\u00a0!\u00a0; Daniel Piron, Secr\u00e9taire r\u00e9gional de la FGTB Charleroi\u00a0; Rudy Pirquet, Secr\u00e9taire G\u00e9n\u00e9ral SETCa Charleroi\u00a0; Alain Preud\u2019homme, animateur Casa Nicaragua\u00a0; Daniel Richard, Secr\u00e9taire r\u00e9gional interprofessionnel de la FGTB de Verviers et Communaut\u00e9 germanophone\u00a0; Fran\u00e7ois Schreuer, conseiller communal VEGA Li\u00e8ge\u00a0; Angela Sciacchitano, Permanente Jeunes FGTB Charleroi et Sud-Hainaut\u00a0; Jean-Marc Senger, Secr\u00e9taire f\u00e9d\u00e9ral CSC BN\u00a0; Olivier Starquit, collectif le Ressort\u00a0; Jean-Fran\u00e7ois Tamellini, Secr\u00e9taire F\u00e9d\u00e9ral FGTB\u00a0; Robert Tangre, conseiller communal FdG Courcelles\u00a0; Jo\u00ebl Thiry, Secr\u00e9taire R\u00e9gional Interprofessionnel Luxembourg\u00a0; Roland Tournay, ancien d\u00e9l\u00e9gu\u00e9, et ex-vice-pr\u00e9sident CNE gaz-\u00e9lectricit\u00e9\u00a0; Eric Toussaint, \u00e9conomiste, CADTM\u00a0; Daniel Van Daele, Secr\u00e9taire F\u00e9d\u00e9ral FGTB\u00a0; Isabelle Van Den Berghe, d\u00e9tach\u00e9e p\u00e9dagogique Jeunes FGTB\u00a0; Alain Van Praet, d\u00e9l\u00e9gu\u00e9 principal CSC-Transcom\u00a0; Bernard Wesphael, d\u00e9put\u00e9 wallon et pr\u00e9sident du MG\u00a0; Gr\u00e9goire Wallenborn, chercheur ULB, d\u00e9l\u00e9gu\u00e9 CGSP.<br \/>\n<strong><br \/>\nCentralisalisation des signatures et liste compl\u00e8te des premiers signataires avec le texte de l\u2019Appel contre le TSCG sous format PDF\u2008disponible chez Patrick Olczyk, atb.po@skynet.be <\/strong><\/p>\n","protected":false},"excerpt":{"rendered":"<p>Mesdames et Messieurs les Parlementaires, allez-vous voter sans rien dire ? Allez-vous accepter de ratifier un Trait\u00e9 qui va plonger les citoyens dans la pr\u00e9carit\u00e9, le ch\u00f4mage et l\u2019exclusion sociale ? Allez-vous condamner sans broncher celles et ceux qui vous ont \u00e9lus, et toute la population en g\u00e9n\u00e9ral, \u00e0 un avenir pourri ? Ouvrez les &#8230; <a title=\"Voici pourquoi il faut rejeter le Trait\u00e9 budg\u00e9taire europ\u00e9en !\" class=\"read-more\" href=\"https:\/\/bruxelles-pantheres.be\/?p=462\" aria-label=\"En savoir plus sur Voici pourquoi il faut rejeter le Trait\u00e9 budg\u00e9taire europ\u00e9en !\">Lire la suite<\/a><\/p>\n","protected":false},"author":1,"featured_media":463,"comment_status":"open","ping_status":"open","sticky":false,"template":"","format":"standard","meta":{"footnotes":""},"categories":[21,18],"tags":[],"class_list":["post-462","post","type-post","status-publish","format-standard","has-post-thumbnail","hentry","category-anti-imperialisme","category-resistance-bruxelles"],"_links":{"self":[{"href":"https:\/\/bruxelles-pantheres.be\/index.php?rest_route=\/wp\/v2\/posts\/462","targetHints":{"allow":["GET"]}}],"collection":[{"href":"https:\/\/bruxelles-pantheres.be\/index.php?rest_route=\/wp\/v2\/posts"}],"about":[{"href":"https:\/\/bruxelles-pantheres.be\/index.php?rest_route=\/wp\/v2\/types\/post"}],"author":[{"embeddable":true,"href":"https:\/\/bruxelles-pantheres.be\/index.php?rest_route=\/wp\/v2\/users\/1"}],"replies":[{"embeddable":true,"href":"https:\/\/bruxelles-pantheres.be\/index.php?rest_route=%2Fwp%2Fv2%2Fcomments&post=462"}],"version-history":[{"count":1,"href":"https:\/\/bruxelles-pantheres.be\/index.php?rest_route=\/wp\/v2\/posts\/462\/revisions"}],"predecessor-version":[{"id":464,"href":"https:\/\/bruxelles-pantheres.be\/index.php?rest_route=\/wp\/v2\/posts\/462\/revisions\/464"}],"wp:featuredmedia":[{"embeddable":true,"href":"https:\/\/bruxelles-pantheres.be\/index.php?rest_route=\/wp\/v2\/media\/463"}],"wp:attachment":[{"href":"https:\/\/bruxelles-pantheres.be\/index.php?rest_route=%2Fwp%2Fv2%2Fmedia&parent=462"}],"wp:term":[{"taxonomy":"category","embeddable":true,"href":"https:\/\/bruxelles-pantheres.be\/index.php?rest_route=%2Fwp%2Fv2%2Fcategories&post=462"},{"taxonomy":"post_tag","embeddable":true,"href":"https:\/\/bruxelles-pantheres.be\/index.php?rest_route=%2Fwp%2Fv2%2Ftags&post=462"}],"curies":[{"name":"wp","href":"https:\/\/api.w.org\/{rel}","templated":true}]}}