{"id":4623,"date":"2020-11-29T16:56:50","date_gmt":"2020-11-29T15:56:50","guid":{"rendered":"https:\/\/bruxelles-pantheres.be\/?p=4623"},"modified":"2020-11-29T16:56:50","modified_gmt":"2020-11-29T15:56:50","slug":"michel-zecler-pourquoi-un-tel-lynchage","status":"publish","type":"post","link":"https:\/\/bruxelles-pantheres.be\/?p=4623","title":{"rendered":"Michel Zecler: pourquoi un tel lynchage?"},"content":{"rendered":"<p>PAR\u00a0NORMAN AJARI<\/p>\n<div class=\"introduction\">Galvanis\u00e9s par la gestion autoritaire et liberticide de la crise sanitaire actuelle qui place au c\u0153ur du dispositif le contr\u00f4le social bien davantage que l\u2019augmentation des moyens allou\u00e9s \u00e0 la sant\u00e9, les policiers se croient aujourd\u2019hui tout permis. Entre la fa\u00e7on dont la police fran\u00e7aise interagit avec les Blancs et les autres, il n\u2019y a pas seulement une diff\u00e9rence de degr\u00e9 ; il y a une diff\u00e9rence de nature. Analyse.<\/div>\n<p><!--more--><\/p>\n<p>Le samedi 21 novembre, le producteur de musique Michel Zecler \u00e9tait tabass\u00e9 par la police dans son studio d\u2019enregistrement du 17<sup>e<\/sup>\u00a0arrondissement de Paris, puis dans la rue. Alors qu&rsquo;elle \u00e9tait sur le pas de sa porte, la victime avait les forces de l\u2019ordre sur les talons, qui n\u2019ont pas tard\u00e9 \u00e0 le rouer de coups et \u00e0 l\u2019agonir d\u2019injures racistes. En effet, la victime est un homme noir. La duret\u00e9 et l\u2019arbitraire de la sc\u00e8ne ont \u00e9t\u00e9 captur\u00e9s par les cam\u00e9ras de surveillance du studio, mais aussi par les t\u00e9l\u00e9phones de voisins.<\/p>\n<p>Face \u00e0 la m\u00e9diatisation des images accablantes, le Ministre de l\u2019Int\u00e9rieur Darmanin a demand\u00e9 la suspension des policiers et le Pr\u00e9sident Macron a fait part de son \u00e9moi.<\/p>\n<p>\u00c9videmment, le gouvernement s\u2019en tiendra au discours \u00e9tatique habituel qui, lorsque les faits de violence sont trop patents pour \u00eatre simplement ni\u00e9s, se r\u00e9fugie dans la d\u00e9nonciation de faits isol\u00e9s et de brebis galeuses. Mais je pense que du point de vue des critiques de la brutalit\u00e9 polici\u00e8re, cette affaire est assez significative pour exiger de notre part un r\u00e9ajustement, et pour tout dire une radicalisation, du discours.<\/p>\n<p>Pouvons-nous encore nous contenter des explications en termes de\u00a0<i>\u00ab\u00a0racisme structurel\u00a0\u00bb<\/i>, voire m\u00eame de \u00ab\u00a0racisme d\u2019\u00c9tat\u00a0\u00bb, devenues routini\u00e8res dans le discours de gauche\u00a0?<\/p>\n<p>Certes, ces id\u00e9es restent n\u00e9cessaires, mais elles se montrent aujourd\u2019hui insuffisamment pr\u00e9cises. Lorsque M. Adama Traor\u00e9 \u00e9tait assassin\u00e9 par des gendarmes en juillet 2016, on a pu lui reprocher d\u2019avoir tent\u00e9 de fuir un contr\u00f4le policier. Lorsque M. Th\u00e9o Luhaka, en f\u00e9vrier 2017, se faisait sodomiser par des policiers matraqu\u00e9s, on a pu lui reprocher d\u2019avoir r\u00e9sist\u00e9 \u00e0 un contr\u00f4le d\u2019identit\u00e9. Lorsque 151 jeunes \u00e9taient contraints de s&rsquo;agenouiller des heures durant, mains sur la t\u00eate \u00e0 Mantes-la-Jolie, on a pu leur reprocher d\u2019avoir particip\u00e9 \u00e0 un mouvement social. Le lynchage de M. Michel Zecler nous prive de la logique habituelle, qui fait de la race un facteur aggravant.<\/p>\n<p>Ici la race de la victime n\u2019est pas un facteur aggravant\u00a0: elle est l\u2019unique cause du supplice.<\/p>\n<p>Tant que l\u2019on suppose que les policiers sont simplement victimes d\u2019un\u00a0<i>\u00ab\u00a0biais racial\u00a0\u00bb<\/i>\u00a0qui les pousse \u00e0 agir plus brutalement avec les contrevenants non blancs, on peut demeurer dans l\u2019illusion que les mauvais comportements policiers sont r\u00e9formables. Qu\u2019il est possible de former les agents \u00e0 davantage d\u2019\u00e9quit\u00e9 ou \u00e0 une meilleure gestion des conflits.<\/p>\n<p>Le cas Michel Zecler fait voler ces chim\u00e8res en \u00e9clats.<\/p>\n<p>La violence subie par le producteur ne r\u00e9pondait \u00e0 aucune n\u00e9cessit\u00e9 fonctionnelle. C\u2019est ce qu\u2019on appelle couramment de la violence gratuite. La question fondamentale, celle que personne ne semble vouloir soulever, alors qu\u2019elle est la plus simple, est donc la suivante\u00a0: Pourquoi un tel lynchage a-t-il eu lieu\u00a0?<\/p>\n<p>La victime de la ratonnade d\u2019\u00c9tat est un homme de la classe moyenne sup\u00e9rieure, qui paie ses imp\u00f4ts. Un entrepreneur sur son lieu de travail, traqu\u00e9 au m\u00e9pris de toute proc\u00e9dure. Il n\u2019y avait aucune raison tangible de l\u2019assimiler \u00e0 une menace. Son seul et unique tort aura \u00e9t\u00e9 d\u2019\u00eatre un homme noir.<\/p>\n<p>Or les hommes Noirs ne sont pas seulement des contrevenants qui sont rudoy\u00e9s davantage que les autres\u00a0et passent un plus mauvais quart d\u2019heure. Ils sont des cibles. Nous ne devrions pas simplement nous interroger sur une in\u00e9galit\u00e9 de traitement entre personnes d\u2019origines diff\u00e9rentes. Nous sommes brutalement confront\u00e9s \u00e0 la r\u00e9alit\u00e9 d\u2019une police fran\u00e7aise qui pers\u00e9cute activement les populations noires et arabes. Elle les attaque, tourmente et violente \u00e0 vue selon une logique qui n\u2019est pas discriminatoire, mais exterminatrice.<\/p>\n<p>En effet, les policiers ne se sont pas content\u00e9s de faire pleuvoir les coups.<\/p>\n<p>Ils ont r\u00e9alis\u00e9 des faux en \u00e9criture publique, inventant des provocations, des outrages, voire m\u00eame une tentative d\u2019arracher une arme de service, pour rendre M. Zecler seul responsable de la violence qu\u2019il avait subie. Il ne suffisait pas de d\u00e9cha\u00eener sur lui toute la brutalit\u00e9 physique et verbale dont ils \u00e9taient capables afin de le blesser et de l\u2019humilier. Il fallait encore le pers\u00e9cuter judiciairement \u00ad\u2013 c\u2019est-\u00e0-dire planifier de d\u00e9truire sa vie afin de justifier l\u2019explosion de brutalit\u00e9 raciste qu\u2019il venait de subir. Il ne suffisait pas de le d\u00e9molir physiquement, encore fallait-il le tuer socialement.<\/p>\n<p>Entre la fa\u00e7on dont la police fran\u00e7aise interagit avec les Blancs et les autres, il n\u2019y a pas seulement une diff\u00e9rence de degr\u00e9\u00a0; il y a une diff\u00e9rence de nature.<\/p>\n<p>\u00c0 peine aper\u00e7u par la patrouille, M. Zecler a \u00e9t\u00e9 traqu\u00e9, accul\u00e9 et massacr\u00e9 sans aucun motif rationnel. Nous ne devons pas tourner le dos face \u00e0 cette irrationalit\u00e9, ou en d\u2019autres termes cette dimension libidinale, qui est au c\u0153ur du racisme en g\u00e9n\u00e9ral et de la n\u00e9grophobie en particulier. Galvanis\u00e9s par la gestion autoritaire et liberticide de la crise sanitaire actuelle qui place au c\u0153ur du dispositif le contr\u00f4le social bien davantage que l\u2019augmentation des moyens allou\u00e9s \u00e0 la sant\u00e9, les policiers se croient aujourd\u2019hui tout permis, et libres de suivre en toute libert\u00e9\u00a0l\u2019id\u00e9e qu\u2019ils se font de leur profession\u00a0: tabasser du \u00ab\u00a0sale n\u00e8gre\u00a0\u00bb.<\/p>\n<p>M. Zecler a \u00e9t\u00e9 lynch\u00e9 car la police fran\u00e7aise entretien un rapport exterminateur aux hommes noirs et arabes, surrepr\u00e9sent\u00e9s en prison, surexpos\u00e9s aux contr\u00f4les d\u2019identit\u00e9 et \u00e0 la surmortalit\u00e9 pr\u00e9coce.<\/p>\n<p>La France est un pays o\u00f9 des agents de l\u2019\u00c9tat consid\u00e8rent spontan\u00e9ment la peau noire comme un crime qui exige une punition exp\u00e9ditive, extral\u00e9gale, et qui vise \u00e0 exclure durablement sa cible de la soci\u00e9t\u00e9. La\u00a0<i>\u00ab\u00a0France Orange m\u00e9canique\u00a0\u00bb<\/i>, la France sadique de la violence gratuite et du sentiment d\u2019impunit\u00e9, la France ensauvag\u00e9e, c\u2019est la France polici\u00e8re.<\/p>\n<p>C\u2019est cette institution qui injurie, tabasse et ratonne avec la garantie d\u2019un soutien<i>\u00a0a priori<\/i>\u00a0d\u2019une hi\u00e9rarchie toujours plus propice \u00e0 suivre aveugl\u00e9ment les affabulations des professionnels de la violence. Ce n\u2019est que lorsque s\u2019accumulent les preuves indubitables qu\u2019offrent les enregistrements vid\u00e9o que se fissure l\u2019institution du mensonge.<\/p>\n<p>Il est \u00e9vident que le droit de diffuser des images des agents en exercice est aujourd\u2019hui, plus que jamais, indispensable et peut sauver des vies. Mais ce n\u2019est pas suffisant. L\u2019heure n\u2019est plus \u00e0 la r\u00e9forme du contr\u00f4le policier\u00a0; il s\u2019agit v\u00e9ritablement aujourd\u2019hui de planifier son abolition.<\/p>\n<p><b>Norman Ajari<\/b><br \/>\nProfesseur de philosophie \u00e0 Villanova University (Pennsylvanie)<\/p>\n<p><a href=\"https:\/\/blogs.mediapart.fr\/norman-ajari\/blog\/281120\/michel-zecler-pourquoi-un-tel-lynchage?userid=4d48e523-18c5-44df-bdab-0d9aaef8669c\">Source<\/a><\/p>\n","protected":false},"excerpt":{"rendered":"<p>PAR\u00a0NORMAN AJARI Galvanis\u00e9s par la gestion autoritaire et liberticide de la crise sanitaire actuelle qui place au c\u0153ur du dispositif le contr\u00f4le social bien davantage que l\u2019augmentation des moyens allou\u00e9s \u00e0 la sant\u00e9, les policiers se croient aujourd\u2019hui tout permis. Entre la fa\u00e7on dont la police fran\u00e7aise interagit avec les Blancs et les autres, il &#8230; <a title=\"Michel Zecler: pourquoi un tel lynchage?\" class=\"read-more\" href=\"https:\/\/bruxelles-pantheres.be\/?p=4623\" aria-label=\"En savoir plus sur Michel Zecler: pourquoi un tel lynchage?\">Lire la suite<\/a><\/p>\n","protected":false},"author":1,"featured_media":3627,"comment_status":"open","ping_status":"open","sticky":false,"template":"","format":"standard","meta":{"footnotes":""},"categories":[7,18,28,5],"tags":[328],"class_list":["post-4623","post","type-post","status-publish","format-standard","has-post-thumbnail","hentry","category-negrophobie","category-resistance-bruxelles","category-racismes","category-violence-policiere","tag-norman-ajari"],"_links":{"self":[{"href":"https:\/\/bruxelles-pantheres.be\/index.php?rest_route=\/wp\/v2\/posts\/4623","targetHints":{"allow":["GET"]}}],"collection":[{"href":"https:\/\/bruxelles-pantheres.be\/index.php?rest_route=\/wp\/v2\/posts"}],"about":[{"href":"https:\/\/bruxelles-pantheres.be\/index.php?rest_route=\/wp\/v2\/types\/post"}],"author":[{"embeddable":true,"href":"https:\/\/bruxelles-pantheres.be\/index.php?rest_route=\/wp\/v2\/users\/1"}],"replies":[{"embeddable":true,"href":"https:\/\/bruxelles-pantheres.be\/index.php?rest_route=%2Fwp%2Fv2%2Fcomments&post=4623"}],"version-history":[{"count":1,"href":"https:\/\/bruxelles-pantheres.be\/index.php?rest_route=\/wp\/v2\/posts\/4623\/revisions"}],"predecessor-version":[{"id":4624,"href":"https:\/\/bruxelles-pantheres.be\/index.php?rest_route=\/wp\/v2\/posts\/4623\/revisions\/4624"}],"wp:featuredmedia":[{"embeddable":true,"href":"https:\/\/bruxelles-pantheres.be\/index.php?rest_route=\/wp\/v2\/media\/3627"}],"wp:attachment":[{"href":"https:\/\/bruxelles-pantheres.be\/index.php?rest_route=%2Fwp%2Fv2%2Fmedia&parent=4623"}],"wp:term":[{"taxonomy":"category","embeddable":true,"href":"https:\/\/bruxelles-pantheres.be\/index.php?rest_route=%2Fwp%2Fv2%2Fcategories&post=4623"},{"taxonomy":"post_tag","embeddable":true,"href":"https:\/\/bruxelles-pantheres.be\/index.php?rest_route=%2Fwp%2Fv2%2Ftags&post=4623"}],"curies":[{"name":"wp","href":"https:\/\/api.w.org\/{rel}","templated":true}]}}