{"id":4625,"date":"2020-11-30T07:25:13","date_gmt":"2020-11-30T06:25:13","guid":{"rendered":"https:\/\/bruxelles-pantheres.be\/?p=4625"},"modified":"2020-11-29T17:30:34","modified_gmt":"2020-11-29T16:30:34","slug":"pouvons-nous-etre-feministes-et-aimer-maradona","status":"publish","type":"post","link":"https:\/\/bruxelles-pantheres.be\/?p=4625","title":{"rendered":"POUVONS-NOUS \u00caTRE F\u00c9MINISTES ET AIMER MARADONA ?"},"content":{"rendered":"<p><em>Mercredi 25 novembre mourait Diego Maradona, l\u00e9gende du football mondial \u00e0 laquelle des millions de personnes se sont identifi\u00e9es tout au long de sa vie, des faubourgs de Buenos Aires aux quartiers populaires de l\u2019Italie m\u00e9ridionale. Nous avions\u00a0<a href=\"https:\/\/acta.zone\/diego-lanti-imperialiste\/\">rendu hommage<\/a>\u00a0\u00e0 celui qui, anim\u00e9 par une imp\u00e9rissable loyaut\u00e9 de classe, n\u2019a cess\u00e9 de prendre position pour la justice sociale et la d\u00e9fense des peuples opprim\u00e9s par l\u2019imp\u00e9rialisme.<\/em><\/p>\n<p><em>Certains d\u00e9bats ont \u00e9merg\u00e9 ces derniers jours visant \u00e0 confronter aux c\u00e9l\u00e9brations endeuill\u00e9es du footballeur\u00a0la r\u00e9alit\u00e9 de son machisme, ainsi que les accusations de violences conjugales \u00e9mises \u00e0 son encontre.<\/em><!--more--><\/p>\n<p><em>Nous versons \u00e0 la discussion un texte publi\u00e9 \u00e0 l\u2019occasion de son soixanti\u00e8me anniversaire par des f\u00e9ministes et amatrices de football argentines. Celles-ci, t\u00e9moignant de leur amour pour le footballeur et de leur profond engagement f\u00e9ministe, viennent mettre en lumi\u00e8re la n\u00e9cessit\u00e9 de \u00ab\u00a0regarder en face\u00a0\u00bb les contradictions qui impr\u00e8gnent ce m\u00eame engagement. Elles rappellent aussi qu\u2019on ne peut s\u00e9parer l\u2019homme, non pas du footballeur \u2013 comme on pourrait l\u2019entendre \u2013 mais des structures historiques et sociales de domination au sein desquelles il s\u2019enracine.<\/em><\/p>\n<p><em>Or Maradona \u00e9tait bien,\u00a0<a href=\"https:\/\/www.facebook.com\/pedro.gatto.54\/posts\/1759403697556965\">comme le r\u00e9sume la f\u00e9ministe italienne Cinzia Arruzza<\/a>, l\u2019un de ces \u00ab h\u00e9ros imparfaits et contradictoires, homme \u00e0 la fois g\u00e9nial et terrible, divin et bien trop humain, devenu symbole, non seulement anti-imp\u00e9rialiste, mais de dignit\u00e9 pour les opprim\u00e9s et les colonis\u00e9s \u00bb.<\/em><\/p>\n<p>Aujourd\u2019hui, Diego Armando Maradona a 60 ans et, dans cet humble hommage, nous le saluons depuis notre f\u00e9minisme populaire et maradonien.<\/p>\n<p>Ce sera la premi\u00e8re \u2013 et la derni\u00e8re \u2013 note dans laquelle nous expliquerons nos sentiments et nos choix. Pour nous, le f\u00e9minisme est bien plus qu\u2019une cause ou un combat pour des droits sp\u00e9cifiques. Pour nous, le f\u00e9minisme est une fa\u00e7on de regarder, d\u2019aimer, de jouir et d\u2019habiter nos vies. Et nos vies ne sont rien d\u2019autre que des contradictions permanentes. C\u2019est pourquoi, dans les lignes qui suivent, nous consacrons quelques r\u00e9flexions \u00e0 ces sentiments, choix et contradictions afin de renforcer ce que nous sommes : f\u00e9ministes, populaires et \u00ab maradoniennes\u00a0\u00bb.<\/p>\n<p>Nous avons une m\u00e9moire et nous n\u2019oublions pas la violence qu\u2019il a exerc\u00e9e contre plusieurs femmes. Nous en sommes conscientes, nous savons que cette violence fait partie de la soci\u00e9t\u00e9 et nous nous battons pour un avenir dans lequel \u00eatre un homme ne signifie pas avoir des privil\u00e8ges ou exercer une quelconque violence contre le corps des femmes, dans lequel \u00eatre un homme n\u2019est pas une question de pouvoir ou de force physique.<\/p>\n<p>Mais au milieu de tout ce bruit qui \u00e9touffe la voix des pauvres, nous n\u2019oublions pas non plus que c\u2019est vers le Sud que Diego et son football se sont tourn\u00e9s. D\u00e8s sa naissance, il a \u00e9t\u00e9 marqu\u00e9 par cette \u00e9toile et a toujours su d\u2019o\u00f9 il venait et ce qu\u2019il visait. Sorti de la boue, il n\u2019a jamais oubli\u00e9 ses origines, forgeant sa conscience de classe dans tous ces lieux o\u00f9, avec les oubli\u00e9.e.s, il a perfectionn\u00e9 son art du ballon rond, transformant le football en sc\u00e8ne pour rendre visible l\u2019invisible.<\/p>\n<p>Quand nous parlons de Diego, nous parlons du\u00a0<em>peuple<\/em>,\u00a0celui qui l\u2019a toujours accompagn\u00e9, non seulement en raison de son jeu, mais aussi parce que les quartiers d\u00e9favoris\u00e9s se sentaient repr\u00e9sent\u00e9s par ses choix et sa r\u00e9bellion. Il a \u00e9galement \u00e9t\u00e9 capable de tourner le dos \u00e0 ce football de \u00ab\u00a0maquiladora\u00a0\u00bb, comme lorsqu\u2019il a quitt\u00e9 Barcelone pour apporter la gloire \u00e0 une \u00e9quipe du sud de l\u2019Italie, \u00e0 l\u2019immense Naples, et retirer leur h\u00e9g\u00e9monie aux riches clubs du nord, comme la puissante Juventus de Platini, ou le Milan de Berlusconi. Diego a tenu t\u00eate aux dominants et a port\u00e9 une voix collective.<\/p>\n<p>Il s\u2019est mobilis\u00e9 contre les manigances internationales de la FIFA et de la Conmebol parce qu\u2019il refusait de rentrer dans le jeu des puissants, pr\u00e9f\u00e9rant mettre sa position politique en avant. Le prix \u00e0 payer a \u00e9t\u00e9 \u00e9lev\u00e9, puisque ce sont ces m\u00eames puissants qui lui coup\u00e8rent les jambes lors de la Coupe du monde 1994, ce dont nous avons d\u2019ailleurs tous et toutes souffert.<\/p>\n<p>Cependant, Diego ne retint pas la le\u00e7on et r\u00e9affirma sa d\u00e9sob\u00e9issance en s\u2019opposant au blocus contre Cuba, en soutenant la r\u00e9volution bolivarienne au Venezuela, en jouant au football avec Evo et en d\u00e9fendant la paix en Colombie,\u00a0l\u00e0 o\u00f9 rares \u00e9taient ceux qui osaient lever la voix. De plus, depuis quelques ann\u00e9es, les joueurs multimillionnaires ne voient souvent plus la participation au sein de leur \u00e9quipe nationale comme une priorit\u00e9. Il y a trop d\u2019int\u00e9r\u00eats en jeu pour abandonner les matchs de leurs clubs. C\u2019est l\u00e0 que Diego revient avec une image du Mondial 1990 en Italie : pleurant devant les cam\u00e9ras la d\u00e9faite d\u2019une Coupe du monde\u00a0qu\u2019il a disput\u00e9e tout en \u00e9tant amoindri physiquement.<\/p>\n<p>Mais nous, les autrices de cet article, ne sommes pas les seules \u00e0 \u00eatre \u00ab\u00a0sorties du placard\u00a0\u00bb en exprimant notre amour pour Maradona. C\u2019est pourquoi nous ajoutons d\u2019autres voix \u00e0 la n\u00f4tre, qui nous aident \u00e0 regarder en face, \u00e0 mettre les contradictions sur la table, \u00e0 ne pas effacer notre pass\u00e9, notre \u00e9ducation et nos passions, qui tiennent en quelques mots.<\/p>\n<h2 class=\"has-text-align-center\"><span class=\"color\">\u00ab Il m\u2019est inconcevable de penser au monde sans Maradona comme il m\u2019est inconcevable de penser au monde sans f\u00e9minisme \u00bb<\/span><\/h2>\n<p>Monica Santino est une ancienne joueuse de football, membre de La Nuestra, de la Villa 31 :<\/p>\n<p>\u00ab\u00a0Je ne sais pas pourquoi il faut expliquer en permanence pourquoi on aime quelqu\u2019un. On aime quelqu\u2019un pour ce qu\u2019il fait, pour ce qu\u2019il repr\u00e9sente. Et tout ce qu\u2019il (Maradona) repr\u00e9sente va au-del\u00e0 du terrain de football et du jeu, car il \u00e9tait capable de transmettre une intensit\u00e9 d\u2019\u00e9motion rarement vue auparavant. C\u2019est cela que fait le football, c\u2019est cela qu\u2019il g\u00e9n\u00e8re, il vous fait embrasser quelqu\u2019un que vous ne connaissez pas quand votre \u00e9quipe marque un but. Le football vous fait profond\u00e9ment pleurer, il vous fait parfois \u00e9prouver une joie inconcevable ou excessive. Et Maradona, c\u2019est le football et Maradona, c\u2019est tout cela.<\/p>\n<p>Maradona est quelqu\u2019un qui n\u2019a jamais oubli\u00e9 d\u2019o\u00f9 il vient, quelles sont ses origines, ce dont il est fier. C\u2019est un point de proximit\u00e9 avec un mouvement social comme le f\u00e9minisme, qui cherche \u00e0 transformer le monde. Et, bien que parfois machiste, Maradona essaie lui aussi, \u00e0 sa mani\u00e8re, de transformer le monde. Nous avons donc plus de points communs que de points de discorde, et puis, bien s\u00fbr, il y a des contradictions, mais elles font partie de la vie et du jeu lui-m\u00eame.<\/p>\n<p>Pour moi, il est inconcevable de penser un monde sans Maradona comme il est inconcevable de penser un monde sans f\u00e9minisme. Ainsi, mettre en contradiction une chose avec l\u2019autre, comme si l\u2019on ne pouvait pas \u00eatre f\u00e9ministe et aimer Maradona, ce n\u2019est pas le f\u00e9minisme que j\u2019aime ou auquel je veux participer.\u00a0Ce n\u2019est pas le f\u00e9minisme que j\u2019utilise comme outil pour transformer ma propre vie et celle de ceux et celles qui m\u2019entourent. C\u2019est-\u00e0-dire, la qu\u00eate d\u2019un monde plus juste o\u00f9 il n\u2019y aurait plus d\u2019opprim\u00e9.e.s. Et Maradona a beaucoup \u00e0 voir avec cela.<\/p>\n<p>Je suis maradonienne, je suis f\u00e9ministe, je suis lesbienne, je suis de Buenos Aires et j\u2019aime ce pays tout entier. Je suis p\u00e9roniste et j\u2019ai ha\u00ef les dix ann\u00e9es de m\u00e9n\u00e9misme. Comme la plupart d\u2019entre nous, je suis tout cela \u00e0 la fois : une mer de contradictions qui nous rend vivant.e.s, non pas pour manger, dormir et regarder la t\u00e9l\u00e9vision, mais pour br\u00fbler\u00a0de tout changer, comme Diego l\u2019a fait pendant ses ann\u00e9es de joueur, et comme il le fait aujourd\u2019hui alors qu\u2019il f\u00eate son 60\u00e8me anniversaire.\u00a0\u00bb<\/p>\n<h2 class=\"has-text-align-center\"><span class=\"color\">\u00ab \u00catre f\u00e9ministe, est-ce devoir effacer nos histoires, nos parcours, ce qui nous faisait autrefois vibrer d\u2019\u00e9motion ? \u00bb<\/span><\/h2>\n<p>Ro Ferrer est communicante, illustratrice et dessinatrice de bandes dessin\u00e9es :<\/p>\n<p>\u00ab\u00a0Que serais-je sans le poing lev\u00e9 de Diego, le chagrin d\u2019amour, la construction d\u2019une mystique de l\u2019\u00e9quipe et du peuple\u2026 Sans le coeur battant la chamade sit\u00f4t que son pied touchait le ballon, quand les muscles de ses jambes se tendaient et qu\u2019elles commen\u00e7aient \u00e0 danser\u2026<\/p>\n<p>Je suis f\u00e9ministe et je vis avec de nombreuses contradictions, reconnaissant aussi les erreurs, les miennes et celles des autres.<\/p>\n<p>Il m\u2019a fait aimer le football. Il n\u2019est pas Dieu, c\u2019est un homme qui, outre la gloire, a connu et conna\u00eet encore des mis\u00e8res ; qui est n\u00e9 dans cette culture de merde qui vous \u00e9l\u00e8ve et vous \u00e9crase avec la m\u00eame force, qui enseigne aux hommes que nous sommes leur propri\u00e9t\u00e9 priv\u00e9e, qu\u2019ils ont tous les privil\u00e8ges et pas de responsabilit\u00e9s en dehors de celles \u00e9nonc\u00e9es depuis les sph\u00e8res du pouvoir.<\/p>\n<p>Je suis f\u00e9ministe et maradonienne, car quand je le vois, mon enfance vient m\u2019embrasser.\u00a0\u00bb<\/p>\n<h2 class=\"has-text-align-center\"><span class=\"color\">\u00ab D\u2019or et de boue \u00bb<\/span><\/h2>\n<p>Ayel\u00e9n Pujol est journaliste sportive\u00a0et joue au football :<\/p>\n<p>\u00ab\u00a0\u00c9videmment, je suis attir\u00e9e par son jeu, mais aussi par le fait qu\u2019il se tient toujours du c\u00f4t\u00e9 des opprim\u00e9.e.s. Quand je le voyais jouer et parler, je r\u00eavais d\u2019\u00eatre comme lui : tout casser sur le terrain, esp\u00e9rant jouer de cette fa\u00e7on avec mon pied gauche, et puis sortir du terrain et dire les choses qu\u2019il disait. C\u2019est un cr\u00e9ateur, il nous a invit\u00e9 \u00e0 r\u00e9fl\u00e9chir \u00e0 des mondes nouveaux et plus justes gr\u00e2ce au football. Bien s\u00fbr, il est d\u2019or mais aussi de boue.\u00a0\u00bb<\/p>\n<p>Et en cours de route, nous avons trouv\u00e9 un \u00e9crit qui nous a interpell\u00e9es et nous a donn\u00e9 envie de continuer \u00e0 r\u00e9fl\u00e9chir. Ainsi, nous ajoutons la note de Maia Moreira, du d\u00e9partement de genre du Club Lan\u00fas (dont elle est supportrice),\u00a0<a href=\"http:\/\/siemprelapelotaal10.blogspot.com\/2020\/10\/maradoneana-y-feminista-el-orden-de-los.html\">\u00ab Maradonienne et f\u00e9ministe : l\u2019ordre des facteurs ne modifie pas le produit \u00bb<\/a>, sur le blog\u00a0<em>La pelota siempre al 10<\/em>, o\u00f9 elle nous dit, entre autres choses :<\/p>\n<p>\u00ab\u00a0Il y a autant de f\u00e9minismes que de f\u00e9ministes, c\u2019est pourquoi j\u2019aime d\u00e9finir le f\u00e9minisme que je porte \u00e0 partir de quelques questions que je consid\u00e8re comme fondamentales. L\u2019une d\u2019entre elles consiste \u00e0 d\u00e9molir cet axiome qui marque absurdement l\u2019antinomie entre le fait d\u2019\u00eatre \u00e0 la fois f\u00e9ministe et maradonienne.<\/p>\n<p>Comme tant d\u2019autres, je construis ma vie autour de mes go\u00fbts. Je me r\u00e9jouis en pensant que \u2013 comme je l\u2019ai appris avec Diego et avec le f\u00e9minisme \u2013 cette existence croise les sentiments de milliers de compagnon.ne.s qui souhaitent \u00e9galement voir advenir une r\u00e9alit\u00e9 plus d\u00e9sirable, plus juste, un monde plus \u00e9galitaire. Pour moi, le militantisme f\u00e9ministe a beaucoup \u00e0 voir avec cet esprit d\u2019\u00e9quipe que je trouve toujours latent chez Diego, malgr\u00e9 le passage du temps. Je pense que Maradona est toujours pr\u00e9sent dans ce m\u00e9lange qui m\u00eale le populaire et le savant\u00a0et que ce n\u2019est pas un hasard s\u2019il a offert \u00e0 beaucoup d\u2019entre nous l\u2019excuse parfaite : le football. Une excuse dont nous nous servons \u00e9galement comme d\u2019un outil pour faire de ce monde d\u2019\u00e9galit\u00e9, une r\u00e9alit\u00e9.<\/p>\n<p>En tant que f\u00e9ministe, je ne veux pas que nous oubliions d\u2019o\u00f9 nous venons, je veux que nous sachions et que nous acceptions que nous sommes diff\u00e9rentes, que nous sommes bless\u00e9es par l\u2019injustice, et que nous jouons en \u00e9quipe.\u00a0Et je sens profond\u00e9ment que Diego repr\u00e9sente aussi cela, malgr\u00e9 ses failles \u2013 tout comme moi, malgr\u00e9 les miennes.<\/p>\n<p><em>Pelusa<\/em>\u00a0[\u201cla peluche\u201d, surnom donn\u00e9 \u00e0 Maradona \u00e0 cause de sa touffe de cheveux] parle depuis ses origines boueuses, il a accept\u00e9 son nouveau monde sans jamais cesser de le remettre en question quand il l\u2019estimait injuste.\u00a0Et il forme encore \u2013 \u00e9ternellement, esp\u00e9rons-le \u2013 une \u00e9quipe, il nous donne de la joie. Diego est la rencontre, il est le n\u00e9ant et la gloire que nous chante Patricio Rey,\u00a0<em>il est le peuple.\u00a0<\/em>\u00bb<\/p>\n<p>Nous nous retirons ici, souhaitant encore un bon anniversaire \u00e0 celui pour qui nous avons pri\u00e9, allumant des bougies ou accomplissant nos rituels, quand sa vie partait en fum\u00e9e alors que, partout, des milliers de personnes attendaient et pleuraient. Nous nous retirons et continuons \u00e0 r\u00e9fl\u00e9chir et \u00e0 nous interroger : nous faisons des erreurs, parfois nous les payons, parfois non. Un peu comme Diego Maradona, qui assume lui-m\u00eame la responsabilit\u00e9 de ses erreurs.<\/p>\n<p>Nous partageons ces id\u00e9es parce que notre f\u00e9minisme est construit sur la boue et la contradiction, sur la collectivit\u00e9 et la c\u00e9l\u00e9bration, sur les larmes et la douleur quotidienne de l\u2019injustice. Tous les jours, nous voulons la transformer, et en attendant nous crions au but et nous nous embrassons les un.e.s les autres.<\/p>\n<div class=\"wp-block-spacer\" aria-hidden=\"true\"><\/div>\n<p><em>Nadia Fink, Lisbeth Monta\u00f1a et Camila Parodi<\/em><\/p>\n<p><em>Article initialement publi\u00e9 en espagnol sur le site\u00a0<a href=\"https:\/\/www.marcha.org.ar\/por-que-queremos-tanto-al-diego-si-somos-feministas\/?fbclid=IwAR1YiAgqm62xNTSfBLkoozGgLOpI_Eqn5vTdjSF1e3zhxCOEFVvrU9HJ5xI\">marcha.org<\/a><\/em><\/p>\n<div class=\"wp-block-spacer\" aria-hidden=\"true\"><a href=\"https:\/\/acta.zone\/pouvons-nous-etre-feministes-et-aimer-maradona\/?fbclid=IwAR1IqkS1Hd8cFCggHBZae0SVXYLtAFCdqit0ybVnXk2ZSSjX0sy-DozlyoU\">Source\u00a0<\/a><\/div>\n<div class=\"wp-block-image\">\n<figure class=\"aligncenter size-large\"><img decoding=\"async\" class=\"wp-image-6570 aligncenter\" src=\"https:\/\/acta.zone\/wp-content\/uploads\/2020\/11\/maradona-boue.jpg\" sizes=\"(max-width: 1024px) 100vw, 1024px\" srcset=\"https:\/\/acta.zone\/wp-content\/uploads\/2020\/11\/maradona-boue.jpg 1024w, https:\/\/acta.zone\/wp-content\/uploads\/2020\/11\/maradona-boue-300x225.jpg 300w, https:\/\/acta.zone\/wp-content\/uploads\/2020\/11\/maradona-boue-768x576.jpg 768w\" alt=\"Pouvons-nous \u00eatre f\u00e9ministes et aimer Maradona ?\" width=\"1024\" height=\"768\" \/><\/figure>\n<\/div>\n","protected":false},"excerpt":{"rendered":"<p>Mercredi 25 novembre mourait Diego Maradona, l\u00e9gende du football mondial \u00e0 laquelle des millions de personnes se sont identifi\u00e9es tout au long de sa vie, des faubourgs de Buenos Aires aux quartiers populaires de l\u2019Italie m\u00e9ridionale. Nous avions\u00a0rendu hommage\u00a0\u00e0 celui qui, anim\u00e9 par une imp\u00e9rissable loyaut\u00e9 de classe, n\u2019a cess\u00e9 de prendre position pour la &#8230; <a title=\"POUVONS-NOUS \u00caTRE F\u00c9MINISTES ET AIMER MARADONA ?\" class=\"read-more\" href=\"https:\/\/bruxelles-pantheres.be\/?p=4625\" aria-label=\"En savoir plus sur POUVONS-NOUS \u00caTRE F\u00c9MINISTES ET AIMER MARADONA ?\">Lire la suite<\/a><\/p>\n","protected":false},"author":1,"featured_media":4626,"comment_status":"open","ping_status":"open","sticky":false,"template":"","format":"standard","meta":{"footnotes":""},"categories":[35,21],"tags":[251,446],"class_list":["post-4625","post","type-post","status-publish","format-standard","has-post-thumbnail","hentry","category-amerique-du-sud","category-anti-imperialisme","tag-feminisme-decolonial","tag-maradona"],"_links":{"self":[{"href":"https:\/\/bruxelles-pantheres.be\/index.php?rest_route=\/wp\/v2\/posts\/4625","targetHints":{"allow":["GET"]}}],"collection":[{"href":"https:\/\/bruxelles-pantheres.be\/index.php?rest_route=\/wp\/v2\/posts"}],"about":[{"href":"https:\/\/bruxelles-pantheres.be\/index.php?rest_route=\/wp\/v2\/types\/post"}],"author":[{"embeddable":true,"href":"https:\/\/bruxelles-pantheres.be\/index.php?rest_route=\/wp\/v2\/users\/1"}],"replies":[{"embeddable":true,"href":"https:\/\/bruxelles-pantheres.be\/index.php?rest_route=%2Fwp%2Fv2%2Fcomments&post=4625"}],"version-history":[{"count":1,"href":"https:\/\/bruxelles-pantheres.be\/index.php?rest_route=\/wp\/v2\/posts\/4625\/revisions"}],"predecessor-version":[{"id":4627,"href":"https:\/\/bruxelles-pantheres.be\/index.php?rest_route=\/wp\/v2\/posts\/4625\/revisions\/4627"}],"wp:featuredmedia":[{"embeddable":true,"href":"https:\/\/bruxelles-pantheres.be\/index.php?rest_route=\/wp\/v2\/media\/4626"}],"wp:attachment":[{"href":"https:\/\/bruxelles-pantheres.be\/index.php?rest_route=%2Fwp%2Fv2%2Fmedia&parent=4625"}],"wp:term":[{"taxonomy":"category","embeddable":true,"href":"https:\/\/bruxelles-pantheres.be\/index.php?rest_route=%2Fwp%2Fv2%2Fcategories&post=4625"},{"taxonomy":"post_tag","embeddable":true,"href":"https:\/\/bruxelles-pantheres.be\/index.php?rest_route=%2Fwp%2Fv2%2Ftags&post=4625"}],"curies":[{"name":"wp","href":"https:\/\/api.w.org\/{rel}","templated":true}]}}