{"id":4628,"date":"2020-11-26T23:38:51","date_gmt":"2020-11-26T22:38:51","guid":{"rendered":"https:\/\/bruxelles-pantheres.be\/?p=4628"},"modified":"2020-11-29T17:43:10","modified_gmt":"2020-11-29T16:43:10","slug":"diego-lanti-imperialiste","status":"publish","type":"post","link":"https:\/\/bruxelles-pantheres.be\/?p=4628","title":{"rendered":"DIEGO L\u2019ANTI-IMP\u00c9RIALISTE"},"content":{"rendered":"<blockquote class=\"wp-block-quote\">\n<p style=\"text-align: left;\">\u00ab S\u2019il n\u2019avait pas \u00e9t\u00e9 footballeur, il serait devenu r\u00e9volutionnaire \u00bb<\/p>\n<p><cite>Emir Kusturica<\/cite><\/p><\/blockquote>\n<div class=\"wp-block-spacer\" style=\"text-align: left;\" aria-hidden=\"true\"><\/div>\n<blockquote class=\"wp-block-quote\">\n<p style=\"text-align: left;\">\u00ab Ils d\u00e9fendent tous les \u00c9tats-Unis, moi c\u2019est Cuba \u00bb<\/p>\n<p><cite>Diego Maradona<\/cite><\/p><\/blockquote>\n<div class=\"wp-block-spacer\" aria-hidden=\"true\"><\/div>\n<p>Diego Armando Maradona est d\u00e9c\u00e9d\u00e9 un 25 novembre, quatre ans jour pour jour apr\u00e8s Fidel Castro, dont il s\u2019\u00e9tait fait tatouer l\u2019effigie sur son mollet gauche et qu\u2019il consid\u00e9rait comme son\u00a0<em>\u00ab second p\u00e8re \u00bb<\/em>. Champion du monde avec l\u2019Argentine en 1986, Maradona a marqu\u00e9 l\u2019histoire de son sport, dont il restera l\u2019une des plus l\u00e9gendaires incarnations.<\/p>\n<p>Mais lui qui avait grandi\u00a0\u00e0 Villa Fiorito, bidonville surpeupl\u00e9 et insalubre dans la banlieue sud de Buenos Aires, qui d\u00e8s son plus jeune \u00e2ge choisit Boca Juniors, le club populaire de la capitale argentine, contre son rival des quartiers riches River Plate, n\u2019a jamais oubli\u00e9 ses origines prol\u00e9taires. Et s\u2019il est un fil rouge qui traverse les diff\u00e9rentes \u00e9tapes de sa vie, de la gloire footballistique aux d\u00e9boires judiciaires en passant par sa d\u00e9pendance \u00e0 la coca\u00efne, c\u2019est bien une sensibilit\u00e9 anti-imp\u00e9rialiste dont il ne s\u2019est jamais cach\u00e9.<\/p>\n<p>Un match r\u00e9sume \u00e0 lui seul la carri\u00e8re de Maradona. Les images de sa performance lors du quart de finale de la coupe du monde 1986 au Mexique entre l\u2019Argentine et l\u2019Angleterre, ponctu\u00e9e par deux buts d\u2019anthologie, resteront grav\u00e9es dans la m\u00e9moire de tous les amoureux du ballon rond.<!--more--><\/p>\n<p style=\"text-align: center;\"><iframe src=\"https:\/\/www.youtube.com\/embed\/O8G9ytZg-bM\" width=\"560\" height=\"315\" frameborder=\"0\" allowfullscreen=\"allowfullscreen\"><\/iframe><\/p>\n<p>Cette rencontre se d\u00e9roule alors que le souvenir douloureux de la guerre des Malouines opposant les deux pays est encore dans tous les esprits. Maradona raconte ainsi \u00e0 Emir Kusturica, dans le film que le r\u00e9alisateur yougoslave lui a consacr\u00e9 en 2008<span id=\"easy-footnote-1-6509\" class=\"easy-footnote-margin-adjust\"><\/span><span class=\"easy-footnote\"><a style=\"box-sizing: border-box; background-color: transparent; color: #ff3c36 !important; text-decoration: none; padding-top: 50px;\" title=\"\" href=\"https:\/\/acta.zone\/diego-lanti-imperialiste\/#easy-footnote-bottom-1-6509\" data-hasqtip=\"0\" aria-describedby=\"qtip-0\"><sup>1<\/sup><\/a><\/span>\u00a0:\u00a0<em>\u00ab Nous, les joueurs, on repr\u00e9sentait nos morts. Ce sont des Argentins qui les ont envoy\u00e9s \u00e0 la mort. Les Anglais n\u2019ont pas appuy\u00e9 sur un bouton pour les tuer d\u2019un coup. Notre objectif \u00e0 nous, c\u2019\u00e9tait d\u2019entrer sur le terrain et de jouer au ballon tout en ayant conscience que si on sortait l\u2019Angleterre, on\u00a0gagnait\u00a0la guerre du football. Voil\u00e0 o\u00f9 on a puis\u00e9 notre \u00e9nergie. Quand j\u2019ai cri\u00e9 apr\u00e8s le but [marqu\u00e9 de la main] j\u2019avais l\u2019impression d\u2019avoir vol\u00e9 un portefeuille aux Anglais. \u00bb<\/em><\/p>\n<p>Dans cette comparaison malicieuse se lit \u00e0 la fois l\u2019essence d\u2019une tradition populaire du football argentin dont Maradona \u00e9tait l\u2019arch\u00e9type<span id=\"easy-footnote-2-6509\" class=\"easy-footnote-margin-adjust\"><\/span><span class=\"easy-footnote\"><a style=\"box-sizing: border-box; background-color: transparent; color: #ff3c36 !important; text-decoration: none; padding-top: 50px;\" title=\"\" href=\"https:\/\/acta.zone\/diego-lanti-imperialiste\/#easy-footnote-bottom-2-6509\" data-hasqtip=\"1\" aria-describedby=\"qtip-1\"><sup>2<\/sup><\/a><\/span>, fond\u00e9e sur le dribble, la feinte, l\u2019\u00e9vitement et une certaine dose de roublardise, beaucoup plus que sur la domination physique ou la force brute \u2013 mais aussi le pied-de-nez symbolique de tout un peuple qui, l\u2019espace de 90 minutes, met l\u2019Angleterre imp\u00e9riale \u00e0 genoux.<\/p>\n<div class=\"wp-block-spacer\" aria-hidden=\"true\"><\/div>\n<div class=\"wp-block-image\">\n<figure class=\"aligncenter size-large\"><img decoding=\"async\" class=\"wp-image-6514 aligncenter\" src=\"https:\/\/acta.zone\/wp-content\/uploads\/2020\/11\/image.jpg\" sizes=\"(max-width: 885px) 100vw, 885px\" srcset=\"https:\/\/acta.zone\/wp-content\/uploads\/2020\/11\/image.jpg 885w, https:\/\/acta.zone\/wp-content\/uploads\/2020\/11\/image-300x169.jpg 300w, https:\/\/acta.zone\/wp-content\/uploads\/2020\/11\/image-768x434.jpg 768w\" alt=\"Diego l'anti-imp\u00e9rialiste\" width=\"885\" height=\"500\" \/><\/figure>\n<\/div>\n<div class=\"wp-block-spacer\" aria-hidden=\"true\"><\/div>\n<p>Kusturica ajoute :\u00a0<em>\u00ab C\u2019est un miracle si la plan\u00e8te terre n\u2019est pas tomb\u00e9e de son axe le jour o\u00f9 plus d\u2019un milliard de personnes ont saut\u00e9 de joie \u00e0 l\u2019unisson pour f\u00eater le but de Maradona contre l\u2019Angleterre en quarts de finale de la Coupe du Monde.\u00a0La terre a poursuivi sa rotation imperturbable autour du soleil, car ce saut \u00e9tait un saut pour la justice. Dieu lui-m\u00eame s\u2019est invit\u00e9 ce jour-l\u00e0 : le premier but contre les Anglais a \u00e9t\u00e9 marqu\u00e9 de la main, m\u00eame s\u2019il s\u2019agissait d\u2019une comp\u00e9tition de football. C\u2019\u00e9tait l\u2019un des rares moments o\u00f9 un\u00a0pays lourdement endett\u00e9 aupr\u00e8s du FMI a triomph\u00e9 face \u00e0 l\u2019une des plus grandes puissances. \u00bb<\/em><\/p>\n<p style=\"text-align: center;\">\n<iframe src=\"https:\/\/www.youtube.com\/embed\/cX7-7ovbUT4\" width=\"560\" height=\"315\" frameborder=\"0\" allowfullscreen=\"allowfullscreen\"><\/iframe><\/p>\n<p>C\u2019est un m\u00eame sentiment de revanche inesp\u00e9r\u00e9e qui impr\u00e8gne des millions de napolitains lorsqu\u2019ils voient Maradona d\u00e9barquer dans leur modeste club au milieu des ann\u00e9es 1980.\u00a0<em>\u00ab Avec ses courtes pattes, son torse bomb\u00e9, sa gueule de voyou et son diam dans l\u2019oreille, Diego \u00e9tait devenu pour nous un vrai Napolitain. [\u2026] Son sale caract\u00e8re, capricieux, indisciplin\u00e9, tout cela faisait de lui un vrai fils l\u00e9gitime de la cit\u00e9 \u00bb<\/em>, \u00e9crit\u00a0<em>L\u2019Espresso<\/em>. Maradona arrive en Italie aur\u00e9ol\u00e9 d\u2019un statut de divinit\u00e9 footballistique, cependant que le peuple m\u00e9ridional ne cesse jamais de s\u2019identifier \u00e0 lui, le\u00a0<em>pibe de oro<\/em>, le \u00ab gamin en or \u00bb, aussi talentueux qu\u2019exub\u00e9rant<span id=\"easy-footnote-3-6509\" class=\"easy-footnote-margin-adjust\"><\/span><span class=\"easy-footnote\"><a style=\"box-sizing: border-box; background-color: transparent; color: #ff3c36 !important; text-decoration: none; padding-top: 50px;\" title=\"\" href=\"https:\/\/acta.zone\/diego-lanti-imperialiste\/#easy-footnote-bottom-3-6509\" data-hasqtip=\"2\" aria-describedby=\"qtip-2\"><sup>3<\/sup><\/a><\/span>. Car\u00a0<a href=\"https:\/\/www.pasionfutbol.com\/fueradejuego\/Era-un-dios-sucio-pecador-el-mas-humano-versos-de-Galeano-a-Maradona-20201125-0055.html\">comme l\u2019explique Eduardo Galeano<\/a>, si Maradona \u00e9tait un dieu vivant il \u00e9tait aussi\u00a0<em>\u00ab devenu une sorte de Dieu sale, le plus humain des dieux, ce qui explique la v\u00e9n\u00e9ration universelle qu\u2019il a conquise plus que tout autre joueur. Un Dieu sale, qui nous ressemble : coureur de jupons, bavard, ivrogne, avaleur, irresponsable, menteur, vantard. [\u2026] Nous nous sommes reconnus en lui pour ses vertus, mais aussi pour ses d\u00e9fauts. \u00bb<\/em><\/p>\n<div class=\"wp-block-spacer\" aria-hidden=\"true\"><\/div>\n<div class=\"wp-block-image\">\n<figure class=\"aligncenter size-large\"><img decoding=\"async\" class=\"wp-image-6513 aligncenter\" src=\"https:\/\/acta.zone\/wp-content\/uploads\/2020\/11\/Maradona-al-San-Paolo.png\" sizes=\"(max-width: 748px) 100vw, 748px\" srcset=\"https:\/\/acta.zone\/wp-content\/uploads\/2020\/11\/Maradona-al-San-Paolo.png 748w, https:\/\/acta.zone\/wp-content\/uploads\/2020\/11\/Maradona-al-San-Paolo-300x178.png 300w\" alt=\"Diego l'anti-imp\u00e9rialiste\" width=\"748\" height=\"443\" \/><\/figure>\n<\/div>\n<div class=\"wp-block-spacer\" aria-hidden=\"true\"><\/div>\n<p>Portant \u00e0 bouts de bras un club qui jusqu\u2019alors n\u2019avait rien gagn\u00e9, Maradona offre \u00e0 Naples deux titres de champion d\u2019Italie.\u00a0<em>\u00ab Alors que le SSC Napoli \u00e9tait habitu\u00e9 aux menaces de rel\u00e9gation et aux classements de bas de tableau, Maradona\u00a0redonne sa fiert\u00e9 \u00e0 l\u2019ancienne capitale de l\u2019Italie m\u00e9ridionale, une revanche symbolique des\u00a0<\/em>terroni<em>\u00a0(les culs-terreux) du Sud d\u00e9sh\u00e9rit\u00e9 et stigmatis\u00e9 sur l\u2019Italie du Nord industrielle et hautaine \u00bb<\/em>,\u00a0<a href=\"https:\/\/cqfd-journal.org\/Maradona-Dieu-et-le-diable\">explique Micka\u00ebl Correia<\/a>.<\/p>\n<p>Maradona lui-m\u00eame avait conscience de cette vengeance sociale rendue possible par le football et dont il \u00e9tait le catalyseur :\u00a0<em>\u00ab Les gens pensaient que le Sud ne pouvait pas gagner contre le Nord. Impossible. On s\u2019est d\u00e9plac\u00e9 pour aller jouer contre la Juve \u00e0 Turin et on leur en a mis six. Tu te rends compte une \u00e9quipe du Sud qui met six buts \u00e0 l\u2019Avocat Agnelli<\/em><span id=\"easy-footnote-4-6509\" class=\"easy-footnote-margin-adjust\"><\/span><span class=\"easy-footnote\"><a title=\"\" href=\"https:\/\/acta.zone\/diego-lanti-imperialiste\/#easy-footnote-bottom-4-6509\" data-hasqtip=\"3\" aria-describedby=\"qtip-3\"><sup>4<\/sup><\/a><\/span><em>\u00a0? \u00bb<\/em><\/p>\n<div class=\"wp-block-spacer\" aria-hidden=\"true\"><\/div>\n<div class=\"wp-block-image\">\n<figure class=\"aligncenter size-large\"><img decoding=\"async\" class=\"wp-image-6510 aligncenter\" src=\"https:\/\/acta.zone\/wp-content\/uploads\/2020\/11\/1349750-file-photo-argentine-legend-maradona-meeting-with-fidel-castro.jpg\" sizes=\"(max-width: 960px) 100vw, 960px\" srcset=\"https:\/\/acta.zone\/wp-content\/uploads\/2020\/11\/1349750-file-photo-argentine-legend-maradona-meeting-with-fidel-castro.jpg 960w, https:\/\/acta.zone\/wp-content\/uploads\/2020\/11\/1349750-file-photo-argentine-legend-maradona-meeting-with-fidel-castro-300x213.jpg 300w, https:\/\/acta.zone\/wp-content\/uploads\/2020\/11\/1349750-file-photo-argentine-legend-maradona-meeting-with-fidel-castro-768x545.jpg 768w\" alt=\"Diego l'anti-imp\u00e9rialiste\" width=\"960\" height=\"681\" \/><\/figure>\n<\/div>\n<div class=\"wp-block-spacer\" aria-hidden=\"true\"><\/div>\n<p>En 1987, un an apr\u00e8s sa coupe du monde triomphale et en pleine gloire napolitaine, c\u2019est donc un Maradona au sommet de sa c\u00e9l\u00e9brit\u00e9 qui rencontre Fidel Castro lors d\u2019un voyage \u00e0 Cuba. Lui qui revendique s\u2019\u00eatre pris de passion pour la r\u00e9volution cubaine \u00e0 travers les \u00e9crits du Che (dont il a le visage tatou\u00e9 sur le biceps) voue depuis cette entrevue une admiration sans limite pour Castro :\u00a0<em>\u00ab Les politiciens de ce monde acc\u00e8dent au pouvoir avec le fric. Lui, c\u2019est avec le fusil \u00bb<\/em>. Cette amiti\u00e9 se traduira par de nombreux s\u00e9jours sur l\u2019\u00eele, notamment pour soigner son addiction \u00e0 la coca\u00efne. Maradona sera \u00e9galement pr\u00e9sent \u00e0 La Havane lors des fun\u00e9railles du \u00ab l\u00edder m\u00e1ximo \u00bb, en 2016.<\/p>\n<p>De mani\u00e8re g\u00e9n\u00e9rale Maradona n\u2019a cess\u00e9 de militer pour l\u2019ind\u00e9pendance des peuples sud-am\u00e9ricains et de fustiger les pr\u00e9tentions h\u00e9g\u00e9monistes de l\u2019imp\u00e9rialisme US<span id=\"easy-footnote-5-6509\" class=\"easy-footnote-margin-adjust\"><\/span><span class=\"easy-footnote\"><a style=\"box-sizing: border-box; background-color: transparent; color: #ff3c36 !important; text-decoration: none; padding-top: 50px;\" title=\"\" href=\"https:\/\/acta.zone\/diego-lanti-imperialiste\/#easy-footnote-bottom-5-6509\" data-hasqtip=\"4\" aria-describedby=\"qtip-4\"><sup>5<\/sup><\/a><\/span>. Cette ann\u00e9e encore, lors d\u2019une conf\u00e9rence de presse apr\u00e8s un match de l\u2019\u00e9quipe mexicaine des Dorados de Sinaloa dont il \u00e9tait l\u2019entra\u00eeneur, il affirmait \u00e0 propos des pressions exerc\u00e9es sur le Venezuela par l\u2019administration Trump :\u00a0<em>\u00ab Les sh\u00e9rifs de la plan\u00e8te que sont ces Yankees croient qu\u2019ils peuvent nous pi\u00e9tiner parce qu\u2019ils ont la bombe la plus puissante du monde. Mais non, pas nous. Leur tyran de pr\u00e9sident ne peut pas nous acheter. \u00bb<\/em><\/p>\n<div class=\"wp-block-spacer\" aria-hidden=\"true\"><\/div>\n<div class=\"wp-block-image\">\n<figure class=\"aligncenter size-large\"><img decoding=\"async\" class=\"wp-image-6525 aligncenter\" src=\"https:\/\/acta.zone\/wp-content\/uploads\/2020\/11\/maradona-2.jpg\" sizes=\"(max-width: 924px) 100vw, 924px\" srcset=\"https:\/\/acta.zone\/wp-content\/uploads\/2020\/11\/maradona-2.jpg 924w, https:\/\/acta.zone\/wp-content\/uploads\/2020\/11\/maradona-2-300x245.jpg 300w, https:\/\/acta.zone\/wp-content\/uploads\/2020\/11\/maradona-2-768x628.jpg 768w\" alt=\"Diego l'anti-imp\u00e9rialiste\" width=\"924\" height=\"756\" \/><\/figure>\n<\/div>\n<div class=\"wp-block-spacer\" aria-hidden=\"true\"><\/div>\n<p>Invit\u00e9 du \u00ab sommet des peuples \u00bb organis\u00e9 en 2005 \u00e0 Mar del Plata (Argentine)\u00a0<a href=\"https:\/\/www.youtube.com\/watch?v=vdhRVtihJV8\" data-rel=\"lightbox-video-0\">il s\u2019y \u00e9tait affich\u00e9 aux c\u00f4t\u00e9s d\u2019Hugo Chavez<\/a>\u00a0et d\u2019Evo Morales lors d\u2019un meeting d\u2019opposition au projet de zone de libre-\u00e9change r\u00e9gionale promu par Washington :\u00a0<em>\u00ab Je suis fier, en tant qu\u2019Argentin, de pouvoir exprimer mon rejet \u00e0 l\u2019\u00e9gard de cette poubelle humaine que repr\u00e9sente Bush. Je veux que tous les Argentins comprennent que nous luttons pour la dignit\u00e9. \u00bb<\/em><\/p>\n<p>\u00c0 la disparition de Chavez en 2013, il lui rend hommage, d\u00e9clarant que ce dernier avait\u00a0<em>\u00ab chang\u00e9 la mani\u00e8re de penser des Latino-Am\u00e9ricains qui [s\u2019\u00e9taient] soumis leur vie enti\u00e8re aux \u00c9tats-Unis \u00bb<\/em>. Se disant\u00a0<em>\u00ab chaviste jusqu\u2019\u00e0 la mort \u00bb<\/em>, il a fait l\u2019objet d\u2019une proc\u00e9dure disciplinaire de la F\u00e9d\u00e9ration mexicaine pour manquement \u00e0 la\u00a0<em>\u00ab neutralit\u00e9 politique et religieuse \u00bb<\/em>, apr\u00e8s avoir d\u00e9di\u00e9 en mars 2020 une victoire de son club\u00a0<em>\u00ab \u00e0 Nicolas Maduro et \u00e0 tout le Venezuela qui souffre \u00bb<\/em>.<\/p>\n<div class=\"wp-block-spacer\" aria-hidden=\"true\"><\/div>\n<div class=\"wp-block-image\">\n<figure class=\"aligncenter size-large\"><img decoding=\"async\" class=\"wp-image-6511 aligncenter\" src=\"https:\/\/acta.zone\/wp-content\/uploads\/2020\/11\/98658652_mediaitem98658651.jpg\" sizes=\"(max-width: 976px) 100vw, 976px\" srcset=\"https:\/\/acta.zone\/wp-content\/uploads\/2020\/11\/98658652_mediaitem98658651.jpg 976w, https:\/\/acta.zone\/wp-content\/uploads\/2020\/11\/98658652_mediaitem98658651-300x169.jpg 300w, https:\/\/acta.zone\/wp-content\/uploads\/2020\/11\/98658652_mediaitem98658651-768x432.jpg 768w\" alt=\"Diego l'anti-imp\u00e9rialiste\" width=\"976\" height=\"549\" \/><\/figure>\n<\/div>\n<div class=\"wp-block-spacer\" aria-hidden=\"true\"><\/div>\n<p>Maradona n\u2019a pas h\u00e9sit\u00e9 non plus \u00e0\u00a0<a href=\"https:\/\/www.aljazeera.com\/news\/2020\/11\/26\/in-my-heart-i-am-palestinian-maradona-backed-palestine-cause\">exprimer son soutien<\/a>\u00a0envers la lutte de lib\u00e9ration du peuple palestinien. Au pr\u00e9sident de l\u2019Autorit\u00e9 palestinienne Mahmoud Abbas, qu\u2019il rencontre \u00e0 l\u2019occasion de la finale du Mondial de football en Russie, \u00e0 l\u2019\u00e9t\u00e9 2018, il confie ainsi :\u00a0<em>\u00ab Dans mon c\u0153ur, je suis palestinien \u00bb<\/em>. Et lorsqu\u2019un d\u00e9luge de feu s\u2019abat sur Gaza au cours de la guerre d\u2019agression lanc\u00e9e par Tel-Aviv en juillet-ao\u00fbt 2014 (plus de 2 200 morts, dont 75 % de civils), il d\u00e9nonce les massacres :\u00a0<em>\u00ab Ce qu\u2019Isra\u00ebl fait aux Palestiniens est honteux \u00bb<\/em>.<\/p>\n<p>Sa d\u00e9fense des peuples opprim\u00e9s est \u00e9galement all\u00e9e de pair avec un combat pour la justice sociale au sein de son propre pays. Ainsi, en 2016, Maradona\u00a0<a href=\"https:\/\/www.eluniverso.com\/noticias\/2016\/07\/08\/nota\/5679015\/diego-maradona-critica-gobierno-mauricio-macri-mi-pais-esta\">a pris la parole<\/a>\u00a0pour critiquer les politiques n\u00e9o-lib\u00e9rales du pr\u00e9sident argentin Mauricio Macri, synonymes de\u00a0<a href=\"https:\/\/www.rfi.fr\/fr\/ameriques\/20160317-argentine-macri-rue-contre-licenciements-massifs\">licenciements de masse<\/a>\u00a0et d\u2019aggravation de la pauvret\u00e9.\u00a0<em>\u00ab Dans mon\u00a0pays, les\u00a0hommes politiques sont riches, mais ils ne donnent rien \u00bb<\/em>, disait-il d\u00e9j\u00e0 \u00e0 Kusturica. Lorsque Macri est battu en 2019, Maradona\u00a0<a href=\"https:\/\/www.voanoticias.com\/america-latina\/presidente-argentino-alberto-fernandez-maradona-gobierno\">ne cache pas son enthousiasme<\/a>\u00a0:\u00a0<em>\u00ab le n\u00e9o-lib\u00e9ralisme, plus jamais ! \u00bb<\/em><\/p>\n<div class=\"wp-block-spacer\" aria-hidden=\"true\"><\/div>\n<div class=\"wp-block-image\">\n<figure class=\"aligncenter size-large\"><img decoding=\"async\" class=\"wp-image-6532 aligncenter\" src=\"https:\/\/acta.zone\/wp-content\/uploads\/2020\/11\/e628a.jpg\" sizes=\"(max-width: 944px) 100vw, 944px\" srcset=\"https:\/\/acta.zone\/wp-content\/uploads\/2020\/11\/e628a.jpg 944w, https:\/\/acta.zone\/wp-content\/uploads\/2020\/11\/e628a-300x200.jpg 300w, https:\/\/acta.zone\/wp-content\/uploads\/2020\/11\/e628a-768x512.jpg 768w\" alt=\"Diego l'anti-imp\u00e9rialiste\" width=\"944\" height=\"629\" \/><\/figure>\n<\/div>\n<div class=\"wp-block-spacer\" aria-hidden=\"true\"><\/div>\n<p>Tout au long de sa carri\u00e8re, que ce soit sous le maillot de la s\u00e9lection nationale lorsqu\u2019il affrontait l\u2019Angleterre ou sous celui du club napolitain face aux \u00e9quipes du Nord de l\u2019Italie, Maradona a symbolis\u00e9 pour des millions de personnes la promesse d\u2019un rachat de l\u2019humiliation sociale \u00e0 travers le football. En dehors du terrain, ses prises de position, loin de ne constituer qu\u2019une collection \u00e9parse de d\u00e9clarations \u00e0 l\u2019emporte-pi\u00e8ce, dessinaient au contraire une coh\u00e9rence anti-imp\u00e9rialiste et un attachement visc\u00e9ral au socialisme latino-am\u00e9ricain. Ce sont ces prises de position qui ont toujours g\u00ean\u00e9 et que d\u2019aucuns aimeraient oublier aujourd\u2019hui<span id=\"easy-footnote-6-6509\" class=\"easy-footnote-margin-adjust\"><\/span><span class=\"easy-footnote\"><a style=\"box-sizing: border-box; background-color: transparent; color: #ff3c36 !important; text-decoration: none; padding-top: 50px;\" title=\"\" href=\"https:\/\/acta.zone\/diego-lanti-imperialiste\/#easy-footnote-bottom-6-6509\" data-hasqtip=\"5\" aria-describedby=\"qtip-5\"><sup>6<\/sup><\/a><\/span>. Dans un monde o\u00f9 le double-tranchant des b\u00e9n\u00e9fices d\u2019une carri\u00e8re de sportif contraint \u00e0 la recherche de l\u2019image la plus lisse et conformiste possible, la figure \u00e0 la fois romanesque et irr\u00e9cup\u00e9rable de Maradona restera comme l\u2019exemple peut-\u00eatre unique d\u2019une vedette plan\u00e9taire du football ayant incarn\u00e9 jusqu\u2019au bout les racines populaires de son sport.<\/p>\n<div class=\"wp-block-spacer\" aria-hidden=\"true\"><\/div>\n<figure class=\"wp-block-image size-large\"><img decoding=\"async\" class=\"wp-image-6512 aligncenter\" src=\"https:\/\/acta.zone\/wp-content\/uploads\/2020\/11\/1349679-photoshoot-with-the-club-argentinos-juniors.jpg\" sizes=\"(max-width: 960px) 100vw, 960px\" srcset=\"https:\/\/acta.zone\/wp-content\/uploads\/2020\/11\/1349679-photoshoot-with-the-club-argentinos-juniors.jpg 960w, https:\/\/acta.zone\/wp-content\/uploads\/2020\/11\/1349679-photoshoot-with-the-club-argentinos-juniors-300x200.jpg 300w, https:\/\/acta.zone\/wp-content\/uploads\/2020\/11\/1349679-photoshoot-with-the-club-argentinos-juniors-768x511.jpg 768w\" alt=\"Diego l'anti-imp\u00e9rialiste\" width=\"960\" height=\"639\" \/><\/figure>\n<div class=\"wp-block-spacer\" aria-hidden=\"true\"><\/div>\n<ol class=\"easy-footnotes-wrapper\">\n<li class=\"easy-footnote-single\"><span id=\"easy-footnote-bottom-1-6509\" class=\"easy-footnote-margin-adjust\"><\/span><em>Maradona par Kusturica<\/em>, documentaire franco-espagnol sorti en 2008. La chanson\u00a0<em>La vida tombola<\/em>\u00a0de Manu Chao a \u00e9t\u00e9 compos\u00e9e sp\u00e9cialement pour ce film.<\/li>\n<li class=\"easy-footnote-single\"><span id=\"easy-footnote-bottom-2-6509\" class=\"easy-footnote-margin-adjust\"><\/span>Voir Micka\u00ebl Correia,\u00a0<em>Une Histoire populaire du Football<\/em>\u00a0(La D\u00e9couverte, 2018), dont\u00a0<a href=\"https:\/\/cqfd-journal.org\/Maradona-Dieu-et-le-diable\">les extraits consacr\u00e9s \u00e0 Maradona<\/a>\u00a0ont \u00e9t\u00e9 publi\u00e9s sur le site de la revue CQFD.<\/li>\n<li class=\"easy-footnote-single\"><span id=\"easy-footnote-bottom-3-6509\" class=\"easy-footnote-margin-adjust\"><\/span>Ainsi que le rappelle justement\u00a0<a href=\"https:\/\/cqfd-journal.org\/Maradona-Dieu-et-le-diable\">Micka\u00ebl Correia<\/a>,\u00a0<em>\u00ab les diverses condamnations et suspensions pour consommation de stup\u00e9fiants n\u2019\u00e9cornent en rien la popularit\u00e9 du h\u00e9ros footballistique \u00e0 Naples. Aux yeux de toute une jeunesse napolitaine, le parcours chaotique du Pibe de Oro symbolise en effet une certaine \u00e9mancipation vis-\u00e0-vis de l\u2019oppression \u00e9tatique et de l\u2019ordre moral des classes dominantes \u00bb<\/em>.<\/li>\n<li class=\"easy-footnote-single\"><span id=\"easy-footnote-bottom-4-6509\" class=\"easy-footnote-margin-adjust\"><\/span>Gianni Agnelli, dit \u00ab l\u2019Avvocato \u00bb, patron de la FIAT et propri\u00e9taire de la Juventus de Turin.<\/li>\n<li class=\"easy-footnote-single\"><span id=\"easy-footnote-bottom-5-6509\" class=\"easy-footnote-margin-adjust\"><\/span>Voir Olivier Pironet,\u00a0<a href=\"https:\/\/blog.mondediplo.net\/maradona-la-politique-en-crampons\">\u00ab Maradona, la politique en crampons \u00bb<\/a>,\u00a0<em>Le Monde diplomatique<\/em>, 18 mai 2019.<\/li>\n<li class=\"easy-footnote-single\"><span id=\"easy-footnote-bottom-6-6509\" class=\"easy-footnote-margin-adjust\"><\/span>Il n\u2019est pas de meilleur exemple \u00e0 ce titre que le communiqu\u00e9 lunaire de l\u2019\u00c9lys\u00e9e, o\u00f9 l\u2019on peut lire entre autres choses :\u00a0<em>\u00ab Ce go\u00fbt du peuple, Diego Maradona le vivra aussi hors des terrains. Mais ses exp\u00e9ditions aupr\u00e8s de Fidel Castro comme de Hugo Chavez auront le go\u00fbt d\u2019une d\u00e9faite am\u00e8re. C\u2019est bien sur les terrains que Maradona a fait la r\u00e9volution \u00bb<\/em>. Qu\u2019un prol\u00e9taire qui s\u2019est hiss\u00e9 au sommet du football mondial se m\u00eale en outre de politique, voil\u00e0 qui ne saurait \u00eatre pris que pour un regrettable fourvoiement.<\/li>\n<\/ol>\n<p>&nbsp;<\/p>\n<p><a href=\"https:\/\/acta.zone\/diego-lanti-imperialiste\/\">Source<\/a><\/p>\n","protected":false},"excerpt":{"rendered":"<p>\u00ab S\u2019il n\u2019avait pas \u00e9t\u00e9 footballeur, il serait devenu r\u00e9volutionnaire \u00bb Emir Kusturica \u00ab Ils d\u00e9fendent tous les \u00c9tats-Unis, moi c\u2019est Cuba \u00bb Diego Maradona Diego Armando Maradona est d\u00e9c\u00e9d\u00e9 un 25 novembre, quatre ans jour pour jour apr\u00e8s Fidel Castro, dont il s\u2019\u00e9tait fait tatouer l\u2019effigie sur son mollet gauche et qu\u2019il consid\u00e9rait comme &#8230; <a title=\"DIEGO L\u2019ANTI-IMP\u00c9RIALISTE\" class=\"read-more\" href=\"https:\/\/bruxelles-pantheres.be\/?p=4628\" aria-label=\"En savoir plus sur DIEGO L\u2019ANTI-IMP\u00c9RIALISTE\">Lire la suite<\/a><\/p>\n","protected":false},"author":1,"featured_media":4626,"comment_status":"open","ping_status":"open","sticky":false,"template":"","format":"standard","meta":{"footnotes":""},"categories":[35,21],"tags":[446],"class_list":["post-4628","post","type-post","status-publish","format-standard","has-post-thumbnail","hentry","category-amerique-du-sud","category-anti-imperialisme","tag-maradona"],"_links":{"self":[{"href":"https:\/\/bruxelles-pantheres.be\/index.php?rest_route=\/wp\/v2\/posts\/4628","targetHints":{"allow":["GET"]}}],"collection":[{"href":"https:\/\/bruxelles-pantheres.be\/index.php?rest_route=\/wp\/v2\/posts"}],"about":[{"href":"https:\/\/bruxelles-pantheres.be\/index.php?rest_route=\/wp\/v2\/types\/post"}],"author":[{"embeddable":true,"href":"https:\/\/bruxelles-pantheres.be\/index.php?rest_route=\/wp\/v2\/users\/1"}],"replies":[{"embeddable":true,"href":"https:\/\/bruxelles-pantheres.be\/index.php?rest_route=%2Fwp%2Fv2%2Fcomments&post=4628"}],"version-history":[{"count":1,"href":"https:\/\/bruxelles-pantheres.be\/index.php?rest_route=\/wp\/v2\/posts\/4628\/revisions"}],"predecessor-version":[{"id":4629,"href":"https:\/\/bruxelles-pantheres.be\/index.php?rest_route=\/wp\/v2\/posts\/4628\/revisions\/4629"}],"wp:featuredmedia":[{"embeddable":true,"href":"https:\/\/bruxelles-pantheres.be\/index.php?rest_route=\/wp\/v2\/media\/4626"}],"wp:attachment":[{"href":"https:\/\/bruxelles-pantheres.be\/index.php?rest_route=%2Fwp%2Fv2%2Fmedia&parent=4628"}],"wp:term":[{"taxonomy":"category","embeddable":true,"href":"https:\/\/bruxelles-pantheres.be\/index.php?rest_route=%2Fwp%2Fv2%2Fcategories&post=4628"},{"taxonomy":"post_tag","embeddable":true,"href":"https:\/\/bruxelles-pantheres.be\/index.php?rest_route=%2Fwp%2Fv2%2Ftags&post=4628"}],"curies":[{"name":"wp","href":"https:\/\/api.w.org\/{rel}","templated":true}]}}