{"id":4630,"date":"2020-12-04T23:40:43","date_gmt":"2020-12-04T22:40:43","guid":{"rendered":"https:\/\/bruxelles-pantheres.be\/?p=4630"},"modified":"2020-11-30T23:43:00","modified_gmt":"2020-11-30T22:43:00","slug":"maradona-un-dribble-contre-le-purisme-intersectionnel","status":"publish","type":"post","link":"https:\/\/bruxelles-pantheres.be\/?p=4630","title":{"rendered":"Maradona, un dribble contre le purisme intersectionnel"},"content":{"rendered":"<div class=\"kvgmc6g5 cxmmr5t8 oygrvhab hcukyx3x c1et5uql ii04i59q\">\n<p dir=\"auto\">Traduction du texte de Jose Romero-Losacco faite par Libra Sphera<\/p>\n<p dir=\"auto\">\n<\/div>\n<div dir=\"auto\">Maradona, un dribble contre le purisme intersectionnel<\/div>\n<div dir=\"auto\">Je n&rsquo;aime pas me joindre aux \u00e9pitaphes publiques, celles qui abondent sur les r\u00e9seaux sociaux lorsqu&rsquo;une c\u00e9l\u00e9brit\u00e9 d\u00e9c\u00e8de. J&rsquo;aimerais penser que ce refus, dans mon cas, est fond\u00e9 sur la compr\u00e9hension que la mort et le deuil ne sont pas une question publique, mais une question communautaire, car la mort est \u00e9galement l&rsquo;une des questions communes, et qui n&rsquo;\u00e9chappe pas non plus \u00e0 la privatisation aux mains de l&rsquo;industrie fun\u00e9raire. Cependant, la mort r\u00e9cente de Maradona m&rsquo;a pris par surprise, non pas \u00e0 cause de sa mort elle-m\u00eame, mais parce qu&rsquo;elle a signifi\u00e9 une r\u00e9v\u00e9lation des profondes contradictions non assum\u00e9es par les purismes de ce qui me semble d\u00e9j\u00e0 \u00eatre une sorte de post-modernisme intersectionnel prot\u00e9g\u00e9 par une rh\u00e9torique antiraciste et d\u00e9coloniale.<\/div>\n<div dir=\"auto\">Si la mort de Maradona attire mon attention, c&rsquo;est en raison de ce qu&rsquo;elle nous montre, je me demande donc pourquoi elle suscite tant de d\u00e9bats, pourquoi il est d\u00e9test\u00e9e par certains et idol\u00e2tr\u00e9e par d&rsquo;autres. Ma premi\u00e8re r\u00e9ponse \u00e0 cette question est in\u00e9vitablement li\u00e9e au fait que Maradona \u00e9tait une imposture de gauche, un dribble tant pour ceux qui exercent avec f\u00e9tichisme le pouvoir que pour ceux qui critiquent avec purisme l\u2019 exercice de ce pouvoir. Je parlerai de ce dernier, les autres nous les connaissons d\u00e9j\u00e0.<\/div>\n<p><!--more--><\/p>\n<div class=\"o9v6fnle cxmmr5t8 oygrvhab hcukyx3x c1et5uql ii04i59q\">\n<p dir=\"auto\"><img decoding=\"async\" class=\"aligncenter\" src=\"https:\/\/decolonial.files.wordpress.com\/2020\/11\/100.jpg\" \/><\/p>\n<p dir=\"auto\">Quelques heures apr\u00e8s l\u2019annonce de sa mort, les r\u00e9seaux sociaux ont provoqu\u00e9 une avalanche de commentaires de la part de ceux qui ressentent cette mort comme la leur, mais en m\u00eame temps il y a eu ceux qui, \u00e0 partir de certains f\u00e9minismes, se sont rapidement consacr\u00e9s \u00e0 montrer l&rsquo;obscurit\u00e9 de Maradona, si machisme, misogynie. Avec les arguments pontificaux, ils \u00e9vitent le clair-obscur, mais dans leurs arguments il y a une v\u00e9rit\u00e9 aussi irr\u00e9futable qu&rsquo;abstraite. Bien s\u00fbr, ces deux visions du m\u00eame \u00eatre humain \u00e9taient le bouillon parfait pour un d\u00e9bat complexe.<\/p>\n<p dir=\"auto\">Quelques heures apr\u00e8s l\u2019annonce de sa mort, une avalanche de commentaires s\u2019abattit sur les r\u00e9seaux sociaux de ceux qui ressentirent cette mort comme la leur mais aussi depuis le champ des f\u00e9minismes tendant \u00e0 d\u00e9montrer l\u2019obscurit\u00e9 de Maradona si machiste, si misogyne. Avec des arguments pontifiants qui \u00e9vitent les clair-obscurs dans lesquels habitent pourtant une irr\u00e9futable v\u00e9rit\u00e9 abstraite. Bien s\u00fbr ces deux visions contraires d\u2019un m\u00eame \u00eatre humain forment un bouillon parfait pour un d\u00e9bat complexe.<\/p>\n<p dir=\"auto\">Une r\u00e9f\u00e9rence du mouvement antiraciste et f\u00e9ministe d\u00e9colonial comme Yuderkis Espinosa met en \u00e9vidence des questions fondamentales pour ce d\u00e9bat \u00ab vivre la contradiction et \u00eatre du c\u00f4t\u00e9 du peuple, toujours, toujours \u00bb.<\/p>\n<p dir=\"auto\">Pleurer comme les m\u00e8res du bidonville qui ont l&rsquo;impression d&rsquo;avoir perdu un enfant&#8230; C&rsquo;est la limite o\u00f9 se pr\u00e9cise avec clart\u00e9 ce lieu inhospitalier et apor\u00e9tique de l&rsquo;intersection. C&rsquo;est l\u00e0 que ceux qui ne le voient que de l&rsquo;ext\u00e9rieur, de l&rsquo;autre c\u00f4t\u00e9 de la ligne qui fragmente le monde en \u00ab\u00a0nous\u00a0\u00bb de la conscience claire et \u00ab\u00a0le reste\u00a0\u00bb &#8211; inconscient, sombre, sale, contamin\u00e9\u00a0\u00bb&#8230; Ce \u00ab\u00a0reste\u00a0\u00bb &#8211; qui est la majorit\u00e9 &#8211; sont les m\u00eames condamn\u00e9s que toujours, eux, nous, les contamin\u00e9s, le peuple&#8230; Ceux qui pleurent le fils voleur, d\u00e9linquant, m\u00e2le &#8211; peu importe &#8211; avec l&rsquo;odeur du peuple&#8230; Maradona\u00a0\u00bb.<\/p>\n<p dir=\"auto\">Mon opinion (masculine comme quelqu&rsquo;un me l&rsquo;a sugg\u00e9r\u00e9), ce que j&rsquo;apprends de ces mots, c&rsquo;est que ceux qui pr\u00e9sument de la nettet\u00e9 id\u00e9ologique, \u00e9vitent d&rsquo;habiter la contradiction. Comme s&rsquo;ils \u00e9taient des anges, ils ne font que reproduire le racisme\/classisme de la classe moyenne, celui avec lequel les m\u00e8res du bidonville sont punies lorsqu&rsquo;elles pleurent leur fils d\u00e9linquant sortent les attitudes convenues et lui rappellent qu&rsquo;il \u00e9tait un criminel. Car ceux qui sortent pour crucifier un \u00eatre humain qui, comme l&rsquo;a dit le commentateur sportif Alex Candal, \u00e9tait mort depuis longtemps, ce que Candal ne sait pas ou feint de ne pas savoir est qu&rsquo;il est plus vivant que jamais.<\/p>\n<p dir=\"auto\">Maradona ou comme beaucoup d\u2019autres qu\u2019ils tent\u00e8rent de tuer, Gandhi \u00e9dulcor\u00e9 par les Anglais, le Mandela h\u00e9ros de ceux qui l\u2019ont auparavant qualifi\u00e9 de terroriste, mais Maradona leur a \u00e9chapp\u00e9, a utilis\u00e9 la gauche pour briser leurs ceintures scl\u00e9ros\u00e9es par le f\u00e9tichisme.<\/p>\n<p dir=\"auto\">Ceux qui pleurent ensemble et avec le peuple n&rsquo;ignorent pas que D10 avait un c\u00f4t\u00e9 sombre, mais comme la m\u00e8re pleure son fils parce qu&rsquo;il est \u00e0 elle, beaucoup pleurent Maradona.<\/p>\n<p dir=\"auto\">Je dois dire que ce qui m&rsquo;a incit\u00e9 \u00e0 \u00e9crire ces lignes sont les paroles de Richy Villegas, un bon ami de Chavez et du Venezuela. Il me fit voir que ceux qui, aujourd&rsquo;hui, sortent pour mettre le doigt dans l&rsquo;ombre de Maradona, le font de la m\u00eame mani\u00e8re que certaines gauches interviennent dans la r\u00e9alit\u00e9 politique latino-am\u00e9ricaine. Gr\u00e2ce \u00e0 Richy, je me suis imm\u00e9diatement souvenu qu&rsquo;au moment scatologique du coup d&rsquo;\u00c9tat en Bolivie, il y a un peu plus d&rsquo;un an, de nombreuses voix qui proclament aujourd&rsquo;hui \u00ab\u00a0d\u00e9tester le macho\u00a0\u00bb issu du bidonville, sont sorties avec le m\u00eame ton liturgique pour justifier un coup d&rsquo;\u00c9tat, puisqu&rsquo;il a \u00e9t\u00e9 provoqu\u00e9 par le macho Evo Morales lui-m\u00eame.<\/p>\n<p dir=\"auto\">Au nom de je ne sais quel f\u00e9minisme se banalise un coup d\u2019\u00c9tat, et un an plus tard, la douleur de ceux qui pleurent Maradona se banalise. Il s\u2019agit de plus de la m\u00eame chose, de parler au nom de l\u2019ordinaire, quand ils parlent de la mort en tant que chose publique, en privatisant l\u2019exp\u00e9rience de vie d\u2019une personne en la d\u00e9pouillant de toute historicit\u00e9, et le plus probl\u00e9matique de tout cela, en faisant preuve d\u2019un internationalisme abstrait. C\u2019est pourquoi ils ne comprennent lorsque Houria Boutledja, citant Olivier Pironet parlant du \u00ab\u00a0chevelu\u00a0\u00bb en soulignant que Le g\u00e9nie du football argentin Diego Maradona vient de mourir. Pour lui rendre hommage est ressorti de derri\u00e8re les fagots un r\u00f4le sur ses engagements socialistes et anti-imp\u00e9rialistes &#8211; sans oublier son soutien \u00e0 la Palestine -, qui \u00e9taient des exceptions dans l\u2019univers du ballon rond. Q.E.P.D \u2032\u2032 Pibe de Oro \u201c<\/p>\n<p dir=\"auto\">Ils ne peuvent pas le comprendre parce que leur critique est du purisme moraliste, sinon ils pourraient se rendre compte que la v\u00e9ritable intersectionnalit\u00e9 implique d\u2019historiser la lutte, et comprendraient ainsi que la citation de Houria Boutledja n\u2019est pas abstraite et que souligner l\u2019attachement de Maradona \u00e0 la cause palestinienne, et non son machisme, c\u2019est se mettre face \u00e0 la lettre \u00e9crite par Macron, dans laquelle il n\u2019h\u00e9site pas \u00e0 faire r\u00e9f\u00e9rence \u00e0 la relation prol\u00e9taire entre Castro et Ch\u00e1vez. Comme le dit Richy, le d\u00e9bat sur le Diego est diff\u00e9rent, \u00ab\u00a0parce que ce qui fait d\u00e9bat est la position de certaines f\u00e9ministes qui, au moment de la mort de Diego, ne veulent pas sympathiser avec le sentiment populaire mais, au contraire profiter de la situation pour signaler, fondamentalement au le machisme, la p\u00e9dophile, la misogynie de Maradona.<\/p>\n<p dir=\"auto\">Maradona est une figure pol\u00e9mique, non pas pour les drogu\u00e9s, les p\u00e9dophiles ou les misogynes, ils abondent et le monde n\u2019est pas horrifi\u00e9, au contraire m\u00eame les hommages sont faits, mais parce que Maradona d\u00e9rangeait ceux qui d\u00e9tiennent et f\u00e9tichisent le pouvoir, Parce qu\u2019il \u00e9tait du Sud. Si Maradona avait \u00e9t\u00e9 un Anglais, un admirateur de Ronald Reagan et un membre embl\u00e9matique des Beatles, personne ne crierait aux quatre vents les v\u00e9rit\u00e9s obscures de Maradona. Si ce fait n\u2019est pas d\u00e9tect\u00e9, l\u2019exemple est r\u00e9el, lorsqu\u2019il s\u2019agit de John Lennon abandonnant sa premi\u00e8re femme enceinte, l\u2019ic\u00f4ne pop de la g\u00e9n\u00e9ration de Woodstock, vingt ans s\u2019\u00e9coul\u00e8rent avant qu\u2019il ne parle \u00e0 son fils. Nous verrons le 8 d\u00e9cembre prochain lors de la comm\u00e9moration de son assassinat si l\u2019intersectionnalisme abstrait parle de Lennon. Laissons Lennon tranquille un moment, le moment viendra d\u2019\u00e9crire sur lui, je tiens maintenant \u00e0 souligner l\u2019incroyable sym\u00e9trie avec laquelle on parle de Maradona et d\u2019Evo morales depuis l\u2019intersectionnalisme abstrait, il s\u2019agit de pur moralisme (et nous savons d\u00e9j\u00e0 ce que cela a de r\u00e9actionnaire), au point qu\u2019on a laiss\u00e9 des commentaires sur les r\u00e9seaux sociaux qui invitent \u00ab\u00a0\u00e0 faire un bilan critique de la figure de Maradona\u00a0\u00bb, vraiment ? En continuant avec Yuderkis, demanderais-tu \u00e0 cette m\u00e8re de faire un bilan critique sur la figure de son fils pendant que son corps est encore chaud ? En ce sens, je m\u2019en tiens \u00e0 ce qu\u2019a dit Adriana Carrasco : \u00ab\u00a0Pourquoi le machisme de Maradona produit-il autant de rejet des f\u00e9ministes ? Pourquoi le pillage structurel caus\u00e9 par Mauricio Macri et la bande de fugitifs en s\u00e9rie produit-il moins de rejet en termes f\u00e9ministes, et le pillage de l&rsquo;\u00c9tat n&rsquo;est m\u00eame pas lu comme une violence machiste ? Mauricio Macri et les fugitifs ont-ils abandonn\u00e9 des enfants ? Nous ne savons pas. Ont-ils consomm\u00e9 de la prostitution adolescente ? Nous ne savons pas. Ils ne sont pas racialis\u00e9s, c&rsquo;est ce que nous savons\u00a0\u00bb.<\/p>\n<p dir=\"auto\">Comme le dirait Mario Moreno, ce n&rsquo;est pas la m\u00eame chose d&rsquo;\u00eatre un violeur racialis\u00e9, un violeur au sommet du complexe hi\u00e9rarchique du monde moderne, ce n&rsquo;est pas la m\u00eame chose d&rsquo;\u00eatre un mineur non accompagn\u00e9 accus\u00e9 d&rsquo;agression sexuelle que d&rsquo;\u00eatre Placido Domingo, ce dernier a le privil\u00e8ge du doute, de la d\u00e9fense l\u00e9gitime, de la pr\u00e9somption d&rsquo;innocence, mais si vous \u00eates un MENA (mineur non accompagn\u00e9) rien de tout cela n&rsquo;existe, vous \u00eates coupable avant que cela ne soit prouv\u00e9, vous n&rsquo;irez pas en proc\u00e8s en libert\u00e9 parce que votre dangerosit\u00e9 est consid\u00e9r\u00e9e comme acquise. Ce n&rsquo;est pas la m\u00eame chose d&rsquo;\u00eatre Maradona que d&rsquo;\u00eatre Bill Clinton.<\/p>\n<p dir=\"auto\">Il convient donc de mettre en contraste le gentleman de la FIFA, Pel\u00e9, d&rsquo;origine modeste, qui a pr\u00e9f\u00e9r\u00e9 \u00eatre l&rsquo;oncle Tom de la mafia que Maradona a choisi de d\u00e9noncer, une d\u00e9cision qui lui a valu un traitement exemplaire de la part de la presse mondiale, surtout en ce qui concerne les d\u00e9nonciations de son ancien partenaire, le Br\u00e9silien Xuxa. Mais bien s\u00fbr, Pel\u00e9 ne fait pas de bruit, il ne repr\u00e9sente pas une menace, il est l&rsquo;image du pauvre homme qui r\u00e9alise son r\u00eave de s&rsquo;ins\u00e9rer dans les cadres d&rsquo;une \u00e9lite qui les m\u00e9prise tous les deux au fond. Le Br\u00e9silien, une attraction du cirque, Maradona, un type aga\u00e7ant, qu&rsquo;il fallait d\u00e9truire, et bien s\u00fbr, il y avait et il y aura de nombreuses raisons \u00e0 cela.<\/p>\n<\/div>\n<header class=\"entry-header\">\n<h1 class=\"entry-title\">Maradona, una gambeta para el purismo\u00a0interseccional<\/h1>\n<\/header>\n<div class=\"entry-meta\"><span class=\"byline\">\u00a0<a title=\"Entradas de Jos\u00e9 Romero-Losacco\" href=\"https:\/\/decolonial.wordpress.com\/author\/jjrl51\/\" rel=\"author\">Jos\u00e9 Romero-Losacco<\/a><\/span><\/div>\n<div><\/div>\n<div>\n<figure class=\"wp-block-image size-large\"><a href=\"https:\/\/decolonial.files.wordpress.com\/2020\/11\/100.jpg\"><img decoding=\"async\" class=\"wp-image-207\" src=\"https:\/\/decolonial.files.wordpress.com\/2020\/11\/100.jpg?w=1024\" sizes=\"(max-width: 1024px) 100vw, 1024px\" srcset=\"https:\/\/decolonial.files.wordpress.com\/2020\/11\/100.jpg?w=1024 1024w, https:\/\/decolonial.files.wordpress.com\/2020\/11\/100.jpg?w=150 150w, https:\/\/decolonial.files.wordpress.com\/2020\/11\/100.jpg?w=300 300w, https:\/\/decolonial.files.wordpress.com\/2020\/11\/100.jpg?w=768 768w, https:\/\/decolonial.files.wordpress.com\/2020\/11\/100.jpg 1072w\" alt=\"\" data-attachment-id=\"207\" data-permalink=\"https:\/\/decolonial.wordpress.com\/2020\/11\/27\/maradona-la-gambeta-que-no-pudo-evitar-el-purismo-interseccional\/attachment\/100\/\" data-orig-file=\"https:\/\/decolonial.files.wordpress.com\/2020\/11\/100.jpg\" data-orig-size=\"1072,590\" data-comments-opened=\"1\" data-image-meta=\"{&quot;aperture&quot;:&quot;0&quot;,&quot;credit&quot;:&quot;&quot;,&quot;camera&quot;:&quot;&quot;,&quot;caption&quot;:&quot;&quot;,&quot;created_timestamp&quot;:&quot;0&quot;,&quot;copyright&quot;:&quot;&quot;,&quot;focal_length&quot;:&quot;0&quot;,&quot;iso&quot;:&quot;0&quot;,&quot;shutter_speed&quot;:&quot;0&quot;,&quot;title&quot;:&quot;&quot;,&quot;orientation&quot;:&quot;0&quot;}\" data-image-title=\"100\" data-image-description=\"\" data-medium-file=\"https:\/\/decolonial.files.wordpress.com\/2020\/11\/100.jpg?w=300\" data-large-file=\"https:\/\/decolonial.files.wordpress.com\/2020\/11\/100.jpg?w=1024\" \/><\/a><\/figure>\n<p data-adtags-visited=\"true\">No me gusta sumarme a los epitafios p\u00fablicos, a esos que abundan en las redes sociales cuando muere una \u201ccelebrity\u201d, quiero pensar que esta negativa en mi caso va de entender que la muerte y el duelo no son cosa p\u00fablica, sino comunitaria, porque es tambi\u00e9n la muerte uno de los comunes, por cierto de los que tampoco escapa a la privatizaci\u00f3n en manos de la industria funeraria. Sin embargo, el reciente fallecimiento de Maradona me ha tomado por sorpresa, pero no por su muerte en s\u00ed, sino porque ha significado una revelaci\u00f3n de las profundas contradicciones no asumidas por los purismos de lo que ya me viene pareciendo una suerte de posmodernismo interseccional amparado con una ret\u00f3rica antirracista y decolonial.<\/p>\n<p data-adtags-visited=\"true\">Si la muerte de Maradona llama mi atenci\u00f3n es por lo que nos muestra, para ello me pregunto por qu\u00e9 causa tanto debate, por qu\u00e9 es detestado por unos e idolatrado por otros. Mi primera respuesta a esto tiene que ver inevitablemente con que Maradona fue una zurda impostura, fue una gambeta tanto para quienes ejercen fetichistamente el poder, como para esos que ejercen puristamente la cr\u00edtica a ese ejercicio del poder. Y es de estos \u00faltimos de los que quiero hablar, los otros ya los conocemos.<\/p>\n<p data-adtags-visited=\"true\">Horas despu\u00e9s de conocida la noticia las redes sociales resultaron en una avalancha de comentarios por parte de quienes sienten esta muerte como suya, pero al mismo tiempo no han faltado quienes, desde algunos feminismos, r\u00e1pidamente se dedicaron a mostrar la oscuridad de Maradona, si machismo, misoginia. Con argumentos pontificios evitan los claroscuros, pero en sus argumentos habita una verdad tan irrefutable como abstracta. Por supuesto estas dos visiones de un mismo ser humano fueron el caldo perfecto para un complejo debate.<\/p>\n<p data-adtags-visited=\"true\">Referencias del movimiento antirracista y del feminismo decolonial como Yuderkis Espinosa se\u00f1alaban cuestiones fundamentales para este debate, por ejemplo,\u00a0 \u201cVivir la contradicci\u00f3n y estar del lado del pueblo, siempre, siempre. Llorar con las madres de la villa que sienten haber perdido un hijo\u2026 Este es el l\u00edmite en donde queda claro ese lugar inh\u00f3spito, apor\u00e9tico, gris de la intersecci\u00f3n. Aqu\u00ed es donde sabemos quienes solo la ven desde afuera, desde el otro lado de la l\u00ednea\u00a0 que fragmenta el mundo en el \u201cnosotrasc las de la consciencia clara y \u201cel resto\u201d \u2013 inconsciente, oscuro, sucio, contaminado\u201d\u2026 Ese \u201cresto\u201d \u2013 que son mayor\u00eda- son las mismas condenadas de siempre, ellas, nos-otras, las contaminadas, las pueblo\u2026 Las que lloran al hijo ladr\u00f3n, delincuente, macho \u2013 da igual- con olor a pueblo\u2026 Maradona\u201d<\/p>\n<p id=\"inline-ad-0\" class=\"inline-ad-slot\" data-adtags-width=\"740\" data-adtags-visited=\"true\">\n<p data-adtags-visited=\"true\">En mi opini\u00f3n (masculina c\u00f3mo alguien me sugiri\u00f3) lo que aprendo de estas palabras es que quienes presumen pulcritud ideol\u00f3gica, eluden habitar la contradicci\u00f3n. como si de \u00e1ngeles se tratase no hacen m\u00e1s que reproducir el racismo\/clasismo de clase media, ese con el que se castiga a las madres del pueblo cuando al llorar por su hijo delincuente salen buenas costumbres y le recuerdan que \u00e9ste era un criminal. Porque aquello que no entienden quienes salen a crucificar a un ser humano que, como dijera el comentarista deportivo Alex Candal, estaba muerto hace mucho tiempo, lo que no sabe Candal (o no quiere saber) es que esta m\u00e1s vivo que nunca. A Maradona como a muchos otros lo intentaron matar, como lo han hecho con un Gandhi edulcorado por los ingleses, el Mandela h\u00e9roe de quienes antes lo ficharon como terrorista, pero Maradona les fue esquivo, uso la zurda para quebrar sus cinturas esclerotizadas por el fetichismo.<\/p>\n<p data-adtags-visited=\"true\">Quienes lloran junto y con el pueblo no ignoran que D10s ten\u00eda su lado oscuro, pero como la madre llora a su hijo porque es suyo, muchos y muchas lo hacen por Maradona.<\/p>\n<p data-adtags-visited=\"true\">Debo decir que lo que me ha impulsado a escribir estas l\u00edneas fueron las palabras de Richy Villegas, un buen amigo en Venezuela, si la de Ch\u00e1vez. Fue \u00e9l quien me hizo ver que quienes hoy salen a poner el dedo en las sombras de Maradona, lo hacen de la misma manera a como se interviene desde ciertas izquierdas en la realidad pol\u00edtica latinoamericana. Gracias a Richy record\u00e9 inmediatamente c\u00f3mo en el momento escatol\u00f3logico del golpe de Estado en Bolivia, hace poco m\u00e1s de a\u00f1o muchas de las voces que hoy proclaman \u201cdetestar al macho\u201d villero, salieron con el mismo tono lit\u00fargico a justificar un golpe de Estado, ya que este era provocado por el propio macho Evo Morales.<\/p>\n<p data-adtags-visited=\"true\">En nombre de no se que feminismo se banaliza un golpe de estado, y un a\u00f1o despu\u00e9s se banaliza el dolor de quienes lloran a Maradona. Se trata de m\u00e1s de lo mismo, hablar en nombre de lo com\u00fan, cuando hablan de la muerte como algo p\u00fablico, privatizando la experiencia vital de una persona al despojarla de toda historicidad, y lo m\u00e1s problem\u00e1tico de todo ello, haciendo gala de su internacionalismo abstracto. Por eso no comprenden que Houria Boutledja, citando a Olivier Pironet hable del pelusa se\u00f1alando que \u2032El genio del futbol argentino Diego Maradona acaba de morir. Para rendirle homenaje, se desprende de detr\u00e1s de los fagots un papel sobre sus compromisos socialistas y antiimperialistas \u2013 sin olvidar su apoyo a Palestina -, que eran excepciones en el universo del bal\u00f3n redondo. Q.E.P.D \u2032\u2032 Pibe de Oro \u201c.<\/p>\n<p data-adtags-visited=\"true\">No pueden comprenderlo porque su cr\u00edtica es solo purismo moralista, de lo contrario podr\u00edan caer en cuenta que la verdadera interseccionalidad implica historizar la lucha, as\u00ed quiz\u00e1s comprendan que la cita de Houria Boutledja no es en abstracto, quiz\u00e1s se enteren que resaltar el compromiso de Maradona con la causa del pueblo palestino, y no su machismo, es un ponerse delante de la carta escrita por Macron, en la que no dudo en hacer referencia de la relaci\u00f3n del villero con Fidel Castro y Hugo Ch\u00e1vez. Por que como dice Richy el debate sobre el Diego es otro, \u201cporque lo que se debate es la postura de algunas feministas para en el momento de la muerte de Diego no empatizar con el sentimiento popular, por el contrario aprovechar la situaci\u00f3n para se\u00f1alar, fundamentalmente al Maradona machista, al Maradona pederasta, al Maradona mis\u00f3gino\u201d<\/p>\n<p id=\"inline-ad-1\" class=\"inline-ad-slot\" data-adtags-width=\"740\" data-adtags-visited=\"true\">\n<p data-adtags-visited=\"true\">Y es que Maradona es una figura pol\u00e9mica no por drogadicto, pederasta o mis\u00f3gino, de estos abundan y el mundo no se horroriza, todo lo contrario hasta homenajes se les hacen, sino porque Maradona molestaba a esos que detentan fetichistamente el poder, porque era villero, porque era del sur. Si Maradona hubiera sido ingl\u00e9s, admirador de Ronald Reagan y miembro emblem\u00e1tico de los Beatles, nadie estar\u00eda gritando a los cuatro vientos las verdades oscuras de Maradona. Si no han pillado la cuesti\u00f3n, el ejemplo es real, se trata de John Lennon, quien abandon\u00f3 a su primer hijo, el icono pop de la generaci\u00f3n de Woodstock abandon\u00f3 a su primera esposa cuando esta estaba embarazada. pasaron casi dos d\u00e9cadas para siquiera hablar con su hijo. Ya veremos el pr\u00f3ximo 8 de diciembre cuando sea el aniversario n\u00famero 40 de su asesinato si el interseccionalismo abstracto sale a condenar la figura de Lennon.<\/p>\n<p data-adtags-visited=\"true\">Pero dejemos a Lennon en paz un rato, ya vendr\u00e1 el momento de escribir sobre \u00e9l, me interesa ahora resaltar la incre\u00edble la simetr\u00eda con la que se habla de Maradona y de Evo morales desde el insterseccionalimo abstracto, y es que se trata de puro moralismo (y ya sabemos lo que esto tiene de reaccionario), al punto de que se han dejado ver comentarios por las redes sociales que invitan \u201chacer un balance cr\u00edtico de la figura de Maradona\u201d, \u00bfde verdad? Siguiendo con Yuderkis, \u00bfle pedir\u00edas a esa madre villera que hiciera balance cr\u00edtico sobre la figura de su hijo mientras a\u00fan est\u00e1 caliente su cad\u00e1ver? En este sentido, me quedo con lo se\u00f1ala\u00a0<a href=\"http:\/\/revistaanfibia.com\/autor\/adriana-carrasco\/\">Adriana Carrasco<\/a>: \u201c\u00bfPor qu\u00e9 produce tanto rechazo a las feministas el machismo de Maradona? \u00bfPor qu\u00e9 produce menos rechazo en t\u00e9rminos feministas el despojo estructural que caus\u00f3 Mauricio Macri y la banda de fugadores seriales de divisas, y no se llega a leer como violencia machista el saqueo del Estado? Mauricio Macri y los fugadores, \u00bfhabr\u00e1n abandonado hijes? No sabemos. \u00bfHabr\u00e1n consumido prostituci\u00f3n adolescente? No sabemos. No son racializados, eso s\u00ed sabemos.\u201d<\/p>\n<p data-adtags-visited=\"true\">All\u00ed est\u00e1 el detalle. c\u00f3mo dir\u00eda Mario Moreno, no es lo mismo ser un violador racializado, que un violador en la cima del complejo jer\u00e1rquico del mundo moderno, como no es lo mismo ser un menor no acompa\u00f1ado acusado de agresi\u00f3n sexual que ser Placido Domingo, este \u00faltimo tiene el privilegio de la duda, legitima defensa, presunci\u00f3n de inocencia, pero si se es un MENA nada de esto existe, son culpables antes de que se demuestre, no ir\u00e1n a juicio en libertad porque su peligrosidad se da por hecho. No es lo mismo ser Maradona que ser Bill Clinton.<\/p>\n<p data-adtags-visited=\"true\">As\u00ed que vale contrastar al caballero de la FIFA, Pel\u00e9, de origen humilde, quien prefirio ser el Tio Tom de la mafia a la que Maradona opt\u00f3 por denunciar, decisi\u00f3n que le ha valido al primero un tratamiento ejemplar por parte de la prensa mundial, sobre todo cuando se trata las denuncias de su expareja, la brasilera Xuxa. Pero es que claro Pel\u00e9 no hace ruido, no representa una amenaza, es la imagen del pobre que cumple su sue\u00f1o de encajar en los marcos de una elite que en el fondo los desprecia a los dos. El brasilero una atracci\u00f3n del circo, Maradona un tipo molesto, al que hab\u00eda que destruir, y claro motivos no faltaron, ni faltar\u00e1n, el pibe los tenia todos.<\/p>\n<p id=\"inline-ad-2\" class=\"inline-ad-slot\" data-adtags-width=\"740\" data-adtags-visited=\"true\">\n<p data-adtags-visited=\"true\">Al final de cuenta lo importante de todo esto es c\u00f3mo nos vemos reflejados en ello, es la pregunta que tambi\u00e9n hace Richy \u00bfC\u00f3mo se posiciona uno decolonialmente ante las contradicciones del Diego?, pregunta fundamental porque en el fondo no se trata de Maradona, sino de lo que la pregunta se\u00f1ala sobre uno mismo, \u00bfes decolonial, interseccional y antirracista deshistorizar al pibe de villa pobreza?, \u00bfes pensamiento cr\u00edtico no binario la cr\u00edtica moral que es siempre abstracta, que se se\u00f1ala sin asumir, a veces ni de manera ret\u00f3rica, las contradicciones propias de quien emite el juicio? No se trata de una cuesti\u00f3n irrelevante, se trata de una cuesti\u00f3n pol\u00edtica.<\/p>\n<p data-adtags-visited=\"true\">Por eso rescato las palabras de Georgina Orellano Ammar \u201cCu\u00e1ndo abandonaremos esa mezquina costumbre de ponerse la gorra r\u00e1pidamente, celebrar o anular el dolor popular, de subirse al patrullero para dar consejos desde un feminismo tan antipopular\u00a0 e inhumano\u2026 A las que plantean un d\u00eda como hoy la distancia, celebraci\u00f3n o cancelaci\u00f3n las prefiero lejos, me permito vivir en la puta contradicci\u00f3n sin individualizar en una persona un problema social que es estructural y cultural.\u201d<\/p>\n<p data-adtags-visited=\"true\"><a href=\"https:\/\/decolonial.wordpress.com\/2020\/11\/27\/maradona-la-gambeta-que-no-pudo-evitar-el-purismo-interseccional\/?fbclid=IwAR3v94QNtTtSH3GFnADOXEqDm3U9OyNrAa_pr5fuOCcDb7fwOxIeXzY2t2o\">Source<\/a><\/p>\n<\/div>\n","protected":false},"excerpt":{"rendered":"<p>Traduction du texte de Jose Romero-Losacco faite par Libra Sphera Maradona, un dribble contre le purisme intersectionnel Je n&rsquo;aime pas me joindre aux \u00e9pitaphes publiques, celles qui abondent sur les r\u00e9seaux sociaux lorsqu&rsquo;une c\u00e9l\u00e9brit\u00e9 d\u00e9c\u00e8de. J&rsquo;aimerais penser que ce refus, dans mon cas, est fond\u00e9 sur la compr\u00e9hension que la mort et le deuil ne &#8230; <a title=\"Maradona, un dribble contre le purisme intersectionnel\" class=\"read-more\" href=\"https:\/\/bruxelles-pantheres.be\/?p=4630\" aria-label=\"En savoir plus sur Maradona, un dribble contre le purisme intersectionnel\">Lire la suite<\/a><\/p>\n","protected":false},"author":1,"featured_media":4631,"comment_status":"open","ping_status":"open","sticky":false,"template":"","format":"standard","meta":{"footnotes":""},"categories":[35,21],"tags":[251,446],"class_list":["post-4630","post","type-post","status-publish","format-standard","has-post-thumbnail","hentry","category-amerique-du-sud","category-anti-imperialisme","tag-feminisme-decolonial","tag-maradona"],"_links":{"self":[{"href":"https:\/\/bruxelles-pantheres.be\/index.php?rest_route=\/wp\/v2\/posts\/4630","targetHints":{"allow":["GET"]}}],"collection":[{"href":"https:\/\/bruxelles-pantheres.be\/index.php?rest_route=\/wp\/v2\/posts"}],"about":[{"href":"https:\/\/bruxelles-pantheres.be\/index.php?rest_route=\/wp\/v2\/types\/post"}],"author":[{"embeddable":true,"href":"https:\/\/bruxelles-pantheres.be\/index.php?rest_route=\/wp\/v2\/users\/1"}],"replies":[{"embeddable":true,"href":"https:\/\/bruxelles-pantheres.be\/index.php?rest_route=%2Fwp%2Fv2%2Fcomments&post=4630"}],"version-history":[{"count":3,"href":"https:\/\/bruxelles-pantheres.be\/index.php?rest_route=\/wp\/v2\/posts\/4630\/revisions"}],"predecessor-version":[{"id":4634,"href":"https:\/\/bruxelles-pantheres.be\/index.php?rest_route=\/wp\/v2\/posts\/4630\/revisions\/4634"}],"wp:featuredmedia":[{"embeddable":true,"href":"https:\/\/bruxelles-pantheres.be\/index.php?rest_route=\/wp\/v2\/media\/4631"}],"wp:attachment":[{"href":"https:\/\/bruxelles-pantheres.be\/index.php?rest_route=%2Fwp%2Fv2%2Fmedia&parent=4630"}],"wp:term":[{"taxonomy":"category","embeddable":true,"href":"https:\/\/bruxelles-pantheres.be\/index.php?rest_route=%2Fwp%2Fv2%2Fcategories&post=4630"},{"taxonomy":"post_tag","embeddable":true,"href":"https:\/\/bruxelles-pantheres.be\/index.php?rest_route=%2Fwp%2Fv2%2Ftags&post=4630"}],"curies":[{"name":"wp","href":"https:\/\/api.w.org\/{rel}","templated":true}]}}