{"id":4636,"date":"2020-12-06T18:49:44","date_gmt":"2020-12-06T17:49:44","guid":{"rendered":"https:\/\/bruxelles-pantheres.be\/?p=4636"},"modified":"2020-12-06T18:49:44","modified_gmt":"2020-12-06T17:49:44","slug":"police-partout-justice-complice","status":"publish","type":"post","link":"https:\/\/bruxelles-pantheres.be\/?p=4636","title":{"rendered":"Police partout, Justice complice"},"content":{"rendered":"<p><strong>Lamine Mo\u00efse Bangoura<\/strong>, 27 ans, a \u00e9t\u00e9 tu\u00e9 lors d\u2019une visite domiciliaire \u00e0 Roulers, par 8 policiers, le 7 mai 2018.<br \/>\nLe 26 juin 2020, la chambre de conseil de Courtrai prononce un non-lieu \u00e0 l\u2019encontre des policiers, consid\u00e9rant qu\u2019il n\u2019y a aucune raison de les poursuivre. La famille de Lamine a fait appel de cette d\u00e9cision et le 10 novembre dernier, la chambre des mises en accusation de Gand a d\u00e9cid\u00e9 qu\u2019elle statuerait le 02 f\u00e9vrier prochain d\u2019un \u00e9ventuel renvoi des policiers devant un tribunal correctionnel.<\/p>\n<p><strong>Mehdi<\/strong>, 17 ans, a \u00e9t\u00e9 tu\u00e9 par un v\u00e9hicule de police qui l\u2019a percut\u00e9 le 20 ao\u00fbt 2019.<br \/>\nMehdi, 17 ans, a \u00e9t\u00e9 enterr\u00e9 le 23 ao\u00fbt 2019.<br \/>\nLe 8 octobre 2020, le parquet de Bruxelles dresse un r\u00e9quisitoire de non-lieu pour absence de charges suffisantes \u00e0 l\u2019encontre du conducteur du v\u00e9hicule de police banalis\u00e9 roulant \u00e0 une centaine de km\/h, sans sir\u00e8ne, dans une \u00ab\u00a0zone 30\u00a0\u00bb du centre-ville, quand il a percut\u00e9 Mehdi.<\/p>\n<p><strong>Mawda<\/strong>, 2 ans, a \u00e9t\u00e9 tu\u00e9e le 17 mai 2018 d\u2019une balle de revolver dans la t\u00eate tir\u00e9e par un policier lors d\u2019une course-poursuite se d\u00e9roulant dans le cadre de la chasse aux migrants institu\u00e9e par le gouvernement f\u00e9d\u00e9ral.<br \/>\nLe 24 novembre, le parquet de Mons demande un an de prison avec sursis pour le policier tireur\/tueur.<\/p>\n<p><strong>Adil<\/strong>, 19 ans, a \u00e9t\u00e9 tu\u00e9 par un v\u00e9hicule de police qui l\u2019a percut\u00e9 le 10 avril 2020.<br \/>\nLe 26 novembre 2020, le parquet de Bruxelles annonce qu\u2019\u00e0 ses yeux, il n\u2019y a pas lieu d\u2019inculper les policiers.<!--more--><\/p>\n<p>On pourrait prolonger cette liste ad nauseam, mais en ne prenant en compte que ces derni\u00e8res semaines, le racisme d\u2019\u00c9tat a continu\u00e9 \u00e0 se manifester de mani\u00e8re habituelle en Belgique.<\/p>\n<p>Si vous voulez \u00e9tablir le racisme d\u2019Etat sur son versant judiciaire il vous suffit de lire les r\u00e9quisitoires des parquets dans ces cas de crimes policiers.<\/p>\n<p>La m\u00eame logique est \u00e0 l\u2019\u0153uvre : d\u00e9p\u00e9nalisation de la violence polici\u00e8re par la criminalisation des victimes.<\/p>\n<p>Si ces d\u00e9cisions nous choquent, nous r\u00e9pugnent et nous r\u00e9voltent, elles ne nous surprennent par contre absolument pas. Une soci\u00e9t\u00e9 raciste produit m\u00e9caniquement un appareil s\u00e9curitaire raciste, que ce soit dans son aspect policier ou dans son aspect judiciaire. Si la police tue r\u00e9guli\u00e8rement des Noirs, des Arabes ou des \u00ab\u00a0migrants\u00a0\u00bb depuis des d\u00e9cennies, c\u2019est l\u2019appareil judicaire qui blanchit quasi syst\u00e9matiquement les meurtriers.<\/p>\n<p>Cette impunit\u00e9 polici\u00e8re se construit \u00e0 travers la perp\u00e9tuation\u00a0 d\u2019une syst\u00e8me racial\u00a0: l\u2019opposition entre certains corps marqu\u00e9s comme sup\u00e9rieurs, dignes d\u2019int\u00e9r\u00eats, et d\u2019autres, pas m\u00eame inf\u00e9rieurs, mais indignes. C\u2019est cette opposition que trace Frantz Fanon entre \u00ab zone de l\u2019\u00eatre \u00bb et \u00ab\u00a0zone de non-\u00eatre \u00bb.<\/p>\n<p>&nbsp;<\/p>\n<p>Dans la zone de l\u2019\u00eatre, les sujets, racialis\u00e9s en tant que sujets sup\u00e9rieurs, ne vivent pas l\u2019oppression raciale mais vivent du privil\u00e8ge racial. Dans la zone de non-\u00eatre, les sujets sont racialis\u00e9s au mieux comme subalternes\u00a0; ils vivent au jour le jour l\u2019oppression raciale et non le privil\u00e8ge racial.<\/p>\n<p>Ces quelques tragiques exemples et les nombreuses autres affaires de violence polici\u00e8re qui ont \u00e9t\u00e9 m\u00e9diatis\u00e9es ne sont que la pointe de l\u2019iceberg du racisme et des violences institutionnelles que les Noirs, les Arabes et les \u00ab\u00a0migrants\u00a0\u00bb doivent subir dans ce pays.<\/p>\n<p>Mais, nous dira-t-on, Josef Chovanec \u00e9tait blanc et lui aussi est mort dans les mains de la police belge\u00a0; \u00e7a peut donc arriver \u00e0 tout le monde d\u2019\u00eatre victime de \u00ab\u00a0dysfonctionnements\u00a0\u00bb. C\u2019est vrai qu\u2019il \u00e9tait blanc et c\u2019est vrai qu\u2019il est malheureusement aussi mort dans les mains d\u2019une police\u00a0; une police qui, au demeurant, semble avoir trouv\u00e9 un renfort \u00e9nergisant dans l\u2019ex\u00e9cution du salut nazi.<\/p>\n<p>Deux \u00e9l\u00e9ments doivent \u00eatre relev\u00e9. Primo, du c\u00f4t\u00e9 policier, ce cas ne permet pas d\u2019oublier que les blancs sont beaucoup plus rarement victimes de violences polici\u00e8res puis de meurtres policiers que les Noirs, les Arabes ou les \u00ab\u00a0migrants\u00a0\u00bb. C\u2019est ind\u00e9niable. \u00a0Secundo, des points de vue m\u00e9diatique, puis politique et sans doute judiciaire, l\u2019on ne peut que constater une grande diff\u00e9rence dans les r\u00e9actions que peut provoquer la r\u00e9v\u00e9lation de la mort d\u2019un blanc entre les mains de la police avec celles que peut provoquer la mort d\u2019un non-blanc. C\u2019est cette diff\u00e9rence qui porte le nom d\u2019impunit\u00e9.<\/p>\n<p>Dans le cas de Josef Chovanec, nous avons entendu les r\u00e9actions de la Premi\u00e8re Ministre, du Parlement. Des policiers ont \u00e9t\u00e9 convoqu\u00e9s et entendus, des hauts grad\u00e9s ont \u00ab\u00a0fait un pas de c\u00f4t\u00e9\u00a0\u00bb, l\u2019ancien ministre de la s\u00e9curit\u00e9 a \u00e9t\u00e9 somm\u00e9 de s\u2019expliquer plusieurs fois, l\u2019Ambassadeur de Slovaquie a \u00e9t\u00e9 re\u00e7u, la veuve de M. Chovanec a pu s\u2019exprimer dans les m\u00e9dias belges depuis la Slovaquie, etc.<\/p>\n<p>Autour du meurtre de Mawda, malgr\u00e9 l\u2019excellent et indispensable travail journalistique men\u00e9 depuis plus de deux ans par Michel Bouffioux, nous avons une r\u00e9action journalistique d\u2019une lenteur ahurissante, des policiers et des procureurs qui mentent, des parlementaires et ministres responsables de la mise en place de la chasse aux \u00ab\u00a0migrants\u00a0\u00bb absents des d\u00e9bats, si bien que seul l\u2019auteur du tir se retrouve sur le banc des accus\u00e9s d\u2019un proc\u00e8s o\u00f9, nous l\u2019avons dit, le parquet requiert un an de prison avec sursis. A la place de ces responsables, un chauffeur et un dit \u00ab\u00a0passeur\u00a0\u00bb, deux Irakiens sans titre de s\u00e9jour, qui, bien que n\u2019ayant pas tir\u00e9, bien qu\u2019eux-m\u00eames pourchass\u00e9s, se voient menac\u00e9s de 7 et 10 ans de prison ferme.<\/p>\n<p>On ne peut donc pas parler d\u00e9cemment de violences polici\u00e8res sans parler du racisme qui les structure et les blanchit. Nous le savons d\u00e9j\u00e0 depuis de trop nombreuses ann\u00e9es, nous n\u2019avons plus besoin d\u2019objectiver qu\u2019en amont des meurtres policiers, les hommes Arabes ou Noirs ont 20 fois plus de risques de se faire contr\u00f4ler, tutoyer, insulter, brutaliser par la police que le reste de la population. Nous savons aussi d\u00e9j\u00e0 trop bien que les Noirs, Arabes, \u00ab\u00a0migrants\u00a0\u00bb, sont surrepr\u00e9sent\u00e9s dans la funeste liste des personnes mortes entre les mains de la police.<\/p>\n<p>Le meurtre social g\u00e9n\u00e9ralis\u00e9 et l\u2019\u00e9limination physique r\u00e9guli\u00e8re de Noirs, d\u2019Arabes et de \u00ab\u00a0migrants\u00a0\u00bb doit cesser imm\u00e9diatement\u00a0!<\/p>\n<p>Dans ce contexte mortif\u00e8re, que des jeunes, comme \u00e0 Anderlecht, osent manifester publiquement et protestent avec vigueur contre une d\u00e9cision judiciaire inique, est chose rassurante dans un Etat qui se pr\u00e9tend d\u00e9mocratique. Ces manifestations sont m\u00eame l\u2019un des rares signes d\u2019espoir face \u00e0 l\u2019insulte permanente qui est faite aux victimes, \u00e0 leurs familles, \u00e0 leurs proches, \u00e0 leurs voisins et \u00e0 leurs communaut\u00e9s.<\/p>\n<p>Au vu des violences polici\u00e8res et des d\u00e9cisions judiciaires qui s\u2019ensuivent, l\u2019on ne peut que constater que ce que scelle l\u2019appareil s\u00e9curitaire, c\u2019est l\u2019\u00e9tablissement d\u2019un ordre racial qui s\u00e9vit dans ce pays. Il est donc sain que des gens s\u2019expriment contre toute nouvelle d\u00e9cision visant \u00e0 maintenir et renforcer cet ordre. M\u00eame si cela inqui\u00e8te, au nom de l\u2019ordre public, \u00ab\u00a0nos\u00a0\u00bb responsables politiques soi-disant f\u00e9rus de Droits de l\u2019Homme, mais manifestement pas de justice raciale.<\/p>\n<p>Nous exigeons de ceux et celles qui disent nous repr\u00e9senter, parlementaires votant les lois, qu\u2019ils et elles travaillent \u00e0 la mise en place de contre-politiques polici\u00e8res et judiciaires capables de garantir le respect des droits et de la dignit\u00e9 de toutes celles et ceux, \u00eatres humains, qui vivent dans ce pays, en particulier de celles et ceux qui victimes de ce syst\u00e8me racial entrent en interaction avec l\u2019appareil s\u00e9curitaire et r\u00e9pressif.<\/p>\n<p>Nous voulons en finir avec l\u2019impunit\u00e9 des crimes policiers. Par tous les moyens n\u00e9cessaires.<\/p>\n<p>Nous voulons abolir les politiques racistes et meurtri\u00e8res des fronti\u00e8res de l\u2019UE. Par tous les moyens n\u00e9cessaires.<\/p>\n<p>Nous voulons l\u2019\u00e9radication de cet ordre racial. Par tous les moyens n\u00e9cessaires.<\/p>\n<p>Nous exigeons Respect et Dignit\u00e9 pour les victimes de violences et de crimes policiers.<\/p>\n<p>Nous exigeons le d\u00e9mant\u00e8lement des op\u00e9rations Medusa et des \u00ab chasses \u00e0 l\u2019homme \u00bb comme mesure prioritaire pour instaurer des voies s\u00fbres de migration.<\/p>\n<p>Nous exigeons une commission d\u2019enqu\u00eate parlementaire afin d\u2019\u00e9tablir les responsabilit\u00e9s politiques dans la mort de Mawda.<\/p>\n<p>Nous exigeons des proc\u00e8s publics pour Adil, Mehdi, Lamine et toutes les victimes de crimes policiers.<\/p>\n<p>&nbsp;<\/p>\n<p>&nbsp;<\/p>\n<p style=\"text-align: left;\">Nordine Saidi et Mouhad Reghif pour Bruxelles Panth\u00e8res<\/p>\n","protected":false},"excerpt":{"rendered":"<p>Lamine Mo\u00efse Bangoura, 27 ans, a \u00e9t\u00e9 tu\u00e9 lors d\u2019une visite domiciliaire \u00e0 Roulers, par 8 policiers, le 7 mai 2018. Le 26 juin 2020, la chambre de conseil de Courtrai prononce un non-lieu \u00e0 l\u2019encontre des policiers, consid\u00e9rant qu\u2019il n\u2019y a aucune raison de les poursuivre. La famille de Lamine a fait appel de &#8230; <a title=\"Police partout, Justice complice\" class=\"read-more\" href=\"https:\/\/bruxelles-pantheres.be\/?p=4636\" aria-label=\"En savoir plus sur Police partout, Justice complice\">Lire la suite<\/a><\/p>\n","protected":false},"author":1,"featured_media":4637,"comment_status":"open","ping_status":"open","sticky":false,"template":"","format":"standard","meta":{"footnotes":""},"categories":[4,7,18,28,39,5],"tags":[375,13],"class_list":["post-4636","post","type-post","status-publish","format-standard","has-post-thumbnail","hentry","category-islamophobie","category-negrophobie","category-resistance-bruxelles","category-racismes","category-sans-papier","category-violence-policiere","tag-mouhad-reghif","tag-nordine-saidi"],"_links":{"self":[{"href":"https:\/\/bruxelles-pantheres.be\/index.php?rest_route=\/wp\/v2\/posts\/4636","targetHints":{"allow":["GET"]}}],"collection":[{"href":"https:\/\/bruxelles-pantheres.be\/index.php?rest_route=\/wp\/v2\/posts"}],"about":[{"href":"https:\/\/bruxelles-pantheres.be\/index.php?rest_route=\/wp\/v2\/types\/post"}],"author":[{"embeddable":true,"href":"https:\/\/bruxelles-pantheres.be\/index.php?rest_route=\/wp\/v2\/users\/1"}],"replies":[{"embeddable":true,"href":"https:\/\/bruxelles-pantheres.be\/index.php?rest_route=%2Fwp%2Fv2%2Fcomments&post=4636"}],"version-history":[{"count":1,"href":"https:\/\/bruxelles-pantheres.be\/index.php?rest_route=\/wp\/v2\/posts\/4636\/revisions"}],"predecessor-version":[{"id":4638,"href":"https:\/\/bruxelles-pantheres.be\/index.php?rest_route=\/wp\/v2\/posts\/4636\/revisions\/4638"}],"wp:featuredmedia":[{"embeddable":true,"href":"https:\/\/bruxelles-pantheres.be\/index.php?rest_route=\/wp\/v2\/media\/4637"}],"wp:attachment":[{"href":"https:\/\/bruxelles-pantheres.be\/index.php?rest_route=%2Fwp%2Fv2%2Fmedia&parent=4636"}],"wp:term":[{"taxonomy":"category","embeddable":true,"href":"https:\/\/bruxelles-pantheres.be\/index.php?rest_route=%2Fwp%2Fv2%2Fcategories&post=4636"},{"taxonomy":"post_tag","embeddable":true,"href":"https:\/\/bruxelles-pantheres.be\/index.php?rest_route=%2Fwp%2Fv2%2Ftags&post=4636"}],"curies":[{"name":"wp","href":"https:\/\/api.w.org\/{rel}","templated":true}]}}