{"id":4648,"date":"2020-12-26T17:44:52","date_gmt":"2020-12-26T16:44:52","guid":{"rendered":"https:\/\/bruxelles-pantheres.be\/?p=4648"},"modified":"2020-12-26T17:44:52","modified_gmt":"2020-12-26T16:44:52","slug":"a-propos-de-miss-provence-et-de-lantisemitisme-le-vrai","status":"publish","type":"post","link":"https:\/\/bruxelles-pantheres.be\/?p=4648","title":{"rendered":"A propos de Miss Provence et de l\u2019antis\u00e9mitisme (le vrai)"},"content":{"rendered":"<p><strong><em>L\u2019anti-tatarisme des Palestiniens (et des banlieues) n\u2019existe pas<\/em><\/strong><\/p>\n<p><strong><em>A propos de Miss Provence et de l\u2019antis\u00e9mitisme (le vrai)<\/em><\/strong><\/p>\n<p>Par Houria Bouteldja<\/p>\n<p>&nbsp;<\/p>\n<p><a href=\"https:\/\/bruxelles-pantheres.be\/wp-content\/uploads\/2017\/07\/20375.jpg\"><img decoding=\"async\" class=\"wp-image-3330 size-medium alignnone\" src=\"https:\/\/bruxelles-pantheres.be\/wp-content\/uploads\/2017\/07\/20375-300x141.jpg\" alt=\"\" width=\"300\" height=\"141\" srcset=\"https:\/\/bruxelles-pantheres.be\/wp-content\/uploads\/2017\/07\/20375-300x141.jpg 300w, https:\/\/bruxelles-pantheres.be\/wp-content\/uploads\/2017\/07\/20375-1024x481.jpg 1024w, https:\/\/bruxelles-pantheres.be\/wp-content\/uploads\/2017\/07\/20375-768x361.jpg 768w, https:\/\/bruxelles-pantheres.be\/wp-content\/uploads\/2017\/07\/20375.jpg 1170w\" sizes=\"(max-width: 300px) 100vw, 300px\" \/><\/a><\/p>\n<p>Imaginons :<\/p>\n<p>La Palestine n\u2019a pas \u00e9t\u00e9 colonis\u00e9e par des populations se r\u00e9clamant du juda\u00efsme mais par des Tatars qui se r\u00e9clament (pourquoi pas ?) du tatarisme.<\/p>\n<p>Ce n\u2019est pas Herzl qui \u00e9crit \u00ab l\u2019Etat des Juifs \u00bb en 1896 mais un Tatar.<\/p>\n<p>Les participants au premier congr\u00e8s sioniste \u00e0 B\u00e2le qui a lieu en 1897 ne sont pas des Juifs mais des Tatars<\/p>\n<p>La d\u00e9claration Balfour \u00e9crite par le Ministre des affaires \u00e9trang\u00e8res anglais, le 2 novembre 1917, n\u2019est pas adress\u00e9e \u00e0 Lionel Walter Rothschild en tant que principal financier du mouvement sioniste mais \u00e0 un Tatar.<\/p>\n<p>Les premiers colons, plus connus sous le nom des \u00ab amants de sions \u00bb (1880), ne sont pas Juifs mais Tatars.<\/p>\n<p>Les premiers mouvements de colonisation de masse apr\u00e8s 1905 ? Des Tatars !<\/p>\n<p>Enfin, la derni\u00e8re grande vague de colons qui d\u00e9ferle apr\u00e8s le g\u00e9nocide nazi (apr\u00e8s avoir \u00e9t\u00e9 interdite d\u2019entr\u00e9e aux Etats-Unis) n\u2019est pas juive mais tatare.<\/p>\n<p>Bref, si le sionisme avait en th\u00e9orie et en pratique, \u00e9t\u00e9, port\u00e9 et r\u00e9alis\u00e9 par des Tatars, les Palestiniens auraient probablement d\u00e9velopp\u00e9 une forme d\u2019anti tatarisme que feu Maxime Rodinson aurait appel\u00e9 un \u00ab racisme de guerre \u00bb ou Albert Memmi un \u00ab racisme \u00e9dent\u00e9\u00bb (\u00ab \u00e9dent\u00e9 \u00bb ne signifiant pas \u00ab inoffensif \u00bb car ce \u00ab racisme \u00bb peut blesser ou m\u00eame tuer mais pas avec les moyens et la logistique fournis par un Etat). \u00ab Racisme \u00bb que les Fran\u00e7ais, oublieux, connaissent bien, eux qui avaient affubl\u00e9 l\u2019ennemi allemand des injures aussi sympathiques que \u00ab Boches \u00bb, \u00ab Chleuhs \u00bb, \u00ab Fris\u00e9s \u00bb\u2026<!--more--><\/p>\n<p>Mais le fait est l\u00e0 : les Tatars n\u2019ont jamais colonis\u00e9 la Palestine. Par cons\u00e9quent, l\u2019anti tatarisme des Palestiniens n\u2019existe pas. En revanche, leur anti isra\u00e9lisme qui se confond parfois avec ce que l\u2019on pourrait appeler un anti juifisme, lui existe bel et bien. Il exprime la haine ou le ressentiment du colonis\u00e9 envers son colonisateur. Et en l\u2019occurrence, le colonisateur de la Palestine s\u2019identifie comme juif. Ce faisant, m\u00eame s\u2019il accapare indument le signifiant \u00ab juif \u00bb et qu\u2019il le rend consubstantiel du projet sioniste, il reste le premier responsable de cette prise d\u2019otage r\u00e9alis\u00e9e au profit d\u2019Isra\u00ebl et au d\u00e9triment du juda\u00efsme (et ou) de la jud\u00e9it\u00e9. A partir de l\u00e0, tout est question de rapports de force. Nous savons en effet, que les Juifs sionistes ne sont pas seuls responsables de l\u2019existence du fait isra\u00e9lien (et de loin !). Les parrains imp\u00e9rialistes, britanniques, fran\u00e7ais, \u00e9tatsuniens ou \u00e9vang\u00e9liques sont \u00e0 la fois plus puissants et plus nombreux que les Juifs sionistes. Il n\u2019en demeure pas moins que la puissance occidentale, avec la complicit\u00e9 de ces derniers, a r\u00e9ussi \u00e0 faire de l\u2019amalgame entre Juifs et Isra\u00ebl, une r\u00e9alit\u00e9 au grand dam des Juifs anti ou a-sionistes et de la communaut\u00e9 des anticolonialistes.<\/p>\n<p>&nbsp;<\/p>\n<p>Maintenant que le mal est fait, s\u2019il faut accorder un titre de victime \u00e0 Miss Provence, c\u2019est moins d\u2019\u00eatre celle d\u2019un antis\u00e9mitisme des quartiers que celle d\u2019un amalgame entretenu par les sionistes eux-m\u00eames et int\u00e9gr\u00e9 par une grande partie de l\u2019opinion.<\/p>\n<p>Il ne fait cependant pas de doute que certains tweets incrimin\u00e9s sont indiscutablement antis\u00e9mites : \u00ab Tonton Hitler, t\u2019as oubli\u00e9 d\u2019exterminer Miss Provence \u00bb ou alors \u00ab Comment on fait pour voter contre une miss, je vote contre la juive \u00bb.<\/p>\n<p>Tandis que d\u2019autres ne sont qu\u2019anti-isra\u00e9liens (comme ils auraient \u00e9t\u00e9 anti Afrikaners \u00e0 l\u2019\u00e9poque de l\u2019Apartheid) : \u00ab Miss Provence j\u2019arrive pas \u00e0 la saquer depuis qu\u2019elle a dit qu\u2019elle \u00e9tait isra\u00e9lienne \u00bb ou \u00ab Miss Provence, elle est isra\u00e9lienne, qu\u2019elle d\u00e9gage ! \u00bb<\/p>\n<p>&nbsp;<\/p>\n<p>Tout ceci am\u00e8ne plusieurs remarques qui s\u2019articulent et se compl\u00e8tent :<\/p>\n<p>&nbsp;<\/p>\n<p>1\/ Dans le prolongement de mes pr\u00e9c\u00e9dentes divagations sur l\u2019anti tatarisme des Palestiniens, la haine ou le racisme envers les Tatars n\u2019existe pas non plus chez les indig\u00e8nes vivant dans l\u2019hexagone. Vous pouvez toujours chercher, vous ne le trouverez pas. En revanche, vous trouverez plus probablement :<\/p>\n<p>&#8211; chez les moins politis\u00e9s, un anti juifisme confus, \u00e0 mi-chemin entre l\u2019antis\u00e9mitisme gaulois (fruit de leur grande int\u00e9gration) et l\u2019anti isra\u00e9lisme (fruit de leur spontan\u00e9it\u00e9 anticoloniale). On comprendra ici, qu\u2019on ne voit pas trop comment \u00e9viter l\u2019amalgame Isra\u00e9lien = juif quand c\u2019est le mouvement sioniste lui-m\u00eame qui a rempli le signifiant isra\u00e9lien du signifiant juif et que celui-ci est entretenu par nos appareils id\u00e9ologiques d\u2019Etat et par la plupart de nos m\u00e9dias.<\/p>\n<p>&#8211; chez les plus politis\u00e9s, un antisionisme assum\u00e9 qui lui rel\u00e8ve d\u2019une compr\u00e9hension parfaite des enjeux coloniaux et qui combat l\u2019amalgame juif = sioniste = colon.<\/p>\n<p>&nbsp;<\/p>\n<p>2\/ On peut toujours faire de la morale, prendre ses grands airs outrag\u00e9s et vilipender ses malfrats d\u2019antis\u00e9mites de banlieue mais l\u2019antis\u00e9mitisme tout comme le colonialisme ne se combattent pas avec une posture de cur\u00e9 mais avec de la politique. D\u2019abord en r\u00e9tablissant la v\u00e9rit\u00e9 : Miss Provence n\u2019est pas responsable de l\u2019identit\u00e9 de son p\u00e8re (cela a \u00e9t\u00e9 rappel\u00e9 \u00e0 juste titre) mais elle est responsable de la sienne et elle ne peut se pr\u00e9senter publiquement sans mesurer ce que l\u2019identit\u00e9 isra\u00e9lienne repr\u00e9sente pour des millions de Palestiniens expuls\u00e9s et occup\u00e9s comme elle ne peut pas ignorer comment Isra\u00ebl participe du d\u00e9sordre et de la d\u00e9stabilisation du monde arabe depuis sa cr\u00e9ation. Oui, elle porte un fardeau dont elle n\u2019est pas responsable mais comme Sartre le rappelle, elle jouit de sa libert\u00e9 pleine et enti\u00e8re. Elle peut donc \u00eatre la fille d\u2019un isra\u00e9lien et se positionner contre le fait colonial isra\u00e9lien. Car on ne peut pas \u00eatre Isra\u00e9lien innocemment. En revanche, si elle faisait le choix de la lutte anticoloniale, elle peut \u00eatre certaine que le mouvement d\u00e9colonial lui ouvrirait grand les bras.<\/p>\n<p>&nbsp;<\/p>\n<p>3\/ Si l\u2019opinion outrag\u00e9e tient vraiment \u00e0 maintenir une conscience forte des horreurs de l\u2019antis\u00e9mitisme, qu\u2019elle laisse s\u2019\u00e9panouir le mouvement antisioniste pour lequel l\u2019amalgame juif\/sioniste est un drame historique au lieu de le criminaliser (ce que Macron s\u2019appr\u00eate \u00e0 faire). Rappelons que les Juifs bundistes d&rsquo;avant guerre \u00e9taient majoritairement antisionistes (comme par exemple Marek Edelman, survivant de l&rsquo;insurrection du ghetto de Varsovie). C\u2019est cette mise \u00e0 l\u2019index qui permet \u00e0 de nouvelles formes d\u2019antis\u00e9mitisme de se d\u00e9ployer et qui sapent les fondements d\u2019une vraie lutte d\u00e9coloniale car la vertu de l\u2019antisionisme c\u2019est pr\u00e9cis\u00e9ment qu\u2019il conteste et combat toute tentative de confondre une identit\u00e9 religieuse ou culturelle (\u00eatre juif) avec une identit\u00e9 politique (\u00eatre sioniste). Mais peut-\u00eatre \u00ab l\u2019opinion outrag\u00e9e \u00bb ne fait-elle que jouer un r\u00f4le dans une grande pi\u00e8ce de th\u00e9\u00e2tre, et que, dans le script, la question juive est au mieux une question subsidiaire au pire un pr\u00e9texte douteux dans un grand jeu de dupes ?<\/p>\n<p>&nbsp;<\/p>\n<p>4\/ Les belles \u00e2mes de droite et d\u2019extr\u00eame droite, telles Renaud Muselier, Aurore Berg\u00e9, Christian Estrosi ou Eric Ciotti qui se sont \u00e9mues des attaques antis\u00e9mites \u00e0 l\u2019encontre de Miss Provence mais aussi ces autres grandes consciences du gouvernement comme G\u00e9rald Darmanin qui s\u2019est dit \u00ab profond\u00e9ment choqu\u00e9 \u00bb de ce qui arrivait \u00e0 Miss Provence et qui a affirm\u00e9 que \u00ab les services de police et de gendarmerie sont mobilis\u00e9s \u00bb, se sont faites plut\u00f4t discr\u00e8tes quand, au moment de l\u2019exhumation, il y a quelques jours d\u2019une vid\u00e9o diffus\u00e9e deux mois plus t\u00f4t et pass\u00e9e compl\u00e8tement inaper\u00e7ue jusqu\u2019alors, Rokhaya Diallo (au moins aussi c\u00e9l\u00e8bre que Miss Provence) se faisait insulter sur l\u2019antenne de Sud Radio :<\/p>\n<p>\u00ab\u00a0Mme Diallo se plaint de la France, elle se plaint des Blancs. Je rappelle qu&rsquo;elle est journaliste, elle a des awards, elle a un master, mais \u00e7a elle le doit \u00e0 l&rsquo;ouverture d&rsquo;esprit de notre \u00e9ducation et de notre pays, parce que Mme Diallo, elle n&rsquo;aurait pas b\u00e9n\u00e9fici\u00e9 de tout ce que donne la France, il y a de fortes chances qu&rsquo;elle serait en Afrique avec 30 kg de plus, 15 gosses en train de piler le mil par terre et d&rsquo;attendre que Monsieur lui donne son tour entre les 4 autres \u00e9pouses[1].\u00a0\u00bb<\/p>\n<p>En deux temps, trois mouvements, la Ministre d\u00e9l\u00e9gu\u00e9e \u00e0 la citoyennet\u00e9, Marl\u00e8ne Schiappa adressait au procureur un signalement \u00ab sur la base de l&rsquo;article 40 du code de proc\u00e9dure p\u00e9nale, qui impose \u00e0 toute autorit\u00e9 publique de signaler une infraction dont elle a connaissance \u00bb. Pas en faveur de Rokhaya Diallo, je vous rassure, mais en faveur de Miss Provence. Pour Diallo, elle s\u2019est content\u00e9e d\u2019intervenir sur le fil de discussion de la militante (alors qu\u2019elle aurait pu \u00e9crire son propre post) l\u2019assurant de tout son \u00ab soutien face \u00e0 ces propos racistes \u00bb. Pour \u00eatre honn\u00eate, il faut reconna\u00eetre que le scandale a quand m\u00eame pouss\u00e9 des personnalit\u00e9s comme Jacques Attali \u00e0 exprimer sa consternation ou \u00e0 Roselyne Bachelot de saisir le CSA. Il n\u2019en reste pas moins que l\u2019antis\u00e9mitisme \u00e0 la fois suppos\u00e9 et r\u00e9el visant Miss Provence a d\u00e9fray\u00e9 la chronique s\u2019imposant ainsi dans les grandes chaines t\u00e9l\u00e9 tandis que la n\u00e9grophobie bien av\u00e9r\u00e9e visant Rokhaya Diallo a \u00e9t\u00e9 largement moins comment\u00e9e.<\/p>\n<p>Faire de l\u2019antis\u00e9mitisme un scandale national et minimiser la n\u00e9grophobie est dans les faits pire que le fameux \u00ab deux poids deux mesures \u00bb qu\u2019on sort \u00e0 toutes les occasions. C\u2019est m\u00eame pire que l\u2019expression d\u2019un philos\u00e9mitisme douteux. C\u2019est dans les faits, organiser la guerre entre les \u00ab racis\u00e9s \u00bb juifs et indig\u00e8nes, pointer et livrer les Juifs \u00e0 la vindicte indig\u00e8ne (pr\u00e9cis\u00e9ment l\u2019exp\u00e9rience que vient de vivre Miss Provence) tout en rendant invisibles les causes profondes du racisme structurel dont l\u2019antis\u00e9mitisme et la n\u00e9grophobie sont ins\u00e9parables.<\/p>\n<p>&nbsp;<\/p>\n<p>5\/ En v\u00e9rit\u00e9, le principal n\u2019est m\u00eame pas l\u00e0. Le 16 d\u00e9cembre dernier, une r\u00e9solution \u00e9tait propos\u00e9e aux Nations Unies[2] : \u00ab Combattre la glorification du nazisme, du n\u00e9o-nazisme et autres pratiques qui contribuent \u00e0 des formes contemporaines de racisme, de discriminations raciales, de x\u00e9nophobie li\u00e9e \u00e0 l\u2019intol\u00e9rance \u00bb. La r\u00e9solution a \u00e9t\u00e9 rejet\u00e9e par les Etats-Unis et l\u2019Ukraine. Je souligne : Les Etats-Unis ont rejet\u00e9 la r\u00e9solution qui proposait de combattre le nazisme. Le bloc occidental s\u2019est abstenu. Je souligne : Il s\u2019est abstenu de soutenir une r\u00e9solution pour combattre le nazisme. La liste en est stup\u00e9fiante[3]. Seuls les pays du sud ont vot\u00e9 pour. On est d\u2019accord, ni vous, ni moi n\u2019avons entendu le ch\u0153ur des pleureurs asserment\u00e9s ?<\/p>\n<p>Ainsi, avec le conflit Ukraine\/Russie en toile de fond, nous pouvons en d\u00e9duire au moins deux choses : D\u2019abord, que les puissances occidentales n\u2019h\u00e9sitent pas \u00e0 sacrifier leurs grands id\u00e9aux, incluant la condamnation du n\u00e9o-nazisme, quand leurs grands int\u00e9r\u00eats sont en jeu, ce qui n\u2019est rien d\u2019autre qu\u2019un blanc seing sinistre donn\u00e9 \u00e0 son expansion. Ce n\u2019est \u00e9videmment pas si \u00e9tonnant que \u00e7a mais il est vrai que faire tomber les masques sans scrupules ni pudeur est le signe d\u2019un d\u00e9litement historique de la bonne conscience blanche. Ensuite, que la plupart des pays du Sud (Am\u00e9rique Latine, Afrique et Monde arabe) que l\u2019Occident accable de tous les vices ont massivement vot\u00e9 pour. Certes, l\u2019enjeu n\u00e9o-nazi ne concerne pas ces pays (ce qui dit quelque chose d\u2019important sur eux) mais cela d\u00e9montre par contraste o\u00f9 se situe g\u00e9opolitiquement le danger fasciste. Une belle occasion de voir d\u2019o\u00f9 vient r\u00e9ellement le risque de retour aux ann\u00e9es trente et surtout d\u2019identifier les milieux qui, lorsque les fachos prendront le pouvoir, auront la possibilit\u00e9 mat\u00e9rielle \u00ab d\u2019affr\u00e9ter des trains \u00bb :<\/p>\n<p>Les \u00ab antis\u00e9mites \u00e9dent\u00e9s \u00bb de banlieues qui s\u2019attaquent b\u00eatement \u00e0 Miss Provence ? Ou bien des pouvoirs d\u2019Etat d\u00e9mocratiquement \u00e9lus ?<\/p>\n<p>&nbsp;<\/p>\n<p>Le 24 d\u00e9cembre 2020<\/p>\n<p>Houria Bouteldja<\/p>\n<p>&nbsp;<\/p>\n<p>[1] Il y a quelques ann\u00e9es, c\u2019est Alain Soral qui m\u2019insultait presque dans les m\u00eames termes :<\/p>\n<p>\u00ab\u00a0Je dirais \u00e0 Houria Bouteldja qu\u2019elle est la preuve de la r\u00e9ussite totale de la colonisation. Car sans la colonisation, cette petite alg\u00e9rienne serait aujourd\u2019hui tatou\u00e9e en bleu sur le front, dans un bled de moyenne montagne. Elle aurait d\u00e9j\u00e0 six gosses, parce qu\u2019elle aurait \u00e9t\u00e9 mari\u00e9e de force, ce qui est normal dans une soci\u00e9t\u00e9 patriarcale traditionnelle. Elle aurait d\u00e9j\u00e0 six gosses et elle fermerait sa gueule. C\u2019est gr\u00e2ce \u00e0 la colonisation et \u00e0 la France si elle peut \u00eatre une r\u00e9volutionnaire anti-fran\u00e7aise haineuse \u00bb.<\/p>\n<p>[2]<a href=\"https:\/\/l.facebook.com\/l.php?u=https%3A%2F%2Fdigitallibrary.un.org%2Frecord%2F3894841%3Fln%3Den%26fbclid%3DIwAR15ZHl-a246LsIyzP8WVKdX1GFxP6Qr4yG_-6VuKL6K88GJk3iJVn_w87A&amp;h=AT2HWLApnv0fykisfkIMZJRl3f0DrETOYgP3MmkB8EJCX7GkGJFaXa9WmYmKZ9s1iED_78B9S6BTIv3m2DzEF2ZrSnXhCW1P-tXo2JxZPmK0f8gcQ3wujlUSot2aeu8qGFfoJRuhFZJd61s49CXR&amp;__tn__=-UK-R&amp;c%5b0%5d=AT3ChSnbFNYAJkrfWoWFupLJmO3E9x8IObbGSUjGmiPYjYulGaTSxBDesFkLsJhGJUnX8HRal5gCW_5cDABL8FdZH-6_E_TyS7QWGcmljA8hP2yb5hneM840fuB-RrDizCK7VYGsikpYNsNsTi6HzBF1QQ\">https:\/\/digitallibrary.un.org\/record\/3894841?ln=en&#8230;<\/a><\/p>\n<p>&nbsp;<\/p>\n<p>[3] Allemagne, France, Belgique, Danemark, Gr\u00e8ce, Finlande, Australie, Autriche, Canada, Finlande, Islande, Irlande, Italie, Luxembourg, Monaco, Pays-Bas, Nouvelle Z\u00e9lande, Norv\u00e8ge, Portugal, Espagne, Su\u00e8de, Suisse, Royaume-Uni&#8230;<\/p>\n<p>&nbsp;<\/p>\n","protected":false},"excerpt":{"rendered":"<p>L\u2019anti-tatarisme des Palestiniens (et des banlieues) n\u2019existe pas A propos de Miss Provence et de l\u2019antis\u00e9mitisme (le vrai) Par Houria Bouteldja &nbsp; Imaginons : La Palestine n\u2019a pas \u00e9t\u00e9 colonis\u00e9e par des populations se r\u00e9clamant du juda\u00efsme mais par des Tatars qui se r\u00e9clament (pourquoi pas ?) du tatarisme. Ce n\u2019est pas Herzl qui \u00e9crit &#8230; <a title=\"A propos de Miss Provence et de l\u2019antis\u00e9mitisme (le vrai)\" class=\"read-more\" href=\"https:\/\/bruxelles-pantheres.be\/?p=4648\" aria-label=\"En savoir plus sur A propos de Miss Provence et de l\u2019antis\u00e9mitisme (le vrai)\">Lire la suite<\/a><\/p>\n","protected":false},"author":1,"featured_media":3620,"comment_status":"open","ping_status":"open","sticky":false,"template":"","format":"standard","meta":{"footnotes":""},"categories":[21,36,4,6,28],"tags":[147],"class_list":["post-4648","post","type-post","status-publish","format-standard","has-post-thumbnail","hentry","category-anti-imperialisme","category-europe","category-islamophobie","category-palestine-moyen-orient","category-racismes","tag-houria-bouteldja"],"_links":{"self":[{"href":"https:\/\/bruxelles-pantheres.be\/index.php?rest_route=\/wp\/v2\/posts\/4648","targetHints":{"allow":["GET"]}}],"collection":[{"href":"https:\/\/bruxelles-pantheres.be\/index.php?rest_route=\/wp\/v2\/posts"}],"about":[{"href":"https:\/\/bruxelles-pantheres.be\/index.php?rest_route=\/wp\/v2\/types\/post"}],"author":[{"embeddable":true,"href":"https:\/\/bruxelles-pantheres.be\/index.php?rest_route=\/wp\/v2\/users\/1"}],"replies":[{"embeddable":true,"href":"https:\/\/bruxelles-pantheres.be\/index.php?rest_route=%2Fwp%2Fv2%2Fcomments&post=4648"}],"version-history":[{"count":4,"href":"https:\/\/bruxelles-pantheres.be\/index.php?rest_route=\/wp\/v2\/posts\/4648\/revisions"}],"predecessor-version":[{"id":4652,"href":"https:\/\/bruxelles-pantheres.be\/index.php?rest_route=\/wp\/v2\/posts\/4648\/revisions\/4652"}],"wp:featuredmedia":[{"embeddable":true,"href":"https:\/\/bruxelles-pantheres.be\/index.php?rest_route=\/wp\/v2\/media\/3620"}],"wp:attachment":[{"href":"https:\/\/bruxelles-pantheres.be\/index.php?rest_route=%2Fwp%2Fv2%2Fmedia&parent=4648"}],"wp:term":[{"taxonomy":"category","embeddable":true,"href":"https:\/\/bruxelles-pantheres.be\/index.php?rest_route=%2Fwp%2Fv2%2Fcategories&post=4648"},{"taxonomy":"post_tag","embeddable":true,"href":"https:\/\/bruxelles-pantheres.be\/index.php?rest_route=%2Fwp%2Fv2%2Ftags&post=4648"}],"curies":[{"name":"wp","href":"https:\/\/api.w.org\/{rel}","templated":true}]}}