{"id":465,"date":"2013-03-24T05:09:44","date_gmt":"2013-03-24T04:09:44","guid":{"rendered":"https:\/\/bruxelles-pantheres.be\/?p=465"},"modified":"2013-11-10T05:13:58","modified_gmt":"2013-11-10T04:13:58","slug":"femmes-dexception-angela-davis","status":"publish","type":"post","link":"https:\/\/bruxelles-pantheres.be\/?p=465","title":{"rendered":"Femmes d\u2019exception: Angela Davis"},"content":{"rendered":"<div><strong>Angela Davis : \u00ab\u00a0il faut organiser des communaut\u00e9s de r\u00e9sistance\u00a0\u00bb<\/strong><\/div>\n<div><\/div>\n<p><img decoding=\"async\" class=\"alignright\" alt=\"http:\/\/voiceofdetroit.net\/wp-content\/uploads\/2012\/10\/black_panthers.jpg\" src=\"http:\/\/voiceofdetroit.net\/wp-content\/uploads\/2012\/10\/black_panthers.jpg\" \/><\/p>\n<h3><em><strong>A 69 ans, Angela Davis n\u2019a pas perdu son \u00e2me de militante. Elle continue de se battre pour les droits civiques, aux \u00c9tats-Unis et partout dans le monde. F\u00e9ministe, communiste, proche des \u00ab\u00a0Black Panthers\u00a0\u00bb, elle est devenue une ic\u00f4ne internationale dans les ann\u00e9es 60. La figure embl\u00e9matique du mouvement noir am\u00e9ricain raconte ses combats, sa cavale, son acquittement, son statut de symbole dans un entretien exceptionnel.<\/strong><\/em><!--more--><\/h3>\n<p><iframe src=\"http:\/\/www.dailymotion.com\/embed\/video\/xyddu0\" height=\"270\" width=\"480\" frameborder=\"0\"><\/iframe><br \/>\n<a href=\"http:\/\/www.dailymotion.com\/video\/xyddu0_angela-davis-eternelle-heroine_news\" target=\"_blank\">Angela Davis, \u00e9ternelle h\u00e9ro\u00efne<\/a> <i>par <a href=\"http:\/\/www.dailymotion.com\/FranceInfo\" target=\"_blank\">FranceInfo<\/a><\/i><\/p>\n<p><strong>Angela Davis, une ic\u00f4ne r\u00e9volutionnaire?<\/strong> <em>\u00ab\u00a0Ce terme d\u2019ic\u00f4ne ne me convient pas vraiment\u00a0\u00bb <\/em>estime la militante am\u00e9ricaine.<em> \u00ab\u00a0C\u2019est parce qu\u2019il y a eu des mouvements de masse aux \u00c9tats-Unis et dans le monde entier que je suis connue\u00a0\u00bb<\/em> explique-t-elle, alors qu\u2019un film qui retrace son parcours va sortir le 3 avril, <em>Free Angela and all political prisoners<\/em>. Elle qui <em>\u00ab\u00a0a grandi dans la ville o\u00f9 r\u00e9gnait la s\u00e9gr\u00e9gation\u00a0\u00bb<\/em>, dit avoir pu comprendre la violence raciste et la s\u00e9gr\u00e9gation gr\u00e2ce \u00e0 ses\u00a0 parents. <em>\u00ab\u00a0A l\u2019\u00e2ge de 11 ans, j\u2019ai commenc\u00e9 \u00e0 participer \u00e0 un groupe de discussion interracial. Nous nous r\u00e9unissions pour discuter dans une \u00e9glise qui a \u00e9t\u00e9 d\u00e9truite par une bombe\u00a0\u00bb<\/em>. Fich\u00e9e communiste, elle rappelle que <em>\u00ab\u00a0c\u2019\u00e9tait absurde parce que j\u2019avais \u00e9t\u00e9 recrut\u00e9e pour enseigner le Marxisme\u00a0\u00bb<\/em>.<\/p>\n<blockquote><p>\u00ab\u00a0Je recevais des courriers qui me disaient \u2018rentre chez toi en Afrique!\u2019, \u2018rentre chez toi en Russie!\u2019\u00a0\u00bb<\/p><\/blockquote>\n<p>Elle a ainsi re\u00e7u <em>\u00ab\u00a0des piles et des piles de lettres de menace\u00a0\u00bb<\/em>. Elle a aussi \u00e9t\u00e9 membre des <em>Black Panthers<\/em>.<em> \u00ab\u00a0Ce parti-l\u00e0 avait \u00e9t\u00e9 appel\u00e9 le<\/em> <em>parti des Black Panthers pour l\u2019autod\u00e9fense<\/em>. <em>C\u2019\u00e9tait donc une violence d\u2019autod\u00e9fense\u00a0\u00bb<\/em> ajoute-t-elle pour expliquer leur droit de porter une arme \u00e0 cette \u00e9poque. Une \u00e9poque pendant laquelle Angela Davis cachait son f\u00e9minisme.<\/p>\n<blockquote><p>\u00ab\u00a0On s\u2019est dit \u00e0 ce moment-l\u00e0 que l\u2019on allait int\u00e9grer la lutte pour les droits de la femme \u00e0 la lutte pour les communaut\u00e9s noires\u00a0\u00bb.<\/p><\/blockquote>\n<p>Les choses ont bascul\u00e9 en 1970 quand un commando organise une prise d\u2019otages lors du proc\u00e8s d\u2019un des membres. A la suite de ce bain de sang, Angela Davis est accus\u00e9e d\u2019avoir fourni les armes.<em> \u00ab\u00a0Non, je n\u2019ai pas fourni les armes pour cet acte-l\u00e0 bien s\u00fbr\u00a0\u00bb<\/em>. Mais ces armes lui appartenaient. <em>\u00ab\u00a0Elles avaient \u00e9t\u00e9 achet\u00e9es en mon nom pour mes gardes du corps. Mais c\u2019est l\u2019un d\u2019eux qui a introduit ces armes dans le tribunal\u00a0\u00bb<\/em>. Elle revient alors sur sa fuite.<\/p>\n<blockquote><p>\u00ab\u00a0Si j\u2019\u00e9tais all\u00e9e me rendre aux autorit\u00e9s, probablement que j\u2019aurais \u00e9t\u00e9 ex\u00e9cut\u00e9e par la police\u00a0\u00bb.<\/p><\/blockquote>\n<p>Apr\u00e8s 16 mois de d\u00e9tention, elle est lib\u00e9r\u00e9e gr\u00e2ce \u00e0 la mobilisation internationale. <em>\u00ab\u00a0En France il y a eu un mouvement tr\u00e8s puissant\u00a0\u00bb<\/em> se souvient-elle en \u00e9voquant des photos de sa s\u0153ur, en France, en compagnie de Louis Aragon. <em>\u00ab\u00a0C\u2019\u00e9tait un mouvement qui a largement d\u00e9pass\u00e9 les attentes que, moi, j\u2019aurais pu avoir\u00a0\u00bb<\/em>. Aujourd\u2019hui, <em>\u00ab\u00a0je suppose que j\u2019essaie d\u2019\u00eatre une r\u00e9volutionnaire et d\u2019\u00eatre plus sage, m\u00eame s\u2019il y a une contradiction dans tout cela. Je continue de croire que pour que les choses changent, il faut organiser des communaut\u00e9s de r\u00e9sistance \u00e9normes\u00a0\u00bb<\/em>.<br \/>\n<iframe src=\"http:\/\/www.dailymotion.com\/embed\/video\/xt5bk9\" height=\"270\" width=\"480\" frameborder=\"0\"><\/iframe><br \/>\n<a href=\"http:\/\/www.dailymotion.com\/video\/xt5bk9_free-angela-and-all-political-prisoners-2012-trailer_shortfilms\" target=\"_blank\">Free Angela and all Political Prisoners (2012&#8230;<\/a> <i>par <a href=\"http:\/\/www.dailymotion.com\/Afro-Style-Communication\" target=\"_blank\">Afro-Style-Communication<\/a><\/i><\/p>\n<p style=\"text-align: right;\"><a href=\"http:\/\/www.franceinfo.fr\/societe\/femmes-d-exception\/angela-davis-928975-2013-03-23\">Source<\/a><\/p>\n<p style=\"text-align: right;\"><img decoding=\"async\" class=\"aligncenter\" alt=\"http:\/\/www.africanamericancollection.com\/images\/Angela%20Davis%20Black%20Panther%20paper%20228%20kb.jpg\" src=\"http:\/\/www.africanamericancollection.com\/images\/Angela%20Davis%20Black%20Panther%20paper%20228%20kb.jpg\" \/><\/p>\n<pre id=\"watch-headline-title\"><strong>Angela Davis \u00e0 Toulouse : avant premi\u00e8re \u00e0 l'Utopia de \"Free Angela\" de Shola Lynch\r\n<\/strong><\/pre>\n<p><iframe src=\"\/\/www.youtube.com\/embed\/3kq1pYVai_k\" height=\"315\" width=\"560\" allowfullscreen=\"\" frameborder=\"0\"><\/iframe><\/p>\n","protected":false},"excerpt":{"rendered":"<p>Angela Davis : \u00ab\u00a0il faut organiser des communaut\u00e9s de r\u00e9sistance\u00a0\u00bb A 69 ans, Angela Davis n\u2019a pas perdu son \u00e2me de militante. Elle continue de se battre pour les droits civiques, aux \u00c9tats-Unis et partout dans le monde. F\u00e9ministe, communiste, proche des \u00ab\u00a0Black Panthers\u00a0\u00bb, elle est devenue une ic\u00f4ne internationale dans les ann\u00e9es 60. La &#8230; <a title=\"Femmes d\u2019exception: Angela Davis\" class=\"read-more\" href=\"https:\/\/bruxelles-pantheres.be\/?p=465\" aria-label=\"En savoir plus sur Femmes d\u2019exception: Angela Davis\">Lire la suite<\/a><\/p>\n","protected":false},"author":1,"featured_media":466,"comment_status":"open","ping_status":"open","sticky":false,"template":"","format":"standard","meta":{"footnotes":""},"categories":[21,36,4,7,8,18,28,39,17,5],"tags":[],"class_list":["post-465","post","type-post","status-publish","format-standard","has-post-thumbnail","hentry","category-anti-imperialisme","category-europe","category-islamophobie","category-negrophobie","category-prisons","category-resistance-bruxelles","category-racismes","category-sans-papier","category-video","category-violence-policiere"],"_links":{"self":[{"href":"https:\/\/bruxelles-pantheres.be\/index.php?rest_route=\/wp\/v2\/posts\/465","targetHints":{"allow":["GET"]}}],"collection":[{"href":"https:\/\/bruxelles-pantheres.be\/index.php?rest_route=\/wp\/v2\/posts"}],"about":[{"href":"https:\/\/bruxelles-pantheres.be\/index.php?rest_route=\/wp\/v2\/types\/post"}],"author":[{"embeddable":true,"href":"https:\/\/bruxelles-pantheres.be\/index.php?rest_route=\/wp\/v2\/users\/1"}],"replies":[{"embeddable":true,"href":"https:\/\/bruxelles-pantheres.be\/index.php?rest_route=%2Fwp%2Fv2%2Fcomments&post=465"}],"version-history":[{"count":1,"href":"https:\/\/bruxelles-pantheres.be\/index.php?rest_route=\/wp\/v2\/posts\/465\/revisions"}],"predecessor-version":[{"id":467,"href":"https:\/\/bruxelles-pantheres.be\/index.php?rest_route=\/wp\/v2\/posts\/465\/revisions\/467"}],"wp:featuredmedia":[{"embeddable":true,"href":"https:\/\/bruxelles-pantheres.be\/index.php?rest_route=\/wp\/v2\/media\/466"}],"wp:attachment":[{"href":"https:\/\/bruxelles-pantheres.be\/index.php?rest_route=%2Fwp%2Fv2%2Fmedia&parent=465"}],"wp:term":[{"taxonomy":"category","embeddable":true,"href":"https:\/\/bruxelles-pantheres.be\/index.php?rest_route=%2Fwp%2Fv2%2Fcategories&post=465"},{"taxonomy":"post_tag","embeddable":true,"href":"https:\/\/bruxelles-pantheres.be\/index.php?rest_route=%2Fwp%2Fv2%2Ftags&post=465"}],"curies":[{"name":"wp","href":"https:\/\/api.w.org\/{rel}","templated":true}]}}