{"id":4654,"date":"2021-02-01T10:02:33","date_gmt":"2021-02-01T09:02:33","guid":{"rendered":"https:\/\/bruxelles-pantheres.be\/?p=4654"},"modified":"2021-02-01T10:02:33","modified_gmt":"2021-02-01T09:02:33","slug":"incrimination-de-lactivisme-politique-musulman-en-europe-video","status":"publish","type":"post","link":"https:\/\/bruxelles-pantheres.be\/?p=4654","title":{"rendered":"Incrimination de l&rsquo;activisme politique musulman en Europe ( vid\u00e9o )"},"content":{"rendered":"<p>L&rsquo;islamophobie est en hausse en Europe. La violence islamophobe ne vise pas que les musulmans, mais aussi l&rsquo;activisme politique musulman, qui fait de plus en plus l&rsquo;objet de restrictions et de harc\u00e8lement en Europe.<br \/>\nAlors que les restrictions impos\u00e9es aux musulmans sont d\u00e9j\u00e0 pl\u00e9thoriques, plusieurs questions se posent :<!--more--><\/p>\n<div style=\"text-align: center;\"><a href=\"https:\/\/bruxelles-pantheres.be\/wp-content\/uploads\/2021\/02\/unnamed.png\"><img decoding=\"async\" class=\"alignnone size-full wp-image-4655\" src=\"https:\/\/bruxelles-pantheres.be\/wp-content\/uploads\/2021\/02\/unnamed.png\" alt=\"\" width=\"893\" height=\"443\" srcset=\"https:\/\/bruxelles-pantheres.be\/wp-content\/uploads\/2021\/02\/unnamed.png 893w, https:\/\/bruxelles-pantheres.be\/wp-content\/uploads\/2021\/02\/unnamed-300x149.png 300w, https:\/\/bruxelles-pantheres.be\/wp-content\/uploads\/2021\/02\/unnamed-768x381.png 768w\" sizes=\"(max-width: 893px) 100vw, 893px\" \/><\/a><\/div>\n<div class=\"o9v6fnle cxmmr5t8 oygrvhab hcukyx3x c1et5uql\">&#8211; Quels sont les liens explicites entre les groupes et organisations pro-isra\u00e9liennes et l&rsquo;extr\u00eame-droite europ\u00e9enne ? Comment travaillent-elles \u00e0 la diabolisation de l&rsquo;islam et des musulmans tout en mettant l\u2019accent sur le maintien et la consolidation du soutien \u00e0 Isra\u00ebl.<br \/>\n&#8211; Existe-t-il une relation entre l&rsquo;islamophobie et la diabolisation de la Palestine et des Palestiniens ?<br \/>\n&#8211; Qui sont ces groupes qui alimentent l&rsquo;islamophobie, quels sont leurs liens avec ceux impliqu\u00e9s dans la d\u00e9fense de la politique coloniale isra\u00e9lienne ?<br \/>\n&#8211; Comment l&rsquo;islamophobie est-elle utilis\u00e9e pour obtenir un soutien suppl\u00e9mentaire en faveur d&rsquo;Isra\u00ebl, et dans quelle mesure cette man\u0153uvre a-t-elle \u00e9t\u00e9 couronn\u00e9e de succ\u00e8s apr\u00e8s le 11 septembre ?<br \/>\n&#8211; Comment devrait-on l&rsquo;aborder dans les ann\u00e9es \u00e0 venir ?<br \/>\n&#8211; Comment ces organisations sont- elles li\u00e9es ?<br \/>\n&#8211; Quelle a \u00e9t\u00e9 la r\u00e9ponse institutionnelle, en g\u00e9n\u00e9ral, par rapport \u00e0 l&rsquo;islamophobie et \/ ou au soutien \u00e0 Isra\u00ebl ?<\/div>\n<div class=\"o9v6fnle cxmmr5t8 oygrvhab hcukyx3x c1et5uql\">Dans ce contexte, <strong>Bruxelles Panth\u00e8res<\/strong> organise un panel Web sur le th\u00e8me \u201cIncrimination de l&rsquo;activisme politique musulman en Europe\u00a0\u00bb. Le panel Web sera introduit par <strong>Issam<\/strong> et anim\u00e9 par <strong>Mouhad.<\/strong><\/div>\n<div class=\"o9v6fnle cxmmr5t8 oygrvhab hcukyx3x c1et5uql\">Nos invit\u00e9s sont :<br \/>\n\u2192 Professeur <strong>Hatem Bazian<\/strong> : professeur de th\u00e9ologie \u00e0 l\u2019universit\u00e9 Zaytuna et professeur d\u2019histoire \u00e0 l\u2019UC Berkeley, auteur de plusieurs ouvrages notamment : \u201cAnnotations on race, colonialism, islamophobia and Palestine\u201d et \u201cPalestine it\u2019s something colonial\u201d.<br \/>\n\u2192 <strong>Houria Bouteldja <\/strong>: Militante politique d\u00e9coloniale et membre du Decolonial International Network (DIN). Autrice du livre : \u201cLes blancs, les juifs et nous. Vers une politique de l\u2019amour r\u00e9volutionnaire\u201d.<br \/>\n\u2192 <strong>Youssef Boussoumah<\/strong> : Militant politique d\u00e9colonial et membre du Decolonial International Network (DIN)<\/div>\n<div><\/div>\n<div class=\"o9v6fnle cxmmr5t8 oygrvhab hcukyx3x c1et5uql\">\u00c0 propos du G\u00e9nocide M\u00e9morial Day :<br \/>\nCet \u00e9v\u00e9nement a d\u00e9but\u00e9 en Janvier 2010 avec la convergence de deux id\u00e9es.<br \/>\nContrer l\u2019id\u00e9e que certains g\u00e9nocides sont plus exclusifs que d\u2019autres et donc dignes d\u2019une plus grande attention.<br \/>\nIdentifier les pratiques g\u00e9nocidaires actuelles en vue de les arr\u00eater.<br \/>\nUn des pivots de ce projet est de mettre l\u2019accent sur le fait qu\u2019il ne doit pas y avoir de hi\u00e9rarchisation des victimes en fonction de leur origine. Nous voulons mettre en \u00e9vidence les personnes et les structures de pouvoir qui ont commis des g\u00e9nocides et en parall\u00e8le honorer la m\u00e9moire des victimes de ces g\u00e9nocides.<br \/>\nL\u2019initiative est britannique, mais elle se d\u00e9roule simultan\u00e9ment \u00e0 Amsterdam, Londres, Paris et Bruxelles.<br \/>\nCette journ\u00e9e est donc organis\u00e9e pour que la m\u00e9moire des crimes\/g\u00e9nocides coloniaux, de la traite n\u00e9gri\u00e8re, de l\u2019esclavage reste vive et ne tombe pas dans l\u2019oubli. Afin que ces crimes perp\u00e9tr\u00e9s et occult\u00e9s par les \u00ab nations civilis\u00e9es \u00bb soient pleinement reconnus et assum\u00e9s par le monde occidental.<\/div>\n<div class=\"o9v6fnle cxmmr5t8 oygrvhab hcukyx3x c1et5uql\">ENG\/<\/div>\n<div class=\"o9v6fnle cxmmr5t8 oygrvhab hcukyx3x c1et5uql\">Criminalisation of Muslim political activism in Europe<\/div>\n<div class=\"o9v6fnle cxmmr5t8 oygrvhab hcukyx3x c1et5uql\">Islamophobia is on the rise in Europe. Islamophobic violence is not only directed against Muslims, but also Muslim political activism, which is increasingly subject to restrictions and harassment in Europe.<br \/>\nWhile restrictions on Muslims are already overwhelming, several issues arise:<br \/>\n&#8211; What are the explicit links between pro-Israeli groups and organizations and the European extreme right? How are they working on the demonisation of Islam and Muslims while focusing on maintaining and consolidating support to Israel?<br \/>\n&#8211; Is there a relationship between Islamophobia and the demonisation of Palestine and Palestinians?<br \/>\n&#8211; Who are these groups that fuel Islamophobia, what are their links with those involved in defending Israeli colonial policy?<br \/>\n&#8211; How is Islamophobia used to gain additional support for Israel, and how successful has this been in the aftermath of 9\/11?<br \/>\n&#8211; How should it be addressed in the coming years?<br \/>\n&#8211; How are these organizations bound together?<br \/>\n&#8211; What has been the overall institutional response to Islamophobia and\/or support for Israel?<\/div>\n<div class=\"o9v6fnle cxmmr5t8 oygrvhab hcukyx3x c1et5uql\">In this context, Brussels Panthers is organising a web lecture on the theme \u00ab\u00a0Criminalisation of Muslim political activism in Europe\u00a0\u00bb. The web lecture will be introduced by Issam and moderated by Mouhad (members of Brussels Panthers).<\/div>\n<div class=\"o9v6fnle cxmmr5t8 oygrvhab hcukyx3x c1et5uql\">Our guests are:<br \/>\n\u2192 Professor Hatem Bazian: professor of theology at Zaytuna University and professor of history at UC Berkeley, author of several books including: \u00ab\u00a0Annotations on race, colonialism, Islamophobia and Palestine\u00a0\u00bb and \u00ab\u00a0Palestine it&rsquo;s something colonial\u00a0\u00bb.<br \/>\n\u2192 Houria Bouteldja: Decolonial political activist and member of the Decolonial International Network (DIN). Author of the book: \u00ab\u00a0The whites, the Jews and us. Towards a politics of revolutionary love.<br \/>\n\u2192 Youssef Boussoumah: Decolonial political activist and member of the Decolonial International Network (DIN).<br \/>\nAbout Genocide Memorial Day:<br \/>\nThis event began in January 2010 with the convergence of two ideas.<br \/>\nCountering the idea that some genocides are more exclusive than others and therefore worthy of greater attention.<br \/>\nTo identify current genocidal practices in order to stop them.<br \/>\nOne of the pivotal points of this project is to emphasize that there should be no hierarchy of victims according to their origin. We want to highlight the people and power structures that have committed genocides and at the same time honour the memory of the victims of these genocides.<br \/>\nThe initiative is British, but it is taking place simultaneously in Amsterdam, London, Paris and Brussels.<br \/>\nThis day is therefore organized so that the memory of colonial crimes\/genocides, the slave trade and slavery remain alive and does not fall into oblivion. So that these crimes perpetrated and hidden by the \u00ab\u00a0civilized nations\u00a0\u00bb are fully recognized and assumed by the Western world.<\/div>\n<p style=\"text-align: center;\"><iframe src=\"https:\/\/www.youtube.com\/embed\/mq7mLg54tOQ\" width=\"560\" height=\"315\" frameborder=\"0\" allowfullscreen=\"allowfullscreen\"><\/iframe><\/p>\n","protected":false},"excerpt":{"rendered":"<p>L&rsquo;islamophobie est en hausse en Europe. La violence islamophobe ne vise pas que les musulmans, mais aussi l&rsquo;activisme politique musulman, qui fait de plus en plus l&rsquo;objet de restrictions et de harc\u00e8lement en Europe. Alors que les restrictions impos\u00e9es aux musulmans sont d\u00e9j\u00e0 pl\u00e9thoriques, plusieurs questions se posent :<\/p>\n","protected":false},"author":1,"featured_media":4656,"comment_status":"open","ping_status":"open","sticky":false,"template":"","format":"standard","meta":{"footnotes":""},"categories":[36,4,18,28,17],"tags":[448,147,181,449],"class_list":["post-4654","post","type-post","status-publish","format-standard","has-post-thumbnail","hentry","category-europe","category-islamophobie","category-resistance-bruxelles","category-racismes","category-video","tag-hatem-bazian","tag-houria-bouteldja","tag-islamophobie","tag-youssef-boussoumah"],"_links":{"self":[{"href":"https:\/\/bruxelles-pantheres.be\/index.php?rest_route=\/wp\/v2\/posts\/4654","targetHints":{"allow":["GET"]}}],"collection":[{"href":"https:\/\/bruxelles-pantheres.be\/index.php?rest_route=\/wp\/v2\/posts"}],"about":[{"href":"https:\/\/bruxelles-pantheres.be\/index.php?rest_route=\/wp\/v2\/types\/post"}],"author":[{"embeddable":true,"href":"https:\/\/bruxelles-pantheres.be\/index.php?rest_route=\/wp\/v2\/users\/1"}],"replies":[{"embeddable":true,"href":"https:\/\/bruxelles-pantheres.be\/index.php?rest_route=%2Fwp%2Fv2%2Fcomments&post=4654"}],"version-history":[{"count":1,"href":"https:\/\/bruxelles-pantheres.be\/index.php?rest_route=\/wp\/v2\/posts\/4654\/revisions"}],"predecessor-version":[{"id":4657,"href":"https:\/\/bruxelles-pantheres.be\/index.php?rest_route=\/wp\/v2\/posts\/4654\/revisions\/4657"}],"wp:featuredmedia":[{"embeddable":true,"href":"https:\/\/bruxelles-pantheres.be\/index.php?rest_route=\/wp\/v2\/media\/4656"}],"wp:attachment":[{"href":"https:\/\/bruxelles-pantheres.be\/index.php?rest_route=%2Fwp%2Fv2%2Fmedia&parent=4654"}],"wp:term":[{"taxonomy":"category","embeddable":true,"href":"https:\/\/bruxelles-pantheres.be\/index.php?rest_route=%2Fwp%2Fv2%2Fcategories&post=4654"},{"taxonomy":"post_tag","embeddable":true,"href":"https:\/\/bruxelles-pantheres.be\/index.php?rest_route=%2Fwp%2Fv2%2Ftags&post=4654"}],"curies":[{"name":"wp","href":"https:\/\/api.w.org\/{rel}","templated":true}]}}