{"id":4658,"date":"2021-02-01T19:13:40","date_gmt":"2021-02-01T18:13:40","guid":{"rendered":"https:\/\/bruxelles-pantheres.be\/?p=4658"},"modified":"2021-02-01T19:13:56","modified_gmt":"2021-02-01T18:13:56","slug":"commission-d-enquete-parlementaire-pour-mawda","status":"publish","type":"post","link":"https:\/\/bruxelles-pantheres.be\/?p=4658","title":{"rendered":"Commission d&rsquo; enqu\u00eate Parlementaire pour Mawda"},"content":{"rendered":"<p>Le rendu du jugement pour ce qui concerne le volet relatif \u00e0 \u00ab l\u2019incident de tir \u00bb aura lieu le vendredi 12 f\u00e9vrier prochain \u00e0 Mons. Le proc\u00e8s des politiques gouvernementales qui ont rendu possible ce meurtre d\u2019Etat (Mawda a \u00e9t\u00e9 tu\u00e9e dans le cadre d\u2019une op\u00e9ration <a class=\"oajrlxb2 g5ia77u1 qu0x051f esr5mh6w e9989ue4 r7d6kgcz rq0escxv nhd2j8a9 nc684nl6 p7hjln8o kvgmc6g5 cxmmr5t8 oygrvhab hcukyx3x jb3vyjys rz4wbd8a qt6c0cv9 a8nywdso i1ao9s8h esuyzwwr f1sip0of lzcic4wl q66pz984 gpro0wi8 b1v8xokw\" tabindex=\"0\" role=\"link\" href=\"https:\/\/www.facebook.com\/hashtag\/medusa?__eep__=6&amp;__cft__[0]=AZWvKqMHg3rJYXT_LIxJIIBSHLt8_FQmjc0gX0xwf-SVd_1g7Wx5IbMWSEsvZFwXdYAGCu2_4PLG1QmMwiW3eSSk6xQls9jdy62OCYDWayx40b24gGo3blZEEGhFImVcs8YHFg1B-kiP_X5PyFs2sAIZmPkLNa_ywyxjBxu7nXND8Q&amp;__tn__=*NK-y-R\">#Medusa<\/a>) a \u00e9t\u00e9 solidement verrouill\u00e9 tant du point de vue de la recherche des infractions et des poursuites (r\u00f4le du parquet de Mons) que du point de vue de l\u2019instruction qui en a d\u00e9coul\u00e9.<\/p>\n<p>En l\u2019absence d\u2019un proc\u00e8s d\u2019Assises ainsi que par les tentatives d&rsquo;inculpation de faux coupables poursuivis comme co-auteurs du meurtre (les kurdes irakiens) et l\u2019inculpation d\u2019un acteur policier en bout de cha\u00eene, c\u2019est toute la machine polici\u00e8re, judicaire et politique de traque aux migrants qui se trouve sans comptes \u00e0 rendre, c&rsquo;est-\u00e0-dire d\u00e9responsabilis\u00e9e.<\/p>\n<p>Nous avons de fortes craintes qu\u2019\u00e0 l\u2019issue du 12 f\u00e9vrier prochain, m\u00e9diatiquement et du point de vue des d\u00e9clarations politiques, on ne referme la bo\u00eete noire des op\u00e9rations Medusa.<\/p>\n<p>Nous plaidons avec insistance pour l\u2019\u00e9tablissement d\u2019une commission d\u2019enqu\u00eate parlementaire pour que soit d\u00e9pli\u00e9 toute cette chaine de commandements et de responsabilit\u00e9s, acteurs par acteurs, qui remonte depuis le policier qui a tu\u00e9 Mawda, jusqu\u2019aux ministres de l\u2019int\u00e9rieur qui ont mis en place, entretenu et renforc\u00e9 ce cadre op\u00e9rationnel, en passant par les acteurs judicaires et policiers qui ont tent\u00e9 de camoufler le meurtre en \u00ab accident \u00bb.<\/p>\n<p>C\u2019est pourquoi nous publions dans l\u2019<a class=\"oajrlxb2 g5ia77u1 qu0x051f esr5mh6w e9989ue4 r7d6kgcz rq0escxv nhd2j8a9 nc684nl6 p7hjln8o kvgmc6g5 cxmmr5t8 oygrvhab hcukyx3x jb3vyjys rz4wbd8a qt6c0cv9 a8nywdso i1ao9s8h esuyzwwr f1sip0of lzcic4wl q66pz984 gpro0wi8 b1v8xokw\" tabindex=\"0\" role=\"link\" href=\"https:\/\/www.facebook.com\/hashtag\/urgence?__eep__=6&amp;__cft__[0]=AZWvKqMHg3rJYXT_LIxJIIBSHLt8_FQmjc0gX0xwf-SVd_1g7Wx5IbMWSEsvZFwXdYAGCu2_4PLG1QmMwiW3eSSk6xQls9jdy62OCYDWayx40b24gGo3blZEEGhFImVcs8YHFg1B-kiP_X5PyFs2sAIZmPkLNa_ywyxjBxu7nXND8Q&amp;__tn__=*NK-y-R\">#urgence<\/a> un premier extrait d\u2019un entretien de recherche plus long qui a eu lieu au lendemain des audiences des 23 et 24 novembre 2020 avec le journaliste Michel <a class=\"oajrlxb2 g5ia77u1 qu0x051f esr5mh6w e9989ue4 r7d6kgcz rq0escxv nhd2j8a9 nc684nl6 p7hjln8o kvgmc6g5 cxmmr5t8 oygrvhab hcukyx3x jb3vyjys rz4wbd8a qt6c0cv9 a8nywdso i1ao9s8h esuyzwwr f1sip0of lzcic4wl q66pz984 gpro0wi8 b1v8xokw\" tabindex=\"0\" role=\"link\" href=\"https:\/\/www.facebook.com\/hashtag\/bouffioux?__eep__=6&amp;__cft__[0]=AZWvKqMHg3rJYXT_LIxJIIBSHLt8_FQmjc0gX0xwf-SVd_1g7Wx5IbMWSEsvZFwXdYAGCu2_4PLG1QmMwiW3eSSk6xQls9jdy62OCYDWayx40b24gGo3blZEEGhFImVcs8YHFg1B-kiP_X5PyFs2sAIZmPkLNa_ywyxjBxu7nXND8Q&amp;__tn__=*NK-y-R\">#Bouffioux<\/a>.<\/p>\n<p>L\u2019important travail d\u2019investigation r\u00e9alis\u00e9 par le journaliste Michel Bouffioux pour Paris Match constitue pour le Comit\u00e9 des donn\u00e9es cruciales qui lui permettent d\u2019articuler son activisme sur une solide dynamique d\u2019enqu\u00eate. C&rsquo;est donc en tout logique avec lui qui nous avons tent\u00e9 d&rsquo;apporter des premiers \u00e9l\u00e9ments de r\u00e9flexion pour la mise en place de cette commission.<!--more--><\/p>\n<p style=\"text-align: center;\"><iframe src=\"https:\/\/www.youtube.com\/embed\/tqu4v9kbps0\" width=\"560\" height=\"315\" frameborder=\"0\" allowfullscreen=\"allowfullscreen\"><\/iframe><\/p>\n<blockquote>\n<div class=\"container xs-pan\">Commission d\u2019enqu\u00eate parlementaire pour Mawda<\/div>\n<\/blockquote>\n<div class=\"container xs-pan\">\n<div class=\"row mbxxl xs-mbn xs-mhn\">\n<div class=\"col-xs-12 col-sm-8 js-petition-content xs-pan\">\n<div class=\"mrxxl xs-mrn\">\n<div class=\"hidden-xs\">\n<h1 class=\"xs-mbs\" style=\"text-align: center;\"><a href=\"https:\/\/www.change.org\/p\/chambre-des-repr%C3%A9sentants-1008-bruxelles-commission-d-enqu%C3%AAte-parlementaire-pour-mawda?use_react=false&amp;fbclid=IwAR3fTrgsgXuNEy9UYpSynyoCAVHoZ2qOlpPGq-W0Cw5MnqRTVijUeGcVzUU\"><strong>SIGNER LA PETITION\u00a0<\/strong><\/a><\/h1>\n<div class=\"photo-component\" data-view=\"components\/photo\" data-model_id=\"224913920\" data-model_name=\"Media\" data-type=\"petition\" data-render=\"true\" data-fetch_summary=\"{&quot;model&quot;:{&quot;model&quot;:&quot;Media&quot;,&quot;id&quot;:&quot;224913920&quot;}}\">\n<div class=\"flex-embed \">\n<div class=\"flex-embed-ratio flex-embed-16x9\">\n<div class=\"flex-embed-content\"><img decoding=\"async\" class=\"image-cropper-nodrag position-absolute-center aligncenter\" src=\"https:\/\/assets.change.org\/photos\/6\/iy\/ex\/QAiYEXMOOmSIAmf-800x450-noPad.jpg?1606580660\" alt=\"\" \/><\/div>\n<div>\n<p>Les 23, 24 novembre et 10 d\u00e9cembre 2020 a eu lieu \u00e0 Mons un proc\u00e8s pour tenter de d\u00e9terminer les responsabilit\u00e9s dans l\u2019assassinat de Mawda.<\/p>\n<p>Tout au long de l\u2019instruction, aussi bien du point de vue de la recherche des infractions (Minist\u00e8re public, Parquet) que de la d\u00e9cision de la Chambre du Conseil, jusqu\u2019au proc\u00e8s lui-m\u00eame, l\u2019inversion de la charge des responsabilit\u00e9s entre les dits \u00ab\u00a0passeurs\u00a0\u00bb et le policier est le signe d\u2019un racisme institutionnalis\u00e9 dans le droit.<\/p>\n<p>Nous refusons d\u2019attendre le rendu du jugement comme si la justice devait rester cette bo\u00eete noire de laquelle nous attendrions passivement la v\u00e9rit\u00e9. Nous appelions et renfor\u00e7ons aujourd\u2019hui cette exigence d\u2019une commission d\u2019enqu\u00eate parlementaire charg\u00e9e de mettre \u00e0 jour les responsabilit\u00e9s politiques dans la mort de la petite Mawda.<\/p>\n<p>Nous demandions les Assises pour des faits d\u2019une telle gravit\u00e9 ; les faits ont \u00e9t\u00e9 correctionnalis\u00e9s. Si nous continuons \u00e0 exiger un proc\u00e8s d\u2019assises, \u00e0 travers la qualification des faits en \u00ab\u00a0meurtre\u00a0\u00bb, c\u2019est aussi bien pour assurer \u00e0 cette affaire une large audience en pr\u00e9sence directe des t\u00e9moins (qui auraient \u00e0 r\u00e9pondre \u00e0 la fois aux questions des juges, des jur\u00e9s et des avocats des parties) que pour instruire les responsabilit\u00e9s politiques qui ont rendus possibles, \u00e0 la fois la mort, les tentatives polici\u00e8res de la cacher ainsi que les mensonges du Parquet tout au long de l\u2019instruction.<\/p>\n<p>Le meurtre de Mawda, dans la nuit du 16 au 17 mai 2018, des suites d\u2019un tir policier a eu lieu dans le cadre des op\u00e9rations M\u00e9dusa de traques aux migrants, qui elles-m\u00eames s\u2019inscrivent dans une politique raciste de fermeture des fronti\u00e8res, aux \u00e9chelles belge et europ\u00e9enne.<\/p>\n<p>Incriminer le seul policier ou, pire, focaliser l\u2019attention sur les seuls \u00ab\u00a0passeurs\u00a0\u00bb sont des mani\u00e8res d\u2019\u00e9viter de mettre en cause les responsabilit\u00e9s politiques multiples de ceux qui organisent la chasse aux migrants.<\/p>\n<p>Si le bras arm\u00e9 policier a sa place sur le banc des accus\u00e9s, sa pr\u00e9sence cache celle des organisateurs de ces op\u00e9rations. Sur le banc des accus\u00e9s ne figurent pas les instigateurs de ces op\u00e9rations, pas plus que les ministres qui les perp\u00e9tuent ou les couvrent (Gouvernement Michel, Gouvernement De Croo).<\/p>\n<p>Par ailleurs, la responsabilit\u00e9 polici\u00e8re et judiciaire est engag\u00e9e. Il s\u2019agit d\u2019abord des techniques d\u2019intervention, des formes de d\u00e9shumanisation des migrants \u00e0 caract\u00e8re raciste \u2014 tirer sans \u00eatre en \u00e9tat de l\u00e9gitime d\u00e9fense est inacceptable, ce n\u2019est pas un \u00ab\u00a0d\u00e9faut de pr\u00e9voyance\u00a0\u00bb, c\u2019est un crime.<\/p>\n<p>Il s\u2019agit ensuite de l\u2019organisation des multiples mensonges que se permettent des policiers. Juste apr\u00e8s les faits (lire l\u2019enqu\u00eate de Michel Bouffioux), les versions s\u2019alignent. D\u00e8s les premi\u00e8res minutes apr\u00e8s le meurtre se met en place une coalition de fonctionnaires, le Parquet n\u2019est pas appel\u00e9 et aucune zone d\u2019exclusion judiciaire n\u2019est mise en place, le tireur est invit\u00e9 \u00e0 rentrer chez lui sans qu\u2019il n\u2019ait fait l\u2019objet d\u2019aucun interrogatoire circonstanci\u00e9 et couch\u00e9 sur proc\u00e8s-verbal. Il est simplement inform\u00e9 par son chef de poste qu\u2019il n\u2019y aura pas de poursuites, qu\u2019il peut rentrer chez lui. Il re\u00e7oit aussi comme conseil de r\u00e9diger un proc\u00e8s-verbal pour \u00ab\u00a0r\u00e9bellion arm\u00e9e\u00a0\u00bb contre lui. Au lendemain de l\u2019enterrement, les policiers pr\u00e9sents le jour du meurtre (\u00e0 l\u2019exception du tireur) vont se r\u00e9unir pour accorder leurs versions.<\/p>\n<p>De la th\u00e8se de l\u2019h\u00e9matome cr\u00e2nien d\u00fb \u00e0 une chute de la camionnette, \u00e0 celle, odieuse de l\u2019 \u00ab\u00a0enfant b\u00e9lier\u00a0\u00bb puis \u00e0 celle de l\u2019 \u00ab\u00a0embard\u00e9e\u00a0\u00bb, en passant par l\u2019 \u00ab\u00a0\u00e9change de tir\u00a0\u00bb, les versions de la police et du Parquet se sont succ\u00e9d\u00e9es avec comme effets d\u2019instruire \u00e0 d\u00e9charge de la police et de fournir au tribunal correctionnel des \u00e9l\u00e9ments pour blanchir ce crime policier. Il s\u2019agit aussi de la couverture des th\u00e8ses polici\u00e8res par le Parquet s\u2019empressant de valider toutes les versions successives jusqu\u2019\u00e0 celle de la camionnette ayant servi d&rsquo;\u00a0\u00bbarme par destination\u00a0\u00bb sans \u00e0 aucun moment poursuivre les mensonges, les coalitions de policiers, les entraves \u00e0 la justice, les tentatives de corruption de t\u00e9moins qui constituent pourtant des crimes graves. Il s\u2019agit l\u00e0 de coalitions de fonctionnaires manifestes, non seulement entre policiers mais qui par l\u2019attitude du parquet impliquent aussi procureurs et magistrats.<\/p>\n<p>De Semira Adadmu \u00e0 Jozef Chovanec : une politique criminelle<\/p>\n<p>L\u2019affaire Mawda est aussi une affaire de violence polici\u00e8re institu\u00e9e. Elle renvoie \u00e0 tout ce que se permet la police sur les corps qualifi\u00e9s d\u2019\u00e9trangers (Adil, Mehdi pour lequel la chambre du conseil a prononc\u00e9 un non-lieu, Lamine Bangoura \u00e9touff\u00e9 par 8 policiers qui ont b\u00e9n\u00e9fici\u00e9 en premi\u00e8re instance d\u2019un non-lieu, etc.) : techniques utilis\u00e9es, op\u00e9rations prioritaires, disparitions d\u2019images et de preuves mettant en cause la police, instructions b\u00e2cl\u00e9es, coalition de fonctionnaires, etc.<\/p>\n<p>Mettre fin aux violences racistes d\u2019\u00c9tat !<\/p>\n<p>Autour du proc\u00e8s, il s\u2019agit donc :<\/p>\n<p>D\u2019exiger le d\u00e9mant\u00e8lement des op\u00e9rations Medusa et des \u00ab\u00a0chasses \u00e0 l\u2019homme\u00a0\u00bb comme mesure prioritaire pour instaurer des voies s\u00fbres de migration.<br \/>\nD\u2019exiger, par une commission d\u2019enqu\u00eate parlementaire ad hoc \u2014 que l\u2019ensemble des partis politiques s\u2019\u00e9chinent \u00e0 ne pas exiger \u2014 la mise \u00e0 jour des responsabilit\u00e9s politiques dans la mort de la petite Mawda.<br \/>\nD\u2019abolir les politiques racistes et meurtri\u00e8res des fronti\u00e8res de l\u2019UE et de la Belgique en d\u00e9mantelant Frontex et en r\u00e9formant en profondeur la politique migratoire europ\u00e9enne (notamment par l\u2019abolition du cadre Dublin transform\u00e9 qui ne fera qu\u2019accentuer les expulsions).<br \/>\nD\u2019instaurer un droit nouveau de la migration instruit des enjeux des d\u00e9r\u00e8glements climatiques et des d\u00e9s\u00e9quilibres et in\u00e9galit\u00e9s structurelles post-coloniales afin d\u2019assurer la libre circulation et installation.<br \/>\nD\u2019imposer le d\u00e9mant\u00e8lement des formes de violences polici\u00e8res par tous les moyens techniques et politiques n\u00e9cessaires.<br \/>\nD\u2019en finir avec l\u2019impunit\u00e9 des crimes policiers.<br \/>\nDe r\u00e9gulariser les personnes sans-papiers r\u00e9sidant en Belgique \u00e0 la fois comme mesure d\u2019acc\u00e8s aux soins de sant\u00e9, au travail, \u00e0 la s\u00e9curit\u00e9 sociale, au droit au logement, etc. mais \u00e9galement comme mesure de r\u00e9paration post-coloniale dans le cadre de la commission \u00ab\u00a0V\u00e9rit\u00e9 et R\u00e9conciliation\u00a0\u00bb.<\/p>\n<p>Par plus de 50 associations signataires et par plus de 150 personnalit\u00e9s acad\u00e9miques, associatives et artistiques parmi lesquelles :<\/p>\n<p>Associations signataires\u00a0:<\/p>\n<p>FGTB Wallonne, La Ligue des Droits Humains, ASBL Plate-forme Citoyenne bxl refugees, EcoloJ, Decolonial International Network,\u00a0Coordination des sans-papiers de Belgique, le CBAI, Comit\u00e9 Mawda \u2013 Justice et V\u00e9rit\u00e9, Gauche Anticapitaliste, Pr\u00e9sence et Action Culturelles, Le Village du Monde, JOC, CEPAG \u2013 Mons Borinage, MOC Hainaut-Centre, Union Syndicale Etudiante, Fondation Frantz Fanon, CADTM Belgique, Le Groupe Montois de Soutien aux Sans-Papiers, Le MOC Bruxelles, Local Autog\u00e9r\u00e9 du Borinage, Le Th\u00e9\u00e2tre des Rues, Bruxelles Panth\u00e8res,\u00a0Equipes Populaires \u2013 Verviers, R\u00e9seau Ades, Bruxelles Panth\u00e8res, Asbl Nouveau Syst\u00e8me Artistique, L\u2019\u00e9quipe des travailleu.r.se.s d\u2019Agir pour la Paix, Marche des Migrants de la R\u00e9gion du Centre, Le Th\u00e9\u00e2tre du Copion, Charleroi Solidarit\u00e9 Migrant.e.s, IWW Belgium, Nouvelle Voie Anti-coloniale, L\u2019\u00e9cole des solidarit\u00e9s (Mons), Getting the Voice Out, Stand Up tegen racisme en fascisme, Le Mondes des Possibles, Migrations Libres, Editions du Souffle, Solidair Gent, ObsPol, Compagnie Maritime, Acteurs de l\u2019Ombre, Le Steki, Collectif de R\u00e9sistance Aux Centres pour Etrangers (CRACPE), Collectif li\u00e9geois de soutien aux sans-papiers, ATTAC-Li\u00e8ge, F\u00e9d\u00e9ration Anarchiste \/ groupe Ici &amp; Maintenant, Brigade de Solidarit\u00e9 Populaire (Watermael-Boisfort), Collectif 8 mars Bruxelles, Collectif Travailleurs Sans-Papiers, Collectif Heartbroken, Sans-Papiers TV, Comit\u00e9 des Femmes Sans Papiers, Collectif Latinos por la Regularizaci\u00f3n, Les Nouvelles Antigone (Mons), Krasny Collectives, Le th\u00e9\u00e2tre des Travaux et des Jours, Collectif de Lutte Anti-Carc\u00e9ral, Vie F\u00e9minine Bruxelles, Union Communiste Libertaire, Terre d\u2019Errance, Collectif des M\u00e8res Veilleuses (Collectif de M\u00e8res monoparentales), Cercle f\u00e9ministe de l\u2019ULB, Actrices et Acteurs Des Temps Pr\u00e9sents, Collectif Vervi\u00e9tois de Soutien aux Sans-papiers, La Belle Diversit\u00e9, Les D\u00e9cha\u00een\u00e9.es,\u00a0The Human State,\u00a0Union des Progressistes Juifs de Belgique (UPJB).<\/p>\n<p>&nbsp;<\/p>\n<p>Signatures individuelles\u00a0:.<\/p>\n<p>Thomas Englert\u00a0(Secr\u00e9taire F\u00e9d\u00e9ral MOC de Bruxelles)\u00a0;\u00a0Petya Obolensky\u00a0(travailleur social et d\u00e9put\u00e9 PTB, RBC)\u00a0;\u00a0Isabelle Stengers\u00a0(philosophe ULB)\u00a0;\u00a0Laura Odasso\u00a0(Coll\u00e8ge de France, Paris)\u00a0;\u00a0Adellali Hajjat\u00a0(sociologue ULB)\u00a0;Rachid Id Yassine\u00a0(Sociologue, anthropologue, Docteur de l\u2019EHESS, Ma\u00eetre de conf\u00e9rences \u00e0 l\u2019UGB)\u00a0; Houria Bouteldja\u00a0(militante d\u00e9coloniale)\u00a0;\u00a0Pierre-Arnaud Perrouty\u00a0(Ligue des Droits humains\/LDH)\u00a0;\u00a0Monique Mbeka\u00a0(Cin\u00e9aste, productrice, web-journaliste et conf\u00e9renci\u00e8re d\u00e9coloniale)\u00a0; Salim Haouach\u00a0(Directeur artistique de Ras El Hanout)\u00a0; V\u00e9ronique Clette-Gakuba\u00a0(ULB, Pr\u00e9sences Noires)\u00a0; Ang\u00e8le Minguet\u00a0(Attach\u00e9e Parlementaire Ecolo)\u00a0; David Murgia\u00a0(com\u00e9dien)\u00a0; Martin Deleixhe\u00a0(Universit\u00e9 Paris 1 Panth\u00e9on-Sorbonne \u2013 ULB, Enseignant-chercheur universitaire)\u00a0;\u00a0Alliet Daniel\u00a0, B\u00e9guinage Bruxelles\u00a0;\u00a0Mustapha Chairi\u00a0(CCIB)\u00a0;\u00a0Benedikte Zitouni\u00a0(Professeure, Universit\u00e9 Saint-Louis Bruxelles)\u00a0; Jacinthe Mazzocchetti\u00a0(Professeure UCLouvain)\u00a0;\u00a0Stephanie Collingwoode William\u00a0(anthropologue, decolonial climate activist)\u00a0; Joachim Ben Yakoub\u00a0(UGENT \u2013 menarg)\u00a0;\u00a0Ann Veronica Janssens\u00a0(artiste)\u00a0;\u00a0Moon Blaisse\u00a0\u00a0(cin\u00e9ma director, Brussels)\u00a0Serge Deruette\u00a0(Professeur UMONS)\u00a0; V\u00e9ronique Dockx\u00a0(Avocate au Barreau de Bruxelles, sp\u00e9cialis\u00e9e en droit des Etrangers)\u00a0; J\u00e9r\u00e9mie De Clerck\u00a0(Pr\u00e9sident MOC-Bruxelles)\u00a0; Khadija Senhadji\u00a0(Militante antiraciste)\u00a0; Anne Wetsi Mpoma\u00a0(asbl Nouveau Syst\u00e8me Artistique)\u00a0; Didier Debaise\u00a0(ULB, Ma\u00eetre de recherche FNRS)\u00a0; Ma\u00eft\u00e9 Maskens\u00a0(ULB Charg\u00e9e de cours, Bruxelles et Charleroi)\u00a0; Mansuela Nguizani\u00a0(asbl Ujima vzw)\u00a0; Leila\u00a0Mouhib\u00a0(Universit\u00e9 Libre de Bruxelles\/Ma\u00eetre de conf\u00e9rences\/Charleroi)\u00a0; Georgine Dibua (Bakushinta)\u00a0; Sophie Klimis\u00a0(Professeure ordinaire de philosophie, USL-B)\u00a0; Lucie Giunta, (\u00e9lue communale du PTB \u00e0 Mons)\u00a0;Matteo Gagliolo\u00a0(Professeur, ULB, Bruxelles)\u00a0; Soraya El Kahlaoui\u00a0(Sociologue, UGent)\u00a0; Leni Huyghe\u00a0(r\u00e9alisatrice)\u00a0;\u00a0Ali Abdi\u00a0(Jongerencentrum Bouckenborgh);Anas Amara\u00a0(militant Nouvelle voie anti-coloniale, JOC-Bruxelles)\u00a0; Youri Lou Vertongen\u00a0(politologue, Universit\u00e9 Saint-Louis Bruxelles) ; Mouhad Reghif\u00a0(Bruxelles Panth\u00e8res, Porte-parole)\u00a0;\u00a0Nordine Saidi\u00a0(militant d\u00e9colonial et membre de Bruxelles Panth\u00e8res)\u00a0;\u00a0David Jamar\u00a0(sociologue UMONS)\u00a0;\u00a0Martin Vander Elst\u00a0(LAP, UCLouvain)\u00a0; Matteo Geyssens\u00a0(Lezarts Urbains)\u00a0; Quentin Courtois\u00a0(permanent Jeunes FGTB Verviers)\u00a0;Sandro Baguet\u00a0(d\u00e9l\u00e9gu\u00e9 ouvrier FGTB chez Avery Dennison-Soignies)\u00a0; Verlinden Elodie\u00a0(ULB \/Premi\u00e8re logisticienne de recherche et ma\u00eetre d\u2019enseignement\/ Bruxelles et Charleroi)\u00a0; Jean-Pierre Griez\u00a0(cin\u00e9aste)\u00a0; Manu Scordia\u00a0(dessinateur)\u00a0; Maryam Kolly\u00a0(Sociologue Universit\u00e9 Saint-Louis, co-coordinatrice de \u00ab Sciences sociales et religieuses : l\u2019islam dans le monde contemporain)\u00a0; Muriel Sacco\u00a0(Docteure en sciences politiques et sociales, Chercheuse au Germe ULB)\u00a0; Guillermo Kozlowski\u00a0(philosophe, CFS-EP)\u00a0; Julie Carlier\u00a0(Ghent University researcher)\u00a0; Martin\u00a0Lamand\u00a0(juriste)\u00a0; J\u00e9r\u00e9mie Piolat\u00a0(anthropologue, auteur, UCLouvain)\u00a0;\u00a0Jean Vandewattyne\u00a0(professeur, UMONS)\u00a0;\u00a0Quentin Pasetti\u00a0(Assistant \u2013 UMONS)\u00a0;\u00a0Juliette Woitchik\u00a0(Universit\u00e9 Saint-Louis \u2013 assistante \u2013 Bruxelles)\u00a0;\u00a0Marjane Ghaem\u00a0(avocate)\u00a0;\u00a0Thomas Weyts\u00a0(SAP \u2013 Antikapitalisten, Solidair Gent, Stand Up tegen racisme en fascisme) ; Karaoglan Ufuk\u00a0(Gauche Anticapitaliste) ; Flora Platteuw\u00a0(\u00c9tudiante \/ Universiteit van Amsterdam);Nicolas Pommier\u00a0(Bruxelles);Sixtine Van Outryve\u00a0(juriste) ;\u00a0Marilyne Grimmer\u00a0(artiste)\u00a0;\u00a0Graziella Vella\u00a0(anthropologue, UMONS)\u00a0; Sophie Roizard\u00a0(ULB Engag\u00e9e)\u00a0;\u00a0Martine Devries\u00a0 (Calais)\u00a0;\u00a0Pauline Fonsny\u00a0(travailleuse du cin\u00e9ma)\u00a0; Ariane Gemander\u00a0(Assistante-Docorante ULB)\u00a0; Tekule Nola\u00a0(Enseignant, Musicien, Bruxelles)\u00a0;\u00a0Carol Sacr\u00e9\u00a0(anthropologue)\u00a0;\u00a0Pauline Fonsny\u00a0(travailleuse du cin\u00e9ma)\u00a0;\u00a0C\u00e9cile Rugira\u00a0(citoyenne)\u00a0; Julia Hertault\u00a0(ULB)\u00a0; Roxanne Chinikar\u00a0(psychologue Bruxelles)\u00a0; Marine Firmani\u00a0(Universit\u00e9 des Enfants, ULB Engag\u00e9e)\u00a0; Hugo Vranken\u00a0(Gauche Anticapitaliste)\u00a0;\u00a0Corinne\u00a0Gobin\u00a0(Ma\u00eetre de recherche FNRS \u00e0\u00a0 l\u2019ULB)\u00a0; Jennifer Nowe\u00a0\u00a0 (Citoyenne anti-raciste et f\u00e9ministe)\u00a0;\u00a0Lo\u00efc\u00a0Cobut\u00a0(Universit\u00e9 Saint-Louis \u2013 Bruxelles, doctorant)\u00a0; Carlier Lara\u00a0(Responsable de Projets \u2013 Parcours d\u2019Int\u00e9gration)\u00a0; Fariha Ali\u00a0(ULB Engag\u00e9e)\u00a0; G\u00e9raldine Courtois\u00a0(ULB Engag\u00e9e)\u00a0;\u00a0Alexandre Leroux\u00a0(ulb \u2013 germe)\u00a0; Luk Vervaet\u00a0(auteur et militant anticarc\u00e9ral)\u00a0;\u00a0Fabiana Canedo\u00a0(Le Poisson sans bicyclette)\u00a0;\u00a0Debby Burssens\u00a0(Sint-Niklaas Zonder Racisme) ;\u00a0Elisabeth Lebailly\u00a0(charg\u00e9e de communication, charg\u00e9e de mission, artiste)\u00a0;\u00a0Lucie Cauwe\u00a0(journaliste)\u00a0; Aline Bosuma\u00a0(Artiste, Anthropologue,\u00a0 Cr\u00e9atrice p\u00e9dagogique)\u00a0;\u00a0Milady Renoir\u00a0(Po\u00e9tesse solidaire de la lutte des Sans Papiers)\u00a0;\u00a0Barbara Fr\u00e8re\u00a0(Historienne de l\u2019Art et enseignante)\u00a0; Ana\u00efs Carton\u00a0(CADTM)\u00a0; Kristien Pottie\u00a0(com\u00e9dienne, sc\u00e9nariste, animatrice)\u00a0;\u00a0Audrey\u00a0Boucksom\u00a0(Historienne de l\u2019Art, m\u00e9diatrice culturelle)\u00a0; Youri Mora (ULB)\u00a0; Jo\u00eblle Baumerder\u00a0(psychologue)\u00a0;\u00a0Caroline Simon\u00a0(post-doctorante UCL)\u00a0;\u00a0Selim Blieck\u00a0(p\u00e8re au foyer)\u00a0;\u00a0Frank De Maseneire\u00a0(traducteur)\u00a0;\u00a0Touria Zinbi\u00a0(citoyenne, Lennik)\u00a0;Armando Avallone\u00a0(citoyen-Bruxelles)\u00a0;Dominique Waroquiez\u00a0(retrait\u00e9e)\u00a0;\u00a0Na\u00efm Hamzaoui\u00a0(Bruxelles)\u00a0;\u00a0Anne-Sophie Sterck\u00a0(Bruxelles)\u00a0; Fatima-Zohra Ait El Ma\u00e2ti\u00a0(Imazi.Reine)\u00a0;\u00a0Hamid Cherfaoui\u00a0(London\/UK)\u00a0;\u00a0Ranisha Laurent\u00a0;\u00a0No\u00ebmie Cravatte\u00a0(enseignante)\u00a0;\u00a0Vera Cortese\u00a0(Bruxelles)\u00a0;\u00a0Saldarelli Alessia\u00a0(Mons);\u00a0Pooters Thomas\u00a0(filmmonteur, Antwerpen)\u00a0;\u00a0Elsa Roland\u00a0(ULB)\u00a0; Vita (Mons)\u00a0; Vandersteen Johanne (Formatrice);\u00a0Savini Elena\u00a0(D\u00e9cha\u00een\u00e9.es Bruxelles)\u00a0;\u00a0Cheruy Pauline\u00a0(Charleroi)\u00a0;\u00a0Daan Milius\u00a0(Bruxelles)\u00a0;\u00a0Alain Jamar\u00a0(Modave)\u00a0;\u00a0El wahabi Loubna\u00a0(1080)\u00a0;\u00a0Fertinel Violette\u00a0(Bruxelles)\u00a0;\u00a0Allam C\u00e9line\u00a0(Universit\u00e9 de Li\u00e8ge)\u00a0; Caszimir (Zelfstandige)\u00a0;\u00a0Anne Gorouben\u00a0(Artiste-autrice, France)\u00a0;\u00a0Doris Pipers (anthropologue)\u00a0; Lila Ramos (Li\u00e8ge)\u00a0; Yves Nshimirimana (Black Out Redactor, Li\u00e8ge)\u00a0; Raquel Santana de Morais (Desirenhos, Molenbeek)\u00a0; Vanessa Vovor (Bruxelles)\u00a0; Gweny Dos Santos (Schaerbeek)\u00a0; Odile H\u00e9lier (Paris)\u00a0; Aline Ponce (Woluwe Saint-Pierre)\u00a0; Christopher Daley (Producer, Brussels)\u00a0; Saskia Aelen (Antwerpen)\u00a0; B\u00e9r\u00e9nice Magloire (Bruxelles)\u00a0; Chlo\u00e9 Karakatsanis (UMONS)\u00a0; Robert Nicola\u00ef (Mons)\u00a0; Ma T\u00eate est plein d\u2019endroits (Artiste, militant.e, Bruxelles)\u00a0; Axelle Minne (Bruxelles)\u00a0; Marie-Christine Scr\u00e8ve (Obourg)\u00a0; Emi Pellin (Militante Bruxelles)\u00a0; Eleonore Dubray (Etudiante)\u00a0; Elli Mastorou (Journaliste ind\u00e9pendante)\u00a0; Genevi\u00e8ve Dessoy (Burdinne)\u00a0; Bernard No\u00ebl (Linkebeek)\u00a0; Femke Vanpoucke (Rataplan)\u00a0; Aphrodite Maravelaki (Antarsya Belgique)\u00a0; Myriam De Ly (Plate-forme Charleroi \u2013 Palestine)\u00a0; Baptist Myrthe (Brussels)\u00a0; Bernard Servais (Bruxelles)\u00a0; Mariane Andrin (Bruxelles)\u00a0; Catherine Chaverri (Le Roeulx)\u00a0; Mathias De Groof (Researcher, UAntwerpen\/VUB)\u00a0; Nele Van den Broeck (Brussel)\u00a0; Yasmina Tobbeche (Bruxelles)\u00a0; Nicolas Mouzet Tagawa (Metteur en sc\u00e8ne)\u00a0; Kristin Rogghe (Brussel)\u00a0; Emilie Rouchon (Li\u00e8ge)\u00a0; Lo\u00efc Decamp (Li\u00e8ge)\u00a0; Florence Brassur (Mons)\u00a0; Fran\u00e7oise Corgier (r\u00e9seau Education Sans Fronti\u00e8res)\u00a0; Audrey Albert (photographe)\u00a0; Latif El Ba\u00e2mrani (GMSSP)\u00a0; Anne Thuot (Professeure dans l\u2019enseignement sup\u00e9rieur, Bruxelles)\u00a0; Catherine Klinkermallie (Bruxelles)\u00a0; Gloria Mukolo (Bruxelles)\u00a0; Paul Isaac\u00a0; Brigitte Dehombreux (Nimy)\u00a0; Laurence Di Bari (Psychologue, Groupe Montois de Soutien aux Sans-Papiers)\u00a0; Magali Michaux\u00a0; H\u00e9l\u00e8ne Antoine (Schaerbeek)\u00a0; Christiane Claessens (Retrait\u00e9e)\u00a0; Alan Stevenson (animateur)\u00a0; Fabienne Pennewaert (Forest)\u00a0; Jacqueline Bron (Groupe Montois de Soutien aux Sans-Papiers)\u00a0; Linde Polfliet (LABOvzw)\u00a0; Val\u00e9rie Cardinal (Groupe Montois de Soutien aux Sans-Papiers)\u00a0; Dominique Broquet (Binche)\u00a0: Jo\u00eblle Hurchon (Neufmaison)\u00a0; Aur\u00e9lie Lor (Marcinelle)\u00a0; Julie Schyns (Migrations Libres, Li\u00e8ge)\u00a0; Elke Maes (Mons)\u00a0; Lina Vandenberg (Enseignante)\u00a0; J\u00e9r\u00f4me Sancassiani (Saint-Ghislain)\u00a0; Stephen O\u2019Brien (m\u00e9decin g\u00e9n\u00e9raliste)\u00a0; La\u00ebtitia Bohy Hembersin\u00a0;\u00a0Andr\u00e9 Verb\u00e8ke Hazebrouck\u00a0(France).\u00a0L\u00e9a Lemaire\u00a0;Dominique De Laet\u00a0; Camille Trinquet\u00a0;\u00a0Imane Azizi\u00a0; Yssam Benichou\u00a0; Frejia Van Dyck\u00a0; Hakim Benichou\u00a0; Steven Valckx (Ghent)\u00a0; Sven\u00a0 Delarivi\u00e8re\u00a0;\u00a0Cl\u00e9a Metodiev\u00a0; David Artigas\u00a0; Romeo Nastasia\u00a0; Miguel Schelck\u00a0;Bastien\u00a0Castiaux\u00a0; Fatiha Aziz\u00a0;Margot Vanmarcke\u00a0; Thijs Paijmans\u00a0; Cecile Harnie\u00a0; Daphn\u00e9 Crombez\u00a0;\u00a0Marie Willame\u00a0;\u00a0Cecile Harnie\u00a0; Clara Van Eenooghe\u00a0; Jade De Cock\u00a0; Lode Thiery\u00a0; France Hubert; Hanelore Hubert; Stael Joachim.<\/p>\n<p><a class=\"js-petition-description-link\" href=\"https:\/\/www.justicepourmawda.be\/\" target=\"_blank\" rel=\"nofollow noopener noreferrer\">https:\/\/www.justicepourmawda.be\/<\/a><\/p>\n<h1 class=\"xs-mbs\" style=\"text-align: center;\"><a href=\"https:\/\/www.change.org\/p\/chambre-des-repr%C3%A9sentants-1008-bruxelles-commission-d-enqu%C3%AAte-parlementaire-pour-mawda?use_react=false&amp;fbclid=IwAR3fTrgsgXuNEy9UYpSynyoCAVHoZ2qOlpPGq-W0Cw5MnqRTVijUeGcVzUU\"><strong>SIGNER LA PETITION\u00a0<\/strong><\/a><\/h1>\n<\/div>\n<\/div>\n<\/div>\n<\/div>\n<\/div>\n<\/div>\n<\/div>\n<\/div>\n<\/div>\n","protected":false},"excerpt":{"rendered":"<p>Le rendu du jugement pour ce qui concerne le volet relatif \u00e0 \u00ab l\u2019incident de tir \u00bb aura lieu le vendredi 12 f\u00e9vrier prochain \u00e0 Mons. Le proc\u00e8s des politiques gouvernementales qui ont rendu possible ce meurtre d\u2019Etat (Mawda a \u00e9t\u00e9 tu\u00e9e dans le cadre d\u2019une op\u00e9ration #Medusa) a \u00e9t\u00e9 solidement verrouill\u00e9 tant du point &#8230; <a title=\"Commission d&rsquo; enqu\u00eate Parlementaire pour Mawda\" class=\"read-more\" href=\"https:\/\/bruxelles-pantheres.be\/?p=4658\" aria-label=\"En savoir plus sur Commission d&rsquo; enqu\u00eate Parlementaire pour Mawda\">Lire la suite<\/a><\/p>\n","protected":false},"author":1,"featured_media":4659,"comment_status":"open","ping_status":"open","sticky":false,"template":"","format":"standard","meta":{"footnotes":""},"categories":[36,8,18,28,17,5],"tags":[231,306,346,433,331],"class_list":["post-4658","post","type-post","status-publish","format-standard","has-post-thumbnail","hentry","category-europe","category-prisons","category-resistance-bruxelles","category-racismes","category-video","category-violence-policiere","tag-david-jamar","tag-martin-vander-elst","tag-mawda","tag-medusa","tag-michel-bouffioux"],"_links":{"self":[{"href":"https:\/\/bruxelles-pantheres.be\/index.php?rest_route=\/wp\/v2\/posts\/4658","targetHints":{"allow":["GET"]}}],"collection":[{"href":"https:\/\/bruxelles-pantheres.be\/index.php?rest_route=\/wp\/v2\/posts"}],"about":[{"href":"https:\/\/bruxelles-pantheres.be\/index.php?rest_route=\/wp\/v2\/types\/post"}],"author":[{"embeddable":true,"href":"https:\/\/bruxelles-pantheres.be\/index.php?rest_route=\/wp\/v2\/users\/1"}],"replies":[{"embeddable":true,"href":"https:\/\/bruxelles-pantheres.be\/index.php?rest_route=%2Fwp%2Fv2%2Fcomments&post=4658"}],"version-history":[{"count":1,"href":"https:\/\/bruxelles-pantheres.be\/index.php?rest_route=\/wp\/v2\/posts\/4658\/revisions"}],"predecessor-version":[{"id":4660,"href":"https:\/\/bruxelles-pantheres.be\/index.php?rest_route=\/wp\/v2\/posts\/4658\/revisions\/4660"}],"wp:featuredmedia":[{"embeddable":true,"href":"https:\/\/bruxelles-pantheres.be\/index.php?rest_route=\/wp\/v2\/media\/4659"}],"wp:attachment":[{"href":"https:\/\/bruxelles-pantheres.be\/index.php?rest_route=%2Fwp%2Fv2%2Fmedia&parent=4658"}],"wp:term":[{"taxonomy":"category","embeddable":true,"href":"https:\/\/bruxelles-pantheres.be\/index.php?rest_route=%2Fwp%2Fv2%2Fcategories&post=4658"},{"taxonomy":"post_tag","embeddable":true,"href":"https:\/\/bruxelles-pantheres.be\/index.php?rest_route=%2Fwp%2Fv2%2Ftags&post=4658"}],"curies":[{"name":"wp","href":"https:\/\/api.w.org\/{rel}","templated":true}]}}