{"id":4668,"date":"2021-02-21T17:24:13","date_gmt":"2021-02-21T16:24:13","guid":{"rendered":"https:\/\/bruxelles-pantheres.be\/?p=4668"},"modified":"2021-03-28T17:04:54","modified_gmt":"2021-03-28T16:04:54","slug":"la-neutralite-nexiste-pas-il-sagit-de-la-subjectivite-blanche","status":"publish","type":"post","link":"https:\/\/bruxelles-pantheres.be\/?p=4668","title":{"rendered":"La neutralit\u00e9 n\u2019existe pas, il s\u2019agit de la subjectivit\u00e9 blanche."},"content":{"rendered":"<p style=\"text-align: center;\"><strong><u>Contre la supr\u00e9matie blanche, \u00ab\u00a0La dignit\u00e9 ou la mort\u00a0\u00bb<\/u><\/strong><\/p>\n<p>Je pose donc mon cadre d\u2019\u00e9nonciation. Je ne suis pas blanche, je suis alg\u00e9rienne avec le privil\u00e8ge acquis par la violence coloniale, d\u2019avoir un passeport fran\u00e7ais. Je n\u2019ai pas fait de grandes \u00e9tudes. D\u00e9j\u00e0 au lyc\u00e9e je d\u00e9sertais. J\u2019ai os\u00e9 m\u2019immerger \u00e0 35 ans \u00ab dans la gueule du loup \u00bb pensant avoir les reins assez solides.<\/p>\n<p><!--more--><\/p>\n<p id=\"viewer-5sova\" class=\"XzvDs _208Ie ljrnk blog-post-text-font blog-post-text-color _2QAo- _1iXso wj-V5 ljrnk public-DraftStyleDefault-block-depth0 public-DraftStyleDefault-text-ltr\"><span class=\"vkIF2 public-DraftStyleDefault-ltr PDkkw\">Me voil\u00e0 \u00e0 ma seconde immigration, cette fois avec un visa pr\u00e9caire. Je pensais l\u2019universit\u00e9 qu\u00e9b\u00e9coise plus ouverte que la fran\u00e7aise, mais j\u2019y d\u00e9couvre une institution blanche et coloniale. Le terrain est abrupt, violent. C\u2019est bien \u00e9videmment un terrain de lutte avec des r\u00e8gles bien pr\u00e9cises, qu\u2019on ne maitrise pas d\u2019avance. Un jour sur deux, l\u2019envie d\u2019abandonner les \u00e9tudes me taraude, car rares sont les enseignants qui prennent compte du r\u00e9cit de l\u2019opprim\u00e9 dans le cadre des r\u00e9cits nationaux. Rares sont ceux qui prennent en compte les oppressions raciales dans leur analyse, et rares aussi sont ceux qui gardent leur rigueur scientifique lorsqu\u2019ils pensent d\u2019autres territoires que l\u2019occident. En d\u2019autres termes : la qualit\u00e9 de l\u2019enseignement est majoritairement exclusive. L\u2019erreur est humaine, ne pas savoir aussi. Cependant, il serait indiqu\u00e9 de laisser la place \u00e0 la contradiction, la mesure et que tous soyons soumis aux m\u00eames r\u00e8gles et aux m\u00eames exigences. Pour le pluralisme lib\u00e9ral, on repassera. Les paradigmes blancs occidentaux sont maintenus avec force et se sentent menac\u00e9s par toute tentative de les relativiser .La violence est donc d\u2019abord \u00e9pist\u00e9mologique puis s\u2019y ajoutent les vocables des pr\u00e9tendus \u00ab Ma\u00eetres \u00bb . Pour des jeunes \u00e9tudiants blancs, c\u2019est d\u00e9j\u00e0 un environnement stressant avec des obligations de r\u00e9ussite ainsi que des probl\u00e8mes de sexisme<a class=\"_2qJYG blog-link-hashtag-color _2xVcV _2E8wo\" href=\"https:\/\/bruxelles-pantheres.be\/?p=4668#_ftn2\" target=\"_blank\" rel=\"noopener\">[2]<\/a> . Mais pour les non-blancs on peut ajouter un contenu plus stressant du fait d\u2019un solipsisme blanc qui est bien une pathologie de l\u2019humanit\u00e9 blanche et pour les \u00e9tudiants \u00e9trangers c\u2019est encore plus stressant dans la mesure o\u00f9 ils sont oblig\u00e9s de suivre les cours avec r\u00e9gularit\u00e9, sous peine de se retrouver en situation irr\u00e9guli\u00e8re. L\u2019\u00e9loge de la fuite ne peut s\u2019appliquer qu\u2019avec plus de cr\u00e9ativit\u00e9 et de travail. Maintenant que vous savez d\u2019o\u00f9 je parle, je vais prendre position sur la cr\u00e9ation d\u2019un \u00ab probl\u00e8me de soci\u00e9t\u00e9 \u00bb, d\u2019un pr\u00e9tendu \u00ab ennemi int\u00e9rieur \u00bb.<\/span><\/p>\n<p id=\"viewer-7rh1l\" class=\"XzvDs _208Ie ljrnk blog-post-text-font blog-post-text-color _2QAo- _1iXso wj-V5 ljrnk public-DraftStyleDefault-block-depth0 public-DraftStyleDefault-text-ltr\"><span class=\"vkIF2 public-DraftStyleDefault-ltr PDkkw\"> <u class=\"sDZYg\">Alors que nous vivons une s\u00e9quence extraordinairement violente sur plusieurs plans, pour certains d\u2019entre nous, le pouvoir coercitif se d\u00e9chaine.<\/u><\/span><\/p>\n<p id=\"viewer-3gm4q\" class=\"XzvDs _208Ie ljrnk blog-post-text-font blog-post-text-color _2QAo- _25MYV _1Fao9 ljrnk public-DraftStyleDefault-block-depth0 public-DraftStyleDefault-text-ltr\"><span class=\"vkIF2 public-DraftStyleDefault-ltr\"> J\u2019entends des voix bien r\u00e9elles s\u2019\u00e9lever contre des crimes policiers et des mises \u00e0 mort dans le cadre de soins, des voix s\u2019indignant devant les morts dehors dans le froid et la solitude, les morts en prison<a class=\"_2qJYG blog-link-hashtag-color _2xVcV _2E8wo\" href=\"https:\/\/bruxelles-pantheres.be\/?p=4668#_ftn3\" target=\"_blank\" rel=\"noopener\">[3]<\/a>\u2026 Ces derniers mois, la mort touchant les autochtones est plus qu\u2019alarmante : c\u2019est l\u2019h\u00e9catombe. Les traitements indignes inflig\u00e9s \u00e0 ces populations d\u00e9passent l\u2019entendement<a class=\"_2qJYG blog-link-hashtag-color _2xVcV _2E8wo\" href=\"https:\/\/bruxelles-pantheres.be\/?p=4668#_ftn4\" target=\"_blank\" rel=\"noopener\">[4]<\/a>. Les hommes noirs ne sont pas \u00e9pargn\u00e9s par les crimes policiers et les musulmans sont m\u00e9pris\u00e9s lors de la comm\u00e9moration de la fusillade terroriste de la mosqu\u00e9e de Qu\u00e9bec, sans parler de la loi 21. Le premier ministre ne reconna\u00eet pas formellement l\u2019existence de \u00ab l\u2019islamophobie \u00bb. Les musulmans sont ici des citoyens de seconde zone. Nous sommes \u00e9touff\u00e9s par la mort sociale qui plane sur nous : il n\u2019y a qu\u2019\u00e0 voir les discours disqualifiants les victimes de crimes policiers. Il n\u2019y a qu\u2019\u00e0 \u00e9couter Dany Turcotte tentant de salir Camara Mamadi, victime de violence polici\u00e8re, battu, humili\u00e9, emprisonn\u00e9, traumatis\u00e9 puis innocent\u00e9. N\u2019est-ce pas le salir que de demander si la victime va \u00e0 nouveau conduire le cellulaire \u00e0 la main, et justifier le traitement inhumain subit par ce dernier, le tout emball\u00e9 dans une tentative humoristique ? L\u2019heure est grave ! Nous n\u2019entendons pourtant pas Legault d\u00e9fendre les droits humains de Camara Mamadi, son droit \u00e0 la vie, et \u00e0 la dignit\u00e9. Legault nous parle de prot\u00e9ger la \u00ab libert\u00e9 d\u2019expression \u00bb, la \u00ab libert\u00e9 acad\u00e9mique \u00bb<a class=\"_2qJYG blog-link-hashtag-color _2xVcV _2E8wo\" href=\"https:\/\/bruxelles-pantheres.be\/?p=4668#_ftn5\" target=\"_blank\" rel=\"noopener\">[5]<\/a> mais qu\u2019en est-il de la libert\u00e9 d\u2019enseigner de Monsieur Camara Mamadi<a class=\"_2qJYG blog-link-hashtag-color _2xVcV _2E8wo\" href=\"https:\/\/bruxelles-pantheres.be\/?p=4668#_ftn6\" target=\"_blank\" rel=\"noopener\">[6]<\/a> qui est mise en danger par le drame qu\u2019il a subi, les traumatismes psychiques qui en d\u00e9coulent, sans oublier les probl\u00e8mes administratifs auxquels il doit faire face ? Dans le contexte du COVID l\u2019assignation \u00e0 r\u00e9sidence se renforce. En fonction de notre race, de notre classe et de notre genre. Il y a ceux qui charbonnent mais doivent endurer des couvre-feux et sont plus sujets aux contr\u00f4les policiers du fait de profilage racial. Ils et elles sont les travailleurs essentiels. Leur sant\u00e9 et mise en danger ainsi que celle de leurs proches et ce pour servir le capitalisme racial. Ils sont l\u00e0 pour soigner, laver, nourrir et livrer les plus privil\u00e9gi\u00e9s. Cela, in\u00e9vitablement, les soumet \u00e0 une surveillance plus soutenue, \u00e0 une biopolitique et une identification au service de la s\u00e9curisation belle et bien coloniale. Un peu na\u00efve, je pensais fuir le climat fran\u00e7ais, amus\u00e9e par l\u2019expression qu\u00e9b\u00e9coise \u00ab Maudits Fran\u00e7ais ! \u00bb visant l\u2019arrogance de ces derniers qui pr\u00e9tendent tout savoir. Malheureusement, Legault me fait d\u00e9chanter. Il nous dit la chose suivante au sujet des luttes d\u2019\u00e9mancipation : \u00ab Ce probl\u00e8me-l\u00e0 est parti de nos universit\u00e9s, et je pense que c\u2019est l\u00e0 qu\u2019on va devoir le r\u00e9gler en premier. La ministre de l\u2019Enseignement sup\u00e9rieur, Danielle McCann, est en train de se pencher l\u00e0-dessus avec les milieux universitaires pour agir rapidement. \u00bb Cette d\u00e9claration suit de tr\u00e8s pr\u00e8s celle de Macron d\u2019apr\u00e8s qui \u00ab le monde universitaire a \u00e9t\u00e9 coupable. Il a encourag\u00e9 l\u2019ethnicisation de la question sociale en pensant que c\u2019\u00e9tait un bon filon. Or, le d\u00e9bouch\u00e9 ne peut \u00eatre que s\u00e9cessionniste. Cela revient \u00e0 casser la R\u00e9publique en deux \u00bb.<a class=\"_2qJYG blog-link-hashtag-color _2xVcV _2E8wo\" href=\"https:\/\/bruxelles-pantheres.be\/?p=4668#_ftn7\" target=\"_blank\" rel=\"noopener\">[7]<\/a> . Il envoie donc sa ministre de l\u2019Enseignement sup\u00e9rieur, de la Recherche et de l\u2019Innovation en croisade. En pleine gestion politique antisociale de l\u2019\u00e9pid\u00e9mie produisant des relations au monde d\u00e9sincarn\u00e9es, une jeunesse tente de poursuivre une \u00ab instruction \u00bb reconnue sur le march\u00e9 du travail, ils essayent d\u2019apercevoir un horizon. Il y a donc des \u00e9tudiants et une toute petite minorit\u00e9 d\u2019\u00e9tudiants non-blancs qui tentent de suivre un enseignement universitaire \u00e0 distance, dans les meilleures conditions possibles, mais n\u2019acceptent pas de se soumettre \u00e0 tout et n\u2019importe quoi. Nous \u00e9voluons dans une soci\u00e9t\u00e9 Qu\u00e9b\u00e9coise ultra lib\u00e9rale o\u00f9 les \u00e9tudiants sont des clients. Il ne devrait alors n\u2019y avoir aucun \u00e9tonnement \u00e0 ce que le service donn\u00e9 soit discut\u00e9. Ce n\u2019est pourtant pas \u00e9vident pour le grand patron gestionnaire qu\u2019est le premier ministre ni pour sa petite cour. Les \u00e9tudiants remettant en cause l\u2019enseignement qu\u2019il payent sont consid\u00e9r\u00e9s comme censeurs par le pouvoir.<\/span><\/p>\n<p id=\"viewer-f8qld\" class=\"XzvDs _208Ie ljrnk blog-post-text-font blog-post-text-color _2QAo- _25MYV _1Fao9 ljrnk public-DraftStyleDefault-block-depth0 public-DraftStyleDefault-text-ltr\"><span class=\"vkIF2 public-DraftStyleDefault-ltr\"> <em><u class=\"sDZYg\">La r\u00e9alit\u00e9 est toute autre, on subit bien la \u00ab cancel culture \u00bb des dominants<\/u><\/em> <\/span><\/p>\n<p id=\"viewer-5v5ai\" class=\"XzvDs _208Ie ljrnk blog-post-text-font blog-post-text-color _2QAo- _25MYV _1Fao9 ljrnk public-DraftStyleDefault-block-depth0 public-DraftStyleDefault-text-ltr\"><span class=\"vkIF2 public-DraftStyleDefault-ltr\">Legault grand intellectuel et grand progressiste est en pleine croisade. Le Premier ministre du Qu\u00e9bec instrumentalise la libert\u00e9 d\u2019expression et acad\u00e9mique pour justifier des propos discriminants, excluants et surtout une politique oppressive. L\u2019\u00e9nonciation de mots, de concepts, les actes de paroles ne renvoient pas \u00e0 des r\u00e9alit\u00e9s alternatives, ils peuvent produire et reproduire des r\u00e9alit\u00e9s politiques. La libert\u00e9 d\u2019expression n\u2019est pas un concept th\u00e9orique abstrait, elle s\u2019inscrit dans le r\u00e9el, dans un espace, dans le temps, dans des rapports sociaux politiques, bien mat\u00e9riels, bien concrets. Legault nous dit, \u00e0 nous, non-blancs, de rester \u00e0 notre place et de ne pas faire de vagues. Etant donn\u00e9 les discriminations limitant notre acc\u00e8s \u00e0 l\u2019\u00e9ducation, on devrait dire \u00ab merci patron, oui patron, merci de bien vouloir nous tol\u00e9rer dans ces institutions \u00bb. La r\u00e9alit\u00e9 sociale, la v\u00e9ritable intimidation est en fait l\u2019inaccessibilit\u00e9 \u00e0 l\u2019\u00e9ducation sup\u00e9rieure aux personnes racialis\u00e9es, et les violences quotidiennes qu\u2019elles y vivent ne sont pas les pr\u00e9occupations de Legault. Encore faut-il survivre au racisme \u00e0 l\u2019\u00e9cole de la part du corps enseignant comme des \u00e9l\u00e8ves<a class=\"_2qJYG blog-link-hashtag-color _2xVcV _2E8wo\" href=\"https:\/\/bruxelles-pantheres.be\/?p=4668#_ftn8\" target=\"_blank\" rel=\"noopener\">[8]<\/a> pour arriver \u00e0 ce niveau d\u2019exclusion. Pourtant, d\u2019apr\u00e8s le Premier ministre, pas de racisme syst\u00e9mique au Qu\u00e9bec et il se met \u00e0 nous parler d\u2019\u00e9motions, lesquelles fondent sa politique. Il nous raconte le sentiment d\u2019intimidation que certains enseignants vivraient, mais pas un mot sur les violences que les \u00e9tudiants subissent de la part du corps enseignant, de l\u2019administration ou des autres \u00e9tudiants blancs.<\/span><\/p>\n<p id=\"viewer-fu4ag\" class=\"XzvDs _208Ie ljrnk blog-post-text-font blog-post-text-color _2QAo- _25MYV _1Fao9 ljrnk public-DraftStyleDefault-block-depth0 public-DraftStyleDefault-text-ltr\"><span class=\"vkIF2 public-DraftStyleDefault-ltr\"> <em><u class=\"sDZYg\">Les m\u00e9dias, un autre outil du pouvoir<\/u><\/em><\/span><\/p>\n<p id=\"viewer-ckoug\" class=\"XzvDs _208Ie ljrnk blog-post-text-font blog-post-text-color _2QAo- _25MYV _1Fao9 ljrnk public-DraftStyleDefault-block-depth0 public-DraftStyleDefault-text-ltr\"><span class=\"vkIF2 public-DraftStyleDefault-ltr\"> Legault nous r\u00e9p\u00e8te ce que nous savons d\u00e9j\u00e0 et qui fait les choux gras de la presse : Certaines enseignantes pleurnichent dans des tribunes, racontant qu\u2019apr\u00e8s avoir employ\u00e9 des mots racistes \u00ab Le stress monte \u00e0 un point o\u00f9 on n\u2019est plus ma\u00eetre de soi-m\u00eame, que c\u2019est vraiment les pires minutes de leur vie. \u00bb, elles nous parlent de leurs \u00ab \u00e9tat d\u2019\u00e2me \u00bb\u2026 Une sacr\u00e9e belle \u00e2me : \u00ab Son c\u0153ur lui disait de r\u00e9sister. Mais il y avait l\u2019affaire Lieutenant-Duval qui d\u00e9cha\u00eenait les passions au Qu\u00e9bec. Et puis, il y a eu l\u2019affaire Joyce Echaquan \u00e0 Joliette. Le contexte \u00e9tait explosif. \u00c9videmment, on a envie de se plier et d\u2019\u00eatre du c\u00f4t\u00e9 de la vertu. \u00bb nous dit-elle.<a class=\"_2qJYG blog-link-hashtag-color _2xVcV _2E8wo\" href=\"https:\/\/bruxelles-pantheres.be\/?p=4668#_ftn9\" target=\"_blank\" rel=\"noopener\">[9]<\/a> Alors, elle l\u2019a fait. \u00ab Elle a pli\u00e9. \u00bb. En tous cas, elle le pr\u00e9tend, mais semble confondre le bien et le bon et oublier que la vertu est du c\u00f4t\u00e9 de la justice. Par un habile subterfuge, elle devient la victime d\u2019une jeunesse qui ose quitter un cours sur zoom pour lutter contre la mort. Car la race se reproduit et elle tue! Il suffirait pourtant \u00e0 ces enseignantes de suivre un peu l\u2019actualit\u00e9 pour r\u00e9aliser la mat\u00e9rialit\u00e9 derri\u00e8re le mot qui leur est interdit. En r\u00e9alit\u00e9 cette enseignante est bien inform\u00e9e car Joyce Echaquam hante son esprit. Le probl\u00e8me, c\u2019est que la libert\u00e9 ne s\u2019obtient qu\u2019au prix d\u2019une discipline mentale, travail qu\u2019elle semble peu dispos\u00e9e \u00e0 effectuer car il est plus simple de se laisser gouverner par ses \u00e9motions lorsqu\u2019on est dans une position de pouvoir. La position des professeurs au sein de l\u2019universit\u00e9 est importante au Qu\u00e9bec, ces derniers sont bien r\u00e9mun\u00e9r\u00e9s, les \u00e9tudiants ont du mal \u00e0 se payer une instruction et p\u00e8se d\u00e9j\u00e0 sur leurs \u00e9paules le poids de la dette. Ils n\u2019ont finalement pas grande libert\u00e9 d\u2019expression dans la mesure o\u00f9 le temps et l\u2019espace ne sont pas am\u00e9nag\u00e9s \u00e0 cet effet, sans oublier le pouvoir que conf\u00e8re le jugement et la notion de leurs enseignants. Quand il y a d\u00e9saccord, la situation peut devenir \u00e9crasante pour une personne non-blanche qui apporte la contradiction. Je vous laisse le soin d\u2019\u00e9valuer l\u2019ampleur que peut prendre une attitude irresponsable qui cadre mal les \u00e9changes entre \u00e9tudiants par une enseignante qui n\u2019a pas d\u00e9fini clairement son projet p\u00e9dagogique en proposant de traiter d\u2019enjeux se rapportant \u00e0 des probl\u00e9matiques de domination raciale. <a class=\"_2qJYG blog-link-hashtag-color _2xVcV _2E8wo\" href=\"https:\/\/bruxelles-pantheres.be\/?p=4668#_ftn10\" target=\"_blank\" rel=\"noopener\">[10]<\/a> Etrangement, alors que la \u00ab subjectivit\u00e9 \u00bb et une pr\u00e9tendue \u00ab charge \u00e9motionnelle \u00bb sont les premiers outils de disqualification des \u00e9tudiants non-blancs dans le cadre de leurs travaux<a class=\"_2qJYG blog-link-hashtag-color _2xVcV _2E8wo\" href=\"https:\/\/bruxelles-pantheres.be\/?p=4668#_edn1\" target=\"_blank\" rel=\"noopener\">[i]<\/a>, ce sont majoritairement des enseignantes blanches qui rapportent leur ressenti \u00e0 la presse et non les \u00e9tudiants qui font \u00e9clater le scandale. Les m\u00e9dias deviennent un espace propice aux confidences psy, un divan o\u00f9 elles se vautrent pour se noyer dans leur narcissisme. Elles y racontent leurs \u00e9motions et les faits sont inexistants, mais pas un mot sur le ressenti de leurs \u00e9l\u00e8ves. Elles sont pourtant responsables de leur transmettre des connaissances, de cultiver leur esprit critique et elles ont un pouvoir hi\u00e9rarchique sur eux. Aucun article ne donne \u00e0 lire un mot expliquant leur projet p\u00e9dagogique qui justifierait l\u2019emploi de mots racistes, violents et insultants, et c\u2019est effarant pour des enseignants! Mais le plus ironique dans tout cela, est que le premier ministre lui-m\u00eame d\u00e9cide de \u00ab cancel \u00bb des \u00e9l\u00e8ves sur base d\u2019\u00e9motions partag\u00e9es avec ces femmes fragiles, qu\u2019il faudra prot\u00e9ger ! De toute \u00e9vidence, la compassion n\u2019est possible qu\u2019avec ses semblables (c\u2019est-\u00e0-dire d\u2019une certaine race et d\u2019une certaine classe sociale).<\/span><\/p>\n<p id=\"viewer-6ppvs\" class=\"XzvDs _208Ie ljrnk blog-post-text-font blog-post-text-color _2QAo- _1iXso wj-V5 ljrnk public-DraftStyleDefault-block-depth0 public-DraftStyleDefault-text-ltr\"><span class=\"vkIF2 public-DraftStyleDefault-ltr PDkkw\"> <em><u class=\"sDZYg\">La cancel culture, un produit import\u00e9 ? .<\/u><\/em> <\/span><\/p>\n<p id=\"viewer-aip0v\" class=\"XzvDs _208Ie ljrnk blog-post-text-font blog-post-text-color _2QAo- _25MYV _1Fao9 ljrnk public-DraftStyleDefault-block-depth0 public-DraftStyleDefault-text-ltr\"><span class=\"vkIF2 public-DraftStyleDefault-ltr\">Cette pratique est n\u00e9e il y a plus de 400 ans aux \u00c9tats-Unis ou la culture de la d\u00e9lation est tr\u00e8s pr\u00e9sente. Je me souviens tr\u00e8s bien des affiches \u00ab wanted \u00bb dans les westerns que nous regardions avec esprit critique. Dans la conqu\u00eate de l\u2019Ouest, on ne s\u2019embarrassait pas de justice : sans proc\u00e8s, sans d\u00e9fense, on \u00e9tait vite pendu haut et court. L\u2019histoire du Canada est li\u00e9e \u00e0 l\u2019histoire des \u00c9tats-Unis. Ce r\u00e9flexe n\u2019a pas disparu dans le pays, d\u2019ailleurs il appartient aussi \u00e0 la culture qu\u00e9b\u00e9coise, car Legault n\u2019a pas manqu\u00e9 d\u2019encourager le \u00ab <em>call-out<\/em> \u00bb (la d\u00e9lation) depuis le d\u00e9but de l\u2019\u00e9pid\u00e9mie. Robyn Maynard dans <em>Noires sous surveillance : esclavage, r\u00e9pression, violence d\u2019\u00c9tat au Canada <\/em>nous rappelle que l\u2019\u00c9tat construit et d\u00e9construit les r\u00e9cits \u00e0 travers les institutions et qu\u2019on se garde de nous apprendre \u00e0 l\u2019universit\u00e9 l\u2019histoire occult\u00e9e du Canada des populations noires, autochtones et des populations immigr\u00e9es. Elle le fait avec statistiques et exemples \u00e0 l\u2019appui, son travail est scientifique et rigoureux ! Au Canada, on vante les m\u00e9rites de John Graves Simcoe et l\u2019Act Against Slavery, qui m\u00e8ne \u00e0 l\u2019abolition de l\u2019esclavagisme au Haut-Canada d\u00e8s 1810. Cependant, il n\u2019a pas lib\u00e9r\u00e9 les individus mis en situation d\u2019esclavage ni leurs enfants qui devaient attendre l\u2019\u00e2ge de 25 ans. La lib\u00e9ration avait un co\u00fbt qui devait \u00eatre acquitt\u00e9 par les propri\u00e9taires. On comprendra ais\u00e9ment la r\u00e9ticence de certains colons esclavagistes blancs quant \u00e0 l&rsquo;abolition de cette institution. On comprendra aussi les fondements racistes des institutions polici\u00e8res que nous connaissons. . Dans l\u2019id\u00e9e : des individus noirs fraichement \u00ab lib\u00e9r\u00e9s \u00bb devenaient de potentiels criminels car ne poss\u00e9dant rien : il fallait donc les surveiller. Ils le furent y compris les citoyens ne repr\u00e9sentant pas l\u2019ordre publique mais repr\u00e9sentant bien un certain ordre colonial racial : c\u2019est la naissance du profilage. C\u2019est ce pass\u00e9 qui ne passe pas ! c\u2019est la <em>cancel culture<\/em> d\u2019Etat qui condamne les non-blancs sans proc\u00e8s, comme peut en t\u00e9moigner Monsieur Camara<a class=\"_2qJYG blog-link-hashtag-color _2xVcV _2E8wo\" href=\"https:\/\/bruxelles-pantheres.be\/?p=4668#_ftn11\" target=\"_blank\" rel=\"noopener\">[11]<\/a>.<\/span><\/p>\n<p id=\"viewer-5383a\" class=\"XzvDs _208Ie ljrnk blog-post-text-font blog-post-text-color _2QAo- _1iXso wj-V5 ljrnk public-DraftStyleDefault-block-depth0 public-DraftStyleDefault-text-ltr\"><span class=\"vkIF2 public-DraftStyleDefault-ltr PDkkw\"> <em><u class=\"sDZYg\">Ce qui inqui\u00e8te le d\u00e9tendeur du pouvoir ex\u00e9cutif, seraient des \u00ab radicaux qui veulent censurer, museler, intimider et brimer notre libert\u00e9 de parole. \u00bb Mais qui seraient-ils ?<\/u><\/em><\/span><\/p>\n<p id=\"viewer-cam3r\" class=\"XzvDs _208Ie ljrnk blog-post-text-font blog-post-text-color _2QAo- _1iXso wj-V5 ljrnk public-DraftStyleDefault-block-depth0 public-DraftStyleDefault-text-ltr\"><span class=\"vkIF2 public-DraftStyleDefault-ltr PDkkw\"> Mathieu Bock-C\u00f4t\u00e9<a class=\"_2qJYG blog-link-hashtag-color _2xVcV _2E8wo\" href=\"https:\/\/bruxelles-pantheres.be\/?p=4668#_ftn12\" target=\"_blank\" rel=\"noopener\">[12]<\/a>, jouit \u00e0 la lecture du statut Facebook de Fran\u00e7ois Legault qui en recommande la lecture et se positionne contre une certaine \u201cgauche woke\u201d. Elle serait partout, y compris dans les universit\u00e9s, mais en r\u00e9alit\u00e9, c\u2019est avec <a class=\"_1fYLo blog-link-hashtag-color _3C4BT _2N2cN\" href=\"https:\/\/dignitepolitique.wixsite.com\/website\/blog\/hashtags\/metoo\" target=\"_self\" rel=\"noopener\">#metoo<\/a> qu\u2019on d\u00e9couvre les \u00ab safe space \u00bb, la \u00ab cancel culture \u00bb la \u00ab wokness \u00bb, le \u00ab call-out \u00bb. Ce sont des pratiques militantes d\u2019opprim\u00e9es et elles n\u2019ont ni le pouvoir, ni les m\u00eames effets que celles d\u2019un Premier ministre. De plus, cette tendance n\u2019a pas grand-chose \u00e0 voir avec la gauche blanche o\u00f9 elle ne fait pas consensus pas plus que dans toutes les approches f\u00e9ministes\u2026<\/span><\/p>\n<p id=\"viewer-2c261\" class=\"XzvDs _208Ie ljrnk blog-post-text-font blog-post-text-color _2QAo- _1iXso wj-V5 ljrnk public-DraftStyleDefault-block-depth0 public-DraftStyleDefault-text-ltr\"><span class=\"vkIF2 public-DraftStyleDefault-ltr PDkkw\"> <em><u class=\"sDZYg\">Une critique d\u00e9coloniale de ces pratiques me semble alors pertinente<\/u><\/em><\/span><\/p>\n<p id=\"viewer-8fu0\" class=\"XzvDs _208Ie ljrnk blog-post-text-font blog-post-text-color _2QAo- _25MYV _1Fao9 ljrnk public-DraftStyleDefault-block-depth0 public-DraftStyleDefault-text-ltr\"><span class=\"vkIF2 public-DraftStyleDefault-ltr\"> Aujourd\u2019hui, la \u00ab cancel culture \u00bb est essentiellement pratiqu\u00e9e dans des milieux non-mixtes de \u00ab concern\u00e9es \u00bb par des oppressions syst\u00e9miques. Elles et ils essaient de construire des \u00ab safe space \u00bb mais les rapports de pouvoirs sont partout. Les \u00ab cancelled \u00bb sont la plupart du temps des opprim\u00e9s qui ont pu commettre une faute comportementale, des erreurs d\u2019appr\u00e9ciation ou dire quelque chose d\u2019inappropri\u00e9 voire des agressions sexuelles ou non. Une fois ce cadre pos\u00e9, la pratique s\u2019intensifie. On consid\u00e8re qu\u2019une fois la b\u00eatise prononc\u00e9e ou un comportement probl\u00e9matique effectu\u00e9, rien ne pourra l\u2019effacer, l\u2019auteur devient un \u00ab probl\u00e8me \u00bb \u00e0 g\u00e9rer, il est <em>\u00ab cancelled <\/em>\u00bb. Le processus se poursuit, car \u00eatre probl\u00e9matique est semble-t-il contagieux et il faut donc mettre le coupable en quarantaine et il en sera de m\u00eame pour ceux qui le fr\u00e9quentent. Ces pratiques me semblent dangereuses car elles se font sans prendre en compte le statut politique de la personne \u00ab <em>called out<\/em> \u00bb. Les sentiments et \u00e9motions ne sont pas de mon point de vue questionnables, ils sont subjectifs et appartiennent \u00e0 la personne qui les partage. Cependant, des faits rapport\u00e9s m\u2019apparaissent n\u00e9cessairement discutables, \u00e0 \u00e9valuer et \u00e0 contextualiser avant de mener \u00e0 une quelconque action punitive . L\u2019id\u00e9e de justice que pr\u00e9sente ce cadre est discutable. En effet, ici, les rapports de force politiques sont occult\u00e9s, on arriverait \u00e0 faire d\u2019une femme noire un oppresseur si elle a eu un comportement probl\u00e9matique. On confondra les connards opprim\u00e9s (bah oui yen a partout) avec les oppresseurs (qui eux ont du pouvoir). A la sauce postmoderne, la diff\u00e9rence devient indiff\u00e9rente et l\u2019on arrive \u00e0 produire des relations d\u00e9politis\u00e9es perdant de vue leur objectif. Les pratiques peuvent \u00eatre lourdes de cons\u00e9quences car on verra s\u2019organiser la mise \u00e0 mort sociale de la personne jug\u00e9e non \u00ab <em>safe<\/em> \u00bb. La r\u00e9pression s\u2019organisera sans discussion pr\u00e9alable sur ce qui a amen\u00e9 au faux pas car il faut croire la victime sur parole sans m\u00eame demander du contexte. Toute interrogation deviendra suspecte et la personne qui interroge sera tout aussi coupable que le \u00ab <em>cancelled<\/em> \u00bb. On devient juge, jur\u00e9 et bourreau, sans proc\u00e8s. Et on prend le risque de mettre en place des excommunications arbitraires \u00e0 l\u2019encontre de personnes en situation d\u00e9j\u00e0 tr\u00e8s pr\u00e9caire\u2026 Par ailleurs, il est difficile de mon point de vue de se r\u00e9jouir de la punition d\u2019un individu dans le cadre de discriminations globales et je ne suis pas certaine de l\u2019efficacit\u00e9 de ce genre de pratique. On notera, par ailleurs, qu\u2019on a rarement vu des dominants blancs, riches et coupables souffrir de ce genre d\u2019approche punitive. Un Legault ne devrait pas avoir voix au chapitre, pas plus que les grands professeurs blancs qui devraient remettre en question leurs capacit\u00e9s r\u00e9flectives et de transmission. En revanche, on ne peut en dire autant pour des personnes non-blanches parfois accus\u00e9es \u00e0 tort et dont la vie a \u00e9t\u00e9 r\u00e9duite \u00e0 n\u00e9ant. <a class=\"_1fYLo blog-link-hashtag-color _3C4BT _2N2cN\" href=\"https:\/\/dignitepolitique.wixsite.com\/website\/blog\/hashtags\/metoo\" target=\"_self\" rel=\"noopener\">#metoo<\/a> nous a m\u00eame d\u00e9montr\u00e9 que la pratique pouvait se retourner contre la victime qui \u00ab <em>call-out <\/em>\u00bb. Les puissants ayant les moyens d\u2019\u00eatre proactifs et d\u2019attaquer en diffamation avant m\u00eame que la victime ait pu mettre en place une proc\u00e9dure l\u00e9gale \u00e0 l\u2019encore de l\u2019agresseur pr\u00e9sum\u00e9.<\/span><\/p>\n<p id=\"viewer-3mide\" class=\"XzvDs _208Ie ljrnk blog-post-text-font blog-post-text-color _2QAo- _1iXso wj-V5 ljrnk public-DraftStyleDefault-block-depth0 public-DraftStyleDefault-text-ltr\"><span class=\"vkIF2 public-DraftStyleDefault-ltr PDkkw\"> <em><u class=\"sDZYg\">\u00ab La dignit\u00e9 ou la mort \u00bb<\/u><\/em><\/span><\/p>\n<p id=\"viewer-3mfte\" class=\"XzvDs _208Ie ljrnk blog-post-text-font blog-post-text-color _2QAo- _1iXso wj-V5 ljrnk public-DraftStyleDefault-block-depth0 public-DraftStyleDefault-text-ltr\"><span class=\"vkIF2 public-DraftStyleDefault-ltr PDkkw\"> Cela \u00e9tant dit, il est inacceptable de confondre ces pratiques (non condamnables, mais discutables) avec des r\u00e9actions l\u00e9gitimes et saines, des manifestations de dignit\u00e9 bien politiques lorsque des mots produits de la haine raciale sont prononc\u00e9s par le corps des puissants, celui des \u00ab maitres \u00bb: Ma m\u00e8re est n\u00e9e en 47, on n\u2019est pas noires, mais \u00ab sauvages \u00bb. Elle m\u2019a inculqu\u00e9 tr\u00e8s jeune l\u2019interdit de prononcer le N Word dont elle m\u2019a tr\u00e8s simplement expliqu\u00e9 l\u2019histoire et la violence ! Elle m\u2019a aussi insuffl\u00e9 assez de dignit\u00e9 pour que je n\u2019accepte pas de subir les qualificatifs racistes \u00ab de bougnoule \u00bb ou de \u00ab sauvage \u00bb par les puissants. Ici au Qu\u00e9bec le pouvoir s\u2019attaque \u00e0 la \u00ab gauche woke \u00bb l\u00e0-bas, en France aux \u00ab islamogauchistes \u00bb. Or il n\u2019y a pas de nouveau ph\u00e9nom\u00e8ne. Refuser l\u2019emploi de ces mots par les d\u00e9tenteurs du pouvoir n\u2019a rien \u00e0 voir avec de soi-disant nouvelles tendances. L\u2019ang\u00e9lisme blanc feignant la d\u00e9couverte de ces interdits est satanique ! Il en va de m\u00eame pour le terme \u00ab sauvage \u00bb, n\u2019importe quel colonis\u00e9 en connait la charge et l\u2019outil colonial qu\u2019il repr\u00e9sente ! On peut \u00e0 la fois \u00eatre dans une col\u00e8re l\u00e9gitime ou s\u2019amuser de l\u2019impudence de Denise Bombardier qui a annonc\u00e9 renoncer \u00e0 mener des entrevues lors du Salon du livre de Qu\u00e9bec alors qu\u2019elle avait d\u00e9crit la culture autochtone comme \u00e9tant \u00ab mortif\u00e8re \u00bb et \u00ab anti-scientifique \u00bb. Elle se permit aussi des insinuations racistes et dangereuses durant le blocus ferroviaire en 2020. Pour elle, les Mohawks, \u00ab ce sont les Autochtones les plus tonitruants. Parmi eux se terrent des truands qui imposent leurs lois et affectionnent les armes \u00e0 feu \u00ab sp\u00e9ciales \u00bb. Non pas celles qui permettent \u00e0 tout chasseur de tirer le chevreuil, l\u2019orignal ou l\u2019ours, mais des armes de guerre automatiques. Celles qui se retrouvent dans les mains des militaires, des terroristes et trop souvent des meurtriers de masse. \u00bb. On reconnaitra ici le m\u00eame champs lexical employ\u00e9 pour parler des musulmans afin de produire une cat\u00e9gorie potentiellement terroriste, \u00ab un ennemi int\u00e9rieur \u00bb. Elle consid\u00e8re les r\u00e9serves comme \u00ab lieux inhumains \u00e0 l\u2019\u00e9cart de toute civilisation \u00bb. L\u00e0 o\u00f9 le refus de disparaitre par l\u2019assimilation, se produisent des lieux de r\u00e9sistance culturelle dans les r\u00e9serves qu\u00e9b\u00e9coises. On retrouve la rh\u00e9torique coloniale civilisationnelle bien fran\u00e7aise qui ne peut tol\u00e9rer qu\u2019il existe des lieux d\u2019\u00e9mancipation autonomes, il en va de m\u00eame pour le contr\u00f4le des mosqu\u00e9es en France. En ce qui me concerne, je pr\u00e9f\u00e8re \u00eatre une \u00ab sauvage \u00bb car nous sommes nombreux \u00e0 savoir l\u2019indignit\u00e9 et l\u2019inhumanit\u00e9 des pr\u00e9tendus \u00ab civilis\u00e9s \u00bb civilisateurs dans leurs rapports \u00e0 l\u2019alt\u00e9rit\u00e9. La civilisation g\u00e9nocidaire, capitaliste occidentale de Denise semble \u00eatre aux origines de la fin du monde, pas de quoi s\u2019en vanter ! Je m\u2019amuse donc de la m\u00e9moire de poisson rouge de Bombardier qui n\u2019a pas pens\u00e9 une seconde qu\u2019elle devrait assumer ses propos supr\u00e9macistes et m\u00e9prisants. C\u2019est avec une joie d\u00e9coloniale que j\u2019accueille la victoire politique des r\u00e9sistants autochtones<a class=\"_2qJYG blog-link-hashtag-color _2xVcV _2E8wo\" href=\"https:\/\/bruxelles-pantheres.be\/?p=4668#_ftn13\" target=\"_blank\" rel=\"noopener\">[13]<\/a>, qui ont pouss\u00e9 la journaleuse \u00e0 se retirer ! En somme, il est vieux comme le monde de d\u00e9noncer des constitutions, des lois, des tendances politiques, des id\u00e9ologies, des m\u00e9dias, des auteurs, des personnes de pouvoir, des organisations politiques, des associations, des institutions moribondes y compris l\u2019Etat. Les mouvements de luttes dans les universit\u00e9s n\u2019ont rien de nouveau et ont b\u00e9n\u00e9fici\u00e9 \u00e0 l\u2019enrichissement des savoirs. Ces luttes impliquent toujours d\u2019\u00e9crire, d\u2019organiser collectivement des manifestations, de se mobiliser autour de certaines probl\u00e9matiques en vue de construire un rapport de force favorable aux revendications politiques port\u00e9es collectivement afin d\u2019abolir les traitements indignes auxquels on essaie de nous soumettre. Il ne s\u2019agit donc pas de mettre en \u0153uvre une visibilit\u00e9 sauce lib\u00e9rale ou que sais-je. Nous n\u2019avons pas envie d\u2019\u00eatre vus ou aim\u00e9s, nous voulons \u00eatre entendus, et que nos revendications politiques aboutissent, pour une vie plus juste et meilleure. Alors, \u00e0 cette jeunesse qui ne peut se rencontrer, d\u00e9battre, s\u2019\u00e9nerver, crier, discuter, \u00e9changer, mettre en place des r\u00e9unions, s\u2019organiser collectivement, bloquer des universit\u00e9s, se mettre en gr\u00e8ve et peser dans le rapport de force, je souhaite bon courage, bon usage des nouveaux m\u00e9dias et de nos erreurs pour signaler ses d\u00e9saccords, d\u00e9fendre ses positions politiques et ses revendications pour se construire un monde d\u00e9cent et digne de leur humanit\u00e9 !<\/span><\/p>\n<p id=\"viewer-1rfn1\" class=\"XzvDs _208Ie ljrnk blog-post-text-font blog-post-text-color _2QAo- _1iXso wj-V5 ljrnk public-DraftStyleDefault-block-depth0 public-DraftStyleDefault-text-ltr\">\n<p id=\"viewer-3olta\" class=\"XzvDs _208Ie ljrnk blog-post-text-font blog-post-text-color _2QAo- _25MYV _1Fao9 ljrnk public-DraftStyleDefault-block-depth0 public-DraftStyleDefault-text-ltr\"><span class=\"vkIF2 public-DraftStyleDefault-ltr\">Nesrine TEDJINI-BA\u00cfLICHE<\/span><\/p>\n<p id=\"viewer-6i68\" class=\"XzvDs _208Ie ljrnk blog-post-text-font blog-post-text-color _2QAo- _25MYV _1Fao9 ljrnk public-DraftStyleDefault-block-depth0 public-DraftStyleDefault-text-ltr\"><span class=\"vkIF2 public-DraftStyleDefault-ltr\"> <a class=\"_2qJYG blog-link-hashtag-color _2xVcV _2E8wo\" href=\"https:\/\/bruxelles-pantheres.be\/?p=4668#_ftnref1\" target=\"_blank\" rel=\"noopener\">[1]<\/a> La lecture de l\u2019ouvrage<em> La dignit\u00e9 ou la mort \u00c9thique et politique de la race<\/em> de Norman AJARI m\u2019apparait urgente. https:\/\/www.editionsladecouverte.fr\/la_dignite_ou_la_mort-9782359251340 <\/span><\/p>\n<p class=\"XzvDs _208Ie ljrnk blog-post-text-font blog-post-text-color _2QAo- _25MYV _1Fao9 ljrnk public-DraftStyleDefault-block-depth0 public-DraftStyleDefault-text-ltr\"><span class=\"vkIF2 public-DraftStyleDefault-ltr\"><a class=\"_2qJYG blog-link-hashtag-color _2xVcV _2E8wo\" href=\"https:\/\/bruxelles-pantheres.be\/?p=4668#_ftnref2\" target=\"_blank\" rel=\"noopener\">[2]<\/a> A l\u2019universit\u00e9 les ressources et les informations p\u00e9dagogiques sont tr\u00e8s importantes pour cette domination globale mais rien pour le racisme. <\/span><\/p>\n<p class=\"XzvDs _208Ie ljrnk blog-post-text-font blog-post-text-color _2QAo- _25MYV _1Fao9 ljrnk public-DraftStyleDefault-block-depth0 public-DraftStyleDefault-text-ltr\"><span class=\"vkIF2 public-DraftStyleDefault-ltr\"><a class=\"_2qJYG blog-link-hashtag-color _2xVcV _2E8wo\" href=\"https:\/\/bruxelles-pantheres.be\/?p=4668#_ftnref3\" target=\"_blank\" rel=\"noopener\">[3]<\/a><a class=\"_2qJYG blog-link-hashtag-color _2xVcV _2E8wo\" href=\"https:\/\/ici.radio-canada.ca\/nouvelle\/1763170\/police-thunder-bay-exclure-images-enquete-mort-deux-autochtones?fbclid=IwAR1gBCQA9lCrE1qB3FaVWc0P3JM7vLtB_-FMve6a2ao9uowhfkYK00KWm_U\" target=\"_blank\" rel=\"noopener\"> https:\/\/ici.radio-canada.ca\/nouvelle\/1763170\/police-thunder-bay-exclure-images-enquete-mort-deux-autochtones?fbclid=IwAR1gBCQA9lCrE1qB3FaVWc0P3JM7vLtB_-FMve6a2ao9uowhfkYK00KWm_U <\/a><\/span><\/p>\n<p class=\"XzvDs _208Ie ljrnk blog-post-text-font blog-post-text-color _2QAo- _25MYV _1Fao9 ljrnk public-DraftStyleDefault-block-depth0 public-DraftStyleDefault-text-ltr\"><span class=\"vkIF2 public-DraftStyleDefault-ltr\"> <a class=\"_2qJYG blog-link-hashtag-color _2xVcV _2E8wo\" href=\"https:\/\/bruxelles-pantheres.be\/?p=4668#_ftnref4\" target=\"_blank\" rel=\"noopener\">[4]<\/a><a class=\"_2qJYG blog-link-hashtag-color _2xVcV _2E8wo\" href=\"https:\/\/montreal.ctvnews.ca\/elderly-indigenous-man-released-from-quebec-hospital-wearing-only-a-gown-family-says-1.5268536?fbclid=IwAR3KgGHKAxxM9HJyuRvmuJwhEKJzdmIlRNyJ_sc-D0yrDCGa6mbUlfPcusg\" target=\"_blank\" rel=\"noopener\">https:\/\/montreal.ctvnews.ca\/elderly-indigenous-man-released-from-quebec-hospital-wearing-only-a-gown-family-says-1.5268536?fbclid=IwAR3KgGHKAxxM9HJyuRvmuJwhEKJzdmIlRNyJ_sc-D0yrDCGa6mbUlfPcusg<\/a> <a class=\"_2qJYG blog-link-hashtag-color _2xVcV _2E8wo\" href=\"https:\/\/www.cbc.ca\/news\/gopublic\/hospital-patient-crawls-out-mental-illness-1.5871307?fbclid=IwAR2hEBU2a_KV1Xu1TFPc9wgucejY5RPP5qAWLgnE4wVzQpFs_KOfb3tYowk\" target=\"_blank\" rel=\"noopener\"> https:\/\/www.cbc.ca\/news\/gopublic\/hospital-patient-crawls-out-mental-illness-1.5871307?fbclid=IwAR2hEBU2a_KV1Xu1TFPc9wgucejY5RPP5qAWLgnE4wVzQpFs_KOfb3tYowk<\/a> <a class=\"_2qJYG blog-link-hashtag-color _2xVcV _2E8wo\" href=\"https:\/\/ici.radio-canada.ca\/espaces-autochtones\/1764155\/mort-itinerant-autochtone-raphael-prix-liberte-belanger-chronique?fbclid=IwAR32f319Kr67pcZ6Z3XPSIVySZjYl7wa1uYFlgJMqR9xAi3WExenffPAOf8\" target=\"_blank\" rel=\"noopener\"> https:\/\/ici.radio-canada.ca\/espaces-autochtones\/1764155\/mort-itinerant-autochtone-raphael-prix-liberte-belanger-chronique?fbclid=IwAR32f319Kr67pcZ6Z3XPSIVySZjYl7wa1uYFlgJMqR9xAi3WExenffPAOf8<\/a> <a class=\"_2qJYG blog-link-hashtag-color _2xVcV _2E8wo\" href=\"https:\/\/ici.radio-canada.ca\/nouvelle\/1763599\/alerte-naissance-illegale-indiginews?fbclid=IwAR2i0p642mBUqEJi34RaFSPydq9rSkoG3fcwydnkLHA4oCq3Rmog9Y0pyqw\" target=\"_blank\" rel=\"noopener\">https:\/\/ici.radio-canada.ca\/nouvelle\/1763599\/alerte-naissance-illegale-indiginews?fbclid=IwAR2i0p642mBUqEJi34RaFSPydq9rSkoG3fcwydnkLHA4oCq3Rmog9Y0pyqw<\/a> <\/span><\/p>\n<p class=\"XzvDs _208Ie ljrnk blog-post-text-font blog-post-text-color _2QAo- _25MYV _1Fao9 ljrnk public-DraftStyleDefault-block-depth0 public-DraftStyleDefault-text-ltr\"><span class=\"vkIF2 public-DraftStyleDefault-ltr\"><a class=\"_2qJYG blog-link-hashtag-color _2xVcV _2E8wo\" href=\"https:\/\/bruxelles-pantheres.be\/?p=4668#_ftnref5\" target=\"_blank\" rel=\"noopener\">[5] <\/a><a class=\"_2qJYG blog-link-hashtag-color _2xVcV _2E8wo\" href=\"https:\/\/www.journaldequebec.com\/2021\/02\/13\/francois-legault-sexprime-sur-la-censure-et-la-liberte-dexpression\" target=\"_blank\" rel=\"noopener\">https:\/\/www.journaldequebec.com\/2021\/02\/13\/francois-legault-sexprime-sur-la-censure-et-la-liberte-dexpression<\/a> <a class=\"_2qJYG blog-link-hashtag-color _2xVcV _2E8wo\" href=\"https:\/\/ici.radio-canada.ca\/nouvelle\/1770598\/legault-autocensure-liberte-expression-intimidation\" target=\"_blank\" rel=\"noopener\"> https:\/\/ici.radio-canada.ca\/nouvelle\/1770598\/legault-autocensure-liberte-expression-intimidation <\/a><\/span><\/p>\n<p class=\"XzvDs _208Ie ljrnk blog-post-text-font blog-post-text-color _2QAo- _25MYV _1Fao9 ljrnk public-DraftStyleDefault-block-depth0 public-DraftStyleDefault-text-ltr\"><span class=\"vkIF2 public-DraftStyleDefault-ltr\"> <a class=\"_2qJYG blog-link-hashtag-color _2xVcV _2E8wo\" href=\"https:\/\/bruxelles-pantheres.be\/?p=4668#_ftnref6\" target=\"_blank\" rel=\"noopener\">[6]<\/a> <a class=\"_2qJYG blog-link-hashtag-color _2xVcV _2E8wo\" href=\"https:\/\/www.24heures.ca\/2021\/02\/15\/accuse-a-tort-davoir-attaque-un-policier-je-suis-encore-sous-le-choc---mamadi-camara\" target=\"_blank\" rel=\"noopener\">https:\/\/www.24heures.ca\/2021\/02\/15\/accuse-a-tort-davoir-attaque-un-policier-je-suis-encore-sous-le-choc\u2014mamadi-camara<\/a><\/span><\/p>\n<p class=\"XzvDs _208Ie ljrnk blog-post-text-font blog-post-text-color _2QAo- _25MYV _1Fao9 ljrnk public-DraftStyleDefault-block-depth0 public-DraftStyleDefault-text-ltr\"><span class=\"vkIF2 public-DraftStyleDefault-ltr\"> <a class=\"_2qJYG blog-link-hashtag-color _2xVcV _2E8wo\" href=\"https:\/\/bruxelles-pantheres.be\/?p=4668#_ftnref7\" target=\"_blank\" rel=\"noopener\">[7] <\/a><a class=\"_2qJYG blog-link-hashtag-color _2xVcV _2E8wo\" href=\"https:\/\/www.lesinrocks.com\/2020\/06\/11\/actualite\/societe\/macron-juge-le-monde-universitaire-coupable-davoir-casse-la-republique-en-deux\/\" target=\"_blank\" rel=\"noopener\">https:\/\/www.lesinrocks.com\/2020\/06\/11\/actualite\/societe\/macron-juge-le-monde-universitaire-coupable-davoir-casse-la-republique-en-deux\/<\/a> <\/span><\/p>\n<p class=\"XzvDs _208Ie ljrnk blog-post-text-font blog-post-text-color _2QAo- _25MYV _1Fao9 ljrnk public-DraftStyleDefault-block-depth0 public-DraftStyleDefault-text-ltr\"><span class=\"vkIF2 public-DraftStyleDefault-ltr\"><a class=\"_2qJYG blog-link-hashtag-color _2xVcV _2E8wo\" href=\"https:\/\/bruxelles-pantheres.be\/?p=4668#_ftnref8\" target=\"_blank\" rel=\"noopener\">[8] <\/a><a class=\"_2qJYG blog-link-hashtag-color _2xVcV _2E8wo\" href=\"https:\/\/quebec.huffingtonpost.ca\/malorie-sarr\/vivre-le-racisme-a-l-ecole-quebecoise_b_12357062.html\" target=\"_blank\" rel=\"noopener\">https:\/\/quebec.huffingtonpost.ca\/malorie-sarr\/vivre-le-racisme-a-l-ecole-quebecoise_b_12357062.html<\/a> <a class=\"_2qJYG blog-link-hashtag-color _2xVcV _2E8wo\" href=\"https:\/\/ici.radio-canada.ca\/nouvelle\/1717535\/racisme-college-louis-riel-education-winnipeg-saint-boniface\" target=\"_blank\" rel=\"noopener\"> https:\/\/ici.radio-canada.ca\/nouvelle\/1717535\/racisme-college-louis-riel-education-winnipeg-saint-boniface<\/a> <a class=\"_2qJYG blog-link-hashtag-color _2xVcV _2E8wo\" href=\"https:\/\/ici.radio-canada.ca\/nouvelle\/1755330\/commission-scolaire-marguerite-bourgeoys-blamee-racisme\" target=\"_blank\" rel=\"noopener\"> https:\/\/ici.radio-canada.ca\/nouvelle\/1755330\/commission-scolaire-marguerite-bourgeoys-blamee-racisme<\/a> <a class=\"_2qJYG blog-link-hashtag-color _2xVcV _2E8wo\" href=\"https:\/\/www.journaldemontreal.com\/2020\/10\/30\/pas-facile-de-renvoyer-un-prof\" target=\"_blank\" rel=\"noopener\">https:\/\/www.journaldemontreal.com\/2020\/10\/30\/pas-facile-de-renvoyer-un-prof<\/a> <\/span><\/p>\n<p class=\"XzvDs _208Ie ljrnk blog-post-text-font blog-post-text-color _2QAo- _25MYV _1Fao9 ljrnk public-DraftStyleDefault-block-depth0 public-DraftStyleDefault-text-ltr\"><span class=\"vkIF2 public-DraftStyleDefault-ltr\"><a class=\"_2qJYG blog-link-hashtag-color _2xVcV _2E8wo\" href=\"https:\/\/bruxelles-pantheres.be\/?p=4668#_ftnref9\" target=\"_blank\" rel=\"noopener\">[9]<\/a> <a class=\"_2qJYG blog-link-hashtag-color _2xVcV _2E8wo\" href=\"https:\/\/plus.lapresse.ca\/screens\/62416de7-8a8e-4f44-b317-63c99b538ca1__7C___0.html?utm_content=twitter&amp;utm_source=lpp&amp;utm_medium=referral&amp;utm_campaign=internal%20share&amp;fbclid=IwAR0b-oyDnua8KfNgoVpOq_70pxzTAha9OihOTazA8fdNZQBgEPglze-Htbo\" target=\"_blank\" rel=\"noopener\">https:\/\/plus.lapresse.ca\/screens\/62416de7-8a8e-4f44-b317-63c99b538ca1__7C___0.html?utm_content=twitter&amp;utm_source=lpp&amp;utm_medium=referral&amp;utm_campaign=internal%20share&amp;fbclid=IwAR0b-oyDnua8KfNgoVpOq_70pxzTAha9OihOTazA8fdNZQBgEPglze-Htbo<\/a> <\/span><\/p>\n<p class=\"XzvDs _208Ie ljrnk blog-post-text-font blog-post-text-color _2QAo- _25MYV _1Fao9 ljrnk public-DraftStyleDefault-block-depth0 public-DraftStyleDefault-text-ltr\"><span class=\"vkIF2 public-DraftStyleDefault-ltr\"><a class=\"_2qJYG blog-link-hashtag-color _2xVcV _2E8wo\" href=\"https:\/\/bruxelles-pantheres.be\/?p=4668#_ftnref10\" target=\"_blank\" rel=\"noopener\">[10]<\/a> <a class=\"_2qJYG blog-link-hashtag-color _2xVcV _2E8wo\" href=\"https:\/\/www.instagram.com\/p\/CH-9fQkgX5n\/?fbclid=IwAR398A56E3QxdZUfJOGUa15j9Lyw2o6aa9bYpJkltXcIz4T_j72ft_38-Kc\" target=\"_blank\" rel=\"noopener\">https:\/\/www.instagram.com\/p\/CH-9fQkgX5n\/?fbclid=IwAR398A56E3QxdZUfJOGUa15j9Lyw2o6aa9bYpJkltXcIz4T_j72ft_38-Kc<\/a> <\/span><\/p>\n<p class=\"XzvDs _208Ie ljrnk blog-post-text-font blog-post-text-color _2QAo- _25MYV _1Fao9 ljrnk public-DraftStyleDefault-block-depth0 public-DraftStyleDefault-text-ltr\"><span class=\"vkIF2 public-DraftStyleDefault-ltr\"><a class=\"_2qJYG blog-link-hashtag-color _2xVcV _2E8wo\" href=\"https:\/\/bruxelles-pantheres.be\/?p=4668#_ftnref11\" target=\"_blank\" rel=\"noopener\">[11] <\/a><a class=\"_2qJYG blog-link-hashtag-color _2xVcV _2E8wo\" href=\"https:\/\/www.gofundme.com\/f\/supportons-support-mamadi-fara-camara?utm_source=facebook&amp;utm_medium=social&amp;utm_campaign=m_pd%20share-sheet&amp;fbclid=IwAR3_6uhKW2SsfX9hY81kd0EmYlBIJ4FZn7cf4IDXu1LjbzI4ImbltP_MGfk\" target=\"_blank\" rel=\"noopener\">https:\/\/www.gofundme.com\/f\/supportons-support-mamadi-fara-camara?utm_source=facebook&amp;utm_medium=social&amp;utm_campaign=m_pd%20share-sheet&amp;fbclid=IwAR3_6uhKW2SsfX9hY81kd0EmYlBIJ4FZn7cf4IDXu1LjbzI4ImbltP_MGfk<\/a> <\/span><\/p>\n<p class=\"XzvDs _208Ie ljrnk blog-post-text-font blog-post-text-color _2QAo- _25MYV _1Fao9 ljrnk public-DraftStyleDefault-block-depth0 public-DraftStyleDefault-text-ltr\"><span class=\"vkIF2 public-DraftStyleDefault-ltr\"><a class=\"_2qJYG blog-link-hashtag-color _2xVcV _2E8wo\" href=\"https:\/\/bruxelles-pantheres.be\/?p=4668#_ftnref12\" target=\"_blank\" rel=\"noopener\">[12] <\/a><a class=\"_2qJYG blog-link-hashtag-color _2xVcV _2E8wo\" href=\"https:\/\/www.journaldemontreal.com\/2021\/02\/13\/francois-legault-contre-la-gauche-woke\" target=\"_blank\" rel=\"noopener\">https:\/\/www.journaldemontreal.com\/2021\/02\/13\/francois-legault-contre-la-gauche-woke<\/a> <\/span><\/p>\n<p class=\"XzvDs _208Ie ljrnk blog-post-text-font blog-post-text-color _2QAo- _25MYV _1Fao9 ljrnk public-DraftStyleDefault-block-depth0 public-DraftStyleDefault-text-ltr\"><span class=\"vkIF2 public-DraftStyleDefault-ltr\"><a class=\"_2qJYG blog-link-hashtag-color _2xVcV _2E8wo\" href=\"https:\/\/bruxelles-pantheres.be\/?p=4668#_ftnref13\" target=\"_blank\" rel=\"noopener\">[13]<\/a> J\u2019ajoute ce lien pour rendre hommage \u00e0 quelques militantes autochtones qui luttent depuis longtemps contre les propos racistes de Bombardier <a class=\"_2qJYG blog-link-hashtag-color _2xVcV _2E8wo\" href=\"https:\/\/quebec.huffingtonpost.ca\/widia-lariviere\/autochtones-premieres-nations-reponse-denise-bombardier-mode-vie-traditionnel_b_9741188.html\" target=\"_blank\" rel=\"noopener\">https:\/\/quebec.huffingtonpost.ca\/widia-lariviere\/autochtones-premieres-nations-reponse-denise-bombardier-mode-vie-traditionnel_b_9741188.html<\/a> <\/span><\/p>\n<p class=\"XzvDs _208Ie ljrnk blog-post-text-font blog-post-text-color _2QAo- _25MYV _1Fao9 ljrnk public-DraftStyleDefault-block-depth0 public-DraftStyleDefault-text-ltr\"><span class=\"vkIF2 public-DraftStyleDefault-ltr\"><a class=\"_2qJYG blog-link-hashtag-color _2xVcV _2E8wo\" href=\"https:\/\/bruxelles-pantheres.be\/?p=4668#_ednref1\" target=\"_blank\" rel=\"noopener\">[i] <\/a>T\u00e9moignages d\u2019\u00e9tudiants non- blancs : <a class=\"_2qJYG blog-link-hashtag-color _2xVcV _2E8wo\" href=\"https:\/\/ricochet.media\/en\/3487\/the-other-side-of-cancel-culture-students-open-up-about-racial-abuse-on-campus?fbclid=IwAR12K5T4vHEeObS6peZcJVIDW4uNbaNGLBf1BKCSP1UlkGom4jBtlEYTyPU\" target=\"_blank\" rel=\"noopener\">https:\/\/ricochet.media\/en\/3487\/the-other-side-of-cancel-culture-students-open-up-about-racial-abuse-on-campus?fbclid=IwAR12K5T4vHEeObS6peZcJVIDW4uNbaNGLBf1BKCSP1UlkGom4jBtlEYTyPU<\/a><\/span><\/p>\n<div id=\"viewer-1s8oa\" class=\"XzvDs _208Ie ljrnk blog-post-text-font blog-post-text-color _2QAo- _25MYV _1Fao9 ljrnk public-DraftStyleDefault-block-depth0 public-DraftStyleDefault-text-ltr\"><span class=\"vkIF2 public-DraftStyleDefault-ltr\">\u00a0<\/span><\/div>\n<div id=\"viewer-ockv\" class=\"q2uC4 _3kAGd\">\n<div class=\"c-Mgr _2Mq66 _2Mq66 _7gPc2\">\n<div class=\"_2o-_D image-container LPH2h\" tabindex=\"0\" role=\"button\" data-hook=\"imageViewer\">\n<div class=\"_3lvoN\" role=\"img\"><img decoding=\"async\" class=\"_5JW6l _36UM9 aligncenter\" src=\"https:\/\/static.wixstatic.com\/media\/a6276d_c71a4d27a1564ac5a1bc30da2cb1626f~mv2.jpg\/v1\/fill\/w_740,h_348,al_c,q_90,usm_0.66_1.00_0.01\/a6276d_c71a4d27a1564ac5a1bc30da2cb1626f~mv2.webp\" data-pin-url=\"https:\/\/dignitepolitique.wixsite.com\/website\/post\/contre-la-supr\u00e9matie-blanche-la-dignit\u00e9-ou-la-mort-1\" data-pin-media=\"https:\/\/static.wixstatic.com\/media\/a6276d_c71a4d27a1564ac5a1bc30da2cb1626f~mv2.jpg\/v1\/fit\/w_850%2Ch_400%2Cal_c%2Cq_80\/file.jpg\" \/><\/div>\n<div class=\"\"><\/div>\n<div class=\"\"><\/div>\n<\/div>\n<\/div>\n<\/div>\n<div id=\"viewer-3ctht\" class=\"XzvDs _208Ie ljrnk blog-post-text-font blog-post-text-color _2QAo- _25MYV _1Fao9 ljrnk public-DraftStyleDefault-block-depth0 public-DraftStyleDefault-text-ltr\"><\/div>\n","protected":false},"excerpt":{"rendered":"<p>Contre la supr\u00e9matie blanche, \u00ab\u00a0La dignit\u00e9 ou la mort\u00a0\u00bb Je pose donc mon cadre d\u2019\u00e9nonciation. Je ne suis pas blanche, je suis alg\u00e9rienne avec le privil\u00e8ge acquis par la violence coloniale, d\u2019avoir un passeport fran\u00e7ais. Je n\u2019ai pas fait de grandes \u00e9tudes. D\u00e9j\u00e0 au lyc\u00e9e je d\u00e9sertais. J\u2019ai os\u00e9 m\u2019immerger \u00e0 35 ans \u00ab dans &#8230; <a title=\"La neutralit\u00e9 n\u2019existe pas, il s\u2019agit de la subjectivit\u00e9 blanche.\" class=\"read-more\" href=\"https:\/\/bruxelles-pantheres.be\/?p=4668\" aria-label=\"En savoir plus sur La neutralit\u00e9 n\u2019existe pas, il s\u2019agit de la subjectivit\u00e9 blanche.\">Lire la suite<\/a><\/p>\n","protected":false},"author":1,"featured_media":3002,"comment_status":"open","ping_status":"open","sticky":false,"template":"","format":"standard","meta":{"footnotes":""},"categories":[1],"tags":[450],"class_list":["post-4668","post","type-post","status-publish","format-standard","has-post-thumbnail","hentry","category-non-classe","tag-nesrine-tedjini-bailiche"],"_links":{"self":[{"href":"https:\/\/bruxelles-pantheres.be\/index.php?rest_route=\/wp\/v2\/posts\/4668","targetHints":{"allow":["GET"]}}],"collection":[{"href":"https:\/\/bruxelles-pantheres.be\/index.php?rest_route=\/wp\/v2\/posts"}],"about":[{"href":"https:\/\/bruxelles-pantheres.be\/index.php?rest_route=\/wp\/v2\/types\/post"}],"author":[{"embeddable":true,"href":"https:\/\/bruxelles-pantheres.be\/index.php?rest_route=\/wp\/v2\/users\/1"}],"replies":[{"embeddable":true,"href":"https:\/\/bruxelles-pantheres.be\/index.php?rest_route=%2Fwp%2Fv2%2Fcomments&post=4668"}],"version-history":[{"count":5,"href":"https:\/\/bruxelles-pantheres.be\/index.php?rest_route=\/wp\/v2\/posts\/4668\/revisions"}],"predecessor-version":[{"id":4734,"href":"https:\/\/bruxelles-pantheres.be\/index.php?rest_route=\/wp\/v2\/posts\/4668\/revisions\/4734"}],"wp:featuredmedia":[{"embeddable":true,"href":"https:\/\/bruxelles-pantheres.be\/index.php?rest_route=\/wp\/v2\/media\/3002"}],"wp:attachment":[{"href":"https:\/\/bruxelles-pantheres.be\/index.php?rest_route=%2Fwp%2Fv2%2Fmedia&parent=4668"}],"wp:term":[{"taxonomy":"category","embeddable":true,"href":"https:\/\/bruxelles-pantheres.be\/index.php?rest_route=%2Fwp%2Fv2%2Fcategories&post=4668"},{"taxonomy":"post_tag","embeddable":true,"href":"https:\/\/bruxelles-pantheres.be\/index.php?rest_route=%2Fwp%2Fv2%2Ftags&post=4668"}],"curies":[{"name":"wp","href":"https:\/\/api.w.org\/{rel}","templated":true}]}}