{"id":4675,"date":"2021-02-25T13:43:14","date_gmt":"2021-02-25T12:43:14","guid":{"rendered":"https:\/\/bruxelles-pantheres.be\/?p=4675"},"modified":"2021-02-25T13:43:14","modified_gmt":"2021-02-25T12:43:14","slug":"mawda-nous-avons-besoin-dune-commission-denquete-aux-competences-elargies","status":"publish","type":"post","link":"https:\/\/bruxelles-pantheres.be\/?p=4675","title":{"rendered":"Mawda : nous avons besoin d\u2019une commission d\u2019enqu\u00eate aux comp\u00e9tences \u00e9largies"},"content":{"rendered":"<p>Vendredi 12 f\u00e9vrier 2021, lors du rendu du jugement dans la partie de l\u2019affaire li\u00e9e \u00e0 l\u2019\u00ab incident de tir \u00bb, le tribunal de Mons a clairement reconnu les limites de sa saisine par rapport au cas du meurtre de Mawda.<!--more--><\/p>\n<p>Le tribunal de Mons a en effet d\u00e9clar\u00e9 que \u00ab que les parties civiles ont largement plaid\u00e9 sur la mani\u00e8re dont les migrants ont \u00e9t\u00e9 trait\u00e9s (que ce soit au moment de leur interpellation, quand les parents de Mawda n\u2019ont pas pu monter dans l\u2019ambulance, etc) ainsi que sur le contexte plus g\u00e9n\u00e9ral du traitement des migrants par les autorit\u00e9s belges et europ\u00e9ennes. Aussi l\u00e9gitimes que leurs questions puissent \u00eatre, il n\u2019appartient cependant pas \u00e0 ce tribunal de se prononcer sur ces \u00e9l\u00e9ments d\u00e8s lors qu\u2019ils d\u00e9passent largement le cadre de sa saisine fix\u00e9e par l\u2019ordonnance de la saisie de la chambre du conseil qui ne concerne que le comportement des 3 pr\u00e9venus lors des faits de la nuit du 17 mai 2018 \u00bb.<\/p>\n<p>M\u00eame si cette d\u00e9claration demeure \u00e9vasive et peu pr\u00e9cise, elle indique toutefois clairement que le contexte des op\u00e9rations de filature transfrontali\u00e8re et de chasse aux migrants ainsi que le r\u00f4le des acteurs qui les organisent, dans le cas du meurtre de Mawda, restent encore \u00e0 instruire. C\u2019est la raison pour laquelle nous plaidions, depuis juillet dernier, pour que l\u2019affaire soit renvoy\u00e9e, par la Chambre du Conseil du 08 juillet 2020, en Cour d\u2019Assises. Si le policier qui a arm\u00e9, tir\u00e9 et tu\u00e9 Mawda est bien responsable, \u00e0 titre individuel, de ce crime, comme l\u2019a en partie reconnu le tribunal de Mons, la balle qu\u2019il a tir\u00e9e a quant \u00e0 elle \u00e9t\u00e9 extraite des op\u00e9rations Medusa.<\/p>\n<p>Au lendemain du jugement du 12 f\u00e9vrier, et dans l\u2019attente du jugement \u00e0 Li\u00e8ge dans le volet sur la \u00ab\u00a0traite des \u00eatres humains\u00a0\u00bb (24 f\u00e9vrier), nous apprenons que certaines initiatives parlementaires seraient enfin en cours afin d\u2019ouvrir un premier p\u00e9rim\u00e8tre d\u2019investigation sur les circonstances politiques ayant entrain\u00e9 la mort de Mawda. D\u00e8s fin juin 2018 nous avons \u00e9crit \u00e0 l\u2019ensemble des pr\u00e9sidents de partis tant du c\u00f4t\u00e9 francophone que du c\u00f4t\u00e9 n\u00e9erlandophone pour faire part de notre demande de mise en place d\u2019une commission d\u2019enqu\u00eate parlementaire au vu de ce que nous savions d\u00e9j\u00e0 \u00eatre de faux t\u00e9moignages, de faux coupables, des coalitions de fonctionnaires, etc. Nous n\u2019avons eu des r\u00e9ponses que de D\u00e9fi, Groen et Ecolo qui disaient attendre la \u00ab\u00a0v\u00e9rit\u00e9 judicaire\u00a0\u00bb. Les autres partis ne nous ont tout simplement jamais r\u00e9pondu.<\/p>\n<p>Depuis la fin de l\u2019instruction, c\u2019est-\u00e0-dire depuis juillet 2020, nous avons intensifi\u00e9 cette demande de commission d\u2019enqu\u00eate parlementaire, vu qu\u2019il n\u2019existait plus aucune suppos\u00e9e entrave juridique \u00e0 sa mise en place (pour rappel, dans le cadre de l\u2019affaire Dutroux la commission d\u2019enqu\u00eate parlementaire a eu lieu en m\u00eame temps que l\u2019instruction, un peu \u00e0 l\u2019instar des enqu\u00eates du Comit\u00e9 P). Mais les parlementaires, tous partis confondus, ont pr\u00e9f\u00e9r\u00e9 attendre le rendu du jugement. Nous apprenons par le dernier article de Michel Bouffioux (12 f\u00e9vrier 2021) qu\u2019une proposition \u00e0 l\u2019initiative du PTB serait en cours de d\u00e9p\u00f4t, en tout cas a-t-elle \u00e9t\u00e9 publi\u00e9e d\u00e8s le surlendemain du rendu du jugement sur le leur site. Cette proposition ne semble pas en l\u2019\u00e9tat constituer une majorit\u00e9, ni m\u00eame \u00eatre port\u00e9e par d\u2019autres partis. Ecolo avait d\u00e9j\u00e0 pr\u00e9alablement, en avril 2020, demand\u00e9 \u00e0 ce qu\u2019une enqu\u00eate compl\u00e9mentaire du Comit\u00e9 P soit \u00e9galement mise en place pour \u00e9claircir les faits. Ecolo avait \u00e9galement demand\u00e9 \u00e0 cette occasion que le Comit\u00e9 P entame une enqu\u00eate de contr\u00f4le sur les circonstances du d\u00e9c\u00e8s du jeune Adil. Enfin de son c\u00f4t\u00e9, le sp.a entend poser un certain nombre de questions n\u00e9cessaires au ministre de l\u2019Int\u00e9rieur sur les m\u00e9thodes utilis\u00e9es lors des op\u00e9ration de filature (op\u00e9ration Herm\u00e8s\/P\u00e8che-Melba entre autre) ainsi que sur l\u2019\u00e9change d\u2019information entre services de police. En effet, ce cadre judicaire et politique doit \u00eatre interrog\u00e9 car d\u2019autres trag\u00e9dies ont eu lieu dans des circonstances similaires comme celle de l\u2019Essex (39 migrants vietnamiens furent retrouv\u00e9s morts dans un camion frigorifique, pr\u00e8s de Londres, alors qu\u2019ils avaient s\u00e9journ\u00e9 \u00e0 Anderlecht pendant quelques jours en connaissance de cause des polices n\u00e9erlandaise et belge).<\/p>\n<p>Nous avons quelque peu l\u2019impression d\u2019assister \u00e0 un ensemble d\u2019initiatives dispers\u00e9es. Nous craignons que cet \u00e9parpillement n\u2019emp\u00eache la construction d\u2019une majorit\u00e9 parlementaire\u00a0!<\/p>\n<p>Nous avec besoin d\u2019un travail parlementaire approfondi concernant le cadre des op\u00e9rations de chasse et de filature des migrants et de leurs impacts sur les op\u00e9rations de police. L\u2019affaire Mawda n\u2019est qu\u2019une petite fen\u00eatre par laquelle ce cadre gouvernemental \u00e0 la fois politique, policier et judicaire a pu \u00eatre probl\u00e9matis\u00e9 et per\u00e7u dans ses cons\u00e9quences criminelles.<\/p>\n<p>Pour un travail parlementaire s\u00e9rieux, nous avons a minima besoin de savoir quelles ont \u00e9t\u00e9 les diff\u00e9rentes directives \u00e0 l\u2019\u00e9gard de la police des autoroutes, des chemins de fer, des a\u00e9roports, des ports, etc. \u00e9dict\u00e9es par les diff\u00e9rents ministres de l\u2019Int\u00e9rieur\u00a0: Jan Jambon, Pieter De Crem, Annelies Verlinden.<\/p>\n<p>Nous avons besoin que se mettent en place des pouvoirs d\u2019instruction pour enqu\u00eater sur les autres cas de morts suspectes durant des op\u00e9rations de chasse aux migrants ou de filature.<\/p>\n<p>Nous avons besoin d\u2019entendre les m\u00e9decins, p\u00e9diatres, urgentistes tout comme nous avons besoin d\u2019entendre les policiers qui ont communiqu\u00e9 de fausses informations sur l\u2019origine du d\u00e9c\u00e8s de Mawda.<\/p>\n<p>Nous avons besoin d\u2019une enqu\u00eate sp\u00e9cifique sur les multiples coalitions de fonctionnaires qui ont eu lieu en amont des auditions par le comit\u00e9 P et apr\u00e8s, notamment sur les tentatives d\u2019influencer des t\u00e9moins.<\/p>\n<p>Nous avons besoin que soit entendu le magistrat de garde ainsi que les procureurs du roi de Tournai et de Mons pour qu\u2019ils s\u2019expliquent sur la fa\u00e7on dont ils ont engag\u00e9 l\u2019enqu\u00eate.<\/p>\n<p>Nous avons besoin d\u2019entendre les procureurs de Gand et de Dunkerque sur cette op\u00e9ration de d\u00e9mant\u00e8lement d\u2019une fili\u00e8re de passage kurde vers l\u2019Angleterre, sur les m\u00e9thodes utilis\u00e9es, sur l\u2019arrestation du chef pr\u00e9sum\u00e9 de cette fili\u00e8re deux jours plus t\u00f4t \u00e0 Dunkerque et sur les tentatives de scinder l\u2019affaire.<\/p>\n<p>Nous avons \u00e9galement besoin d\u2019entendre un certain nombre d\u2019experts\u00a0: criminologues, telle Fabienne Brion, et sociologues pour qualifier cette logique de prohibition de la migration (\u00ab\u00a0crimigration\u00a0\u00bb) et questionner les effets et le sens de la lutte contre le \u00ab\u00a0trafic d\u2019\u00eatres humains\u00a0\u00bb\u00a0; personnes qui ont enqu\u00eat\u00e9 en profondeur comme le journaliste Michel Bouffioux ainsi qu\u2019activistes comme celles du Refugee Women\u2019s Centre pour leur une expertise quotidienne de l\u2019effet de ces politiques de criminalisation sur les graves mises en danger des migrants. Cela n\u00e9cessitera une alliance forte des forces progressistes, loin des guerres partisanes. Une telle enqu\u00eate en profondeur est indispensable pour parvenir \u00e0 d\u00e9manteler les dispositifs n\u00e9cropolitiques de guerre aux migrants qui rendent leur vie proprement invivable en Belgique comme en France.<\/p>\n<p>Nous n\u2019avons pas le droit d\u2019\u00e9chouer car des morts il y en a d\u00e9j\u00e0 eu depuis l\u2019assassinat de Mawda et ils sont de plus en plus nombreux aujourd\u2019hui qui, migrants, n\u2019ont plus d\u2019autres choix que de traverser la Manche sur des embarcations de fortune.<\/p>\n<p>Le Comit\u00e9 Mawda \u2013 V\u00e9rit\u00e9 et Justice, le Groupe Montois de soutien aux Sans-papiers ainsi que le Refugee Women\u2019s Centre se tiennent pr\u00eats en vue d\u2019alimenter ce processus d\u2019enqu\u00eate et aideront \u00e0 la constitution d\u2019une majorit\u00e9 parlementaire (notamment, par exemple, via un jeudi de l\u2019h\u00e9micycle consacr\u00e9 \u00e0 cette question).<\/p>\n<p><b>Comit\u00e9 Mawda \u2013 Justice et V\u00e9rit\u00e9, Groupe Montois de Soutien aux Sans-papiers, Refugee Women\u2019s Centre\u00a0<\/b><\/p>\n<p><img decoding=\"async\" class=\"attachment-large size-large wp-post-image lazyloaded\" src=\"https:\/\/irr.org.uk\/wp-content\/uploads\/2021\/02\/Mawda-Featured-image.001.jpeg.001-1024x536.jpeg\" sizes=\"(max-width: 640px) 100vw, 640px\" srcset=\"https:\/\/irr.org.uk\/wp-content\/uploads\/2021\/02\/Mawda-Featured-image.001.jpeg.001-1024x536.jpeg 1024w, https:\/\/irr.org.uk\/wp-content\/uploads\/2021\/02\/Mawda-Featured-image.001.jpeg.001-300x157.jpeg 300w, https:\/\/irr.org.uk\/wp-content\/uploads\/2021\/02\/Mawda-Featured-image.001.jpeg.001-768x402.jpeg 768w, https:\/\/irr.org.uk\/wp-content\/uploads\/2021\/02\/Mawda-Featured-image.001.jpeg.001.jpeg 1200w\" alt=\"\" width=\"640\" height=\"335\" data-srcset=\"https:\/\/irr.org.uk\/wp-content\/uploads\/2021\/02\/Mawda-Featured-image.001.jpeg.001-1024x536.jpeg 1024w, https:\/\/irr.org.uk\/wp-content\/uploads\/2021\/02\/Mawda-Featured-image.001.jpeg.001-300x157.jpeg 300w, https:\/\/irr.org.uk\/wp-content\/uploads\/2021\/02\/Mawda-Featured-image.001.jpeg.001-768x402.jpeg 768w, https:\/\/irr.org.uk\/wp-content\/uploads\/2021\/02\/Mawda-Featured-image.001.jpeg.001.jpeg 1200w\" data-src=\"https:\/\/irr.org.uk\/wp-content\/uploads\/2021\/02\/Mawda-Featured-image.001.jpeg.001-1024x536.jpeg\" data-sizes=\"(max-width: 640px) 100vw, 640px\" \/><\/p>\n<div class=\"entry-content\">\n<p>&nbsp;<\/p>\n<p><em>At the conclusion of the trial of the Belgian police officer who shot and killed two-year-old Kurdish Iraqi Mawda Shawri, a case that has become a symbol of the violence and injustice faced by those crossing borders within Europe to seek a better life, a campaigner\u00a0<strong>Frances Timberlake<\/strong>\u00a0reflects on a flawed process and provides a timely reminder that the UK is deeply implicated in European border policing.<\/em><\/p>\n<p>On Friday 12 February, the criminal court in Mons, Belgium,\u00a0<a href=\"https:\/\/www.theguardian.com\/world\/2021\/feb\/12\/belgian-police-officer-sentenced-killing-girl-during-pursuit-mawda-shawri\">delivered its verdict<\/a>\u00a0on the death of Mawda Shawri, a two-year-old Kurdish Iraqi girl killed by a policeman\u2019s bullet in May 2018. The two and a half years of investigations that followed her death have been marked by internal contradictions in the versions of events testified by the police, as well as between those versions and what witnesses including Mawda\u2019s parents have consistently said. Along the way, Mawda\u2019s family and other migrants that were travelling with them in the hope of reaching the UK have been blamed for the death of the young girl, an interpretation which culminated last week in a four-year prison sentence for a young Kurdish man accused of driving the van that was shot at with Mawda inside. The court meanwhile concluded that the policeman\u2019s act in shooting her constituted \u2018involuntary manslaughter\u2019 and gave him a twelve-month suspended sentence, continuing a trend of denying or minimising responsibility for police violence in the context of anti-migrant border operations. This article recounts the treatment of Mawda\u2019s family following her death and the intricate web of contradictory stories that were released by public authorities and later used to argue the innocence of the policeman who fired the shot. Beyond the trial, which avoided positioning itself on the border and immigration policies that generated this story, the UK\u2019s financial and political role in generating this violence at its borders with the intention of deterring immigration onto its own soil must not go unscrutinised.<\/p>\n<figure id=\"attachment_33195\" class=\"wp-caption aligncenter\" aria-describedby=\"caption-attachment-33195\"><img decoding=\"async\" class=\"wp-image-33195 size-large lazyloaded\" src=\"https:\/\/irr.org.uk\/wp-content\/uploads\/2021\/02\/Gymnasium_2018_rassemblement-Dunkerque-3-scaled-e1613403080491-781x1024.jpg\" sizes=\"(max-width: 640px) 100vw, 640px\" srcset=\"https:\/\/irr.org.uk\/wp-content\/uploads\/2021\/02\/Gymnasium_2018_rassemblement-Dunkerque-3-scaled-e1613403080491-781x1024.jpg 781w, https:\/\/irr.org.uk\/wp-content\/uploads\/2021\/02\/Gymnasium_2018_rassemblement-Dunkerque-3-scaled-e1613403080491-229x300.jpg 229w, https:\/\/irr.org.uk\/wp-content\/uploads\/2021\/02\/Gymnasium_2018_rassemblement-Dunkerque-3-scaled-e1613403080491-768x1007.jpg 768w, https:\/\/irr.org.uk\/wp-content\/uploads\/2021\/02\/Gymnasium_2018_rassemblement-Dunkerque-3-scaled-e1613403080491.jpg 801w\" alt=\"young child holds up a placard with MAWDA written on it\" width=\"640\" height=\"839\" data-srcset=\"https:\/\/irr.org.uk\/wp-content\/uploads\/2021\/02\/Gymnasium_2018_rassemblement-Dunkerque-3-scaled-e1613403080491-781x1024.jpg 781w, https:\/\/irr.org.uk\/wp-content\/uploads\/2021\/02\/Gymnasium_2018_rassemblement-Dunkerque-3-scaled-e1613403080491-229x300.jpg 229w, https:\/\/irr.org.uk\/wp-content\/uploads\/2021\/02\/Gymnasium_2018_rassemblement-Dunkerque-3-scaled-e1613403080491-768x1007.jpg 768w, https:\/\/irr.org.uk\/wp-content\/uploads\/2021\/02\/Gymnasium_2018_rassemblement-Dunkerque-3-scaled-e1613403080491.jpg 801w\" data-src=\"https:\/\/irr.org.uk\/wp-content\/uploads\/2021\/02\/Gymnasium_2018_rassemblement-Dunkerque-3-scaled-e1613403080491-781x1024.jpg\" data-sizes=\"(max-width: 640px) 100vw, 640px\" \/><figcaption id=\"caption-attachment-33195\" class=\"wp-caption-text\">Demonstration of the Comit\u00e9 Mawda \u2013 Justice et V\u00e9rit\u00e9<\/figcaption><\/figure>\n<h4><strong>How Mawda died and how her death was framed<\/strong><\/h4>\n<p>On the night of 16-17 May 2018, Mawda, a two-year-old girl who was sitting in her mother\u2019s arms, was killed by a bullet from a policeman\u2019s gun during a car chase near Mons on the France-Belgium border. The bullet, apparently aimed at the wheel of a van carrying around thirty migrants, was fired through the window and hit her cheek. From that moment, a series of painfully dehumanising measures were inflicted on the family even as extraordinary attempts were made to control the official narrative about the chain of events that led to Mawda\u2019s death \u2013 so as to deflect blame from the police operation that preceded it.<\/p>\n<p>Mawda\u2019s family, along with several others, had been travelling in the back of a small van driving them to a lorry park where they were to hide aboard a freight truck, hoping to be able to reach the UK to claim asylum. They were one group of many who attempt this journey nightly, at that time mostly passing through Dunkirk where for the last ten years there has been a small population of mainly Kurdish Iraqi and Kurdish Iranian migrants living in informal tented camps, waiting for a chance to reach the UK.<\/p>\n<p>The police claimed that the officer had fired at the wheels of the van in order to bring the van to a halt. As the terrified migrants on board came out of the van, the police surrounded them, and according to Mawda\u2019s father, the child was\u00a0<a href=\"https:\/\/parismatch.be\/actualites\/societe\/446030\/le-papa-de-mawda-le-policier-a-sorti-son-arme-il-na-eu-aucune-hesitation\">taken from his arms<\/a>\u00a0and he was hit multiple times by the police. When an ambulance was finally called, both parents were\u00a0<a href=\"https:\/\/www.rtbf.be\/info\/regions\/detail_mons-debut-du-proces-des-trois-personnes-impliquees-dans-la-mort-de-la-petite-mawda?id=10637522\">forcibly prevented<\/a>\u00a0from accompanying Mawda; instead they were arrested and taken to an immigration detention centre where they were held separately. It was only two days later that they were allowed to see Mawda\u2019s body.<\/p>\n<p>In the immediate aftermath of the death, and in the days that followed, a series of statements were made both by a police spokesperson and the Mons public prosecutor\u2019s office that contradicted Mawda\u2019s parents\u2019 testimony that their daughter had been killed by a shot through the head.<\/p>\n<ul>\n<li>At 2.15 am on 17 May, paramedics arrived on the scene ten minutes after the van was immobilised. Police agents present declared to the paramedics that there had been no gunshot during the chase and that\u00a0<a href=\"https:\/\/parismatch.be\/actualites\/societe\/445629\/jai-honte-pour-notre-etat-de-droit-une-opinion-de-michel-bouffioux-sur-le-proces-mawda\">the young girl had fallen from the window of the van<\/a>, despite there being no witnesses to any fall. This was immediately supported by the Mons crown prosecutor, who claimed that the forensic doctor who arrived at the scene \u2018ruled out the possibility of a shot to the head\u2019 \u2013 a statement the doctor would later deny.<\/li>\n<li>At 3 am, a police officer informed the officer charged with writing up the account of the incident that there had in fact been a police shot fired during the chase, and another potentially from people inside the van. Despite this, the public prosecutor continued to \u2018exclude the possibility of a wound caused by a shot from a policeman\u2019 at the press conference on 17 May. Although there were no witnesses to a second shot, and no firearms found in the van or on any of the migrants, the public prosecutor\u2019s office still entertained the\u00a0<a href=\"https:\/\/parismatch.be\/actualites\/societe\/218482\/mort-de-mawda-lenfant-belier-une-pure-fiction-policiere\">\u2018second shot\u2019 theory<\/a>\u00a0in a press conference on 18 May. This was quickly picked up by the media and used to form a story around Mawda being caught in crossfire between migrants and police.<\/li>\n<li>In parallel, a narrative of Mawda being used as a\u00a0<a href=\"https:\/\/parismatch.be\/actualites\/societe\/218482\/mort-de-mawda-lenfant-belier-une-pure-fiction-policiere\">\u2018human shield\u2019<\/a>\u00a0was introduced, and is still cited now. The officer writing the account immediately following the incident wrote an initial version as follows: \u2018During the chase (\u2026) they break the windows with the head of a child and they pretend to throw it out towards the police cars. The blows the child received result in a head injury and the death of the child.\u2019 In this version, the migrants killed their own child by using her head as a battering ram. Interestingly, when the policeman who fired the shot was finally charged with involuntary homicide, his legal team presented as his defence the argument that he did not know there were any children in the van. There were in fact four young children in the van.<\/li>\n<\/ul>\n<figure id=\"attachment_33194\" class=\"wp-caption aligncenter\" aria-describedby=\"caption-attachment-33194\"><img decoding=\"async\" class=\"wp-image-33194 size-full lazyloaded\" src=\"https:\/\/irr.org.uk\/wp-content\/uploads\/2021\/02\/verdict-scaled-e1613402605922.jpg\" alt=\"Demonstration of the Comit\u00e9 Mawda - Justice et V\u00e9rit\u00e9\" width=\"800\" height=\"600\" data-src=\"https:\/\/irr.org.uk\/wp-content\/uploads\/2021\/02\/verdict-scaled-e1613402605922.jpg\" \/><figcaption id=\"caption-attachment-33194\" class=\"wp-caption-text\">Demonstration of the Comit\u00e9 Mawda \u2013 Justice et V\u00e9rit\u00e9<\/figcaption><\/figure>\n<h4><strong>The family fights on<\/strong><\/h4>\n<p>Looking back now, almost three years later, one would be entitled to regard the above as shameless fabrications, placed strategically in the media domain in the hope that if flawed assertions are repeated often enough they will come to be regarded as incontrovertible facts. Indeed, the official narrative did come to serve this purpose, with the confusion of the facts replicated not just in the media but in the course of the legal investigation.<\/p>\n<p>It was a narrative that served also to cast doubt on and discredit the family, their own testimony and those of other migrant witnesses who had been in the van that night. The blame that was immediately placed on the family for the death of their own daughter built on a well-established caricature of the reckless \u2018illegal migrant\u2019. A large part of the media were happy to peddle this trope. By so doing, they legitimised the authorities\u2019 treatment of Mawda\u2019s parents and her then three-year-old brother as undesirable and disposable, both in the immediate aftermath of the killing, and in the days and months that followed.\u00a0 When the family was finally released from detention, they were issued with an order to leave Belgian territory, a decision all the more gruelling in that they had not even the right to bury their own child as Mawda\u2019s body was still being held in the country for investigation. But the family, now supported by the Comit\u00e9 Justice et V\u00e9rit\u00e9 pour Mawda, bravely fought on. After a long legal battle, in February 2019 they were granted temporary visas to remain in Belgium. In January 2020, the police officer was\u00a0<a href=\"https:\/\/parismatch.be\/actualites\/societe\/363655\/mort-de-mawda-le-policier-inculpe-dhomicide-involontaire\">charged with involuntary homicide<\/a>, a charge contested by the family and campaigners who maintained that it should be increased to reflect a\u00a0<a href=\"https:\/\/www.thenationalnews.com\/world\/europe\/belgian-officer-on-trial-for-killing-toddler-mawda-shawri-as-her-family-tried-to-reach-uk-1.1116485\">deliberate killing<\/a>. The family\u2019s lawyer argued that \u2018to take out his weapon, load it and fire it towards a van full of migrants represents more than just a lack of due care and should not be minimised\u2019.<\/p>\n<h4><strong>In the courtroom \u2013 the bias continues<\/strong><\/h4>\n<p>Two and a half years later, on the 23 November 2020, the\u00a0<a href=\"https:\/\/www.rtbf.be\/info\/regions\/detail_mons-debut-du-proces-des-trois-personnes-impliquees-dans-la-mort-de-la-petite-mawda?id=10637522\">trial to establish responsibility for the killing of Mawda<\/a>\u00a0finally began.<\/p>\n<p>The Belgian criminal justice system differs from the UK system in that it follows an inquisitorial, rather than an adversarial approach. Under an inquisitorial system the public prosecutor plays an important role in the courtroom. This gives context to a situation where the public prosecutor who carried out the initial investigation into Mawda\u2019s death, and as we have seen, introduced flawed facts into the public domain, sat alongside the judge, both tasked with establishing culpability. It also explains why campaigners had\u00a0<a href=\"https:\/\/www.justicepourmawda.be\/2020\/05\/15\/17-05-20-le-comite-mawda-engage-une-procedure-contre-le-parquet-de-mons\/\">called for the prosecutor\u2019s office itself to be investigated<\/a>, arguing that this very institution should have sat amongst the accused at the trial.<\/p>\n<p>And who were the accused? First there was the Belgian police officer, charged with involuntary manslaughter, with the prosecutor seeking a one-year suspended sentence. But there were also others. He was arraigned alongside two Kurdish men, the alleged van driver and smuggler, for whom the crown prosecutor sought sentences of\u00a0<a href=\"https:\/\/www.rtbf.be\/info\/societe\/detail_proces-mawda-pas-de-volonte-d-attenter-a-la-vie-d-autrui-mais-pas-raisonnable-d-utiliser-son-arme-dans-ces-circonstances-estime-l-avocate-generale?id=10638587\">ten and seven years respectively<\/a>\u00a0for \u2018dangerous driving endangering the lives of others\u2019.[<a href=\"https:\/\/irr.org.uk\/article\/mawda-shawri\/?fbclid=IwAR1VD9qRaInhphdLdvQfyiCY2r9rvAXOyISOcoowj3ReTmfGCi6qrQgxSZM#_edn1\">1<\/a>] However, lawyers contested the assertion that either of these two men had even been present that night as indeed\u00a0<a href=\"https:\/\/twitter.com\/Justice4Mawda\/status\/1352608862663278594\">none of the witness testimonies identify the man accused of driving the van<\/a>.<\/p>\n<figure id=\"attachment_33192\" class=\"wp-caption aligncenter\" aria-describedby=\"caption-attachment-33192\"><img decoding=\"async\" class=\"wp-image-33192 size-full lazyloaded\" src=\"https:\/\/irr.org.uk\/wp-content\/uploads\/2021\/02\/82996667_110206043855201_8283447293420503040_n-e1613402660504.jpg\" alt=\"Image used by Comit\u00e9 Mawda - Justice et V\u00e9rit\u00e9\" width=\"740\" height=\"415\" data-src=\"https:\/\/irr.org.uk\/wp-content\/uploads\/2021\/02\/82996667_110206043855201_8283447293420503040_n-e1613402660504.jpg\" \/><figcaption id=\"caption-attachment-33192\" class=\"wp-caption-text\">Image used by Comit\u00e9 Mawda \u2013 Justice et V\u00e9rit\u00e9<\/figcaption><\/figure>\n<p>Once again, one would be forgiven for thinking that the accusations, and court proceedings, were emblematic of a wider (in)justice system designed to uphold the impunity of the state and deny responsibility for systemic racism. The court afforded the White policeman a generous amount of time to plead his own innocence, with his own pleadings heavily relying on the fact that he was the grandson of immigrants and therefore would never have intentionally shot at a migrant. In contrast, the two Kurdish migrants were cut short when they attempted to explain their own stories, with the judge deeming them \u2018irrelevant\u2019 to the case. The arguments against both migrant men relied almost entirely on the depiction of them as illegal migrants involved in criminal cross-border trade, even though their involvement in smuggling had not yet been established.<\/p>\n<p>In the final verdict, the alleged smuggler was acquitted for lack of evidence that he had played any role in the affair, as only a single witness statement had identified him as someone present that night. The alleged driver meanwhile was sentenced for\u00a0<a href=\"https:\/\/information.tv5monde.com\/info\/prison-avec-sursis-pour-un-policier-belge-juge-pour-un-tir-mortel-contre-une-fillette-kurde?amp=\">dangerous driving provoking an accident<\/a>, based on police testimonies (unsupported by witnesses inside the van) that he had zigzagged in the road, and swerved towards the police vehicle at the moment the accused policeman was holding out his gun to frighten the driver into slowing down. It was at this moment that the policeman fired the shot, judged to be the involuntary result of the van swerving. Mawda\u2019s father, however, who was in the van with her,\u00a0<a href=\"https:\/\/parismatch.be\/actualites\/societe\/446030\/le-papa-de-mawda-le-policier-a-sorti-son-arme-il-na-eu-aucune-hesitation\">testified<\/a>\u00a0that \u2018I saw the policeman point his gun. He did not hesitate in drawing it. I saw him shoot and the bullet hit my daughter.\u2019 Although the Mons judge ruled that the officer should not have used his firearm as there were other ways of stopping the van, the \u2018dangerous\u2019 migrant driver bears the weight of responsibility for Mawda\u2019s death, with his behaviour seemingly used to excuse the Belgian policeman\u2019s shot \u2013 as though the brutality displayed was mistaken deviance from technical rules, rather than a product of policies intended to deter and harm migrants. This division of criminal responsibility was reflected in the sentences: four years for the driver;\u00a0<a href=\"https:\/\/parismatch.be\/actualites\/societe\/463122\/affaire-mawda-le-chauffeur-de-la-camionnette-est-acquitte\">one year suspended and a EUR 400 fine<\/a>\u00a0for the officer whose shot killed the child.<\/p>\n<h4><strong>Border violence: what is the UK\u2019s role?<\/strong><\/h4>\n<p>Border zones lie at the heart of policies that harm and kill. The police operation that resulted in Mawda\u2019s death was one of many that take place at the UK-France-Belgium border, the coordinated attempts by these three countries to intercept and dissuade migrants attempting to board lorries or boats to travel to the UK. In the past, migrants have attempted the crossing via the northern French ports of Dunkirk and Calais, but as port security was heightened under UK pressure (and funding), they were increasingly forced to travel via Belgium. The Belgian government responded particularly forcefully to this by launching the euphemistically named Operation M\u00e9dusa, the disturbing facts of which only came into the public realm after Mawda\u2019s death thanks to\u00a0<a href=\"https:\/\/parismatch.be\/actualites\/societe\/218014\/mawda-les-zones-dombres-dune-operation-medusa\">independent journalistic investigations<\/a>. We now know that the van in which Mawda and her family were travelling was being tracked by both French and Belgian authorities as part of this operation. This meant a car chase was likely, if not expected.<\/p>\n<p>The UK, which is behind much of the crackdown on those attempting to reach its territory, has much to answer for in this border region. Over the last thirty years successive UK governments have\u00a0<a href=\"https:\/\/www.law.ox.ac.uk\/research-subject-groups\/centre-criminology\/centreborder-criminologies\/blog\/2016\/02\/juxtaposed-border\">externalised the UK\u2019s physical border controls<\/a>\u00a0and detention estate into France and Belgium, simultaneously extending insidious forms of financial and political influence without any corresponding legal or moral accountability. The model of immigration deterrence along the northern French border region based on securitisation, surveillance and policing is a direct exportation of the UK\u2019s own \u2018Hostile Environment\u2019 abroad, at an estimated cost of\u00a0<a href=\"https:\/\/refugee-rights.eu\/wp-content\/uploads\/2020\/10\/RRE_Time-for-Change_Safe-and-Legal-Routes.pdf\">\u00a3360 million since 2010<\/a>. Campaigns to increase prosecutions of \u2018traffickers\u2019 or \u2018criminal facilitators\u2019 serve to\u00a0<a href=\"https:\/\/www.thetimes.co.uk\/article\/priti-patel-vows-to-combat-plague-of-channel-people-traffickers-v5w5vvt3w\">brand all those forced to cross borders irregularly as dangerous<\/a>, whilst in reality rendering the crossing of borders even more dangerous by pushing it so far outside of the law.<\/p>\n<p>Indeed, since the increased crackdown against migrants travelling by freight vehicles on the southern Belgian border, and heightened security at the large ports in Calais and Dunkirk funded and implemented by the UK government, we have seen a\u00a0<a href=\"https:\/\/www.independent.co.uk\/news\/uk\/home-news\/channel-crossings-migrants-priti-patel-boris-johnson-boats-france-a9663826.html\">rise in attempted small boat crossings<\/a>. Further tragic, and yet not unpredictable, deaths have taken place as a result, including that of\u00a0<a href=\"https:\/\/www.independent.co.uk\/news\/uk\/home-news\/channel-family-deaths-calais-boat-home-office-immigration-b1404669.html\">an entire family in October 2020<\/a>\u00a0who drowned during a particularly rough boat crossing. Once again, blame was afterwards placed on the \u2018callous criminals\u2019 (the words of British home secretary Priti Patel) who facilitated the journey rather than the anti-immigration policies that push people into their business model.<\/p>\n<p>Recently, the UK committed to beefing up French border policing through\u00a0<a href=\"https:\/\/www.gov.uk\/government\/publications\/uk-france-joint-statement-collaborating-on-illegal-migration\/uk-france-joint-statement-next-phase-of-collaboration-on-tackling-illegal-migration-28-november-2020\">\u00a328 million of government payments<\/a>, despite\u00a0<a href=\"https:\/\/www.hrw.org\/report\/2017\/07\/26\/living-hell\/police-abuses-against-child-and-adult-migrants-calais\">documented harassment<\/a>\u00a0and\u00a0<a href=\"https:\/\/calaismigrantsolidarity.wordpress.com\/2021\/01\/29\/in-the-name-of-god-au-nom-de-dieu\/?theme_preview=true&amp;iframe=true&amp;frame-nonce=4c255818a0\">life-threatening negligence<\/a>\u00a0on the part of French police in the northern coastal area. Once again, policing is promoted as the solution to a set of issues that are perpetuated by the political and judicial systems that police themselves uphold. Just as Mawda\u2019s trial has been co-opted by those adjudicating it in order to reinforce the need for immigration and border policing, rather than examine its deadly effects.<\/p>\n<p>What is at stake in the Mawda case is twofold. At one level, a grief-stricken family is denied not only justice after the death of their daughter, but also any belief that the system they are caught up in can ever treat them with humanity and dignity, given that they are only ever seen as \u2018illegal migrants\u2019. On another level, the final verdict has only served to condone years of lethal immigration operations against those attempting to seek asylum in the UK, or in any country other than the one they are currently in. It has exposed the measures that states, bolstered by deep-seated political and legislative racism, are prepared to take to keep them out of sight and out of mind.<\/p>\n<h4>Related Links<\/h4>\n<p>To add your voice to the call for a parliamentary Inquiry in Belgium into Mawda\u2019s death, sign the petition\u00a0<a href=\"https:\/\/www.change.org\/p\/chambre-des-repr%C3%A9sentants-1008-bruxelles-commission-d-enqu%C3%AAte-parlementaire-pour-mawda\" target=\"_blank\" rel=\"noopener\">here<\/a>.<\/p>\n<p>To follow updates on the case, follow\u00a0<a href=\"https:\/\/twitter.com\/Justice4Mawda\" target=\"_blank\" rel=\"noopener\">Justice for Mawda<\/a>.<\/p>\n<p><em><strong>Frances Timberlake<\/strong>\u00a0has been working with displaced communities on the northern French coastline since 2016, formerly as a caseworker with the Refugee Women\u2019s Centre and currently as a policy\u00a0campaigner with Refugee Rights Europe. At the time of Mawda\u2019s death and since, Frances has worked closely with Mawda\u2019s family, and participates in the Comit\u00e9 Justice et V\u00e9rit\u00e9 pour Mawda.<\/em><\/p>\n<\/div>\n<hr \/>\n<div class=\"entry-footnotes\">\n<p class=\"entry-footnote\">\n<p><a href=\"https:\/\/irr.org.uk\/article\/mawda-shawri\/?fbclid=IwAR1VD9qRaInhphdLdvQfyiCY2r9rvAXOyISOcoowj3ReTmfGCi6qrQgxSZM#_ednref1\">[1]<\/a>\u00a0The crime is known as \u2018entrave m\u00e9chante \u00e0 la circulation\u2019 under article 406 of Belgium\u2019s penal code.<\/p>\n<p><em>Headline image: Taken from the Justice for Mawda campaign, based on a photo of her. Credit: Comit\u00e9 Mawda \u2013 Justice et V\u00e9rit\u00e9\u00a0<a href=\"https:\/\/www.facebook.com\/ComiteMawdaVJ\/\" target=\"_blank\" rel=\"noopener\">Facebook page<\/a><\/em><\/p>\n<p>&nbsp;<\/p>\n<\/div>\n<hr \/>\n<div class=\"entry-disclaimer\">\n<p class=\"entry-footnote pb-3\"><a href=\"https:\/\/irr.org.uk\/article\/mawda-shawri\/?fbclid=IwAR1VD9qRaInhphdLdvQfyiCY2r9rvAXOyISOcoowj3ReTmfGCi6qrQgxSZM\">The Institute of Race Relations is precluded from expressing a corporate view: any opinions expressed are therefore those of the authors.<\/a><\/p>\n<p>&nbsp;<\/p>\n<\/div>\n","protected":false},"excerpt":{"rendered":"<p>Vendredi 12 f\u00e9vrier 2021, lors du rendu du jugement dans la partie de l\u2019affaire li\u00e9e \u00e0 l\u2019\u00ab incident de tir \u00bb, le tribunal de Mons a clairement reconnu les limites de sa saisine par rapport au cas du meurtre de Mawda.<\/p>\n","protected":false},"author":1,"featured_media":4659,"comment_status":"open","ping_status":"open","sticky":false,"template":"","format":"standard","meta":{"footnotes":""},"categories":[21,36,4,7,8,18,28,37,39,5],"tags":[346],"class_list":["post-4675","post","type-post","status-publish","format-standard","has-post-thumbnail","hentry","category-anti-imperialisme","category-europe","category-islamophobie","category-negrophobie","category-prisons","category-resistance-bruxelles","category-racismes","category-romophobie","category-sans-papier","category-violence-policiere","tag-mawda"],"_links":{"self":[{"href":"https:\/\/bruxelles-pantheres.be\/index.php?rest_route=\/wp\/v2\/posts\/4675","targetHints":{"allow":["GET"]}}],"collection":[{"href":"https:\/\/bruxelles-pantheres.be\/index.php?rest_route=\/wp\/v2\/posts"}],"about":[{"href":"https:\/\/bruxelles-pantheres.be\/index.php?rest_route=\/wp\/v2\/types\/post"}],"author":[{"embeddable":true,"href":"https:\/\/bruxelles-pantheres.be\/index.php?rest_route=\/wp\/v2\/users\/1"}],"replies":[{"embeddable":true,"href":"https:\/\/bruxelles-pantheres.be\/index.php?rest_route=%2Fwp%2Fv2%2Fcomments&post=4675"}],"version-history":[{"count":1,"href":"https:\/\/bruxelles-pantheres.be\/index.php?rest_route=\/wp\/v2\/posts\/4675\/revisions"}],"predecessor-version":[{"id":4676,"href":"https:\/\/bruxelles-pantheres.be\/index.php?rest_route=\/wp\/v2\/posts\/4675\/revisions\/4676"}],"wp:featuredmedia":[{"embeddable":true,"href":"https:\/\/bruxelles-pantheres.be\/index.php?rest_route=\/wp\/v2\/media\/4659"}],"wp:attachment":[{"href":"https:\/\/bruxelles-pantheres.be\/index.php?rest_route=%2Fwp%2Fv2%2Fmedia&parent=4675"}],"wp:term":[{"taxonomy":"category","embeddable":true,"href":"https:\/\/bruxelles-pantheres.be\/index.php?rest_route=%2Fwp%2Fv2%2Fcategories&post=4675"},{"taxonomy":"post_tag","embeddable":true,"href":"https:\/\/bruxelles-pantheres.be\/index.php?rest_route=%2Fwp%2Fv2%2Ftags&post=4675"}],"curies":[{"name":"wp","href":"https:\/\/api.w.org\/{rel}","templated":true}]}}