{"id":468,"date":"2013-03-24T05:14:38","date_gmt":"2013-03-24T04:14:38","guid":{"rendered":"https:\/\/bruxelles-pantheres.be\/?p=468"},"modified":"2013-11-10T05:16:50","modified_gmt":"2013-11-10T04:16:50","slug":"appel-a-solidarite-contre-la-maltraitance-et-labus-raciste-dont-a-ete-victime-nordine-saidi-il-y-a-4-ans","status":"publish","type":"post","link":"https:\/\/bruxelles-pantheres.be\/?p=468","title":{"rendered":"Appel a solidarit\u00e9 contre la maltraitance et l\u2019abus raciste, dont a \u00e9t\u00e9 victime Nordine Sa\u00efdi il y a 4 ans."},"content":{"rendered":"<div>\n<p>Je vous appelle \u00e0 \u00eatre pr\u00e9sents demain matin<strong> 25 mars \u00e0 8.45h sur les marches du Palais de justice \u00e0 Bruxelles pour le proc\u00e8s de Nordine Sa\u00efdi, porte parole du parti \u00c9galit\u00e9, contre la police d\u2019Anderlecht pour la maltraitance et l\u2019abus raciste,<\/strong> dont il a \u00e9t\u00e9 victime il y a 4 ans. Apr\u00e8s son arrestation pour sa participation \u00e0 une action BDS, Condijts, adjoint du commissaire, lui tient les propos suivants, en pr\u00e9sence d\u2019autres policiers : \u00ab Bougnoule, si \u00e7a ne te pla\u00eet pas ici, retourne dans ton propre pays. Attache une ceinture autour de ton ventre et va te faire exploser dans ton pays \u00e0 toi. \u00bb \u00ab Tu as appris ton texte par c\u0153ur en te branlant le soir \u00bb, \u00ab vous, les Arabes, avez une bite \u00e0 la place du cerveau \u00bb.<!--more--><br \/>\nNordine est ensuite amen\u00e9 dans les sous-sols o\u00f9 on lui demande d\u2019enlever sa veste, ses chaussures et de prendre une couverture. En le mettant dans la cellule, Condijts dit : \u00ab Pour la pri\u00e8re, c\u2019est l\u00e0 \u00bb, en l\u2019indiquant de la main la direction des toilettes.<\/p>\n<p><img decoding=\"async\" alt=\"https:\/\/fbcdn-sphotos-g-a.akamaihd.net\/hphotos-ak-snc7\/424745_4030812281118_1865840466_n.jpg\" src=\"https:\/\/fbcdn-sphotos-g-a.akamaihd.net\/hphotos-ak-snc7\/424745_4030812281118_1865840466_n.jpg\" width=\"350\" height=\"526\" \/><\/p>\n<blockquote>\n<h1 align=\"center\">COMMUNIQUE DE PRESSE<\/h1>\n<\/blockquote>\n<p>Ce 25 Mars 2013, Nordine Saidi se retrouvera au palais de justice, pr\u00e8s de 4 ans apr\u00e8s avoir port\u00e9 plainte pour des \u00ab\u00a0violences polici\u00e8res\u00a0\u00bb.<\/p>\n<p><img decoding=\"async\" class=\"aligncenter\" alt=\"http:\/\/www.egalite.be\/wp-content\/uploads\/2012\/06\/373990_250879821676223_749095110_n2.jpg\" src=\"http:\/\/www.egalite.be\/wp-content\/uploads\/2012\/06\/373990_250879821676223_749095110_n2.jpg\" \/><\/p>\n<p><a href=\"http:\/\/www.egalite.be\/?p=3695\">Nordine Sa\u00efdi est arr\u00eat\u00e9 le 16 ao\u00fbt 2009 alors qu\u2019il a rejoint des amis et son \u00e9pouse qui distribuent des tracts \u00ab\u00a0 Boycott Isra\u00ebl\u00a0\u00bb sur le march\u00e9 d\u2019Anderlecht, pour sensibiliser les passants sur les produits isra\u00e9liens\u00a0vendus alors qu\u2019Isra\u00ebl transgresse le droit international<\/a>.<\/p>\n<p>Apr\u00e8s six heures au commissariat d\u2019Anderlecht, Nordine Sa\u00efdi\u00a0est lib\u00e9r\u00e9 sans proc\u00e8s verbal.<sup>[i]<\/sup> Au bureau de police, on lui dit ceci : \u2018<em>Bougnoul<\/em>, si \u00e7a ne te plait pas ici, retourne dans ton propre pays. Attache une ceinture autour de ton ventre et va te faire exploser dans ton pays \u00e0 toi.\u2019 Marc C. , adjoint du commissaire \u00e0 Anderlecht, est parmi les impliqu\u00e9s. Plus tard, des coll\u00e8gues d\u00e9posent \u00e9galement plainte contre Marc C.\u00a0 pour ses remarques homophobes et sa violence verbale et physique. Marc C. n\u2019est pas un inconnu de la justice suite \u00e0 de nombreuses plaintes\u00a0: la derni\u00e8re, pour coups et blessures, date d\u2019octobre 2011.<\/p>\n<p>Se retrouver avec la police sur le dos, apr\u00e8s avoir \u00e9t\u00e9 \u00a0menott\u00e9, humili\u00e9, mis en garde \u00e0 vue, puis finalement au tribunal, c\u2019est une situation qui va devenir de plus en plus courante, qui va toucher de plus en plus de monde. Avec la multiplication des lois s\u00e9curitaires, le moindre \u00e9cart suffira \u00e0 faire de vous\u00a0un potentiel \u00ab\u00a0terroriste\u00a0\u00bb. D\u2019un contr\u00f4le d\u2019identit\u00e9 qui se transforme en \u201coutrage et r\u00e9bellion\u201d, des amendes pour avoir particip\u00e9 \u00e0 une manifestation, \u2026<\/p>\n<p>Face \u00e0 la multiplication des luttes (gr\u00e8ves, manifestations, occupations, actions l\u00e9gitimes de \u00a0d\u00e9sob\u00e9issances civiles\u2026), le pouvoir ne peut r\u00e9pondre que par une r\u00e9pression de plus en plus forte \u00e0 l\u2019encontre des manifestants ou des militants syndicaux et politiques\u00a0: provocations et violences polici\u00e8res, inculpations, proc\u00e8s et condamnations.<\/p>\n<p>Face \u00e0 cela, g\u00e9n\u00e9ralement, on se retrouve tout seul. Parfois on est soutenu par la famille, par des amis, parfois non, en tout cas ce n\u2019est pas suffisant.<\/p>\n<p>L\u2019augmentation du nombre de proc\u00e8s entra\u00eene des frais de justice de plus en plus \u00e9lev\u00e9s et il est logique de ne pas laisser tomber les personnes qui subissent cette r\u00e9pression.<\/p>\n<p>Face \u00e0 la r\u00e9pression, \u00e0 la police, \u00e0 la justice il devient n\u00e9cessaire de s\u2019organiser. S\u2019organiser sur du long terme pour trouver de l\u2019argent et le mettre en commun, pour payer des frais de justice, pour trouver des avocats qui s\u2019occupent de ces affaires. S\u2019organiser ce n\u2019est pas \u201caider les autres qui en auraient besoin\u201d, c\u2019est se retrouver \u00e0 partir de ce qu\u2019on vit, se tenir concr\u00e8tement et faire face ensemble.<\/p>\n<p><strong>Appel \u00e0 la solidarit\u00e9 contre la r\u00e9pression<\/strong><\/p>\n<p>Il est important de poursuivre l\u2019action dans le temps et avec la justice c\u2019est parfois tr\u00e8s long.<\/p>\n<p>La r\u00e9pression sera toujours plus forte si la solidarit\u00e9 reste divis\u00e9e.<\/p>\n<p>La solidarit\u00e9 est un moteur essentiel de la lutte que chaque contribution, aussi petite soit elle, aidera \u00e0 faire exister.<\/p>\n<p><strong>Pour participer concr\u00e8tement :<\/strong><\/p>\n<p>Le parti Egalit\u00e9 lance un appel \u00e0 la solidarit\u00e9 pour la d\u00e9fense de son porte-parole : pour couvrir les frais de ce proc\u00e8s politique, vous pouvez faire parvenir vos dons sur le compte : <strong>Bic BPOTBEB1 (BE50) \u2013 0003 \u2013 8318 \u2013 0918<\/strong>. Un mot de soutien en votre nom et une motion de solidarit\u00e9 des organisations ou associations peut \u00eatre envoy\u00e9 \u00e0 une des adresses en-dessous.<\/p>\n<p>En vous remerciant pour la publication de ce communiqu\u00e9,<\/p>\n<p>Salutations distingu\u00e9es<\/p>\n<p><strong>Contact :<\/strong><\/p>\n<p>Nordine Sa\u00efdi\u00a0 <a href=\"tel:0476%2F84.19.69\" target=\"_blank\">0476\/84.19.69<\/a><\/p>\n<\/div>\n","protected":false},"excerpt":{"rendered":"<p>Je vous appelle \u00e0 \u00eatre pr\u00e9sents demain matin 25 mars \u00e0 8.45h sur les marches du Palais de justice \u00e0 Bruxelles pour le proc\u00e8s de Nordine Sa\u00efdi, porte parole du parti \u00c9galit\u00e9, contre la police d\u2019Anderlecht pour la maltraitance et l\u2019abus raciste, dont il a \u00e9t\u00e9 victime il y a 4 ans. Apr\u00e8s son arrestation &#8230; <a title=\"Appel a solidarit\u00e9 contre la maltraitance et l\u2019abus raciste, dont a \u00e9t\u00e9 victime Nordine Sa\u00efdi il y a 4 ans.\" class=\"read-more\" href=\"https:\/\/bruxelles-pantheres.be\/?p=468\" aria-label=\"En savoir plus sur Appel a solidarit\u00e9 contre la maltraitance et l\u2019abus raciste, dont a \u00e9t\u00e9 victime Nordine Sa\u00efdi il y a 4 ans.\">Lire la suite<\/a><\/p>\n","protected":false},"author":1,"featured_media":460,"comment_status":"open","ping_status":"open","sticky":false,"template":"","format":"standard","meta":{"footnotes":""},"categories":[4,18,28,5],"tags":[],"class_list":["post-468","post","type-post","status-publish","format-standard","has-post-thumbnail","hentry","category-islamophobie","category-resistance-bruxelles","category-racismes","category-violence-policiere"],"_links":{"self":[{"href":"https:\/\/bruxelles-pantheres.be\/index.php?rest_route=\/wp\/v2\/posts\/468","targetHints":{"allow":["GET"]}}],"collection":[{"href":"https:\/\/bruxelles-pantheres.be\/index.php?rest_route=\/wp\/v2\/posts"}],"about":[{"href":"https:\/\/bruxelles-pantheres.be\/index.php?rest_route=\/wp\/v2\/types\/post"}],"author":[{"embeddable":true,"href":"https:\/\/bruxelles-pantheres.be\/index.php?rest_route=\/wp\/v2\/users\/1"}],"replies":[{"embeddable":true,"href":"https:\/\/bruxelles-pantheres.be\/index.php?rest_route=%2Fwp%2Fv2%2Fcomments&post=468"}],"version-history":[{"count":1,"href":"https:\/\/bruxelles-pantheres.be\/index.php?rest_route=\/wp\/v2\/posts\/468\/revisions"}],"predecessor-version":[{"id":469,"href":"https:\/\/bruxelles-pantheres.be\/index.php?rest_route=\/wp\/v2\/posts\/468\/revisions\/469"}],"wp:featuredmedia":[{"embeddable":true,"href":"https:\/\/bruxelles-pantheres.be\/index.php?rest_route=\/wp\/v2\/media\/460"}],"wp:attachment":[{"href":"https:\/\/bruxelles-pantheres.be\/index.php?rest_route=%2Fwp%2Fv2%2Fmedia&parent=468"}],"wp:term":[{"taxonomy":"category","embeddable":true,"href":"https:\/\/bruxelles-pantheres.be\/index.php?rest_route=%2Fwp%2Fv2%2Fcategories&post=468"},{"taxonomy":"post_tag","embeddable":true,"href":"https:\/\/bruxelles-pantheres.be\/index.php?rest_route=%2Fwp%2Fv2%2Ftags&post=468"}],"curies":[{"name":"wp","href":"https:\/\/api.w.org\/{rel}","templated":true}]}}