{"id":4682,"date":"2021-02-22T13:55:58","date_gmt":"2021-02-22T12:55:58","guid":{"rendered":"https:\/\/bruxelles-pantheres.be\/?p=4682"},"modified":"2021-02-25T14:01:02","modified_gmt":"2021-02-25T13:01:02","slug":"abdelkrim-al-khattabi-et-la-petite-mosquee-dans-la-riziere","status":"publish","type":"post","link":"https:\/\/bruxelles-pantheres.be\/?p=4682","title":{"rendered":"AbdelKrim Al Khattabi et la petite mosqu\u00e9e dans la rizi\u00e8re"},"content":{"rendered":"<header class=\"entry-header\">\n<h4 class=\"entry-title\">Youssef s\u2019la raconte #5 \u2013 AbdelKrim Al Khattabi et la petite mosqu\u00e9e dans la rizi\u00e8re<\/h4>\n<div class=\"entry-meta\"><span class=\"entry-date\"><time class=\"entry-date\" datetime=\"2012-02-13T04:34:10+00:00\">21 F\u00c9VRIER 2021<\/time><\/span><\/div>\n<\/header>\n<div><\/div>\n<div>La r\u00e9volte du Rif\u00a0 ( 1921\/1926) est un des \u00e9v\u00e8nements r\u00e9volutionnaires les plus marquants du si\u00e8cle pass\u00e9. Mais quel lien peut-il y avoir entre son leader, Abdelkrim Kattabi et l\u2019existence de mosqu\u00e9es au Vietnam\u00a0?<\/div>\n<div><img decoding=\"async\" class=\" wp-image-17164 aligncenter\" src=\"https:\/\/qgdecolonial.fr\/wp-content\/uploads\/2021\/02\/Youssef-2-300x169.png\" sizes=\"(max-width: 325px) 100vw, 325px\" srcset=\"https:\/\/qgdecolonial.fr\/wp-content\/uploads\/2021\/02\/Youssef-2-300x169.png 300w, https:\/\/qgdecolonial.fr\/wp-content\/uploads\/2021\/02\/Youssef-2-1024x576.png 1024w, https:\/\/qgdecolonial.fr\/wp-content\/uploads\/2021\/02\/Youssef-2-768x432.png 768w, https:\/\/qgdecolonial.fr\/wp-content\/uploads\/2021\/02\/Youssef-2-1536x864.png 1536w, https:\/\/qgdecolonial.fr\/wp-content\/uploads\/2021\/02\/Youssef-2-1000x563.png 1000w, https:\/\/qgdecolonial.fr\/wp-content\/uploads\/2021\/02\/Youssef-2-500x281.png 500w, https:\/\/qgdecolonial.fr\/wp-content\/uploads\/2021\/02\/Youssef-2-1400x788.png 1400w, https:\/\/qgdecolonial.fr\/wp-content\/uploads\/2021\/02\/Youssef-2.png 1920w\" alt=\"\" width=\"325\" height=\"183\" \/><\/div>\n<div><\/div>\n<p><!--more--><\/p>\n<div class=\"featured-image\"><img decoding=\"async\" class=\"attachment-pixelwars_theme_image_size_2 size-pixelwars_theme_image_size_2 wp-post-image aligncenter\" title=\"\" src=\"https:\/\/qgdecolonial.fr\/wp-content\/uploads\/2021\/02\/youssef-1-1000x564.png\" sizes=\"(max-width: 1000px) 100vw, 1000px\" srcset=\"https:\/\/qgdecolonial.fr\/wp-content\/uploads\/2021\/02\/youssef-1-1000x564.png 1000w, https:\/\/qgdecolonial.fr\/wp-content\/uploads\/2021\/02\/youssef-1-300x169.png 300w, https:\/\/qgdecolonial.fr\/wp-content\/uploads\/2021\/02\/youssef-1-768x434.png 768w, https:\/\/qgdecolonial.fr\/wp-content\/uploads\/2021\/02\/youssef-1-500x282.png 500w, https:\/\/qgdecolonial.fr\/wp-content\/uploads\/2021\/02\/youssef-1.png 1024w\" alt=\"Youssef s\u2019la raconte #5 \u2013 AbdelKrim Al Khattabi et la petite mosqu\u00e9e dans la rizi\u00e8re\" width=\"1000\" height=\"564\" \/><\/div>\n<div class=\"entry-content\">\n<p class=\"selectionShareable\">\u00a0Le 27 mai 1926, le grand combattant anti colonialiste rifain Abdelkrim se rend aux troupes fran\u00e7aises qui avec l\u2019arm\u00e9e espagnole, 500 000 hommes en tout avaient fini par encercler le Rif et inflig\u00e9 de telles pertes civiles (on parle de 150 000 morts avec utilisation de l\u2019aviation et d\u2019yp\u00e9rite, gaz moutarde) que la reddition avait \u00e9t\u00e9 accept\u00e9e afin d\u2019\u00e9pargner au Rif l\u2019an\u00e9antissement complet de ses populations. Il faut dire que le commandant en chef des troupes fran\u00e7aises n\u2019\u00e9tait autre que le sinistre g\u00e9n\u00e9ral P\u00e9tain. Cette victoire contre la barbarie sera d\u2019ailleurs c\u00e9l\u00e9br\u00e9e le 14 juillet 1926 sous l\u2019arc de triomphe de Paris en pr\u00e9sence de P\u00e9tain, le pr\u00e9sident de la R\u00e9publique, Gaston Doumergue, d\u2019Aristide Briand et du g\u00e9n\u00e9ral fasciste espagnol Miguel Antonio Primo de Rivera. Ce qui vaudra cette remarque du h\u00e9ros du Rif<strong>:\u00a0<\/strong>\u00ab<em>Votre civilisation est celle du fer. Vous avez de grosses bombes, donc vous \u00eates civilis\u00e9s\u00a0; je n\u2019ai que des cartouches de fusil, donc je suis un sauvage<\/em>\u00bb<a href=\"https:\/\/qgdecolonial.fr\/2021\/02\/21\/youssef-sla-raconte-5-abdelkrim-al-khattabi-et-la-petite-mosquee-dans-la-riziere\/#_ftn1\" name=\"_ftnref1\">[1]<\/a>.\u00a0 Cette reddition met un terme \u00e0 cinq ans d\u2019une lutte exemplaire en tous points. Celui dont les m\u00e9thodes de gu\u00e9rilla ont inspir\u00e9 Mao Ts\u00e9-Toung, H\u00f4 Chi Minh et m\u00eame le Che dit-on, est fait prisonnier et sera cette m\u00eame ann\u00e9e 1926 exil\u00e9 \u00e0 l\u2019\u00eele de la R\u00e9union avec sa famille et ses proches. Mais la guerre du Rif a eu un tel retentissement que le nom d\u2019Abdelkrim est d\u00e9sormais connu dans le monde entier comme le symbole de la r\u00e9volution anti coloniale mais aussi du courage et de la d\u00e9termination.<\/p>\n<p class=\"selectionShareable\">Apr\u00e8s 20 d\u2019exil, les Fran\u00e7ais le croyant r\u00e9sign\u00e9 ont l\u2019intention d\u2019installer Abdelkrim en r\u00e9sidence surveill\u00e9e dans le sud de la France. De plus celui-ci a obtenu que le cercueil de sa m\u00e8re d\u00e9c\u00e9d\u00e9e en exil, pourra poursuivre sa route jusqu\u2019au Rif natal pour qu\u2019elle y soit inhum\u00e9e. C\u2019est ainsi que le chef rifain et sa suite d\u2019une cinquantaine de personnes embarquent en mai 1947 sur un navire fran\u00e7ais le Katoomba au d\u00e9part de St Denis de la R\u00e9union. Quittant la mer Rouge le navire s\u2019engage dans le canal de Suez pour ensuite p\u00e9n\u00e9trer en M\u00e9diterran\u00e9e \u00e0 destination de Marseille. Enfin cela c\u2019est ce qui aurait d\u00fb se produire parce qu\u2019en fait \u00e0 l\u2019escale de Port Sa\u00efd trompant la vigilance de l\u2019escorte polici\u00e8re pr\u00e9sente sur le navire pour le surveiller, Abdel Krim aid\u00e9 de militants sur place descend \u00e0 terre sous pr\u00e9texte d\u2019une invitation du roi Farouk. En fait il faut savoir que son \u00e9vasion a \u00e9t\u00e9 soigneusement organis\u00e9e par un groupe de militants nationalistes maghr\u00e9bins qui par souci de discr\u00e9tion n\u2019avaient m\u00eame pas pr\u00e9venu AbdelKrim de l\u2019op\u00e9ration. Ces militants dont le Caire est devenu le foyer principal d\u2019activit\u00e9 sont regroup\u00e9s au sein du\u00a0<em>comit\u00e9 de lib\u00e9ration pour le Maghreb arabe<\/em>\u00a0qui offre aussit\u00f4t \u00e0 Abdelkrim la pr\u00e9sidence de celui-ci.<\/p>\n<div class=\"fluidbox-wrap\"><img decoding=\"async\" class=\"size-full wp-image-17165 aligncenter\" src=\"https:\/\/qgdecolonial.fr\/wp-content\/uploads\/2021\/02\/Youssef-3.png\" alt=\"\" width=\"193\" height=\"262\" \/><\/p>\n<div class=\"fluidbox-ghost\"><\/div>\n<\/div>\n<p class=\"selectionShareable\">Et c\u2019est l\u00e0 que l\u2019histoire se permet un de ses clins d\u2019\u0153il qui en font la saveur. La France en mai 1947 est alors embourb\u00e9e dans ce qui s\u2019appelle alors la guerre d\u2019Indochine. Au sein de l\u2019important corps exp\u00e9ditionnaire se trouvent selon la tradition coloniale plusieurs r\u00e9giments de tirailleurs ouest et nord africains. Face \u00e0 l\u2019arm\u00e9e fran\u00e7aise les troupes vietnamiennes sont dirig\u00e9es politiquement par le fameux Ho Chi Minh. Apprenant qu\u2019AbdelKrim a r\u00e9ussi \u00e0 rejoindre Le Caire o\u00f9 il est d\u00e9sormais libre, \u00ab l\u2019oncle H\u00f4\u00a0\u00bb d\u00e9cide de jouer la carte de la solidarit\u00e9 entre r\u00e9volutionnaires anti colonialistes. Et c\u2019est ainsi qu\u2019\u00e0 la demande des camarades vietnamiens, Abdelkrim dont l\u2019aura au Maghreb est encore immense demande \u00e0 \u00ab\u00a0Ma\u00e2rouf,\u00a0\u00bb un cadre du Parti communiste marocain de se rendre au Vietnam pour y cr\u00e9er un r\u00e9seau de propagande et d\u2019action psychologique \u00e0 destination des troupes nord-africaines engag\u00e9es du c\u00f4t\u00e9 de la France. Via des tracts ou des appels au haut-parleur les \u00ab\u00a0tirailleurs coloniaux\u00a0\u00bb sont invit\u00e9s \u00e0 d\u00e9serter et \u00e0 rejoindre les rangs du Viet-Minh. Plusieurs centaines de combattants \u00ab\u00a0ralli\u00e9s\u00a0\u00bb comme ils sont appel\u00e9s vont r\u00e9pondre \u00e0 cet appel. Ils seront par la suite regroup\u00e9s dans un camp \u00e0 Son Say \u00e0 une cinquantaine de kms de Hano\u00ef pour y suivre une formation r\u00e9volutionnaire destin\u00e9e \u00e0 en faire les cadres d\u2019un futur mouvement de lib\u00e9ration du Maroc. C\u2019est ainsi que cette localit\u00e9 se transformera peu \u00e0 peu \u00ab\u00a0en une sorte de kolkhoze \u00bb o\u00f9\u00a0les ex soldats devenus agriculteurs pourvoiront \u00e0 leurs propres besoins alimentaires, \u00e9pouseront des Vietnamiennes avec lesquelles ils auront des enfants et bien s\u00fbr b\u00e2tiront des mosqu\u00e9es.\u00a0 M\u00eame si celles-ci n\u2019\u00e9taient pas les 1eres car l\u2019Islam est pr\u00e9sent au Vietnam depuis le 8<sup>e<\/sup>\u00a0si\u00e8cle, leur pr\u00e9sence illustre un \u00e9pisode remarquable de l\u2019histoire de la solidarit\u00e9 internationale des peuples colonis\u00e9s.<\/p>\n<h3>Notes<\/h3>\n<p class=\"selectionShareable\"><a href=\"https:\/\/qgdecolonial.fr\/2021\/02\/21\/youssef-sla-raconte-5-abdelkrim-al-khattabi-et-la-petite-mosquee-dans-la-riziere\/#_ftnref1\" name=\"_ftn1\">[1]<\/a>\u00a0https:\/\/blogs.mediapart.fr\/amadouba19gmailcom\/blog\/060820\/abdelkrim-1882-1963-et-sa-guerre-du-rif-par-amadou-bal-ba<\/p>\n<p style=\"text-align: right;\"><a href=\"https:\/\/qgdecolonial.fr\/2021\/02\/21\/youssef-sla-raconte-5-abdelkrim-al-khattabi-et-la-petite-mosquee-dans-la-riziere\/\">SOURCE<\/a><\/p>\n<\/div>\n","protected":false},"excerpt":{"rendered":"<p>Youssef s\u2019la raconte #5 \u2013 AbdelKrim Al Khattabi et la petite mosqu\u00e9e dans la rizi\u00e8re 21 F\u00c9VRIER 2021 La r\u00e9volte du Rif\u00a0 ( 1921\/1926) est un des \u00e9v\u00e8nements r\u00e9volutionnaires les plus marquants du si\u00e8cle pass\u00e9. Mais quel lien peut-il y avoir entre son leader, Abdelkrim Kattabi et l\u2019existence de mosqu\u00e9es au Vietnam\u00a0?<\/p>\n","protected":false},"author":1,"featured_media":2691,"comment_status":"open","ping_status":"open","sticky":false,"template":"","format":"standard","meta":{"footnotes":""},"categories":[21],"tags":[449],"class_list":["post-4682","post","type-post","status-publish","format-standard","has-post-thumbnail","hentry","category-anti-imperialisme","tag-youssef-boussoumah"],"_links":{"self":[{"href":"https:\/\/bruxelles-pantheres.be\/index.php?rest_route=\/wp\/v2\/posts\/4682","targetHints":{"allow":["GET"]}}],"collection":[{"href":"https:\/\/bruxelles-pantheres.be\/index.php?rest_route=\/wp\/v2\/posts"}],"about":[{"href":"https:\/\/bruxelles-pantheres.be\/index.php?rest_route=\/wp\/v2\/types\/post"}],"author":[{"embeddable":true,"href":"https:\/\/bruxelles-pantheres.be\/index.php?rest_route=\/wp\/v2\/users\/1"}],"replies":[{"embeddable":true,"href":"https:\/\/bruxelles-pantheres.be\/index.php?rest_route=%2Fwp%2Fv2%2Fcomments&post=4682"}],"version-history":[{"count":1,"href":"https:\/\/bruxelles-pantheres.be\/index.php?rest_route=\/wp\/v2\/posts\/4682\/revisions"}],"predecessor-version":[{"id":4683,"href":"https:\/\/bruxelles-pantheres.be\/index.php?rest_route=\/wp\/v2\/posts\/4682\/revisions\/4683"}],"wp:featuredmedia":[{"embeddable":true,"href":"https:\/\/bruxelles-pantheres.be\/index.php?rest_route=\/wp\/v2\/media\/2691"}],"wp:attachment":[{"href":"https:\/\/bruxelles-pantheres.be\/index.php?rest_route=%2Fwp%2Fv2%2Fmedia&parent=4682"}],"wp:term":[{"taxonomy":"category","embeddable":true,"href":"https:\/\/bruxelles-pantheres.be\/index.php?rest_route=%2Fwp%2Fv2%2Fcategories&post=4682"},{"taxonomy":"post_tag","embeddable":true,"href":"https:\/\/bruxelles-pantheres.be\/index.php?rest_route=%2Fwp%2Fv2%2Ftags&post=4682"}],"curies":[{"name":"wp","href":"https:\/\/api.w.org\/{rel}","templated":true}]}}