{"id":4686,"date":"2021-02-17T14:06:15","date_gmt":"2021-02-17T13:06:15","guid":{"rendered":"https:\/\/bruxelles-pantheres.be\/?p=4686"},"modified":"2021-02-25T14:09:25","modified_gmt":"2021-02-25T13:09:25","slug":"imperialisme-et-lutte-de-classes-dans-le-monde-arabe","status":"publish","type":"post","link":"https:\/\/bruxelles-pantheres.be\/?p=4686","title":{"rendered":"Imp\u00e9rialisme et lutte de classes dans le monde arabe"},"content":{"rendered":"<div class=\"entry-content\">\n<p class=\"selectionShareable\"><em>Traduit depuis l\u2019anglais, avec l\u2019aimable autorisation de Monthly Review. Vous pouvez retrouver la version originale\u00a0<a href=\"https:\/\/monthlyreview.org\/2016\/09\/01\/imperialism-and-class-in-the-arab-world\/#fn2\">ici<\/a>.<\/em><\/p>\n<p class=\"selectionShareable\">\u00c0 propos de\u00a0: Ali Kadri,\u00a0<em>Arab Development Denied<\/em>\u00a0(Londres\u00a0: Anthem, 2014).<\/p>\n<p class=\"selectionShareable\">Dans le monde arabe sans doute plus que partout ailleurs, la violence fait dispara\u00eetre l\u2019horizon. Les guerres imp\u00e9rialistes ont d\u00e9moli l\u2019\u00c9tat libyen et r\u00e9duit la Syrie \u00e0 l\u2019\u00e9tat de charnier. Le Y\u00e9men, le pays le plus pauvre de la r\u00e9gion, a servi de stand de tir aux drones \u00e9tatsuniens avant que l\u2019Arabie Saoudite, le satrape r\u00e9gional en chef des \u00c9tats-Unis, ne l\u2019attaque, le faisant ainsi sombrer dans la famine. L\u2019Irak fr\u00e9mit sous les voitures pi\u00e9g\u00e9es de l\u2019\u00c9tat islamique apr\u00e8s des d\u00e9cennies de guerres et de sanctions. Quant \u00e0 la Palestine, elle continue de saigner et de r\u00e9sister sous le poids du colonialisme isra\u00e9lien.<\/p>\n<\/div>\n<p><!--more--><img decoding=\"async\" class=\"attachment-pixelwars_theme_image_size_2 size-pixelwars_theme_image_size_2 wp-post-image aligncenter\" title=\"\" src=\"https:\/\/qgdecolonial.fr\/wp-content\/uploads\/2021\/02\/610bBYTu8jL-e1613329185779.jpg\" alt=\"Imp\u00e9rialisme et lutte de classes dans le monde arabe\" width=\"400\" height=\"600\" \/><\/p>\n<p class=\"selectionShareable\">Dans ce climat de violence imp\u00e9riale \u2013 en r\u00e9alit\u00e9, une guerre contre le d\u00e9veloppement \u2013 peu ont tenu bon. La bande de Gaza souffre de ce que l\u2019\u00e9conomiste Sara Roy nomme le \u00ab\u2009d\u00e9-d\u00e9veloppement\u2009\u00bb caus\u00e9 par Isra\u00ebl<a href=\"https:\/\/qgdecolonial.fr\/2021\/02\/16\/imperialisme-et-lutte-de-classes-dans-le-monde-arabe\/#_ftn1\" name=\"_ftnref1\">[1]<\/a>. La Syrie a \u00e9t\u00e9 retard\u00e9e de plus d\u2019un demi-si\u00e8cle, avec une esp\u00e9rance de vie en chute spectaculaire et une g\u00e9n\u00e9ration perdue de jeunes hommes<a href=\"https:\/\/qgdecolonial.fr\/2021\/02\/16\/imperialisme-et-lutte-de-classes-dans-le-monde-arabe\/#_ftn2\" name=\"_ftnref2\">[2]<\/a>. Pourquoi tant de violence\u2009? Les mercenaires universitaires des \u00e9tudes contre-insurrectionnelles se concentrent sur le terrorisme en tant que r\u00e9ponse aux griefs mat\u00e9riels, et sur la guerre occidentale comme solution \u00e0 celui-ci<a href=\"https:\/\/qgdecolonial.fr\/2021\/02\/16\/imperialisme-et-lutte-de-classes-dans-le-monde-arabe\/#_ftn3\" name=\"_ftnref3\">[3]<\/a>. D\u2019autres imputent le sous-d\u00e9veloppement de la r\u00e9gion \u00e0 un m\u00e9lange d\u2019inad\u00e9quation institutionnelle et de d\u00e9ficits d\u00e9mocratiques, auquel la sollicitation du pouvoir \u00e9tatsunien permettrait de rem\u00e9dier.<\/p>\n<p class=\"selectionShareable\">\u00c0 l\u2019encontre de cette image, le livre d\u2019Ali Kadri\u00a0<em>Arab Development Denied<\/em>\u00a0offre un r\u00e9cit brillamment intelligent de la mani\u00e8re dont les \u00c9tats-Unis ont refus\u00e9 le d\u00e9veloppement arabe. Par les guerres, le colonialisme et les sanctions, ils ont cherch\u00e9, pendant des d\u00e9cennies, \u00e0 emp\u00eacher la souverainet\u00e9 de la classe ouvri\u00e8re dans la r\u00e9gion. Kadri adopte par moments un ton pol\u00e9mique, mais cela ne doit pas nous induire en erreur. La th\u00e8se principale du livre se fonde sur une connaissance encyclop\u00e9dique des m\u00e9canismes de la politique macro\u00e9conomique, de l\u2019interaction entre les \u00e9changes mon\u00e9taires, les comptes de capitaux ouverts et ferm\u00e9s et le r\u00f4le des investissements publics et priv\u00e9s dans la mise en mouvement de ce que Gunnar Myrdal a nomm\u00e9 les \u00ab\u2009cercles vertueux\u2009\u00bb du d\u00e9veloppement. Tout cela s\u2019int\u00e8gre dans une lecture plus vaste de l\u2019histoire de la r\u00e9gion, \u00e0 laquelle Kadri fait r\u00e9f\u00e9rence avec une aisance presque trop fluide.<\/p>\n<p class=\"selectionShareable\">Le plus important est sans doute l\u2019utilisation que fait Kadri du concept de souverainet\u00e9 et la substance avec laquelle il l\u2019impr\u00e8gne. Il entend la souverainet\u00e9 comme \u00ab\u2009le droit des ouvriers \u00e0 d\u00e9terminer les conditions de leur existence\u2009\u00bb, explicitant imm\u00e9diatement la base de classe de cette souverainet\u00e9 (p.\u00a03). La guerre est le principal solvant de la souverainet\u00e9\u00a0: avec chaque ing\u00e9rence imp\u00e9riale, chaque \u00c9tat envelopp\u00e9 sous l\u2019ombrelle s\u00e9curitaire \u00e9tatsunienne, la souverainet\u00e9 devient progressivement une carapace dess\u00e9ch\u00e9e. De plus, chaque appareil politique remettant en question le contr\u00f4le \u00e9tatsunien, \u00ab\u2009chaque plateforme sociale \u00e0 partir de laquelle la classe ouvri\u00e8re pourrait\u2009\u00bb, m\u00eame potentiellement, \u00ab\u2009remettre en question la mainmise de l\u2019imp\u00e9rialisme men\u00e9 par les \u00c9tats-Unis\u2009\u00bb se trouve d\u00e9mantel\u00e9 (p.\u00a07). En t\u00e9moignent la destruction de la Libye, les ruines de la Syrie et les attaques constantes contre l\u2019Iran. Comme l\u2019\u00e9crit Kadri, \u00ab\u2009les guerres d\u00e9placent les ouvriers et paysans et emp\u00eachent ne serait-ce qu\u2019un contr\u00f4le politique potentiel des ressources naturelles par les classes ouvri\u00e8res nationales\u2009\u00bb (p.\u00a07). Il montre clairement le fait que la destruction de l\u2019\u00c9tat et de ses institutions verrouille la possibilit\u00e9 m\u00eame de d\u00e9veloppement. Les chapitres qui suivent approfondissent cette probl\u00e9matique initiale.<\/p>\n<p class=\"selectionShareable\">La pr\u00e9misse est une dialectique d\u00e9vastatrice et d\u00e9volutionnaire entre imp\u00e9rialisme et classes dirigeantes locales. Apr\u00e8s les exp\u00e9riences populistes des ann\u00e9es\u00a01960 et 1970, soutient Kadri, la r\u00e9gion a \u00e9t\u00e9 t\u00e9moin du \u00ab\u2009d\u00e9sengagement graduel par le capital industriel national du capital marchand\u2009\u00bb, ce dernier devenant lentement \u00ab\u2009le mode dominant\u2009\u00bb (p.\u00a016). Le capital, entrant et sortant rapidement des agr\u00e9gats statistiques que l\u2019on nomme \u00e9conomies nationales, d\u00e9compose les liens productifs, conduisant la classe \u00ab\u2009capitaliste-marchande\u2009\u00bb, li\u00e9e \u00e0 l\u2019investissement \u00e0 court terme, \u00e0 fusionner pleinement avec \u00ab\u2009le capital financier international\u2009\u00bb au milieu de cet alliage ardant d\u2019interactions (p.\u00a016).<\/p>\n<p class=\"selectionShareable\">Le probl\u00e8me n\u2019est donc pas tant que le d\u00e9veloppement arabe \u00e9chappe aux d\u00e9cideurs politiques, s\u00e9rieux, mais d\u00e9sar\u00e7onn\u00e9s. En fait, \u00ab\u2009ils refa\u00e7onnent le d\u00e9veloppement comme un objectif \u00e9lusif\u2009\u00bb (p. 16.). De plus, les actifs s\u2019\u00e9chappent des failles institutionnelles et structurelles enfichables et le capital s\u2019\u00e9coule des comptes nationaux. Pendant ce temps, \u00ab\u2009le spectre de la guerre\u2009\u00bb \u00ab\u2009justifie [constamment] la mont\u00e9e de la classe au pouvoir et de l\u2019appareil s\u00e9curitaire qui soutient les r\u00e9gimes arabes\u2009\u00bb, menant \u00e0 diverses formes d\u2019endiguement social et de stabilisation au lieu d\u2019investissements productifs \u00e0 long terme (p. 30).<\/p>\n<p class=\"selectionShareable\">Cela n\u2019est pas d\u00fb \u00e0 l\u2019absence de connaissances quant aux recours politiques n\u00e9cessaires. Kadri nous rappelle que les \u00ab\u2009r\u00e9gimes populistes [nationalistes arabes] contr\u00f4laient les comptes de capitaux et adaptaient les taux d\u2019int\u00e9r\u00eat et d\u2019\u00e9change afin d\u2019\u00e9quilibrer l\u2019\u00e9pargne et l\u2019investissement tout en prot\u00e9geant la consommation de base, qui faisait partie de la s\u00e9curit\u00e9 nationale\u2009\u00bb (p.\u00a045). Les prix \u00e9taient fix\u00e9s afin de maintenir l\u2019accumulation au niveau local et de pr\u00e9venir la fuite des connaissances. Le r\u00e9sultat fut que, jusqu\u2019en 1977, le v\u00e9ritable revenu par t\u00eate \u00e9quivalait \u00e0 celui des \u00e9conomies d\u2019Asie de l\u2019Est, mod\u00e8les du d\u00e9veloppement capitaliste.<\/p>\n<p class=\"selectionShareable\">Depuis lors, avec la souverainet\u00e9 s\u2019\u00e9chappant de la r\u00e9gion et les ressources sociales progressivement d\u00e9tourn\u00e9es pour rev\u00eatir les pays en guerre avec Isra\u00ebl ou les uns avec les autres, la politique pro-cyclique \u2013 le n\u00e9olib\u00e9ralisme \u2013 a mis la r\u00e9gion sur la voie qu\u2019elle suit actuellement. D\u2019un c\u00f4t\u00e9, les revenus p\u00e9troliers ont partiellement masqu\u00e9 ce processus. De l\u2019autre, le p\u00e9trole a \u00e9t\u00e9 la cause principale des guerres incessantes qui ont min\u00e9 la r\u00e9gion, avec le \u00ab\u2009cycle commercial du [monde arabe] exemplifiant un cas de \u2018\u2019cycle d\u00e9termin\u00e9 par une logique imp\u00e9riale\u2019\u2019 ou un cycle principalement guid\u00e9 par des pressions ext\u00e9rieures\u2009\u00bb (p.\u00a047). Parmi les effets destructeurs et de d\u00e9montage de la guerre \u2013 et il faudrait ajouter de la propagande sectaire impitoyable du Conseil de Coop\u00e9ration du Golfe \u2013 les classes ouvri\u00e8res arabes ont commenc\u00e9 \u00e0 se diviser en suivant les lignes des sectes. De plus, comme le soutient Kadri, ce ne sont pas les politiques elles-m\u00eames qui ont \u00e9chou\u00e9. \u00ab\u2009Les transgressions de la p\u00e9riode socialiste arabe\u2009\u00bb, \u00e9crit-il, n\u2019ont pas du tout \u00e9t\u00e9 \u00ab\u2009les macro-politiques de gauche\u2009\u00bb, mais \u00e9taient, en r\u00e9alit\u00e9, celles de la \u00ab\u2009classe en charge du d\u00e9veloppement\u2009\u00bb, puisque les \u00ab\u2009classes dirigeantes arabes ont utilis\u00e9 l\u2019\u00c9tat comme m\u00e9dium de l\u2019accumulation priv\u00e9e\u2009\u00bb. Par cons\u00e9quent, \u00ab\u2009le partage de la richesse totale par la bourgeoisie d\u2019\u00c9tat a augment\u00e9\u2009\u00bb (p.\u00a0175). Finalement, cela a men\u00e9 au vol, que l\u2019on nomme privatisation.<\/p>\n<p class=\"selectionShareable\">La guerre a \u00e9galement apport\u00e9 un autre m\u00e9canisme participant du retrait graduel du capital du d\u00e9veloppement de la capacit\u00e9 productive nationale. Le r\u00e9sultat en a \u00e9t\u00e9 une dimension croissante d\u2019inconnaissable\u00a0: tandis que le capital priv\u00e9 pouvait suivre avec fiabilit\u00e9 les investissements de l\u2019\u00c9tat pendant la p\u00e9riode des \u00e9conomies planifi\u00e9es, la guerre compromet d\u00e9sormais l\u2019horizon planifi\u00e9\u00a0: \u00ab\u2009Il n\u2019y a pas vraiment d\u2019avenir dans lequel se projeter quand l\u2019\u00c9tat risque de s\u2019effondrer subitement\u2009\u00bb, \u00e9crit Kadri, modifiant les calculs des investisseurs et rendant les investissements commerciaux, ou dans le domaine des services sur le court terme, plus attrayants (p.\u00a065-66).<\/p>\n<p class=\"selectionShareable\">Kadri dresse ensuite un excellent expos\u00e9, s\u2019inscrivant dans son examen de la p\u00e9riode de planification, de la mani\u00e8re dont l\u2019industrialisation par substitution aux importations (ISI) s\u2019essouffle. La politique de l\u2019ISI inclut de multiples taux d\u2019int\u00e9r\u00eats et d\u2019\u00e9changes afin d\u2019assurer des \u00e9conomies et des investissements ad\u00e9quats, et leur corollaire, le contr\u00f4le de la fuite de capitaux, avec une \u00e9mission d\u2019obligations afin d\u2019\u00e9tendre la r\u00e9serve mon\u00e9taire et l\u2019investissement financier. Sous le n\u00e9olib\u00e9ralisme, ces comptes de capitaux ont \u00e9t\u00e9 ouverts et la myriade de taux d\u2019\u00e9change et d\u2019int\u00e9r\u00eat n\u2019ont plus fait qu\u2019un. La monnaie \u00e9tait introduite internationalement. Les \u00c9tats pauvres en p\u00e9trole faisaient souvent face \u00e0 des probl\u00e8mes dans la balance des paiements \u00e0 mesure que leurs comptes se vidaient, alors que les taux d\u2019int\u00e9r\u00eat devaient monter afin de pr\u00e9venir la fuite des capitaux. Circulairement, ce processus a engendr\u00e9 des d\u00e9lais dans les investissements et les \u00c9tats ne pouvaient pas \u00e9mettre de la monnaie, car leurs recettes des op\u00e9rations de change s\u2019amenuisaient, ou \u00e9taient conserv\u00e9es en r\u00e9serve afin de prot\u00e9ger le taux d\u2019\u00e9change. Finalement, dans \u00ab\u2009les \u00c9tats \u00e0 faible capacit\u00e9 p\u00e9troli\u00e8re, l\u2019espace mon\u00e9taire s\u2019est ouvert du fait de la diminution mon\u00e9taire combl\u00e9e par le dollar, et la dollarisation implicite ou explicite a progressivement supplant\u00e9 les march\u00e9s mon\u00e9taires\u2009\u00bb (p.\u00a054).<\/p>\n<p class=\"selectionShareable\">Il semble toutefois y avoir une tension entre l\u2019id\u00e9e selon laquelle le cycle commercial interne a \u00e9t\u00e9 subordonn\u00e9 au contr\u00f4le imp\u00e9rial et la derni\u00e8re affirmation de Kadri selon laquelle les politiques internes ont produit leurs propres blocages et contradictions. Cela est sans doute davantage un effet de l\u2019expos\u00e9 de Kadri que de son analyse. Bien que son unit\u00e9 analytique soit implicitement le syst\u00e8me-monde, le \u00ab\u2009monde arabe\u2009\u00bb \u00e9tant imbriqu\u00e9 dans la g\u00e9opolitique imp\u00e9riale, il ne repr\u00e9sente par moments que vaguement son analyse. Il faut conna\u00eetre la pr\u00e9sence de ce cadre d\u2019analyse pour \u00eatre en mesure de le percevoir. Il note qu\u2019en son c\u0153ur m\u00eame, la guerre militaire ext\u00e9rieure \u00e9tait \u00e9galement une guerre de classe int\u00e9rieure, la militarisation de l\u2019industrie \u00e9tatsunienne menant au \u00ab\u2009partage de la valeur en faveur du capital conduit par les \u00c9tats-Unis tandis que celui-ci impose des mesures d\u2019aust\u00e9rit\u00e9 aux classes ouvri\u00e8res du centre\u2009\u00bb (p.\u00a091). Mais le sous-d\u00e9veloppement du monde arabe \u2013 c\u2019est-\u00e0-dire le d\u00e9ficit de souverainet\u00e9 des classes ouvri\u00e8res arabes \u2013 est, pour Kadri, \u00ab\u2009un r\u00e9sultat des n\u00e9cessit\u00e9s de l\u2019imp\u00e9rialisme conduit par les \u00c9tats-Unis\u2009\u00bb, \u00ab\u2009le p\u00e9trole et les guerres locales arabes\u2009\u00bb \u00e9tant fondamentalement \u00ab\u2009n\u00e9cessaires pour le capital [qui] tombe dans le domaine\u2009\u00bb du pouvoir \u00e9tatsunien (p.\u00a0218). Ici, la pierre angulaire \u00e9tait \u00ab\u2009le facteur isra\u00e9lien seul [\u2026] [qui] engendre un \u00e9tat de d\u00e9faite\u2009\u00bb et qui a particip\u00e9 de la r\u00e9orientation du rapport de force, apr\u00e8s quoi la contre-r\u00e9volution a commenc\u00e9 \u00e0 lentement triompher r\u00e9gionalement (p.\u00a0212).<\/p>\n<p class=\"selectionShareable\">On ne sait pas et on ne pourra savoir ce qui serait advenu en l\u2019absence de la victoire militaire isra\u00e9lienne, de la contre-insurrection saoudienne au Y\u00e9men ou du blitzkrieg omano-britannique de la r\u00e9volution \u00e0 Dhofar. Mais les blocages auxquels fait r\u00e9f\u00e9rence Kadri dans les \u00c9tats pauvres en p\u00e9trole n\u2019\u00e9taient pas que ceux de comptes s\u2019approchant de z\u00e9ro, mais de forces sociales perdant leur capacit\u00e9 \u00e0 arracher le capital aux riches et \u00e0 investir dans les capacit\u00e9s locales. Les d\u00e9ficits actuels des comptes sont li\u00e9s aux limites de la capacit\u00e9 extractive de l\u2019\u00c9tat, notamment des classes moyennes et sup\u00e9rieures. Il ne s\u2019agit pas de processus naturels. Ils sont politiques, li\u00e9s au rapport de forces sociales, un rapport qui n\u2019est jamais simplement national, mais toujours r\u00e9gional et international.<\/p>\n<p class=\"selectionShareable\">C\u2019est l\u00e0 que se trouve l\u2019un des deux points qui me g\u00eanent dans le livre. Kadri devrait davantage historiciser et \u00eatre plus didactique. Comme il le sait, bien qu\u2019il ne le dise pas r\u00e9ellement, la politique de l\u2019ISI et son d\u00e9nouement \u00e9taient ench\u00e2ss\u00e9s dans un processus plus vaste de changement social, une r\u00e9volution globale, incluant l\u2019espace pour la lutte anti-syst\u00e9mique qu\u2019a ouvert l\u2019URSS.<\/p>\n<p class=\"selectionShareable\">Par cons\u00e9quent, Kadri exhorte \u00e0 la mise en \u0153uvre des m\u00eames politiques macro\u00e9conomiques qui ont propuls\u00e9 le monde arabe dans les ann\u00e9es\u00a01960 et 1970. Il doit y avoir, affirme-t-il, \u00ab\u2009des moyens d\u2019endiguer la fuite des richesses, de faire circuler \u00e0 nouveau la valeur nationalement, de revaloriser la force de travail et de redistribuer la valeur par des politiques sociales\u2009\u00bb (p.\u00a069). Cela signifie, fondamentalement et avant tout, une r\u00e9forme fonci\u00e8re et la renationalisation de biens \u00ab\u2009pr\u00e9c\u00e9demment d\u00e9rob\u00e9s via le consortium de l\u2019\u00c9tat marchand et r\u00e9pressif\u2009\u00bb (p.\u00a069). Afin de revendiquer de jouer son r\u00f4le dans les cycles de production, il faudrait que le peuple puisse avoir les moyens de formuler des revendications. De plus, cela suppose \u00ab\u2009des prix multi-niveaux d\u2019ing\u00e9nierie\u2009\u00bb afin de remodeler les politiques de taux d\u2019\u00e9change et d\u2019int\u00e9r\u00eat pour enfermer \u00ab\u2009les ressources de la r\u00e9gion\u2009\u00bb, comprenant tant le peuple que le capital (p.\u00a0201). En plus de la r\u00e9forme fonci\u00e8re, cela implique la mise en place de \u00ab\u2009garanties de production agricoles finan\u00e7ant l\u2019industrie et l\u2019agriculture \u00e0 des taux concessionnels, ainsi que l\u2019int\u00e9gration de l\u2019agriculture par un investissement accru dans l\u2019\u00e9conomie\u2009\u00bb (p.\u00a0201).<\/p>\n<p class=\"selectionShareable\">Par-dessus tout, faire cela implique de trouver le bon plan de bataille. Kadri affirme que l\u2019anti-imp\u00e9rialisme est central, notant, dans une formule qui irritera s\u00fbrement la myriade d\u2019idiots utiles qui per\u00e7oivent les milices de droite \u00e9quip\u00e9es par l\u2019imp\u00e9rialisme comme des \u00ab\u00a0r\u00e9volutionnaires\u2009\u00bb, que \u00ab\u2009dans le d\u00e9veloppement des formations constamment soumises \u00e0 des assauts imp\u00e9rialistes, la lutte des classes est principalement anti-imp\u00e9rialiste et circulairement conditionn\u00e9e \u00e0 la s\u00e9curit\u00e9 des classes ouvri\u00e8res nationales\u2009\u00bb (p.\u00a085). Elliptiquement, il poursuit et affirme que \u00ab\u2009la pleine s\u00e9curit\u00e9 \u00e9tend la souverainet\u00e9\u2009\u00bb (p.\u00a086). Dans les faits, ce point va vraisemblablement irriter doublement les apologistes de l\u2019imp\u00e9rialisme, qui pr\u00e9tendent parler au nom des ouvriers m\u00eame lorsqu\u2019ils justifient la disparition des \u00c9tats dans lesquels les ouvriers vivent leur vie, le tout en \u00e9mettant un flux continu de clich\u00e9s n\u00e9ocoloniaux selon lesquels on ne fait pas d\u2019omelette sans casser des \u0153ufs, les r\u00e9volutions ne sont pas des d\u00eeners de gala et autre charabia.<\/p>\n<p class=\"selectionShareable\">Dans une mise en garde, Kadri commente alors la faiblesse g\u00e9n\u00e9rale de l\u2019internationalisme mondial. L\u2019id\u00e9ologie corrosive d\u2019Amid Wahhabi propage l\u2019id\u00e9e selon laquelle \u00ab\u2009le front anti-imp\u00e9rialiste est chiite.\u2009\u00bb Cela signifie que, \u00ab\u2009comme toute secte constituant une forme d\u2019organisation sociale [elle est] capitaliste\u2009\u00bb. Toutefois, \u00ab\u2009le probl\u00e8me d\u2019un front sectaire [\u2026] est que m\u00eame s\u2019il gagne la guerre militaire, il perd la guerre sociale, \u00e0 moins que les luttes quotidiennes de la gauche marquent l\u2019\u0153uvre de l\u2019histoire\u2009\u00bb (p.\u00a0180). Bien \u00e9videmment, un tel jugement omet le soutien militaire de l\u2019Iran \u00e0 des organisations sunnites au sein de la Palestine historique. Le terme \u00ab\u2009sectaire\u2009\u00bb implique donc une \u00e9quivalence conceptuelle entre le sectarisme de l\u2019imp\u00e9rialisme \u00e9tatsuno-saoudien et celui des forces sociales qui pourraient d\u00e9ployer une identification commune comme l\u2019un des liens cimentant leurs solidarit\u00e9s et leur anti-imp\u00e9rialisme. N\u00e9anmoins, le besoin d\u2019insister sur l\u2019importance de la classe sur le front de la r\u00e9sistance est important et est, bien s\u00fbr, mis en \u0153uvre par les forces r\u00e9gionales populaires.<\/p>\n<p class=\"selectionShareable\">Le second point qui me g\u00eane est la distinction qu\u2019\u00e9tablit Kadri entre le capital marchand et le capital industriel. Dans la r\u00e9gion comme \u00e0 un niveau plus global, l\u2019industrie lourde a toujours b\u00e9n\u00e9fici\u00e9 des garanties d\u2019\u00c9tat. En effet, per\u00e7ue comme non profitable dans le monde arabe comme ailleurs, elle a souvent \u00e9t\u00e9 l\u2019enfant de l\u2019\u00c9tat, tra\u00eenant derri\u00e8re elle des investissements priv\u00e9s ou en b\u00e9n\u00e9ficiant de mani\u00e8re parasite. C\u2019est ainsi, car les \u00e9lites de l\u2019\u00c9tat ont souvent per\u00e7u l\u2019industrialisation comme la mani\u00e8re d\u2019offrir un bien-\u00eatre social \u00e0 la population tout en b\u00e2tissant un \u00e9chafaudage pour l\u2019investissement priv\u00e9 dans l\u2019industrie. Le capital s\u2019enracine dans les processus industriels lorsque c\u2019est profitable et les conditions de la profitabilit\u00e9 sont simultan\u00e9ment politiques et sociales. Je crains que se trouve implicitement dans cette typologie une voie de d\u00e9veloppement id\u00e9ale-typique, allant du marchand \u00e0 l\u2019industriel. Mais m\u00eame les \u00c9tats europ\u00e9ens n\u2019ont satur\u00e9 leur base productive nationale en industrie qu\u2019en r\u00e9action \u00e0 des guerres et r\u00e9volutions mobilisant les masses, y compris en Union sovi\u00e9tique et ailleurs<a href=\"https:\/\/qgdecolonial.fr\/2021\/02\/16\/imperialisme-et-lutte-de-classes-dans-le-monde-arabe\/#_ftn4\" name=\"_ftnref4\">[4]<\/a>. (Ce n\u2019est pas le lieu pour s\u2019attarder sur le f\u00e9tiche de l\u2019industrialisation lui-m\u00eame). Le reflux de la peur de ce vieux spectre peut expliquer la volont\u00e9 de diverses \u00e9lites d\u2019opter simultan\u00e9ment pour une \u00e9volution vers des formes globalis\u00e9es d\u2019accumulation du capital \u2013 la transition de ce que Kadri nomme le capital industriel au capital marchand dans le monde arabe.<\/p>\n<p class=\"selectionShareable\">De plus, il semble difficile, en tous les cas, d\u2019identifier ce qu\u2019est le capital marchand et le capital industriel \u00e0 l\u2019\u00e8re des conglom\u00e9rats \u2013 si cela a un jour \u00e9t\u00e9 possible. Les grandes soci\u00e9t\u00e9s ou groupes commerciaux sont aujourd\u2019hui souvent \u00e0 la fois marchands et industriels en m\u00eame temps. Un processus plus insaisissable de d\u00e9racinement est \u00e0 l\u2019\u0153uvre et je ne suis pas certain que la division marchand-industriel nous aide \u00e0 le th\u00e9oriser. Mais c\u2019est l\u00e0 un d\u00e9bat conceptuel de longue date et l\u2019argument de Kadri ne repose gu\u00e8re sur la l\u00e9gitimit\u00e9 de cette typologie. En bref,\u00a0<em>Arab Development Denied<\/em>\u00a0est l\u2019un des livres les plus importants publi\u00e9s depuis longtemps sur l\u2019\u00e9conomie politique arabe et il m\u00e9rite d\u2019\u00eatre lu par toutes les personnes qui s\u2019int\u00e9ressent \u00e0 cette r\u00e9gion. Je ne peux qu\u2019en recommander la lecture.<\/p>\n<h3>Notes<\/h3>\n<p class=\"selectionShareable\"><a href=\"https:\/\/qgdecolonial.fr\/2021\/02\/16\/imperialisme-et-lutte-de-classes-dans-le-monde-arabe\/#_ftnref1\" name=\"_ftn1\">[1]<\/a>\u00a0Sara Roy,\u00a0<em>The Gaza Strip: The Political Economy of De-development<\/em>\u00a0(Institute of Palestine Studies, 2001).<\/p>\n<p class=\"selectionShareable\"><a href=\"https:\/\/qgdecolonial.fr\/2021\/02\/16\/imperialisme-et-lutte-de-classes-dans-le-monde-arabe\/#_ftnref2\" name=\"_ftn2\">[2]<\/a>\u00a0Syrian Center for Policy Research, \u00ab\u00a0Confronting Fragmentation,\u00a0\u00bb f\u00e9vrier 2016,\u00a0<a href=\"http:\/\/scpr-syria.org\/\">http:\/\/scpr-syria.org<\/a>.<\/p>\n<p class=\"selectionShareable\"><a href=\"https:\/\/qgdecolonial.fr\/2021\/02\/16\/imperialisme-et-lutte-de-classes-dans-le-monde-arabe\/#_ftnref3\" name=\"_ftn3\">[3]<\/a>\u00a0Sayres S. Rudy, \u201cPros and Cons: Americanism against Islamism in the \u2019War on Terror,\u2019\u201d The Muslim World 97, n\u00b0 1 (2007): 33\u201378.<\/p>\n<p class=\"selectionShareable\"><a href=\"https:\/\/qgdecolonial.fr\/2021\/02\/16\/imperialisme-et-lutte-de-classes-dans-le-monde-arabe\/#_ftnref4\" name=\"_ftn4\">[4]<\/a>\u00a0Sandra Halperin, War and Social Change in Modern Europe: The Great Transformation Revisited (Cambridge, UK: Cambridge University Press, 2004).<\/p>\n<p style=\"text-align: right;\"><a href=\"https:\/\/qgdecolonial.fr\/2021\/02\/16\/imperialisme-et-lutte-de-classes-dans-le-monde-arabe\/\">SOURCE<\/a><\/p>\n","protected":false},"excerpt":{"rendered":"<p>Traduit depuis l\u2019anglais, avec l\u2019aimable autorisation de Monthly Review. Vous pouvez retrouver la version originale\u00a0ici. \u00c0 propos de\u00a0: Ali Kadri,\u00a0Arab Development Denied\u00a0(Londres\u00a0: Anthem, 2014). Dans le monde arabe sans doute plus que partout ailleurs, la violence fait dispara\u00eetre l\u2019horizon. Les guerres imp\u00e9rialistes ont d\u00e9moli l\u2019\u00c9tat libyen et r\u00e9duit la Syrie \u00e0 l\u2019\u00e9tat de charnier. Le &#8230; <a title=\"Imp\u00e9rialisme et lutte de classes dans le monde arabe\" class=\"read-more\" href=\"https:\/\/bruxelles-pantheres.be\/?p=4686\" aria-label=\"En savoir plus sur Imp\u00e9rialisme et lutte de classes dans le monde arabe\">Lire la suite<\/a><\/p>\n","protected":false},"author":1,"featured_media":3160,"comment_status":"open","ping_status":"open","sticky":false,"template":"","format":"standard","meta":{"footnotes":""},"categories":[21,6],"tags":[451],"class_list":["post-4686","post","type-post","status-publish","format-standard","has-post-thumbnail","hentry","category-anti-imperialisme","category-palestine-moyen-orient","tag-ali-kadri"],"_links":{"self":[{"href":"https:\/\/bruxelles-pantheres.be\/index.php?rest_route=\/wp\/v2\/posts\/4686","targetHints":{"allow":["GET"]}}],"collection":[{"href":"https:\/\/bruxelles-pantheres.be\/index.php?rest_route=\/wp\/v2\/posts"}],"about":[{"href":"https:\/\/bruxelles-pantheres.be\/index.php?rest_route=\/wp\/v2\/types\/post"}],"author":[{"embeddable":true,"href":"https:\/\/bruxelles-pantheres.be\/index.php?rest_route=\/wp\/v2\/users\/1"}],"replies":[{"embeddable":true,"href":"https:\/\/bruxelles-pantheres.be\/index.php?rest_route=%2Fwp%2Fv2%2Fcomments&post=4686"}],"version-history":[{"count":1,"href":"https:\/\/bruxelles-pantheres.be\/index.php?rest_route=\/wp\/v2\/posts\/4686\/revisions"}],"predecessor-version":[{"id":4687,"href":"https:\/\/bruxelles-pantheres.be\/index.php?rest_route=\/wp\/v2\/posts\/4686\/revisions\/4687"}],"wp:featuredmedia":[{"embeddable":true,"href":"https:\/\/bruxelles-pantheres.be\/index.php?rest_route=\/wp\/v2\/media\/3160"}],"wp:attachment":[{"href":"https:\/\/bruxelles-pantheres.be\/index.php?rest_route=%2Fwp%2Fv2%2Fmedia&parent=4686"}],"wp:term":[{"taxonomy":"category","embeddable":true,"href":"https:\/\/bruxelles-pantheres.be\/index.php?rest_route=%2Fwp%2Fv2%2Fcategories&post=4686"},{"taxonomy":"post_tag","embeddable":true,"href":"https:\/\/bruxelles-pantheres.be\/index.php?rest_route=%2Fwp%2Fv2%2Ftags&post=4686"}],"curies":[{"name":"wp","href":"https:\/\/api.w.org\/{rel}","templated":true}]}}