{"id":4691,"date":"2021-02-03T14:14:00","date_gmt":"2021-02-03T13:14:00","guid":{"rendered":"https:\/\/bruxelles-pantheres.be\/?p=4691"},"modified":"2021-02-25T14:15:50","modified_gmt":"2021-02-25T13:15:50","slug":"4691","status":"publish","type":"post","link":"https:\/\/bruxelles-pantheres.be\/?p=4691","title":{"rendered":"Un intellectuel indig\u00e8ne est-il toujours un Indig\u00e8ne\u2009?"},"content":{"rendered":"<div class=\"featured-image\"><\/div>\n<div class=\"entry-content\">\n<p class=\"selectionShareable\">\u00ab\u2009Je me ris des gens soi-disant \u02bapratiques\u02ba et de leur sagesse. [\u2026] Je me serais vraiment consid\u00e9r\u00e9 comme \u02banon\u2013pratique\u02ba si j\u2019avais crev\u00e9 sans avoir achev\u00e9 mon livre.\u2009\u00bb<\/p>\n<p class=\"selectionShareable\">Lettre de Karl Marx adress\u00e9e \u00e0 Siegfried Meyer, le 30 avril 1867<\/p>\n<p class=\"selectionShareable\">\u00ab\u2009Ce ne sont que des intellos\u2009!\u2009\u00bb. Voil\u00e0 l\u2019\u00e9trange anath\u00e8me qui nous frappe. \u00c9trange, car il sous-tend que l\u2019ambition de r\u00e9fl\u00e9chir, penser, \u00e9crire et m\u00eame \u2013 supr\u00eame arrogance \u2013 th\u00e9oriser notre condition raciale nous disqualifie comme Indig\u00e8nes.<\/p>\n<\/div>\n<p><!--more--><\/p>\n<p><img decoding=\"async\" class=\"attachment-pixelwars_theme_image_size_2 wp-post-image aligncenter\" title=\"\" src=\"https:\/\/qgdecolonial.fr\/wp-content\/uploads\/2021\/02\/received_238715864474920-1000x694.jpeg\" sizes=\"(max-width: 1000px) 100vw, 1000px\" srcset=\"https:\/\/qgdecolonial.fr\/wp-content\/uploads\/2021\/02\/received_238715864474920-1000x694.jpeg 1000w, https:\/\/qgdecolonial.fr\/wp-content\/uploads\/2021\/02\/received_238715864474920-300x208.jpeg 300w, https:\/\/qgdecolonial.fr\/wp-content\/uploads\/2021\/02\/received_238715864474920-768x533.jpeg 768w, https:\/\/qgdecolonial.fr\/wp-content\/uploads\/2021\/02\/received_238715864474920-500x347.jpeg 500w, https:\/\/qgdecolonial.fr\/wp-content\/uploads\/2021\/02\/received_238715864474920.jpeg 1009w\" alt=\"Un intellectuel indig\u00e8ne est-il toujours un Indig\u00e8ne\u2009?\" width=\"733\" height=\"509\" \/><\/p>\n<p class=\"selectionShareable\">Ainsi, des flots de critiques accompagnent chacune de nos publications\u00a0: trop th\u00e9oriques, trop universitaires, pas assez sur le \u00ab\u2009terrain\u2009\u00bb. Ces attaques, aussi ridicules et mesquines soient-elles, n\u00e9cessitent tout de m\u00eame que nous nous y attardions et que nous y consacrions quelques lignes, car elles sont significatives de la mani\u00e8re dont une partie de la gauche blanche mais aussi des Indig\u00e8nes con\u00e7oivent les militants de la lutte d\u00e9coloniale. Une vision qui allie paternalisme, gauchisme, purisme voire m\u00eame une forme de racisme. Car, oui, m\u00eame des Indig\u00e8nes se r\u00e9clamant de l\u2019antiracisme peuvent propager des sch\u00e9mas racistes sur eux-m\u00eames.<\/p>\n<p class=\"selectionShareable\">L\u2019anti-intellectualisme est avant tout une doctrine d\u2019extr\u00eame-droite, en particulier fasciste, qui voit en chaque intellectuel un membre de l\u2019\u00e9lite qui, en plus de le corrompre, agirait contre le bien-\u00eatre du peuple et de son bon sens. Cependant, il existe aussi un anti-intellectualisme dans la gauche radicale. Pour le r\u00e9sumer assez rapidement, et donc grossi\u00e8rement, Il est directement en lien avec la r\u00e9surgence du gauchisme, au sens l\u00e9ninien du terme, et emprunte \u00e0 son purisme. Dans cette conception, l\u2019intellectuel est intrins\u00e8quement un individu coup\u00e9 des \u00ab\u00a0masses\u00a0\u00bb, plus pr\u00e9occup\u00e9 \u00e0 r\u00e9diger des textes qu\u2019a agir pour la r\u00e9volution, s\u2019enfermant dans la th\u00e9orie et m\u00e9prisant la pratique.<\/p>\n<p class=\"selectionShareable\">Toutefois, malgr\u00e9 cette forte tendance, la gauche blanche parvient \u00e0 produire des intellectuels respect\u00e9s (et m\u00eame respectables), consid\u00e9r\u00e9s comme des forces n\u00e9cessaires et utiles \u00e0 la lutte, sans que leur l\u00e9gitimit\u00e9 ne soit remise en cause, alors m\u00eame qu\u2019ils passent une grande partie de leur temps \u00e0 l\u2019universit\u00e9. En ce qui concerne les Indig\u00e8nes, les choses se compliquent. Les militants du PIR en ont souvent fait les frais, quand bien m\u00eame ils n\u2019occupent aucun poste prestigieux dans aucune facult\u00e9.<\/p>\n<p class=\"selectionShareable\">Int\u00e9ressons-nous de plus pr\u00e8s aux critiques. Que disent-elles\u2009? En somme, qu\u2019\u00e9crire, penser, th\u00e9oriser d\u00e9l\u00e9gitime la militance non blanche. Il semblerait, avec cette logique, que le militant-intellectuel perdrait de sa substance et de son authenticit\u00e9. Devenu intello, l\u2019indig\u00e8ne n\u2019est plus un \u00ab\u2009pur-sang\u2009\u00bb. Transfuges de race, nous quitterions notre condition raciale premi\u00e8re, abandonnant ainsi la r\u00e9alit\u00e9 v\u00e9cue par les \u00ab\u2009vrais\u2009\u00bb indig\u00e8nes. Nous n\u2019aurions alors plus la l\u00e9gitimit\u00e9 de parler pour eux, puisque nous vivrions dans la s\u00e9curit\u00e9 \u00e9conomique suppos\u00e9e de tout intellectuel qui se respecte.<\/p>\n<p class=\"selectionShareable\">Outre qu\u2019elle t\u00e9moigne d\u2019une m\u00e9connaissance de ce qu\u2019est un intellectuel et de ses conditions \u2013 amalgamant intellectuel et bourgeois \u2013 cette posture m\u00e9rite d\u2019\u00eatre critiqu\u00e9e de par son caract\u00e8re paternaliste et raciste, puisqu\u2019elle prive l\u2019Indig\u00e8ne de l\u2019acc\u00e8s au statut d\u2019intellectuel en rendant les deux antagoniques. La production th\u00e9orique serait la chasse gard\u00e9e des Blancs, vouloir y pr\u00e9tendre, ce serait se blanchir. Le vrai Indig\u00e8ne n\u2019est pas dans la r\u00e9flexion, il est dans l\u2019action\u2009; il n\u2019est pas dans la pens\u00e9e, il est dans l\u2019\u00e9motion\u2009; il n\u2019est pas dans l\u2019analyse, il est dans le t\u00e9moignage\u2009; il n\u2019est pas dans l\u2019\u00e9criture, il est dans la parole.<\/p>\n<p class=\"selectionShareable\">Mais comment une id\u00e9e aussi raciste peut-elle \u00eatre partag\u00e9e par une si grande partie de la gauche radicale jusqu\u2019\u00e0 atteindre ceux qui se r\u00e9clament de l\u2019antiracisme politique\u2009? Il faudrait croire que l\u2019id\u00e9e est utile. Entendez bien, puisque les militants d\u00e9coloniaux sont des intellos, et donc qu\u2019ils ne sont plus vraiment des Indig\u00e8nes comme on les fantasme, leurs analyses ne sont alors que des \u00e9lucubrations de transfuges sans lien avec la r\u00e9alit\u00e9 des quartiers. Le fait qu\u2019ils \u00e9crivent, qu\u2019ils soient invit\u00e9s dans des universit\u00e9s prestigieuses serait la preuve \u00e9vidente et implacable qu\u2019ils sont hors-sol. Leurs vell\u00e9it\u00e9s \u00e0 produire de la th\u00e9orie sont la d\u00e9monstration irr\u00e9futable de leur abandon de la pratique. Pensez donc ! \u00a0Croyez-vous qu\u2019un vrai Indig\u00e8ne serait invit\u00e9 \u00e0 Berkeley\u2009? Que nenni\u2009! Chez Hanouna, tout au plus. Plus vous \u00e9crivez, plus vous perdez en indig\u00e9n\u00e9it\u00e9. CQFD.<\/p>\n<p class=\"selectionShareable\">L\u2019anti-intellectualisme visant les Indig\u00e8nes n\u2019a cependant pas pour seule fonction de d\u00e9l\u00e9gitimer les propos de ceux qui outrepassent leur statut, il est aussi un moyen pour le pouvoir blanc de garder les Indig\u00e8nes sous sa coupe et \u00e0 la place qui est la leur\u00a0: le militantisme de \u00ab\u2009terrain\u2009\u00bb. Qu\u2019est-ce que le terrain dans cet imaginaire raciste\u2009? C\u2019est \u00ab\u2009le quartier\u2009\u00bb, \u00ab\u2009le terter\u2009\u00bb. L\u2019environnement naturel sur lequel peut agir l\u00e9gitimement l\u2019Indig\u00e8ne sans nier sa nature. Le bitume\u2009! Qu\u2019il laisse donc la production th\u00e9orique, le banc des universit\u00e9s et le parquet bien lustr\u00e9 des salles de conf\u00e9rence \u00e0 leurs vrais propri\u00e9taires. Ainsi, nous pouvons, d\u2019un c\u00f4t\u00e9, entendre Sadri Khiari ou Houria Bouteldja se faire traiter de \u00ab\u2009petits intellos, bobos parisiens\u2009\u00bb et de l\u2019autre, voir de v\u00e9ritables bourgeois blancs disposant de postes prestigieux \u00e0 l\u2019universit\u00e9, comme Geoffroy De Lagasnerie, se faire adouber comme figures l\u00e9gitimes \u00e0 parler sur la condition des habitants de cit\u00e9s, oklm. Une street credibility gagn\u00e9e en un temps record\u2009! Qu\u2019il se fasse l\u2019alli\u00e9 des indig\u00e8nes, tant mieux. Mais que sa l\u00e9gitimit\u00e9 soit moins remise en cause que celle des th\u00e9oriciens indig\u00e8nes de la d\u00e9colonialit\u00e9, voil\u00e0 qui rend perplexe\u2009!<\/p>\n<p class=\"selectionShareable\">Qu\u2019on se le dise\u00a0: le monde acad\u00e9mique est aussi un \u00ab\u2009terrain\u2009\u00bb. Un terrain de lutte important, sur lequel nous avons une pleine et enti\u00e8re l\u00e9gitimit\u00e9, et que nous n\u2019allons pas nous priver d\u2019investir. Oui, nous sommes des intellectuels, mais des Intellectuels indig\u00e8nes et nous avons cette pr\u00e9tention, qui est pour nous un combat\u00a0: penser la condition Indig\u00e8ne et mener la bataille th\u00e9orique. C\u2019est une arme comme une autre.<\/p>\n<p class=\"selectionShareable\">Nous ne sommes r\u00e9ductibles ni \u00e0 \u00ab\u2009l\u2019action\u2009\u00bb ni \u00e0 \u00ab\u2009l\u2019agitation\u2009\u00bb. Que des Indig\u00e8nes puissent alimenter ces r\u00eaves paternalistes en embrassant cette hi\u00e9rarchie parce qu\u2019ils y trouvent un avantage n\u2019y change rien. Devenir un intellectuel est quasiment un devoir, c\u2019est aussi une fiert\u00e9 pour nos m\u00e8res, nos p\u00e8res, nos fr\u00e8res et s\u0153urs, qui n\u2019ont de cesse de nous pousser dans cette voie. \u00ab\u2009Iqra\u2009\u00bb dit le Saint Coran. \u00c9tudier, lire, obtenir des dipl\u00f4mes, nous former, r\u00e9fl\u00e9chir, renforcer notre puissance d\u2019agir. Voil\u00e0 l\u2019une de nos t\u00e2ches primordiales.<\/p>\n<p class=\"selectionShareable\">\u00catre un intellectuel indig\u00e8ne n\u2019est ni oxymorique ni honteux tant que le travail se fait pour le bien collectif. La honte serait plut\u00f4t de trahir les n\u00f4tres. Wal 3ilmou lillah.<\/p>\n<p style=\"text-align: right;\"><a href=\"https:\/\/qgdecolonial.fr\/2021\/02\/02\/un-intellectuel-indigene-est-il-toujours-un-indigene%e2%80%89\/\">SOURCE<\/a><\/p>\n","protected":false},"excerpt":{"rendered":"<p>\u00ab\u2009Je me ris des gens soi-disant \u02bapratiques\u02ba et de leur sagesse. [\u2026] Je me serais vraiment consid\u00e9r\u00e9 comme \u02banon\u2013pratique\u02ba si j\u2019avais crev\u00e9 sans avoir achev\u00e9 mon livre.\u2009\u00bb Lettre de Karl Marx adress\u00e9e \u00e0 Siegfried Meyer, le 30 avril 1867 \u00ab\u2009Ce ne sont que des intellos\u2009!\u2009\u00bb. Voil\u00e0 l\u2019\u00e9trange anath\u00e8me qui nous frappe. \u00c9trange, car il sous-tend &#8230; <a title=\"Un intellectuel indig\u00e8ne est-il toujours un Indig\u00e8ne\u2009?\" class=\"read-more\" href=\"https:\/\/bruxelles-pantheres.be\/?p=4691\" aria-label=\"En savoir plus sur Un intellectuel indig\u00e8ne est-il toujours un Indig\u00e8ne\u2009?\">Lire la suite<\/a><\/p>\n","protected":false},"author":1,"featured_media":0,"comment_status":"open","ping_status":"open","sticky":false,"template":"","format":"standard","meta":{"footnotes":""},"categories":[18,28],"tags":[],"class_list":["post-4691","post","type-post","status-publish","format-standard","hentry","category-resistance-bruxelles","category-racismes"],"_links":{"self":[{"href":"https:\/\/bruxelles-pantheres.be\/index.php?rest_route=\/wp\/v2\/posts\/4691","targetHints":{"allow":["GET"]}}],"collection":[{"href":"https:\/\/bruxelles-pantheres.be\/index.php?rest_route=\/wp\/v2\/posts"}],"about":[{"href":"https:\/\/bruxelles-pantheres.be\/index.php?rest_route=\/wp\/v2\/types\/post"}],"author":[{"embeddable":true,"href":"https:\/\/bruxelles-pantheres.be\/index.php?rest_route=\/wp\/v2\/users\/1"}],"replies":[{"embeddable":true,"href":"https:\/\/bruxelles-pantheres.be\/index.php?rest_route=%2Fwp%2Fv2%2Fcomments&post=4691"}],"version-history":[{"count":2,"href":"https:\/\/bruxelles-pantheres.be\/index.php?rest_route=\/wp\/v2\/posts\/4691\/revisions"}],"predecessor-version":[{"id":4693,"href":"https:\/\/bruxelles-pantheres.be\/index.php?rest_route=\/wp\/v2\/posts\/4691\/revisions\/4693"}],"wp:attachment":[{"href":"https:\/\/bruxelles-pantheres.be\/index.php?rest_route=%2Fwp%2Fv2%2Fmedia&parent=4691"}],"wp:term":[{"taxonomy":"category","embeddable":true,"href":"https:\/\/bruxelles-pantheres.be\/index.php?rest_route=%2Fwp%2Fv2%2Fcategories&post=4691"},{"taxonomy":"post_tag","embeddable":true,"href":"https:\/\/bruxelles-pantheres.be\/index.php?rest_route=%2Fwp%2Fv2%2Ftags&post=4691"}],"curies":[{"name":"wp","href":"https:\/\/api.w.org\/{rel}","templated":true}]}}