{"id":470,"date":"2013-03-24T05:17:20","date_gmt":"2013-03-24T04:17:20","guid":{"rendered":"https:\/\/bruxelles-pantheres.be\/?p=470"},"modified":"2013-11-10T05:19:05","modified_gmt":"2013-11-10T04:19:05","slug":"guantanamo-apres-7-semaines-la-greve-de-la-faim-senlise","status":"publish","type":"post","link":"https:\/\/bruxelles-pantheres.be\/?p=470","title":{"rendered":"Guantanamo: apr\u00e8s 7 semaines, la gr\u00e8ve de la faim s\u2019enlise"},"content":{"rendered":"<h3><a href=\"http:\/\/www.rtbf.be\/info\/monde\"><img decoding=\"async\" alt=\"http:\/\/ds2.ds.static.rtbf.be\/article\/big_info\/7\/a\/3\/624_341_photo_1364051842902-1-0.jpg\" src=\"http:\/\/ds2.ds.static.rtbf.be\/article\/big_info\/7\/a\/3\/624_341_photo_1364051842902-1-0.jpg\" \/><\/a><\/h3>\n<aside>\n<div>\n<p>Des gardiens dans le camp 6 de la base am\u00e9ricaine de Guantanamo, \u00e0 Cuba, en janvier 2009<\/p>\n<\/div>\n<\/aside>\n<header>\u00ab\u00a0Cette prison est leur tombe\u00a0\u00bb: une gr\u00e8ve de la faim \u00ab\u00a0sans pr\u00e9c\u00e9dent\u00a0\u00bb, selon les avocats, touche un nombre croissant de d\u00e9tenus de Guantanamo qui protestent contre leur incarc\u00e9ration illimit\u00e9e, sans proc\u00e8s, alors que s\u2019\u00e9loigne la perspective de fermeture du centre de d\u00e9tention.<\/header>\n<p>Cette gr\u00e8ve de la faim, qui entre dans sa 7\u00e8me semaine sur l\u2019enclave cubaine, est \u00ab\u00a0<em>sans pr\u00e9c\u00e9dent par son ampleur, par sa dur\u00e9e et par sa d\u00e9termination<\/em>\u00ab\u00a0, a expliqu\u00e9 \u00e0 l\u2019AFP David Remes, l\u2019avocat de 15 d\u00e9tenus de Guantanamo, tous gr\u00e9vistes.<!--more--><\/p>\n<p>Les autorit\u00e9s militaires de la prison am\u00e9ricaine controvers\u00e9e reconnaissent la mont\u00e9e en puissance du mouvement: \u00ab\u00a0<em>Vendredi, nous avons 26 gr\u00e9vistes de la faim, dont 8 sont aliment\u00e9s par des tubes. Cela repr\u00e9sente une augmentation par rapport \u00e0 jeudi, o\u00f9 ils \u00e9taient 25 pour 8, \u00e0 mardi et mercredi o\u00f9 ils \u00e9taient 24 pour 8, \u00e0 lundi, 21 pour 8 et \u00e0 vendredi dernier, 14 pour 8<\/em>\u00ab\u00a0, pr\u00e9cise le capitaine Robert Durand, porte-parole de la prison.<\/p>\n<p><strong>Aliment\u00e9s par des tubes<\/strong><\/p>\n<p>\u00ab\u00a0<em>Deux d\u00e9tenus sont hospitalis\u00e9s pour r\u00e9hydratation, observation, et alimentation par des tubes<\/em>\u00ab\u00a0, ajoute-t-il dans un communiqu\u00e9 laconique.<\/p>\n<p>Le mouvement a \u00e9t\u00e9 d\u00e9clench\u00e9 le 6 f\u00e9vrier, jour d\u2019une fouille de \u00ab\u00a0<em>routine<\/em>\u00a0\u00bb selon le capitaine Durand. Les d\u00e9tenus ont rapport\u00e9 que leurs Corans avaient \u00e9t\u00e9 examin\u00e9s par des gardiens, ce qu\u2019ils ont per\u00e7u comme \u00ab\u00a0<em>une profanation religieuse<\/em>\u00ab\u00a0.<\/p>\n<p>Avec le \u00ab\u00a0<em>d\u00e9sespoir en toile de fond<\/em>\u00ab\u00a0, la majorit\u00e9 des 166 prisonniers de la prison, qui vit au camp 6 -environ 130 d\u00e9tenus- observent la gr\u00e8ve de la faim, pr\u00e9viennent une cinquantaine d\u2019avocats.<\/p>\n<p>Le camp 6, \u00e9rig\u00e9 sur une des collines de Guantanamo, abrite les d\u00e9tenus qui ne pr\u00e9sentent aucun risque, probl\u00e8me de discipline ou valeur particuli\u00e8re aux yeux de la justice am\u00e9ricaine.<\/p>\n<p><strong><em>\u00ab\u00a0deux tiers des prisonniers lib\u00e9rables\u00a0\u00bb<\/em><\/strong><\/p>\n<p>\u00ab\u00a0<em>Les deux tiers du camp 6 sont des d\u00e9tenus qui ont \u00e9t\u00e9 d\u00e9clar\u00e9s lib\u00e9rables<\/em>\u00a0\u00bb par les autorit\u00e9s militaires, rappelle Me Remes. Parmi eux, 56 Y\u00e9m\u00e9nites, qui ne peuvent rentrer dans leur pays en raison d\u2019un moratoire d\u00e9cr\u00e9t\u00e9 par Barack Obama \u00e0 la suite de complots terroristes organis\u00e9s au Y\u00e9men.<\/p>\n<p><strong>\u00ab\u00a0<em>Aucun projet de fermeture<\/em>\u00ab\u00a0<\/strong><\/p>\n<p>\u00ab\u00a0<em>Ils ont \u00e9t\u00e9 arr\u00eat\u00e9s par hasard, leur vie est foutue, on leur a tout enlev\u00e9<\/em>\u00ab\u00a0, ajoute l\u2019avocat, insistant sur \u00ab\u00a0<em>l\u2019absolue frustration<\/em>\u00a0\u00bb dans laquelle ces d\u00e9tenus se trouvent \u00ab\u00a0<em>dans leur douzi\u00e8me ann\u00e9e \u00e0 Guantanamo, alors que s\u2019\u00e9loigne pour eux la perspective de ne jamais sortir<\/em>\u00ab\u00a0.<a href=\"http:\/\/www.rtbf.be\/info\/monde\/detail_guantanamo-la-fermeture-en-2010-sera-difficile?id=5389213\"> \u00ab\u00a0<em>Cette prison est leur tombe<\/em>\u00ab\u00a0, selon lui<\/a>.<\/p>\n<p>Pour son confr\u00e8re du Centre pour les droits constitutionnels (CCR), Omar Farah, le pr\u00e9sident am\u00e9ricain, malgr\u00e9 ses promesses, \u00ab\u00a0<em>n\u2019a aucun projet de fermer Guantanamo et n\u2019a aucune id\u00e9e sur comment s\u2019y prendre<\/em>\u00ab\u00a0.<\/p>\n<p><strong>Des fonds pour r\u00e9habiliter la base militaire<\/strong><\/p>\n<p>Pour preuve, la demande de fonds pr\u00e9sent\u00e9e au Congr\u00e8s pour r\u00e9habiliter la base militaire de Cuba. Le g\u00e9n\u00e9ral John Kelly, patron du commandement d\u2019Am\u00e9rique latine (Southcom) dont d\u00e9pend Guantanamo, a demand\u00e9 170 millions de dollars pour am\u00e9liorer les \u00e9quipements de ses troupes sur place et mentionn\u00e9 la n\u00e9cessit\u00e9 de remplacer le camp des d\u00e9tenus \u00ab\u00a0<em>sp\u00e9ciaux<\/em>\u00a0\u00bb -sans doute le camp 7 d\u2019une quinzaine de d\u00e9tenus de \u00ab\u00a0<em>grande valeur<\/em>\u00ab\u00a0, dont les cinq accus\u00e9s des attentats du 11-Septembre.<\/p>\n<p>\u00ab\u00a0<em>Je suppose que Guantanamo fermera un jour mais si nous regardons les 11 derni\u00e8res ann\u00e9es, <a href=\"http:\/\/www.rtbf.be\/info\/societe\/detail_la-prison-de-guantanamo-du-provisoire-qui-dure?id=7060213\">nous pensions que ce serait temporaire. Qui sait o\u00f9 nous allons?<\/a><\/em><a href=\"http:\/\/www.rtbf.be\/info\/societe\/detail_la-prison-de-guantanamo-du-provisoire-qui-dure?id=7060213\">\u00ab\u00a0<\/a>, a d\u00e9clar\u00e9 le g\u00e9n\u00e9ral Kelly.<\/p>\n<p>Pour Frank Jannuzi, directeur adjoint d\u2019Amnesty International USA, \u00ab\u00a0<em>le meilleur moyen de fermer Guantanamo est d\u2019en r\u00e9duire la population<\/em>\u00a0\u00bb en commen\u00e7ant par ceux qui ont \u00e9t\u00e9 d\u00e9clar\u00e9s lib\u00e9rables.<\/p>\n<p><strong>AFP<\/strong><\/p>\n<p><img decoding=\"async\" alt=\"http:\/\/ds1.ds.static.rtbf.be\/article\/big_info\/e\/5\/a\/624_341_photo_1364051829814-1-0.jpg\" src=\"http:\/\/ds1.ds.static.rtbf.be\/article\/big_info\/e\/5\/a\/624_341_photo_1364051829814-1-0.jpg\" \/><\/p>\n<div>\n<h4>Des d\u00e9tenus dans le camp 6 de Guantanamo, en mai 2009. La plupart d\u2019entre eux sont lib\u00e9rables<\/h4>\n<p>Brennan Linsley<\/p>\n<p><img decoding=\"async\" class=\"shrinkToFit decoded alignright\" alt=\"http:\/\/www.egalite.be\/wp-content\/uploads\/2013\/03\/Hope-Guantanamo-Bay.jpg\" src=\"http:\/\/www.egalite.be\/wp-content\/uploads\/2013\/03\/Hope-Guantanamo-Bay.jpg\" width=\"571\" height=\"763\" \/><\/p>\n<\/div>\n","protected":false},"excerpt":{"rendered":"<p>Des gardiens dans le camp 6 de la base am\u00e9ricaine de Guantanamo, \u00e0 Cuba, en janvier 2009 \u00ab\u00a0Cette prison est leur tombe\u00a0\u00bb: une gr\u00e8ve de la faim \u00ab\u00a0sans pr\u00e9c\u00e9dent\u00a0\u00bb, selon les avocats, touche un nombre croissant de d\u00e9tenus de Guantanamo qui protestent contre leur incarc\u00e9ration illimit\u00e9e, sans proc\u00e8s, alors que s\u2019\u00e9loigne la perspective de fermeture &#8230; <a title=\"Guantanamo: apr\u00e8s 7 semaines, la gr\u00e8ve de la faim s\u2019enlise\" class=\"read-more\" href=\"https:\/\/bruxelles-pantheres.be\/?p=470\" aria-label=\"En savoir plus sur Guantanamo: apr\u00e8s 7 semaines, la gr\u00e8ve de la faim s\u2019enlise\">Lire la suite<\/a><\/p>\n","protected":false},"author":1,"featured_media":228,"comment_status":"open","ping_status":"open","sticky":false,"template":"","format":"standard","meta":{"footnotes":""},"categories":[21,36,8,18,28],"tags":[],"class_list":["post-470","post","type-post","status-publish","format-standard","has-post-thumbnail","hentry","category-anti-imperialisme","category-europe","category-prisons","category-resistance-bruxelles","category-racismes"],"_links":{"self":[{"href":"https:\/\/bruxelles-pantheres.be\/index.php?rest_route=\/wp\/v2\/posts\/470","targetHints":{"allow":["GET"]}}],"collection":[{"href":"https:\/\/bruxelles-pantheres.be\/index.php?rest_route=\/wp\/v2\/posts"}],"about":[{"href":"https:\/\/bruxelles-pantheres.be\/index.php?rest_route=\/wp\/v2\/types\/post"}],"author":[{"embeddable":true,"href":"https:\/\/bruxelles-pantheres.be\/index.php?rest_route=\/wp\/v2\/users\/1"}],"replies":[{"embeddable":true,"href":"https:\/\/bruxelles-pantheres.be\/index.php?rest_route=%2Fwp%2Fv2%2Fcomments&post=470"}],"version-history":[{"count":1,"href":"https:\/\/bruxelles-pantheres.be\/index.php?rest_route=\/wp\/v2\/posts\/470\/revisions"}],"predecessor-version":[{"id":471,"href":"https:\/\/bruxelles-pantheres.be\/index.php?rest_route=\/wp\/v2\/posts\/470\/revisions\/471"}],"wp:featuredmedia":[{"embeddable":true,"href":"https:\/\/bruxelles-pantheres.be\/index.php?rest_route=\/wp\/v2\/media\/228"}],"wp:attachment":[{"href":"https:\/\/bruxelles-pantheres.be\/index.php?rest_route=%2Fwp%2Fv2%2Fmedia&parent=470"}],"wp:term":[{"taxonomy":"category","embeddable":true,"href":"https:\/\/bruxelles-pantheres.be\/index.php?rest_route=%2Fwp%2Fv2%2Fcategories&post=470"},{"taxonomy":"post_tag","embeddable":true,"href":"https:\/\/bruxelles-pantheres.be\/index.php?rest_route=%2Fwp%2Fv2%2Ftags&post=470"}],"curies":[{"name":"wp","href":"https:\/\/api.w.org\/{rel}","templated":true}]}}