{"id":4716,"date":"2021-03-14T21:06:52","date_gmt":"2021-03-14T20:06:52","guid":{"rendered":"https:\/\/bruxelles-pantheres.be\/?p=4716"},"modified":"2021-03-14T21:06:52","modified_gmt":"2021-03-14T20:06:52","slug":"cher-romelu-lukaku-et-a-tous-les-footballeurs-professionnels","status":"publish","type":"post","link":"https:\/\/bruxelles-pantheres.be\/?p=4716","title":{"rendered":"Cher Romelu Lukaku,  Et \u00e0 tous les footballeurs professionnels,"},"content":{"rendered":"<p style=\"text-align: right;\"><strong><em>\u00a0 \u00a0 \u00a0 \u00a0 \u00a0<\/em><\/strong><\/p>\n<p style=\"text-align: right;\"><strong><em> \u00a0 Bruxelles, 14 mars 2021\u00a0\u00a0\u00a0\u00a0\u00a0\u00a0\u00a0\u00a0\u00a0\u00a0\u00a0\u00a0\u00a0\u00a0\u00a0\u00a0\u00a0\u00a0\u00a0\u00a0\u00a0\u00a0\u00a0\u00a0\u00a0\u00a0\u00a0\u00a0\u00a0\u00a0\u00a0\u00a0\u00a0\u00a0\u00a0\u00a0\u00a0\u00a0\u00a0\u00a0\u00a0\u00a0\u00a0\u00a0\u00a0\u00a0\u00a0\u00a0\u00a0\u00a0\u00a0\u00a0\u00a0\u00a0\u00a0\u00a0\u00a0\u00a0\u00a0\u00a0\u00a0\u00a0\u00a0\u00a0\u00a0\u00a0\u00a0\u00a0\u00a0\u00a0\u00a0\u00a0 <\/em><\/strong><\/p>\n<blockquote><p><strong><em>\u00ab\u00a0Plus Lukaku que Messi\u00a0\u00bb<\/em><\/strong><\/p><\/blockquote>\n<p><em>Pourquoi un article r\u00e9cemment publi\u00e9 par Laurence Wauters dans Le Soir au sujet de la mort de Lamine Bangoura rel\u00e8ve du racisme auquel font face les Noirs et les Arabes en Belgique. <\/em><\/p>\n<p><a href=\"https:\/\/bruxelles-pantheres.be\/wp-content\/uploads\/2021\/03\/LUKAKU_GENOUX_FLOYD.jpg\"><img decoding=\"async\" class=\"alignnone size-full wp-image-4718\" src=\"https:\/\/bruxelles-pantheres.be\/wp-content\/uploads\/2021\/03\/LUKAKU_GENOUX_FLOYD.jpg\" alt=\"\" width=\"1800\" height=\"1013\" srcset=\"https:\/\/bruxelles-pantheres.be\/wp-content\/uploads\/2021\/03\/LUKAKU_GENOUX_FLOYD.jpg 1800w, https:\/\/bruxelles-pantheres.be\/wp-content\/uploads\/2021\/03\/LUKAKU_GENOUX_FLOYD-300x169.jpg 300w, https:\/\/bruxelles-pantheres.be\/wp-content\/uploads\/2021\/03\/LUKAKU_GENOUX_FLOYD-1024x576.jpg 1024w, https:\/\/bruxelles-pantheres.be\/wp-content\/uploads\/2021\/03\/LUKAKU_GENOUX_FLOYD-768x432.jpg 768w, https:\/\/bruxelles-pantheres.be\/wp-content\/uploads\/2021\/03\/LUKAKU_GENOUX_FLOYD-1536x864.jpg 1536w, https:\/\/bruxelles-pantheres.be\/wp-content\/uploads\/2021\/03\/LUKAKU_GENOUX_FLOYD-1320x743.jpg 1320w\" sizes=\"(max-width: 1800px) 100vw, 1800px\" \/><\/a><\/p>\n<p>Cher Romelu Lukaku,<\/p>\n<p>Et \u00e0 tous les footballeurs professionnels,<\/p>\n<p>C\u2019est \u00e0 vous fr\u00e8res Noirs et Arabes que nous adressons cette lettre.<\/p>\n<p>Nous vous \u00e9crivons au sujet de Lamine Bangoura, ce jeune belgo-guin\u00e9en de 27 ans tu\u00e9 par la police \u00e0 son domicile, le 07 mai 2018, pour un impay\u00e9 de loyer. L\u2019histoire de Lamine Bangoura et de sa famille est tragique et m\u00e9connue. Cette affaire m\u00e9rite d&rsquo;\u00eatre mise en lumi\u00e8re et partag\u00e9e un maximum.<\/p>\n<p>Lamine Bangoura \u00e9tait footballeur comme vous, Noir comme vous. Selon les termes de Laurence Wouters, journaliste au sein de la r\u00e9daction du quotidien Le Soir, <em>\u00ab\u00a0physiquement, Lamine \u00e9tait plus Lukaku que Messi \u00bb<\/em>.<!--more--><\/p>\n<p><a href=\"https:\/\/bruxelles-pantheres.be\/wp-content\/uploads\/2021\/03\/B9720893076Z.1_20190914050524_000GFREF22TV.1-0.jpg\"><img decoding=\"async\" class=\"size-full wp-image-4717 aligncenter\" src=\"https:\/\/bruxelles-pantheres.be\/wp-content\/uploads\/2021\/03\/B9720893076Z.1_20190914050524_000GFREF22TV.1-0.jpg\" alt=\"\" width=\"888\" height=\"500\" srcset=\"https:\/\/bruxelles-pantheres.be\/wp-content\/uploads\/2021\/03\/B9720893076Z.1_20190914050524_000GFREF22TV.1-0.jpg 888w, https:\/\/bruxelles-pantheres.be\/wp-content\/uploads\/2021\/03\/B9720893076Z.1_20190914050524_000GFREF22TV.1-0-300x169.jpg 300w, https:\/\/bruxelles-pantheres.be\/wp-content\/uploads\/2021\/03\/B9720893076Z.1_20190914050524_000GFREF22TV.1-0-768x432.jpg 768w\" sizes=\"(max-width: 888px) 100vw, 888px\" \/><\/a><\/p>\n<p>Il aura fallu plus d\u2019un an et demi au journal Le Soir<a href=\"#_edn1\" name=\"_ednref1\">[i]<\/a> pour traiter de l\u2019affaire Lamine Bangoura<a href=\"#_edn2\" name=\"_ednref2\">[ii]<\/a>, bien apr\u00e8s que des journalistes du Morgen (Douglas De Coninck et Samira Atillah)<a href=\"#_edn3\" name=\"_ednref3\">[iii]<\/a> s\u2019en soient saisis en Flandre et plus de 6 mois (soit une \u00e9ternit\u00e9 sur le temps journalistique) apr\u00e8s la prise de parole du papa de Lamine, Jean-Pierre Bangoura, lors du rassemblement Black Lives Matter \u00e0 Bruxelles le 07 juin 2020, aux c\u00f4t\u00e9s d\u00e9j\u00e0 du footballeur Pel\u00e9 Mboyo et d\u2019autres acteurs des mondes culturels et militants. Cet article du Soir intervient aussi de nombreuses semaines apr\u00e8s les reportages de La Diaspora chuchote, puis de l\u2019\u00e9mission \u00ab\u00a0Lamine Bangoura, le Georges Floyd belge\u00a0\u00bb<a href=\"#_edn4\" name=\"_ednref4\">[iv]<\/a>, organis\u00e9e par Olivier Mukuna et Cecilia Guypen.<\/p>\n<p>Dans cet article dat\u00e9 du 19 f\u00e9vrier 2021, la journaliste du Soir Laurence Wauters utilise le cas de Lamine pour parler des carri\u00e8res bris\u00e9es dans le football<a href=\"#_edn5\" name=\"_ednref5\">[v]<\/a>, et r\u00e9alise l\u2019exploit de passer sous silence la probl\u00e9matique de la n\u00e9grophobie pr\u00e9sente \u00e0 la fois dans l\u2019affaire Bangoura et dans le monde du football.<\/p>\n<p>Pour commencer, la th\u00e9matisation dont le corps de Lamine fait l\u2019objet dans ce papier n\u2019est pas sans rappeler le passage de votre interview pour le m\u00e9dia \u00ab Theplayerstribune.com\u00a0\u00bb<a href=\"#_edn6\" name=\"_ednref6\">[vi]<\/a>. Vous y racontiez l\u2019anecdote suivante qui illustre parfaitement comment est per\u00e7u un corps noir\u00a0:<\/p>\n<p><em>\u00ab\u00a0<\/em><em>Quand j&rsquo;avais 11 ans, je jouais pour l&rsquo;\u00e9quipe de jeunes de Lierse, et l&rsquo;un des parents de l&rsquo;autre \u00e9quipe a litt\u00e9ralement essay\u00e9 de m&#8217;emp\u00eacher d&rsquo;aller sur le terrain.\u00a0Il \u00e9tait comme : \u00ab Quel \u00e2ge a ce gamin ?\u00a0O\u00f9 est sa carte d\u2019identit\u00e9 ?\u00a0D&rsquo;o\u00f9 est-il ?\u00a0\u00bb.\u00a0 <\/em>J&rsquo;ai pens\u00e9, <em>\u00ab\u00a0d\u2019o\u00f9 suis-je ?\u00a0Quoi ?\u00a0Je suis n\u00e9 \u00e0 Anvers.\u00a0Je viens de Belgique\u00a0\u00bb. <\/em><em><br \/>\nMon p\u00e8re n&rsquo;\u00e9tait pas l\u00e0, car il n&rsquo;avait pas de voiture pour se rendre \u00e0 mes matchs \u00e0 l&rsquo;ext\u00e9rieur.\u00a0J&rsquo;\u00e9tais tout seul et je devais me d\u00e9fendre.\u00a0Je suis all\u00e9 chercher ma carte d&rsquo;identit\u00e9 dans mon sac et je l&rsquo;ai montr\u00e9e \u00e0 tous les parents, et ils la faisaient circuler en l&rsquo;inspectant, et je me souviens que le sang coulait \u00e0 travers moi &#8230; et j&rsquo;ai pens\u00e9 : \u00ab Oh, je vais\u00a0tuer\u00a0votre fils encore plus maintenant.\u00a0J&rsquo;allais d\u00e9j\u00e0 le tuer, mais maintenant je vais le d\u00e9truire.\u00a0Tu vas ramener le gar\u00e7on \u00e0 la maison en pleurant maintenant. \u00bb<\/em><\/p>\n<p>Laurence Wauters poursuit sur cette m\u00eame voie\u00a0: <em>\u00ab\u00a0Physiquement, Lamine \u00e9tait plus Lukaku que Messi, et face \u00e0 la grande pi\u00e8ce d\u2019homme qui refusait de partir, les policiers avaient appel\u00e9 du renfort \u2013\u00a0ils s\u2019\u00e9taient retrouv\u00e9s \u00e0 huit autour de lui\u00a0\u00bb<\/em>. Notons l\u2019expression \u00ab\u00a0grande pi\u00e8ce\u00a0\u00bb. Une fa\u00e7on de ne pas dire (tout en partageant les craintes que cela suscite) que Lukaku comme Lamine sont Noirs et Messi, Blanc\u00a0!<\/p>\n<p>Outre la question des attributs physiques des joueurs noirs, celle des \u00ab\u00a0assu\u00e9tudes\u00a0\u00bb et drogues se voit ensuite mise en avant dans le r\u00e9cit de Laurence Wauters. Les interpr\u00e9tations foisonnent sur le monde du sport et du foot. Pense-t-on qu\u2019il va \u00e0 un moment donn\u00e9 \u00eatre question des formes de racisme existant dans le monde du foot lorsqu\u2019il s\u2019agit de soutenir un footballeur bless\u00e9 ou pas, de faire jouer un tel \u00e0 telle ou telle place ou pas selon son \u00ab\u00a0ethnotype\u00a0\u00bb, comme cela avait \u00e9t\u00e9 d\u00e9nonc\u00e9 en France \u00e0 propos de la DTN par Mr Belkacemi\u00a0? Pas du tout. Pas un mot sur le racisme dans le football.<\/p>\n<p>En lieu et place, une approche psychologisante\u00a0: le probl\u00e8me du foot, c\u2019est que cela fait <em>\u00ab\u00a0r\u00eaver des jeunes\u00a0\u00bb<\/em> (\u00e0 ce sujet, pas un mot non plus sur les discriminations et l\u2019absence de perspectives subies sur les autres march\u00e9s d\u2019emploi). Et, selon la journaliste, lorsque ces jeunes se blessent c\u2019est la d\u00e9tresse psychologique <em>\u00ab\u00a0la d\u00e9prime, de l\u2019anxi\u00e9t\u00e9, ainsi que parfois, une assu\u00e9tude \u00e0 l\u2019alcool, aux stup\u00e9fiants, au jeu\u00a0\u00bb<\/em>. Voil\u00e0 donc qui expliquerait la nuit de d\u00e9bauche de Lamine litt\u00e9ralement mise en sc\u00e8ne dans l\u2019article. Il aurait \u00e0 cet \u00e9gard \u00e9t\u00e9 <em>\u00ab\u00a0loin des r\u00e9alit\u00e9s quotidiennes\u00a0\u00bb<\/em> en raison de sa passion pour le foot, voire loin de sa famille\u00a0: <em>\u00ab\u00a0Une fracture du m\u00e9nisque a (\u2026) mis fin \u00e0 ses r\u00eaves, et il avait bascul\u00e9 dans l\u2019oisivet\u00e9 et les sorties. Rest\u00e9 \u00e0 Roulers, loin de sa famille, il dormait comme une souche\u00a0\u00bb.<\/em> Bien que de nombreux \u00e9l\u00e9ments permettent de d\u00e9ployer la situation li\u00e9e \u00e0 la mort de Lamine, des blanchiments judiciaires (\u00e0 peine \u00e9voqu\u00e9s) \u00e0 la situation de Roulers et aux r\u00e9sultats de l\u2019extr\u00eame-droite dans cette ville, le travail d\u2019interpr\u00e9tation file pourtant sur la g\u00e9n\u00e9ralit\u00e9 des espoirs d\u00e9\u00e7us dans le sport et accr\u00e9dite la th\u00e8se d\u2019une trajectoire tragique dont les ressorts sont \u00e0 rechercher du c\u00f4t\u00e9 de la psychologie de Lamine.<\/p>\n<p>\u00ab\u00a0Ne pouvait-il pas \u00eatre un jeune homme comme un autre\u00a0?\u00a0\u00bb semble se demander la journaliste, partant du principe que quelque chose dans sa vie, quelque chose d\u2019autre que sa couleur de peau l\u2019aurait mis conjoncturellement en mauvaise posture.<\/p>\n<p>Nous y voyons un d\u00e9doublement m\u00e9diatique de la n\u00e9grophobie\u00a0: tout d\u2019abord, par les multiples d\u00e9nis (sur la sc\u00e8ne du meurtre mais aussi sur le monde du football)\u00a0; ensuite, par la caract\u00e9risation d\u2019un jeune homme \u00ab\u00a0pas bien \u00e0 sa place\u00a0\u00bb, arriv\u00e9, pourrait-on dire \u00ab\u00a0au mauvais endroit, au mauvais moment\u00a0\u00bb comme l\u2019ont affirm\u00e9 les policiers d\u2019Etterbeek \u00e0 l\u2019encontre des 86 mineurs majoritairement Noirs et Arabes r\u00e9cemment arr\u00eat\u00e9s \u00e0 Bruxelles.<\/p>\n<p>Fort heureusement pour l\u2019employeur de Laurence Wouters, Le Soir, un militant et auteur antiraciste afrodescedant, mais aussi ancien footballeur, l\u2019a sorti de ce mauvais pas. Un journaliste du secteur culturel cette fois, visiblement plus confiant dans l\u2019expertise des comit\u00e9s de soutien, a interview\u00e9 Lilian Thuram. Ce dernier, \u00e0 la vue de la vid\u00e9o de l\u2019interpellation particuli\u00e8rement violente de Lamine \u00e0 son domicile<a href=\"#_edn7\" name=\"_ednref7\">[vii]<\/a>, d\u00e9ploie un v\u00e9ritable programme de travail, y compris \u00e0 l\u2019attention des journalistes, des chercheurs et du monde politique\u00a0: <em>\u00ab\u00a0Moi, je pense que cela dit quelque chose des institutions en Belgique. Alors que faire\u00a0? Cherche-t-on la v\u00e9rit\u00e9 avec honn\u00eatet\u00e9\u2026 ou les institutions cherchent-elles \u00e0 se d\u00e9douaner, en disant \u00ab\u00a0Nous ne pouvons pas \u00eatre racistes\u00a0\u00bb\u00a0? (\u2026). Pourquoi y a-t-il autant de policiers pr\u00e9sents pour faire sortir Lamine Bangoura\u00a0? Parce que, dans l\u2019inconscient collectif, l\u2019homme noir est per\u00e7u comme \u00e9tant beaucoup plus fort physiquement. Du coup, il va falloir mettre beaucoup plus de force pour le contenir. Et c\u2019est en mettant beaucoup de force que vous arrivez \u00e0 la catastrophe. S\u2019il n\u2019y a aucune responsabilit\u00e9 de ces huit policiers, que doivent en d\u00e9duire les personnes de couleur noire\u00a0?\u00a0\u00bb. <\/em><\/p>\n<p>Enfin, un peu de s\u00e9rieux \u00e0 propos du meurtre de Lamine Bangoura, gr\u00e2ce \u00e0 un acteur afrodescendant du monde du football.<\/p>\n<p>Aujourd\u2019hui, cher Romelo Lukaku, si nous nous adressons \u00e0 vous, c\u2019est parce que plus que jamais la famille Bangoura a besoin de notre aide.<\/p>\n<p>La famille Bangoura est \u00e0 ce jour encore en train d&rsquo;effectuer des d\u00e9marches pour r\u00e9cup\u00e9rer le corps de Lamine qui est toujours a\u0300 la morgue. Situation indigne, inhumaine et inacceptable ! Cela fait plus de 2 ans que le corps n&rsquo;est pas enterr\u00e9 et la famille ne peut donc effectuer son deuil. La famille attend la d\u00e9cision de justice qui statuera le 16 mars 2021 sur le renvoi ou non devant le Tribunal correctionnel des huit policiers impliqu\u00e9s dans la mort de Lamine. Il convient de pr\u00e9ciser que dans l\u2019ar\u00e8ne de la justice, les tentatives visant \u00e0 salir l\u2019image de Lamine Bangoura pour le rendre responsable de sa propre mort sont aussi pr\u00e9sentes. La d\u00e9cision attendue le16 mars intervient apr\u00e8s un premier non-lieu prononc\u00e9 le 26 mai 2020.<\/p>\n<p>&nbsp;<\/p>\n<p>Cher fr\u00e8re, par cette lettre nous vous demandons de prendre position car comme vous le savez, <strong><em>\u00ab\u00a0le racisme est une chose contre laquelle il faut se battre \u00bb <a href=\"#_edn8\" name=\"_ednref8\">[viii]<\/a>. <\/em><\/strong><\/p>\n<p>A ce titre, toute prise de position, relais de votre part dans les m\u00e9dias, sur les r\u00e9seaux sociaux, sur les pages FB et Instagram Justice Pour Lamine Bangoura ou autres s\u2019av\u00e9reront pr\u00e9cieuses. Nous en sommes convaincus.<\/p>\n<p><strong>Entre autres actions utiles, n\u2019h\u00e9sitez pas \u00e0 : <\/strong><\/p>\n<ul>\n<li>Faire un don sur PayPal ou sur leetchi pour aider la famille \u00e0 r\u00e9cup\u00e9rer le corps et \u00e0 faire son deuil :<\/li>\n<\/ul>\n<p><a href=\"https:\/\/www.leetchi.com\/c\/justice-for-lamine\">https:\/\/www.leetchi.com\/c\/justice-for-lamine<\/a><\/p>\n<p>https:\/\/www.paypal.com\/paypalme\/JusticeForLamineBang?fbclid=IwAR1oyIH2Gy50Ue2xyB2rn8b9KrxusQTJZDLvUaFszhKuqTEADmVonIE0pvQ<\/p>\n<ul>\n<li>Vous abonner \u00e0 la page : <a href=\"https:\/\/www.facebook.com\/Justice-Pour-Lamine-Bangoura-103604678112365\">Justice Pour Lamine Bangoura<\/a><\/li>\n<li>Partager le <a href=\"https:\/\/www.youtube.com\/watch?fbclid=IwAR3gyv3nep5MkX9uY68UxE-LiV784AkpQ6w1Vt3NOx-gsjFHsNbuSZ6Qkwk&amp;v=hboondoGris&amp;feature=youtu.be\">Teaser du documentaire \u00ab\u00a0Lamine Bangoura, le George Floyd belge\u00a0\u00bb<\/a> r\u00e9alis\u00e9 par Olivier Mukuna et C\u00e9cilia Guypen ou <a href=\"https:\/\/www.youtube.com\/watch?v=HA6B79FJLU0&amp;fbclid=IwAR272IGa9Qib3w3exYRBZEH0V74OWTWh-n9bYU4cOPj6R9lzQmW_JcAD2ec\">l\u2019int\u00e9gral du documentaire \u00ab\u00a0Lamine Bangoura, le George Floyd belge\u00a0\u00bb.<\/a><\/li>\n<li>Partager les <a href=\"https:\/\/www.youtube.com\/watch?v=yG9FSS8VJ5E&amp;feature=share&amp;fbclid=IwAR3anEVG9MIyDiuIgTNxedwFsqmh-KHIKjnNZqlfxIRD9Z5nlGMPgDq8SJ4\">derniers instants de Lamine Bangoura<\/a>. Nous vous pr\u00e9venons, les images et surtout les cris d\u2019agonie pourss\u00e9s par Lamine Bangoura sont insoutenables. Nous ne les partageons pas par voyeurisme mais pour maximiser les chances de Justice et de V\u00e9rit\u00e9 pour Lamine Bangoura.<\/li>\n<li>Partager le Hashtag #JusticeForLamineBangoura<\/li>\n<\/ul>\n<p>En vous remerciant fraternellement pour votre aide,<\/p>\n<p>Le Comit\u00e9 Justice Pour Lamine<\/p>\n<p>&nbsp;<\/p>\n<p><a href=\"#_ednref1\" name=\"_edn1\">[i]<\/a> <a href=\"https:\/\/plus.lesoir.be\/353213\/article\/2021-02-04\/huit-policiers-risquent-le-tribunal-dans-le-dossier-du-george-floyd-flamand\">https:\/\/plus.lesoir.be\/353213\/article\/2021-02-04\/huit-policiers-risquent-le-tribunal-dans-le-dossier-du-george-floyd-flamand<\/a><\/p>\n<p><a href=\"#_ednref2\" name=\"_edn2\">[ii]<\/a> <a href=\"https:\/\/www.facebook.com\/justicepourlamine.bangoura\">https:\/\/www.facebook.com\/justicepourlamine.bangoura<\/a><\/p>\n<p><a href=\"#_ednref3\" name=\"_edn3\">[iii]<\/a> <a href=\"https:\/\/www.demorgen.be\/nieuws\/lamine-bangoura-27-stikt-tijdens-politie-interventie-in-roeselare-breng-hem-naar-de-kliniek-daaraan-kan-ik-niets-veranderen-he-gasten~bbe91221\/?fbclid=IwAR0hElcDp8fZV2g3J-w_loCv-GgLxDoEqKy7r0WdnFB1L35Dl8-3RUz6ZOk&amp;referrer=https%3A%2F%2Fl.facebook.com%2F\">https:\/\/www.demorgen.be\/nieuws\/lamine-bangoura-27-stikt-tijdens-politie-interventie-in-roeselare-breng-hem-naar-de-kliniek-daaraan-kan-ik-niets-veranderen-he-gasten~bbe91221\/?fbclid=IwAR0hElcDp8fZV2g3J-w_loCv-GgLxDoEqKy7r0WdnFB1L35Dl8-3RUz6ZOk&amp;referrer=https%3A%2F%2Fl.facebook.com%2F<\/a><\/p>\n<p><a href=\"#_ednref4\" name=\"_edn4\">[iv]<\/a> <a href=\"https:\/\/www.youtube.com\/watch?fbclid=IwAR0kX-bYuQdISPU1qZAOO1odlhZeg26D9LHi7hPTR7thtqXsmye6TceW1qE&amp;v=HA6B79FJLU0&amp;feature=youtu.be\">https:\/\/www.youtube.com\/watch?fbclid=IwAR0kX-bYuQdISPU1qZAOO1odlhZeg26D9LHi7hPTR7thtqXsmye6TceW1qE&amp;v=HA6B79FJLU0&amp;feature=youtu.be<\/a><a href=\"#_ednref5\" name=\"_edn5\"><\/a><\/p>\n<p>[v] <a href=\"https:\/\/plus.lesoir.be\/356139\/article\/2021-02-19\/football-de-jeunes-vies-de-sacrifices-et-beaucoup-despoirs-brises\">https:\/\/plus.lesoir.be\/356139\/article\/2021-02-19\/football-de-jeunes-vies-de-sacrifices-et-beaucoup-despoirs-brises<\/a><\/p>\n<p><a href=\"#_ednref6\" name=\"_edn6\">[vi]<\/a> <a href=\"https:\/\/www.theplayerstribune.com\/articles\/romelu-lukaku-ive-got-some-things-to-say\">https:\/\/www.theplayerstribune.com\/articles\/romelu-lukaku-ive-got-some-things-to-say<\/a><\/p>\n<p><a href=\"#_ednref7\" name=\"_edn7\">[vii]<\/a> <a href=\"https:\/\/www.youtube.com\/watch?v=yG9FSS8VJ5E&amp;feature=share&amp;fbclid=IwAR3anEVG9MIyDiuIgTNxedwFsqmh-KHIKjnNZqlfxIRD9Z5nlGMPgDq8SJ4\">https:\/\/www.youtube.com\/watch?v=yG9FSS8VJ5E&amp;feature=share&amp;fbclid=IwAR3anEVG9MIyDiuIgTNxedwFsqmh-KHIKjnNZqlfxIRD9Z5nlGMPgDq8SJ4<\/a><\/p>\n<p><a href=\"#_ednref8\" name=\"_edn8\">[viii]<\/a> <a href=\"https:\/\/www.rollingstone.it\/sport\/romelu-lukaku-linchino-del-re\/475833\/\">https:\/\/www.rollingstone.it\/sport\/romelu-lukaku-linchino-del-re\/475833\/<\/a><\/p>\n<p>&nbsp;<\/p>\n","protected":false},"excerpt":{"rendered":"<p>\u00a0 \u00a0 \u00a0 \u00a0 \u00a0 \u00a0 Bruxelles, 14 mars 2021\u00a0\u00a0\u00a0\u00a0\u00a0\u00a0\u00a0\u00a0\u00a0\u00a0\u00a0\u00a0\u00a0\u00a0\u00a0\u00a0\u00a0\u00a0\u00a0\u00a0\u00a0\u00a0\u00a0\u00a0\u00a0\u00a0\u00a0\u00a0\u00a0\u00a0\u00a0\u00a0\u00a0\u00a0\u00a0\u00a0\u00a0\u00a0\u00a0\u00a0\u00a0\u00a0\u00a0\u00a0\u00a0\u00a0\u00a0\u00a0\u00a0\u00a0\u00a0\u00a0\u00a0\u00a0\u00a0\u00a0\u00a0\u00a0\u00a0\u00a0\u00a0\u00a0\u00a0\u00a0\u00a0\u00a0\u00a0\u00a0\u00a0\u00a0\u00a0\u00a0 \u00ab\u00a0Plus Lukaku que Messi\u00a0\u00bb Pourquoi un article r\u00e9cemment publi\u00e9 par Laurence Wauters dans Le Soir au sujet de la mort de Lamine Bangoura rel\u00e8ve du racisme auquel font face les Noirs et les Arabes en Belgique. Cher Romelu Lukaku, Et \u00e0 tous les footballeurs professionnels, &#8230; <a title=\"Cher Romelu Lukaku,  Et \u00e0 tous les footballeurs professionnels,\" class=\"read-more\" href=\"https:\/\/bruxelles-pantheres.be\/?p=4716\" aria-label=\"En savoir plus sur Cher Romelu Lukaku,  Et \u00e0 tous les footballeurs professionnels,\">Lire la suite<\/a><\/p>\n","protected":false},"author":1,"featured_media":4601,"comment_status":"open","ping_status":"open","sticky":false,"template":"","format":"standard","meta":{"footnotes":""},"categories":[36,7,18,28,5],"tags":[84,453,13,54],"class_list":["post-4716","post","type-post","status-publish","format-standard","has-post-thumbnail","hentry","category-europe","category-negrophobie","category-resistance-bruxelles","category-racismes","category-violence-policiere","tag-black-power","tag-lukaku","tag-nordine-saidi","tag-police"],"_links":{"self":[{"href":"https:\/\/bruxelles-pantheres.be\/index.php?rest_route=\/wp\/v2\/posts\/4716","targetHints":{"allow":["GET"]}}],"collection":[{"href":"https:\/\/bruxelles-pantheres.be\/index.php?rest_route=\/wp\/v2\/posts"}],"about":[{"href":"https:\/\/bruxelles-pantheres.be\/index.php?rest_route=\/wp\/v2\/types\/post"}],"author":[{"embeddable":true,"href":"https:\/\/bruxelles-pantheres.be\/index.php?rest_route=\/wp\/v2\/users\/1"}],"replies":[{"embeddable":true,"href":"https:\/\/bruxelles-pantheres.be\/index.php?rest_route=%2Fwp%2Fv2%2Fcomments&post=4716"}],"version-history":[{"count":1,"href":"https:\/\/bruxelles-pantheres.be\/index.php?rest_route=\/wp\/v2\/posts\/4716\/revisions"}],"predecessor-version":[{"id":4719,"href":"https:\/\/bruxelles-pantheres.be\/index.php?rest_route=\/wp\/v2\/posts\/4716\/revisions\/4719"}],"wp:featuredmedia":[{"embeddable":true,"href":"https:\/\/bruxelles-pantheres.be\/index.php?rest_route=\/wp\/v2\/media\/4601"}],"wp:attachment":[{"href":"https:\/\/bruxelles-pantheres.be\/index.php?rest_route=%2Fwp%2Fv2%2Fmedia&parent=4716"}],"wp:term":[{"taxonomy":"category","embeddable":true,"href":"https:\/\/bruxelles-pantheres.be\/index.php?rest_route=%2Fwp%2Fv2%2Fcategories&post=4716"},{"taxonomy":"post_tag","embeddable":true,"href":"https:\/\/bruxelles-pantheres.be\/index.php?rest_route=%2Fwp%2Fv2%2Ftags&post=4716"}],"curies":[{"name":"wp","href":"https:\/\/api.w.org\/{rel}","templated":true}]}}