{"id":4720,"date":"2021-03-15T19:12:56","date_gmt":"2021-03-15T18:12:56","guid":{"rendered":"https:\/\/bruxelles-pantheres.be\/?p=4720"},"modified":"2021-03-15T19:12:56","modified_gmt":"2021-03-15T18:12:56","slug":"meurtre-de-lamine-bangoura-la-matrice-negrophobe-de-la-violence-policiere","status":"publish","type":"post","link":"https:\/\/bruxelles-pantheres.be\/?p=4720","title":{"rendered":"Meurtre de Lamine Bangoura : la matrice n\u00e9grophobe de la violence polici\u00e8re."},"content":{"rendered":"<p>Par Comit\u00e9 de soutien Lamine Bangoura<\/p>\n<p><b>Le fantasme de l\u2019expulsion d\u2019un corps noir mena\u00e7ant.<\/b><\/p>\n<p>Victime d\u2019un acharnement policier hors-norme, Lamine Mo\u00efse Bangoura est mort des mains de la police de Roulers le 07 mai 2018. Les faits doivent \u00eatre rappel\u00e9s\u00a0; non pas pour justifier l\u2019injustifiable mais parce qu\u2019il convient dor\u00e9navant de comprendre les m\u00e9caniques n\u00e9grophobes conduisant aux d\u00e9charges de violence meurtri\u00e8re qui se sont abattues sur Lamine. Lorsque la police se rend chez Lamine Bangoura, il s\u2019agit de l\u2019expulser de son appartement en raison d\u2019un impay\u00e9 locatif de 1.500 euros. Ils viennent ex\u00e9cuter un jugement. Si au d\u00e9but de l\u2019op\u00e9ration, ils ne sont que deux agents de quartier accompagn\u00e9s du huissier et du serrurier, le nombre de policiers pour \u00e9vacuer Lamine Bangoura de son appartement va rapidement s\u2019\u00e9lever \u00e0 huit. Une premi\u00e8re disproportion de l\u2019arsenal policier est en train de se construire d\u00e8s ce premier moment : qu\u2019est-ce qui justifie cette d\u00e9monstration de force\u00a0?\u00a0 Huit policiers pour un seul homme\u00a0qui ne pr\u00e9sente aucun danger s\u00e9rieux pour l\u2019int\u00e9grit\u00e9 physique des personnes en pr\u00e9sence. D\u00e8s ce moment, il est clair que la mission d\u2019\u00e9vacuation de d\u00e9part se transforme en tout autre chose. Face aux corps noirs dont chacun des gestes est interpr\u00e9t\u00e9 comme une menace, il s\u2019agit, non plus d\u2019une action formelle (accompagner un huissier), mais d\u2019op\u00e9rations d\u2019intimidation et d\u2019humiliation s\u2019imposant dans la situation \u00e0 renfort d\u2019uniformes.<!--more--><\/p>\n<div class=\"media media-align-left media-image format-100-pcent\">\n<figure style=\"width: 651px\" class=\"wp-caption aligncenter\"><img decoding=\"async\" class=\"preview\" title=\"07 juin 2020, BLM, Bruxelles \u00a9 Teddy Mazina, photographe\" src=\"https:\/\/static.mediapart.fr\/etmagine\/default\/files\/2021\/03\/15\/lamine.jpg?width=4624&amp;height=2781&amp;width_format=pixel&amp;height_format=pixel\" alt=\"07 juin 2020, BLM, Bruxelles \u00a9 Teddy Mazina, photographe\" width=\"661\" height=\"398\" \/><figcaption class=\"wp-caption-text\">07 juin 2020, BLM, Bruxelles \u00a9 Teddy Mazina, photographe<\/figcaption><\/figure>\n<\/div>\n<p>Certains policiers auront d\u00e9clar\u00e9 au Comit\u00e9 P que Lamine Bangoura \u00e9tait muni d\u2019une couteau (un couteau de cuisine). Son chien, selon d\u2019autres d\u00e9clarations faites au Comit\u00e9, aurait \u00e9galement repr\u00e9sent\u00e9 une menace. En plus de rev\u00eatir un caract\u00e8re mena\u00e7ant relativement risible, eu \u00e9gard \u00e0 la force d\u00e9ploy\u00e9e, ces d\u00e9clarations sont plus que douteuses. Un travail d\u2019enqu\u00eate alternatif et s\u00e9rieux men\u00e9 par les journalistes du Morgen (Douglas De Coninck et Samira Attilah) r\u00e9v\u00e8le que le chien est rapidement sorti des lieux (Lamine enferme son chien dans le jardin\u00a0; est-ce l\u00e0 un signe d\u2019agressivit\u00e9 particulier\u00a0?). Et pour ce qui concerne le couteau, il y a selon les d\u00e9clarations faites au comit\u00e9 P un couteau pr\u00e9sent dans la pi\u00e8ce, mais les interactions verbales des policiers, enregistr\u00e9es, ne font \u00e9tat d\u2019aucune menace au couteau de la part de Lamine. Cependant le narratif de l\u2019homme noir mena\u00e7ant, furieux, et dangereux fonctionne. Il est une force performative dont il faut comprendre l\u2019\u00e9tendue non seulement en termes de justification (non-lieu\/l\u00e9gitimation de la violence d\u2019Etat) mais aussi en termes de perception et de pulsion raciste. Les policiers qui ont re\u00e7u l\u2019ordre d\u2019expulser Lamine Bangoura de son appartement, l\u2019ont appliqu\u00e9e au sens litt\u00e9ral du terme. Les policiers semblent incapables de consid\u00e9rer Lamine Bangoura humainement par rapport \u00e0 des probl\u00e8mes temporels. La mission des policiers est hant\u00e9e par le d\u00e9sir de l\u2019expulsion\u00a0: l\u2019expulsion du corps noir hors de leur vue, hors de leur royaume, hors de leur aire de pouvoir. Outre que l\u2019on est en droit d\u2019y voir la remont\u00e9e d\u2019un d\u00e9sir profond ancr\u00e9e dans l\u2019histoire de la conqu\u00eate coloniale, ce d\u00e9sir d\u2019expulsion doit aussi \u00eatre replac\u00e9 dans son contexte actuel: Roulers est une commune qui, face \u00e0 une immigration r\u00e9cente per\u00e7ue comme le signe d\u2019une invasion, a vu cro\u00eetre ces derni\u00e8res ann\u00e9es les scores \u00e9lectoraux du Vlaams Belang et de la NVA aujourd\u2019hui majoritaires au conseil communal.<\/p>\n<p><b>Les gestes n\u00e9grophobes de la mise \u00e0 mort.<\/b><\/p>\n<p>Lamine Bangoura est mort asphyxi\u00e9 de la m\u00eame mani\u00e8re que George Floyd. L\u2019autopsie r\u00e9v\u00e8le une l\u00e9sion au Larynx caus\u00e9e par une cl\u00e9 d\u2019\u00e9tranglement exerc\u00e9e au niveau du cou suite \u00e0 laquelle les policiers ont effectu\u00e9 un plaquage ventral. Lamine Bangoura est menott\u00e9. Son corps est encercl\u00e9 de colsons au niveau du torse et au niveau des jambes. Le corps de Lamine, dans toutes ses parties, est immobilis\u00e9 telle une proie qu\u2019il s\u2019agit de mater. A cet effet, les policiers auront utilis\u00e9 du mat\u00e9riel de d\u00e9m\u00e9nagement\u00a0; le traitement qui est r\u00e9serv\u00e9 \u00e0 Lamine renvoie au rapport de chasse de l\u2019homme \u00e0 sa proie.\u00a0 Les pressions exerc\u00e9es par quatre policiers au niveau du torse se poursuivent pendant d\u2019interminables minutes. Lamine Bangoura meurt \u00e9touff\u00e9 sous le poids des policiers. L\u2019atmosph\u00e8re qui r\u00e8gne au domicile de Lamine est cynique et puante de racisme. Les notions d\u2019assistance \u00e0 personnes \u00e0 danger ne font plus partie de la sc\u00e8ne. Au contraire, face \u00e0 un corps inerte, fusent les paroles t\u00e9moignant de la d\u00e9shumanisation qui a lieu \u00e0 ce moment-l\u00e0: \u00ab\u00a0Il fait semblant de mourir\u00a0\u00bb. Lorsque l\u2019ambulance arrive, Lamine est d\u00e9j\u00e0 mort.<\/p>\n<p><b>Blanchiment judiciaire\u00a0: les rouages de l\u2019impunit\u00e9.<\/b><\/p>\n<p>Puis viennent les op\u00e9rations de l\u00e9gitimation et de blanchiment de la violence raciale d\u2019Etat. Les policiers sont auditionn\u00e9s un mois apr\u00e8s la mort de Lamine Bangoura. Ceci va \u00e0 l\u2019encontre des obligations proc\u00e9durales d\u00e9coulant de la Convention europ\u00e9enne des droits de l\u2019homme lorsqu\u2019une intervention d\u2019agents de l\u2019Etat d\u00e9bouche sur un d\u00e9c\u00e8s\u00a0; celles-ci pr\u00e9voient en effet que les policiers doivent \u00eatre entendus tout de suite. En outre, de mani\u00e8re tout aussi ill\u00e9gale, les policiers auront eu l\u2019occasion de se concerter avant leur audition par le Comit\u00e9 P. Collusion de fonctionnaire et ill\u00e9galisme. Le juge de la Chambre du Conseil de Courtrai, suivant l\u2019avis du procureur, prononcera un non-lieu le 26 juin 2020. Des institutions convergent et coop\u00e8rent, explicitement ou implicitement, pour justifier les atteintes commises contre une vie noire, comme on le voit ailleurs \u00e0 l\u2019encontre des vies noires et arabes.<\/p>\n<p><b>Le meurtre de Lamine Bangoura\u00a0: la n\u00e9grophobie postcoloniale au c\u0153ur des faits.<\/b><\/p>\n<p>Pour saisir cette violence polici\u00e8re dans ce qui fait ses conditions production, il importe de saisir ce qu\u2019est ce d\u00e9sir d\u2019expulsion des corps noirs. Hors de question de r\u00e9sumer cette question de la violence polici\u00e8re en un simple\u00a0: \u00ab les policiers sont tous des bruts\u00a0\u00bb. L\u2019on ne peut plus se satisfaire non plus d\u2019une compr\u00e9hension r\u00e9ductrice du racisme en termes de st\u00e9r\u00e9otypes, de biais cognitifs individuels, du racisme pathologique de la personne, du policier, de la \u00ab\u00a0pomme pourrie\u00a0\u00bb. La th\u00e9orie de la \u00ab\u00a0pomme pourrie\u00a0\u00bb, comme l\u2019indistinction de la brutalit\u00e9 d\u2019un corps de police, masquent toute la m\u00e9canique d\u2019engendrement d\u2019une violence polici\u00e8re qui, du contr\u00f4le au faci\u00e8s au meurtre, s\u2019ancre dans la n\u00e9grophobie tout en pouvant compter sur les rouages de l\u2019impunit\u00e9 judiciaire.<\/p>\n<p>Le racisme n\u2019est pas juste une circonstance aggravante\u00a0; il se situe au c\u0153ur et \u00e0 l\u2019origine des faits. Sans en prendre la mesure, l\u2019on ne peut que reproduire la violence sur les victimes en allant chercher chez elles et dans leurs vies, des circonstances att\u00e9nuantes pour le meurtre policier. En articulation avec la violence polici\u00e8re, il est d\u00e9j\u00e0 contenu dans la qualification p\u00e9nale des faits. Lorsque les policiers consid\u00e8rent avoir perdu le monopole l\u00e9gitime de la violence par l\u2019immanence de la subversivit\u00e9 du corps noir, s\u2019en suit une double prise raciste par le juridique. S\u2019enclenche, d\u2019un c\u00f4t\u00e9, toute l\u2019\u00e9conomique politique de suppression des charges \u00e0 l\u2019endroit des l\u00e9gitimes inculp\u00e9s, cela tr\u00e8s pratiquement par l\u2019effet de la qualification d\u2019\u00a0\u00ab\u00a0homicide involontaire\u00a0\u00bb. De l\u2019autre c\u00f4t\u00e9, \u00e0 l\u2019endroit des corps noirs, depuis leur appr\u00e9hension pathologisante (agent criminog\u00e8ne), s\u2019enracine toute une s\u00e9rie de charges, cette fois-ci, par l\u2019effet de la qualification de \u00ab\u00a0r\u00e9bellion\u00a0\u00bb. Ainsi, tout acte de survivance primaire du sujet noir est traduit au niveau p\u00e9nal comme relevant d\u2019une participation du d\u00e9funt dans la technologie de mise \u00e0 mort. Le d\u00e9funt se retrouve p\u00e9nalement, dans une \u00e9quivalence relative, inculp\u00e9 par des chefs d\u2019accusation engageant sa responsabilit\u00e9 dans sa propre mort.<\/p>\n<p>Dans une autre affaire r\u00e9cente (08 mars 2021), celle d\u2019une infirmi\u00e8re soignante belgo-congolaise li\u00e9geoise brutalement agress\u00e9e par des policiers alors qu\u2019elle courrait apr\u00e8s son bus apr\u00e8s avoir apport\u00e9 de premiers soins \u00e0 une personne ayant fait un malaise dans la rue se jouent les m\u00eames s\u00e9quences n\u00e9grophobes\u00a0: corps noirs mena\u00e7ants plaqu\u00e9 au sol, pouvoir discr\u00e9tionnaire (\u00ab\u00a0J\u2019ai de droit de faire ce que je veux moi, ici\u00a0\u00bb dit l\u2019un des policiers<a class=\"external\" tabindex=\"-1\" href=\"https:\/\/blogs.mediapart.fr\/plis\/blog\/150321\/meurtre-de-lamine-bangoura-la-matrice-negrophobe-de-la-violence-policiere?fbclid=IwAR2bpYhDzzy_fYbDC521f31wJ_eTQ6_VFQUsHQNjXY9Krg7jehZ6VDbueng#_ftn1\" target=\"_blank\" rel=\"noopener\">[1]<\/a>), accusation morale (\u00ab\u00a0Arr\u00eatez, vous faites peur \u00e0 vos enfants\u00a0\u00bb, dit l\u2019un des policiers<a class=\"external\" tabindex=\"-1\" href=\"https:\/\/blogs.mediapart.fr\/plis\/blog\/150321\/meurtre-de-lamine-bangoura-la-matrice-negrophobe-de-la-violence-policiere?fbclid=IwAR2bpYhDzzy_fYbDC521f31wJ_eTQ6_VFQUsHQNjXY9Krg7jehZ6VDbueng#_ftn2\" target=\"_blank\" rel=\"noopener\">[2]<\/a>) et retournement de la charge contre la victime (accusation de r\u00e9bellion<a class=\"external\" tabindex=\"-1\" href=\"https:\/\/blogs.mediapart.fr\/plis\/blog\/150321\/meurtre-de-lamine-bangoura-la-matrice-negrophobe-de-la-violence-policiere?fbclid=IwAR2bpYhDzzy_fYbDC521f31wJ_eTQ6_VFQUsHQNjXY9Krg7jehZ6VDbueng#_ftn3\" target=\"_blank\" rel=\"noopener\">[3]<\/a>).<\/p>\n<p>En Belgique, le d\u00e9sir d\u2019expulsion des corps noirs de leur terre est, colonialisme, historique. Il va vraisemblablement de pair avec, sur les terres de l\u2019ancienne m\u00e9tropole, ce cauchemar ontologique\u00a0: celui de l\u2019effroi face \u00e0 l\u2019installation de corps noirs sur ces terres. La violence d\u2019Etat raciste, 8 personnes pour un seul homme, est travaill\u00e9e par ce cauchemar.<\/p>\n<p>Lamine Bangoura ou le Georges Floyd belge\u00a0: l\u2019on pourrait tout aussi bien dire de Georges Floyd qu\u2019il est le Lamine am\u00e9ricain. Chronologiquement Lamine a \u00e9t\u00e9 tu\u00e9 par la police avant Georges Floyd mais, surtout, la matrice d\u2019expulsion des corps noirs, la matrice originelle qui s\u2019est nourrie de th\u00e9ories raciales et de conqu\u00eates imp\u00e9riales contre les terres africaines, elle, est europ\u00e9enne.<\/p>\n<p><b>\u00a0<\/b><\/p>\n<p class=\"center\"><b>Montrons-nous, pour Lamine, \u00e0 la hauteur des indignations suscit\u00e9es par la mort\u00a0<\/b><b>de George Floyd !!!<\/b><\/p>\n<p><b>\u00a0<\/b><\/p>\n<p>&nbsp;<\/p>\n<p><a class=\"external\" tabindex=\"-1\" href=\"https:\/\/blogs.mediapart.fr\/plis\/blog\/150321\/meurtre-de-lamine-bangoura-la-matrice-negrophobe-de-la-violence-policiere?fbclid=IwAR2bpYhDzzy_fYbDC521f31wJ_eTQ6_VFQUsHQNjXY9Krg7jehZ6VDbueng#_ftnref1\" target=\"_blank\" rel=\"noopener\">[1]<\/a>\u00a0Des images film\u00e9es de l\u2019arrestation ont circul\u00e9 sur les r\u00e9seaux sociaux.<\/p>\n<p><a class=\"external\" tabindex=\"-1\" href=\"https:\/\/blogs.mediapart.fr\/plis\/blog\/150321\/meurtre-de-lamine-bangoura-la-matrice-negrophobe-de-la-violence-policiere?fbclid=IwAR2bpYhDzzy_fYbDC521f31wJ_eTQ6_VFQUsHQNjXY9Krg7jehZ6VDbueng#_ftnref2\" target=\"_blank\" rel=\"noopener\">[2]<\/a>\u00a0Des images film\u00e9es de l\u2019arrestation ont circul\u00e9 sur les r\u00e9seaux sociaux.<\/p>\n<p><a class=\"external\" tabindex=\"-1\" href=\"https:\/\/blogs.mediapart.fr\/plis\/blog\/150321\/meurtre-de-lamine-bangoura-la-matrice-negrophobe-de-la-violence-policiere?fbclid=IwAR2bpYhDzzy_fYbDC521f31wJ_eTQ6_VFQUsHQNjXY9Krg7jehZ6VDbueng#_ftnref3\" target=\"_blank\" rel=\"noopener\">[3]<\/a>\u00a0https:\/\/www.rtl.be\/info\/regions\/liege\/que-s-est-il-vraiment-passe-hier-sur-la-place-st-lambert-a-liege-la-femme-brutalement-plaquee-au-sol-parle-de-violence-policiere&#8211;1285164.aspx<\/p>\n","protected":false},"excerpt":{"rendered":"<p>Par Comit\u00e9 de soutien Lamine Bangoura Le fantasme de l\u2019expulsion d\u2019un corps noir mena\u00e7ant. Victime d\u2019un acharnement policier hors-norme, Lamine Mo\u00efse Bangoura est mort des mains de la police de Roulers le 07 mai 2018. Les faits doivent \u00eatre rappel\u00e9s\u00a0; non pas pour justifier l\u2019injustifiable mais parce qu\u2019il convient dor\u00e9navant de comprendre les m\u00e9caniques n\u00e9grophobes &#8230; <a title=\"Meurtre de Lamine Bangoura : la matrice n\u00e9grophobe de la violence polici\u00e8re.\" class=\"read-more\" href=\"https:\/\/bruxelles-pantheres.be\/?p=4720\" aria-label=\"En savoir plus sur Meurtre de Lamine Bangoura : la matrice n\u00e9grophobe de la violence polici\u00e8re.\">Lire la suite<\/a><\/p>\n","protected":false},"author":1,"featured_media":4601,"comment_status":"open","ping_status":"open","sticky":false,"template":"","format":"standard","meta":{"footnotes":""},"categories":[7,18,28,5],"tags":[441],"class_list":["post-4720","post","type-post","status-publish","format-standard","has-post-thumbnail","hentry","category-negrophobie","category-resistance-bruxelles","category-racismes","category-violence-policiere","tag-lamine-bangoura"],"_links":{"self":[{"href":"https:\/\/bruxelles-pantheres.be\/index.php?rest_route=\/wp\/v2\/posts\/4720","targetHints":{"allow":["GET"]}}],"collection":[{"href":"https:\/\/bruxelles-pantheres.be\/index.php?rest_route=\/wp\/v2\/posts"}],"about":[{"href":"https:\/\/bruxelles-pantheres.be\/index.php?rest_route=\/wp\/v2\/types\/post"}],"author":[{"embeddable":true,"href":"https:\/\/bruxelles-pantheres.be\/index.php?rest_route=\/wp\/v2\/users\/1"}],"replies":[{"embeddable":true,"href":"https:\/\/bruxelles-pantheres.be\/index.php?rest_route=%2Fwp%2Fv2%2Fcomments&post=4720"}],"version-history":[{"count":1,"href":"https:\/\/bruxelles-pantheres.be\/index.php?rest_route=\/wp\/v2\/posts\/4720\/revisions"}],"predecessor-version":[{"id":4721,"href":"https:\/\/bruxelles-pantheres.be\/index.php?rest_route=\/wp\/v2\/posts\/4720\/revisions\/4721"}],"wp:featuredmedia":[{"embeddable":true,"href":"https:\/\/bruxelles-pantheres.be\/index.php?rest_route=\/wp\/v2\/media\/4601"}],"wp:attachment":[{"href":"https:\/\/bruxelles-pantheres.be\/index.php?rest_route=%2Fwp%2Fv2%2Fmedia&parent=4720"}],"wp:term":[{"taxonomy":"category","embeddable":true,"href":"https:\/\/bruxelles-pantheres.be\/index.php?rest_route=%2Fwp%2Fv2%2Fcategories&post=4720"},{"taxonomy":"post_tag","embeddable":true,"href":"https:\/\/bruxelles-pantheres.be\/index.php?rest_route=%2Fwp%2Fv2%2Ftags&post=4720"}],"curies":[{"name":"wp","href":"https:\/\/api.w.org\/{rel}","templated":true}]}}