{"id":4728,"date":"2017-08-05T08:17:21","date_gmt":"2017-08-05T07:17:21","guid":{"rendered":"https:\/\/bruxelles-pantheres.be\/?p=4728"},"modified":"2021-03-25T16:29:44","modified_gmt":"2021-03-25T15:29:44","slug":"mais-pour-moi-loubna-cetait-juste-loubna","status":"publish","type":"post","link":"https:\/\/bruxelles-pantheres.be\/?p=4728","title":{"rendered":"Mais pour moi, Loubna, c\u2019\u00e9tait juste Loubna."},"content":{"rendered":"<p>Mouhad Reghif,\u00a0porte-parole\u00a0des\u00a0Bruxelles Panth\u00e8res<\/p>\n<p>Cinq ao\u00fbt 2017. Comme \u00e0 chaque fois depuis 1993, quand \u00e7a faisait un an, je commence la journ\u00e9e en pensant \u00e0 Loubna. Je me dis que cette ann\u00e9e-ci \u00e7a fait 25 ans d\u00e9j\u00e0 qu\u2019elle a disparue. Vers midi je suis devant mon ordinateur, je tape \u00ab\u00a0Loubna Bena\u00efssa\u00a0\u00bb et puis je clique sur Actualit\u00e9s. J\u2019obtiens z\u00e9ro r\u00e9sultat pour la date du jour. L\u2019article le plus r\u00e9cent la mentionnant date de mars 2017 et parle des vingt ans de l\u2019arrestation de Derochette, apr\u00e8s cinq ans d\u2019impunit\u00e9, et Dieu seul sait combien d\u2019autres potentiels crimes sexuels commis sur des petites filles.<\/p>\n<figure id=\"attachment_4729\" aria-describedby=\"caption-attachment-4729\" style=\"width: 642px\" class=\"wp-caption aligncenter\"><a href=\"https:\/\/bruxelles-pantheres.be\/wp-content\/uploads\/2021\/03\/0.jpg\"><img decoding=\"async\" class=\"wp-image-4729 size-full\" src=\"https:\/\/bruxelles-pantheres.be\/wp-content\/uploads\/2021\/03\/0.jpg\" alt=\"\" width=\"652\" height=\"497\" srcset=\"https:\/\/bruxelles-pantheres.be\/wp-content\/uploads\/2021\/03\/0.jpg 652w, https:\/\/bruxelles-pantheres.be\/wp-content\/uploads\/2021\/03\/0-300x229.jpg 300w\" sizes=\"(max-width: 652px) 100vw, 652px\" \/><\/a><figcaption id=\"caption-attachment-4729\" class=\"wp-caption-text\">Rue Gray, \u00e0 Ixelles<\/figcaption><\/figure>\n<p>Son cas est \u00e9clairant. En tout cas il m\u2019a \u00e9clair\u00e9 sur la valeur que j\u2019ai aux yeux de ceux qui dominent l\u00e0, maintenant, ici, dans la r\u00e9alit\u00e9 o\u00f9 je vis. Des points de vue sexiste, raciste et classiste c\u2019est d\u00e9monstratif\u00a0: une d\u00e9gueulasserie innommable, un crime belge de plus, presse y comprise, contre l\u2019humanit\u00e9, vendue \u00e0 tout bout de champs, une parmi tant d\u2019autres insupportables inhumaineries injustement v\u00e9cues par tant de vies, c\u2019est juste d\u00e9gueulasse\u00a0! Loubna, ils ne la retrouvent pas. Ils ne la retrouvent pas parce qu\u2019ils ne la cherchent pas. Nous valons, elle et moi, moins que d\u2019autres.<!--more--><\/p>\n<p>Loubna ne valait pas une enqu\u00eate. Loubna, et ses parents, n\u2019en valaient pas la peine parce qu\u2019elles (elle, sa m\u00e8re, ses s\u0153urs) et ils (son p\u00e8re, ses fr\u00e8res) ne pouvaient structurellement qu\u2019\u00eatres pauvres de par la raison et de la logique m\u00eames expliquant leurs pr\u00e9sences et la sienne ici\u00a0: le besoin de bras, courts (id\u00e9als pour raser les murs), et faits pour le travail difficile, en profondeur ou \u00e0 la cha\u00eene et moins r\u00e9mun\u00e9r\u00e9 \u00e0 travail et rendement \u00e9gal, et silencieux sans m\u00eame devoir \u00eatre silenci\u00e9.<\/p>\n<p>Ce jour-l\u00e0, en oubliant de pr\u00e9ciser, en introduction de mon texte que l\u2019article que je partage \u00ab\u00a0<a href=\"https:\/\/www.dhnet.be\/regions\/bruxelles\/loubna-disparue-dans-l-indifference-51b79566e4b0de6db982cdf7\"> Loubna, disparue dans l\u2019indiff\u00e9rence<\/a> \u00ab\u00a0, au titre \u00e9loquent, a 7 ans et que c\u2019est le premier dans la liste obtenue \u00e0 l\u2019issue de ma recherche dans les actualit\u00e9s du jour.<\/p>\n<p>\u00ab\u00a0Il y a aujourd&rsquo;hui 25 ans Loubna \u00e9tait enlev\u00e9e, par un psychopathe p\u00e9dophile r\u00e9cidiviste qui habitait \u00e0 200 m\u00e8tres de chez elle, alors qu&rsquo;elle allait faire une course au Aldi de la rue Goffart.<\/p>\n<p>A cause de l&rsquo;incomp\u00e9tence des forces de police et du racisme d&rsquo;Etat, il aura fallu attendre pr\u00e8s de cinq ans et l&rsquo;\u00e9clatement de l&rsquo;affaire Dutroux, qui, lui, avait enlev\u00e9 des petites blanches dont les parents ont remu\u00e9 ciel et terre pour faire bouger l&rsquo;appareil juridico-politico-policier, pour que de vraies recherches soient enfin effectu\u00e9es.<\/p>\n<p>Lors des auditions de la commission Dutroux, un des policiers de la brigade judiciaire d&rsquo;Ixelles, qui n&rsquo;avaient aucun probl\u00e8me \u00e0 d\u00e9monter des planchers ou \u00e0 fracasser des chemin\u00e9es pour retrouver un bout de shit, a expliqu\u00e9 aux commissaires-d\u00e9put\u00e9s que s&rsquo;ils s&rsquo;\u00e9taient bien rendus dans la station-service de Derochette \u00e0 la recherche de Loubna peu apr\u00e8s son enl\u00e8vement, lui et ses coll\u00e8gues ne sont pas descendus regarder dans la cave de la station parce que c&rsquo;\u00e9tait sale et que la commune ne leur fournissait pas de bottes ad\u00e9quates pour \u00e7a !!!<\/p>\n<p>Pr\u00e8s de vingt ans apr\u00e8s avoir entendu ce policier donner cette explication, je n&rsquo;arrive toujours pas \u00e0 croire qu&rsquo;on puisse humainement faire une chose pareille : \u00eatre policier, \u00e0 la recherche d&rsquo;une petite fille enlev\u00e9e, se trouver chez un p\u00e9dophile r\u00e9cidiviste r\u00e9pertori\u00e9 dont la station-service se trouve sur le trajet de l&rsquo;enfant et ne pas descendre regarder dans la cave parce que celle-ci semblait sale et qu&rsquo;il n&rsquo;avait pas les bottes ad\u00e9quates !!!<\/p>\n<p>Allah y rehmek Loubna ! On ne t&rsquo;oublie pas, on ne pardonne pas !<\/p>\n<p><a href=\"https:\/\/www.facebook.com\/hashtag\/racismestructurel?source=feed_text&amp;story_id=10155687391214189\">#racismestructurel<\/a>\u00a0<a href=\"https:\/\/www.facebook.com\/hashtag\/mondedemerde?source=feed_text&amp;story_id=10155687391214189\">#mondedemerde<\/a>\u00a0<a href=\"https:\/\/www.facebook.com\/hashtag\/acab?source=feed_text&amp;story_id=10155687391214189\">#ACAB<\/a>\u00a0\u00bb<\/p>\n<p>&nbsp;<\/p>\n<p>Entrainant des centaines de r\u00e9actions et de partages, mon post a \u00e9galement eu droit \u00e0 quelques commentaires. La plupart bienveillants\u00a0: Alla y rehmek, reposes en paix, on ne t\u2019oublie pas, etc. Un certain nombre se r\u00e9v\u00e9lant tr\u00e8s instructifs et puis d\u2019autres jugeant, mesquin, ignorant, hautain, b\u00eate, sur la d\u00e9fensive, malveillant.<\/p>\n<p>Un premier disant\u00a0: \u00ab\u00a0Un peu plus complexe que Mouhad ne le pr\u00e9sente mais on retrouve bien l&rsquo;incomp\u00e9tence et l&rsquo;amateurisme de la police belge.\u00a0\u00bb<\/p>\n<p>Auquel j\u2019ai r\u00e9pondu\u00a0: \u00ab\u00a0Tu pourrais me dire en quoi ce serait \u00ab\u00a0plus complexe\u201d ? Ce qui signifie bien s\u00fbr, au passage, que mon propos serait simpliste. Qu&rsquo;est-ce que tu en sais ? Qu&rsquo;est-ce que tu sais de cette affaire ? O\u00f9 \u00e9tais-tu quand elle a \u00e9t\u00e9 enlev\u00e9e ? O\u00f9 \u00e9tais-tu quand ces pourris de flics incomp\u00e9tents ont retrouv\u00e9 son corps ? Moi, Loubna, je l&rsquo;ai connue de sa naissance \u00e0 sa disparition. Sa famille habitait la maison exactement en face de celle o\u00f9 mes parents vivent encore. Et je revois la maison o\u00f9 elle vivait chaque fois que je rends visite \u00e0 mes parents, c&rsquo;est-\u00e0-dire au moins une fois par semaine. Ma famille, outre la sienne \u00e9videmment, et d&rsquo;autres voisins, \u00e9tait parmi les premi\u00e8res \u00e0 partir \u00e0 sa recherche. J&rsquo;ai \u00e9t\u00e9 t\u00e9moin et ai v\u00e9cu quotidiennement la douleur de ses parents et de sa famille pendant les cinq ann\u00e9es qu&rsquo;a dur\u00e9e l&rsquo;ignorance de ce qui lui \u00e9tait arriv\u00e9 et leur abandon total par les autorit\u00e9s. J&rsquo;\u00e9tais l\u00e0 le jour de sa disparition, j&rsquo;\u00e9tais l\u00e0 le jour o\u00f9 ils ont pris la peine de descendre dans cette cave pour enfin trouver ce qu&rsquo;il restait de son corps, j&rsquo;\u00e9tais parmi les jeunes qui sont all\u00e9s prendre d&rsquo;assaut la maison communale pour demander des comptes aux autorit\u00e9s, j&rsquo;\u00e9tais de ceux que le bourgmestre de l&rsquo;\u00e9poque a re\u00e7us le soir-m\u00eame dans la salle du conseil communal pour \u00ab\u00a0calmer les esprits\u00a0\u00bb en faisant le m\u00eame genre de commentaire merdique que le tien, j&rsquo;\u00e9tais l\u00e0 le jour de la reconstitution de son enl\u00e8vement (un flic est m\u00eame rentr\u00e9 chez moi, parce que j&rsquo;\u00e9tais \u00e0 la fen\u00eatre, pour v\u00e9rifier qu&rsquo;il ne s&rsquo;y trouvaient pas de journalistes), j&rsquo;\u00e9tais devant ma t\u00e9l\u00e9 quand le flic de la brigade judiciaire a tenu les propos que je relate ici et qu&rsquo;il a lui-m\u00eame fait la comparaison avec la recherche de drogue. (Enregistrement VHS \u00e0 ta disposition). Et je suis toujours l\u00e0 25 ans plus tard pour constater que pas un seul m\u00e9dia, pas un seul !!!! n&rsquo;a daign\u00e9 comm\u00e9morer cet \u00e9v\u00e9nement dont ils n&rsquo;ont strictement plus rien \u00e0 foutre puisqu&rsquo;ils n&rsquo;y ont, eux et leurs ma\u00eetres, plus aucun int\u00e9r\u00eat. Pour ceux et celles qui ne l&rsquo;auraient pas remarqu\u00e9, l&rsquo;article de la DH que j&rsquo;ai partag\u00e9 pour ce post date d&rsquo;il y a sept ans, ne comm\u00e9more rien du tout et fait partie d&rsquo;une s\u00e9rie d&rsquo;\u00e9t\u00e9 sur les \u00ab\u00a0Les crimes c\u00e9l\u00e8bres \u00e0 Bruxelles\u00a0\u00bb.\u00a0\u00bb<\/p>\n<p>Vient alors un second commentaire dont la substance se r\u00e9p\u00e8tera dans quelques autres\u00a0: \u00ab\u00a0Les policiers sont aussi pass\u00e9 juste \u00e0 c\u00f4t\u00e9 de Julie et M\u00e9lissa&#8230;. Ce n\u2019est pas du racisme&#8230; et nous \u00e9tions \u00ab heureux \u00bb que Dutroux \u00e9tait belge&#8230; voil\u00e0 ce que mes oreilles de petites filles ont entendu \u00e0 l\u2019\u00e9poque.\u00a0\u00bb<\/p>\n<p>\u00c0 ce commentaire, l\u2019un des suivants a judicieusement r\u00e9pondu que\u00a0: \u00ab\u00a0Cela n&rsquo;a rien \u00e0 voir du tout. Une cachette secr\u00e8te et une cave c&rsquo;est autre chose et un peu de bonne foi ne serait pas de refus.\u00a0\u00bb<\/p>\n<p>Cette r\u00e9ponse parut cependant insuffisante \u00e0 certains puisqu\u2019un (apparemment acad\u00e9mique) criminologue est venu ajouter son grain de sel fa\u00e7on Sherlock en m\u2019ass\u00e9nant que\u00a0:<\/p>\n<p>\u00ab\u00a0Cet article est lamentablement \u00e9crit, rempli d&rsquo;erreurs historiques, n&rsquo;est pas replac\u00e9 dans le contexte du d\u00e9but des ann\u00e9es 90&#8230; La police \u00e9tait descendue (sic) dans la cave de Dutroux et n&rsquo;avait rien trouv\u00e9, et Julie et Melissa belges blanches et tout ce que tu veux n&rsquo;ont pas \u00e9t\u00e9 retrouv\u00e9es du jour au lendemain ! Ton article attise plus la haine qu&rsquo;autre chose&#8230;\u00a0\u00bb.\u00a0 Le monsieur s\u2019appelle Blanchaert, \u00e7a ne s\u2019invente pas\u00a0!<\/p>\n<p>Il y a quelques r\u00e9ponses que je veux donner \u00e0 ces remarques. J\u2019ai donn\u00e9 la premi\u00e8re dans les commentaires du post, elle reformule et compl\u00e8te celle d\u00e9j\u00e0 donn\u00e9e par un autre intervenant\u00a0:<\/p>\n<p>\u00ab\u00a0Les deux cas sont totalement diff\u00e9rents. Dans l&rsquo;un, les enfants avaient \u00e9t\u00e9 manipul\u00e9es et cach\u00e9es derri\u00e8re un dispositif horriblement inventif pour les dissimuler. Dans le cas de Loubna, les policiers pr\u00e9tendent ne pas avoir fait l&rsquo;effort de descendre\u00a0regarder \u00e0 la cave, o\u00f9 elle se trouvait au moment de leur visite, vivante ou pas, parce qu&rsquo;ils n&rsquo;avaient pas re\u00e7u les bottes ad\u00e9quates de la commune. Ce n&rsquo;est pas une invention, c&rsquo;est l&rsquo;un des policiers qui l&rsquo;a lui-m\u00eame dit en audience publique de la commission Dutroux.\u00a0\u00bb<\/p>\n<p>\u00c0 celle-ci je souhaite ajouter que\u00a0:<\/p>\n<ul>\n<li>Le flic qui a d\u00e9clar\u00e9 qu\u2019il n\u2019avait pas re\u00e7u de bottes ad\u00e9quates pour descendre dans la cave de la pompe \u00e0 essence d\u2019un p\u00e9dophile r\u00e9cidiviste r\u00e9pertori\u00e9 qui se trouve sur le trajet d\u2019une petite fille r\u00e9cemment disparue en passant par-l\u00e0 n\u2019est pas pour moi, au moment de sa d\u00e9claration, un objet d\u2019\u00e9tude pass\u00e9, pr\u00e9sent ou \u00e0 venir. C\u2019est un flic que je connais, dont je connais les pratiques verbales et physiques \u00e0 mon \u00e9gard et \u00e0 celui de ceux qui me ressemblent et de leurs familles. Je ne devine pas son racisme, je ne suis pas \u00e0 sa recherche, il me le crache \u00e0 la gueule \u00e0 chacune de nos rencontres. Rencontres qu\u2019ils provoquent syst\u00e9matiquement unilat\u00e9ralement. Ce flic et ses coll\u00e8gues de la brigade judiciaire d\u2019Ixelles \u00e9taient, devant nous, dans la position d\u2019omnipotence qui \u00e9tait (et reste) la leur, des racistes \u00ab\u00a0d\u00e9complex\u00e9s\u00a0\u00bb imbus de leur totale impunit\u00e9.<\/li>\n<li>Le criminologue, qui croit me prendre en train de tenir des propos racistes, parce que je parle de blanches, et qui en fait r\u00e9v\u00e8le le sien de racisme en parlant de \u00ab\u00a0belges blanches et tout ce que tu veux\u00a0\u00bb, ne l\u2019ayant visiblement pas remarqu\u00e9 (#colorblind\u00a0?), Loubna, de ce point de vue-l\u00e0, \u00e9tait aussi blanche que les victimes de Dutroux.<\/li>\n<li>Au criminologue donneur de le\u00e7on, je voudrais aussi rappeler le contexte historique, mon contexte historique, du d\u00e9but des ann\u00e9es 90 \u00e0 Bruxelles, au moment de la disparition de Loubna. L\u2019affaire du \u00ab\u00a0foulard islamique\u00a0\u00bb d\u00e9marre en 1989 en France. Elle ne fait pas vraiment bonne presse aux jeunes musulmanes. La premi\u00e8re guerre du Golfe, durant laquelle des journalistes et des politiciens se posent des questions sur la loyaut\u00e9 de la \u00ab\u00a0communaut\u00e9 arabo-musulmane\u00a0\u00bb au camp des chevaliers occidentaux de l\u2019ordre de la Lumi\u00e8re, n\u2019est pas termin\u00e9e depuis longtemps. Et, last but not least, les \u00e9meutes de Forest, apr\u00e8s lesquelles le \u00ab\u00a0P\u00e8re de la R\u00e9gion de Bruxelles-Capitale\u00a0\u00bb d\u00e9clare dans Le Soir son refus d\u2019un \u00ab\u00a0Maghreb Town\u00a0\u00bb \u00e0 Bruxelles ne sont qu\u2019\u00e0 quelques encablures. Pour terminer sur le contexte historique et en revenir aux flics responsables de l\u2019enqu\u00eate sur la disparition de Loubna, je rappelle aussi que ceux-ci officiaient sur un territoire dont ils avaient le monopole et dont ils \u00e9taient cens\u00e9s poss\u00e9der la plus grande connaissance, sinon expertise.<\/li>\n<\/ul>\n<p>Ce post m\u2019a aussi permis d\u2019apprendre des choses que je ne savais pas et qui \u00e9clairent cette histoire d\u2019un aspect encore plus horrible. Au racisme av\u00e9r\u00e9 comme le d\u00e9montre cet autre commentaire\u00a0:<\/p>\n<p>\u00ab Sans vouloir entrer dans la pol\u00e9mique, il y a bien eu \u00e0 l&rsquo;\u00e9poque de La disparition de Loubna, une attitude raciste de la part de la police. Aucun avis de recherche n\u2019a \u00e9t\u00e9 diffus\u00e9, les parents ont d\u00fb s&rsquo;adresser \u00e0 Tf1 pour avoir un semblant de m\u00e9diatisation. Un commissaire de police avait dit \u00e0 l&rsquo;\u00e9poque \u00ab\u00a0elle a \u00e9t\u00e9 mari\u00e9e au Maroc\u00a0\u00bb. Loubna \u00e9tait une toute petite fille !! Et C&rsquo;est bien plus que tard au moment de L&rsquo;affaire Dutroux que les recherches ont r\u00e9ellement eu lieu mais le monde judiciaire n&rsquo;a pas \u00e9t\u00e9 davantage pro actif pour retrouver les victimes de Dutroux !\u00a0\u00bb<br \/>\ns\u2019ajoutent en effet une culture du viol issue d\u2019un sexisme structurel dont j\u2019ignorais, ou dont j\u2019ai pu ignorer jusqu\u2019ici, qu\u2019il touche m\u00eame les petites filles et qui est illustr\u00e9 par le commentaire suivant\u00a0: \u00ab\u00a0Ma s\u0153ur a \u00e9t\u00e9 victime du voisin de Rochette. Ces ploucs ont lib\u00e9r\u00e9 cette merde. Ma s\u0153ur de 9ans \u00e0 l&rsquo;\u00e9poque portait une jupe et la police a consid\u00e9r\u00e9 qu\u2019elle l&rsquo;avait provoqu\u00e9. Lui libre de recommencer elle sous m\u00e9docs et d\u00e9truite \u00e0 jamais. On n&rsquo;avait pr\u00e9venu quand Loubna a disparu que \u00e7a pouvait \u00eatre lui et son voisin. C&rsquo;est nous qui avons \u00e9t\u00e9 inqui\u00e9t\u00e9s pour diffamations calomnieuse. Un comble.\u00a0\u00bb<\/p>\n<p>Comme l\u2019a magistralement synth\u00e9tis\u00e9 une commentatrice, nous avons assist\u00e9 dans cette affaire \u00e0 \u00ab\u00a0Un condens\u00e9 de racisme ordinaire, de sexisme ignoble, de n\u00e9gligence insoutenable, de paresse et d&rsquo;\u00e9go\u00efsme. Sans oublier que cela d\u00e9truit des vies tous les jours, de mani\u00e8re irr\u00e9m\u00e9diable, brutale ou insidieuse. Tous les jours nous sommes nombreux et nombreuses \u00e0 faire les frais de toutes ces tares, pendant qu&rsquo;on fait porter le chapeau \u00e0 toutes ces personnes qui n&rsquo;ont rien fait parce qu&rsquo;une telle portait une jupe, tel autre la barbe, une telle un carr\u00e9 de tissu sur la t\u00eate, un autre n&rsquo;avait pas la bonne couleur de peau&#8230; Ayons au moins la d\u00e9cence de nous souvenir de cet enfant et de ne pas minimiser ces monstruosit\u00e9s si vite banalis\u00e9es.\u00a0\u00bb<\/p>\n<p>Si, comme les parents des autres enfants disparues, les parents de Loubna ont souffert de leur situation de classe, citoyens ordinaires et pauvres au regard des dominants, elle et ils ont aussi souffert de leur origine, de leur absence de capital culturel adapt\u00e9 au contexte et du sexisme g\u00e9n\u00e9ralis\u00e9 dans notre soci\u00e9t\u00e9.<br \/>\nCes probl\u00e8mes, classe, race, sexe, sont structurelles. Et la structure dominante dans notre soci\u00e9t\u00e9, s\u2019il y en a une, c\u2019est bien l\u2019Etat-Nation. De Rochette, les flics \u00ab\u00a0n\u00e9gligeant et incomp\u00e9tents\u00a0\u00bb, racistes et sexistes, n\u2019en sont que de repr\u00e9sentatifs pions.<\/p>\n<p>Je termine en r\u00e9pondant \u00e0 un dernier commentaire, judicieux\u00a0:<\/p>\n<p>\u00ab\u00a0Loubna Bena\u00efssa. Je ne sais pas si c&rsquo;est la bonne orthographe mais c&rsquo;\u00e9tait son nom. On peut peut-\u00eatre le dire, c&rsquo;est la moindre des choses !\u00a0\u00bb<\/p>\n<p>Je suis d\u2019accord. A aucun moment l\u2019article que j\u2019ai partag\u00e9 ne mentionne le nom de sa famille et \u00e7a aurait \u00e9t\u00e9 la moindre des choses.<\/p>\n<p>Mais pour moi, Loubna, c\u2019\u00e9tait juste Loubna. Elle a disparu le 5 ao\u00fbt 1992, personne n\u2019en a parl\u00e9, alors pour le 25<sup>\u00e8me<\/sup> anniversaire de sa disparition, et sans doute de sa mort, je me suis permis de le faire.<\/p>\n<p>&nbsp;<\/p>\n<p style=\"text-align: right;\">Mouhad Reghif,\u00a0porte-parole\u00a0des\u00a0Bruxelles Panth\u00e8res<\/p>\n","protected":false},"excerpt":{"rendered":"<p>Mouhad Reghif,\u00a0porte-parole\u00a0des\u00a0Bruxelles Panth\u00e8res Cinq ao\u00fbt 2017. Comme \u00e0 chaque fois depuis 1993, quand \u00e7a faisait un an, je commence la journ\u00e9e en pensant \u00e0 Loubna. Je me dis que cette ann\u00e9e-ci \u00e7a fait 25 ans d\u00e9j\u00e0 qu\u2019elle a disparue. Vers midi je suis devant mon ordinateur, je tape \u00ab\u00a0Loubna Bena\u00efssa\u00a0\u00bb et puis je clique sur &#8230; <a title=\"Mais pour moi, Loubna, c\u2019\u00e9tait juste Loubna.\" class=\"read-more\" href=\"https:\/\/bruxelles-pantheres.be\/?p=4728\" aria-label=\"En savoir plus sur Mais pour moi, Loubna, c\u2019\u00e9tait juste Loubna.\">Lire la suite<\/a><\/p>\n","protected":false},"author":1,"featured_media":4730,"comment_status":"open","ping_status":"open","sticky":false,"template":"","format":"standard","meta":{"footnotes":""},"categories":[1],"tags":[],"class_list":["post-4728","post","type-post","status-publish","format-standard","has-post-thumbnail","hentry","category-non-classe"],"_links":{"self":[{"href":"https:\/\/bruxelles-pantheres.be\/index.php?rest_route=\/wp\/v2\/posts\/4728","targetHints":{"allow":["GET"]}}],"collection":[{"href":"https:\/\/bruxelles-pantheres.be\/index.php?rest_route=\/wp\/v2\/posts"}],"about":[{"href":"https:\/\/bruxelles-pantheres.be\/index.php?rest_route=\/wp\/v2\/types\/post"}],"author":[{"embeddable":true,"href":"https:\/\/bruxelles-pantheres.be\/index.php?rest_route=\/wp\/v2\/users\/1"}],"replies":[{"embeddable":true,"href":"https:\/\/bruxelles-pantheres.be\/index.php?rest_route=%2Fwp%2Fv2%2Fcomments&post=4728"}],"version-history":[{"count":3,"href":"https:\/\/bruxelles-pantheres.be\/index.php?rest_route=\/wp\/v2\/posts\/4728\/revisions"}],"predecessor-version":[{"id":4733,"href":"https:\/\/bruxelles-pantheres.be\/index.php?rest_route=\/wp\/v2\/posts\/4728\/revisions\/4733"}],"wp:featuredmedia":[{"embeddable":true,"href":"https:\/\/bruxelles-pantheres.be\/index.php?rest_route=\/wp\/v2\/media\/4730"}],"wp:attachment":[{"href":"https:\/\/bruxelles-pantheres.be\/index.php?rest_route=%2Fwp%2Fv2%2Fmedia&parent=4728"}],"wp:term":[{"taxonomy":"category","embeddable":true,"href":"https:\/\/bruxelles-pantheres.be\/index.php?rest_route=%2Fwp%2Fv2%2Fcategories&post=4728"},{"taxonomy":"post_tag","embeddable":true,"href":"https:\/\/bruxelles-pantheres.be\/index.php?rest_route=%2Fwp%2Fv2%2Ftags&post=4728"}],"curies":[{"name":"wp","href":"https:\/\/api.w.org\/{rel}","templated":true}]}}