{"id":4748,"date":"2021-04-09T19:16:05","date_gmt":"2021-04-09T18:16:05","guid":{"rendered":"https:\/\/bruxelles-pantheres.be\/?p=4748"},"modified":"2021-04-09T19:16:05","modified_gmt":"2021-04-09T18:16:05","slug":"lettre-ouverte-de-la-famille-dadil-limpunite-doit-cesser","status":"publish","type":"post","link":"https:\/\/bruxelles-pantheres.be\/?p=4748","title":{"rendered":"Lettre ouverte de la famille d\u2019Adil: \u00abL\u2019impunit\u00e9 doit cesser\u00bb"},"content":{"rendered":"<p>Ce samedi 10 avril 2021, cela fera un an jour pour jour qu\u2019Adil, 19 ans, est d\u00e9c\u00e9d\u00e9 apr\u00e8s \u00eatre entr\u00e9 en collision avec la police \u00e0 Anderlecht qui le poursuivait pour lui infliger une amende de 250 euros pour non-respect du confinement. Voici la lettre ouverte \u2013 intitul\u00e9e \u00ab\u00a0Adil vient de \u00ab\u00a0Adl\u00a0\u00bb en arabe et signifie \u00ab\u00a0justice\u00a0\u00bb\u00a0\u00bb \u2013 que sa famille, contrainte de renoncer \u00e0 organiser une marche pour lui rendre hommage, nous a fait parvenir pour marquer le coup\u2026<!--more--><\/p>\n<div class=\"dpipub-inread-grid-wrapper\">\n<p style=\"text-align: center;\"><a href=\"https:\/\/bruxelles-pantheres.be\/wp-content\/uploads\/2021\/04\/EZry-25WoAcrecT.jpg\"><img decoding=\"async\" class=\"alignnone size-full wp-image-4750\" src=\"https:\/\/bruxelles-pantheres.be\/wp-content\/uploads\/2021\/04\/EZry-25WoAcrecT.jpg\" alt=\"\" width=\"620\" height=\"1029\" srcset=\"https:\/\/bruxelles-pantheres.be\/wp-content\/uploads\/2021\/04\/EZry-25WoAcrecT.jpg 620w, https:\/\/bruxelles-pantheres.be\/wp-content\/uploads\/2021\/04\/EZry-25WoAcrecT-181x300.jpg 181w, https:\/\/bruxelles-pantheres.be\/wp-content\/uploads\/2021\/04\/EZry-25WoAcrecT-617x1024.jpg 617w\" sizes=\"(max-width: 620px) 100vw, 620px\" \/><\/a><\/p>\n<p>\u00ab\u00a0Il y a un an, Adil \u00e9tait percut\u00e9 par une voiture de police qui avait en t\u00eate de l\u2019arr\u00eater, \u00e0 n\u2019importe quel prix. Au risque de le tuer. Adil fuyait ce contr\u00f4le, trop conscient du danger qu\u2019il signifiait. Il est mort parce qu\u2019il a eu peur. C\u2019est encore l\u2019histoire d\u2019une poursuite qui n\u2019aurait jamais d\u00fb avoir lieu et encore moins \u00eatre consid\u00e9r\u00e9e comme \u00ab\u00a0prioritaire\u00a0\u00bb.Le nombre excessif d\u2019amendes et de descentes polici\u00e8res dans les quartiers populaires d\u00e8s le d\u00e9but de la pand\u00e9mie, le racisme et le harc\u00e8lement quotidien de la police sont quelques raisons qui expliquent la fuite d\u2019Adil qui ne faisait rien d\u2019autre qu\u2019\u00eatre dans l\u2019espace public.<\/p>\n<p>Depuis la perte de notre Adil, nous avons d\u00fb faire face \u00e0 bien d\u2019autres \u00e9preuves durant l\u2019ann\u00e9e \u00e9coul\u00e9e. D\u00e8s sa mort, et alors que nous n\u2019avions m\u00eame pas encore enterr\u00e9 notre bien aim\u00e9 Adil, il a \u00e9t\u00e9 demand\u00e9 \u00e0 notre famille de faire un appel au calme. Beaucoup d\u2019habitants exprimaient une col\u00e8re l\u00e9gitime que les autorit\u00e9s locales et f\u00e9d\u00e9rales ont pr\u00e9f\u00e9r\u00e9 ne pas prendre en consid\u00e9ration. Nous sommes rest\u00e9s discrets et avons refus\u00e9 des interviews en esp\u00e9rant ainsi permettre le bon d\u00e9roulement de l\u2019enqu\u00eate. Malgr\u00e9 tout, nous faisions un constat : Adil et toutes les autres victimes de violences polici\u00e8res ont droit \u00e0 une d\u00e9shumanisation et une criminalisation. De toute \u00e9vidence, chaque victime est tenue responsable de sa mort, comme si elle l\u2019avait cherch\u00e9e.<\/p>\n<\/div>\n<div class=\"dpipub-inread-grid-wrapper\">\n<p>Le 26 novembre dernier, une injustice de plus survint. Le parquet du procureur du Roi annon\u00e7a sa d\u00e9cision de demander un non-lieu en faveur des policiers. Ce qui consiste \u00e0 dire que, selon son analyse, les policiers n\u2019ont pas \u00e0 \u00eatre poursuivis car ils n\u2019ont pas commis d\u2019erreur. Aucune raison valable ne justifiait cette communication. De plus, aucune audience devant la chambre du conseil, comp\u00e9tente pour d\u00e9cider d\u2019\u00e9ventuelles poursuites, n\u2019\u00e9tait pr\u00e9vue \u00e0 ce stade. Plusieurs articles de presse relaieront, \u00e0 tort, la fin de l\u2019enqu\u00eate et la relaxe des policiers.<\/p>\n<\/div>\n<div class=\"dpipub-inread-grid-wrapper\">\n<p>Au lendemain de cette annonce, une manifestation a \u00e9t\u00e9 organis\u00e9e par des citoyens. Il y avait un d\u00e9calage entre la volont\u00e9 pacifiste des manifestants et l\u2019important dispositif policier. S\u2019en sont suivies des arrestations injustifi\u00e9es de quasiment tous les manifestants. On notera le traitement diff\u00e9renci\u00e9 de la police selon l\u2019origine des personnes rassembl\u00e9es. Tous ces \u00e9v\u00e9nements pourraient laisser croire que les autorit\u00e9s veulent \u00e0 tout prix \u00e9touffer cette affaire, pourtant nous, la famille, refusons de croire cela.<\/p>\n<\/div>\n<div class=\"dpipub-inread-grid-wrapper\">\n<p>Depuis cette annonce surprise du procureur du Roi, nous avons eu \u00e0 nouveau acc\u00e8s au dossier de l\u2019enqu\u00eate et, surtout, pu visionner les images vid\u00e9o. Cela nous a d\u00e9montr\u00e9 que de nombreuses questions demeurent et que des \u00e9l\u00e9ments importants semblent ne pas avoir \u00e9t\u00e9 pris en compte par le procureur du Roi lors de la r\u00e9daction de son r\u00e9quisitoire de non-lieu. Nous solliciterons donc des devoirs d\u2019enqu\u00eate compl\u00e9mentaires et l\u2019audience de la chambre du Conseil pr\u00e9vue le 20 avril prochain, qui devait statuer entre la cl\u00f4ture du dossier et le renvoi des policiers impliqu\u00e9s devant le tribunal correctionnel, sera report\u00e9e afin que la v\u00e9rit\u00e9 puisse \u00eatre \u00e9tablie.<\/p>\n<p>Aujourd\u2019hui, un an apr\u00e8s sa mort, nous aurions aim\u00e9 rendre un hommage public \u00e0 Adil avec nos proches et nos soutiens dans les rues de notre commune, dans la dignit\u00e9 et le respect. Depuis plus d\u2019un mois, nous r\u00e9fl\u00e9chissions avec la commune d\u2019Anderlecht aux meilleures conditions \u00e0 mettre en place pour cet hommage dans le respect des gestes barri\u00e8res. Malheureusement, le cadre propos\u00e9 par les autorit\u00e9s rend l\u2019organisation de cet hommage impossible dans les d\u00e9lais et dans la dignit\u00e9. Si nous reconnaissons l\u2019importance des r\u00e8gles sanitaires, il faudrait que les autorit\u00e9s arr\u00eatent de nier \u00e0 la fois l\u2019importance d\u2019un deuil dans lequel toute v\u00e9rit\u00e9 est emp\u00each\u00e9e et la col\u00e8re de tout un quartier. Aujourd\u2019hui, nous sommes contraints d\u2019abandonner l\u2019id\u00e9e de ce rassemblement et nous d\u00e9cidons d\u2019\u00e9crire ces quelques lignes pour Adil.<\/p>\n<p>Adil avait 19 ans. Il \u00e9tait un fils, un fr\u00e8re, un petit-fils, un neveu, un oncle, un cousin, un ami, un voisin. Il \u00e9tait de ces personnes qui souriaient tout le temps et avec qui les temps difficiles devenaient si faciles. Il faisait preuve d\u2019autod\u00e9rision pour valoriser ceux qui l\u2019avaient face \u00e0 lui. Pour lui, la vie avait un sens, celui qui m\u00e8ne vers le bonheur\u2026 Adil \u00e9tait aimable, serviable, il avait un grand c\u0153ur. Certes, il avait ses petits d\u00e9fauts comme tout le monde, mais nous ne pouvions lui en tenir rigueur \u00e0 c\u00f4t\u00e9 de tout ce qu\u2019il apportait.<\/p>\n<p>Depuis tout petit, il avait cette passion qui l\u2019animait, celle de la m\u00e9canique et des v\u00e9hicules en tout genre. Cette passion le prenait au plus profond de ces tripes. Il n\u2019aura jamais 20 ans. Nous avons tant de questions qui persistent et restent sans r\u00e9ponses. Qu\u2019est-ce qui justifiait sa mort\u00a0? Qu\u2019est-ce qui justifiait le d\u00e9ploiement d\u2019autant de policiers\u00a0? Pourquoi de telles mises en danger d\u2019autrui\u00a0? Le proc\u00e8s que nous demandons sera la seule fa\u00e7on de faire la lumi\u00e8re sur les circonstances de sa mort et d\u2019\u00e9tablir les responsabilit\u00e9s claires de la police. Adil n\u2019est pas la seule victime et nous ne sommes pas les seuls dans ce combat que nous n\u2019avons pas choisi.<\/p>\n<p>La v\u00e9rit\u00e9 et la justice que nous exigeons pour Adil, nous l\u2019exigeons tout autant pour les autres familles. La liste de victimes s\u2019allonge, des familles sont d\u00e9truites alors que les policiers ne sont jamais mis face \u00e0 leurs responsabilit\u00e9s. Quand est-ce que cela va s\u2019arr\u00eater\u00a0? Ibrahima, 2021. Ilyes, 2021. Akram, 2020. Adil, 2020. Mehdi, 2019. Mawda, 2019. Lamine, 2018. Jozef, 2018. Wassim et Sabrina, 2017. Dieumerci, 2015, Souleimane 2014, Jonathan 2010, Faycal 2006, Karim 2002, Semira 1998, Said 1997, Mimoun 1991. Et toutes les autres victimes dont nous ignorons l\u2019histoire.<\/p>\n<p>Nous exigeons cette justice pour que l\u2019impunit\u00e9 cesse et qu\u2019aucune autre famille ne perde un \u00eatre cher lors d\u2019interventions polici\u00e8res.<\/p>\n<p>Sign\u00e9\u00a0: la famille d\u2019Adil\u00a0\u00bb<\/p>\n<\/div>\n","protected":false},"excerpt":{"rendered":"<p>Ce samedi 10 avril 2021, cela fera un an jour pour jour qu\u2019Adil, 19 ans, est d\u00e9c\u00e9d\u00e9 apr\u00e8s \u00eatre entr\u00e9 en collision avec la police \u00e0 Anderlecht qui le poursuivait pour lui infliger une amende de 250 euros pour non-respect du confinement. Voici la lettre ouverte \u2013 intitul\u00e9e \u00ab\u00a0Adil vient de \u00ab\u00a0Adl\u00a0\u00bb en arabe et &#8230; <a title=\"Lettre ouverte de la famille d\u2019Adil: \u00abL\u2019impunit\u00e9 doit cesser\u00bb\" class=\"read-more\" href=\"https:\/\/bruxelles-pantheres.be\/?p=4748\" aria-label=\"En savoir plus sur Lettre ouverte de la famille d\u2019Adil: \u00abL\u2019impunit\u00e9 doit cesser\u00bb\">Lire la suite<\/a><\/p>\n","protected":false},"author":1,"featured_media":4749,"comment_status":"open","ping_status":"open","sticky":false,"template":"","format":"standard","meta":{"footnotes":""},"categories":[18,28,5],"tags":[420,419],"class_list":["post-4748","post","type-post","status-publish","format-standard","has-post-thumbnail","hentry","category-resistance-bruxelles","category-racismes","category-violence-policiere","tag-adil","tag-anderlecht"],"_links":{"self":[{"href":"https:\/\/bruxelles-pantheres.be\/index.php?rest_route=\/wp\/v2\/posts\/4748","targetHints":{"allow":["GET"]}}],"collection":[{"href":"https:\/\/bruxelles-pantheres.be\/index.php?rest_route=\/wp\/v2\/posts"}],"about":[{"href":"https:\/\/bruxelles-pantheres.be\/index.php?rest_route=\/wp\/v2\/types\/post"}],"author":[{"embeddable":true,"href":"https:\/\/bruxelles-pantheres.be\/index.php?rest_route=\/wp\/v2\/users\/1"}],"replies":[{"embeddable":true,"href":"https:\/\/bruxelles-pantheres.be\/index.php?rest_route=%2Fwp%2Fv2%2Fcomments&post=4748"}],"version-history":[{"count":1,"href":"https:\/\/bruxelles-pantheres.be\/index.php?rest_route=\/wp\/v2\/posts\/4748\/revisions"}],"predecessor-version":[{"id":4751,"href":"https:\/\/bruxelles-pantheres.be\/index.php?rest_route=\/wp\/v2\/posts\/4748\/revisions\/4751"}],"wp:featuredmedia":[{"embeddable":true,"href":"https:\/\/bruxelles-pantheres.be\/index.php?rest_route=\/wp\/v2\/media\/4749"}],"wp:attachment":[{"href":"https:\/\/bruxelles-pantheres.be\/index.php?rest_route=%2Fwp%2Fv2%2Fmedia&parent=4748"}],"wp:term":[{"taxonomy":"category","embeddable":true,"href":"https:\/\/bruxelles-pantheres.be\/index.php?rest_route=%2Fwp%2Fv2%2Fcategories&post=4748"},{"taxonomy":"post_tag","embeddable":true,"href":"https:\/\/bruxelles-pantheres.be\/index.php?rest_route=%2Fwp%2Fv2%2Ftags&post=4748"}],"curies":[{"name":"wp","href":"https:\/\/api.w.org\/{rel}","templated":true}]}}