{"id":475,"date":"2013-03-17T05:22:55","date_gmt":"2013-03-17T04:22:55","guid":{"rendered":"https:\/\/bruxelles-pantheres.be\/?p=475"},"modified":"2013-11-10T05:26:17","modified_gmt":"2013-11-10T04:26:17","slug":"les-olympiades-stibiennes-ou-les-jeux-de-la-desobeissanc","status":"publish","type":"post","link":"https:\/\/bruxelles-pantheres.be\/?p=475","title":{"rendered":"Les olympiades stibiennes ou les jeux de la d\u00e9sob\u00e9issanc"},"content":{"rendered":"<div>\n<div>\n<div>\n<ul>\n<li itemprop=\"author\"><strong><a title=\"Articles par Benjamin Bourguignon\" href=\"http:\/\/surlefil.ulb.ac.be\/author\/bbouguig\/\" rel=\"author\">Benjamin Bourguignon<\/a> et <a title=\"Articles par Julie Neven\" href=\"http:\/\/surlefil.ulb.ac.be\/author\/juneven\/\" rel=\"author\">Julie Neven<\/a><\/strong><\/li>\n<\/ul>\n<\/div>\n<\/div>\n<p><em>\u00ab\u00a0Mobib, portiques, publicit\u00e9, surveillance \u00e9lectronique, contr\u00f4leurs\u2026 Les investissements de la STIB, humains et technologiques, ne doivent pas nous faire oublier que la STIB est avant tout un service public qui doit permettre \u00e0 tous de se d\u00e9placer librement.\u00a0\u00bb\u00a0<\/em>C\u2019est ce que nous avons pu lire sur le <a href=\"https:\/\/bxl.indymedia.org\/IMG\/pdf\/flyer_stibpdbc20.pdf\">prospectus<\/a> du collectif homostibien, venu pr\u00e9senter, lundi 25 f\u00e9vrier au <a href=\"http:\/\/surlefil.ulb.ac.be\/premiere-visite-au-phare\/\">Phare<\/a>, une\u00a0 action critiquant la politique de la soci\u00e9t\u00e9 de transport. Le collectif d\u00e9nonce\u00a0 des contr\u00f4les de plus en plus courants, des tarifs qui s\u2019envolent et des mesures s\u00e9curitaires (cam\u00e9ras, police,\u2026) qui mettent \u00e0 mal l\u2019accessibilit\u00e9 aux transports et la convivialit\u00e9.<!--more--><\/p>\n<p>S\u2019ils ont choisi le Phare pour pr\u00e9senter leur action, c\u2019est que cette occupation temporaire est propice au d\u00e9bat et \u00e0 la mobilisation. En effet, tous les lundis se tient un cin\u00e9-club o\u00f9 sont projet\u00e9s des films et des documentaires engag\u00e9s. Cette soir\u00e9e-l\u00e0, quatre courts m\u00e9trages \u00e9taient pr\u00e9sent\u00e9s, chacun d\u2019entre eux appuyait une revendication du collectif. Nous avons pu notamment voir <em>Barres (1984) <\/em>un film de Luc Moullet qui caricature les tentatives de fraudes face \u00e0 des portiques de plus en plus perfectionn\u00e9s, de plus en plus surr\u00e9alistes aussi.<\/p>\n<\/div>\n<p><iframe src=\"http:\/\/www.dailymotion.com\/embed\/video\/x3y3ot\" height=\"270\" width=\"480\" frameborder=\"0\"><\/iframe><br \/>\n<a href=\"http:\/\/www.dailymotion.com\/video\/x3y3ot_luc-moullet-barres-1984_fun\" target=\"_blank\">Luc Moullet &#8211; Barres (1984)<\/a> <i>par <a href=\"http:\/\/www.dailymotion.com\/cinemarati\" target=\"_blank\">cinemarati<\/a><\/i><\/p>\n<p style=\"text-align: justify;\">Suite \u00e0 cette projection, l\u2019occasion est donn\u00e9e aux habitants et aux visiteurs d\u2019un soir de d\u00e9battre sur la politique de la mobilit\u00e9 \u00e0 Bruxelles. Si l\u2019id\u00e9e d\u2019une nouvelle mobilit\u00e9 est pr\u00e9sente, les participants restent mitig\u00e9s sur la forme qu\u2019elle doit prendre : la gratuit\u00e9 compl\u00e8te des transports en commun est-elle possible ? est-ce qu\u2019il n\u2019est pas meilleur de diminuer les transports classiques afin de privil\u00e9gier la marche ou le v\u00e9lo ? Chacun a sa propre id\u00e9e de la question.<\/p>\n<p><a href=\"http:\/\/surlefil.ulb.ac.be\/les-olympiades-stibiennes-ou-les-jeux-de-la-desobeissance\/dsc_98681\/\" rel=\"attachment wp-att-969\"><img decoding=\"async\" alt=\"Chacun donne son avis sur une mobilit\u00e9 id\u00e9ale\" src=\"http:\/\/surlefil.ulb.ac.be\/wp-content\/uploads\/2013\/03\/DSC_98681-1024x576.jpg\" width=\"620\" height=\"348\" \/><\/a><\/p>\n<p>Chacun donne son avis sur une mobilit\u00e9 id\u00e9ale<\/p>\n<p style=\"text-align: justify;\">La discussion se termine sur une pr\u00e9sentation de l\u2019activit\u00e9 des 1er et 2 mars : les jeux olympiques de la Stib. Le collectif a en effet pour ambition d\u2019organiser ses propres olympiades dans une station de m\u00e9tro de Bruxelles. \u00ab\u00a0D\u00e9jouons la Stib !\u00a0\u00bb, leur leitmotiv, rappelle tout le c\u00f4t\u00e9 ludique de la manifestation : chaque \u00e9preuve repr\u00e9sente une probl\u00e9matique : la surveillance, le contr\u00f4le, les tarifs, portiques ou la publicit\u00e9. Vu la nature ill\u00e9gale de certaines activit\u00e9s (le saut de portiques par exemple), il est laiss\u00e9 \u00e0 l\u2019appr\u00e9ciation de chacun de payer son ticket ou non.<\/p>\n<p><a href=\"http:\/\/surlefil.ulb.ac.be\/les-olympiades-stibiennes-ou-les-jeux-de-la-desobeissance\/flyer_stibpdbc20-page-001\/\" rel=\"attachment wp-att-972\"><img decoding=\"async\" alt=\"Les cinq \u00e9preuves seront adaptables selon a tournure des \u00e9v\u00e8nements\" src=\"http:\/\/surlefil.ulb.ac.be\/wp-content\/uploads\/2013\/03\/flyer_stibpdbc20-page-001-1024x721.jpg\" width=\"620\" height=\"436\" \/><\/a><\/p>\n<p>Les cinq \u00e9preuves seront adaptables \u00e0 la situation pour \u00e9viter tout d\u00e9bordement<\/p>\n<p style=\"text-align: justify;\">Pour le bien d\u2019une op\u00e9ration surprise, il est important que l\u2019information ne circule qu\u2019en cercle ferm\u00e9. C\u2019est incognito que vendredi, jour J, les athl\u00e8tes se retrouvent \u00e0 16h devant le bar Verschueren au parvis de St Gilles. Force est de constater que nous ne sommes pas les seuls journalistes pr\u00e9sents. Si certains organisateurs avaient manifest\u00e9 le d\u00e9sir de ne voir aucun journaliste traditionnel, <a href=\"http:\/\/www.lesoir.be\/200087\/article\/actualite\/fil-info\/2013-03-01\/des-%E2%80%9Cjeux-olympiques%E2%80%9D-pour-%C3%A9viter-contr%C3%B4les-stib\">le Soir<\/a> et <a href=\"http:\/\/www.telebruxelles.net\/portail\/info\/info-regionale\/23924-trop-de-controles-a-la-stib-\">TV Bruxelles<\/a> sont quand m\u00eame au rendez-vous.<\/p>\n<p style=\"text-align: justify;\">L\u2019ampleur de la fuite est plus grande que pr\u00e9vue : la Stib, en collaboration avec la police, s\u2019est pr\u00e9par\u00e9e en cons\u00e9quence car elle s\u2019attend \u00e0 une \u00e9ventuelle manifestation dans les diff\u00e9rentes stations qui entourent le quartier. La nouvelle s\u2019est r\u00e9pandue \u00e0 la publication du mercredi 27 f\u00e9vrier sur le site Inter-environnement Bruxelles (IEB), <a href=\"http:\/\/www.ieb.be\/Article-retire\">aujourd\u2019hui indisponible.<\/a> En effet, la d\u00e9put\u00e9e MR Viviane Teitelbaum<a href=\"http:\/\/www.mr.be\/actualites\/toute-lactualite\/zoom\/article\/jeux-olympiques-dejouons-la-stib\/\"> s\u2019est indign\u00e9<\/a> qu\u2019un organisme comme l\u2019IEB, financ\u00e9 par la R\u00e9gion, appelle \u00e0 l\u2019incivisme en invitant ses lecteurs \u00e0 se joindre \u00e0 l\u2019\u00e9v\u00e8nement. <a href=\"http:\/\/bxl.indymedia.org\/spip.php?article706\">La d\u00e9put\u00e9e et la STIB ont donc port\u00e9 plainte <\/a>et ont demand\u00e9 un retrait de l\u2019article. Entretemps, la r\u00e9putation de l\u2019organisme a permis \u00e0 l\u2019\u00e9v\u00e8nement de se faire conna\u00eetre de tous les m\u00e9dias et ce si bien que <a href=\"http:\/\/www.lavenir.net\/article\/detail.aspx?articleid=DMF20130302_00275808\">L\u2019Avenir a sugg\u00e9r\u00e9 que l\u2019IEB<\/a> \u00e9tait l\u2019instigateur du projet.<\/p>\n<div id=\"gallery-1\" style=\"text-align: justify;\">\n<dl>\n<dt><a title=\"extrait google\" href=\"http:\/\/surlefil.ulb.ac.be\/wp-content\/uploads\/2013\/03\/extraits-site.jpg\" rel=\"prettyPhoto[slides]\"><img decoding=\"async\" alt=\"Une recherche Google nous prouve que l'article a bien exist\u00e9\" src=\"http:\/\/surlefil.ulb.ac.be\/wp-content\/uploads\/2013\/03\/extraits-site-150x150.jpg\" \/><\/a><\/dt>\n<dd>Une recherche Google nous prouve que l\u2019article a bien exist\u00e9<\/dd>\n<\/dl>\n<dl>\n<dt><a title=\"extrait site IEB\" href=\"http:\/\/surlefil.ulb.ac.be\/wp-content\/uploads\/2013\/03\/extrait-site-IEB.jpg\" rel=\"prettyPhoto[slides]\"><img decoding=\"async\" alt=\"Par s\u00e9curit\u00e9, l'organisation a pr\u00e9f\u00e9r\u00e9 retirer l'article\" src=\"http:\/\/surlefil.ulb.ac.be\/wp-content\/uploads\/2013\/03\/extrait-site-IEB-150x150.jpg\" \/><\/a><\/dt>\n<dd>Par s\u00e9curit\u00e9, l\u2019organisation a pr\u00e9f\u00e9r\u00e9 retirer l\u2019article<\/dd>\n<\/dl>\n<dl>\n<dt><a title=\"La justification de la Stib\" href=\"http:\/\/surlefil.ulb.ac.be\/wp-content\/uploads\/2013\/03\/avport01-page-005.jpg\" rel=\"prettyPhoto[slides]\"><img decoding=\"async\" alt=\"Merci \u00e0 Indy Media Bruxsel\" src=\"http:\/\/surlefil.ulb.ac.be\/wp-content\/uploads\/2013\/03\/avport01-page-005-150x150.jpg\" \/><\/a><\/dt>\n<dd>Extrait de l\u2019Ordonnance relative \u00e0 la plainte de la Stib : leurs justifications (I)<\/dd>\n<\/dl>\n<dl>\n<dt><a title=\"La justification de la Stib\" href=\"http:\/\/surlefil.ulb.ac.be\/wp-content\/uploads\/2013\/03\/avport01-page-006.jpg\" rel=\"prettyPhoto[slides]\"><img decoding=\"async\" alt=\"Merci \u00e0 Indy Media Bruxsel\" src=\"http:\/\/surlefil.ulb.ac.be\/wp-content\/uploads\/2013\/03\/avport01-page-006-150x150.jpg\" \/><\/a><\/dt>\n<dd>Extrait de l\u2019Ordonnance relative \u00e0 la plainte de la Stib : leurs justifications (I)<\/dd>\n<\/dl>\n<\/div>\n<p style=\"text-align: justify;\">La Stib a aussi qualifi\u00e9 les jeux olympiques<a href=\"http:\/\/www.levif.be\/info\/belga-generique\/des-jeux-olympiques-pour-eviter-les-controles-de-la-stib\/article-4000255879051.htm\"> \u00ab\u00a0d\u2019action d\u2019incivisme\u00a0\u00bb et a soulign\u00e9 son investissement<\/a> dans des campagnes de pr\u00e9ventions.<\/p>\n<p style=\"text-align: justify;\">Malgr\u00e9 cette pol\u00e9mique et ces impr\u00e9vus, le collectif a \u00e9t\u00e9 jusqu\u2019au bout de ses id\u00e9es :<a href=\"http:\/\/www.flickr.com\/photos\/janslangen\/8520069306\/\"> la manifestation a eu lieu comme pr\u00e9vu. <\/a>En plus de constituer un compte rendu des \u00e9v\u00e8nements, la vid\u00e9o qui suit tente au mieux de comprendre les motivations qui justifient des activistes \u00e0 se retrouver <em>sur le fil<\/em>.<\/p>\n<p style=\"text-align: justify;\">Les agents de police en civil, d\u00e9ploy\u00e9s pour la s\u00e9curit\u00e9,\u00a0 n\u2019ont d\u00e9clar\u00e9 aucun incident, qualifiant les faits de \u00ab\u00a0bon enfant\u00a0\u00bb. Du c\u00f4t\u00e9 de la Stib, le bilan de la journ\u00e9e se r\u00e9sume par deux amendes : une amende pour d\u00e9gradation de mat\u00e9riel (for\u00e7age d\u2019un portique) et une amende pour une carte Mobib non point\u00e9. Comble de l\u2019histoire, cette derni\u00e8re sanction a \u00e9t\u00e9 inflig\u00e9e \u00e0 un usager qui passait par l\u00e0, les contr\u00f4leurs n\u2019auraient pas pu proc\u00e9der \u00e0 son identification\u2026 il \u00e9tait d\u00e9guis\u00e9 en clown !<\/p>\n<p><iframe src=\"\/\/www.youtube.com\/embed\/IQFJe0VfN9E\" height=\"315\" width=\"560\" allowfullscreen=\"\" frameborder=\"0\"><\/iframe><\/p>\n<p><a href=\"http:\/\/surlefil.ulb.ac.be\/les-olympiades-stibiennes-ou-les-jeux-de-la-desobeissance\/\">Source<\/a><\/p>\n","protected":false},"excerpt":{"rendered":"<p>Benjamin Bourguignon et Julie Neven \u00ab\u00a0Mobib, portiques, publicit\u00e9, surveillance \u00e9lectronique, contr\u00f4leurs\u2026 Les investissements de la STIB, humains et technologiques, ne doivent pas nous faire oublier que la STIB est avant tout un service public qui doit permettre \u00e0 tous de se d\u00e9placer librement.\u00a0\u00bb\u00a0C\u2019est ce que nous avons pu lire sur le prospectus du collectif homostibien, &#8230; <a title=\"Les olympiades stibiennes ou les jeux de la d\u00e9sob\u00e9issanc\" class=\"read-more\" href=\"https:\/\/bruxelles-pantheres.be\/?p=475\" aria-label=\"En savoir plus sur Les olympiades stibiennes ou les jeux de la d\u00e9sob\u00e9issanc\">Lire la suite<\/a><\/p>\n","protected":false},"author":1,"featured_media":476,"comment_status":"open","ping_status":"open","sticky":false,"template":"","format":"standard","meta":{"footnotes":""},"categories":[18,40],"tags":[],"class_list":["post-475","post","type-post","status-publish","format-standard","has-post-thumbnail","hentry","category-resistance-bruxelles","category-transport"],"_links":{"self":[{"href":"https:\/\/bruxelles-pantheres.be\/index.php?rest_route=\/wp\/v2\/posts\/475","targetHints":{"allow":["GET"]}}],"collection":[{"href":"https:\/\/bruxelles-pantheres.be\/index.php?rest_route=\/wp\/v2\/posts"}],"about":[{"href":"https:\/\/bruxelles-pantheres.be\/index.php?rest_route=\/wp\/v2\/types\/post"}],"author":[{"embeddable":true,"href":"https:\/\/bruxelles-pantheres.be\/index.php?rest_route=\/wp\/v2\/users\/1"}],"replies":[{"embeddable":true,"href":"https:\/\/bruxelles-pantheres.be\/index.php?rest_route=%2Fwp%2Fv2%2Fcomments&post=475"}],"version-history":[{"count":1,"href":"https:\/\/bruxelles-pantheres.be\/index.php?rest_route=\/wp\/v2\/posts\/475\/revisions"}],"predecessor-version":[{"id":477,"href":"https:\/\/bruxelles-pantheres.be\/index.php?rest_route=\/wp\/v2\/posts\/475\/revisions\/477"}],"wp:featuredmedia":[{"embeddable":true,"href":"https:\/\/bruxelles-pantheres.be\/index.php?rest_route=\/wp\/v2\/media\/476"}],"wp:attachment":[{"href":"https:\/\/bruxelles-pantheres.be\/index.php?rest_route=%2Fwp%2Fv2%2Fmedia&parent=475"}],"wp:term":[{"taxonomy":"category","embeddable":true,"href":"https:\/\/bruxelles-pantheres.be\/index.php?rest_route=%2Fwp%2Fv2%2Fcategories&post=475"},{"taxonomy":"post_tag","embeddable":true,"href":"https:\/\/bruxelles-pantheres.be\/index.php?rest_route=%2Fwp%2Fv2%2Ftags&post=475"}],"curies":[{"name":"wp","href":"https:\/\/api.w.org\/{rel}","templated":true}]}}