{"id":4753,"date":"2021-05-04T19:35:07","date_gmt":"2021-05-04T18:35:07","guid":{"rendered":"https:\/\/bruxelles-pantheres.be\/?p=4753"},"modified":"2021-05-04T19:46:27","modified_gmt":"2021-05-04T18:46:27","slug":"communique-du-collectif-des-madres","status":"publish","type":"post","link":"https:\/\/bruxelles-pantheres.be\/?p=4753","title":{"rendered":"Communiqu\u00e9 du \u00ab Collectif des Madr\u00e9s \u00bb"},"content":{"rendered":"<h5 style=\"text-align: left;\"><strong>Quelle f\u00eate des m\u00e8res en 2021 ?<\/strong><br \/>\n<strong>Il est des sujets o\u00f9 seul le combat nous rend espoir pour nos enfants&#8230; C\u2019est pourquoi :<\/strong><br \/>\nA l\u2019occasion de la f\u00eate des m\u00e8res, ce dimanche 9 mai 2021, nous, le \u00ab Collectif des Madr\u00e9s \u00bb*\u00a0 invitons les habitant\u00b7e\u00b7s de Bruxelles et d\u2019ailleurs \u00e0 se joindre \u00e0 nous pour exiger \u00e9galit\u00e9 et justice pour les enfants et les jeunes qui subissent dans leur quotidien des violences polici\u00e8res.<!--more--><\/h5>\n<p style=\"text-align: left;\">Insultes racistes et homophobes, propos sexistes, contr\u00f4les d\u2019identit\u00e9 au faci\u00e8s et PV abusifs, arrestations arbitraires, gifles et coups, courses poursuites disproportionn\u00e9es, perquisitions sauvages, \u00e9tranglements et \u00e9touffements&#8230; Ces abus de pouvoirs et usages ill\u00e9gaux de la force causent des traumatismes profonds, et, dans certains cas, conduisent \u00e0 la mort :<\/p>\n<p style=\"text-align: left;\">Ibrahima, 2021. Ilyes, 2021. Akram, 2020. Adil, 2020. Mehdi, 2019. Mawda, 2018. Lamine, 2018. Jozef, 2018. Wassim et Sabrina, 2017. Dieumerci, 2015. Souleimane, 2014. Jonathan, 2010. Faycal, 2006.Karim, 2002. Semira, 1998. Said, 1997. Mimoun, 1991. Et toutes les autres victimes dont nous ignorons l&rsquo;histoire.<\/p>\n<p style=\"text-align: left;\">Quand est-ce que cela va s&rsquo;arr\u00eater ?<br \/>\nPour nous, les m\u00e8res, cette journ\u00e9e de f\u00eate est aussi une journ\u00e9e de chagrin et de col\u00e8re, une journ\u00e9e de comm\u00e9moration pour les victimes, et de lutte pour que nos revendications soient entendues.<\/p>\n<p style=\"text-align: left;\">Nous exigeons justice et v\u00e9rit\u00e9 pour les victimes et nous demandons que tout soit mis en \u0153uvre pour que ces violences syst\u00e9miques, subies au quotidien, et qui refl\u00e8tent un racisme structurel, cessent !<\/p>\n<p style=\"text-align: left;\"><strong>9 MAI 2021 = F\u00caTE DES M\u00c8RES = MARCHE BLANCHE<\/strong><br \/>\n\u00c0 14h00, nous rejoindrons le <a href=\"https:\/\/bruxelles-pantheres.be\/?p=4762\">rassemblement place Lumumba en hommage \u00e0 Lamine Bangoura<\/a>, tu\u00e9 par la police belge \u00e0 son domicile il y a tout juste trois ans.<\/p>\n<p style=\"text-align: left;\">De 16h00 \u00e0 17h30, nous nous r\u00e9unirons au Mont des Arts \/ Place Albertine pour une Marche blanche alternative (la marche initiale, de la place Anneessens \u00e0 la place de la Monnaie n\u2019ayant pas \u00e9t\u00e9 autoris\u00e9e). Il y aura des prises de paroles et performances artistiques, au rythme des pas, sur place.<br \/>\nBanderoles et autres moyens d\u2019expression pacifiques sont les bienvenus. Tenue souhait\u00e9e : le blanc.<br \/>\nDes membres du Collectif des madr\u00e9s et d\u2019autres collectifs seront l\u00e0 pour assurer le bien-\u00eatre de tout le monde et le respect des mesures sanitaires \u2013 merci d\u2019avance pour votre soutien et collaboration. Merci aussi de respecter le caract\u00e8re pacifique de l\u2019\u00e9v\u00e9nement, en solidarit\u00e9 avec le Collectif et les familles.<\/p>\n<p style=\"text-align: left;\">Le Collectif des Madr\u00e9s esp\u00e8re vous retrouver nombreuses et nombreux pour un moment solidaire, d\u00e9termin\u00e9 et convivial.<\/p>\n<p style=\"text-align: left;\">Contact : collectif1060@gmail.com<br \/>\nPour plus d\u2019informations, <a href=\"https:\/\/www.facebook.com\/Collectifdesmadres\">https:\/\/www.facebook.com\/Collectifdesmadres <\/a>et rdv sur le site www.lecollectifdesmadres.be, bient\u00f4t en ligne.<\/p>\n<p><a href=\"https:\/\/bruxelles-pantheres.be\/wp-content\/uploads\/2021\/05\/180434330_102407632009928_6361403787837925268_n-1.png\"><img decoding=\"async\" class=\"wp-image-4755 size-medium alignleft\" src=\"https:\/\/bruxelles-pantheres.be\/wp-content\/uploads\/2021\/05\/180434330_102407632009928_6361403787837925268_n-1-300x300.png\" alt=\"\" width=\"300\" height=\"300\" srcset=\"https:\/\/bruxelles-pantheres.be\/wp-content\/uploads\/2021\/05\/180434330_102407632009928_6361403787837925268_n-1-300x300.png 300w, https:\/\/bruxelles-pantheres.be\/wp-content\/uploads\/2021\/05\/180434330_102407632009928_6361403787837925268_n-1-150x150.png 150w, https:\/\/bruxelles-pantheres.be\/wp-content\/uploads\/2021\/05\/180434330_102407632009928_6361403787837925268_n-1-768x768.png 768w, https:\/\/bruxelles-pantheres.be\/wp-content\/uploads\/2021\/05\/180434330_102407632009928_6361403787837925268_n-1.png 999w\" sizes=\"(max-width: 300px) 100vw, 300px\" \/><\/a><\/p>\n<p><em>*. Le \u00ab Collectif des Madr\u00e9s \u00bb initi\u00e9 en 2017 par des m\u00e8res de quartier, rassemble aujourd\u2019hui des travailleuses et travailleurs, des habitantes et habitants de tous \u00e2ges et de tous horizons. Implant\u00e9 d\u2019abord dans la commune de Saint-Gilles, son travail s&rsquo;\u00e9tend d\u00e9sormais sur toute la r\u00e9gion bruxelloise. Ses priorit\u00e9s sont la lutte contre toute forme de discrimination, pour l&rsquo;aide \u00e0 la r\u00e9insertion, contre les violences polici\u00e8res et judiciaires, dans un combat pour une soci\u00e9t\u00e9 juste et \u00e9galitaire.<\/em><\/p>\n<h4><\/h4>\n<p>&nbsp;<\/p>\n<h4><strong>De l\u2019importance de croire ses enfants quand il s\u2019agit de violences polici\u00e8res<\/strong><\/h4>\n<div class=\"contributor\">\n<p>Latifa du Collectif des madr\u00e9s sur l\u2019impact des violences polici\u00e8res sur le tissu familial et la sant\u00e9 mentale des personnes mineures.<\/p>\n<div class=\"contributor__meta\">\n<div><span class=\"contributor__meta__prefix\">by <\/span>Souria Cheurfi\u00a0 Brussels, BE 12.4.21<\/div>\n<div><\/div>\n<\/div>\n<\/div>\n<div class=\"article__body-components article__body-components--longform\" data-component=\"BodyComponentRenderer\">\n<p>Encore plus depuis la mort de George Floyd, nos feeds sont rythm\u00e9s par des images de <a href=\"https:\/\/www.vice.com\/fr\/topic\/violences-policieres\">violences polici\u00e8res<\/a>. Tout d\u2019un coup, la classe moyenne, disons privil\u00e9gi\u00e9e, est expos\u00e9e \u00e0 un probl\u00e8me auquel elle n\u2019avait jamais d\u00fb faire face auparavant. Du coup, on s\u2019indigne, on partage des vid\u00e9os choquantes et des <em>meaningful quotes, <\/em>mais pour certaines personnes avec un certain profil et habitant dans certains quartiers, ces violences font partie du quotidien depuis bien longtemps.<\/p>\n<div class=\"long-form__body-group\">\n<p>C\u2019est le cas notamment dans la commune de Saint-Gilles \u00e0 <a href=\"https:\/\/www.vice.com\/fr\/topic\/bruxelles\">Bruxelles<\/a>, o\u00f9 une brigade de proximit\u00e9 (Uneus) a \u00e9t\u00e9 mise en place en 2012 pour \u00ab \u0153uvrer activement et de mani\u00e8re solidaire \u00e0 une am\u00e9lioration de la qualit\u00e9 de vie et au maintien d\u2019un cadre de vie harmonieux et s\u00fbr \u00e0 long terme dans les p\u00e9rim\u00e8tres d\u2019action d\u00e9finis \u00bb. Ou autrement dit, lutter contre la <a href=\"https:\/\/www.vice.com\/fr\/topic\/crime\">criminalit\u00e9<\/a>.<\/p>\n<p>Lors <a href=\"https:\/\/www.lalibre.be\/belgique\/judiciaire\/brigade-policiere-uneus-pour-qu-un-travail-policier-soit-efficace-il-faut-qu-il-fasse-surtout-l-objet-d-une-reconnaissance-et-d-une-approbation-5ebc3fbd9978e24cfcb60293\" target=\"_blank\" rel=\"noopener\">d\u2019une interview<\/a>, Sybille Smeets, professeure \u00e0 l\u2019\u00c9cole des sciences criminologiques de l\u2019ULB, avait compar\u00e9 cette brigade \u00e0 la politique tol\u00e9rance z\u00e9ro mise en place \u00e0 New York dans les ann\u00e9es 1990. Selon elle, si cette brigade s\u2019attribue une baisse de la criminalit\u00e9, celle-ci est en grande partie d\u00fb \u00e0 d\u2019autres facteurs et, surtout, elle va de pair avec \u00ab une augmentation tout aussi spectaculaire des plaintes \u00e0 l\u2019\u00e9gard des violences polici\u00e8res et des <a href=\"https:\/\/www.vice.com\/fr\/topic\/discrimination\">discriminations<\/a>, qui s\u2019est jumel\u00e9e \u00e0 une diminution de la satisfaction des populations \u00bb.<\/p>\n<p>Un constat qui n\u2019a pas \u00e9chapp\u00e9 \u00e0 Latifa Elmcabeni (51 ans), m\u00e8re de trois enfants vivant dans la commune de Saint-Gilles \u00e0 Bruxelles. Apr\u00e8s que ses fils aient v\u00e9cu des violences polici\u00e8res, elle a d\u00e9cid\u00e9 d\u2019agir en mettant sur pied le Collectif des madr\u00e9s.<\/p>\n<div class=\"\">\n<div class=\"body-image\" data-component=\"ImageBlock\">\n<div class=\"body-image__img\">\n<div><picture class=\"responsive-image responsive-image--loaded lazyloader--loaded\"><source srcset=\"https:\/\/video-images.vice.com\/_uncategorized\/1618227975271-whatsapp-image-2021-03-26-at-181159.jpeg?resize=800:* 1x, https:\/\/video-images.vice.com\/_uncategorized\/1618227975271-whatsapp-image-2021-03-26-at-181159.jpeg?resize=1600:* 2x\" media=\"(min-width: 1000px)\" \/><source srcset=\"https:\/\/video-images.vice.com\/_uncategorized\/1618227975271-whatsapp-image-2021-03-26-at-181159.jpeg?resize=600:* 1x, https:\/\/video-images.vice.com\/_uncategorized\/1618227975271-whatsapp-image-2021-03-26-at-181159.jpeg?resize=1200:* 2x\" media=\"(min-width: 700px)\" \/><\/picture><\/div>\n<div>\n<div class=\"long-form__body-group\">\n<p>&nbsp;<\/p>\n<\/div>\n<div class=\"\">\n<div class=\"body-image\" data-component=\"ImageBlock\">\n<div class=\"body-image__img\">\n<div style=\"text-align: center;\"><picture class=\"responsive-image responsive-image--loaded lazyloader--loaded\"><source srcset=\"https:\/\/video-images.vice.com\/_uncategorized\/1618227975271-whatsapp-image-2021-03-26-at-181159.jpeg?resize=800:* 1x, https:\/\/video-images.vice.com\/_uncategorized\/1618227975271-whatsapp-image-2021-03-26-at-181159.jpeg?resize=1600:* 2x\" media=\"(min-width: 1000px)\" \/><source srcset=\"https:\/\/video-images.vice.com\/_uncategorized\/1618227975271-whatsapp-image-2021-03-26-at-181159.jpeg?resize=600:* 1x, https:\/\/video-images.vice.com\/_uncategorized\/1618227975271-whatsapp-image-2021-03-26-at-181159.jpeg?resize=1200:* 2x\" media=\"(min-width: 700px)\" \/><source srcset=\"https:\/\/video-images.vice.com\/_uncategorized\/1618227975271-whatsapp-image-2021-03-26-at-181159.jpeg?resize=400:* 1x, https:\/\/video-images.vice.com\/_uncategorized\/1618227975271-whatsapp-image-2021-03-26-at-181159.jpeg?resize=800:* 2x\" media=\"(min-width: 0px)\" \/><img class=\"responsive-image__img\" alt=\"WhatsApp Image 2021-03-26 at 18.11.59.jpeg\" \/><\/picture><\/div>\n<\/div>\n<div class=\"body-image__caption\">\n<p style=\"text-align: center;\">Latifa Elmcabeni, co-fondatrice du Collectif des madr\u00e9s<\/p>\n<\/div>\n<\/div>\n<\/div>\n<\/div>\n<div><picture class=\"responsive-image responsive-image--loaded lazyloader--loaded\"><source srcset=\"https:\/\/video-images.vice.com\/_uncategorized\/1618227975271-whatsapp-image-2021-03-26-at-181159.jpeg?resize=400:* 1x, https:\/\/video-images.vice.com\/_uncategorized\/1618227975271-whatsapp-image-2021-03-26-at-181159.jpeg?resize=800:* 2x\" media=\"(min-width: 0px)\" \/><\/picture><\/div>\n<\/div>\n<\/div>\n<\/div>\n<\/div>\n<div class=\"long-form__body-group\">\n<p><strong>VICE : Salut Latifa, comment est n\u00e9 le Collectif des madr\u00e9s ?<br \/>\nLatifa : <\/strong>\u00c0 la base, je m\u2019int\u00e9ressais surtout \u00e0 la r\u00e9insertion. En voulant aider des jeunes \u00e0 retrouver leur place dans la soci\u00e9t\u00e9, j\u2019ai pris connaissance des violences polici\u00e8res et de la brigade Uneus. Plusieurs jeunes que j\u2019avais rencontr\u00e9\u00b7es \u00e0 l\u2019\u00e9poque m\u2019avaient dit : \u00ab Si tu veux nous aider \u00e0 croire en la justice, occupe-toi d\u2019abord d\u2019Uneus. \u00bb<\/p>\n<p>Puis un jour, mon fils s\u2019est fait gifler par une commissaire \u00e0 Saint-Gilles. Y\u2019avait pas de t\u00e9moins, ni de PV et quand j\u2019ai voulu agir, mon fils m\u2019a dit : \u00ab Mais maman, une gifle c\u2019est pas grave. Y\u2019en a qui ont des nez et des bras cass\u00e9s. \u00bb<\/p>\n<p>J\u2019ai ensuite rencontr\u00e9 Bernard Devos, d\u00e9l\u00e9gu\u00e9 g\u00e9n\u00e9ral des Droits de l\u2019enfant (DGDE), quand il est intervenu avec son \u00e9quipe pour r\u00e9colter des t\u00e9moignages pour son rapport sur Uneus et on a fait notre <a href=\"https:\/\/www.liguedh.be\/uneus-cow-boys-de-proximite\/\" target=\"_blank\" rel=\"noopener\">premi\u00e8re interpellation<\/a> citoyenne en mars 2018. C\u2019est \u00e0 ce moment-l\u00e0 que le collectif est n\u00e9.<\/p>\n<\/div>\n<div class=\"\">\n<div class=\"body-image\" data-component=\"ImageBlock\">\n<div class=\"body-image__img\">\n<div><picture class=\"responsive-image responsive-image--loaded lazyloader--loaded\"><source srcset=\"https:\/\/video-images.vice.com\/_uncategorized\/1618227975271-whatsapp-image-2021-03-26-at-181159.jpeg?resize=800:* 1x, https:\/\/video-images.vice.com\/_uncategorized\/1618227975271-whatsapp-image-2021-03-26-at-181159.jpeg?resize=1600:* 2x\" media=\"(min-width: 1000px)\" \/><source srcset=\"https:\/\/video-images.vice.com\/_uncategorized\/1618227975271-whatsapp-image-2021-03-26-at-181159.jpeg?resize=600:* 1x, https:\/\/video-images.vice.com\/_uncategorized\/1618227975271-whatsapp-image-2021-03-26-at-181159.jpeg?resize=1200:* 2x\" media=\"(min-width: 700px)\" \/><source srcset=\"https:\/\/video-images.vice.com\/_uncategorized\/1618227975271-whatsapp-image-2021-03-26-at-181159.jpeg?resize=400:* 1x, https:\/\/video-images.vice.com\/_uncategorized\/1618227975271-whatsapp-image-2021-03-26-at-181159.jpeg?resize=800:* 2x\" media=\"(min-width: 0px)\" \/><\/picture><\/div>\n<\/div>\n<\/div>\n<\/div>\n<div class=\"long-form__body-group\">\n<p><strong>Qui le compose ?<br \/>\n<\/strong>Je l\u2019ai co-fond\u00e9 avec <a href=\"https:\/\/www.agirparlaculture.be\/rendre-visibles-les-violences-policieres-entretien-avec-julia-galaski\/\" target=\"_blank\" rel=\"noopener\">Julia Galaski<\/a>, charg\u00e9e de d\u00e9velopper Police Watch, un observatoire mis en place par la Ligue des droits humains qui vise \u00e0 nous informer de nos droits face \u00e0 la police.<\/p>\n<blockquote class=\"abc__quote abc__quote--pullquote\" data-component=\"QuoteBlock\"><p><strong>\u00ab<\/strong> Les violences ne doivent plus \u00eatre un sujet tabou et les parents doivent se montrer \u00e0 l\u2019\u00e9coute. <strong>\u00bb<\/strong><\/p><\/blockquote>\n<p><strong>Pourquoi ce nom ?<br \/>\n<\/strong>Parce que l\u2019un de nos objectifs est de sensibiliser les parents sur l\u2019importance de la communication avec leurs enfants. Pour beaucoup, la police repr\u00e9sente la loi et la s\u00e9curit\u00e9 \u2013 c\u2019est suppos\u00e9 \u00eatre le cas. Mais \u00e7a peut nous pousser \u00e0 avoir davantage confiance en la police qu\u2019en nos propres enfants, qui auront ainsi du mal \u00e0 se confier \u00e0 nous si un incident se produit. Faut vraiment faire un travail au sein de notre communaut\u00e9 en tant que parents. Les violences ne doivent plus \u00eatre un sujet tabou et les parents doivent se montrer \u00e0 l\u2019\u00e9coute.<\/p>\n<p>Au-del\u00e0 de la communication, le probl\u00e8me c\u2019est que les parents ont aussi peur des repr\u00e9sailles : une famille qui vit dans la pr\u00e9carit\u00e9 et d\u00e9pend du CPAS n\u2019osera jamais se mettre le syst\u00e8me \u00e0 dos \u2013 et encore faudrait-il qu\u2019elle en ait les moyens.<\/p>\n<p><strong>Donc vous vous concentrez sur les victimes mineures ?<br \/>\n<\/strong>Oui, car elles sont encore fragiles et \u00e0 la recherche de leur identit\u00e9. Vivre des violences polici\u00e8res \u00e0 cet \u00e2ge-l\u00e0, qu\u2019elles soient physiques, verbales, psychologiques ou sexuelles, \u00e7a joue sur la sant\u00e9 mentale des enfants et \u00e7a peut entra\u00eener des comportements violents ou des d\u00e9crochages scolaires.<\/p>\n<\/div>\n<div class=\"long-form__body-group\">\n<p><strong>Comment vous agissez concr\u00e8tement ?<br \/>\n<\/strong>On fait de la sensibilisation pour que ces jeunes connaissent leurs droits, et d\u2019un point de vue l\u00e9gal, je crois en l\u2019efficacit\u00e9 des interpellations. Il s\u2019agit d\u2019un texte qui doit \u00eatre valid\u00e9 par vingt citoyen\u00b7nes de plus de 16 ans. Tu as six minutes pour le pr\u00e9senter devant le conseil communal qui peut le rejeter ou le valider. C\u2019est un outil concret dont les citoyen\u00b7nes ne font pas assez usage ; c\u2019est notre parole d\u00e9mocratique et tout le monde y a acc\u00e8s.<\/p>\n<p>Jusqu\u2019ici, on a fait cinq interpellations \u00e0 la commune de Saint-Gilles pour avancer sur trois plans : l&rsquo;\u00e9valuation de la brigade Uneus, le suivi des formations initiales et continues de la police, et le contr\u00f4le d\u00e9mocratique (par exemple la question des body cam\u2019). Au d\u00e9but, on \u00e9tait quelques mamans, et pour la derni\u00e8re, on a r\u00e9ussi \u00e0 r\u00e9unir des centaines de personnes.<\/p>\n<p><strong>Depuis le confinement, l\u2019interdiction de se rassembler a donn\u00e9 lieu \u00e0 de nombreuses arrestations lors de manifs et autres rassemblements. \u00c7a a eu un impact sur vos actions ?<br \/>\n<\/strong>De notre c\u00f4t\u00e9, on a surtout remarqu\u00e9 une augmentation des fausses interpellations. La police conna\u00eet tous les jeunes du quartier, leurs noms et adresses. Du coup, iels re\u00e7oivent parfois des amendes sans m\u00eame avoir \u00e9t\u00e9 interpell\u00e9\u00b7es. C\u2019est le genre de situation qui peut d\u00e9truire des familles, car les parents ne croient plus la parole de leurs propres enfants quand iels leur disent qu\u2019iels n\u2019ont rien fait.<\/p>\n<blockquote class=\"abc__quote abc__quote--pullquote\" data-component=\"QuoteBlock\"><p><strong>\u00ab De toute fa\u00e7on, le syst\u00e8me est fait pour qu\u2019on reste sans justice. \u00bb<\/strong><\/p><\/blockquote>\n<p><strong>Suite aux <a href=\"https:\/\/www.vice.com\/fr\/article\/88akyp\/avec-les-gens-arretes-sans-motif-a-la-manif-contre-la-justice-de-classe\">arrestations lors de la manif du 24 janvier<\/a> contre les violences polici\u00e8res, une plainte group\u00e9e a \u00e9t\u00e9 enregistr\u00e9e, mais la justice a frein\u00e9 le processus en demandant que chaque plaignant\u00b7e fasse une d\u00e9marche individuelle\u2026<br \/>\n<\/strong>Les plaintes n\u2019aboutissent jamais \u00e0 rien.<\/p>\n<p><strong>Les interpellations ont plus d\u2019impact selon toi ?<br \/>\n<\/strong>De toute fa\u00e7on, le syst\u00e8me est fait pour qu\u2019on reste sans justice. Ce qui est bien avec les interpellations, c\u2019est qu\u2019elles ont un impact direct sur les politiques des diff\u00e9rentes communes. Dans le fond, je sais qu\u2019iels s\u2019en foutent du racisme et des violences polici\u00e8res, mais quand on est des centaines de personnes \u00e0 se mobiliser pour une interpellation, iels sont oblig\u00e9\u00b7es de nous \u00e9couter s\u2019iels tiennent \u00e0 \u00eatre r\u00e9\u00e9lu\u00b7es. Si les habitant\u00b7es de Molenbeek et Anderlecht le font aussi et que les communes sont submerg\u00e9es, \u00e7a aura un impact \u00e9norme.<\/p>\n<blockquote class=\"abc__quote abc__quote--pullquote\" data-component=\"QuoteBlock\"><p>\u00ab Nos enfants \u00e0 nous subissent ces violences depuis qu\u2019iels ont 11 ou 12 ans. \u00c7a engendre de la souffrance chez moi. Que faire quand tu comprends que ton fils est en d\u00e9crochage scolaire parce qu\u2019il a accumul\u00e9 trop de col\u00e8re \u00e0 cause des violences polici\u00e8res ?\u00a0\u00bb<\/p><\/blockquote>\n<p><strong>Mais cette plainte group\u00e9e et les arrestations lors de cette manif ont fait beaucoup de bruit. Tout comme les violences r\u00e9centes au Bois de la Cambre. Y\u2019a un lien avec le profil des personnes touch\u00e9es selon toi ?<br \/>\n<\/strong>Oui. Les victimes de ces arrestations aussi ont fait un comit\u00e9 des parents, mais pour beaucoup de ces jeunes, c\u2019\u00e9tait la premi\u00e8re fois qu\u2019iels vivaient ou \u00e9taient t\u00e9moins des violences polici\u00e8res. Nos enfants \u00e0 nous subissent ces violences depuis qu\u2019iels ont 11 ou 12 ans. \u00c7a engendre de la souffrance chez moi. Que faire quand tu comprends que ton fils est en d\u00e9crochage scolaire parce qu\u2019il a accumul\u00e9 trop de col\u00e8re \u00e0 cause des violences polici\u00e8res ? Faut prot\u00e9ger la sant\u00e9 mentale de ces enfants.<\/p>\n<blockquote class=\"abc__quote abc__quote--pullquote\" data-component=\"QuoteBlock\"><p>\u00ab Faut pas attendre que \u00e7a t\u2019arrive pour lutter ; on peut tou\u00b7tes jouer un r\u00f4le. \u00bb<\/p><\/blockquote>\n<p><strong>Le fait que des personnes \u00e0 qui \u00e7a n\u2019arrive pas normalement l&rsquo;aient vu ou v\u00e9cu a donc aussi un point positif\u2026<br \/>\n<\/strong>Bien s\u00fbr. Avec le collectif, on travaille aussi \u00e0 sensibiliser les personnes qui ne vivent pas les violences polici\u00e8res pour qu\u2019elles en soient conscientes. Faut pas attendre que \u00e7a t\u2019arrive pour lutter ; on peut tou\u00b7tes jouer un r\u00f4le. La soci\u00e9t\u00e9 c\u2019est nous, et c\u2019est \u00e0 nous de dire ce qui ne va pas.<\/p>\n<p><strong>Qu\u2019est-ce qui doit changer au sein de la police selon toi ?<br \/>\n<\/strong>Premi\u00e8rement, la formation : la police devrait conna\u00eetre l\u2019histoire de la <a href=\"https:\/\/www.vice.com\/fr\/topic\/colonisation\">colonisation<\/a> et des vagues d\u2019immigration de la Belgique. Si la police est raciste, c\u2019est peut-\u00eatre parce qu\u2019elle est ignorante. Nos communaut\u00e9s sont stigmatis\u00e9es et l\u2019Islam diabolis\u00e9. Je fais partie de la seconde g\u00e9n\u00e9ration et mes enfants sont de la troisi\u00e8me. Malgr\u00e9 \u00e7a, ils doivent toujours faire face \u00e0 ce probl\u00e8me. La police ne conna\u00eet pas notre identit\u00e9. Comment tu veux qu\u2019elle fasse son travail si elle ne sait rien de nous ? Faut \u00e9duquer et diffuser.<\/p>\n<blockquote class=\"abc__quote abc__quote--pullquote\" data-component=\"QuoteBlock\"><p>\u00ab En tant que mamans, l\u2019amour de nos enfants, c\u2019est ce qui nous permet d\u2019\u00eatre militantes. \u00bb<\/p><\/blockquote>\n<div class=\"abc__article_embed\" data-component=\"RelatedArticleBlock\">\n<div class=\"vice-card vice-card--light\">\n<div class=\"vice-card-image vice-card__vice-card-image\">\n<div class=\"vice-card-image__placeholder-image placeholder-image--16-9--sm placeholder-image--16-9--md placeholder-image--16-9--lg\">\n<div><picture class=\"responsive-image responsive-image--loaded lazyloader--loaded lazyloader--fadeIn\"><source srcset=\"https:\/\/video-images.vice.com\/articles\/60095f5541f08a00958d0745\/lede\/1611226966775-bruxelles-debordements-manifestation.jpeg?crop=1xw:1xh;center,center&amp;resize=700:* 1x, https:\/\/video-images.vice.com\/articles\/60095f5541f08a00958d0745\/lede\/1611226966775-bruxelles-debordements-manifestation.jpeg?crop=1xw:1xh;center,center&amp;resize=1400:* 2x\" media=\"(min-width: 1000px)\" \/><source srcset=\"https:\/\/video-images.vice.com\/articles\/60095f5541f08a00958d0745\/lede\/1611226966775-bruxelles-debordements-manifestation.jpeg?crop=1xw:1xh;center,center&amp;resize=400:* 1x, https:\/\/video-images.vice.com\/articles\/60095f5541f08a00958d0745\/lede\/1611226966775-bruxelles-debordements-manifestation.jpeg?crop=1xw:1xh;center,center&amp;resize=800:* 2x\" media=\"(min-width: 700px)\" \/><source srcset=\"https:\/\/video-images.vice.com\/articles\/60095f5541f08a00958d0745\/lede\/1611226966775-bruxelles-debordements-manifestation.jpeg?crop=1xw:1xh;center,center&amp;resize=200:* 1x, https:\/\/video-images.vice.com\/articles\/60095f5541f08a00958d0745\/lede\/1611226966775-bruxelles-debordements-manifestation.jpeg?crop=1xw:1xh;center,center&amp;resize=400:* 2x\" media=\"(min-width: 0px)\" \/><\/picture><\/div>\n<\/div>\n<\/div>\n<\/div>\n<\/div>\n<p><strong>Tu r\u00e9agis comment aux discours qui prennent la d\u00e9fense de la police en avan\u00e7ant le fait qu\u2019elle aussi est victime d\u2019agressions ?<br \/>\n<\/strong>Si la police respectait la loi afin de montrer l\u2019exemple \u00e0 la jeunesse, elle ne se ferait pas agresser. Et puis, j\u2019aurais une question \u00e0 poser \u00e0 ces gens qui prennent leur d\u00e9fense : si c\u2019\u00e9tait votre enfant qui vivait ces violences, comment feriez-vous pour le reconstruire ? Faut se mettre \u00e0 notre place pour comprendre la souffrance d\u2019une m\u00e8re qui voit ses enfants vriller, s\u2019accrocher aux consommations ou \u00eatre balay\u00e9\u00b7e dans l&rsquo;enseignement sp\u00e9cialis\u00e9 ou professionnel. En tant que mamans, l\u2019amour de nos enfants, c\u2019est ce qui nous permet d\u2019\u00eatre militantes. C\u2019est pour \u00e7a que j\u2019ai appel\u00e9 mon collectif comme \u00e7a.<\/p>\n<p><strong>Tu penses quoi du mouvement <\/strong><em><strong>Defund the police<\/strong><\/em><strong>?<br \/>\n<\/strong>Je suis pour une r\u00e9forme de la police et de la mani\u00e8re dont on la finance. Tout l\u2019argent part dans la r\u00e9pression et pas dans la pr\u00e9vention. On pr\u00e9f\u00e8re mettre des milliers d\u2019euros dans des cam\u00e9ras de surveillance que de permettre aux enfants de faire du sport dehors plut\u00f4t que de tra\u00eener dans la rue. C\u2019est l\u2019inverse qu\u2019il faut faire. Y\u2019a rien pour les gosses : t\u2019as vu ces vieux terrains \u00e0 Saint-Gilles ? On n\u2019investit pas et les asbl, l\u2019enseignement et les maisons de jeunes ne sont pas assez outill\u00e9es.<\/p>\n<p>Aujourd\u2019hui, on est oblig\u00e9\u00b7e de parler de violences polici\u00e8res, mais c\u2019est de pr\u00e9vention dans l&rsquo;enseignement et les maisons de jeunes que j\u2019aurais pr\u00e9f\u00e9r\u00e9 te parler. N\u2019oubliez pas que c\u2019est nous qui votons, qui payons des imp\u00f4ts, et donc qui payons la police aussi. Et \u00e7a m\u2019\u00e9nerve de payer une police qui tue nos enfants.<\/p>\n<p style=\"text-align: right;\"><a href=\"https:\/\/www.vice.com\/fr\/article\/epngae\/violences-policieres-sante-mentale-collectif-des-madres\">SOURCE<\/a><\/p>\n<\/div>\n<\/div>\n","protected":false},"excerpt":{"rendered":"<p>Quelle f\u00eate des m\u00e8res en 2021 ? Il est des sujets o\u00f9 seul le combat nous rend espoir pour nos enfants&#8230; C\u2019est pourquoi : A l\u2019occasion de la f\u00eate des m\u00e8res, ce dimanche 9 mai 2021, nous, le \u00ab Collectif des Madr\u00e9s \u00bb*\u00a0 invitons les habitant\u00b7e\u00b7s de Bruxelles et d\u2019ailleurs \u00e0 se joindre \u00e0 nous &#8230; <a title=\"Communiqu\u00e9 du \u00ab Collectif des Madr\u00e9s \u00bb\" class=\"read-more\" href=\"https:\/\/bruxelles-pantheres.be\/?p=4753\" aria-label=\"En savoir plus sur Communiqu\u00e9 du \u00ab Collectif des Madr\u00e9s \u00bb\">Lire la suite<\/a><\/p>\n","protected":false},"author":1,"featured_media":4574,"comment_status":"open","ping_status":"open","sticky":false,"template":"","format":"standard","meta":{"footnotes":""},"categories":[18,28,5],"tags":[455],"class_list":["post-4753","post","type-post","status-publish","format-standard","has-post-thumbnail","hentry","category-resistance-bruxelles","category-racismes","category-violence-policiere","tag-collectif-des-madres"],"_links":{"self":[{"href":"https:\/\/bruxelles-pantheres.be\/index.php?rest_route=\/wp\/v2\/posts\/4753","targetHints":{"allow":["GET"]}}],"collection":[{"href":"https:\/\/bruxelles-pantheres.be\/index.php?rest_route=\/wp\/v2\/posts"}],"about":[{"href":"https:\/\/bruxelles-pantheres.be\/index.php?rest_route=\/wp\/v2\/types\/post"}],"author":[{"embeddable":true,"href":"https:\/\/bruxelles-pantheres.be\/index.php?rest_route=\/wp\/v2\/users\/1"}],"replies":[{"embeddable":true,"href":"https:\/\/bruxelles-pantheres.be\/index.php?rest_route=%2Fwp%2Fv2%2Fcomments&post=4753"}],"version-history":[{"count":7,"href":"https:\/\/bruxelles-pantheres.be\/index.php?rest_route=\/wp\/v2\/posts\/4753\/revisions"}],"predecessor-version":[{"id":4765,"href":"https:\/\/bruxelles-pantheres.be\/index.php?rest_route=\/wp\/v2\/posts\/4753\/revisions\/4765"}],"wp:featuredmedia":[{"embeddable":true,"href":"https:\/\/bruxelles-pantheres.be\/index.php?rest_route=\/wp\/v2\/media\/4574"}],"wp:attachment":[{"href":"https:\/\/bruxelles-pantheres.be\/index.php?rest_route=%2Fwp%2Fv2%2Fmedia&parent=4753"}],"wp:term":[{"taxonomy":"category","embeddable":true,"href":"https:\/\/bruxelles-pantheres.be\/index.php?rest_route=%2Fwp%2Fv2%2Fcategories&post=4753"},{"taxonomy":"post_tag","embeddable":true,"href":"https:\/\/bruxelles-pantheres.be\/index.php?rest_route=%2Fwp%2Fv2%2Ftags&post=4753"}],"curies":[{"name":"wp","href":"https:\/\/api.w.org\/{rel}","templated":true}]}}