{"id":4762,"date":"2021-05-04T19:45:28","date_gmt":"2021-05-04T18:45:28","guid":{"rendered":"https:\/\/bruxelles-pantheres.be\/?p=4762"},"modified":"2021-05-04T19:53:32","modified_gmt":"2021-05-04T18:53:32","slug":"hommage-a-eerbetoon-aan-lamine-moise-bangoura","status":"publish","type":"post","link":"https:\/\/bruxelles-pantheres.be\/?p=4762","title":{"rendered":"Hommage \u00e0 \/ Eerbetoon aan Lamine Mo\u00efse Bangoura"},"content":{"rendered":"<div class=\"o9v6fnle cxmmr5t8 oygrvhab hcukyx3x c1et5uql\">Appel \u00e0 rassemblement : Hommage \u00e0 Lamine Mo\u00efse Bangoura tu\u00e9 par la police \u00e0 son domicile il y a tout juste 3 ans.<\/div>\n<div><\/div>\n<div>Oproep voor samenkomst als eerbetoon aan Lamine Mo\u00efse Bangoura, die 3 jaar<br \/>\ngeleden door de politie in zijn woning werd gedood.<\/div>\n<p><!--more--><\/p>\n<div><a href=\"https:\/\/bruxelles-pantheres.be\/wp-content\/uploads\/2021\/05\/181270171_2344745485655489_2659132941338584381_n.jpg\"><img decoding=\"async\" class=\"alignnone size-full wp-image-4766\" src=\"https:\/\/bruxelles-pantheres.be\/wp-content\/uploads\/2021\/05\/181270171_2344745485655489_2659132941338584381_n.jpg\" alt=\"\" width=\"1080\" height=\"1080\" srcset=\"https:\/\/bruxelles-pantheres.be\/wp-content\/uploads\/2021\/05\/181270171_2344745485655489_2659132941338584381_n.jpg 1080w, https:\/\/bruxelles-pantheres.be\/wp-content\/uploads\/2021\/05\/181270171_2344745485655489_2659132941338584381_n-300x300.jpg 300w, https:\/\/bruxelles-pantheres.be\/wp-content\/uploads\/2021\/05\/181270171_2344745485655489_2659132941338584381_n-1024x1024.jpg 1024w, https:\/\/bruxelles-pantheres.be\/wp-content\/uploads\/2021\/05\/181270171_2344745485655489_2659132941338584381_n-150x150.jpg 150w, https:\/\/bruxelles-pantheres.be\/wp-content\/uploads\/2021\/05\/181270171_2344745485655489_2659132941338584381_n-768x768.jpg 768w\" sizes=\"(max-width: 1080px) 100vw, 1080px\" \/><\/a><\/div>\n<div class=\"o9v6fnle cxmmr5t8 oygrvhab hcukyx3x c1et5uql\">FR<\/div>\n<div class=\"o9v6fnle cxmmr5t8 oygrvhab hcukyx3x c1et5uql\"><span class=\"pq6dq46d tbxw36s4 knj5qynh kvgmc6g5 ditlmg2l oygrvhab nvdbi5me sf5mxxl7 gl3lb2sf hhz5lgdu\"><img decoding=\"async\" src=\"https:\/\/static.xx.fbcdn.net\/images\/emoji.php\/v9\/t72\/1\/16\/1f538.png\" alt=\"\ud83d\udd38\" width=\"16\" height=\"16\" \/><\/span> Le 16 mars, la Chambre des Mises en accusation a d\u00e9cid\u00e9 de ne pas poursuivre les sept policiers et la polici\u00e8re impliqu\u00e9.es dans la mort de Lamine Bangoura, une d\u00e9cision qui leur \u00e9vite d\u2019avoir \u00e0 s\u2019expliquer devant le Tribunal correctionnel dans le cadre d\u2019une proc\u00e8s public. Face \u00e0 cette d\u00e9cision proprement scandaleuse, ce 09 mai 2021, nous nous<br \/>\nr\u00e9unissons dans l\u2019espace public pour exprimer notre solidarit\u00e9 avec la famille Bangoura dans son combat pour la v\u00e9rit\u00e9.<\/div>\n<div class=\"o9v6fnle cxmmr5t8 oygrvhab hcukyx3x c1et5uql\"><span class=\"pq6dq46d tbxw36s4 knj5qynh kvgmc6g5 ditlmg2l oygrvhab nvdbi5me sf5mxxl7 gl3lb2sf hhz5lgdu\"><img decoding=\"async\" src=\"https:\/\/static.xx.fbcdn.net\/images\/emoji.php\/v9\/t72\/1\/16\/1f538.png\" alt=\"\ud83d\udd38\" width=\"16\" height=\"16\" \/><\/span> Pour couvrir la police,le syst\u00e8me judiciaire ayant sali la victime en utilisant un narratif n\u00e9grophobe (\u00ab Lamine, une grande pi\u00e8ce d&rsquo;homme poussant des rugissements\u00bb), il importe ce 09 mai que nous nous r\u00e9unissions \u00e9galement pour rendre hommage \u00e0 la m\u00e9moire de Lamine Bangoura ainsi qu\u2019\u00e0 sa famille qui se bat pour la dignit\u00e9.<\/div>\n<div class=\"o9v6fnle cxmmr5t8 oygrvhab hcukyx3x c1et5uql\"><span class=\"pq6dq46d tbxw36s4 knj5qynh kvgmc6g5 ditlmg2l oygrvhab nvdbi5me sf5mxxl7 gl3lb2sf hhz5lgdu\"><img decoding=\"async\" src=\"https:\/\/static.xx.fbcdn.net\/images\/emoji.php\/v9\/t72\/1\/16\/1f538.png\" alt=\"\ud83d\udd38\" width=\"16\" height=\"16\" \/><\/span> Cet hommage public est d\u2019autant plus crucial que, trois ans apr\u00e8s son d\u00e9c\u00e8s, le corps de Lamine Bangoura n\u2019est toujours pas enterr\u00e9. De multiples blocages ont emp\u00each\u00e9 la famille Bangoura de r\u00e9cup\u00e9rer le corps de Lamine qui, \u00e0 l\u2019heure qu&rsquo;il est, g\u00eet toujours \u00e0 la morgue.<\/div>\n<div class=\"o9v6fnle cxmmr5t8 oygrvhab hcukyx3x c1et5uql\">Nous vous invitons chaleureusement \u00e0 vous joindre \u00e0 ce rassemblement d\u2019hommage <span class=\"pq6dq46d tbxw36s4 knj5qynh kvgmc6g5 ditlmg2l oygrvhab nvdbi5me sf5mxxl7 gl3lb2sf hhz5lgdu\"><img decoding=\"async\" src=\"https:\/\/static.xx.fbcdn.net\/images\/emoji.php\/v9\/t7e\/1\/16\/1f64f_1f3fe.png\" alt=\"\ud83d\ude4f\ud83c\udffe\" width=\"16\" height=\"16\" \/><\/span><\/div>\n<div class=\"o9v6fnle cxmmr5t8 oygrvhab hcukyx3x c1et5uql\"><span class=\"pq6dq46d tbxw36s4 knj5qynh kvgmc6g5 ditlmg2l oygrvhab nvdbi5me sf5mxxl7 gl3lb2sf hhz5lgdu\"><img decoding=\"async\" src=\"https:\/\/static.xx.fbcdn.net\/images\/emoji.php\/v9\/tac\/1\/16\/1f4cc.png\" alt=\"\ud83d\udccc\" width=\"16\" height=\"16\" \/><\/span><br \/>\nDate et horaire: le dimanche 09 mai, de 14h pr\u00e9cise \u00e0 15h30.<br \/>\nLieu: Place Lumumba, 1050 Ixelles (M\u00e9tro Porte de Namur)<\/div>\n<div class=\"o9v6fnle cxmmr5t8 oygrvhab hcukyx3x c1et5uql\"><span class=\"pq6dq46d tbxw36s4 knj5qynh kvgmc6g5 ditlmg2l oygrvhab nvdbi5me sf5mxxl7 gl3lb2sf hhz5lgdu\"><img decoding=\"async\" src=\"https:\/\/static.xx.fbcdn.net\/images\/emoji.php\/v9\/t9e\/1\/16\/27a1.png\" alt=\"\u27a1\ufe0f\" width=\"16\" height=\"16\" \/><\/span> Programme \u00e0 venir.<a href=\"https:\/\/www.facebook.com\/events\/215555827002862\">https:\/\/www.facebook.com\/events\/215555827002862<\/a><\/div>\n<div class=\"o9v6fnle cxmmr5t8 oygrvhab hcukyx3x c1et5uql\"><span class=\"pq6dq46d tbxw36s4 knj5qynh kvgmc6g5 ditlmg2l oygrvhab nvdbi5me sf5mxxl7 gl3lb2sf hhz5lgdu\"><img decoding=\"async\" src=\"https:\/\/static.xx.fbcdn.net\/images\/emoji.php\/v9\/t50\/1\/16\/2757.png\" alt=\"\u2757\" width=\"16\" height=\"16\" \/><\/span> Etant donn\u00e9es les restrictions Covid, nous vous demanderons de respecter<br \/>\nles r\u00e8gles de distanciation sociale ainsi que le port du masque.<\/div>\n<div class=\"o9v6fnle cxmmr5t8 oygrvhab hcukyx3x c1et5uql\"><\/div>\n<div class=\"o9v6fnle cxmmr5t8 oygrvhab hcukyx3x c1et5uql\">NL<\/div>\n<div class=\"o9v6fnle cxmmr5t8 oygrvhab hcukyx3x c1et5uql\">Oproep voor samenkomst als eerbetoon aan Lamine Mo\u00efse Bangoura, die 3 jaar<br \/>\ngeleden door de politie in zijn woning werd gedood.<\/div>\n<div class=\"o9v6fnle cxmmr5t8 oygrvhab hcukyx3x c1et5uql\"><span class=\"pq6dq46d tbxw36s4 knj5qynh kvgmc6g5 ditlmg2l oygrvhab nvdbi5me sf5mxxl7 gl3lb2sf hhz5lgdu\"><img decoding=\"async\" src=\"https:\/\/static.xx.fbcdn.net\/images\/emoji.php\/v9\/t72\/1\/16\/1f538.png\" alt=\"\ud83d\udd38\" width=\"16\" height=\"16\" \/><\/span> Op 16 maart heeft de Kamer van inbeschuldigingstelling besloten de zeven politieambtenaren die betrokken waren bij de dood van Lamine Bangoura niet te vervolgen, waardoor zij zich niet voor het Strafhof hoeven te verantwoorden in een openbaar proces. Omwille van dit schandalige besluit verzamelen wij ons op 9 mei 2021 in de openbare ruimte om onze solidariteit te betuigen met de familie Bangoura in hun strijd voor de waarheid.<\/div>\n<div class=\"o9v6fnle cxmmr5t8 oygrvhab hcukyx3x c1et5uql\"><span class=\"pq6dq46d tbxw36s4 knj5qynh kvgmc6g5 ditlmg2l oygrvhab nvdbi5me sf5mxxl7 gl3lb2sf hhz5lgdu\"><img decoding=\"async\" src=\"https:\/\/static.xx.fbcdn.net\/images\/emoji.php\/v9\/t72\/1\/16\/1f538.png\" alt=\"\ud83d\udd38\" width=\"16\" height=\"16\" \/><\/span> Om de politie in te dekken, werd het imago van het slachtoffer door justitie besmeurd met een negrofoob verhaal (\u00ab\u00a0Lamine, de grote brullende man\u00a0\u00bb). Daarom is het cruciaal dat wij op 9 mei ook samenkomen om hulde te brengen aan de nagedachtenis van Lamine Bangoura en aan zijn familie, die vecht voor waardigheid.<\/div>\n<div class=\"o9v6fnle cxmmr5t8 oygrvhab hcukyx3x c1et5uql\"><span class=\"pq6dq46d tbxw36s4 knj5qynh kvgmc6g5 ditlmg2l oygrvhab nvdbi5me sf5mxxl7 gl3lb2sf hhz5lgdu\"><img decoding=\"async\" src=\"https:\/\/static.xx.fbcdn.net\/images\/emoji.php\/v9\/t72\/1\/16\/1f538.png\" alt=\"\ud83d\udd38\" width=\"16\" height=\"16\" \/><\/span> Bovendien is dit publieke eerbetoon belangrijk omdat het lichaam van Lamine Bangoura drie jaar na zijn dood nog steeds in het mortuarium ligt. Verschillende obstructies tijdens het proces hebben de familie Bangoura er tot op vandaag van belet het lichaam van Lamine waardig te begraven.<\/div>\n<div class=\"o9v6fnle cxmmr5t8 oygrvhab hcukyx3x c1et5uql\">Wij nodigen u van harte uit om dit eerbetoon bij te wonen <span class=\"pq6dq46d tbxw36s4 knj5qynh kvgmc6g5 ditlmg2l oygrvhab nvdbi5me sf5mxxl7 gl3lb2sf hhz5lgdu\"><img decoding=\"async\" src=\"https:\/\/static.xx.fbcdn.net\/images\/emoji.php\/v9\/t7e\/1\/16\/1f64f_1f3fe.png\" alt=\"\ud83d\ude4f\ud83c\udffe\" width=\"16\" height=\"16\" \/><\/span><\/div>\n<div class=\"o9v6fnle cxmmr5t8 oygrvhab hcukyx3x c1et5uql\"><span class=\"pq6dq46d tbxw36s4 knj5qynh kvgmc6g5 ditlmg2l oygrvhab nvdbi5me sf5mxxl7 gl3lb2sf hhz5lgdu\"><img decoding=\"async\" src=\"https:\/\/static.xx.fbcdn.net\/images\/emoji.php\/v9\/tac\/1\/16\/1f4cc.png\" alt=\"\ud83d\udccc\" width=\"16\" height=\"16\" \/><\/span><br \/>\nWanneer? zondag 9 mei<br \/>\nvan 14.00 tot 15.30 uur<br \/>\nPlaats: Lumumbaplein, 1050 Elsene (Metro Porte de Namur).<\/div>\n<div class=\"o9v6fnle cxmmr5t8 oygrvhab hcukyx3x c1et5uql\"><span class=\"pq6dq46d tbxw36s4 knj5qynh kvgmc6g5 ditlmg2l oygrvhab nvdbi5me sf5mxxl7 gl3lb2sf hhz5lgdu\"><img decoding=\"async\" src=\"https:\/\/static.xx.fbcdn.net\/images\/emoji.php\/v9\/t9e\/1\/16\/27a1.png\" alt=\"\u27a1\ufe0f\" width=\"16\" height=\"16\" \/><\/span> Programma wordt in de loop van de week aangekondigd.<a href=\"https:\/\/www.facebook.com\/events\/215555827002862\">https:\/\/www.facebook.com\/events\/215555827002862<\/a><\/div>\n<div class=\"o9v6fnle cxmmr5t8 oygrvhab hcukyx3x c1et5uql\"><span class=\"pq6dq46d tbxw36s4 knj5qynh kvgmc6g5 ditlmg2l oygrvhab nvdbi5me sf5mxxl7 gl3lb2sf hhz5lgdu\"><img decoding=\"async\" src=\"https:\/\/static.xx.fbcdn.net\/images\/emoji.php\/v9\/t50\/1\/16\/2757.png\" alt=\"\u2757\" width=\"16\" height=\"16\" \/><\/span> Gezien de beperkingen van Covid, vragen wij u de regels van 1,5 meter afstand en het dragen van maskers te respecteren.<\/div>\n","protected":false},"excerpt":{"rendered":"<p>Appel \u00e0 rassemblement : Hommage \u00e0 Lamine Mo\u00efse Bangoura tu\u00e9 par la police \u00e0 son domicile il y a tout juste 3 ans. Oproep voor samenkomst als eerbetoon aan Lamine Mo\u00efse Bangoura, die 3 jaar geleden door de politie in zijn woning werd gedood.<\/p>\n","protected":false},"author":1,"featured_media":4763,"comment_status":"open","ping_status":"open","sticky":false,"template":"","format":"standard","meta":{"footnotes":""},"categories":[36,7,18,28,5],"tags":[441],"class_list":["post-4762","post","type-post","status-publish","format-standard","has-post-thumbnail","hentry","category-europe","category-negrophobie","category-resistance-bruxelles","category-racismes","category-violence-policiere","tag-lamine-bangoura"],"_links":{"self":[{"href":"https:\/\/bruxelles-pantheres.be\/index.php?rest_route=\/wp\/v2\/posts\/4762","targetHints":{"allow":["GET"]}}],"collection":[{"href":"https:\/\/bruxelles-pantheres.be\/index.php?rest_route=\/wp\/v2\/posts"}],"about":[{"href":"https:\/\/bruxelles-pantheres.be\/index.php?rest_route=\/wp\/v2\/types\/post"}],"author":[{"embeddable":true,"href":"https:\/\/bruxelles-pantheres.be\/index.php?rest_route=\/wp\/v2\/users\/1"}],"replies":[{"embeddable":true,"href":"https:\/\/bruxelles-pantheres.be\/index.php?rest_route=%2Fwp%2Fv2%2Fcomments&post=4762"}],"version-history":[{"count":2,"href":"https:\/\/bruxelles-pantheres.be\/index.php?rest_route=\/wp\/v2\/posts\/4762\/revisions"}],"predecessor-version":[{"id":4767,"href":"https:\/\/bruxelles-pantheres.be\/index.php?rest_route=\/wp\/v2\/posts\/4762\/revisions\/4767"}],"wp:featuredmedia":[{"embeddable":true,"href":"https:\/\/bruxelles-pantheres.be\/index.php?rest_route=\/wp\/v2\/media\/4763"}],"wp:attachment":[{"href":"https:\/\/bruxelles-pantheres.be\/index.php?rest_route=%2Fwp%2Fv2%2Fmedia&parent=4762"}],"wp:term":[{"taxonomy":"category","embeddable":true,"href":"https:\/\/bruxelles-pantheres.be\/index.php?rest_route=%2Fwp%2Fv2%2Fcategories&post=4762"},{"taxonomy":"post_tag","embeddable":true,"href":"https:\/\/bruxelles-pantheres.be\/index.php?rest_route=%2Fwp%2Fv2%2Ftags&post=4762"}],"curies":[{"name":"wp","href":"https:\/\/api.w.org\/{rel}","templated":true}]}}