{"id":4781,"date":"2021-05-12T18:17:53","date_gmt":"2021-05-12T17:17:53","guid":{"rendered":"https:\/\/bruxelles-pantheres.be\/?p=4781"},"modified":"2021-05-12T18:17:53","modified_gmt":"2021-05-12T17:17:53","slug":"penser-limpensable-hommage-a-maurice-rajsfus","status":"publish","type":"post","link":"https:\/\/bruxelles-pantheres.be\/?p=4781","title":{"rendered":"Penser l\u2019impensable \u2013 hommage \u00e0 Maurice Rajsfus"},"content":{"rendered":"<p>Par\u00a0Ari\u00e9 Alimi<\/p>\n<p>AVOCAT AU BARREAU DE PARIS<\/p>\n<div>\n<p>En 1995, Maurice Rajsfus, historien et \u00e9crivain sp\u00e9cialiste de la r\u00e9pression polici\u00e8re, rescap\u00e9 de la Shoah et militant, disparu en juin dernier, publiait\u00a0<i>La Police de Vichy<\/i>. Ce livre important repara\u00eet aujourd\u2019hui, et si l\u2019avocat Ari\u00e9 Alimi a accept\u00e9 d\u2019en r\u00e9diger cette pr\u00e9face, c\u2019est parce que ce travail doit permettre d\u2019inspirer tant les historiens du temps pr\u00e9sent que les d\u00e9fenseurs des droits humains, les policiers et ceux qui aspirent \u00e0 des fonctions administratives ou politiques.<\/p>\n<\/div>\n<p><!--more--><\/p>\n<div class=\"gs\">\n<div class=\"\">\n<div id=\":1x5\" class=\"ii gt\">\n<div id=\":1f1\" class=\"a3s aiL \">\n<div dir=\"ltr\">\n<div>\n<div>\n<p><a href=\"https:\/\/bruxelles-pantheres.be\/wp-content\/uploads\/2021\/05\/61YE8p6hIOL.jpg\"><img decoding=\"async\" class=\"size-full wp-image-4782 aligncenter\" src=\"https:\/\/bruxelles-pantheres.be\/wp-content\/uploads\/2021\/05\/61YE8p6hIOL.jpg\" alt=\"\" width=\"800\" height=\"1247\" srcset=\"https:\/\/bruxelles-pantheres.be\/wp-content\/uploads\/2021\/05\/61YE8p6hIOL.jpg 800w, https:\/\/bruxelles-pantheres.be\/wp-content\/uploads\/2021\/05\/61YE8p6hIOL-192x300.jpg 192w, https:\/\/bruxelles-pantheres.be\/wp-content\/uploads\/2021\/05\/61YE8p6hIOL-657x1024.jpg 657w, https:\/\/bruxelles-pantheres.be\/wp-content\/uploads\/2021\/05\/61YE8p6hIOL-768x1197.jpg 768w\" sizes=\"(max-width: 800px) 100vw, 800px\" \/><\/a><\/p>\n<p>Penser l\u2019impensable. T\u00e9moigner de l\u2019\u00ab int\u00e9moignable \u00bb. Ce sont l\u00e0 les apories auxquelles tous ceux qui ont \u00e9crit et v\u00e9cu la Shoah ont d\u00fb se confronter. Cet impensable qui serait demeur\u00e9 un impens\u00e9 si Maurice Rajsfus, \u00e0 l\u2019instar de tous ceux qui ont souhait\u00e9 t\u00e9moigner ou transmettre aux g\u00e9n\u00e9rations futures, n\u2019avait pas consacr\u00e9 le temps d\u2019une vie \u00e0 rendre compte de cette p\u00e9riode. Parce qu\u2019avant m\u00eame la Lib\u00e9ration, les m\u00e9canismes de dissimulation et de r\u00e9\u00e9criture de l\u2019histoire sont d\u00e9j\u00e0 \u00e0 l\u2019\u0153uvre et se poursuivront, afin de permettre la continuit\u00e9 de l\u2019\u00c9tat fran\u00e7ais et de l\u2019ordre public. Car qu\u2019est-ce qui justifie autrement d\u2019emp\u00eacher l\u2019acc\u00e8s des documents d\u2019archives, quand il s\u2019agit de comprendre le fonctionnement d\u2019un g\u00e9nocide ?<\/p>\n<p>Le travail historique de Maurice Rajsfus n\u2019est pas celui du simple t\u00e9moin (dont les parents ont \u00e9t\u00e9 rafl\u00e9s et parqu\u00e9s au V\u00e9l\u2019 d\u2019Hiv), qui devra sa survie au sort de l\u2019\u00e2ge et qui ne reverra jamais ses parents d\u00e9port\u00e9s. Il est celui du t\u00e9moin qui d\u00e9cide d\u2019endosser le costume d\u2019historien du temps d\u2019apr\u00e8s. Avec la distance que requiert le travail de l\u2019historien. Malgr\u00e9 la douleur probablement permanente de devoir revivre au travers des fiches d\u2019archives les funestes moments de son enfance. Et pourtant, ce travail historique est pr\u00e9cis. Chaque conclusion est fond\u00e9e par un document d\u2019archives permettant d\u2019asseoir une rigueur scientifique.<\/p>\n<p>Certes, Maurice Rajsfus n\u2019avait pas fait d\u2019\u00e9tudes d\u2019histoire et n\u2019\u00e9tait pas pass\u00e9 par le moule acad\u00e9mique de l\u2019historien. Mais qu\u2019importe, si le travail final ne souffre que peu de critiques. En particulier quand, au moment de sa premi\u00e8re\u00a0\u00e9dition, aucune th\u00e8se d\u2019histoire n\u2019a encore \u00e9t\u00e9 consacr\u00e9e \u00e0 la police de Vichy. Alors m\u00eame que le mat\u00e9riel historique, les archives et la documentation sont mis sous le sceau du secret par un \u00c9tat qui tente de prot\u00e9ger ceux qui ont particip\u00e9 et qui sont rest\u00e9s dans son ventre. Comme ce fut encore le cas avec le g\u00e9nocide rwandais, qui n\u2019a pas encore livr\u00e9 tous les aspects de la responsabilit\u00e9 de l\u2019\u00c9tat fran\u00e7ais dans le massacre des Tutsis \u2013 un \u00c9tat dont la doctrine officielle est celle de la parenth\u00e8se de Vichy et d\u2019une France qui s\u2019est r\u00e9fugi\u00e9e \u00e0 Londres.<\/p>\n<p>Si le titre du livre pourrait laisser penser que c\u2019est aussi l\u2019option de l\u2019auteur, ses recherches, son d\u00e9veloppement et son action militante contre les exactions de la police tout au long de sa vie, permettent de penser le contraire. Bien s\u00fbr, l\u2019Administration polici\u00e8re pendant toute la p\u00e9riode de l\u2019Occupation vivait sous la pression militaire de l\u2019Occupant. Pourtant, la volont\u00e9 d\u2019ind\u00e9pendance de cette administration \u00e0 l\u2019\u00e9gard de ce dernier ressort des archives exhum\u00e9es : une volont\u00e9 d\u2019ind\u00e9pendance qui se traduit, non pas par le souhait de prendre le contre-pied de l\u2019Occupant, mais bien de lui d\u00e9montrer qu\u2019elle est en mesure de l\u2019anticiper.<\/p>\n<p>Ce souci d\u2019efficacit\u00e9 justifiera la cr\u00e9ation, \u00e0 l\u2019initiative de l\u2019amiral Darlan, ministre de l\u2019Int\u00e9rieur, d\u2019une police nationale centralis\u00e9e sous l\u2019\u00e9gide d\u2019une Direction g\u00e9n\u00e9rale de la police nationale par la loi du 23 avril 1941. Et c\u2019est cette m\u00eame structure qui subsiste aujourd\u2019hui\u2026<\/p>\n<p>Les arrestations et les d\u00e9portations des Juifs \u00e9trangers, des r\u00e9fugi\u00e9s, puis des r\u00e9sistants, s\u2019\u00e9tablissent alors sur une structure administrative pointilleuse et implacable, d\u00e9passant souvent les objectifs nazis. La r\u00e9pression polici\u00e8re, plus importante en zone \u00ab libre \u00bb qu\u2019en zone occup\u00e9e, en est un exemple. La rafle du V\u00e9l\u2019 d\u2019Hiv en est un autre ; \u00e9loquent tant l\u2019ing\u00e9niosit\u00e9 logistique, l\u2019\u00e9nergie et les forces polici\u00e8res ont \u00e9t\u00e9 d\u00e9ploy\u00e9es pour permettre le plus grand nombre d\u2019arrestations et pour faciliter les d\u00e9portations dans les camps d\u2019extermination. M\u00eame la volont\u00e9 du r\u00e9gime de Vichy d\u2019emp\u00eacher les arrestations et la d\u00e9portation des Juifs fran\u00e7ais appara\u00eet non pas comme une d\u00e9marche humanitaire, mais plut\u00f4t comme le souhait de conserver un semblant de souverainet\u00e9.<\/p>\n<blockquote><p>Un autre impensable surgit\u00a0: celui de savoir si les structures et les m\u00e9canismes de cette histoire peuvent \u00eatre transpos\u00e9s au temps pr\u00e9sent.<\/p><\/blockquote>\n<p>L\u2019impensable, ce n\u2019est pas seulement le fait d\u2019une machine administrative d\u00e9shumanis\u00e9e qui mettra en place sous l\u2019impulsion de l\u2019Occupant, la d\u00e9portation de 250 000 personnes, dont 76 000 Juifs. L\u2019impensable, ce sont ces hommes, du simple gardien de la paix au plus haut fonctionnaire, qui ont servi un \u00c9tat d\u00e9mocratique, et qui, presque du jour au lendemain, ont commenc\u00e9 \u00e0 coop\u00e9rer et \u00e0 servir avec empressement l\u2019Occupant afin d\u2019arr\u00eater et de d\u00e9porter des Juifs (adultes, personnes \u00e2g\u00e9es, malades et m\u00eame enfants), uniquement parce qu\u2019ils \u00e9taient juifs.<\/p>\n<p>Ainsi appara\u00eet la figure de Ren\u00e9 Bousquet, jeune technocrate brillant qui deviendra secr\u00e9taire g\u00e9n\u00e9ral \u00e0 la police, affichant sa grande proximit\u00e9 avec ses homologues nazis, et qui dirigera la collaboration z\u00e9l\u00e9e de la police fran\u00e7aise avec la Gestapo, dans les arrestations et la d\u00e9portation. Le m\u00eame Bousquet qui h\u00e2tera la d\u00e9portation des enfants juifs avec leurs parents. C\u2019est cela la banalit\u00e9 du mal si bien d\u00e9crit par Hannah Arendt, lors du proc\u00e8s de Eichmann \u00e0 J\u00e9rusalem.<\/p>\n<p>Un autre impensable surgit \u00e0 la fin de la lecture de\u00a0<em>La Police de Vichy\u00a0<\/em>: celui de savoir si les structures et les m\u00e9canismes de cette histoire peuvent \u00eatre transpos\u00e9s au temps pr\u00e9sent. Impensable car la singularit\u00e9 de la Shoah s\u2019oppose \u00e0 sa banalisation, que des comparaisons h\u00e2tives et malvenues pourraient provoquer. \u00c0 tel point que des outils discursifs, tel le point Godwin, sont venus sacraliser cette p\u00e9riode pour en interdire l\u2019usage comparatif.<\/p>\n<p>Pour autant, le devoir de m\u00e9moire et l\u2019imp\u00e9ratif du t\u00e9moignage mis en exergue par Primo Levi, exigent de ne pas enfermer l\u2019histoire de Vichy et de sa police dans un mus\u00e9e. Et si comparaison n\u2019est pas raison, le travail de Maurice Rajsfus sur le fonctionnement de l\u2019administration polici\u00e8re doit permettre d\u2019inspirer tant les historiens du temps pr\u00e9sent que les d\u00e9fenseurs des droits humains, les policiers et ceux qui aspirent \u00e0 des fonctions administratives ou politiques. Comme il a probablement motiv\u00e9 son propre engagement contre les violences polici\u00e8res et sa r\u00e9flexion sur leur caract\u00e8re syst\u00e9mique.<\/p>\n<p>C\u2019est encore lui qui le dit si bien : \u00ab Finalement, la police n\u2019a jamais vari\u00e9 dans sa nature profonde, et les policiers \u201cr\u00e9publicains\u201d, issus de la R\u00e9sistance, ne furent jamais que l\u2019apparence d\u2019une r\u00e9alit\u00e9 trompeuse. \u00bb<\/p>\n<p>Ainsi ce travail de recherche r\u00e9v\u00e8le plusieurs structures inh\u00e9rentes \u00e0 l\u2019administration polici\u00e8re qui peuvent \u00eatre utilis\u00e9es pour comprendre la police fran\u00e7aise contemporaine. D\u2019abord le double degr\u00e9 de responsabilit\u00e9. Une responsabilit\u00e9 hi\u00e9rarchique, qui r\u00e9v\u00e8le une forme d\u2019autonomie de l\u2019administration polici\u00e8re ; v\u00e9ritable pouvoir \u00e0 part enti\u00e8re, dont la logique et les int\u00e9r\u00eats internes conduisent \u00e0 faire pression sur un gouvernement et \u00e0 justifier de son fonctionnement par une anticipation des volont\u00e9s du gouvernant. Une responsabilit\u00e9 encore hi\u00e9rarchique dans l\u2019organisation administrative d\u2019un processus de violence d\u00e9corr\u00e9l\u00e9 d\u2019humanit\u00e9 et qui repose sur le dogme de l\u2019ob\u00e9issance des ex\u00e9cutants.<\/p>\n<p>Mais \u00e9galement une responsabilit\u00e9 individuelle de chaque policier dont le libre arbitre, m\u00fb par une conscience humaine, devrait l\u2019amener \u00e0 refuser les ordres manifestement criminels et qui le conduisent trop souvent \u00e0 aller au-del\u00e0 de la volont\u00e9 hi\u00e9rarchique. Parce que l\u2019ob\u00e9issance ne suffit pas \u00e0 expliquer le geste d\u2019un policier qui, \u00e0 d\u00e9faut d\u2019avoir arr\u00eat\u00e9 suffisamment de Juifs \u00e9trangers, s\u2019en va compl\u00e9ter sa liste al\u00e9atoirement. Seule la cruaut\u00e9 peut l\u2019expliquer.<\/p>\n<blockquote><p>Les corps gardent la m\u00e9moire de leurs formations et de leurs postures pass\u00e9es : celui de la police est difforme.<\/p><\/blockquote>\n<p>Cynisme, ob\u00e9issance et cruaut\u00e9 sont ces mots qui ne d\u00e9finissent pas seulement la police de Vichy, mais plus g\u00e9n\u00e9ralement la police dans son exercice contemporain et quotidien.\u00a0Quand on songe aujourd\u2019hui aux maltraitances subies par les personnes migrantes \u00e0 Calais, r\u00e9veill\u00e9es en pleine nuit, leurs tentes lac\u00e9r\u00e9es et leur eau quelques fois m\u00e9lang\u00e9e \u00e0 du gaz lacrymog\u00e8ne pour les emp\u00eacher de boire. Une ob\u00e9issance aux ordres de dispersion coupl\u00e9e \u00e0 un geste de cruaut\u00e9 individuelle.<\/p>\n<p>Ob\u00e9issance et cruaut\u00e9 \u00e0 l\u2019\u00e9gard des manifestants tu\u00e9s, \u00e9borgn\u00e9s, mutil\u00e9s par des armes pourtant en dotation, mais dont l\u2019usage aberrant fait parfois songer \u00e0 des jeux de guerre auxquels leurs auteurs se pr\u00eatent. Ob\u00e9issance et cruaut\u00e9 dans l\u2019exercice de gestes d\u2019\u00e9tranglement ou de\u00a0plaquage ventral, trop souvent utilis\u00e9s contre des personnes issues de l\u2019immigration, et dont beaucoup sont morts \u00e0 l\u2019issue d\u2019un contr\u00f4le d\u2019identit\u00e9 au faci\u00e8s.<\/p>\n<p>La police fran\u00e7aise n\u2019est pas la police de Vichy, mais l\u2019\u00e9puration n\u2019a \u00e9t\u00e9 que tr\u00e8s partielle. Les hommes sont rest\u00e9s. Malgr\u00e9 les simulacres de gr\u00e8ve g\u00e9n\u00e9rale \u00e0 l\u2019approche de la Lib\u00e9ration. Malgr\u00e9 les quelques r\u00e9sistants tardifs au sein de la police. Ceux qui avaient contribu\u00e9 \u00e0 l\u2019assassinat de Juifs ont continu\u00e9 leur travail sous de Gaulle : jetant des Alg\u00e9riens dans la Seine, en 1961 ; \u00e9crasant des militants anticolonialistes sur les grilles du m\u00e9tro Charonne, en 1962. Les corps gardent la m\u00e9moire de leurs formations et de leurs postures pass\u00e9es. Celui de la police est difforme. Et cette difformit\u00e9 se perp\u00e9tue encore aujourd\u2019hui, au risque de le voir \u00e0 nouveau commettre l\u2019impensable.<\/p>\n<p>L\u2019abn\u00e9gation et le courage du travail et de la vie de Maurice Rajsfus doivent servir \u00e0 penser l\u2019impensable. Non seulement pour le transmettre aux g\u00e9n\u00e9rations futures, mais surtout pour que plus jamais, un enfant n\u2019entende au petit matin, toquer des policiers \u00e0 la porte de l\u2019appartement familial, et voir ses parents partir dans les fum\u00e9es de l\u2019horreur humaine.<\/p>\n<p>Les derniers mots de Maurice Rajsfus, plus vivants que jamais, r\u00e9sonnent dans une \u00e9poque o\u00f9 tous les possibles, surtout les pires, peuvent advenir : \u00ab Nous en sommes r\u00e9guli\u00e8rement les t\u00e9moins lorsque les institutions c\u00e8dent \u00e0 la tentation totalitaire et qu\u2019il para\u00eet n\u00e9cessaire de donner l\u2019illusion d\u2019une soci\u00e9t\u00e9 lib\u00e9rale \u00e0 une population persuad\u00e9e que la France dispose toujours d\u2019une police d\u00e9mocratique. \u00bb<\/p>\n<p><em>NDLR : Ce texte est la pr\u00e9face in\u00e9dite de l\u2019ouvrage de Maurice Rajsfus,\u00a0<\/em>La Police de Vichy. Les forces de l\u2019ordre fran\u00e7aises au service de la Gestapo (1940-1944)\u00a0<em>\u00e0 para\u00eetre dans quelques jours aux \u00c9ditions du D\u00e9tour.<\/em><\/p>\n<div>\n<p><a href=\"https:\/\/aoc.media\/auteur\/arie-alimi\/\" target=\"_blank\" rel=\"noopener\" data-saferedirecturl=\"https:\/\/www.google.com\/url?q=https:\/\/aoc.media\/auteur\/arie-alimi\/&amp;source=gmail&amp;ust=1620923938307000&amp;usg=AFQjCNFFLxvSLTpkEEKdA7mhXu2VVDUkqg\">Ari\u00e9 Alimi<\/a><\/p>\n<p>AVOCAT AU BARREAU DE PARIS, SP\u00c9CIALIS\u00c9 EN DROIT P\u00c9NAL ET LIBERT\u00c9S PUBLIQUES, MEMBRE DU COMIT\u00c9 CENTRAL DE LA LDH<\/p>\n<\/div>\n<\/div>\n<\/div>\n<div dir=\"ltr\" data-smartmail=\"gmail_signature\">\n<div dir=\"ltr\">\n<div>\n<div dir=\"ltr\">\n<div>\n<div dir=\"ltr\">\n<div>\n<div dir=\"ltr\">\n<div>\n<div dir=\"ltr\">\n<div>\n<div dir=\"ltr\">\n<div>\n<div dir=\"ltr\">\n<div>\n<div dir=\"ltr\">\n<div>\n<div dir=\"ltr\">\n<div>\n<div dir=\"ltr\">\n<div>\n<div dir=\"ltr\">\n<div>\n<div dir=\"ltr\">\n<div>\n<div dir=\"ltr\">\n<div>\n<div dir=\"ltr\">\n<div>\n<div dir=\"ltr\">\n<div>\n<div dir=\"ltr\">\n<div dir=\"ltr\">\n<div dir=\"ltr\">\n<div dir=\"ltr\">\n<div dir=\"ltr\">\n<div dir=\"ltr\">\n<div>\n<div><\/div>\n<div><\/div>\n<p><i><\/i><\/div>\n<\/div>\n<\/div>\n<\/div>\n<\/div>\n<\/div>\n<\/div>\n<\/div>\n<\/div>\n<\/div>\n<\/div>\n<\/div>\n<\/div>\n<\/div>\n<\/div>\n<\/div>\n<\/div>\n<\/div>\n<\/div>\n<\/div>\n<\/div>\n<\/div>\n<\/div>\n<\/div>\n<\/div>\n<\/div>\n<\/div>\n<\/div>\n<\/div>\n<\/div>\n<\/div>\n<\/div>\n<\/div>\n<\/div>\n<\/div>\n<\/div>\n<\/div>\n<\/div>\n<\/div>\n<div class=\"yj6qo\"><\/div>\n<div class=\"adL\"><\/div>\n<\/div>\n<\/div>\n<div class=\"hi\"><\/div>\n<\/div>\n<\/div>\n","protected":false},"excerpt":{"rendered":"<p>Par\u00a0Ari\u00e9 Alimi AVOCAT AU BARREAU DE PARIS En 1995, Maurice Rajsfus, historien et \u00e9crivain sp\u00e9cialiste de la r\u00e9pression polici\u00e8re, rescap\u00e9 de la Shoah et militant, disparu en juin dernier, publiait\u00a0La Police de Vichy. Ce livre important repara\u00eet aujourd\u2019hui, et si l\u2019avocat Ari\u00e9 Alimi a accept\u00e9 d\u2019en r\u00e9diger cette pr\u00e9face, c\u2019est parce que ce travail doit &#8230; <a title=\"Penser l\u2019impensable \u2013 hommage \u00e0 Maurice Rajsfus\" class=\"read-more\" href=\"https:\/\/bruxelles-pantheres.be\/?p=4781\" aria-label=\"En savoir plus sur Penser l\u2019impensable \u2013 hommage \u00e0 Maurice Rajsfus\">Lire la suite<\/a><\/p>\n","protected":false},"author":1,"featured_media":4783,"comment_status":"open","ping_status":"open","sticky":false,"template":"","format":"standard","meta":{"footnotes":""},"categories":[36,28,5],"tags":[457],"class_list":["post-4781","post","type-post","status-publish","format-standard","has-post-thumbnail","hentry","category-europe","category-racismes","category-violence-policiere","tag-maurice-rajsfus"],"_links":{"self":[{"href":"https:\/\/bruxelles-pantheres.be\/index.php?rest_route=\/wp\/v2\/posts\/4781","targetHints":{"allow":["GET"]}}],"collection":[{"href":"https:\/\/bruxelles-pantheres.be\/index.php?rest_route=\/wp\/v2\/posts"}],"about":[{"href":"https:\/\/bruxelles-pantheres.be\/index.php?rest_route=\/wp\/v2\/types\/post"}],"author":[{"embeddable":true,"href":"https:\/\/bruxelles-pantheres.be\/index.php?rest_route=\/wp\/v2\/users\/1"}],"replies":[{"embeddable":true,"href":"https:\/\/bruxelles-pantheres.be\/index.php?rest_route=%2Fwp%2Fv2%2Fcomments&post=4781"}],"version-history":[{"count":1,"href":"https:\/\/bruxelles-pantheres.be\/index.php?rest_route=\/wp\/v2\/posts\/4781\/revisions"}],"predecessor-version":[{"id":4784,"href":"https:\/\/bruxelles-pantheres.be\/index.php?rest_route=\/wp\/v2\/posts\/4781\/revisions\/4784"}],"wp:featuredmedia":[{"embeddable":true,"href":"https:\/\/bruxelles-pantheres.be\/index.php?rest_route=\/wp\/v2\/media\/4783"}],"wp:attachment":[{"href":"https:\/\/bruxelles-pantheres.be\/index.php?rest_route=%2Fwp%2Fv2%2Fmedia&parent=4781"}],"wp:term":[{"taxonomy":"category","embeddable":true,"href":"https:\/\/bruxelles-pantheres.be\/index.php?rest_route=%2Fwp%2Fv2%2Fcategories&post=4781"},{"taxonomy":"post_tag","embeddable":true,"href":"https:\/\/bruxelles-pantheres.be\/index.php?rest_route=%2Fwp%2Fv2%2Ftags&post=4781"}],"curies":[{"name":"wp","href":"https:\/\/api.w.org\/{rel}","templated":true}]}}