{"id":4789,"date":"2021-05-12T18:36:27","date_gmt":"2021-05-12T17:36:27","guid":{"rendered":"https:\/\/bruxelles-pantheres.be\/?p=4789"},"modified":"2021-05-12T18:36:27","modified_gmt":"2021-05-12T17:36:27","slug":"la-palestine-compte-sur-nous-montrons-lui-quelle-compte-pour-nous","status":"publish","type":"post","link":"https:\/\/bruxelles-pantheres.be\/?p=4789","title":{"rendered":"La Palestine compte sur nous, montrons-lui qu\u2019elle compte pour nous"},"content":{"rendered":"<div class=\"entry-content\">\n<p class=\"selectionShareable\">Depuis deux semaines environ, des \u00e9v\u00e8nements douloureux se d\u00e9roulent en Palestine ou plut\u00f4t s\u2019ajoutent \u00e0 cette longue trag\u00e9die coloniale. D\u2019une part, les Palestiniens subissent les attaques r\u00e9p\u00e9t\u00e9es des colons en armes dans le quartier de Cheikh Jarrah, \u00e0 J\u00e9rusalem-est, d\u2019autre part, depuis quelques jours aux alentours de l\u2019esplanade des mosqu\u00e9es, ces m\u00eames Palestiniens subissent les exactions de la soldatesque isra\u00e9lienne qui tente de limiter leur acc\u00e8s aux lieux saints \u00e0 l\u2019occasion des derniers jours du Ramadan. Tout d\u2019abord, dans le quartier de Cheikh Jarrah en p\u00e9riph\u00e9rie de J\u00e9rusalem o\u00f9 quatre familles palestiniennes sont menac\u00e9es purement et simplement d\u2019expulsion de leurs maisons dans lesquelles elles vivent depuis 1956. En fait, \u00e0 l\u2019origine, vingt-huit puis par la suite soixante-dix familles de r\u00e9fugi\u00e9s palestiniens chass\u00e9s de leurs terres lors de la Nakba de 1948 avaient trouv\u00e9 refuge dans ce quartier \u00e0 partir de 1956, du temps o\u00f9 la Jordanie administrait ce territoire. De plus, les terrains sur lesquels elles ont b\u00e2ti leurs maisons leur avaient \u00e9t\u00e9 octroy\u00e9s par le gouvernement jordanien avec l\u2019aide de l\u2019UNRWWA. Apr\u00e8s que les Isra\u00e9liens ont envahi J\u00e9rusalem-est (la vieille ville arabe) \u00e0 l\u2019occasion de la guerre de juin 67, des colons ont miraculeusement trouv\u00e9 des titres de propri\u00e9t\u00e9 attestant que ces terrains leur appartenaient. L\u2019affaire en \u00e9tait rest\u00e9e l\u00e0 jusqu\u2019\u00e0 ces derniers jours, fin d\u2019un tr\u00e8s long marathon judiciaire. En effet, demain la cour supr\u00eame de justice isra\u00e9lienne devait rendre son verdict d\u00e9finitif concernant ces quatre familles en litige depuis les ann\u00e9es 70. On retient son souffle.<\/p>\n<\/div>\n<p><!--more--><\/p>\n<p><img decoding=\"async\" class=\"attachment-pixelwars_theme_image_size_2 size-pixelwars_theme_image_size_2 wp-post-image aligncenter\" title=\"\" src=\"https:\/\/qgdecolonial.fr\/wp-content\/uploads\/2021\/05\/Jerusalem.jpg\" sizes=\"(max-width: 1000px) 100vw, 1000px\" srcset=\"https:\/\/qgdecolonial.fr\/wp-content\/uploads\/2021\/05\/Jerusalem.jpg 1000w, https:\/\/qgdecolonial.fr\/wp-content\/uploads\/2021\/05\/Jerusalem-300x150.jpg 300w, https:\/\/qgdecolonial.fr\/wp-content\/uploads\/2021\/05\/Jerusalem-768x384.jpg 768w, https:\/\/qgdecolonial.fr\/wp-content\/uploads\/2021\/05\/Jerusalem-500x250.jpg 500w\" alt=\"Edito #17 \u2013 La Palestine compte sur nous, montrons-lui qu\u2019elle compte pour nous\" width=\"1000\" height=\"500\" \/><\/p>\n<p class=\"selectionShareable\">La situation est d\u2019autant plus tendue qu\u2019\u00e0 J\u00e9rusalem-centre les pressions isra\u00e9liennes sur les lieux saints, les provocations et les agressions des colons sont constantes. L\u2019arm\u00e9e et la police entendent y r\u00e9gir le moindre mouvement de Palestiniens pour bien souligner qu\u2019ils sont les ma\u00eetres des lieux. C\u2019est ce qui s\u2019est encore pass\u00e9 \u00e0 l\u2019occasion du dernier vendredi de Ramadan et de la nuit du Destin. Pr\u00e8s de 90 000 fid\u00e8les musulmans palestiniens entendaient se rendre \u00e0 la mosqu\u00e9e d\u2019Al Aqsa pour y prier. Les tirs de la police coloniale ont fait pr\u00e8s de 187 bless\u00e9s parmi les Palestiniens dont des dizaines ont \u00e9t\u00e9 hospitalis\u00e9s. La situation y est explosive car depuis de nombreuses ann\u00e9es des fanatiques sionistes expriment r\u00e9guli\u00e8rement leur intention de d\u00e9truire la mosqu\u00e9e d\u2019Al Aqsa pour y reb\u00e2tir, disent-ils, le temple de Salomon. Comme pour les encourager, le gouvernement isra\u00e9lien sous pr\u00e9texte de fouilles arch\u00e9ologiques transforme peu \u00e0 peu en morceau de gruy\u00e8re le sous-sol de l\u2019esplanade des mosqu\u00e9es mena\u00e7ant la stabilit\u00e9 de celle-ci qui risque l\u2019effondrement.<\/p>\n<p class=\"selectionShareable\">C\u2019est pourquoi aux derni\u00e8res nouvelles, Netanyahou a demand\u00e9 le report de la d\u00e9cision judiciaire concernant les familles de Cheikh Jarrah. A cela trois bonnes raisons. D\u2019une part du c\u00f4t\u00e9 des Etats-Unis, il semble que Joe Biden (et la d\u00e9put\u00e9 Alexandria Ocasio-Cortez) ait commenc\u00e9 \u00e0 r\u00e9agir de fa\u00e7on d\u00e9favorable \u00e0 Isra\u00ebl en prenant position pour les familles palestiniennes, reconnaissant dans un tweet qu\u2019elles avaient le droit de continuer \u00e0 vivre dans ce quartier. Ensuite Rupert Colville, porte-parole du Haut-Commissariat de l\u2019ONU aux droits de l\u2019homme, lors d\u2019un point de presse r\u00e9gulier \u00e0 Gen\u00e8ve a publiquement rappel\u00e9 \u00e0 Isra\u00ebl que la possible expulsion des familles palestiniennes dans un territoire occup\u00e9 comme J\u00e9rusalem-est constitue un crime de guerre selon la d\u00e9finition de l\u2019ONU. Enfin, la situation en Cisjordanie sur fond de grave crise politique (depuis l\u2019annulation des \u00e9lections par Mahmoud Abbas) est elle aussi en train de s\u2019aggraver avec trois nouveaux d\u00e9c\u00e8s de Palestiniens tu\u00e9s par l\u2019arm\u00e9e ces derniers jours. Trois bonnes raisons qui font craindre \u00e0 Netanyahou une relance de l\u2019intifada d\u2019Al Qods.<\/p>\n<p class=\"selectionShareable\">Le plus scandaleux dans tout cela demeure l\u2019attitude des r\u00e9gimes arabes et de l\u2019Union Europ\u00e9enne. Chez les premiers, mis \u00e0 part la Jordanie qui a r\u00e9agi car officiellement en charge de la protection des lieux saints musulmans, le silence des capitales arabes est absolumentassourdissant. Un \u00e9v\u00e8nement sur la plan\u00e8te Mars aurait chez eux plus d\u2019importance. Ainsi aucune r\u00e9union de la ligue arabe n\u2019est pr\u00e9vue. De m\u00eame la demande palestinienne de r\u00e9union du conseil de s\u00e9curit\u00e9 qui pour l\u2019instant n\u2019a re\u00e7u aucune r\u00e9ponse favorable n\u2019est m\u00eame pas appuy\u00e9e par la Ligue arabe. Quant \u00e0 l\u2019Europe, on peut lui d\u00e9cerner le pompon du cynisme puisque si celle-ci s\u2019est bien fendue d\u2019un communiqu\u00e9, celui-ci est absolument ahurissant puisqu\u2019il y est demand\u00e9 \u00ab aux deux parties \u00bb de tout mettre en \u0153uvre pour calmer la situation. Ramenant encore une fois dos \u00e0 dos l\u2019agresseur isra\u00e9lien et l\u2019agress\u00e9 palestinien. A Gaza, les organisations de r\u00e9sistance Hamas et Jihad islamique d\u00e9clarent se tenir pr\u00eates aux c\u00f4t\u00e9s de la r\u00e9sistance populaire palestinienne et annoncent qu\u2019elles ne resteront pas paralys\u00e9es devant les agressions r\u00e9p\u00e9t\u00e9es contre Al Qods. A ce tableau, doit \u00eatre ajout\u00e9 une ultime provocation, d\u2019un cynisme magistral. Aujourd\u2019hui, lundi 10 mai est pour Isra\u00ebl le jour de J\u00e9rusalem c\u2019est-\u00e0-dire le jour de f\u00eate comm\u00e9morant l\u2019attaque et la prise de la ville sainte par l\u2019arm\u00e9e isra\u00e9lienne que la colonie sioniste appelle \u00ab R\u00e9unification de J\u00e9rusalem \u00bb. Il faut savoir que cette invasion de J\u00e9rusalem en 1967 s\u2019\u00e9tait accompagn\u00e9e de milliers d\u2019expulsions d\u2019habitants apr\u00e8s la destruction de leur quartier, notamment celui des Maghr\u00e9bins. En tout \u00e9tat de cause, le peuple Palestiniens n\u2019a que faire des \u00e9tats d\u2019\u00e2me des r\u00e9gimes tra\u00eetres ou stipendi\u00e9s qui lui conseillent la r\u00e9signation. Des rivages de l\u2019Atlantique \u00e0 ceux du Golfe, il compte aussi sur la solidarit\u00e9 internationale.<\/p>\n<p><a href=\"https:\/\/qgdecolonial.fr\/2021\/05\/10\/edito-17-la-palestine-compte-sur-nous-montrons-lui-quelle-compte-pour-nous\/\">Source<\/a><\/p>\n","protected":false},"excerpt":{"rendered":"<p>Depuis deux semaines environ, des \u00e9v\u00e8nements douloureux se d\u00e9roulent en Palestine ou plut\u00f4t s\u2019ajoutent \u00e0 cette longue trag\u00e9die coloniale. D\u2019une part, les Palestiniens subissent les attaques r\u00e9p\u00e9t\u00e9es des colons en armes dans le quartier de Cheikh Jarrah, \u00e0 J\u00e9rusalem-est, d\u2019autre part, depuis quelques jours aux alentours de l\u2019esplanade des mosqu\u00e9es, ces m\u00eames Palestiniens subissent les &#8230; <a title=\"La Palestine compte sur nous, montrons-lui qu\u2019elle compte pour nous\" class=\"read-more\" href=\"https:\/\/bruxelles-pantheres.be\/?p=4789\" aria-label=\"En savoir plus sur La Palestine compte sur nous, montrons-lui qu\u2019elle compte pour nous\">Lire la suite<\/a><\/p>\n","protected":false},"author":1,"featured_media":4790,"comment_status":"open","ping_status":"open","sticky":false,"template":"","format":"standard","meta":{"footnotes":""},"categories":[21,28],"tags":[186,15],"class_list":["post-4789","post","type-post","status-publish","format-standard","has-post-thumbnail","hentry","category-anti-imperialisme","category-racismes","tag-palestine","tag-resistance"],"_links":{"self":[{"href":"https:\/\/bruxelles-pantheres.be\/index.php?rest_route=\/wp\/v2\/posts\/4789","targetHints":{"allow":["GET"]}}],"collection":[{"href":"https:\/\/bruxelles-pantheres.be\/index.php?rest_route=\/wp\/v2\/posts"}],"about":[{"href":"https:\/\/bruxelles-pantheres.be\/index.php?rest_route=\/wp\/v2\/types\/post"}],"author":[{"embeddable":true,"href":"https:\/\/bruxelles-pantheres.be\/index.php?rest_route=\/wp\/v2\/users\/1"}],"replies":[{"embeddable":true,"href":"https:\/\/bruxelles-pantheres.be\/index.php?rest_route=%2Fwp%2Fv2%2Fcomments&post=4789"}],"version-history":[{"count":1,"href":"https:\/\/bruxelles-pantheres.be\/index.php?rest_route=\/wp\/v2\/posts\/4789\/revisions"}],"predecessor-version":[{"id":4791,"href":"https:\/\/bruxelles-pantheres.be\/index.php?rest_route=\/wp\/v2\/posts\/4789\/revisions\/4791"}],"wp:featuredmedia":[{"embeddable":true,"href":"https:\/\/bruxelles-pantheres.be\/index.php?rest_route=\/wp\/v2\/media\/4790"}],"wp:attachment":[{"href":"https:\/\/bruxelles-pantheres.be\/index.php?rest_route=%2Fwp%2Fv2%2Fmedia&parent=4789"}],"wp:term":[{"taxonomy":"category","embeddable":true,"href":"https:\/\/bruxelles-pantheres.be\/index.php?rest_route=%2Fwp%2Fv2%2Fcategories&post=4789"},{"taxonomy":"post_tag","embeddable":true,"href":"https:\/\/bruxelles-pantheres.be\/index.php?rest_route=%2Fwp%2Fv2%2Ftags&post=4789"}],"curies":[{"name":"wp","href":"https:\/\/api.w.org\/{rel}","templated":true}]}}